{"id":32164,"date":"2015-02-11T00:00:00","date_gmt":"2015-02-11T04:00:00","guid":{"rendered":"http:\/\/192.81.217.108\/interamerica\/2015\/02\/en-jamaique-2000-couples-adventistes-renouvellent-leurs-voeux-de-mariage\/"},"modified":"2015-02-11T00:00:00","modified_gmt":"2015-02-11T04:00:00","slug":"en-jamaique-2000-couples-adventistes-renouvellent-leurs-voeux-de-mariage","status":"publish","type":"post","link":"https:\/\/interamerica.org\/fr\/2015\/02\/en-jamaique-2000-couples-adventistes-renouvellent-leurs-voeux-de-mariage\/","title":{"rendered":"En Jama\u00efque, 2000 couples Adventistes renouvellent leurs v\u0153ux de mariage"},"content":{"rendered":"<p>10 F\u00e9vrier 2015 \u2013 Mandeville, Jama\u00efque \u2013 Nigel Coke\/Adventist Review<\/p>\n<div id=\"attachment_15136\" style=\"width: 410px\" class=\"wp-caption alignright\"><a href=\"\/interamerica\/wp-content\/uploads\/2017\/06\/JAM-couplescrowd400.png\" rel=\"fancybox\" title=\"En Jama\u00efque, 2000 couples Adventistes renouvellent leurs v\u0153ux de mariage\"><img fetchpriority=\"high\" decoding=\"async\" aria-describedby=\"caption-attachment-15136\" class=\"size-full wp-image-15136\" src=\"\/interamerica\/wp-content\/uploads\/2017\/06\/JAM-couplescrowd400.png\" alt=\"\" width=\"400\" height=\"267\" \/><\/a><p id=\"caption-attachment-15136\" class=\"wp-caption-text\">Quelques 2000 couples avaient rempli le gymnase de l\u2019Universit\u00e9 du Nord de la Cara\u00efbe \u00e0 l\u2019occasion de la conf\u00e9rence. Image de Nigel Coke\/DIA.<\/p><\/div>\n<p>2000 couples Adventistes du Septi\u00e8me Jour, un chiffre record, venus de toute la Jama\u00efque, ont renouvel\u00e9 leurs v\u0153ux de mariage lors d\u2019un rassemblement au cours duquel ils ont appris que la cl\u00e9 d\u2019un mariage r\u00e9ussi est l\u2019humilit\u00e9 et la soumission totale de son \u00eatre \u00e0 Dieu.<\/p>\n<p>Les couples, \u00e0 la fois des jeunes et des personnes plus m\u00fbres, ont form\u00e9 de longues files d\u2019attente \u00e0 l\u2019Universit\u00e9 du Nord de la Cara\u00efbe \u00e0 Mandeville en Jama\u00efque, afin de prendre part gratuitement \u00e0 la conf\u00e9rence des couples qui se tient une fois tous les cinq ans et est organis\u00e9e par l\u2019Union de F\u00e9d\u00e9rations de la Jama\u00efque.<\/p>\n<p>\u00ab Ce qui a \u00e9t\u00e9 r\u00e9alis\u00e9 ici aujourd\u2019hui, avec pr\u00e8s de 2000 couples ayant pris part \u00e0 cette convention, est une v\u00e9ritable d\u00e9claration \u00e0 notre nation affirmant que cette \u00e9glise croit encore que le mariage doit se contracter entre un homme et une femme conform\u00e9ment \u00e0 la volont\u00e9 de Dieu, \u00bb a dit \u00e0 l\u2019auditoire le tr\u00e9sorier de l\u2019union, Bancroft Barwise alors que le programme du 7 f\u00e9vrier tirait \u00e0 sa fin.<\/p>\n<p>De moins en moins de couples se marient chaque ann\u00e9e en Jama\u00efque alors que le taux de divorce est pass\u00e9 de 11 pourcent en 2010 \u00e0 13 pourcent en 2013, d\u2019apr\u00e8s les derniers chiffres disponibles \u00e0 l\u2019Institut Statistique de la Jama\u00efque.<\/p>\n<div id=\"attachment_15137\" style=\"width: 240px\" class=\"wp-caption alignleft\"><a href=\"\/interamerica\/wp-content\/uploads\/2017\/06\/Oliver-awc.png\" rel=\"fancybox\" title=\"En Jama\u00efque, 2000 couples Adventistes renouvellent leurs v\u0153ux de mariage\"><img decoding=\"async\" aria-describedby=\"caption-attachment-15137\" class=\"size-full wp-image-15137\" src=\"\/interamerica\/wp-content\/uploads\/2017\/06\/Oliver-awc.png\" alt=\"\" width=\"230\" height=\"344\" \/><\/a><p id=\"caption-attachment-15137\" class=\"wp-caption-text\">Willie et Elaine Oliver, directeurs du d\u00e9partement des Minist\u00e8res de la Famille pour l\u2019Eglise Adventiste mondiale, lors de leur intervention \u00e0 la conf\u00e9rence \u00ab Voyage Vers l\u2019Intimit\u00e9. \u00bb<\/p><\/div>\n<p>La plus importante voie menant \u00e0 un mariage meilleur consiste pour le couple \u00e0 \u00eatre doux et aimant, humble et pr\u00eat \u00e0 pardonner, ont dit les intervenants Willie et Elaine Oliver qui eux sont mari\u00e9s depuis plus de 30 ans.<\/p>\n<p>\u00ab L\u2019ingr\u00e9dient le plus important est la soumission : se soumettre \u00e0 Dieu et s\u2019abandonner soi m\u00eame, \u00bb a dit Elaine Oliver qui, avec son mari, codirige le d\u00e9partement des Minist\u00e8res de la Famille de l\u2019Eglise Adventiste mondiale.<\/p>\n<p>\u00ab Le mariage est une chose difficile, \u00bb a t-elle dit. \u00ab Il faut y travailler dur, et si je peux pr\u00eater plus attention \u00e0 l\u2019autre personne qu\u2019\u00e0 moi m\u00eame \u2013 ce qui va totalement \u00e0 contre courant de la culture parce que nous vivons dans un monde individualiste \u2013 alors nous pouvons avoir un mariage heureux. \u00bb<\/p>\n<p>Willie Oliver a soulign\u00e9 la n\u00e9cessit\u00e9 de faire preuve d\u2019humilit\u00e9.<\/p>\n<p>Lorsque nous sommes humbles, nous reconnaitrons que nous avons fait une erreur et il n\u2019y a aucun probl\u00e8me \u00e0 demander pardon et \u00e0 s\u2019excuser, \u00bb a t-il dit. Mais les gens sont parfois trop fiers pour dire : \u2018je suis d\u00e9sol\u00e9,\u2019 et comme le disait Salomon, l\u2019homme sage, \u2018l\u2019orgueil pr\u00e9c\u00e8de la chute.\u2019 Donc si nous voulons demeurer forts dans notre mariage, il nous faut \u00eatre humbles. \u00bb<\/p>\n<p>Chaque couple a re\u00e7u un manuel de 21 pages, \u00ab Voyage Vers l\u2019Intimit\u00e9, \u00bb \u00e9crit par les Oliver, le livre est rempli d\u2019informations pratiques sur la vie conjugale tir\u00e9es de la Bible et des \u00e9crits de la cofondatrice de l\u2019Eglise Adventiste, Ellen G. White.<\/p>\n<p>Parmi les questions pos\u00e9es figure celle ci: \u00ab qu&rsquo;\u00e0 dit J\u00e9sus au sujet de l&rsquo;engagement dans le mariage? \u00bb La r\u00e9ponse se trouve dans Matthieu 19 : 3-6 : \u00ab Les pharisiens l&rsquo;abord\u00e8rent, et dirent, pour l&rsquo;\u00e9prouver: Est-il permis \u00e0 un homme de r\u00e9pudier sa femme pour un motif quelconque? Il r\u00e9pondit : N&rsquo;avez-vous pas lu que le cr\u00e9ateur, au commencement, fit l&rsquo;homme et la femme et qu&rsquo;il dit: C&rsquo;est pourquoi l&rsquo;homme quittera son p\u00e8re et sa m\u00e8re, et s&rsquo;attachera \u00e0 sa femme, et les deux deviendront une seule chair? Ainsi ils ne sont plus deux, mais ils sont une seule chair. Que l&rsquo;homme donc ne s\u00e9pare pas ce que Dieu a joint. \u00bb<\/p>\n<div id=\"attachment_15139\" style=\"width: 310px\" class=\"wp-caption alignright\"><a href=\"\/interamerica\/wp-content\/uploads\/2017\/06\/Jam-couple4001.png\" rel=\"fancybox\" title=\"En Jama\u00efque, 2000 couples Adventistes renouvellent leurs v\u0153ux de mariage\"><img decoding=\"async\" aria-describedby=\"caption-attachment-15139\" class=\"size-medium wp-image-15139\" src=\"\/interamerica\/wp-content\/uploads\/2017\/06\/Jam-couple4001-300x200.png\" alt=\"\" width=\"300\" height=\"200\" \/><\/a><p id=\"caption-attachment-15139\" class=\"wp-caption-text\">Errol et Paula Holmes font l&rsquo;un des exercices auxquels les couples ont du se soumettre lors de la convention des couples \u00ab Voyage Vers l&rsquo;Intimit\u00e9. \u00bb<\/p><\/div>\n<p>Dans une section consacr\u00e9e \u00e0 l&rsquo;engagement \u00e0 l&rsquo;intimit\u00e9, le manuel cite Ellen White dans Happiness Homemade (le Bonheur au Foyer) page 24 : \u00ab D\u00e9terminez d\u2019\u00eatre tout ce que vous pouvez \u00eatre pour l\u2019autre. Continuez d\u2019avoir les m\u00eames attentions qu\u2019au d\u00e9but. Encouragez l\u2019autre de toutes les mani\u00e8res possibles dans les batailles de la vie\u2026Qu\u2019il y ait de l\u2019amour r\u00e9ciproque, de la tol\u00e9rance mutuelle. Alors, au lieu d\u2019\u00eatre la fin de l\u2019amour, le mariage n\u2019en sera que le commencement. \u00bb<\/p>\n<p>Les couples ont pris des pauses de cinq \u00e0 dix minutes au cours de la conf\u00e9rence afin de discuter \u00e0 propos de leurs mariages et ensuite \u00e9tablir une liste de moyens pouvant am\u00e9liorer leurs relations.<\/p>\n<p>Cinq couples, un de chacune des cinq f\u00e9d\u00e9rations que compte la Jama\u00efque, ont \u00e9t\u00e9 s\u00e9lectionn\u00e9s au hasard et ont re\u00e7u comme prix un weekend pour deux dans un h\u00f4tel.<br \/>\nLes participants Errol et Val\u00e9rie Vaz, mari\u00e9s depuis 35 ans, ont indiqu\u00e9 avoir rempli le manuel et \u00eatre impatients de mettre en pratique leurs nouvelles id\u00e9es.<\/p>\n<p>\u00ab Il y a certains domaines qui ont fait l\u2019objet de discussions aujourd\u2019hui et sur lesquels il nous faut nous remettre \u00e0 niveau, et nous avons \u00e9tabli notre liste indiquant la mani\u00e8re dont nous allons nous y prendre, \u00bb a dit Errol Vaz.<\/p>\n<p>Traduction: Patrick Luciathe<\/p>\n","protected":false},"excerpt":{"rendered":"<p>2000 couples Adventistes du Septi\u00e8me Jour, un chiffre record, venus de toute la Jama\u00efque, ont renouvel\u00e9 leurs v\u0153ux de mariage lors d\u2019un rassemblement au cours duquel ils ont appris que la cl\u00e9 d\u2019un mariage r\u00e9ussi est l\u2019humilit\u00e9 et la soumission totale de son \u00eatre \u00e0 Dieu.  <\/p>\n<p>Les couples, \u00e0 la fois des jeunes et des personnes plus m\u00fbres, ont form\u00e9 de longues files d\u2019attente \u00e0 l\u2019Universit\u00e9 du Nord de la Cara\u00efbe \u00e0 Mandeville en Jama\u00efque, afin de prendre part  gratuitement \u00e0 la conf\u00e9rence des couples qui se tient une fois tous les cinq ans et est organis\u00e9e par l\u2019Union de F\u00e9d\u00e9rations de la Jama\u00efque.<\/p>\n","protected":false},"author":1,"featured_media":24399,"comment_status":"closed","ping_status":"closed","sticky":false,"template":"","format":"standard","meta":{"_acf_changed":false,"footnotes":""},"categories":[21,19],"tags":[],"class_list":["post-32164","post","type-post","status-publish","format-standard","has-post-thumbnail","hentry","category-nouvelles-du-territoire","category-rss-francais"],"acf":[],"yoast_head":"<!-- This site is optimized with the Yoast SEO plugin v27.3 - https:\/\/yoast.com\/product\/yoast-seo-wordpress\/ -->\n<title>En Jama\u00efque, 2000 couples Adventistes renouvellent leurs v\u0153ux de mariage - \u00c9glise Adventiste Du Septieme Jour - Inter Am\u00e9rique Division<\/title>\n<meta name=\"robots\" content=\"index, follow, max-snippet:-1, max-image-preview:large, max-video-preview:-1\" \/>\n<link rel=\"canonical\" href=\"https:\/\/interamerica.org\/fr\/2015\/02\/en-jamaique-2000-couples-adventistes-renouvellent-leurs-voeux-de-mariage\/\" \/>\n<meta property=\"og:locale\" content=\"fr_FR\" \/>\n<meta property=\"og:type\" content=\"article\" \/>\n<meta property=\"og:title\" content=\"En Jama\u00efque, 2000 couples Adventistes renouvellent leurs v\u0153ux de mariage - \u00c9glise Adventiste Du Septieme Jour - Inter Am\u00e9rique Division\" \/>\n<meta property=\"og:description\" content=\"2000 couples Adventistes du Septi\u00e8me Jour, un chiffre record, venus de toute la Jama\u00efque, ont renouvel\u00e9 leurs v\u0153ux de mariage lors d\u2019un rassemblement au cours duquel ils ont appris que la cl\u00e9 d\u2019un mariage r\u00e9ussi est l\u2019humilit\u00e9 et la soumission totale de son \u00eatre \u00e0 Dieu.  Les couples, \u00e0 la fois des jeunes et des personnes plus m\u00fbres, ont form\u00e9 de longues files d\u2019attente \u00e0 l\u2019Universit\u00e9 du Nord de la Cara\u00efbe \u00e0 Mandeville en Jama\u00efque, afin de prendre part gratuitement \u00e0 la conf\u00e9rence des couples qui se tient une fois tous les cinq ans et est organis\u00e9e par l\u2019Union de F\u00e9d\u00e9rations de la Jama\u00efque.\" \/>\n<meta property=\"og:url\" content=\"https:\/\/interamerica.org\/fr\/2015\/02\/en-jamaique-2000-couples-adventistes-renouvellent-leurs-voeux-de-mariage\/\" \/>\n<meta property=\"og:site_name\" content=\"\u00c9glise Adventiste Du Septieme Jour - Inter Am\u00e9rique Division\" \/>\n<meta property=\"article:published_time\" content=\"2015-02-11T04:00:00+00:00\" \/>\n<meta property=\"og:image\" content=\"https:\/\/interamerica.org\/wp-content\/uploads\/2017\/06\/Jam-couple4001.png\" \/>\n\t<meta property=\"og:image:width\" content=\"400\" \/>\n\t<meta property=\"og:image:height\" content=\"267\" \/>\n\t<meta property=\"og:image:type\" content=\"image\/png\" \/>\n<meta name=\"author\" content=\"Lorenzo Verduzco\" \/>\n<meta name=\"twitter:card\" content=\"summary_large_image\" \/>\n<meta name=\"twitter:label1\" content=\"\u00c9crit par\" \/>\n\t<meta name=\"twitter:data1\" content=\"Lorenzo Verduzco\" \/>\n\t<meta name=\"twitter:label2\" content=\"Dur\u00e9e de lecture estim\u00e9e\" \/>\n\t<meta name=\"twitter:data2\" content=\"5 minutes\" \/>\n<script type=\"application\/ld+json\" class=\"yoast-schema-graph\">{\"@context\":\"https:\\\/\\\/schema.org\",\"@graph\":[{\"@type\":\"Article\",\"@id\":\"https:\\\/\\\/interamerica.org\\\/fr\\\/2015\\\/02\\\/en-jamaique-2000-couples-adventistes-renouvellent-leurs-voeux-de-mariage\\\/#article\",\"isPartOf\":{\"@id\":\"https:\\\/\\\/interamerica.org\\\/fr\\\/2015\\\/02\\\/en-jamaique-2000-couples-adventistes-renouvellent-leurs-voeux-de-mariage\\\/\"},\"author\":{\"name\":\"Lorenzo Verduzco\",\"@id\":\"https:\\\/\\\/interamerica.org\\\/fr\\\/#\\\/schema\\\/person\\\/68ede8bdc292885bb76c1e3810e73c39\"},\"headline\":\"En Jama\u00efque, 2000 couples Adventistes renouvellent leurs v\u0153ux de mariage\",\"datePublished\":\"2015-02-11T04:00:00+00:00\",\"mainEntityOfPage\":{\"@id\":\"https:\\\/\\\/interamerica.org\\\/fr\\\/2015\\\/02\\\/en-jamaique-2000-couples-adventistes-renouvellent-leurs-voeux-de-mariage\\\/\"},\"wordCount\":975,\"image\":{\"@id\":\"https:\\\/\\\/interamerica.org\\\/fr\\\/2015\\\/02\\\/en-jamaique-2000-couples-adventistes-renouvellent-leurs-voeux-de-mariage\\\/#primaryimage\"},\"thumbnailUrl\":\"https:\\\/\\\/interamerica.org\\\/wp-content\\\/uploads\\\/2017\\\/06\\\/Jam-couple4001.png\",\"articleSection\":[\"Nouvelles du territoire\",\"RSS Fran\u00e7ais\"],\"inLanguage\":\"fr-FR\"},{\"@type\":\"WebPage\",\"@id\":\"https:\\\/\\\/interamerica.org\\\/fr\\\/2015\\\/02\\\/en-jamaique-2000-couples-adventistes-renouvellent-leurs-voeux-de-mariage\\\/\",\"url\":\"https:\\\/\\\/interamerica.org\\\/fr\\\/2015\\\/02\\\/en-jamaique-2000-couples-adventistes-renouvellent-leurs-voeux-de-mariage\\\/\",\"name\":\"En Jama\u00efque, 2000 couples Adventistes renouvellent leurs v\u0153ux de mariage - \u00c9glise Adventiste Du Septieme Jour - Inter Am\u00e9rique Division\",\"isPartOf\":{\"@id\":\"https:\\\/\\\/interamerica.org\\\/fr\\\/#website\"},\"primaryImageOfPage\":{\"@id\":\"https:\\\/\\\/interamerica.org\\\/fr\\\/2015\\\/02\\\/en-jamaique-2000-couples-adventistes-renouvellent-leurs-voeux-de-mariage\\\/#primaryimage\"},\"image\":{\"@id\":\"https:\\\/\\\/interamerica.org\\\/fr\\\/2015\\\/02\\\/en-jamaique-2000-couples-adventistes-renouvellent-leurs-voeux-de-mariage\\\/#primaryimage\"},\"thumbnailUrl\":\"https:\\\/\\\/interamerica.org\\\/wp-content\\\/uploads\\\/2017\\\/06\\\/Jam-couple4001.png\",\"datePublished\":\"2015-02-11T04:00:00+00:00\",\"author\":{\"@id\":\"https:\\\/\\\/interamerica.org\\\/fr\\\/#\\\/schema\\\/person\\\/68ede8bdc292885bb76c1e3810e73c39\"},\"breadcrumb\":{\"@id\":\"https:\\\/\\\/interamerica.org\\\/fr\\\/2015\\\/02\\\/en-jamaique-2000-couples-adventistes-renouvellent-leurs-voeux-de-mariage\\\/#breadcrumb\"},\"inLanguage\":\"fr-FR\",\"potentialAction\":[{\"@type\":\"ReadAction\",\"target\":[\"https:\\\/\\\/interamerica.org\\\/fr\\\/2015\\\/02\\\/en-jamaique-2000-couples-adventistes-renouvellent-leurs-voeux-de-mariage\\\/\"]}]},{\"@type\":\"ImageObject\",\"inLanguage\":\"fr-FR\",\"@id\":\"https:\\\/\\\/interamerica.org\\\/fr\\\/2015\\\/02\\\/en-jamaique-2000-couples-adventistes-renouvellent-leurs-voeux-de-mariage\\\/#primaryimage\",\"url\":\"https:\\\/\\\/interamerica.org\\\/wp-content\\\/uploads\\\/2017\\\/06\\\/Jam-couple4001.png\",\"contentUrl\":\"https:\\\/\\\/interamerica.org\\\/wp-content\\\/uploads\\\/2017\\\/06\\\/Jam-couple4001.png\",\"width\":400,\"height\":267},{\"@type\":\"BreadcrumbList\",\"@id\":\"https:\\\/\\\/interamerica.org\\\/fr\\\/2015\\\/02\\\/en-jamaique-2000-couples-adventistes-renouvellent-leurs-voeux-de-mariage\\\/#breadcrumb\",\"itemListElement\":[{\"@type\":\"ListItem\",\"position\":1,\"name\":\"Home\",\"item\":\"https:\\\/\\\/interamerica.org\\\/fr\\\/\"},{\"@type\":\"ListItem\",\"position\":2,\"name\":\"En Jama\u00efque, 2000 couples Adventistes renouvellent leurs v\u0153ux de mariage\"}]},{\"@type\":\"WebSite\",\"@id\":\"https:\\\/\\\/interamerica.org\\\/fr\\\/#website\",\"url\":\"https:\\\/\\\/interamerica.org\\\/fr\\\/\",\"name\":\"\u00c9glise Adventiste Du Septieme Jour - Inter Am\u00e9rique Division\",\"description\":\"\",\"potentialAction\":[{\"@type\":\"SearchAction\",\"target\":{\"@type\":\"EntryPoint\",\"urlTemplate\":\"https:\\\/\\\/interamerica.org\\\/fr\\\/?s={search_term_string}\"},\"query-input\":{\"@type\":\"PropertyValueSpecification\",\"valueRequired\":true,\"valueName\":\"search_term_string\"}}],\"inLanguage\":\"fr-FR\"},{\"@type\":\"Person\",\"@id\":\"https:\\\/\\\/interamerica.org\\\/fr\\\/#\\\/schema\\\/person\\\/68ede8bdc292885bb76c1e3810e73c39\",\"name\":\"Lorenzo Verduzco\",\"image\":{\"@type\":\"ImageObject\",\"inLanguage\":\"fr-FR\",\"@id\":\"https:\\\/\\\/secure.gravatar.com\\\/avatar\\\/fb81a55b6218459490a9c1dc841a34909185b81904c5337b4b27f7a6fd60c49e?s=96&d=mm&r=g\",\"url\":\"https:\\\/\\\/secure.gravatar.com\\\/avatar\\\/fb81a55b6218459490a9c1dc841a34909185b81904c5337b4b27f7a6fd60c49e?s=96&d=mm&r=g\",\"contentUrl\":\"https:\\\/\\\/secure.gravatar.com\\\/avatar\\\/fb81a55b6218459490a9c1dc841a34909185b81904c5337b4b27f7a6fd60c49e?s=96&d=mm&r=g\",\"caption\":\"Lorenzo Verduzco\"}}]}<\/script>\n<!-- \/ Yoast SEO plugin. -->","yoast_head_json":{"title":"En Jama\u00efque, 2000 couples Adventistes renouvellent leurs v\u0153ux de mariage - \u00c9glise Adventiste Du Septieme Jour - Inter Am\u00e9rique Division","robots":{"index":"index","follow":"follow","max-snippet":"max-snippet:-1","max-image-preview":"max-image-preview:large","max-video-preview":"max-video-preview:-1"},"canonical":"https:\/\/interamerica.org\/fr\/2015\/02\/en-jamaique-2000-couples-adventistes-renouvellent-leurs-voeux-de-mariage\/","og_locale":"fr_FR","og_type":"article","og_title":"En Jama\u00efque, 2000 couples Adventistes renouvellent leurs v\u0153ux de mariage - \u00c9glise Adventiste Du Septieme Jour - Inter Am\u00e9rique Division","og_description":"2000 couples Adventistes du Septi\u00e8me Jour, un chiffre record, venus de toute la Jama\u00efque, ont renouvel\u00e9 leurs v\u0153ux de mariage lors d\u2019un rassemblement au cours duquel ils ont appris que la cl\u00e9 d\u2019un mariage r\u00e9ussi est l\u2019humilit\u00e9 et la soumission totale de son \u00eatre \u00e0 Dieu.  Les couples, \u00e0 la fois des jeunes et des personnes plus m\u00fbres, ont form\u00e9 de longues files d\u2019attente \u00e0 l\u2019Universit\u00e9 du Nord de la Cara\u00efbe \u00e0 Mandeville en Jama\u00efque, afin de prendre part gratuitement \u00e0 la conf\u00e9rence des couples qui se tient une fois tous les cinq ans et est organis\u00e9e par l\u2019Union de F\u00e9d\u00e9rations de la Jama\u00efque.","og_url":"https:\/\/interamerica.org\/fr\/2015\/02\/en-jamaique-2000-couples-adventistes-renouvellent-leurs-voeux-de-mariage\/","og_site_name":"\u00c9glise Adventiste Du Septieme Jour - Inter Am\u00e9rique Division","article_published_time":"2015-02-11T04:00:00+00:00","og_image":[{"width":400,"height":267,"url":"https:\/\/interamerica.org\/wp-content\/uploads\/2017\/06\/Jam-couple4001.png","type":"image\/png"}],"author":"Lorenzo Verduzco","twitter_card":"summary_large_image","twitter_misc":{"\u00c9crit par":"Lorenzo Verduzco","Dur\u00e9e de lecture estim\u00e9e":"5 minutes"},"schema":{"@context":"https:\/\/schema.org","@graph":[{"@type":"Article","@id":"https:\/\/interamerica.org\/fr\/2015\/02\/en-jamaique-2000-couples-adventistes-renouvellent-leurs-voeux-de-mariage\/#article","isPartOf":{"@id":"https:\/\/interamerica.org\/fr\/2015\/02\/en-jamaique-2000-couples-adventistes-renouvellent-leurs-voeux-de-mariage\/"},"author":{"name":"Lorenzo Verduzco","@id":"https:\/\/interamerica.org\/fr\/#\/schema\/person\/68ede8bdc292885bb76c1e3810e73c39"},"headline":"En Jama\u00efque, 2000 couples Adventistes renouvellent leurs v\u0153ux de mariage","datePublished":"2015-02-11T04:00:00+00:00","mainEntityOfPage":{"@id":"https:\/\/interamerica.org\/fr\/2015\/02\/en-jamaique-2000-couples-adventistes-renouvellent-leurs-voeux-de-mariage\/"},"wordCount":975,"image":{"@id":"https:\/\/interamerica.org\/fr\/2015\/02\/en-jamaique-2000-couples-adventistes-renouvellent-leurs-voeux-de-mariage\/#primaryimage"},"thumbnailUrl":"https:\/\/interamerica.org\/wp-content\/uploads\/2017\/06\/Jam-couple4001.png","articleSection":["Nouvelles du territoire","RSS Fran\u00e7ais"],"inLanguage":"fr-FR"},{"@type":"WebPage","@id":"https:\/\/interamerica.org\/fr\/2015\/02\/en-jamaique-2000-couples-adventistes-renouvellent-leurs-voeux-de-mariage\/","url":"https:\/\/interamerica.org\/fr\/2015\/02\/en-jamaique-2000-couples-adventistes-renouvellent-leurs-voeux-de-mariage\/","name":"En Jama\u00efque, 2000 couples Adventistes renouvellent leurs v\u0153ux de mariage - \u00c9glise Adventiste Du Septieme Jour - Inter Am\u00e9rique Division","isPartOf":{"@id":"https:\/\/interamerica.org\/fr\/#website"},"primaryImageOfPage":{"@id":"https:\/\/interamerica.org\/fr\/2015\/02\/en-jamaique-2000-couples-adventistes-renouvellent-leurs-voeux-de-mariage\/#primaryimage"},"image":{"@id":"https:\/\/interamerica.org\/fr\/2015\/02\/en-jamaique-2000-couples-adventistes-renouvellent-leurs-voeux-de-mariage\/#primaryimage"},"thumbnailUrl":"https:\/\/interamerica.org\/wp-content\/uploads\/2017\/06\/Jam-couple4001.png","datePublished":"2015-02-11T04:00:00+00:00","author":{"@id":"https:\/\/interamerica.org\/fr\/#\/schema\/person\/68ede8bdc292885bb76c1e3810e73c39"},"breadcrumb":{"@id":"https:\/\/interamerica.org\/fr\/2015\/02\/en-jamaique-2000-couples-adventistes-renouvellent-leurs-voeux-de-mariage\/#breadcrumb"},"inLanguage":"fr-FR","potentialAction":[{"@type":"ReadAction","target":["https:\/\/interamerica.org\/fr\/2015\/02\/en-jamaique-2000-couples-adventistes-renouvellent-leurs-voeux-de-mariage\/"]}]},{"@type":"ImageObject","inLanguage":"fr-FR","@id":"https:\/\/interamerica.org\/fr\/2015\/02\/en-jamaique-2000-couples-adventistes-renouvellent-leurs-voeux-de-mariage\/#primaryimage","url":"https:\/\/interamerica.org\/wp-content\/uploads\/2017\/06\/Jam-couple4001.png","contentUrl":"https:\/\/interamerica.org\/wp-content\/uploads\/2017\/06\/Jam-couple4001.png","width":400,"height":267},{"@type":"BreadcrumbList","@id":"https:\/\/interamerica.org\/fr\/2015\/02\/en-jamaique-2000-couples-adventistes-renouvellent-leurs-voeux-de-mariage\/#breadcrumb","itemListElement":[{"@type":"ListItem","position":1,"name":"Home","item":"https:\/\/interamerica.org\/fr\/"},{"@type":"ListItem","position":2,"name":"En Jama\u00efque, 2000 couples Adventistes renouvellent leurs v\u0153ux de mariage"}]},{"@type":"WebSite","@id":"https:\/\/interamerica.org\/fr\/#website","url":"https:\/\/interamerica.org\/fr\/","name":"\u00c9glise Adventiste Du Septieme Jour - Inter Am\u00e9rique Division","description":"","potentialAction":[{"@type":"SearchAction","target":{"@type":"EntryPoint","urlTemplate":"https:\/\/interamerica.org\/fr\/?s={search_term_string}"},"query-input":{"@type":"PropertyValueSpecification","valueRequired":true,"valueName":"search_term_string"}}],"inLanguage":"fr-FR"},{"@type":"Person","@id":"https:\/\/interamerica.org\/fr\/#\/schema\/person\/68ede8bdc292885bb76c1e3810e73c39","name":"Lorenzo Verduzco","image":{"@type":"ImageObject","inLanguage":"fr-FR","@id":"https:\/\/secure.gravatar.com\/avatar\/fb81a55b6218459490a9c1dc841a34909185b81904c5337b4b27f7a6fd60c49e?s=96&d=mm&r=g","url":"https:\/\/secure.gravatar.com\/avatar\/fb81a55b6218459490a9c1dc841a34909185b81904c5337b4b27f7a6fd60c49e?s=96&d=mm&r=g","contentUrl":"https:\/\/secure.gravatar.com\/avatar\/fb81a55b6218459490a9c1dc841a34909185b81904c5337b4b27f7a6fd60c49e?s=96&d=mm&r=g","caption":"Lorenzo Verduzco"}}]}},"_links":{"self":[{"href":"https:\/\/interamerica.org\/fr\/wp-json\/wp\/v2\/posts\/32164","targetHints":{"allow":["GET"]}}],"collection":[{"href":"https:\/\/interamerica.org\/fr\/wp-json\/wp\/v2\/posts"}],"about":[{"href":"https:\/\/interamerica.org\/fr\/wp-json\/wp\/v2\/types\/post"}],"author":[{"embeddable":true,"href":"https:\/\/interamerica.org\/fr\/wp-json\/wp\/v2\/users\/1"}],"replies":[{"embeddable":true,"href":"https:\/\/interamerica.org\/fr\/wp-json\/wp\/v2\/comments?post=32164"}],"version-history":[{"count":0,"href":"https:\/\/interamerica.org\/fr\/wp-json\/wp\/v2\/posts\/32164\/revisions"}],"wp:featuredmedia":[{"embeddable":true,"href":"https:\/\/interamerica.org\/fr\/wp-json\/wp\/v2\/media\/24399"}],"wp:attachment":[{"href":"https:\/\/interamerica.org\/fr\/wp-json\/wp\/v2\/media?parent=32164"}],"wp:term":[{"taxonomy":"category","embeddable":true,"href":"https:\/\/interamerica.org\/fr\/wp-json\/wp\/v2\/categories?post=32164"},{"taxonomy":"post_tag","embeddable":true,"href":"https:\/\/interamerica.org\/fr\/wp-json\/wp\/v2\/tags?post=32164"}],"curies":[{"name":"wp","href":"https:\/\/api.w.org\/{rel}","templated":true}]}}