{"id":32166,"date":"2015-02-11T00:00:00","date_gmt":"2015-02-11T04:00:00","guid":{"rendered":"http:\/\/192.81.217.108\/interamerica\/2015\/02\/les-adventistes-remuent-lafrique-pour-christ-avec-2309-baptemes-dans-locean-indien\/"},"modified":"2015-02-11T00:00:00","modified_gmt":"2015-02-11T04:00:00","slug":"les-adventistes-remuent-lafrique-pour-christ-avec-2309-baptemes-dans-locean-indien","status":"publish","type":"post","link":"https:\/\/interamerica.org\/fr\/2015\/02\/les-adventistes-remuent-lafrique-pour-christ-avec-2309-baptemes-dans-locean-indien\/","title":{"rendered":"Les Adventistes \u00ab Remuent l\u2019Afrique pour Christ \u00bb avec 2309 bapt\u00eames dans l\u2019Oc\u00e9an Indien."},"content":{"rendered":"<div id=\"attachment_15157\" style=\"width: 410px\" class=\"wp-caption alignright\"><a href=\"\/interamerica\/wp-content\/uploads\/2017\/06\/csm_tanz-bap-web_45c420966e.jpg\" rel=\"fancybox\" title=\"Les Adventistes \u00ab Remuent l\u2019Afrique pour Christ \u00bb avec 2309 bapt\u00eames dans l\u2019Oc\u00e9an Indien.\"><img fetchpriority=\"high\" decoding=\"async\" aria-describedby=\"caption-attachment-15157\" class=\"size-full wp-image-15157 \" src=\"\/interamerica\/wp-content\/uploads\/2017\/06\/csm_tanz-bap-web_45c420966e.jpg\" alt=\"\" width=\"400\" height=\"186\" \/><\/a><p id=\"caption-attachment-15157\" class=\"wp-caption-text\">Les pasteurs se rassemblent dans l\u2019eau apr\u00e8s avoir baptis\u00e9 2309 personnes dans l\u2019Oc\u00e9an Indien \u00e0 Dar es Salaam en Tanzanie ce samedi 7 f\u00e9vier.<\/p><\/div>\n<p>11 F\u00e9vrier 2015 \u2013 Silver Spring, Maryland, Etats Unis \u2013 Andrew McChesney\/Adventist Review<\/p>\n<p>Des milliers de personnes se sont jointes \u00e0 l\u2019Eglise Adventiste du Septi\u00e8me Jour dans toute l\u2019Afrique de l\u2019Est dont 2309 lors d\u2019un bapt\u00eame de masse qui a eu lieu dans l\u2019oc\u00e9an Indien apr\u00e8s trois semaines de r\u00e9unions d\u2019\u00e9vang\u00e9lisation.<\/p>\n<p>Les bapt\u00eames qui ont eu lieu le samedi 7 f\u00e9vier ont couronn\u00e9 les rencontres d\u2019\u00e9vang\u00e9lisation qui avaient lieu dans plusieurs sites, dont 100 environ dans la capitale Tanzanienne, Dar es Salaam.<\/p>\n<p>Afin de c\u00e9l\u00e9brer l\u2019\u00e9v\u00e8nement, 40000 personnes venant de 11 pays de la Division de l\u2019Afrique du Centre-Est ont rempli un stade \u00e0 Dar es Salaam pour une apoth\u00e9ose baptis\u00e9e \u00ab Mission Extravaganza. \u00bb Deux cents bus pour le Kenya uniquement ont transport\u00e9 les membres d\u2019\u00e9glise sur le site du programme.<\/p>\n<p>On n\u2019a pas pu savoir imm\u00e9diatement le nombre de personnes qui ont \u00e9t\u00e9 baptis\u00e9es dans l\u2019ensemble de la division qui a massivement utilis\u00e9 la t\u00e9l\u00e9vision et la radio dans sa campagne d\u2019\u00e9vang\u00e9lisation qui s\u2019est d\u00e9roul\u00e9e du 10 au 31 janvier. Geoffrey Mbwana, vice-pr\u00e9sident de la Conf\u00e9rence G\u00e9n\u00e9rale et natif de la Tanzanie, a tenu les principales rencontres qui ont \u00e9t\u00e9 retransmises \u00e0 la t\u00e9l\u00e9vision.<\/p>\n<p>Le leader de l\u2019Eglise Adventiste, Ted N.C. Wilson, qui effectue en ce moment une visite dans sept pays, a pris la parole lors du dernier jour de la campagne et a invit\u00e9 les membres d\u2019\u00e9glise \u00e0 \u00ab Remuer l\u2019Afrique pour Christ. \u00bb<\/p>\n<p>Ted Wilson, qui par la suite a rencontr\u00e9 le pr\u00e9sident ainsi que d\u2019autres hauts responsables gouvernementaux de la Tanzanie, a exprim\u00e9 son \u00e9merveillement lors du bapt\u00eame massif qui a eu lieu t\u00f4t sabbat matin.<\/p>\n<p>\u00ab Quelle image magnifique ! Une merveilleuse b\u00e9n\u00e9diction venant de Dieu ! \u00bb a t-il \u00e9crit dans un e-mail.<\/p>\n<p>Les membres nouvellement baptis\u00e9s sont all\u00e9s directement de la plage au Stade National pour les services d\u2019adoration.<\/p>\n<p>Ted Wilson, qui a pris la chaire pour pr\u00eacher, a invit\u00e9 l\u2019auditoire \u00e0 partager dans leurs communaut\u00e9s propres la nouvelle du prochain retour de J\u00e9sus.<\/p>\n<p>\u00ab Dieu vous appelle \u00e0 remuer l\u2019Afrique pour Christ ! \u00bb a dit Ted Wilson. \u00ab Soyez en connexion et en communion avec Lui chaque jour en \u00e9tant raviv\u00e9s et r\u00e9form\u00e9s en Lui \u00e0 chaque moment de votre vie. \u00bb<\/p>\n<p>Plusieurs des 40000 participants ont accept\u00e9 de relever le d\u00e9fi, et ils se sont s\u00e9par\u00e9s en petits groupes \u00e0 la fin du sermon pour prier pour la puissance du Saint Esprit afin de proclamer le message de la Venue de J\u00e9sus dans leurs territoires.<\/p>\n<p>Plus tard, Ted Wilson a \u00e9t\u00e9 rejoint sur l\u2019estrade par le Ministre des Affaires Etrang\u00e8res, Bernard Membe ainsi que le Ministre de l\u2019Agriculture Stephen Wasira qui est un Adventiste.<\/p>\n<p>Bernard Membe, qui a parl\u00e9 tr\u00e8s positivement de l\u2019Eglise Adventiste dans son discours, a tweet\u00e9 deux photos de lui sur l\u2019estrade et a \u00e9crit qu\u2019il se sentait rempli d\u2019humilit\u00e9 \u00e0 l\u2019id\u00e9e de s\u2019adresser \u00e0 la foule.<\/p>\n<p>Le pr\u00e9sident Jakaya Kikwete a accueilli Ted Wilson ainsi qu\u2019une d\u00e9l\u00e9gation Adventiste dans sa r\u00e9sidence officielle, la Maison d\u2019Etat, pour un diner.<\/p>\n<p>Pasteur Wilson, qui a qualifi\u00e9 la rencontre de \u00ab tr\u00e8s utile, \u00bb a fait remarquer que le pr\u00e9sident Kikwete a jou\u00e9 un r\u00f4le important dans la pr\u00e9servation de la paix en Tanzanie et a aid\u00e9 \u00e0 la r\u00e9solution de conflits en C\u00f4te d\u2019Ivoire, au Burundi et au Kenya.<\/p>\n<p>\u00ab Il a une bonne connaissance de l\u2019Eglise Adventiste du Septi\u00e8me Jour et tr\u00e8s gracieux, \u00bb a dit Ted Wilson.<\/p>\n<p>Le programme Mission Extravaganza s\u2019est ouvert officiellement vendredi au Stade National avec une parade \u00e0 laquelle ont pris part des milliers de personnes, y compris des Eclaireurs, des repr\u00e9sentantes du Minist\u00e8re de la Femme, des employ\u00e9s du domaine de la sant\u00e9, des pasteurs et des colporteurs.<\/p>\n<p>Blasious Ruguri, pr\u00e9sident de la Division de l\u2019Afrique du Centre-Est a pr\u00e9sent\u00e9 l\u2019allocution d\u2019ouverture, qui a \u00e9t\u00e9 suivie de pr\u00e9sentations faites par une s\u00e9rie d\u2019officiers de la Conf\u00e9rence G\u00e9n\u00e9rale parmi lesquels on pouvait compter Linda Koh, directrice du d\u00e9partement des Minist\u00e8res aupr\u00e8s des Enfants, Heather-Dawn Small, directrice du Minist\u00e8re de la Femme, Howard Faigao, directeur du d\u00e9partement des Publications, et Lisa Beardsley-Hardy, directrice du d\u00e9partement de l\u2019Education.<\/p>\n<p>L\u2019invit\u00e9 d\u2019honneur, le vice-pr\u00e9sident de la Tanzanie, Mohammed Gharib Bilal a dit \u00e0 l\u2019auditoire que le gouvernement garantirait le droit de culte mais que chacun doit aussi respecter le droit qu\u2019a l\u2019autre d\u2019adorer.<\/p>\n<p>\u00ab Les portes sont ouvertes, donc nous pouvons nous consulter et nous encourager les uns les autres, \u00bb a t-il dit d\u2019apr\u00e8s ce qu\u2019indique un journal tanzanien The Guardian.<\/p>\n<p>Au cours de conversations avec les leaders Adventistes, le vice-pr\u00e9sident ainsi que d\u2019autres repr\u00e9sentants du gouvernement ont exprim\u00e9 leur \u00e9merveillement quant au programme Mission Extravaganza, disant qu\u2019ils n\u2019avaient jamais assist\u00e9 \u00e0 un rassemblement o\u00f9 les gens faisaient preuve de tant de respect et d\u2019un tel savoir vivre.<\/p>\n<p>Le programme a \u00e9t\u00e9 un \u00ab grand t\u00e9moignage en faveur du message Adventiste et de la puissance de Christ \u00e0 mettre de l\u2019ordre dans nos vies gr\u00e2ce au Saint Esprit, \u00bb a dit pasteur Ted Wilson.<\/p>\n<p>Traduction: Patrick Luciathe<\/p>\n","protected":false},"excerpt":{"rendered":"<p>Des milliers de personnes se sont jointes \u00e0 l\u2019Eglise Adventiste du Septi\u00e8me Jour dans toute l\u2019Afrique de l\u2019Est dont 2309 lors d\u2019un bapt\u00eame de masse qui a eu lieu dans l\u2019oc\u00e9an Indien apr\u00e8s trois semaines de r\u00e9unions d\u2019\u00e9vang\u00e9lisation.  <\/p>\n<p>Les bapt\u00eames qui ont eu lieu le samedi 7 f\u00e9vier ont couronn\u00e9 les rencontres d\u2019\u00e9vang\u00e9lisation qui avaient lieu dans plusieurs sites, dont 100 environ dans la capitale Tanzanienne, Dar es Salaam.<\/p>\n","protected":false},"author":1,"featured_media":24415,"comment_status":"closed","ping_status":"closed","sticky":false,"template":"","format":"standard","meta":{"_acf_changed":false,"footnotes":""},"categories":[18,19],"tags":[],"class_list":["post-32166","post","type-post","status-publish","format-standard","has-post-thumbnail","hentry","category-nouvelles-de-leglise-mondiale","category-rss-francais"],"acf":[],"yoast_head":"<!-- This site is optimized with the Yoast SEO plugin v27.3 - https:\/\/yoast.com\/product\/yoast-seo-wordpress\/ -->\n<title>Les Adventistes \u00ab Remuent l\u2019Afrique pour Christ \u00bb avec 2309 bapt\u00eames dans l\u2019Oc\u00e9an Indien. - \u00c9glise Adventiste Du Septieme Jour - Inter Am\u00e9rique Division<\/title>\n<meta name=\"robots\" content=\"index, follow, max-snippet:-1, max-image-preview:large, max-video-preview:-1\" \/>\n<link rel=\"canonical\" href=\"https:\/\/interamerica.org\/fr\/2015\/02\/les-adventistes-remuent-lafrique-pour-christ-avec-2309-baptemes-dans-locean-indien\/\" \/>\n<meta property=\"og:locale\" content=\"fr_FR\" \/>\n<meta property=\"og:type\" content=\"article\" \/>\n<meta property=\"og:title\" content=\"Les Adventistes \u00ab Remuent l\u2019Afrique pour Christ \u00bb avec 2309 bapt\u00eames dans l\u2019Oc\u00e9an Indien. - \u00c9glise Adventiste Du Septieme Jour - Inter Am\u00e9rique Division\" \/>\n<meta property=\"og:description\" content=\"Des milliers de personnes se sont jointes \u00e0 l\u2019Eglise Adventiste du Septi\u00e8me Jour dans toute l\u2019Afrique de l\u2019Est dont 2309 lors d\u2019un bapt\u00eame de masse qui a eu lieu dans l\u2019oc\u00e9an Indien apr\u00e8s trois semaines de r\u00e9unions d\u2019\u00e9vang\u00e9lisation.  Les bapt\u00eames qui ont eu lieu le samedi 7 f\u00e9vier ont couronn\u00e9 les rencontres d\u2019\u00e9vang\u00e9lisation qui avaient lieu dans plusieurs sites, dont 100 environ dans la capitale Tanzanienne, Dar es Salaam.\" \/>\n<meta property=\"og:url\" content=\"https:\/\/interamerica.org\/fr\/2015\/02\/les-adventistes-remuent-lafrique-pour-christ-avec-2309-baptemes-dans-locean-indien\/\" \/>\n<meta property=\"og:site_name\" content=\"\u00c9glise Adventiste Du Septieme Jour - Inter Am\u00e9rique Division\" \/>\n<meta property=\"article:published_time\" content=\"2015-02-11T04:00:00+00:00\" \/>\n<meta property=\"og:image\" content=\"https:\/\/interamerica.org\/wp-content\/uploads\/2017\/06\/csm_tanz-bap-web_45c420966e300.png\" \/>\n\t<meta property=\"og:image:width\" content=\"300\" \/>\n\t<meta property=\"og:image:height\" content=\"191\" \/>\n\t<meta property=\"og:image:type\" content=\"image\/png\" \/>\n<meta name=\"author\" content=\"Lorenzo Verduzco\" \/>\n<meta name=\"twitter:card\" content=\"summary_large_image\" \/>\n<meta name=\"twitter:label1\" content=\"\u00c9crit par\" \/>\n\t<meta name=\"twitter:data1\" content=\"Lorenzo Verduzco\" \/>\n\t<meta name=\"twitter:label2\" content=\"Dur\u00e9e de lecture estim\u00e9e\" \/>\n\t<meta name=\"twitter:data2\" content=\"5 minutes\" \/>\n<script type=\"application\/ld+json\" class=\"yoast-schema-graph\">{\"@context\":\"https:\\\/\\\/schema.org\",\"@graph\":[{\"@type\":\"Article\",\"@id\":\"https:\\\/\\\/interamerica.org\\\/fr\\\/2015\\\/02\\\/les-adventistes-remuent-lafrique-pour-christ-avec-2309-baptemes-dans-locean-indien\\\/#article\",\"isPartOf\":{\"@id\":\"https:\\\/\\\/interamerica.org\\\/fr\\\/2015\\\/02\\\/les-adventistes-remuent-lafrique-pour-christ-avec-2309-baptemes-dans-locean-indien\\\/\"},\"author\":{\"name\":\"Lorenzo Verduzco\",\"@id\":\"https:\\\/\\\/interamerica.org\\\/fr\\\/#\\\/schema\\\/person\\\/68ede8bdc292885bb76c1e3810e73c39\"},\"headline\":\"Les Adventistes \u00ab Remuent l\u2019Afrique pour Christ \u00bb avec 2309 bapt\u00eames dans l\u2019Oc\u00e9an Indien.\",\"datePublished\":\"2015-02-11T04:00:00+00:00\",\"mainEntityOfPage\":{\"@id\":\"https:\\\/\\\/interamerica.org\\\/fr\\\/2015\\\/02\\\/les-adventistes-remuent-lafrique-pour-christ-avec-2309-baptemes-dans-locean-indien\\\/\"},\"wordCount\":969,\"image\":{\"@id\":\"https:\\\/\\\/interamerica.org\\\/fr\\\/2015\\\/02\\\/les-adventistes-remuent-lafrique-pour-christ-avec-2309-baptemes-dans-locean-indien\\\/#primaryimage\"},\"thumbnailUrl\":\"https:\\\/\\\/interamerica.org\\\/wp-content\\\/uploads\\\/2017\\\/06\\\/csm_tanz-bap-web_45c420966e300.png\",\"articleSection\":[\"Nouvelles de l'\u00c9glise mondiale\",\"RSS Fran\u00e7ais\"],\"inLanguage\":\"fr-FR\"},{\"@type\":\"WebPage\",\"@id\":\"https:\\\/\\\/interamerica.org\\\/fr\\\/2015\\\/02\\\/les-adventistes-remuent-lafrique-pour-christ-avec-2309-baptemes-dans-locean-indien\\\/\",\"url\":\"https:\\\/\\\/interamerica.org\\\/fr\\\/2015\\\/02\\\/les-adventistes-remuent-lafrique-pour-christ-avec-2309-baptemes-dans-locean-indien\\\/\",\"name\":\"Les Adventistes \u00ab Remuent l\u2019Afrique pour Christ \u00bb avec 2309 bapt\u00eames dans l\u2019Oc\u00e9an Indien. - \u00c9glise Adventiste Du Septieme Jour - Inter Am\u00e9rique Division\",\"isPartOf\":{\"@id\":\"https:\\\/\\\/interamerica.org\\\/fr\\\/#website\"},\"primaryImageOfPage\":{\"@id\":\"https:\\\/\\\/interamerica.org\\\/fr\\\/2015\\\/02\\\/les-adventistes-remuent-lafrique-pour-christ-avec-2309-baptemes-dans-locean-indien\\\/#primaryimage\"},\"image\":{\"@id\":\"https:\\\/\\\/interamerica.org\\\/fr\\\/2015\\\/02\\\/les-adventistes-remuent-lafrique-pour-christ-avec-2309-baptemes-dans-locean-indien\\\/#primaryimage\"},\"thumbnailUrl\":\"https:\\\/\\\/interamerica.org\\\/wp-content\\\/uploads\\\/2017\\\/06\\\/csm_tanz-bap-web_45c420966e300.png\",\"datePublished\":\"2015-02-11T04:00:00+00:00\",\"author\":{\"@id\":\"https:\\\/\\\/interamerica.org\\\/fr\\\/#\\\/schema\\\/person\\\/68ede8bdc292885bb76c1e3810e73c39\"},\"breadcrumb\":{\"@id\":\"https:\\\/\\\/interamerica.org\\\/fr\\\/2015\\\/02\\\/les-adventistes-remuent-lafrique-pour-christ-avec-2309-baptemes-dans-locean-indien\\\/#breadcrumb\"},\"inLanguage\":\"fr-FR\",\"potentialAction\":[{\"@type\":\"ReadAction\",\"target\":[\"https:\\\/\\\/interamerica.org\\\/fr\\\/2015\\\/02\\\/les-adventistes-remuent-lafrique-pour-christ-avec-2309-baptemes-dans-locean-indien\\\/\"]}]},{\"@type\":\"ImageObject\",\"inLanguage\":\"fr-FR\",\"@id\":\"https:\\\/\\\/interamerica.org\\\/fr\\\/2015\\\/02\\\/les-adventistes-remuent-lafrique-pour-christ-avec-2309-baptemes-dans-locean-indien\\\/#primaryimage\",\"url\":\"https:\\\/\\\/interamerica.org\\\/wp-content\\\/uploads\\\/2017\\\/06\\\/csm_tanz-bap-web_45c420966e300.png\",\"contentUrl\":\"https:\\\/\\\/interamerica.org\\\/wp-content\\\/uploads\\\/2017\\\/06\\\/csm_tanz-bap-web_45c420966e300.png\",\"width\":300,\"height\":191},{\"@type\":\"BreadcrumbList\",\"@id\":\"https:\\\/\\\/interamerica.org\\\/fr\\\/2015\\\/02\\\/les-adventistes-remuent-lafrique-pour-christ-avec-2309-baptemes-dans-locean-indien\\\/#breadcrumb\",\"itemListElement\":[{\"@type\":\"ListItem\",\"position\":1,\"name\":\"Home\",\"item\":\"https:\\\/\\\/interamerica.org\\\/fr\\\/\"},{\"@type\":\"ListItem\",\"position\":2,\"name\":\"Les Adventistes \u00ab Remuent l\u2019Afrique pour Christ \u00bb avec 2309 bapt\u00eames dans l\u2019Oc\u00e9an Indien.\"}]},{\"@type\":\"WebSite\",\"@id\":\"https:\\\/\\\/interamerica.org\\\/fr\\\/#website\",\"url\":\"https:\\\/\\\/interamerica.org\\\/fr\\\/\",\"name\":\"\u00c9glise Adventiste Du Septieme Jour - Inter Am\u00e9rique Division\",\"description\":\"\",\"potentialAction\":[{\"@type\":\"SearchAction\",\"target\":{\"@type\":\"EntryPoint\",\"urlTemplate\":\"https:\\\/\\\/interamerica.org\\\/fr\\\/?s={search_term_string}\"},\"query-input\":{\"@type\":\"PropertyValueSpecification\",\"valueRequired\":true,\"valueName\":\"search_term_string\"}}],\"inLanguage\":\"fr-FR\"},{\"@type\":\"Person\",\"@id\":\"https:\\\/\\\/interamerica.org\\\/fr\\\/#\\\/schema\\\/person\\\/68ede8bdc292885bb76c1e3810e73c39\",\"name\":\"Lorenzo Verduzco\",\"image\":{\"@type\":\"ImageObject\",\"inLanguage\":\"fr-FR\",\"@id\":\"https:\\\/\\\/secure.gravatar.com\\\/avatar\\\/fb81a55b6218459490a9c1dc841a34909185b81904c5337b4b27f7a6fd60c49e?s=96&d=mm&r=g\",\"url\":\"https:\\\/\\\/secure.gravatar.com\\\/avatar\\\/fb81a55b6218459490a9c1dc841a34909185b81904c5337b4b27f7a6fd60c49e?s=96&d=mm&r=g\",\"contentUrl\":\"https:\\\/\\\/secure.gravatar.com\\\/avatar\\\/fb81a55b6218459490a9c1dc841a34909185b81904c5337b4b27f7a6fd60c49e?s=96&d=mm&r=g\",\"caption\":\"Lorenzo Verduzco\"}}]}<\/script>\n<!-- \/ Yoast SEO plugin. -->","yoast_head_json":{"title":"Les Adventistes \u00ab Remuent l\u2019Afrique pour Christ \u00bb avec 2309 bapt\u00eames dans l\u2019Oc\u00e9an Indien. - \u00c9glise Adventiste Du Septieme Jour - Inter Am\u00e9rique Division","robots":{"index":"index","follow":"follow","max-snippet":"max-snippet:-1","max-image-preview":"max-image-preview:large","max-video-preview":"max-video-preview:-1"},"canonical":"https:\/\/interamerica.org\/fr\/2015\/02\/les-adventistes-remuent-lafrique-pour-christ-avec-2309-baptemes-dans-locean-indien\/","og_locale":"fr_FR","og_type":"article","og_title":"Les Adventistes \u00ab Remuent l\u2019Afrique pour Christ \u00bb avec 2309 bapt\u00eames dans l\u2019Oc\u00e9an Indien. - \u00c9glise Adventiste Du Septieme Jour - Inter Am\u00e9rique Division","og_description":"Des milliers de personnes se sont jointes \u00e0 l\u2019Eglise Adventiste du Septi\u00e8me Jour dans toute l\u2019Afrique de l\u2019Est dont 2309 lors d\u2019un bapt\u00eame de masse qui a eu lieu dans l\u2019oc\u00e9an Indien apr\u00e8s trois semaines de r\u00e9unions d\u2019\u00e9vang\u00e9lisation.  Les bapt\u00eames qui ont eu lieu le samedi 7 f\u00e9vier ont couronn\u00e9 les rencontres d\u2019\u00e9vang\u00e9lisation qui avaient lieu dans plusieurs sites, dont 100 environ dans la capitale Tanzanienne, Dar es Salaam.","og_url":"https:\/\/interamerica.org\/fr\/2015\/02\/les-adventistes-remuent-lafrique-pour-christ-avec-2309-baptemes-dans-locean-indien\/","og_site_name":"\u00c9glise Adventiste Du Septieme Jour - Inter Am\u00e9rique Division","article_published_time":"2015-02-11T04:00:00+00:00","og_image":[{"width":300,"height":191,"url":"https:\/\/interamerica.org\/wp-content\/uploads\/2017\/06\/csm_tanz-bap-web_45c420966e300.png","type":"image\/png"}],"author":"Lorenzo Verduzco","twitter_card":"summary_large_image","twitter_misc":{"\u00c9crit par":"Lorenzo Verduzco","Dur\u00e9e de lecture estim\u00e9e":"5 minutes"},"schema":{"@context":"https:\/\/schema.org","@graph":[{"@type":"Article","@id":"https:\/\/interamerica.org\/fr\/2015\/02\/les-adventistes-remuent-lafrique-pour-christ-avec-2309-baptemes-dans-locean-indien\/#article","isPartOf":{"@id":"https:\/\/interamerica.org\/fr\/2015\/02\/les-adventistes-remuent-lafrique-pour-christ-avec-2309-baptemes-dans-locean-indien\/"},"author":{"name":"Lorenzo Verduzco","@id":"https:\/\/interamerica.org\/fr\/#\/schema\/person\/68ede8bdc292885bb76c1e3810e73c39"},"headline":"Les Adventistes \u00ab Remuent l\u2019Afrique pour Christ \u00bb avec 2309 bapt\u00eames dans l\u2019Oc\u00e9an Indien.","datePublished":"2015-02-11T04:00:00+00:00","mainEntityOfPage":{"@id":"https:\/\/interamerica.org\/fr\/2015\/02\/les-adventistes-remuent-lafrique-pour-christ-avec-2309-baptemes-dans-locean-indien\/"},"wordCount":969,"image":{"@id":"https:\/\/interamerica.org\/fr\/2015\/02\/les-adventistes-remuent-lafrique-pour-christ-avec-2309-baptemes-dans-locean-indien\/#primaryimage"},"thumbnailUrl":"https:\/\/interamerica.org\/wp-content\/uploads\/2017\/06\/csm_tanz-bap-web_45c420966e300.png","articleSection":["Nouvelles de l'\u00c9glise mondiale","RSS Fran\u00e7ais"],"inLanguage":"fr-FR"},{"@type":"WebPage","@id":"https:\/\/interamerica.org\/fr\/2015\/02\/les-adventistes-remuent-lafrique-pour-christ-avec-2309-baptemes-dans-locean-indien\/","url":"https:\/\/interamerica.org\/fr\/2015\/02\/les-adventistes-remuent-lafrique-pour-christ-avec-2309-baptemes-dans-locean-indien\/","name":"Les Adventistes \u00ab Remuent l\u2019Afrique pour Christ \u00bb avec 2309 bapt\u00eames dans l\u2019Oc\u00e9an Indien. - \u00c9glise Adventiste Du Septieme Jour - Inter Am\u00e9rique Division","isPartOf":{"@id":"https:\/\/interamerica.org\/fr\/#website"},"primaryImageOfPage":{"@id":"https:\/\/interamerica.org\/fr\/2015\/02\/les-adventistes-remuent-lafrique-pour-christ-avec-2309-baptemes-dans-locean-indien\/#primaryimage"},"image":{"@id":"https:\/\/interamerica.org\/fr\/2015\/02\/les-adventistes-remuent-lafrique-pour-christ-avec-2309-baptemes-dans-locean-indien\/#primaryimage"},"thumbnailUrl":"https:\/\/interamerica.org\/wp-content\/uploads\/2017\/06\/csm_tanz-bap-web_45c420966e300.png","datePublished":"2015-02-11T04:00:00+00:00","author":{"@id":"https:\/\/interamerica.org\/fr\/#\/schema\/person\/68ede8bdc292885bb76c1e3810e73c39"},"breadcrumb":{"@id":"https:\/\/interamerica.org\/fr\/2015\/02\/les-adventistes-remuent-lafrique-pour-christ-avec-2309-baptemes-dans-locean-indien\/#breadcrumb"},"inLanguage":"fr-FR","potentialAction":[{"@type":"ReadAction","target":["https:\/\/interamerica.org\/fr\/2015\/02\/les-adventistes-remuent-lafrique-pour-christ-avec-2309-baptemes-dans-locean-indien\/"]}]},{"@type":"ImageObject","inLanguage":"fr-FR","@id":"https:\/\/interamerica.org\/fr\/2015\/02\/les-adventistes-remuent-lafrique-pour-christ-avec-2309-baptemes-dans-locean-indien\/#primaryimage","url":"https:\/\/interamerica.org\/wp-content\/uploads\/2017\/06\/csm_tanz-bap-web_45c420966e300.png","contentUrl":"https:\/\/interamerica.org\/wp-content\/uploads\/2017\/06\/csm_tanz-bap-web_45c420966e300.png","width":300,"height":191},{"@type":"BreadcrumbList","@id":"https:\/\/interamerica.org\/fr\/2015\/02\/les-adventistes-remuent-lafrique-pour-christ-avec-2309-baptemes-dans-locean-indien\/#breadcrumb","itemListElement":[{"@type":"ListItem","position":1,"name":"Home","item":"https:\/\/interamerica.org\/fr\/"},{"@type":"ListItem","position":2,"name":"Les Adventistes \u00ab Remuent l\u2019Afrique pour Christ \u00bb avec 2309 bapt\u00eames dans l\u2019Oc\u00e9an Indien."}]},{"@type":"WebSite","@id":"https:\/\/interamerica.org\/fr\/#website","url":"https:\/\/interamerica.org\/fr\/","name":"\u00c9glise Adventiste Du Septieme Jour - Inter Am\u00e9rique Division","description":"","potentialAction":[{"@type":"SearchAction","target":{"@type":"EntryPoint","urlTemplate":"https:\/\/interamerica.org\/fr\/?s={search_term_string}"},"query-input":{"@type":"PropertyValueSpecification","valueRequired":true,"valueName":"search_term_string"}}],"inLanguage":"fr-FR"},{"@type":"Person","@id":"https:\/\/interamerica.org\/fr\/#\/schema\/person\/68ede8bdc292885bb76c1e3810e73c39","name":"Lorenzo Verduzco","image":{"@type":"ImageObject","inLanguage":"fr-FR","@id":"https:\/\/secure.gravatar.com\/avatar\/fb81a55b6218459490a9c1dc841a34909185b81904c5337b4b27f7a6fd60c49e?s=96&d=mm&r=g","url":"https:\/\/secure.gravatar.com\/avatar\/fb81a55b6218459490a9c1dc841a34909185b81904c5337b4b27f7a6fd60c49e?s=96&d=mm&r=g","contentUrl":"https:\/\/secure.gravatar.com\/avatar\/fb81a55b6218459490a9c1dc841a34909185b81904c5337b4b27f7a6fd60c49e?s=96&d=mm&r=g","caption":"Lorenzo Verduzco"}}]}},"_links":{"self":[{"href":"https:\/\/interamerica.org\/fr\/wp-json\/wp\/v2\/posts\/32166","targetHints":{"allow":["GET"]}}],"collection":[{"href":"https:\/\/interamerica.org\/fr\/wp-json\/wp\/v2\/posts"}],"about":[{"href":"https:\/\/interamerica.org\/fr\/wp-json\/wp\/v2\/types\/post"}],"author":[{"embeddable":true,"href":"https:\/\/interamerica.org\/fr\/wp-json\/wp\/v2\/users\/1"}],"replies":[{"embeddable":true,"href":"https:\/\/interamerica.org\/fr\/wp-json\/wp\/v2\/comments?post=32166"}],"version-history":[{"count":0,"href":"https:\/\/interamerica.org\/fr\/wp-json\/wp\/v2\/posts\/32166\/revisions"}],"wp:featuredmedia":[{"embeddable":true,"href":"https:\/\/interamerica.org\/fr\/wp-json\/wp\/v2\/media\/24415"}],"wp:attachment":[{"href":"https:\/\/interamerica.org\/fr\/wp-json\/wp\/v2\/media?parent=32166"}],"wp:term":[{"taxonomy":"category","embeddable":true,"href":"https:\/\/interamerica.org\/fr\/wp-json\/wp\/v2\/categories?post=32166"},{"taxonomy":"post_tag","embeddable":true,"href":"https:\/\/interamerica.org\/fr\/wp-json\/wp\/v2\/tags?post=32166"}],"curies":[{"name":"wp","href":"https:\/\/api.w.org\/{rel}","templated":true}]}}