{"id":32175,"date":"2015-02-12T00:00:00","date_gmt":"2015-02-12T04:00:00","guid":{"rendered":"http:\/\/192.81.217.108\/interamerica\/2015\/02\/le-premier-ministre-du-rwanda-felicite-leglise-adventiste-pour-son-systeme-educatif\/"},"modified":"2015-02-12T00:00:00","modified_gmt":"2015-02-12T04:00:00","slug":"le-premier-ministre-du-rwanda-felicite-leglise-adventiste-pour-son-systeme-educatif","status":"publish","type":"post","link":"https:\/\/interamerica.org\/fr\/2015\/02\/le-premier-ministre-du-rwanda-felicite-leglise-adventiste-pour-son-systeme-educatif\/","title":{"rendered":"Le Premier Ministre du Rwanda f\u00e9licite l\u2019Eglise Adventiste pour son syst\u00e8me \u00e9ducatif"},"content":{"rendered":"<p>11 F\u00e9vrier 2015 \u2013 Kigali, Rwanda \u2013 Steven Bina\/ECD\/ANN<\/p>\n<div id=\"attachment_15184\" style=\"width: 410px\" class=\"wp-caption alignright\"><a href=\"\/interamerica\/wp-content\/uploads\/2017\/06\/csm_rwanda-snt-web_93e23d6ad3.jpg\" rel=\"fancybox\" title=\"Le Premier Ministre du Rwanda f\u00e9licite l\u2019Eglise Adventiste pour son syst\u00e8me \u00e9ducatif\"><img fetchpriority=\"high\" decoding=\"async\" aria-describedby=\"caption-attachment-15184\" class=\"size-full wp-image-15184\" src=\"\/interamerica\/wp-content\/uploads\/2017\/06\/csm_rwanda-snt-web_93e23d6ad3.jpg\" alt=\"\" width=\"400\" height=\"300\" \/><\/a><p id=\"caption-attachment-15184\" class=\"wp-caption-text\">L\u2019Universit\u00e9 Adventiste de l\u2019Afrique Centrale se trouve \u00e0 Kigali au Rwanda. Image de Steven Bina<\/p><\/div>\n<p>Le premier Ministre du Rwanda a f\u00e9licit\u00e9 aujourd\u2019hui l\u2019Eglise Adventiste du Septi\u00e8me Jour pour son engagement dans le domaine de l\u2019\u00e9ducation, \u00e0 l\u2019occasion d\u2019une c\u00e9r\u00e9monie de d\u00e9dicace d\u2019un nouveau centre de science et de technologie \u00e0 l\u2019universit\u00e9 de la d\u00e9nomination dans cette nation d\u2019Afrique centrale.<\/p>\n<p>Anastase Murekezi a promis aux responsables et autres supporters de l\u2019Universit\u00e9 Adventiste d\u2019Afrique Centrale (AUCA) \u00e0 Kigali, d\u2019apporter \u00e0 l\u2019institution le soutien r\u00e9gulier du gouvernement.<\/p>\n<p>Anastase Murekezi, qui a indiqu\u00e9 pr\u00e9senter ses remarques au nom du pr\u00e9sident Paul Kagame, a d\u00e9clar\u00e9 que le gouvernement d\u00e9sirait poursuivre son partenariat avec l\u2019\u00e9cole en proposant des projets d\u2019infrastructure et en assurant la s\u00e9curit\u00e9. Le gouvernement a dans le pass\u00e9 dall\u00e9 une route de deux kilom\u00e8tres menant \u00e0 l\u2019\u00e9cole.<\/p>\n<p>\u00ab Les communaut\u00e9s religieuses au Rwanda jouent un r\u00f4le important dans le secteur social et l\u2019Eglise Adventiste du Septi\u00e8me Jour ne fait pas exception, \u00bb a dit Anastase Murekezi au groupe.<\/p>\n<p>Murekezi a d\u00e9clar\u00e9 que le pr\u00e9sident Kagame appr\u00e9ciait le long palmar\u00e8s qu\u2019a AUCA au Rwanda. L\u2019\u00e9cole a \u00e9t\u00e9 \u00e9tablie en 1984 est l\u2019une des plus anciennes universit\u00e9s priv\u00e9es du Rwanda.<\/p>\n<p>Le pr\u00e9sident de l\u2019Eglise Adventiste, Ted N.C. Wilson, qui effectue une visite dans sept pays de la r\u00e9gion \u00e9tait \u00e9galement pr\u00e9sent \u00e0 la c\u00e9r\u00e9monie.<\/p>\n<p>Ted Wilson a d\u00e9clar\u00e9 que les Adventistes du Septi\u00e8me Jour \u00e0 travers le monde croient en l\u2019\u00e9ducation par rapport au minist\u00e8re de J\u00e9sus Christ.<\/p>\n<p>\u00ab Le Christ a exerc\u00e9 aupr\u00e8s des gens, un minist\u00e8re au niveau physique, mental, social et spirituel, et c\u2019est la raison pour laquelle nous avons des institutions \u00e9ducatives, c\u2019est l\u2019une des quatre facettes de notre \u0153uvre, \u00bb a dit Ted Wilson \u00e0 l\u2019assembl\u00e9e.<\/p>\n<p>\u00ab C\u2019est un privil\u00e8ge immense que de pouvoir offrir aux gens une compr\u00e9hension de la mani\u00e8re dont nous devons exister dans cette vie, \u00bb a dit Ted Wilson, faisant ensuite un clin d\u2019\u0153il \u00e0 la cofondatrice de l\u2019Eglise Adventiste, Ellen G. White. \u00ab En fait nous croyons ce qu\u2019a dit un auteur particulier pour laquelle nous avons un \u00e9norme respect \u00e0 travers ces paroles inspir\u00e9es : la fondation de toute v\u00e9ritable \u00e9ducation est la connaissance de Dieu. \u00bb<\/p>\n<p>Un membre du Minist\u00e8re de l\u2019Education du pays s\u2019est \u00e9galement adress\u00e9 au groupe, identifiant trois domaines dans lesquels le gouvernement peut collaborer avec AUCA : d\u00e9velopper le personnel enseignant, les comp\u00e9tences techniques interm\u00e9diaires, et la promotion de l\u2019\u00e9ducation pour les femmes. Plus de la moiti\u00e9 des \u00e9tudiants d\u2019AUCA sont des femmes.<\/p>\n<p>Il y a environ 4000 \u00e9tudiants fr\u00e9quentant l\u2019universit\u00e9. Les responsables de l\u2019universit\u00e9 disent que l\u2019institution peut accueillir 6000 \u00e9tudiants, ce qui correspond \u00e0 plus de trois fois le nombre d\u2019\u00e9tudiants ayant \u00e9t\u00e9 dipl\u00f4m\u00e9s entre 1963 et 1994 de l\u2019universit\u00e9 nationale qui existait \u00e0 l\u2019\u00e9poque.<\/p>\n<p>Les responsables d\u2019AUCA ont \u00e9galement indiqu\u00e9 qu\u2019ils sont au stade pr\u00e9liminaire des plans pour la mise en place d\u2019une facult\u00e9 de m\u00e9decine.<\/p>\n<p>\u00c9galement pr\u00e9sent \u00e0 la c\u00e9r\u00e9monie d\u2019aujourd\u2019hui, Matthew Bediako, ancien secr\u00e9taire de l\u2019Eglise Adventiste mondiale et pasteur retrait\u00e9. Il a pr\u00e9sent\u00e9 la pri\u00e8re de cl\u00f4ture \u00e0 la fin de la c\u00e9r\u00e9monie.<\/p>\n<p>Il y a plus de 580000 Adventistes au Rwanda, d\u2019apr\u00e8s l\u2019Annuaire Institutionnel Adventiste (Adventist Yearbook).<\/p>\n<p>Traduction: Patrick Luciathe<\/p>\n","protected":false},"excerpt":{"rendered":"<p>Le premier Ministre du Rwanda a f\u00e9licit\u00e9 aujourd\u2019hui l\u2019Eglise Adventiste du Septi\u00e8me Jour pour son engagement dans le domaine de l\u2019\u00e9ducation, \u00e0 l\u2019occasion d\u2019une c\u00e9r\u00e9monie de d\u00e9dicace d\u2019un nouveau centre de science et de technologie \u00e0 l\u2019universit\u00e9 de la d\u00e9nomination dans cette nation d\u2019Afrique centrale.  Anastase Murekezi a promis aux responsables et autres supporters de l\u2019Universit\u00e9 Adventiste d\u2019Afrique Centrale (AUCA) \u00e0 Kigali, d\u2019apporter \u00e0 l\u2019institution le soutien r\u00e9gulier du gouvernement.<\/p>\n","protected":false},"author":1,"featured_media":24426,"comment_status":"closed","ping_status":"closed","sticky":false,"template":"","format":"standard","meta":{"_acf_changed":false,"footnotes":""},"categories":[18,19],"tags":[],"class_list":["post-32175","post","type-post","status-publish","format-standard","has-post-thumbnail","hentry","category-nouvelles-de-leglise-mondiale","category-rss-francais"],"acf":[],"yoast_head":"<!-- This site is optimized with the Yoast SEO plugin v27.3 - https:\/\/yoast.com\/product\/yoast-seo-wordpress\/ -->\n<title>Le Premier Ministre du Rwanda f\u00e9licite l\u2019Eglise Adventiste pour son syst\u00e8me \u00e9ducatif - \u00c9glise Adventiste Du Septieme Jour - Inter Am\u00e9rique Division<\/title>\n<meta name=\"robots\" content=\"index, follow, max-snippet:-1, max-image-preview:large, max-video-preview:-1\" \/>\n<link rel=\"canonical\" href=\"https:\/\/interamerica.org\/fr\/2015\/02\/le-premier-ministre-du-rwanda-felicite-leglise-adventiste-pour-son-systeme-educatif\/\" \/>\n<meta property=\"og:locale\" content=\"fr_FR\" \/>\n<meta property=\"og:type\" content=\"article\" \/>\n<meta property=\"og:title\" content=\"Le Premier Ministre du Rwanda f\u00e9licite l\u2019Eglise Adventiste pour son syst\u00e8me \u00e9ducatif - \u00c9glise Adventiste Du Septieme Jour - Inter Am\u00e9rique Division\" \/>\n<meta property=\"og:description\" content=\"Le premier Ministre du Rwanda a f\u00e9licit\u00e9 aujourd\u2019hui l\u2019Eglise Adventiste du Septi\u00e8me Jour pour son engagement dans le domaine de l\u2019\u00e9ducation, \u00e0 l\u2019occasion d\u2019une c\u00e9r\u00e9monie de d\u00e9dicace d\u2019un nouveau centre de science et de technologie \u00e0 l\u2019universit\u00e9 de la d\u00e9nomination dans cette nation d\u2019Afrique centrale. Anastase Murekezi a promis aux responsables et autres supporters de l\u2019Universit\u00e9 Adventiste d\u2019Afrique Centrale (AUCA) \u00e0 Kigali, d\u2019apporter \u00e0 l\u2019institution le soutien r\u00e9gulier du gouvernement.\" \/>\n<meta property=\"og:url\" content=\"https:\/\/interamerica.org\/fr\/2015\/02\/le-premier-ministre-du-rwanda-felicite-leglise-adventiste-pour-son-systeme-educatif\/\" \/>\n<meta property=\"og:site_name\" content=\"\u00c9glise Adventiste Du Septieme Jour - Inter Am\u00e9rique Division\" \/>\n<meta property=\"article:published_time\" content=\"2015-02-12T04:00:00+00:00\" \/>\n<meta property=\"og:image\" content=\"https:\/\/interamerica.org\/wp-content\/uploads\/2017\/06\/csm_rwanda-snt-web_93e23d6ad3.jpg\" \/>\n\t<meta property=\"og:image:width\" content=\"400\" \/>\n\t<meta property=\"og:image:height\" content=\"300\" \/>\n\t<meta property=\"og:image:type\" content=\"image\/jpeg\" \/>\n<meta name=\"author\" content=\"Lorenzo Verduzco\" \/>\n<meta name=\"twitter:card\" content=\"summary_large_image\" \/>\n<meta name=\"twitter:label1\" content=\"\u00c9crit par\" \/>\n\t<meta name=\"twitter:data1\" content=\"Lorenzo Verduzco\" \/>\n\t<meta name=\"twitter:label2\" content=\"Dur\u00e9e de lecture estim\u00e9e\" \/>\n\t<meta name=\"twitter:data2\" content=\"3 minutes\" \/>\n<script type=\"application\/ld+json\" class=\"yoast-schema-graph\">{\"@context\":\"https:\\\/\\\/schema.org\",\"@graph\":[{\"@type\":\"Article\",\"@id\":\"https:\\\/\\\/interamerica.org\\\/fr\\\/2015\\\/02\\\/le-premier-ministre-du-rwanda-felicite-leglise-adventiste-pour-son-systeme-educatif\\\/#article\",\"isPartOf\":{\"@id\":\"https:\\\/\\\/interamerica.org\\\/fr\\\/2015\\\/02\\\/le-premier-ministre-du-rwanda-felicite-leglise-adventiste-pour-son-systeme-educatif\\\/\"},\"author\":{\"name\":\"Lorenzo Verduzco\",\"@id\":\"https:\\\/\\\/interamerica.org\\\/fr\\\/#\\\/schema\\\/person\\\/68ede8bdc292885bb76c1e3810e73c39\"},\"headline\":\"Le Premier Ministre du Rwanda f\u00e9licite l\u2019Eglise Adventiste pour son syst\u00e8me \u00e9ducatif\",\"datePublished\":\"2015-02-12T04:00:00+00:00\",\"mainEntityOfPage\":{\"@id\":\"https:\\\/\\\/interamerica.org\\\/fr\\\/2015\\\/02\\\/le-premier-ministre-du-rwanda-felicite-leglise-adventiste-pour-son-systeme-educatif\\\/\"},\"wordCount\":637,\"image\":{\"@id\":\"https:\\\/\\\/interamerica.org\\\/fr\\\/2015\\\/02\\\/le-premier-ministre-du-rwanda-felicite-leglise-adventiste-pour-son-systeme-educatif\\\/#primaryimage\"},\"thumbnailUrl\":\"https:\\\/\\\/interamerica.org\\\/wp-content\\\/uploads\\\/2017\\\/06\\\/csm_rwanda-snt-web_93e23d6ad3.jpg\",\"articleSection\":[\"Nouvelles de l'\u00c9glise mondiale\",\"RSS Fran\u00e7ais\"],\"inLanguage\":\"fr-FR\"},{\"@type\":\"WebPage\",\"@id\":\"https:\\\/\\\/interamerica.org\\\/fr\\\/2015\\\/02\\\/le-premier-ministre-du-rwanda-felicite-leglise-adventiste-pour-son-systeme-educatif\\\/\",\"url\":\"https:\\\/\\\/interamerica.org\\\/fr\\\/2015\\\/02\\\/le-premier-ministre-du-rwanda-felicite-leglise-adventiste-pour-son-systeme-educatif\\\/\",\"name\":\"Le Premier Ministre du Rwanda f\u00e9licite l\u2019Eglise Adventiste pour son syst\u00e8me \u00e9ducatif - \u00c9glise Adventiste Du Septieme Jour - Inter Am\u00e9rique Division\",\"isPartOf\":{\"@id\":\"https:\\\/\\\/interamerica.org\\\/fr\\\/#website\"},\"primaryImageOfPage\":{\"@id\":\"https:\\\/\\\/interamerica.org\\\/fr\\\/2015\\\/02\\\/le-premier-ministre-du-rwanda-felicite-leglise-adventiste-pour-son-systeme-educatif\\\/#primaryimage\"},\"image\":{\"@id\":\"https:\\\/\\\/interamerica.org\\\/fr\\\/2015\\\/02\\\/le-premier-ministre-du-rwanda-felicite-leglise-adventiste-pour-son-systeme-educatif\\\/#primaryimage\"},\"thumbnailUrl\":\"https:\\\/\\\/interamerica.org\\\/wp-content\\\/uploads\\\/2017\\\/06\\\/csm_rwanda-snt-web_93e23d6ad3.jpg\",\"datePublished\":\"2015-02-12T04:00:00+00:00\",\"author\":{\"@id\":\"https:\\\/\\\/interamerica.org\\\/fr\\\/#\\\/schema\\\/person\\\/68ede8bdc292885bb76c1e3810e73c39\"},\"breadcrumb\":{\"@id\":\"https:\\\/\\\/interamerica.org\\\/fr\\\/2015\\\/02\\\/le-premier-ministre-du-rwanda-felicite-leglise-adventiste-pour-son-systeme-educatif\\\/#breadcrumb\"},\"inLanguage\":\"fr-FR\",\"potentialAction\":[{\"@type\":\"ReadAction\",\"target\":[\"https:\\\/\\\/interamerica.org\\\/fr\\\/2015\\\/02\\\/le-premier-ministre-du-rwanda-felicite-leglise-adventiste-pour-son-systeme-educatif\\\/\"]}]},{\"@type\":\"ImageObject\",\"inLanguage\":\"fr-FR\",\"@id\":\"https:\\\/\\\/interamerica.org\\\/fr\\\/2015\\\/02\\\/le-premier-ministre-du-rwanda-felicite-leglise-adventiste-pour-son-systeme-educatif\\\/#primaryimage\",\"url\":\"https:\\\/\\\/interamerica.org\\\/wp-content\\\/uploads\\\/2017\\\/06\\\/csm_rwanda-snt-web_93e23d6ad3.jpg\",\"contentUrl\":\"https:\\\/\\\/interamerica.org\\\/wp-content\\\/uploads\\\/2017\\\/06\\\/csm_rwanda-snt-web_93e23d6ad3.jpg\",\"width\":400,\"height\":300},{\"@type\":\"BreadcrumbList\",\"@id\":\"https:\\\/\\\/interamerica.org\\\/fr\\\/2015\\\/02\\\/le-premier-ministre-du-rwanda-felicite-leglise-adventiste-pour-son-systeme-educatif\\\/#breadcrumb\",\"itemListElement\":[{\"@type\":\"ListItem\",\"position\":1,\"name\":\"Home\",\"item\":\"https:\\\/\\\/interamerica.org\\\/fr\\\/\"},{\"@type\":\"ListItem\",\"position\":2,\"name\":\"Le Premier Ministre du Rwanda f\u00e9licite l\u2019Eglise Adventiste pour son syst\u00e8me \u00e9ducatif\"}]},{\"@type\":\"WebSite\",\"@id\":\"https:\\\/\\\/interamerica.org\\\/fr\\\/#website\",\"url\":\"https:\\\/\\\/interamerica.org\\\/fr\\\/\",\"name\":\"\u00c9glise Adventiste Du Septieme Jour - Inter Am\u00e9rique Division\",\"description\":\"\",\"potentialAction\":[{\"@type\":\"SearchAction\",\"target\":{\"@type\":\"EntryPoint\",\"urlTemplate\":\"https:\\\/\\\/interamerica.org\\\/fr\\\/?s={search_term_string}\"},\"query-input\":{\"@type\":\"PropertyValueSpecification\",\"valueRequired\":true,\"valueName\":\"search_term_string\"}}],\"inLanguage\":\"fr-FR\"},{\"@type\":\"Person\",\"@id\":\"https:\\\/\\\/interamerica.org\\\/fr\\\/#\\\/schema\\\/person\\\/68ede8bdc292885bb76c1e3810e73c39\",\"name\":\"Lorenzo Verduzco\",\"image\":{\"@type\":\"ImageObject\",\"inLanguage\":\"fr-FR\",\"@id\":\"https:\\\/\\\/secure.gravatar.com\\\/avatar\\\/fb81a55b6218459490a9c1dc841a34909185b81904c5337b4b27f7a6fd60c49e?s=96&d=mm&r=g\",\"url\":\"https:\\\/\\\/secure.gravatar.com\\\/avatar\\\/fb81a55b6218459490a9c1dc841a34909185b81904c5337b4b27f7a6fd60c49e?s=96&d=mm&r=g\",\"contentUrl\":\"https:\\\/\\\/secure.gravatar.com\\\/avatar\\\/fb81a55b6218459490a9c1dc841a34909185b81904c5337b4b27f7a6fd60c49e?s=96&d=mm&r=g\",\"caption\":\"Lorenzo Verduzco\"}}]}<\/script>\n<!-- \/ Yoast SEO plugin. -->","yoast_head_json":{"title":"Le Premier Ministre du Rwanda f\u00e9licite l\u2019Eglise Adventiste pour son syst\u00e8me \u00e9ducatif - \u00c9glise Adventiste Du Septieme Jour - Inter Am\u00e9rique Division","robots":{"index":"index","follow":"follow","max-snippet":"max-snippet:-1","max-image-preview":"max-image-preview:large","max-video-preview":"max-video-preview:-1"},"canonical":"https:\/\/interamerica.org\/fr\/2015\/02\/le-premier-ministre-du-rwanda-felicite-leglise-adventiste-pour-son-systeme-educatif\/","og_locale":"fr_FR","og_type":"article","og_title":"Le Premier Ministre du Rwanda f\u00e9licite l\u2019Eglise Adventiste pour son syst\u00e8me \u00e9ducatif - \u00c9glise Adventiste Du Septieme Jour - Inter Am\u00e9rique Division","og_description":"Le premier Ministre du Rwanda a f\u00e9licit\u00e9 aujourd\u2019hui l\u2019Eglise Adventiste du Septi\u00e8me Jour pour son engagement dans le domaine de l\u2019\u00e9ducation, \u00e0 l\u2019occasion d\u2019une c\u00e9r\u00e9monie de d\u00e9dicace d\u2019un nouveau centre de science et de technologie \u00e0 l\u2019universit\u00e9 de la d\u00e9nomination dans cette nation d\u2019Afrique centrale. Anastase Murekezi a promis aux responsables et autres supporters de l\u2019Universit\u00e9 Adventiste d\u2019Afrique Centrale (AUCA) \u00e0 Kigali, d\u2019apporter \u00e0 l\u2019institution le soutien r\u00e9gulier du gouvernement.","og_url":"https:\/\/interamerica.org\/fr\/2015\/02\/le-premier-ministre-du-rwanda-felicite-leglise-adventiste-pour-son-systeme-educatif\/","og_site_name":"\u00c9glise Adventiste Du Septieme Jour - Inter Am\u00e9rique Division","article_published_time":"2015-02-12T04:00:00+00:00","og_image":[{"width":400,"height":300,"url":"https:\/\/interamerica.org\/wp-content\/uploads\/2017\/06\/csm_rwanda-snt-web_93e23d6ad3.jpg","type":"image\/jpeg"}],"author":"Lorenzo Verduzco","twitter_card":"summary_large_image","twitter_misc":{"\u00c9crit par":"Lorenzo Verduzco","Dur\u00e9e de lecture estim\u00e9e":"3 minutes"},"schema":{"@context":"https:\/\/schema.org","@graph":[{"@type":"Article","@id":"https:\/\/interamerica.org\/fr\/2015\/02\/le-premier-ministre-du-rwanda-felicite-leglise-adventiste-pour-son-systeme-educatif\/#article","isPartOf":{"@id":"https:\/\/interamerica.org\/fr\/2015\/02\/le-premier-ministre-du-rwanda-felicite-leglise-adventiste-pour-son-systeme-educatif\/"},"author":{"name":"Lorenzo Verduzco","@id":"https:\/\/interamerica.org\/fr\/#\/schema\/person\/68ede8bdc292885bb76c1e3810e73c39"},"headline":"Le Premier Ministre du Rwanda f\u00e9licite l\u2019Eglise Adventiste pour son syst\u00e8me \u00e9ducatif","datePublished":"2015-02-12T04:00:00+00:00","mainEntityOfPage":{"@id":"https:\/\/interamerica.org\/fr\/2015\/02\/le-premier-ministre-du-rwanda-felicite-leglise-adventiste-pour-son-systeme-educatif\/"},"wordCount":637,"image":{"@id":"https:\/\/interamerica.org\/fr\/2015\/02\/le-premier-ministre-du-rwanda-felicite-leglise-adventiste-pour-son-systeme-educatif\/#primaryimage"},"thumbnailUrl":"https:\/\/interamerica.org\/wp-content\/uploads\/2017\/06\/csm_rwanda-snt-web_93e23d6ad3.jpg","articleSection":["Nouvelles de l'\u00c9glise mondiale","RSS Fran\u00e7ais"],"inLanguage":"fr-FR"},{"@type":"WebPage","@id":"https:\/\/interamerica.org\/fr\/2015\/02\/le-premier-ministre-du-rwanda-felicite-leglise-adventiste-pour-son-systeme-educatif\/","url":"https:\/\/interamerica.org\/fr\/2015\/02\/le-premier-ministre-du-rwanda-felicite-leglise-adventiste-pour-son-systeme-educatif\/","name":"Le Premier Ministre du Rwanda f\u00e9licite l\u2019Eglise Adventiste pour son syst\u00e8me \u00e9ducatif - \u00c9glise Adventiste Du Septieme Jour - Inter Am\u00e9rique Division","isPartOf":{"@id":"https:\/\/interamerica.org\/fr\/#website"},"primaryImageOfPage":{"@id":"https:\/\/interamerica.org\/fr\/2015\/02\/le-premier-ministre-du-rwanda-felicite-leglise-adventiste-pour-son-systeme-educatif\/#primaryimage"},"image":{"@id":"https:\/\/interamerica.org\/fr\/2015\/02\/le-premier-ministre-du-rwanda-felicite-leglise-adventiste-pour-son-systeme-educatif\/#primaryimage"},"thumbnailUrl":"https:\/\/interamerica.org\/wp-content\/uploads\/2017\/06\/csm_rwanda-snt-web_93e23d6ad3.jpg","datePublished":"2015-02-12T04:00:00+00:00","author":{"@id":"https:\/\/interamerica.org\/fr\/#\/schema\/person\/68ede8bdc292885bb76c1e3810e73c39"},"breadcrumb":{"@id":"https:\/\/interamerica.org\/fr\/2015\/02\/le-premier-ministre-du-rwanda-felicite-leglise-adventiste-pour-son-systeme-educatif\/#breadcrumb"},"inLanguage":"fr-FR","potentialAction":[{"@type":"ReadAction","target":["https:\/\/interamerica.org\/fr\/2015\/02\/le-premier-ministre-du-rwanda-felicite-leglise-adventiste-pour-son-systeme-educatif\/"]}]},{"@type":"ImageObject","inLanguage":"fr-FR","@id":"https:\/\/interamerica.org\/fr\/2015\/02\/le-premier-ministre-du-rwanda-felicite-leglise-adventiste-pour-son-systeme-educatif\/#primaryimage","url":"https:\/\/interamerica.org\/wp-content\/uploads\/2017\/06\/csm_rwanda-snt-web_93e23d6ad3.jpg","contentUrl":"https:\/\/interamerica.org\/wp-content\/uploads\/2017\/06\/csm_rwanda-snt-web_93e23d6ad3.jpg","width":400,"height":300},{"@type":"BreadcrumbList","@id":"https:\/\/interamerica.org\/fr\/2015\/02\/le-premier-ministre-du-rwanda-felicite-leglise-adventiste-pour-son-systeme-educatif\/#breadcrumb","itemListElement":[{"@type":"ListItem","position":1,"name":"Home","item":"https:\/\/interamerica.org\/fr\/"},{"@type":"ListItem","position":2,"name":"Le Premier Ministre du Rwanda f\u00e9licite l\u2019Eglise Adventiste pour son syst\u00e8me \u00e9ducatif"}]},{"@type":"WebSite","@id":"https:\/\/interamerica.org\/fr\/#website","url":"https:\/\/interamerica.org\/fr\/","name":"\u00c9glise Adventiste Du Septieme Jour - Inter Am\u00e9rique Division","description":"","potentialAction":[{"@type":"SearchAction","target":{"@type":"EntryPoint","urlTemplate":"https:\/\/interamerica.org\/fr\/?s={search_term_string}"},"query-input":{"@type":"PropertyValueSpecification","valueRequired":true,"valueName":"search_term_string"}}],"inLanguage":"fr-FR"},{"@type":"Person","@id":"https:\/\/interamerica.org\/fr\/#\/schema\/person\/68ede8bdc292885bb76c1e3810e73c39","name":"Lorenzo Verduzco","image":{"@type":"ImageObject","inLanguage":"fr-FR","@id":"https:\/\/secure.gravatar.com\/avatar\/fb81a55b6218459490a9c1dc841a34909185b81904c5337b4b27f7a6fd60c49e?s=96&d=mm&r=g","url":"https:\/\/secure.gravatar.com\/avatar\/fb81a55b6218459490a9c1dc841a34909185b81904c5337b4b27f7a6fd60c49e?s=96&d=mm&r=g","contentUrl":"https:\/\/secure.gravatar.com\/avatar\/fb81a55b6218459490a9c1dc841a34909185b81904c5337b4b27f7a6fd60c49e?s=96&d=mm&r=g","caption":"Lorenzo Verduzco"}}]}},"_links":{"self":[{"href":"https:\/\/interamerica.org\/fr\/wp-json\/wp\/v2\/posts\/32175","targetHints":{"allow":["GET"]}}],"collection":[{"href":"https:\/\/interamerica.org\/fr\/wp-json\/wp\/v2\/posts"}],"about":[{"href":"https:\/\/interamerica.org\/fr\/wp-json\/wp\/v2\/types\/post"}],"author":[{"embeddable":true,"href":"https:\/\/interamerica.org\/fr\/wp-json\/wp\/v2\/users\/1"}],"replies":[{"embeddable":true,"href":"https:\/\/interamerica.org\/fr\/wp-json\/wp\/v2\/comments?post=32175"}],"version-history":[{"count":0,"href":"https:\/\/interamerica.org\/fr\/wp-json\/wp\/v2\/posts\/32175\/revisions"}],"wp:featuredmedia":[{"embeddable":true,"href":"https:\/\/interamerica.org\/fr\/wp-json\/wp\/v2\/media\/24426"}],"wp:attachment":[{"href":"https:\/\/interamerica.org\/fr\/wp-json\/wp\/v2\/media?parent=32175"}],"wp:term":[{"taxonomy":"category","embeddable":true,"href":"https:\/\/interamerica.org\/fr\/wp-json\/wp\/v2\/categories?post=32175"},{"taxonomy":"post_tag","embeddable":true,"href":"https:\/\/interamerica.org\/fr\/wp-json\/wp\/v2\/tags?post=32175"}],"curies":[{"name":"wp","href":"https:\/\/api.w.org\/{rel}","templated":true}]}}