{"id":32176,"date":"2015-02-11T00:00:00","date_gmt":"2015-02-11T04:00:00","guid":{"rendered":"http:\/\/192.81.217.108\/interamerica\/2015\/02\/les-adventistes-du-soudan-du-sud-encourages-a-etre-des-ambassadeurs-de-paix\/"},"modified":"2015-02-11T00:00:00","modified_gmt":"2015-02-11T04:00:00","slug":"les-adventistes-du-soudan-du-sud-encourages-a-etre-des-ambassadeurs-de-paix","status":"publish","type":"post","link":"https:\/\/interamerica.org\/fr\/2015\/02\/les-adventistes-du-soudan-du-sud-encourages-a-etre-des-ambassadeurs-de-paix\/","title":{"rendered":"Les Adventistes du Soudan du Sud encourag\u00e9s \u00e0 \u00eatre des ambassadeurs de paix"},"content":{"rendered":"<p>11 F\u00e9vrier 2015 \u2013 Andrew McChesney\/Adventist Review \u2013 Silver Spring, Maryland, Etats Unis.<\/p>\n<div id=\"attachment_15163\" style=\"width: 410px\" class=\"wp-caption alignleft\"><a href=\"\/interamerica\/wp-content\/uploads\/2017\/06\/csm_Screen_Shot_2015-02-11_at_9.56.34_AM_1f2d18f7bf.png\" rel=\"fancybox\" title=\"Les Adventistes du Soudan du Sud encourag\u00e9s \u00e0 \u00eatre des ambassadeurs de paix\"><img fetchpriority=\"high\" decoding=\"async\" aria-describedby=\"caption-attachment-15163\" class=\"size-full wp-image-15163\" src=\"\/interamerica\/wp-content\/uploads\/2017\/06\/csm_Screen_Shot_2015-02-11_at_9.56.34_AM_1f2d18f7bf.png\" alt=\"\" width=\"400\" height=\"316\" \/><\/a><p id=\"caption-attachment-15163\" class=\"wp-caption-text\">Des Eclaireurs accueillent le pr\u00e9sident de l\u2019Eglise Adventiste, Ted N.C. Wilson et sa d\u00e9l\u00e9gation \u00e0 Juba dans le Soudan du Sud le dimanche 8 f\u00e9vrier.<\/p><\/div>\n<p>Le pr\u00e9sident de l\u2019Eglise Adventiste du Septi\u00e8me Jour a encourag\u00e9 les Adventistes \u00e0 \u00eatre des ambassadeurs de r\u00e9conciliation et de paix dans le Soudan du Sud, o\u00f9 un conflit long d\u2019une ann\u00e9e a pouss\u00e9 2 millions de personnes \u00e0 fuir leurs maisons et a amen\u00e9 la mise en place d\u2019un programme majeur d\u2019ADRA.<\/p>\n<p>Ted Wilson est intervenu lors d\u2019une visite de deux jours dans ce pays, le plus jeune de la plan\u00e8te, qui a obtenu l\u2019ind\u00e9pendance du Soudan en 2011. Il effectue une visite dans sept pays de la r\u00e9gion qui a d\u00e9but\u00e9 en Inde et en Tanzanie et qui l\u2019am\u00e8nera au Rwanda mardi.<\/p>\n<p>Ted Wilson a \u00e9t\u00e9 accueilli dans la capitale du pays, Juba, par une parade joyeuse avec des centaines d\u2019Eclaireurs et d\u2019autres membres d\u2019\u00e9glise. Les femmes engag\u00e9es dans le Minist\u00e8re de la Femme local, ont transperc\u00e9 l\u2019air d\u2019un cri strident utilis\u00e9 pour accueillir les invit\u00e9s. La foule color\u00e9e a march\u00e9 sous une temp\u00e9rature avoisinant les 45,5 degr\u00e9s, du centre ville jusqu\u2019\u00e0 un espace qui abrite le si\u00e8ge local de l\u2019Eglise Adventiste.<\/p>\n<p>Ted Wilson a dit \u00e0 l\u2019assembl\u00e9e qu\u2019il \u00e9tait venu sp\u00e9cialement pour s\u2019assurer qu\u2019ils ressentent bien qu\u2019ils font partie de la famille mondiale de l\u2019Eglise Adventiste du Septi\u00e8me Jour.<\/p>\n<p>\u00ab Nous ne voulons pas qu\u2019ils se sentent s\u00e9par\u00e9s ou \u00e0 part, \u00bb a dit Ted Wilson par e-mail. \u00ab Ils sont si heureux de faire partie de la grande famille de Dieu : c\u2019est un peuple magnifique, amical et fid\u00e8le. \u00bb<\/p>\n<p>Ted Wilson a \u00e9galement fait r\u00e9f\u00e9rence \u00e0 2 Corinthiens 5 o\u00f9 Paul d\u00e9clare que les croyants sont des \u00ab ambassadeurs pour Christ \u00bb et dit comment Dieu \u00ab nous a donn\u00e9 le minist\u00e8re de la r\u00e9conciliation. \u00bb<\/p>\n<p>\u00ab J\u2019ai partag\u00e9 avec eux leur besoin d\u2019\u00eatre des ambassadeurs de r\u00e9conciliation et de paix dans le Soudan du Sud afin d\u2019amener la paix dans le pays, \u00bb a dit Ted Wilson.<\/p>\n<p>Il a fait des remarques similaires dans une interview donn\u00e9e lundi sur 94.0 Salvation FM, une station de radio \u00e0 Juba qui appartient \u00e0 l\u2019Eglise Adventiste.<\/p>\n<p>Le Soudan du Sud est emp\u00eatr\u00e9 dans des conflits inter-ethniques depuis d\u00e9cembre 2013. Le pr\u00e9sident du pays et son rival sont parvenus \u00e0 un accord de partage du pouvoir le mois dernier, mais les termes de cet accord n\u2019ont pas encore \u00e9t\u00e9 d\u00e9termin\u00e9s.<\/p>\n<p>Sur les 2 millions de personnes qui ont fui leurs maisons au cours de l\u2019ann\u00e9e \u00e9coul\u00e9e, 1,5 millions sont encore dispers\u00e9s dans le Soudan du Sud et le reste a cherch\u00e9 refuge dans des pays voisins, d\u2019apr\u00e8s les chiffres donn\u00e9s par les Nations Unies. Un haut responsable de l\u2019ONU, Val\u00e9rie Amos, a alert\u00e9 lundi lors d\u2019une visite \u00e0 Juba, sur le fait que 2,5 millions de personnes ont urgemment besoin d\u2019aide alimentaire.<\/p>\n<p>L\u2019Agence Adventiste de D\u00e9veloppement et de Secours \u0153uvre actuellement dans le domaine sanitaire dans le Soudan du Sud et, par rapport au conflit, s\u2019est associ\u00e9e aux Nations Unies pour offrir des provisions alimentaires d\u2019urgence aux personnes d\u00e9plac\u00e9es \u00e0 l\u2019int\u00e9rieur du pays, a dit Imad Madanat, vice-pr\u00e9sident en charge des programmes pour ADRA International.<\/p>\n<p>\u00ab La saison des pluies a rendu quasi impossible l\u2019acc\u00e8s aux villages \u00e9loign\u00e9s pour y apporter des provisions alimentaires et des soins m\u00e9dicaux d\u2019urgence, \u00bb a dit Madanat par e-mail. \u00ab La situation au Soudan du Sud est toujours pr\u00e9occupante, et nous faisons tout ce qui d\u00e9pend de nous pour atteindre autant de personnes que possible qui sont d\u00e9plac\u00e9es \u00e0 l\u2019int\u00e9rieur du pays. \u00bb<\/p>\n<p>ADRA compte 350 employ\u00e9s au service de 372000 personnes \u00e0 travers divers programmes, y compris des programmes alimentaires, a indiqu\u00e9 Ted Wilson. Quelques 50 autres employ\u00e9s doivent bient\u00f4t \u00eatre ajout\u00e9s.<\/p>\n<p>\u00ab Ils constituent probablement le plus grand programme ADRA dans le monde, \u00bb a dit Ted Wilson apr\u00e8s avoir pris part \u00e0 une rencontre sp\u00e9ciale d\u2019ADRA lundi.<\/p>\n<p>On ne sait pas avec certitude combien de personnes vivent au Soudan du Sud, les estimations variant entre 8 et 11 millions de personnes.<\/p>\n<p>L\u2019Eglise Adventiste dans le Soudan du Sud compte 23000 membres qui se r\u00e9unissent pour adorer dans 59 \u00e9glises et 166 groupes.<\/p>\n<p>Sur 94.0 Salvation FM, Ted Wilson a pris part \u00e0 une c\u00e9r\u00e9monie de pose de pierre pour un nouveau centre audiovisuel qui remplacera un <a href=\"http:\/\/news.adventist.org\/all-news\/news\/go\/2012-08-14\/in-newest-country-radio-ministry-coming-soon\/\">studio dans un container<\/a> qui \u00e9tait utilis\u00e9 par la station de radio.<\/p>\n<p>Il a \u00e9galement particip\u00e9 \u00e0 l\u2019inauguration de nouvelles chambres d\u2019h\u00f4tes sur le terrain Adventiste \u2013 un logement d\u00e9cent est difficile \u00e0 trouver dans la ville \u2013 et aussi \u00e0 la pose de la premi\u00e8re pierre pour une nouvelle \u00e9glise qui pourra accueillir 4000 personnes.<\/p>\n<p>Traduction: Patrick Luciathe<\/p>\n","protected":false},"excerpt":{"rendered":"<p>Le pr\u00e9sident de l\u2019Eglise Adventiste du Septi\u00e8me Jour a encourag\u00e9 les Adventistes \u00e0 \u00eatre des ambassadeurs de r\u00e9conciliation et de paix dans le Soudan du Sud, o\u00f9 un conflit long d\u2019une ann\u00e9e a pouss\u00e9 2 millions de personnes \u00e0 fuir leurs maisons et a amen\u00e9 la mise en place d\u2019un programme majeur d\u2019ADRA.  <\/p>\n<p>Ted Wilson est intervenu lors d\u2019une visite de deux jours dans ce pays, le plus jeune de la plan\u00e8te, qui a obtenu l\u2019ind\u00e9pendance du Soudan en 2011. Il effectue une visite dans sept pays de la r\u00e9gion qui a d\u00e9but\u00e9 en Inde et en Tanzanie et qui l\u2019am\u00e8nera au Rwanda mardi.<\/p>\n","protected":false},"author":1,"featured_media":24422,"comment_status":"closed","ping_status":"closed","sticky":false,"template":"","format":"standard","meta":{"_acf_changed":false,"footnotes":""},"categories":[18,19],"tags":[],"class_list":["post-32176","post","type-post","status-publish","format-standard","has-post-thumbnail","hentry","category-nouvelles-de-leglise-mondiale","category-rss-francais"],"acf":[],"yoast_head":"<!-- This site is optimized with the Yoast SEO plugin v27.3 - https:\/\/yoast.com\/product\/yoast-seo-wordpress\/ -->\n<title>Les Adventistes du Soudan du Sud encourag\u00e9s \u00e0 \u00eatre des ambassadeurs de paix - \u00c9glise Adventiste Du Septieme Jour - Inter Am\u00e9rique Division<\/title>\n<meta name=\"robots\" content=\"index, follow, max-snippet:-1, max-image-preview:large, max-video-preview:-1\" \/>\n<link rel=\"canonical\" href=\"https:\/\/interamerica.org\/fr\/2015\/02\/les-adventistes-du-soudan-du-sud-encourages-a-etre-des-ambassadeurs-de-paix\/\" \/>\n<meta property=\"og:locale\" content=\"fr_FR\" \/>\n<meta property=\"og:type\" content=\"article\" \/>\n<meta property=\"og:title\" content=\"Les Adventistes du Soudan du Sud encourag\u00e9s \u00e0 \u00eatre des ambassadeurs de paix - \u00c9glise Adventiste Du Septieme Jour - Inter Am\u00e9rique Division\" \/>\n<meta property=\"og:description\" content=\"Le pr\u00e9sident de l\u2019Eglise Adventiste du Septi\u00e8me Jour a encourag\u00e9 les Adventistes \u00e0 \u00eatre des ambassadeurs de r\u00e9conciliation et de paix dans le Soudan du Sud, o\u00f9 un conflit long d\u2019une ann\u00e9e a pouss\u00e9 2 millions de personnes \u00e0 fuir leurs maisons et a amen\u00e9 la mise en place d\u2019un programme majeur d\u2019ADRA.  Ted Wilson est intervenu lors d\u2019une visite de deux jours dans ce pays, le plus jeune de la plan\u00e8te, qui a obtenu l\u2019ind\u00e9pendance du Soudan en 2011. Il effectue une visite dans sept pays de la r\u00e9gion qui a d\u00e9but\u00e9 en Inde et en Tanzanie et qui l\u2019am\u00e8nera au Rwanda mardi.\" \/>\n<meta property=\"og:url\" content=\"https:\/\/interamerica.org\/fr\/2015\/02\/les-adventistes-du-soudan-du-sud-encourages-a-etre-des-ambassadeurs-de-paix\/\" \/>\n<meta property=\"og:site_name\" content=\"\u00c9glise Adventiste Du Septieme Jour - Inter Am\u00e9rique Division\" \/>\n<meta property=\"article:published_time\" content=\"2015-02-11T04:00:00+00:00\" \/>\n<meta property=\"og:image\" content=\"https:\/\/interamerica.org\/wp-content\/uploads\/2017\/06\/csm_Screen_Shot_2015-02-11_at_9.56.34_AM_1f2d18f7bf.png\" \/>\n\t<meta property=\"og:image:width\" content=\"400\" \/>\n\t<meta property=\"og:image:height\" content=\"316\" \/>\n\t<meta property=\"og:image:type\" content=\"image\/png\" \/>\n<meta name=\"author\" content=\"Lorenzo Verduzco\" \/>\n<meta name=\"twitter:card\" content=\"summary_large_image\" \/>\n<meta name=\"twitter:label1\" content=\"\u00c9crit par\" \/>\n\t<meta name=\"twitter:data1\" content=\"Lorenzo Verduzco\" \/>\n\t<meta name=\"twitter:label2\" content=\"Dur\u00e9e de lecture estim\u00e9e\" \/>\n\t<meta name=\"twitter:data2\" content=\"4 minutes\" \/>\n<script type=\"application\/ld+json\" class=\"yoast-schema-graph\">{\"@context\":\"https:\\\/\\\/schema.org\",\"@graph\":[{\"@type\":\"Article\",\"@id\":\"https:\\\/\\\/interamerica.org\\\/fr\\\/2015\\\/02\\\/les-adventistes-du-soudan-du-sud-encourages-a-etre-des-ambassadeurs-de-paix\\\/#article\",\"isPartOf\":{\"@id\":\"https:\\\/\\\/interamerica.org\\\/fr\\\/2015\\\/02\\\/les-adventistes-du-soudan-du-sud-encourages-a-etre-des-ambassadeurs-de-paix\\\/\"},\"author\":{\"name\":\"Lorenzo Verduzco\",\"@id\":\"https:\\\/\\\/interamerica.org\\\/fr\\\/#\\\/schema\\\/person\\\/68ede8bdc292885bb76c1e3810e73c39\"},\"headline\":\"Les Adventistes du Soudan du Sud encourag\u00e9s \u00e0 \u00eatre des ambassadeurs de paix\",\"datePublished\":\"2015-02-11T04:00:00+00:00\",\"mainEntityOfPage\":{\"@id\":\"https:\\\/\\\/interamerica.org\\\/fr\\\/2015\\\/02\\\/les-adventistes-du-soudan-du-sud-encourages-a-etre-des-ambassadeurs-de-paix\\\/\"},\"wordCount\":868,\"image\":{\"@id\":\"https:\\\/\\\/interamerica.org\\\/fr\\\/2015\\\/02\\\/les-adventistes-du-soudan-du-sud-encourages-a-etre-des-ambassadeurs-de-paix\\\/#primaryimage\"},\"thumbnailUrl\":\"https:\\\/\\\/interamerica.org\\\/wp-content\\\/uploads\\\/2017\\\/06\\\/csm_Screen_Shot_2015-02-11_at_9.56.34_AM_1f2d18f7bf.png\",\"articleSection\":[\"Nouvelles de l'\u00c9glise mondiale\",\"RSS Fran\u00e7ais\"],\"inLanguage\":\"fr-FR\"},{\"@type\":\"WebPage\",\"@id\":\"https:\\\/\\\/interamerica.org\\\/fr\\\/2015\\\/02\\\/les-adventistes-du-soudan-du-sud-encourages-a-etre-des-ambassadeurs-de-paix\\\/\",\"url\":\"https:\\\/\\\/interamerica.org\\\/fr\\\/2015\\\/02\\\/les-adventistes-du-soudan-du-sud-encourages-a-etre-des-ambassadeurs-de-paix\\\/\",\"name\":\"Les Adventistes du Soudan du Sud encourag\u00e9s \u00e0 \u00eatre des ambassadeurs de paix - \u00c9glise Adventiste Du Septieme Jour - Inter Am\u00e9rique Division\",\"isPartOf\":{\"@id\":\"https:\\\/\\\/interamerica.org\\\/fr\\\/#website\"},\"primaryImageOfPage\":{\"@id\":\"https:\\\/\\\/interamerica.org\\\/fr\\\/2015\\\/02\\\/les-adventistes-du-soudan-du-sud-encourages-a-etre-des-ambassadeurs-de-paix\\\/#primaryimage\"},\"image\":{\"@id\":\"https:\\\/\\\/interamerica.org\\\/fr\\\/2015\\\/02\\\/les-adventistes-du-soudan-du-sud-encourages-a-etre-des-ambassadeurs-de-paix\\\/#primaryimage\"},\"thumbnailUrl\":\"https:\\\/\\\/interamerica.org\\\/wp-content\\\/uploads\\\/2017\\\/06\\\/csm_Screen_Shot_2015-02-11_at_9.56.34_AM_1f2d18f7bf.png\",\"datePublished\":\"2015-02-11T04:00:00+00:00\",\"author\":{\"@id\":\"https:\\\/\\\/interamerica.org\\\/fr\\\/#\\\/schema\\\/person\\\/68ede8bdc292885bb76c1e3810e73c39\"},\"breadcrumb\":{\"@id\":\"https:\\\/\\\/interamerica.org\\\/fr\\\/2015\\\/02\\\/les-adventistes-du-soudan-du-sud-encourages-a-etre-des-ambassadeurs-de-paix\\\/#breadcrumb\"},\"inLanguage\":\"fr-FR\",\"potentialAction\":[{\"@type\":\"ReadAction\",\"target\":[\"https:\\\/\\\/interamerica.org\\\/fr\\\/2015\\\/02\\\/les-adventistes-du-soudan-du-sud-encourages-a-etre-des-ambassadeurs-de-paix\\\/\"]}]},{\"@type\":\"ImageObject\",\"inLanguage\":\"fr-FR\",\"@id\":\"https:\\\/\\\/interamerica.org\\\/fr\\\/2015\\\/02\\\/les-adventistes-du-soudan-du-sud-encourages-a-etre-des-ambassadeurs-de-paix\\\/#primaryimage\",\"url\":\"https:\\\/\\\/interamerica.org\\\/wp-content\\\/uploads\\\/2017\\\/06\\\/csm_Screen_Shot_2015-02-11_at_9.56.34_AM_1f2d18f7bf.png\",\"contentUrl\":\"https:\\\/\\\/interamerica.org\\\/wp-content\\\/uploads\\\/2017\\\/06\\\/csm_Screen_Shot_2015-02-11_at_9.56.34_AM_1f2d18f7bf.png\",\"width\":400,\"height\":316},{\"@type\":\"BreadcrumbList\",\"@id\":\"https:\\\/\\\/interamerica.org\\\/fr\\\/2015\\\/02\\\/les-adventistes-du-soudan-du-sud-encourages-a-etre-des-ambassadeurs-de-paix\\\/#breadcrumb\",\"itemListElement\":[{\"@type\":\"ListItem\",\"position\":1,\"name\":\"Home\",\"item\":\"https:\\\/\\\/interamerica.org\\\/fr\\\/\"},{\"@type\":\"ListItem\",\"position\":2,\"name\":\"Les Adventistes du Soudan du Sud encourag\u00e9s \u00e0 \u00eatre des ambassadeurs de paix\"}]},{\"@type\":\"WebSite\",\"@id\":\"https:\\\/\\\/interamerica.org\\\/fr\\\/#website\",\"url\":\"https:\\\/\\\/interamerica.org\\\/fr\\\/\",\"name\":\"\u00c9glise Adventiste Du Septieme Jour - Inter Am\u00e9rique Division\",\"description\":\"\",\"potentialAction\":[{\"@type\":\"SearchAction\",\"target\":{\"@type\":\"EntryPoint\",\"urlTemplate\":\"https:\\\/\\\/interamerica.org\\\/fr\\\/?s={search_term_string}\"},\"query-input\":{\"@type\":\"PropertyValueSpecification\",\"valueRequired\":true,\"valueName\":\"search_term_string\"}}],\"inLanguage\":\"fr-FR\"},{\"@type\":\"Person\",\"@id\":\"https:\\\/\\\/interamerica.org\\\/fr\\\/#\\\/schema\\\/person\\\/68ede8bdc292885bb76c1e3810e73c39\",\"name\":\"Lorenzo Verduzco\",\"image\":{\"@type\":\"ImageObject\",\"inLanguage\":\"fr-FR\",\"@id\":\"https:\\\/\\\/secure.gravatar.com\\\/avatar\\\/fb81a55b6218459490a9c1dc841a34909185b81904c5337b4b27f7a6fd60c49e?s=96&d=mm&r=g\",\"url\":\"https:\\\/\\\/secure.gravatar.com\\\/avatar\\\/fb81a55b6218459490a9c1dc841a34909185b81904c5337b4b27f7a6fd60c49e?s=96&d=mm&r=g\",\"contentUrl\":\"https:\\\/\\\/secure.gravatar.com\\\/avatar\\\/fb81a55b6218459490a9c1dc841a34909185b81904c5337b4b27f7a6fd60c49e?s=96&d=mm&r=g\",\"caption\":\"Lorenzo Verduzco\"}}]}<\/script>\n<!-- \/ Yoast SEO plugin. -->","yoast_head_json":{"title":"Les Adventistes du Soudan du Sud encourag\u00e9s \u00e0 \u00eatre des ambassadeurs de paix - \u00c9glise Adventiste Du Septieme Jour - Inter Am\u00e9rique Division","robots":{"index":"index","follow":"follow","max-snippet":"max-snippet:-1","max-image-preview":"max-image-preview:large","max-video-preview":"max-video-preview:-1"},"canonical":"https:\/\/interamerica.org\/fr\/2015\/02\/les-adventistes-du-soudan-du-sud-encourages-a-etre-des-ambassadeurs-de-paix\/","og_locale":"fr_FR","og_type":"article","og_title":"Les Adventistes du Soudan du Sud encourag\u00e9s \u00e0 \u00eatre des ambassadeurs de paix - \u00c9glise Adventiste Du Septieme Jour - Inter Am\u00e9rique Division","og_description":"Le pr\u00e9sident de l\u2019Eglise Adventiste du Septi\u00e8me Jour a encourag\u00e9 les Adventistes \u00e0 \u00eatre des ambassadeurs de r\u00e9conciliation et de paix dans le Soudan du Sud, o\u00f9 un conflit long d\u2019une ann\u00e9e a pouss\u00e9 2 millions de personnes \u00e0 fuir leurs maisons et a amen\u00e9 la mise en place d\u2019un programme majeur d\u2019ADRA.  Ted Wilson est intervenu lors d\u2019une visite de deux jours dans ce pays, le plus jeune de la plan\u00e8te, qui a obtenu l\u2019ind\u00e9pendance du Soudan en 2011. Il effectue une visite dans sept pays de la r\u00e9gion qui a d\u00e9but\u00e9 en Inde et en Tanzanie et qui l\u2019am\u00e8nera au Rwanda mardi.","og_url":"https:\/\/interamerica.org\/fr\/2015\/02\/les-adventistes-du-soudan-du-sud-encourages-a-etre-des-ambassadeurs-de-paix\/","og_site_name":"\u00c9glise Adventiste Du Septieme Jour - Inter Am\u00e9rique Division","article_published_time":"2015-02-11T04:00:00+00:00","og_image":[{"width":400,"height":316,"url":"https:\/\/interamerica.org\/wp-content\/uploads\/2017\/06\/csm_Screen_Shot_2015-02-11_at_9.56.34_AM_1f2d18f7bf.png","type":"image\/png"}],"author":"Lorenzo Verduzco","twitter_card":"summary_large_image","twitter_misc":{"\u00c9crit par":"Lorenzo Verduzco","Dur\u00e9e de lecture estim\u00e9e":"4 minutes"},"schema":{"@context":"https:\/\/schema.org","@graph":[{"@type":"Article","@id":"https:\/\/interamerica.org\/fr\/2015\/02\/les-adventistes-du-soudan-du-sud-encourages-a-etre-des-ambassadeurs-de-paix\/#article","isPartOf":{"@id":"https:\/\/interamerica.org\/fr\/2015\/02\/les-adventistes-du-soudan-du-sud-encourages-a-etre-des-ambassadeurs-de-paix\/"},"author":{"name":"Lorenzo Verduzco","@id":"https:\/\/interamerica.org\/fr\/#\/schema\/person\/68ede8bdc292885bb76c1e3810e73c39"},"headline":"Les Adventistes du Soudan du Sud encourag\u00e9s \u00e0 \u00eatre des ambassadeurs de paix","datePublished":"2015-02-11T04:00:00+00:00","mainEntityOfPage":{"@id":"https:\/\/interamerica.org\/fr\/2015\/02\/les-adventistes-du-soudan-du-sud-encourages-a-etre-des-ambassadeurs-de-paix\/"},"wordCount":868,"image":{"@id":"https:\/\/interamerica.org\/fr\/2015\/02\/les-adventistes-du-soudan-du-sud-encourages-a-etre-des-ambassadeurs-de-paix\/#primaryimage"},"thumbnailUrl":"https:\/\/interamerica.org\/wp-content\/uploads\/2017\/06\/csm_Screen_Shot_2015-02-11_at_9.56.34_AM_1f2d18f7bf.png","articleSection":["Nouvelles de l'\u00c9glise mondiale","RSS Fran\u00e7ais"],"inLanguage":"fr-FR"},{"@type":"WebPage","@id":"https:\/\/interamerica.org\/fr\/2015\/02\/les-adventistes-du-soudan-du-sud-encourages-a-etre-des-ambassadeurs-de-paix\/","url":"https:\/\/interamerica.org\/fr\/2015\/02\/les-adventistes-du-soudan-du-sud-encourages-a-etre-des-ambassadeurs-de-paix\/","name":"Les Adventistes du Soudan du Sud encourag\u00e9s \u00e0 \u00eatre des ambassadeurs de paix - \u00c9glise Adventiste Du Septieme Jour - Inter Am\u00e9rique Division","isPartOf":{"@id":"https:\/\/interamerica.org\/fr\/#website"},"primaryImageOfPage":{"@id":"https:\/\/interamerica.org\/fr\/2015\/02\/les-adventistes-du-soudan-du-sud-encourages-a-etre-des-ambassadeurs-de-paix\/#primaryimage"},"image":{"@id":"https:\/\/interamerica.org\/fr\/2015\/02\/les-adventistes-du-soudan-du-sud-encourages-a-etre-des-ambassadeurs-de-paix\/#primaryimage"},"thumbnailUrl":"https:\/\/interamerica.org\/wp-content\/uploads\/2017\/06\/csm_Screen_Shot_2015-02-11_at_9.56.34_AM_1f2d18f7bf.png","datePublished":"2015-02-11T04:00:00+00:00","author":{"@id":"https:\/\/interamerica.org\/fr\/#\/schema\/person\/68ede8bdc292885bb76c1e3810e73c39"},"breadcrumb":{"@id":"https:\/\/interamerica.org\/fr\/2015\/02\/les-adventistes-du-soudan-du-sud-encourages-a-etre-des-ambassadeurs-de-paix\/#breadcrumb"},"inLanguage":"fr-FR","potentialAction":[{"@type":"ReadAction","target":["https:\/\/interamerica.org\/fr\/2015\/02\/les-adventistes-du-soudan-du-sud-encourages-a-etre-des-ambassadeurs-de-paix\/"]}]},{"@type":"ImageObject","inLanguage":"fr-FR","@id":"https:\/\/interamerica.org\/fr\/2015\/02\/les-adventistes-du-soudan-du-sud-encourages-a-etre-des-ambassadeurs-de-paix\/#primaryimage","url":"https:\/\/interamerica.org\/wp-content\/uploads\/2017\/06\/csm_Screen_Shot_2015-02-11_at_9.56.34_AM_1f2d18f7bf.png","contentUrl":"https:\/\/interamerica.org\/wp-content\/uploads\/2017\/06\/csm_Screen_Shot_2015-02-11_at_9.56.34_AM_1f2d18f7bf.png","width":400,"height":316},{"@type":"BreadcrumbList","@id":"https:\/\/interamerica.org\/fr\/2015\/02\/les-adventistes-du-soudan-du-sud-encourages-a-etre-des-ambassadeurs-de-paix\/#breadcrumb","itemListElement":[{"@type":"ListItem","position":1,"name":"Home","item":"https:\/\/interamerica.org\/fr\/"},{"@type":"ListItem","position":2,"name":"Les Adventistes du Soudan du Sud encourag\u00e9s \u00e0 \u00eatre des ambassadeurs de paix"}]},{"@type":"WebSite","@id":"https:\/\/interamerica.org\/fr\/#website","url":"https:\/\/interamerica.org\/fr\/","name":"\u00c9glise Adventiste Du Septieme Jour - Inter Am\u00e9rique Division","description":"","potentialAction":[{"@type":"SearchAction","target":{"@type":"EntryPoint","urlTemplate":"https:\/\/interamerica.org\/fr\/?s={search_term_string}"},"query-input":{"@type":"PropertyValueSpecification","valueRequired":true,"valueName":"search_term_string"}}],"inLanguage":"fr-FR"},{"@type":"Person","@id":"https:\/\/interamerica.org\/fr\/#\/schema\/person\/68ede8bdc292885bb76c1e3810e73c39","name":"Lorenzo Verduzco","image":{"@type":"ImageObject","inLanguage":"fr-FR","@id":"https:\/\/secure.gravatar.com\/avatar\/fb81a55b6218459490a9c1dc841a34909185b81904c5337b4b27f7a6fd60c49e?s=96&d=mm&r=g","url":"https:\/\/secure.gravatar.com\/avatar\/fb81a55b6218459490a9c1dc841a34909185b81904c5337b4b27f7a6fd60c49e?s=96&d=mm&r=g","contentUrl":"https:\/\/secure.gravatar.com\/avatar\/fb81a55b6218459490a9c1dc841a34909185b81904c5337b4b27f7a6fd60c49e?s=96&d=mm&r=g","caption":"Lorenzo Verduzco"}}]}},"_links":{"self":[{"href":"https:\/\/interamerica.org\/fr\/wp-json\/wp\/v2\/posts\/32176","targetHints":{"allow":["GET"]}}],"collection":[{"href":"https:\/\/interamerica.org\/fr\/wp-json\/wp\/v2\/posts"}],"about":[{"href":"https:\/\/interamerica.org\/fr\/wp-json\/wp\/v2\/types\/post"}],"author":[{"embeddable":true,"href":"https:\/\/interamerica.org\/fr\/wp-json\/wp\/v2\/users\/1"}],"replies":[{"embeddable":true,"href":"https:\/\/interamerica.org\/fr\/wp-json\/wp\/v2\/comments?post=32176"}],"version-history":[{"count":0,"href":"https:\/\/interamerica.org\/fr\/wp-json\/wp\/v2\/posts\/32176\/revisions"}],"wp:featuredmedia":[{"embeddable":true,"href":"https:\/\/interamerica.org\/fr\/wp-json\/wp\/v2\/media\/24422"}],"wp:attachment":[{"href":"https:\/\/interamerica.org\/fr\/wp-json\/wp\/v2\/media?parent=32176"}],"wp:term":[{"taxonomy":"category","embeddable":true,"href":"https:\/\/interamerica.org\/fr\/wp-json\/wp\/v2\/categories?post=32176"},{"taxonomy":"post_tag","embeddable":true,"href":"https:\/\/interamerica.org\/fr\/wp-json\/wp\/v2\/tags?post=32176"}],"curies":[{"name":"wp","href":"https:\/\/api.w.org\/{rel}","templated":true}]}}