{"id":32178,"date":"2015-02-23T00:00:00","date_gmt":"2015-02-23T04:00:00","guid":{"rendered":"http:\/\/192.81.217.108\/interamerica\/2015\/02\/la-reponse-de-leglise-adventiste-a-lepidemie-debola-met-en-lumiere-des-efforts-coordonnes\/"},"modified":"2015-02-23T00:00:00","modified_gmt":"2015-02-23T04:00:00","slug":"la-reponse-de-leglise-adventiste-a-lepidemie-debola-met-en-lumiere-des-efforts-coordonnes","status":"publish","type":"post","link":"https:\/\/interamerica.org\/fr\/2015\/02\/la-reponse-de-leglise-adventiste-a-lepidemie-debola-met-en-lumiere-des-efforts-coordonnes\/","title":{"rendered":"La r\u00e9ponse de l\u2019Eglise Adventiste \u00e0 l\u2019\u00e9pid\u00e9mie d\u2019Ebola met en lumi\u00e8re des efforts coordonn\u00e9s"},"content":{"rendered":"<p>20 F\u00e9vrier 2015 \u2013 Silver Spring, Maryland, Etats Unis \u2013 Ansel Oliver\/ANN<\/p>\n<div id=\"attachment_15299\" style=\"width: 410px\" class=\"wp-caption alignright\"><a href=\"\/interamerica\/wp-content\/uploads\/2017\/06\/csm_who-ebola-sierra-web_a2282df8ce.jpg\" rel=\"fancybox\" title=\"La r\u00e9ponse de l\u2019Eglise Adventiste \u00e0 l\u2019\u00e9pid\u00e9mie d\u2019Ebola met en lumi\u00e8re des efforts coordonn\u00e9s\"><img fetchpriority=\"high\" decoding=\"async\" aria-describedby=\"caption-attachment-15299\" class=\"size-full wp-image-15299\" src=\"\/interamerica\/wp-content\/uploads\/2017\/06\/csm_who-ebola-sierra-web_a2282df8ce.jpg\" alt=\"\" width=\"400\" height=\"325\" \/><\/a><p id=\"caption-attachment-15299\" class=\"wp-caption-text\">\u00ab Aujourd\u2019hui les enfants appellent les gens comme nous Ebola Bomba. Cela veut dire que vous \u00eates une personne victorieuse qui se bat contre Ebola. \u00ab Nous allons le vaincre, \u00bb a dit Prince U. Goma, un pharmacien \u00e0 l\u2019H\u00f4pital Adventiste de Waterloo en Sierra Leone. Image de W. Romeril\/OMS par Facebook.<\/p><\/div>\n<p>La r\u00e9ponse coordonn\u00e9e de l\u2019Eglise Adventiste du Septi\u00e8me Jour \u00e0 la crise provoqu\u00e9e par Ebola en Afrique de l\u2019Ouest inclut des projets d\u2019\u00e9radication au Liberia et en Sierra Leone, des pays affect\u00e9s, ainsi que l\u2019apport de soutien \u00e0 plusieurs h\u00f4pitaux et \u00e0 plus de deux douzaines d\u2019\u00e9coles dont la plupart sont encore ferm\u00e9es.<\/p>\n<p>On a vu affluer du soutien du r\u00e9seau international de la d\u00e9nomination, y compris du si\u00e8ge mondial, du d\u00e9partement des Minist\u00e8res de la Sant\u00e9, de l\u2019Universit\u00e9 de Loma Linda, d\u2019Adventist Health International, de l\u2019Agence Adventiste de D\u00e9veloppement et de Secours, de Hope for Humanity, ainsi que de plusieurs \u00e9coles, des h\u00f4pitaux, des \u00e9glises et des donateurs individuels.<\/p>\n<p>En d\u00e9cembre, l\u2019Agence Adventiste de D\u00e9veloppement et de Secours (ADRA) a \u00e9tabli une position pour coordonner, parmi les entit\u00e9s Adventistes du monde entier, les actions humanitaires mises en place pour r\u00e9agir face \u00e0 l\u2019\u00e9pid\u00e9mie.<\/p>\n<p>\u00ab ADRA, ainsi que d\u2019autres entit\u00e9s Adventistes n\u2019avaient pas vraiment travaill\u00e9 ensemble de cette mani\u00e8re auparavant, mais il n\u2019y avait pas de crise comme celle provoqu\u00e9e par l\u2019\u00e9pid\u00e9mie d\u2019Ebola, \u00bb a dit Elizabeth Foulkes, la coordinatrice d\u2019ADRA en charge de la r\u00e9ponse \u00e0 l\u2019\u00e9pid\u00e9mie d\u2019Ebola. \u00ab De toute \u00e9vidence, tous ensemble on peut faire davantage que chacun seul. \u00bb<\/p>\n<p>\u00ab L\u2019Eglise Adventiste en particulier, en tant qu\u2019\u00e9glise globale comptant des congr\u00e9gations et des institutions \u00e0 travers le monde, a quelque part un avantage sur les autres [organisations non gouvernementales] en ce que presque partout o\u00f9 vous allez, il y a d\u00e9j\u00e0 des gens sur le terrain, que ce soit au niveau des \u00e9glises, des divisions, des unions, des f\u00e9d\u00e9rations, des missions, des \u00e9coles, des h\u00f4pitaux ou d\u2019ADRA, \u00bb a dit Elizabeth Foulkes.<\/p>\n<p>\u00ab Les contributions font une diff\u00e9rence sur le terrain, \u00bb a t-elle ajout\u00e9.<\/p>\n<p>Cette semaine, des repr\u00e9sentants d\u2019ADRA International, d\u2019Adventist Health International ainsi que l\u2019\u00e9quipe Internationale de Sant\u00e9 Comportementale Traumatique de l\u2019Universit\u00e9 de Loma Linda, se sont r\u00e9unis \u00e0 Loma Linda, en Californie aux Etats Unis, afin de discuter au sujet de la meilleure mani\u00e8re de travailler ensemble pour r\u00e9pondre \u00e0 la crise provoqu\u00e9e par l\u2019\u00e9pid\u00e9mie d\u2019Ebola et aux urgences \u00e0 venir.<\/p>\n<p><strong>La r\u00e9ponse clinique propose des soins aux patients victimes d\u2019Ebola et aux autres<\/strong><\/p>\n<p>En Sierra Leone, ADRA g\u00e8re des \u00e9quipes de d\u00e9contamination qui vaporisent les foyers et remplacent les matelas et la literie infect\u00e9s dans les quartiers des faubourgs de Freetown, la capitale du pays.<\/p>\n<p>L\u2019H\u00f4pital Adventiste de Waterloo en Sierra Leone continue de fonctionner comme un Centre de Traitement pour Ebola et est soutenue par l\u2019Organisation Mondiale de la Sant\u00e9 et la Brigade M\u00e9dicale Cubaine, d\u2019apr\u00e8s ce qu\u2019indique un r\u00e9cent Rapport d\u2019ADRA sur la Situation d\u2019Ebola.<\/p>\n<p>L\u2019h\u00f4pital de Waterloo a besoin de grandes r\u00e9parations au niveau de la plomberie \u00e0 cause des effets du chlore utilis\u00e9 pour d\u00e9sinfecter l\u2019\u00e9tablissement. L\u2019h\u00f4pital a \u00e9galement besoin de v\u00eatements pour les patients, vu que les patients contamin\u00e9s par le virus Ebola doivent remettre leurs v\u00eatements afin qu\u2019ils soient br\u00fbl\u00e9s. L\u2019h\u00f4pital a d\u00fb laisser sortir quelques survivants d\u2019Ebola en blouses m\u00e9dicales.<\/p>\n<p>Une proposition du r\u00e9seau ADRA est en cours d\u2019\u00e9laboration pour r\u00e9pondre aux besoins de l\u2019h\u00f4pital de Waterloo.<\/p>\n<p>Au Liberia, l\u2019H\u00f4pital Adventiste de Cooper a ferm\u00e9 pour quarantaine pendant un mois l\u2019ann\u00e9e derni\u00e8re apr\u00e8s que deux membres du personnel aient contract\u00e9 le virus Ebola. Il a rouvert depuis et est l\u2019un des quelques h\u00f4pitaux fonctionnels dans la r\u00e9gion, servant comme un centre de traitement non consacr\u00e9 \u00e0 Ebola, a indiqu\u00e9 Donn Gaede.<\/p>\n<p>Plusieurs m\u00e9decins b\u00e9n\u00e9voles bas\u00e9s aux Etats Unis ont servi des p\u00e9riodes de plusieurs mois \u00e0 l\u2019H\u00f4pital de Cooper.<\/p>\n<p>ADRA Canada et ADRA Royaume Uni soutiennent l\u2019H\u00f4pital de Masanga dans le district Tonkolili en Sierra Leone. L\u2019h\u00f4pital utilise la technologie des jeux de r\u00e9alit\u00e9 virtuelle pour enseigner des protocoles de s\u00e9curit\u00e9 pour g\u00e9rer la crise d\u2019Ebola, comme par exemple le fait de porter un \u00e9quipent de protection ou encore les proc\u00e9dures d\u2019enterrement.<\/p>\n<p>Pr\u00e8s de 23253 personnes ont \u00e9t\u00e9 infect\u00e9es et pr\u00e8s de 9380 personnes sont mortes \u00e0 cause d\u2019Ebola depuis le d\u00e9but de l\u2019\u00e9pid\u00e9mie en mars dernier, d\u2019apr\u00e8s un rapport en date du 18 f\u00e9vrier \u00e9manant de l\u2019organisation Mondiale de la Sant\u00e9 (OMS).<\/p>\n<p>Un repr\u00e9sentant de l\u2019OMS a soulign\u00e9 la semaine derni\u00e8re que les efforts d\u2019endiguement seront cruciaux au cours du prochain mois pour prendre de l\u2019avance sur la saison des pluies.<\/p>\n<p>\u00ab Si nous ne pouvons r\u00e9duire substantiellement l\u2019\u00e9tendue g\u00e9ographique de l\u2019\u00e9pid\u00e9mie au cours des deux prochains mois, avant le d\u00e9but de la saison des pluies en fin mars ou en avril, alors nous serons dans une situation particuli\u00e8rement difficile, \u00bb a \u00e9crit la semaine derni\u00e8re dans un <a href=\"http:\/\/unfoundationblog.org\/ebola\/and-then-the-rains-came%E2%80%A8\/\">blog des Nations Unies <\/a> Bruce Aylward, le repr\u00e9sentant sp\u00e9cial de l\u2019OMS en charge de la r\u00e9ponse \u00e0 la crise d\u2019Ebola.<\/p>\n<p>Ebola se transmet par contact direct avec les fluides et tissus corporels d\u2019une personne infect\u00e9e. Ceux qui sont le plus expos\u00e9s au risque sont le personnel m\u00e9dical et les membres de la famille qui prennent soin d\u2019une personne infect\u00e9e par le virus d\u2019apr\u00e8s ce qu\u2019indique l\u2019OMS. Le taux de mortalit\u00e9 se situe entre 25 et 90 pourcent en fonction des traitements disponibles.<\/p>\n<p>Les responsables Adventistes de la sant\u00e9 ont invit\u00e9 les membres \u00e0 ne pas oublier cette \u00e9pid\u00e9mie qui dure et fait encore des ravages en Afrique de l\u2019Ouest en d\u00e9pit de la diminution de la couverture m\u00e9diatique.<\/p>\n<p>\u00ab M\u00eame si c\u2019est au loin, le fait qu\u2019on continue de s\u2019int\u00e9resser \u00e0 l\u2019\u00e9pid\u00e9mie d\u2019Ebola am\u00e8ne des personnes \u00e0 s\u2019unir pour venir en aide \u00e0 ceux qui sont dans le besoin, \u00bb a d\u00e9clar\u00e9 Donn Gaede, secr\u00e9taire d\u2019Adventist Health International, entit\u00e9 qui supervise les h\u00f4pitaux en Sierra Leone et au Liberia.<\/p>\n<p>ADRA met \u00e9galement en place des programmes de s\u00e9curit\u00e9 alimentaire ainsi que d\u2019autres initiatives qui aideront d\u2019autres personnes qui sont indirectement affect\u00e9es par Ebola. ADRA a \u00e9tabli un partenariat avec le Programme Alimentaire Mondial pour distribuer de la nourriture dans plusieurs comt\u00e9s du Liberia.<\/p>\n<p><strong>Les Ecoles Adventistes se pr\u00e9parent \u00e0 ouvrir<\/strong><\/p>\n<p>Plusieurs \u00e9coles du Liberia ont repris leurs activit\u00e9s lundi apr\u00e8s une fermeture de sept mois caus\u00e9e par le virus Ebola, mais la plupart des \u00e9coles Adventistes sont rest\u00e9es ferm\u00e9es parce qu\u2019il leur manquait des stations pour se laver et du chlore.<\/p>\n<p>Sur les 24 \u00e9coles Adventistes du Liberia, seule une a ouvert lundi, a indiqu\u00e9 Theresa Dweh Sheriff, directrice de l\u2019Education pour l\u2019Eglise Adventiste dans la F\u00e9d\u00e9ration du Sud Ouest du Liberia, bas\u00e9e \u00e0 Monrovia.<\/p>\n<p>Theresa Sheriff a indiqu\u00e9 que les \u00e9coles pourraient ouvrir si elles disposaient des seaux ad\u00e9quats pour l\u2019hygi\u00e8ne et du chlore pour que les \u00e9tudiants se lavent les mains avant d\u2019aller en classe et d\u2019en revenir. Le personnel doit \u00e9galement \u00eatre form\u00e9 \u00e0 propos des mesures pr\u00e9ventives.<\/p>\n<p>Les \u00e9coles rouvrent sur la base d\u2019un roulement au fur et \u00e0 mesure que le mat\u00e9riel est livr\u00e9, que la formation est assur\u00e9e et que les \u00e9tudiants sont inscrits, a dit Elizabeth Foulkes.<\/p>\n<p>ADRA a r\u00e9ussi \u00e0 avoir un financement de la coalition Allemande Aktion Deutschland Hilft afin d\u2019acqu\u00e9rir et de distribuer 115 thermom\u00e8tres sans contact et 115 stations de lavage de mains aux \u00e9coles Adventistes, a indiqu\u00e9 le Rapport de Situation d\u2019ADRA. Le projet comprend aussi des kits de retour \u00e0 l\u2019\u00e9cole \u2013 avec des sacs \u00e0 dos et des cahiers \u2013 pour 500 \u00e9tudiants.<\/p>\n<p>Au plus haut niveau des inscriptions, plus de 7600 \u00e9tudiants fr\u00e9quentent les 24 \u00e9coles Adventistes a t-elle indiqu\u00e9.<\/p>\n<p>Theresa Sheriff a d\u00e9clar\u00e9 que jusqu\u2019\u00e0 90 pourcent des \u00e9tudiants dans beaucoup des \u00e9coles de l\u2019\u00e9glise ne sont pas Adventistes.<\/p>\n<p>Les \u00e9coles Adventistes recevra aussi bient\u00f4t une cargaison de nourriture de l\u2019ONG Stop Hunger Now (Stop \u00e0 la Faim Maintenant), ce qui permettra d\u2019offrir aux \u00e9tudiants des repas \u00e0 l\u2019\u00e9cole pendant environ deux mois.<\/p>\n<p><strong>Des groupes du monde entier apportent leur soutien<\/strong><\/p>\n<p>Plusieurs \u00e9coles et \u00e9glises dans le monde entier ont organis\u00e9 des concerts et d\u2019autres op\u00e9rations pour r\u00e9colter des fonds pour combattre Ebola. Le mois prochain, le club qui s\u2019occupe du style de vie dans une \u00e9glise Adventiste \u00e0 Mysen en Norv\u00e8ge organisera une course sponsoris\u00e9e. On attend la participation d\u2019environ 100 personnes.<\/p>\n<p>\u00ab [Le club] a eu l\u2019id\u00e9e de soutenir ADRA et a demand\u00e9 qu\u2019on lui propose un projet sanitaire. Nous \u00e0 ADRA, avons imm\u00e9diatement pens\u00e9 \u00e0 l\u2019action d\u2019ADRA pour pr\u00e9venir la propagation d\u2019Ebola et le prochain projet de r\u00e9seau en Sierra Leone, \u00bb a dit Britt Celine, un responsable de programme pour ADRA Norv\u00e8ge.<\/p>\n<p>Traduction: Patrick Luciathe<\/p>\n","protected":false},"excerpt":{"rendered":"<p>La r\u00e9ponse coordonn\u00e9e de l\u2019Eglise Adventiste du Septi\u00e8me Jour \u00e0 la crise provoqu\u00e9e par Ebola en Afrique de l\u2019Ouest inclut des projets d\u2019\u00e9radication au Liberia et en Sierra Leone, des pays affect\u00e9s, ainsi que l\u2019apport de soutien \u00e0 plusieurs h\u00f4pitaux et \u00e0 plus de deux douzaines d\u2019\u00e9coles dont la plupart sont encore ferm\u00e9es.  <\/p>\n<p>On a vu affluer du soutien du r\u00e9seau international de la d\u00e9nomination, y compris du si\u00e8ge mondial, du d\u00e9partement des Minist\u00e8res de la Sant\u00e9, de l\u2019Universit\u00e9 de Loma Linda, d\u2019Adventist Health International, de l\u2019Agence Adventiste de D\u00e9veloppement et de Secours, de Hope for Humanity, ainsi que de plusieurs \u00e9coles, des h\u00f4pitaux, des \u00e9glises et des donateurs individuels.<\/p>\n","protected":false},"author":1,"featured_media":24455,"comment_status":"closed","ping_status":"closed","sticky":false,"template":"","format":"standard","meta":{"_acf_changed":false,"footnotes":""},"categories":[18,19],"tags":[],"class_list":["post-32178","post","type-post","status-publish","format-standard","has-post-thumbnail","hentry","category-nouvelles-de-leglise-mondiale","category-rss-francais"],"acf":[],"yoast_head":"<!-- This site is optimized with the Yoast SEO plugin v27.3 - https:\/\/yoast.com\/product\/yoast-seo-wordpress\/ -->\n<title>La r\u00e9ponse de l\u2019Eglise Adventiste \u00e0 l\u2019\u00e9pid\u00e9mie d\u2019Ebola met en lumi\u00e8re des efforts coordonn\u00e9s - \u00c9glise Adventiste Du Septieme Jour - Inter Am\u00e9rique Division<\/title>\n<meta name=\"robots\" content=\"index, follow, max-snippet:-1, max-image-preview:large, max-video-preview:-1\" \/>\n<link rel=\"canonical\" href=\"https:\/\/interamerica.org\/fr\/2015\/02\/la-reponse-de-leglise-adventiste-a-lepidemie-debola-met-en-lumiere-des-efforts-coordonnes\/\" \/>\n<meta property=\"og:locale\" content=\"fr_FR\" \/>\n<meta property=\"og:type\" content=\"article\" \/>\n<meta property=\"og:title\" content=\"La r\u00e9ponse de l\u2019Eglise Adventiste \u00e0 l\u2019\u00e9pid\u00e9mie d\u2019Ebola met en lumi\u00e8re des efforts coordonn\u00e9s - \u00c9glise Adventiste Du Septieme Jour - Inter Am\u00e9rique Division\" \/>\n<meta property=\"og:description\" content=\"La r\u00e9ponse coordonn\u00e9e de l\u2019Eglise Adventiste du Septi\u00e8me Jour \u00e0 la crise provoqu\u00e9e par Ebola en Afrique de l\u2019Ouest inclut des projets d\u2019\u00e9radication au Liberia et en Sierra Leone, des pays affect\u00e9s, ainsi que l\u2019apport de soutien \u00e0 plusieurs h\u00f4pitaux et \u00e0 plus de deux douzaines d\u2019\u00e9coles dont la plupart sont encore ferm\u00e9es.  On a vu affluer du soutien du r\u00e9seau international de la d\u00e9nomination, y compris du si\u00e8ge mondial, du d\u00e9partement des Minist\u00e8res de la Sant\u00e9, de l\u2019Universit\u00e9 de Loma Linda, d\u2019Adventist Health International, de l\u2019Agence Adventiste de D\u00e9veloppement et de Secours, de Hope for Humanity, ainsi que de plusieurs \u00e9coles, des h\u00f4pitaux, des \u00e9glises et des donateurs individuels.\" \/>\n<meta property=\"og:url\" content=\"https:\/\/interamerica.org\/fr\/2015\/02\/la-reponse-de-leglise-adventiste-a-lepidemie-debola-met-en-lumiere-des-efforts-coordonnes\/\" \/>\n<meta property=\"og:site_name\" content=\"\u00c9glise Adventiste Du Septieme Jour - Inter Am\u00e9rique Division\" \/>\n<meta property=\"article:published_time\" content=\"2015-02-23T04:00:00+00:00\" \/>\n<meta property=\"og:image\" content=\"https:\/\/interamerica.org\/wp-content\/uploads\/2017\/06\/csm_who-ebola-sierra-web_a2282df8ce.jpg\" \/>\n\t<meta property=\"og:image:width\" content=\"400\" \/>\n\t<meta property=\"og:image:height\" content=\"325\" \/>\n\t<meta property=\"og:image:type\" content=\"image\/jpeg\" \/>\n<meta name=\"author\" content=\"Lorenzo Verduzco\" \/>\n<meta name=\"twitter:card\" content=\"summary_large_image\" \/>\n<meta name=\"twitter:label1\" content=\"\u00c9crit par\" \/>\n\t<meta name=\"twitter:data1\" content=\"Lorenzo Verduzco\" \/>\n\t<meta name=\"twitter:label2\" content=\"Dur\u00e9e de lecture estim\u00e9e\" \/>\n\t<meta name=\"twitter:data2\" content=\"8 minutes\" \/>\n<script type=\"application\/ld+json\" class=\"yoast-schema-graph\">{\"@context\":\"https:\\\/\\\/schema.org\",\"@graph\":[{\"@type\":\"Article\",\"@id\":\"https:\\\/\\\/interamerica.org\\\/fr\\\/2015\\\/02\\\/la-reponse-de-leglise-adventiste-a-lepidemie-debola-met-en-lumiere-des-efforts-coordonnes\\\/#article\",\"isPartOf\":{\"@id\":\"https:\\\/\\\/interamerica.org\\\/fr\\\/2015\\\/02\\\/la-reponse-de-leglise-adventiste-a-lepidemie-debola-met-en-lumiere-des-efforts-coordonnes\\\/\"},\"author\":{\"name\":\"Lorenzo Verduzco\",\"@id\":\"https:\\\/\\\/interamerica.org\\\/fr\\\/#\\\/schema\\\/person\\\/68ede8bdc292885bb76c1e3810e73c39\"},\"headline\":\"La r\u00e9ponse de l\u2019Eglise Adventiste \u00e0 l\u2019\u00e9pid\u00e9mie d\u2019Ebola met en lumi\u00e8re des efforts coordonn\u00e9s\",\"datePublished\":\"2015-02-23T04:00:00+00:00\",\"mainEntityOfPage\":{\"@id\":\"https:\\\/\\\/interamerica.org\\\/fr\\\/2015\\\/02\\\/la-reponse-de-leglise-adventiste-a-lepidemie-debola-met-en-lumiere-des-efforts-coordonnes\\\/\"},\"wordCount\":1649,\"image\":{\"@id\":\"https:\\\/\\\/interamerica.org\\\/fr\\\/2015\\\/02\\\/la-reponse-de-leglise-adventiste-a-lepidemie-debola-met-en-lumiere-des-efforts-coordonnes\\\/#primaryimage\"},\"thumbnailUrl\":\"https:\\\/\\\/interamerica.org\\\/wp-content\\\/uploads\\\/2017\\\/06\\\/csm_who-ebola-sierra-web_a2282df8ce.jpg\",\"articleSection\":[\"Nouvelles de l'\u00c9glise mondiale\",\"RSS Fran\u00e7ais\"],\"inLanguage\":\"fr-FR\"},{\"@type\":\"WebPage\",\"@id\":\"https:\\\/\\\/interamerica.org\\\/fr\\\/2015\\\/02\\\/la-reponse-de-leglise-adventiste-a-lepidemie-debola-met-en-lumiere-des-efforts-coordonnes\\\/\",\"url\":\"https:\\\/\\\/interamerica.org\\\/fr\\\/2015\\\/02\\\/la-reponse-de-leglise-adventiste-a-lepidemie-debola-met-en-lumiere-des-efforts-coordonnes\\\/\",\"name\":\"La r\u00e9ponse de l\u2019Eglise Adventiste \u00e0 l\u2019\u00e9pid\u00e9mie d\u2019Ebola met en lumi\u00e8re des efforts coordonn\u00e9s - \u00c9glise Adventiste Du Septieme Jour - Inter Am\u00e9rique Division\",\"isPartOf\":{\"@id\":\"https:\\\/\\\/interamerica.org\\\/fr\\\/#website\"},\"primaryImageOfPage\":{\"@id\":\"https:\\\/\\\/interamerica.org\\\/fr\\\/2015\\\/02\\\/la-reponse-de-leglise-adventiste-a-lepidemie-debola-met-en-lumiere-des-efforts-coordonnes\\\/#primaryimage\"},\"image\":{\"@id\":\"https:\\\/\\\/interamerica.org\\\/fr\\\/2015\\\/02\\\/la-reponse-de-leglise-adventiste-a-lepidemie-debola-met-en-lumiere-des-efforts-coordonnes\\\/#primaryimage\"},\"thumbnailUrl\":\"https:\\\/\\\/interamerica.org\\\/wp-content\\\/uploads\\\/2017\\\/06\\\/csm_who-ebola-sierra-web_a2282df8ce.jpg\",\"datePublished\":\"2015-02-23T04:00:00+00:00\",\"author\":{\"@id\":\"https:\\\/\\\/interamerica.org\\\/fr\\\/#\\\/schema\\\/person\\\/68ede8bdc292885bb76c1e3810e73c39\"},\"breadcrumb\":{\"@id\":\"https:\\\/\\\/interamerica.org\\\/fr\\\/2015\\\/02\\\/la-reponse-de-leglise-adventiste-a-lepidemie-debola-met-en-lumiere-des-efforts-coordonnes\\\/#breadcrumb\"},\"inLanguage\":\"fr-FR\",\"potentialAction\":[{\"@type\":\"ReadAction\",\"target\":[\"https:\\\/\\\/interamerica.org\\\/fr\\\/2015\\\/02\\\/la-reponse-de-leglise-adventiste-a-lepidemie-debola-met-en-lumiere-des-efforts-coordonnes\\\/\"]}]},{\"@type\":\"ImageObject\",\"inLanguage\":\"fr-FR\",\"@id\":\"https:\\\/\\\/interamerica.org\\\/fr\\\/2015\\\/02\\\/la-reponse-de-leglise-adventiste-a-lepidemie-debola-met-en-lumiere-des-efforts-coordonnes\\\/#primaryimage\",\"url\":\"https:\\\/\\\/interamerica.org\\\/wp-content\\\/uploads\\\/2017\\\/06\\\/csm_who-ebola-sierra-web_a2282df8ce.jpg\",\"contentUrl\":\"https:\\\/\\\/interamerica.org\\\/wp-content\\\/uploads\\\/2017\\\/06\\\/csm_who-ebola-sierra-web_a2282df8ce.jpg\",\"width\":400,\"height\":325},{\"@type\":\"BreadcrumbList\",\"@id\":\"https:\\\/\\\/interamerica.org\\\/fr\\\/2015\\\/02\\\/la-reponse-de-leglise-adventiste-a-lepidemie-debola-met-en-lumiere-des-efforts-coordonnes\\\/#breadcrumb\",\"itemListElement\":[{\"@type\":\"ListItem\",\"position\":1,\"name\":\"Home\",\"item\":\"https:\\\/\\\/interamerica.org\\\/fr\\\/\"},{\"@type\":\"ListItem\",\"position\":2,\"name\":\"La r\u00e9ponse de l\u2019Eglise Adventiste \u00e0 l\u2019\u00e9pid\u00e9mie d\u2019Ebola met en lumi\u00e8re des efforts coordonn\u00e9s\"}]},{\"@type\":\"WebSite\",\"@id\":\"https:\\\/\\\/interamerica.org\\\/fr\\\/#website\",\"url\":\"https:\\\/\\\/interamerica.org\\\/fr\\\/\",\"name\":\"\u00c9glise Adventiste Du Septieme Jour - Inter Am\u00e9rique Division\",\"description\":\"\",\"potentialAction\":[{\"@type\":\"SearchAction\",\"target\":{\"@type\":\"EntryPoint\",\"urlTemplate\":\"https:\\\/\\\/interamerica.org\\\/fr\\\/?s={search_term_string}\"},\"query-input\":{\"@type\":\"PropertyValueSpecification\",\"valueRequired\":true,\"valueName\":\"search_term_string\"}}],\"inLanguage\":\"fr-FR\"},{\"@type\":\"Person\",\"@id\":\"https:\\\/\\\/interamerica.org\\\/fr\\\/#\\\/schema\\\/person\\\/68ede8bdc292885bb76c1e3810e73c39\",\"name\":\"Lorenzo Verduzco\",\"image\":{\"@type\":\"ImageObject\",\"inLanguage\":\"fr-FR\",\"@id\":\"https:\\\/\\\/secure.gravatar.com\\\/avatar\\\/fb81a55b6218459490a9c1dc841a34909185b81904c5337b4b27f7a6fd60c49e?s=96&d=mm&r=g\",\"url\":\"https:\\\/\\\/secure.gravatar.com\\\/avatar\\\/fb81a55b6218459490a9c1dc841a34909185b81904c5337b4b27f7a6fd60c49e?s=96&d=mm&r=g\",\"contentUrl\":\"https:\\\/\\\/secure.gravatar.com\\\/avatar\\\/fb81a55b6218459490a9c1dc841a34909185b81904c5337b4b27f7a6fd60c49e?s=96&d=mm&r=g\",\"caption\":\"Lorenzo Verduzco\"}}]}<\/script>\n<!-- \/ Yoast SEO plugin. -->","yoast_head_json":{"title":"La r\u00e9ponse de l\u2019Eglise Adventiste \u00e0 l\u2019\u00e9pid\u00e9mie d\u2019Ebola met en lumi\u00e8re des efforts coordonn\u00e9s - \u00c9glise Adventiste Du Septieme Jour - Inter Am\u00e9rique Division","robots":{"index":"index","follow":"follow","max-snippet":"max-snippet:-1","max-image-preview":"max-image-preview:large","max-video-preview":"max-video-preview:-1"},"canonical":"https:\/\/interamerica.org\/fr\/2015\/02\/la-reponse-de-leglise-adventiste-a-lepidemie-debola-met-en-lumiere-des-efforts-coordonnes\/","og_locale":"fr_FR","og_type":"article","og_title":"La r\u00e9ponse de l\u2019Eglise Adventiste \u00e0 l\u2019\u00e9pid\u00e9mie d\u2019Ebola met en lumi\u00e8re des efforts coordonn\u00e9s - \u00c9glise Adventiste Du Septieme Jour - Inter Am\u00e9rique Division","og_description":"La r\u00e9ponse coordonn\u00e9e de l\u2019Eglise Adventiste du Septi\u00e8me Jour \u00e0 la crise provoqu\u00e9e par Ebola en Afrique de l\u2019Ouest inclut des projets d\u2019\u00e9radication au Liberia et en Sierra Leone, des pays affect\u00e9s, ainsi que l\u2019apport de soutien \u00e0 plusieurs h\u00f4pitaux et \u00e0 plus de deux douzaines d\u2019\u00e9coles dont la plupart sont encore ferm\u00e9es.  On a vu affluer du soutien du r\u00e9seau international de la d\u00e9nomination, y compris du si\u00e8ge mondial, du d\u00e9partement des Minist\u00e8res de la Sant\u00e9, de l\u2019Universit\u00e9 de Loma Linda, d\u2019Adventist Health International, de l\u2019Agence Adventiste de D\u00e9veloppement et de Secours, de Hope for Humanity, ainsi que de plusieurs \u00e9coles, des h\u00f4pitaux, des \u00e9glises et des donateurs individuels.","og_url":"https:\/\/interamerica.org\/fr\/2015\/02\/la-reponse-de-leglise-adventiste-a-lepidemie-debola-met-en-lumiere-des-efforts-coordonnes\/","og_site_name":"\u00c9glise Adventiste Du Septieme Jour - Inter Am\u00e9rique Division","article_published_time":"2015-02-23T04:00:00+00:00","og_image":[{"width":400,"height":325,"url":"https:\/\/interamerica.org\/wp-content\/uploads\/2017\/06\/csm_who-ebola-sierra-web_a2282df8ce.jpg","type":"image\/jpeg"}],"author":"Lorenzo Verduzco","twitter_card":"summary_large_image","twitter_misc":{"\u00c9crit par":"Lorenzo Verduzco","Dur\u00e9e de lecture estim\u00e9e":"8 minutes"},"schema":{"@context":"https:\/\/schema.org","@graph":[{"@type":"Article","@id":"https:\/\/interamerica.org\/fr\/2015\/02\/la-reponse-de-leglise-adventiste-a-lepidemie-debola-met-en-lumiere-des-efforts-coordonnes\/#article","isPartOf":{"@id":"https:\/\/interamerica.org\/fr\/2015\/02\/la-reponse-de-leglise-adventiste-a-lepidemie-debola-met-en-lumiere-des-efforts-coordonnes\/"},"author":{"name":"Lorenzo Verduzco","@id":"https:\/\/interamerica.org\/fr\/#\/schema\/person\/68ede8bdc292885bb76c1e3810e73c39"},"headline":"La r\u00e9ponse de l\u2019Eglise Adventiste \u00e0 l\u2019\u00e9pid\u00e9mie d\u2019Ebola met en lumi\u00e8re des efforts coordonn\u00e9s","datePublished":"2015-02-23T04:00:00+00:00","mainEntityOfPage":{"@id":"https:\/\/interamerica.org\/fr\/2015\/02\/la-reponse-de-leglise-adventiste-a-lepidemie-debola-met-en-lumiere-des-efforts-coordonnes\/"},"wordCount":1649,"image":{"@id":"https:\/\/interamerica.org\/fr\/2015\/02\/la-reponse-de-leglise-adventiste-a-lepidemie-debola-met-en-lumiere-des-efforts-coordonnes\/#primaryimage"},"thumbnailUrl":"https:\/\/interamerica.org\/wp-content\/uploads\/2017\/06\/csm_who-ebola-sierra-web_a2282df8ce.jpg","articleSection":["Nouvelles de l'\u00c9glise mondiale","RSS Fran\u00e7ais"],"inLanguage":"fr-FR"},{"@type":"WebPage","@id":"https:\/\/interamerica.org\/fr\/2015\/02\/la-reponse-de-leglise-adventiste-a-lepidemie-debola-met-en-lumiere-des-efforts-coordonnes\/","url":"https:\/\/interamerica.org\/fr\/2015\/02\/la-reponse-de-leglise-adventiste-a-lepidemie-debola-met-en-lumiere-des-efforts-coordonnes\/","name":"La r\u00e9ponse de l\u2019Eglise Adventiste \u00e0 l\u2019\u00e9pid\u00e9mie d\u2019Ebola met en lumi\u00e8re des efforts coordonn\u00e9s - \u00c9glise Adventiste Du Septieme Jour - Inter Am\u00e9rique Division","isPartOf":{"@id":"https:\/\/interamerica.org\/fr\/#website"},"primaryImageOfPage":{"@id":"https:\/\/interamerica.org\/fr\/2015\/02\/la-reponse-de-leglise-adventiste-a-lepidemie-debola-met-en-lumiere-des-efforts-coordonnes\/#primaryimage"},"image":{"@id":"https:\/\/interamerica.org\/fr\/2015\/02\/la-reponse-de-leglise-adventiste-a-lepidemie-debola-met-en-lumiere-des-efforts-coordonnes\/#primaryimage"},"thumbnailUrl":"https:\/\/interamerica.org\/wp-content\/uploads\/2017\/06\/csm_who-ebola-sierra-web_a2282df8ce.jpg","datePublished":"2015-02-23T04:00:00+00:00","author":{"@id":"https:\/\/interamerica.org\/fr\/#\/schema\/person\/68ede8bdc292885bb76c1e3810e73c39"},"breadcrumb":{"@id":"https:\/\/interamerica.org\/fr\/2015\/02\/la-reponse-de-leglise-adventiste-a-lepidemie-debola-met-en-lumiere-des-efforts-coordonnes\/#breadcrumb"},"inLanguage":"fr-FR","potentialAction":[{"@type":"ReadAction","target":["https:\/\/interamerica.org\/fr\/2015\/02\/la-reponse-de-leglise-adventiste-a-lepidemie-debola-met-en-lumiere-des-efforts-coordonnes\/"]}]},{"@type":"ImageObject","inLanguage":"fr-FR","@id":"https:\/\/interamerica.org\/fr\/2015\/02\/la-reponse-de-leglise-adventiste-a-lepidemie-debola-met-en-lumiere-des-efforts-coordonnes\/#primaryimage","url":"https:\/\/interamerica.org\/wp-content\/uploads\/2017\/06\/csm_who-ebola-sierra-web_a2282df8ce.jpg","contentUrl":"https:\/\/interamerica.org\/wp-content\/uploads\/2017\/06\/csm_who-ebola-sierra-web_a2282df8ce.jpg","width":400,"height":325},{"@type":"BreadcrumbList","@id":"https:\/\/interamerica.org\/fr\/2015\/02\/la-reponse-de-leglise-adventiste-a-lepidemie-debola-met-en-lumiere-des-efforts-coordonnes\/#breadcrumb","itemListElement":[{"@type":"ListItem","position":1,"name":"Home","item":"https:\/\/interamerica.org\/fr\/"},{"@type":"ListItem","position":2,"name":"La r\u00e9ponse de l\u2019Eglise Adventiste \u00e0 l\u2019\u00e9pid\u00e9mie d\u2019Ebola met en lumi\u00e8re des efforts coordonn\u00e9s"}]},{"@type":"WebSite","@id":"https:\/\/interamerica.org\/fr\/#website","url":"https:\/\/interamerica.org\/fr\/","name":"\u00c9glise Adventiste Du Septieme Jour - Inter Am\u00e9rique Division","description":"","potentialAction":[{"@type":"SearchAction","target":{"@type":"EntryPoint","urlTemplate":"https:\/\/interamerica.org\/fr\/?s={search_term_string}"},"query-input":{"@type":"PropertyValueSpecification","valueRequired":true,"valueName":"search_term_string"}}],"inLanguage":"fr-FR"},{"@type":"Person","@id":"https:\/\/interamerica.org\/fr\/#\/schema\/person\/68ede8bdc292885bb76c1e3810e73c39","name":"Lorenzo Verduzco","image":{"@type":"ImageObject","inLanguage":"fr-FR","@id":"https:\/\/secure.gravatar.com\/avatar\/fb81a55b6218459490a9c1dc841a34909185b81904c5337b4b27f7a6fd60c49e?s=96&d=mm&r=g","url":"https:\/\/secure.gravatar.com\/avatar\/fb81a55b6218459490a9c1dc841a34909185b81904c5337b4b27f7a6fd60c49e?s=96&d=mm&r=g","contentUrl":"https:\/\/secure.gravatar.com\/avatar\/fb81a55b6218459490a9c1dc841a34909185b81904c5337b4b27f7a6fd60c49e?s=96&d=mm&r=g","caption":"Lorenzo Verduzco"}}]}},"_links":{"self":[{"href":"https:\/\/interamerica.org\/fr\/wp-json\/wp\/v2\/posts\/32178","targetHints":{"allow":["GET"]}}],"collection":[{"href":"https:\/\/interamerica.org\/fr\/wp-json\/wp\/v2\/posts"}],"about":[{"href":"https:\/\/interamerica.org\/fr\/wp-json\/wp\/v2\/types\/post"}],"author":[{"embeddable":true,"href":"https:\/\/interamerica.org\/fr\/wp-json\/wp\/v2\/users\/1"}],"replies":[{"embeddable":true,"href":"https:\/\/interamerica.org\/fr\/wp-json\/wp\/v2\/comments?post=32178"}],"version-history":[{"count":0,"href":"https:\/\/interamerica.org\/fr\/wp-json\/wp\/v2\/posts\/32178\/revisions"}],"wp:featuredmedia":[{"embeddable":true,"href":"https:\/\/interamerica.org\/fr\/wp-json\/wp\/v2\/media\/24455"}],"wp:attachment":[{"href":"https:\/\/interamerica.org\/fr\/wp-json\/wp\/v2\/media?parent=32178"}],"wp:term":[{"taxonomy":"category","embeddable":true,"href":"https:\/\/interamerica.org\/fr\/wp-json\/wp\/v2\/categories?post=32178"},{"taxonomy":"post_tag","embeddable":true,"href":"https:\/\/interamerica.org\/fr\/wp-json\/wp\/v2\/tags?post=32178"}],"curies":[{"name":"wp","href":"https:\/\/api.w.org\/{rel}","templated":true}]}}