{"id":32179,"date":"2015-02-24T00:00:00","date_gmt":"2015-02-24T04:00:00","guid":{"rendered":"http:\/\/192.81.217.108\/interamerica\/2015\/02\/les-adventistes-de-la-region-centre-de-la-jamaique-luttent-contre-le-crime-en-mettant-les-jeunes-au-travail\/"},"modified":"2015-02-24T00:00:00","modified_gmt":"2015-02-24T04:00:00","slug":"les-adventistes-de-la-region-centre-de-la-jamaique-luttent-contre-le-crime-en-mettant-les-jeunes-au-travail","status":"publish","type":"post","link":"https:\/\/interamerica.org\/fr\/2015\/02\/les-adventistes-de-la-region-centre-de-la-jamaique-luttent-contre-le-crime-en-mettant-les-jeunes-au-travail\/","title":{"rendered":"Les Adventistes de la r\u00e9gion Centre de la Jama\u00efque luttent contre le crime en mettant les jeunes au travail"},"content":{"rendered":"<div id=\"attachment_15317\" style=\"width: 610px\" class=\"wp-caption aligncenter\"><a href=\"\/interamerica\/wp-content\/uploads\/2017\/06\/OSAY-cementary.png\" rel=\"fancybox\" title=\"Les Adventistes de la r\u00e9gion Centre de la Jama\u00efque luttent contre le crime en mettant les jeunes au travail\"><img fetchpriority=\"high\" decoding=\"async\" aria-describedby=\"caption-attachment-15317\" class=\"size-full wp-image-15317\" src=\"\/interamerica\/wp-content\/uploads\/2017\/06\/OSAY-cementary.png\" alt=\"\" width=\"600\" height=\"400\" \/><\/a><p id=\"caption-attachment-15317\" class=\"wp-caption-text\">Les jeunes Adventistes du Septi\u00e8me Jour nettoient le terrain du Cimeti\u00e8re de Grove Town \u00e0 Mandeville en Jama\u00efque le 22 f\u00e9vrier 2015, lors de l\u2019Op\u00e9ration Sauver Un Jeune, une initiative mise en place par la r\u00e9gion centre de l\u2019\u00e9glise et qui vise \u00e0 pousser les jeunes \u00e0 se porter volontaires dans leurs communaut\u00e9s et \u00e0 inspirer les jeunes \u00e0 risque. Image de Damian Chambers\/JAMU.<\/p><\/div>\n<p>24 F\u00e9vrier 2015 \u2013 Mandeville, Manchester, Jama\u00efque \u2013 Nigel Coke\/DIA\/Adventist Review<\/p>\n<p>Plus de 2000 jeunes Adventistes du Septi\u00e8me Jour sont descendus dans les rues jama\u00efcaines le weekend dernier pour redynamiser les quartiers et encourager un style de vie sain dans le cadre d\u2019une initiative mise en place par l\u2019\u00e9glise pour \u00e9loigner les jeunes du crime.<\/p>\n<div id=\"attachment_15325\" style=\"width: 310px\" class=\"wp-caption alignright\"><a href=\"\/interamerica\/wp-content\/uploads\/2017\/06\/OSAy-paitingcenter300.png\" rel=\"fancybox\" title=\"Les Adventistes de la r\u00e9gion Centre de la Jama\u00efque luttent contre le crime en mettant les jeunes au travail\"><img decoding=\"async\" aria-describedby=\"caption-attachment-15325\" class=\"size-full wp-image-15325 \" src=\"\/interamerica\/wp-content\/uploads\/2017\/06\/OSAy-paitingcenter300.png\" alt=\"\" width=\"300\" height=\"199\" \/><\/a><p id=\"caption-attachment-15325\" class=\"wp-caption-text\">Les volontaires d\u2019O-SAY peignent les murs du Centre Communautaire de Greenvale \u00e0 Mandeville. Image de Nigel Coke\/DIA.<\/p><\/div>\n<p>Le crime est un probl\u00e8me croissant chez les jeunes en Jama\u00efque, et les leaders Adventistes locaux r\u00e9agissent avec l\u2019Op\u00e9ration Sauver Un Jeune, ou O-SAY, qui vise \u00e0 pousser les jeunes \u00e0 se porter volontaires pour aider les autres dans leurs communaut\u00e9s et inspirer les jeunes \u00e0 risque.<\/p>\n<p>\u00ab Nous organisons ces projets dans un effort visant \u00e0 sauver notre jeunesse et inspirer chez eux un sens du volontariat, \u00bb a d\u00e9clar\u00e9 Greg Baldeo, directeur de jeunesse pour l\u2019\u00e9glise dans la r\u00e9gion centre de la Jama\u00efque.<\/p>\n<p>Les activit\u00e9s du 22 f\u00e9vrier, la premi\u00e8re initiative majeure d\u2019O-SAY, comprenaient 22 projets allant d\u2019une foire expo sant\u00e9, \u00e0 des r\u00e9parations des trous dans la chauss\u00e9e, \u00e0 des constructions et \u00e0 l\u2019embellissement de la ville.<\/p>\n<p>Plus de 30 poches de sang ont \u00e9t\u00e9 donn\u00e9es par les jeunes au Centre Communautaire de Greenvale dans la ville de Manchester qui servait de base pour ces projets. Le centre a \u00e9galement abrit\u00e9 une \u00e9quipe m\u00e9dicale compos\u00e9e de m\u00e9decins et d\u2019infirmiers qui ont fait passer des visites m\u00e9dicales gratuites, r\u00e9alis\u00e9 des frottis, et fait passer des tests de vision \u00e0 plus de 130 personnes. Les murs du centre lui-m\u00eame ont re\u00e7u une couche de peinture fraiche.<\/p>\n<div id=\"attachment_15320\" style=\"width: 310px\" class=\"wp-caption alignleft\"><a href=\"\/interamerica\/wp-content\/uploads\/2017\/06\/OSAY-blood3001.png\" rel=\"fancybox\" title=\"Les Adventistes de la r\u00e9gion Centre de la Jama\u00efque luttent contre le crime en mettant les jeunes au travail\"><img decoding=\"async\" aria-describedby=\"caption-attachment-15320\" class=\"size-full wp-image-15320\" src=\"\/interamerica\/wp-content\/uploads\/2017\/06\/OSAY-blood3001.png\" alt=\"\" width=\"300\" height=\"199\" \/><\/a><p id=\"caption-attachment-15320\" class=\"wp-caption-text\">Des jeunes Adventistes donnent leur sang lors du programme du 22 f\u00e9vrier. Image de Damian Chambers\/JAMU.<\/p><\/div>\n<p>Les jeunes ont \u00e9galement peint un h\u00f4pital local et son arr\u00eat d\u2019autobus ; ils ont aussi nettoy\u00e9 et peint un march\u00e9, ils ont repeint une chapelle et nettoy\u00e9 le terrain d\u2019un cimeti\u00e8re.<\/p>\n<p>Le volontaire Ragel Barrett a d\u00e9clar\u00e9 que lui et d\u2019autres jeunes avaient la responsabilit\u00e9 d\u2019aider les autres.<\/p>\n<p>\u00ab Dieu nous a b\u00e9nis, et il nous faut b\u00e9nir les autres avec la force et l\u2019\u00e9nergie que nous avons, \u00bb a t-il dit. \u00ab Il nous faut le faire alors que nous sommes jeunes et ne pas attendre que nous soyons vieux. \u00bb<\/p>\n<p>Greg Baldeo, le directeur de jeunesse, a d\u00e9clar\u00e9 que les leaders de l\u2019\u00e9glise avaient l\u2019intention de continuer \u00e0 travailler avec les jeunes, et pas seulement les jeunes Adventistes du Septi\u00e8me Jour, pour r\u00e9pondre aux statistiques du pays concernant la criminalit\u00e9.<\/p>\n<p>\u00ab Les centaines de jeunes qui sont sortis aujourd\u2019hui sont enflamm\u00e9s pour Dieu et ils veulent partir et aider les aux autres, \u00bb a t-il dit le 22 f\u00e9vrier. Il nous faut garder la flamme allum\u00e9e en eux \u00e0 travers les divers projets que nous avons planifi\u00e9s. \u00bb<\/p>\n<p>Traduction: Patrick Luciathe<\/p>\n","protected":false},"excerpt":{"rendered":"<p>Plus de 2000 jeunes Adventistes du Septi\u00e8me Jour sont descendus dans les rues jama\u00efcaines le weekend dernier pour redynamiser les quartiers et encourager un style de vie sain dans le cadre d\u2019une initiative mise en place par l\u2019\u00e9glise pour \u00e9loigner les jeunes du crime.  <\/p>\n<p>Le crime est un probl\u00e8me croissant chez les jeunes en Jama\u00efque, et les leaders Adventistes locaux r\u00e9agissent avec l\u2019Op\u00e9ration Sauver Un Jeune, ou O-SAY, qui vise \u00e0 pousser les jeunes \u00e0 se porter volontaires pour aider les autres dans leurs communaut\u00e9s et inspirer les jeunes \u00e0 risque.<\/p>\n","protected":false},"author":1,"featured_media":24459,"comment_status":"closed","ping_status":"closed","sticky":false,"template":"","format":"standard","meta":{"_acf_changed":false,"footnotes":""},"categories":[21,19],"tags":[],"class_list":["post-32179","post","type-post","status-publish","format-standard","has-post-thumbnail","hentry","category-nouvelles-du-territoire","category-rss-francais"],"acf":[],"yoast_head":"<!-- This site is optimized with the Yoast SEO plugin v27.3 - https:\/\/yoast.com\/product\/yoast-seo-wordpress\/ -->\n<title>Les Adventistes de la r\u00e9gion Centre de la Jama\u00efque luttent contre le crime en mettant les jeunes au travail - \u00c9glise Adventiste Du Septieme Jour - Inter Am\u00e9rique Division<\/title>\n<meta name=\"robots\" content=\"index, follow, max-snippet:-1, max-image-preview:large, max-video-preview:-1\" \/>\n<link rel=\"canonical\" href=\"https:\/\/interamerica.org\/fr\/2015\/02\/les-adventistes-de-la-region-centre-de-la-jamaique-luttent-contre-le-crime-en-mettant-les-jeunes-au-travail\/\" \/>\n<meta property=\"og:locale\" content=\"fr_FR\" \/>\n<meta property=\"og:type\" content=\"article\" \/>\n<meta property=\"og:title\" content=\"Les Adventistes de la r\u00e9gion Centre de la Jama\u00efque luttent contre le crime en mettant les jeunes au travail - \u00c9glise Adventiste Du Septieme Jour - Inter Am\u00e9rique Division\" \/>\n<meta property=\"og:description\" content=\"Plus de 2000 jeunes Adventistes du Septi\u00e8me Jour sont descendus dans les rues jama\u00efcaines le weekend dernier pour redynamiser les quartiers et encourager un style de vie sain dans le cadre d\u2019une initiative mise en place par l\u2019\u00e9glise pour \u00e9loigner les jeunes du crime.  Le crime est un probl\u00e8me croissant chez les jeunes en Jama\u00efque, et les leaders Adventistes locaux r\u00e9agissent avec l\u2019Op\u00e9ration Sauver Un Jeune, ou O-SAY, qui vise \u00e0 pousser les jeunes \u00e0 se porter volontaires pour aider les autres dans leurs communaut\u00e9s et inspirer les jeunes \u00e0 risque.\" \/>\n<meta property=\"og:url\" content=\"https:\/\/interamerica.org\/fr\/2015\/02\/les-adventistes-de-la-region-centre-de-la-jamaique-luttent-contre-le-crime-en-mettant-les-jeunes-au-travail\/\" \/>\n<meta property=\"og:site_name\" content=\"\u00c9glise Adventiste Du Septieme Jour - Inter Am\u00e9rique Division\" \/>\n<meta property=\"article:published_time\" content=\"2015-02-24T04:00:00+00:00\" \/>\n<meta property=\"og:image\" content=\"https:\/\/interamerica.org\/wp-content\/uploads\/2017\/06\/OSAY-cementary300.png\" \/>\n\t<meta property=\"og:image:width\" content=\"300\" \/>\n\t<meta property=\"og:image:height\" content=\"200\" \/>\n\t<meta property=\"og:image:type\" content=\"image\/png\" \/>\n<meta name=\"author\" content=\"Lorenzo Verduzco\" \/>\n<meta name=\"twitter:card\" content=\"summary_large_image\" \/>\n<meta name=\"twitter:label1\" content=\"\u00c9crit par\" \/>\n\t<meta name=\"twitter:data1\" content=\"Lorenzo Verduzco\" \/>\n\t<meta name=\"twitter:label2\" content=\"Dur\u00e9e de lecture estim\u00e9e\" \/>\n\t<meta name=\"twitter:data2\" content=\"3 minutes\" \/>\n<script type=\"application\/ld+json\" class=\"yoast-schema-graph\">{\"@context\":\"https:\\\/\\\/schema.org\",\"@graph\":[{\"@type\":\"Article\",\"@id\":\"https:\\\/\\\/interamerica.org\\\/fr\\\/2015\\\/02\\\/les-adventistes-de-la-region-centre-de-la-jamaique-luttent-contre-le-crime-en-mettant-les-jeunes-au-travail\\\/#article\",\"isPartOf\":{\"@id\":\"https:\\\/\\\/interamerica.org\\\/fr\\\/2015\\\/02\\\/les-adventistes-de-la-region-centre-de-la-jamaique-luttent-contre-le-crime-en-mettant-les-jeunes-au-travail\\\/\"},\"author\":{\"name\":\"Lorenzo Verduzco\",\"@id\":\"https:\\\/\\\/interamerica.org\\\/fr\\\/#\\\/schema\\\/person\\\/68ede8bdc292885bb76c1e3810e73c39\"},\"headline\":\"Les Adventistes de la r\u00e9gion Centre de la Jama\u00efque luttent contre le crime en mettant les jeunes au travail\",\"datePublished\":\"2015-02-24T04:00:00+00:00\",\"mainEntityOfPage\":{\"@id\":\"https:\\\/\\\/interamerica.org\\\/fr\\\/2015\\\/02\\\/les-adventistes-de-la-region-centre-de-la-jamaique-luttent-contre-le-crime-en-mettant-les-jeunes-au-travail\\\/\"},\"wordCount\":606,\"image\":{\"@id\":\"https:\\\/\\\/interamerica.org\\\/fr\\\/2015\\\/02\\\/les-adventistes-de-la-region-centre-de-la-jamaique-luttent-contre-le-crime-en-mettant-les-jeunes-au-travail\\\/#primaryimage\"},\"thumbnailUrl\":\"https:\\\/\\\/interamerica.org\\\/wp-content\\\/uploads\\\/2017\\\/06\\\/OSAY-cementary300.png\",\"articleSection\":[\"Nouvelles du territoire\",\"RSS Fran\u00e7ais\"],\"inLanguage\":\"fr-FR\"},{\"@type\":\"WebPage\",\"@id\":\"https:\\\/\\\/interamerica.org\\\/fr\\\/2015\\\/02\\\/les-adventistes-de-la-region-centre-de-la-jamaique-luttent-contre-le-crime-en-mettant-les-jeunes-au-travail\\\/\",\"url\":\"https:\\\/\\\/interamerica.org\\\/fr\\\/2015\\\/02\\\/les-adventistes-de-la-region-centre-de-la-jamaique-luttent-contre-le-crime-en-mettant-les-jeunes-au-travail\\\/\",\"name\":\"Les Adventistes de la r\u00e9gion Centre de la Jama\u00efque luttent contre le crime en mettant les jeunes au travail - \u00c9glise Adventiste Du Septieme Jour - Inter Am\u00e9rique Division\",\"isPartOf\":{\"@id\":\"https:\\\/\\\/interamerica.org\\\/fr\\\/#website\"},\"primaryImageOfPage\":{\"@id\":\"https:\\\/\\\/interamerica.org\\\/fr\\\/2015\\\/02\\\/les-adventistes-de-la-region-centre-de-la-jamaique-luttent-contre-le-crime-en-mettant-les-jeunes-au-travail\\\/#primaryimage\"},\"image\":{\"@id\":\"https:\\\/\\\/interamerica.org\\\/fr\\\/2015\\\/02\\\/les-adventistes-de-la-region-centre-de-la-jamaique-luttent-contre-le-crime-en-mettant-les-jeunes-au-travail\\\/#primaryimage\"},\"thumbnailUrl\":\"https:\\\/\\\/interamerica.org\\\/wp-content\\\/uploads\\\/2017\\\/06\\\/OSAY-cementary300.png\",\"datePublished\":\"2015-02-24T04:00:00+00:00\",\"author\":{\"@id\":\"https:\\\/\\\/interamerica.org\\\/fr\\\/#\\\/schema\\\/person\\\/68ede8bdc292885bb76c1e3810e73c39\"},\"breadcrumb\":{\"@id\":\"https:\\\/\\\/interamerica.org\\\/fr\\\/2015\\\/02\\\/les-adventistes-de-la-region-centre-de-la-jamaique-luttent-contre-le-crime-en-mettant-les-jeunes-au-travail\\\/#breadcrumb\"},\"inLanguage\":\"fr-FR\",\"potentialAction\":[{\"@type\":\"ReadAction\",\"target\":[\"https:\\\/\\\/interamerica.org\\\/fr\\\/2015\\\/02\\\/les-adventistes-de-la-region-centre-de-la-jamaique-luttent-contre-le-crime-en-mettant-les-jeunes-au-travail\\\/\"]}]},{\"@type\":\"ImageObject\",\"inLanguage\":\"fr-FR\",\"@id\":\"https:\\\/\\\/interamerica.org\\\/fr\\\/2015\\\/02\\\/les-adventistes-de-la-region-centre-de-la-jamaique-luttent-contre-le-crime-en-mettant-les-jeunes-au-travail\\\/#primaryimage\",\"url\":\"https:\\\/\\\/interamerica.org\\\/wp-content\\\/uploads\\\/2017\\\/06\\\/OSAY-cementary300.png\",\"contentUrl\":\"https:\\\/\\\/interamerica.org\\\/wp-content\\\/uploads\\\/2017\\\/06\\\/OSAY-cementary300.png\",\"width\":300,\"height\":200},{\"@type\":\"BreadcrumbList\",\"@id\":\"https:\\\/\\\/interamerica.org\\\/fr\\\/2015\\\/02\\\/les-adventistes-de-la-region-centre-de-la-jamaique-luttent-contre-le-crime-en-mettant-les-jeunes-au-travail\\\/#breadcrumb\",\"itemListElement\":[{\"@type\":\"ListItem\",\"position\":1,\"name\":\"Home\",\"item\":\"https:\\\/\\\/interamerica.org\\\/fr\\\/\"},{\"@type\":\"ListItem\",\"position\":2,\"name\":\"Les Adventistes de la r\u00e9gion Centre de la Jama\u00efque luttent contre le crime en mettant les jeunes au travail\"}]},{\"@type\":\"WebSite\",\"@id\":\"https:\\\/\\\/interamerica.org\\\/fr\\\/#website\",\"url\":\"https:\\\/\\\/interamerica.org\\\/fr\\\/\",\"name\":\"\u00c9glise Adventiste Du Septieme Jour - Inter Am\u00e9rique Division\",\"description\":\"\",\"potentialAction\":[{\"@type\":\"SearchAction\",\"target\":{\"@type\":\"EntryPoint\",\"urlTemplate\":\"https:\\\/\\\/interamerica.org\\\/fr\\\/?s={search_term_string}\"},\"query-input\":{\"@type\":\"PropertyValueSpecification\",\"valueRequired\":true,\"valueName\":\"search_term_string\"}}],\"inLanguage\":\"fr-FR\"},{\"@type\":\"Person\",\"@id\":\"https:\\\/\\\/interamerica.org\\\/fr\\\/#\\\/schema\\\/person\\\/68ede8bdc292885bb76c1e3810e73c39\",\"name\":\"Lorenzo Verduzco\",\"image\":{\"@type\":\"ImageObject\",\"inLanguage\":\"fr-FR\",\"@id\":\"https:\\\/\\\/secure.gravatar.com\\\/avatar\\\/fb81a55b6218459490a9c1dc841a34909185b81904c5337b4b27f7a6fd60c49e?s=96&d=mm&r=g\",\"url\":\"https:\\\/\\\/secure.gravatar.com\\\/avatar\\\/fb81a55b6218459490a9c1dc841a34909185b81904c5337b4b27f7a6fd60c49e?s=96&d=mm&r=g\",\"contentUrl\":\"https:\\\/\\\/secure.gravatar.com\\\/avatar\\\/fb81a55b6218459490a9c1dc841a34909185b81904c5337b4b27f7a6fd60c49e?s=96&d=mm&r=g\",\"caption\":\"Lorenzo Verduzco\"}}]}<\/script>\n<!-- \/ Yoast SEO plugin. -->","yoast_head_json":{"title":"Les Adventistes de la r\u00e9gion Centre de la Jama\u00efque luttent contre le crime en mettant les jeunes au travail - \u00c9glise Adventiste Du Septieme Jour - Inter Am\u00e9rique Division","robots":{"index":"index","follow":"follow","max-snippet":"max-snippet:-1","max-image-preview":"max-image-preview:large","max-video-preview":"max-video-preview:-1"},"canonical":"https:\/\/interamerica.org\/fr\/2015\/02\/les-adventistes-de-la-region-centre-de-la-jamaique-luttent-contre-le-crime-en-mettant-les-jeunes-au-travail\/","og_locale":"fr_FR","og_type":"article","og_title":"Les Adventistes de la r\u00e9gion Centre de la Jama\u00efque luttent contre le crime en mettant les jeunes au travail - \u00c9glise Adventiste Du Septieme Jour - Inter Am\u00e9rique Division","og_description":"Plus de 2000 jeunes Adventistes du Septi\u00e8me Jour sont descendus dans les rues jama\u00efcaines le weekend dernier pour redynamiser les quartiers et encourager un style de vie sain dans le cadre d\u2019une initiative mise en place par l\u2019\u00e9glise pour \u00e9loigner les jeunes du crime.  Le crime est un probl\u00e8me croissant chez les jeunes en Jama\u00efque, et les leaders Adventistes locaux r\u00e9agissent avec l\u2019Op\u00e9ration Sauver Un Jeune, ou O-SAY, qui vise \u00e0 pousser les jeunes \u00e0 se porter volontaires pour aider les autres dans leurs communaut\u00e9s et inspirer les jeunes \u00e0 risque.","og_url":"https:\/\/interamerica.org\/fr\/2015\/02\/les-adventistes-de-la-region-centre-de-la-jamaique-luttent-contre-le-crime-en-mettant-les-jeunes-au-travail\/","og_site_name":"\u00c9glise Adventiste Du Septieme Jour - Inter Am\u00e9rique Division","article_published_time":"2015-02-24T04:00:00+00:00","og_image":[{"width":300,"height":200,"url":"https:\/\/interamerica.org\/wp-content\/uploads\/2017\/06\/OSAY-cementary300.png","type":"image\/png"}],"author":"Lorenzo Verduzco","twitter_card":"summary_large_image","twitter_misc":{"\u00c9crit par":"Lorenzo Verduzco","Dur\u00e9e de lecture estim\u00e9e":"3 minutes"},"schema":{"@context":"https:\/\/schema.org","@graph":[{"@type":"Article","@id":"https:\/\/interamerica.org\/fr\/2015\/02\/les-adventistes-de-la-region-centre-de-la-jamaique-luttent-contre-le-crime-en-mettant-les-jeunes-au-travail\/#article","isPartOf":{"@id":"https:\/\/interamerica.org\/fr\/2015\/02\/les-adventistes-de-la-region-centre-de-la-jamaique-luttent-contre-le-crime-en-mettant-les-jeunes-au-travail\/"},"author":{"name":"Lorenzo Verduzco","@id":"https:\/\/interamerica.org\/fr\/#\/schema\/person\/68ede8bdc292885bb76c1e3810e73c39"},"headline":"Les Adventistes de la r\u00e9gion Centre de la Jama\u00efque luttent contre le crime en mettant les jeunes au travail","datePublished":"2015-02-24T04:00:00+00:00","mainEntityOfPage":{"@id":"https:\/\/interamerica.org\/fr\/2015\/02\/les-adventistes-de-la-region-centre-de-la-jamaique-luttent-contre-le-crime-en-mettant-les-jeunes-au-travail\/"},"wordCount":606,"image":{"@id":"https:\/\/interamerica.org\/fr\/2015\/02\/les-adventistes-de-la-region-centre-de-la-jamaique-luttent-contre-le-crime-en-mettant-les-jeunes-au-travail\/#primaryimage"},"thumbnailUrl":"https:\/\/interamerica.org\/wp-content\/uploads\/2017\/06\/OSAY-cementary300.png","articleSection":["Nouvelles du territoire","RSS Fran\u00e7ais"],"inLanguage":"fr-FR"},{"@type":"WebPage","@id":"https:\/\/interamerica.org\/fr\/2015\/02\/les-adventistes-de-la-region-centre-de-la-jamaique-luttent-contre-le-crime-en-mettant-les-jeunes-au-travail\/","url":"https:\/\/interamerica.org\/fr\/2015\/02\/les-adventistes-de-la-region-centre-de-la-jamaique-luttent-contre-le-crime-en-mettant-les-jeunes-au-travail\/","name":"Les Adventistes de la r\u00e9gion Centre de la Jama\u00efque luttent contre le crime en mettant les jeunes au travail - \u00c9glise Adventiste Du Septieme Jour - Inter Am\u00e9rique Division","isPartOf":{"@id":"https:\/\/interamerica.org\/fr\/#website"},"primaryImageOfPage":{"@id":"https:\/\/interamerica.org\/fr\/2015\/02\/les-adventistes-de-la-region-centre-de-la-jamaique-luttent-contre-le-crime-en-mettant-les-jeunes-au-travail\/#primaryimage"},"image":{"@id":"https:\/\/interamerica.org\/fr\/2015\/02\/les-adventistes-de-la-region-centre-de-la-jamaique-luttent-contre-le-crime-en-mettant-les-jeunes-au-travail\/#primaryimage"},"thumbnailUrl":"https:\/\/interamerica.org\/wp-content\/uploads\/2017\/06\/OSAY-cementary300.png","datePublished":"2015-02-24T04:00:00+00:00","author":{"@id":"https:\/\/interamerica.org\/fr\/#\/schema\/person\/68ede8bdc292885bb76c1e3810e73c39"},"breadcrumb":{"@id":"https:\/\/interamerica.org\/fr\/2015\/02\/les-adventistes-de-la-region-centre-de-la-jamaique-luttent-contre-le-crime-en-mettant-les-jeunes-au-travail\/#breadcrumb"},"inLanguage":"fr-FR","potentialAction":[{"@type":"ReadAction","target":["https:\/\/interamerica.org\/fr\/2015\/02\/les-adventistes-de-la-region-centre-de-la-jamaique-luttent-contre-le-crime-en-mettant-les-jeunes-au-travail\/"]}]},{"@type":"ImageObject","inLanguage":"fr-FR","@id":"https:\/\/interamerica.org\/fr\/2015\/02\/les-adventistes-de-la-region-centre-de-la-jamaique-luttent-contre-le-crime-en-mettant-les-jeunes-au-travail\/#primaryimage","url":"https:\/\/interamerica.org\/wp-content\/uploads\/2017\/06\/OSAY-cementary300.png","contentUrl":"https:\/\/interamerica.org\/wp-content\/uploads\/2017\/06\/OSAY-cementary300.png","width":300,"height":200},{"@type":"BreadcrumbList","@id":"https:\/\/interamerica.org\/fr\/2015\/02\/les-adventistes-de-la-region-centre-de-la-jamaique-luttent-contre-le-crime-en-mettant-les-jeunes-au-travail\/#breadcrumb","itemListElement":[{"@type":"ListItem","position":1,"name":"Home","item":"https:\/\/interamerica.org\/fr\/"},{"@type":"ListItem","position":2,"name":"Les Adventistes de la r\u00e9gion Centre de la Jama\u00efque luttent contre le crime en mettant les jeunes au travail"}]},{"@type":"WebSite","@id":"https:\/\/interamerica.org\/fr\/#website","url":"https:\/\/interamerica.org\/fr\/","name":"\u00c9glise Adventiste Du Septieme Jour - Inter Am\u00e9rique Division","description":"","potentialAction":[{"@type":"SearchAction","target":{"@type":"EntryPoint","urlTemplate":"https:\/\/interamerica.org\/fr\/?s={search_term_string}"},"query-input":{"@type":"PropertyValueSpecification","valueRequired":true,"valueName":"search_term_string"}}],"inLanguage":"fr-FR"},{"@type":"Person","@id":"https:\/\/interamerica.org\/fr\/#\/schema\/person\/68ede8bdc292885bb76c1e3810e73c39","name":"Lorenzo Verduzco","image":{"@type":"ImageObject","inLanguage":"fr-FR","@id":"https:\/\/secure.gravatar.com\/avatar\/fb81a55b6218459490a9c1dc841a34909185b81904c5337b4b27f7a6fd60c49e?s=96&d=mm&r=g","url":"https:\/\/secure.gravatar.com\/avatar\/fb81a55b6218459490a9c1dc841a34909185b81904c5337b4b27f7a6fd60c49e?s=96&d=mm&r=g","contentUrl":"https:\/\/secure.gravatar.com\/avatar\/fb81a55b6218459490a9c1dc841a34909185b81904c5337b4b27f7a6fd60c49e?s=96&d=mm&r=g","caption":"Lorenzo Verduzco"}}]}},"_links":{"self":[{"href":"https:\/\/interamerica.org\/fr\/wp-json\/wp\/v2\/posts\/32179","targetHints":{"allow":["GET"]}}],"collection":[{"href":"https:\/\/interamerica.org\/fr\/wp-json\/wp\/v2\/posts"}],"about":[{"href":"https:\/\/interamerica.org\/fr\/wp-json\/wp\/v2\/types\/post"}],"author":[{"embeddable":true,"href":"https:\/\/interamerica.org\/fr\/wp-json\/wp\/v2\/users\/1"}],"replies":[{"embeddable":true,"href":"https:\/\/interamerica.org\/fr\/wp-json\/wp\/v2\/comments?post=32179"}],"version-history":[{"count":0,"href":"https:\/\/interamerica.org\/fr\/wp-json\/wp\/v2\/posts\/32179\/revisions"}],"wp:featuredmedia":[{"embeddable":true,"href":"https:\/\/interamerica.org\/fr\/wp-json\/wp\/v2\/media\/24459"}],"wp:attachment":[{"href":"https:\/\/interamerica.org\/fr\/wp-json\/wp\/v2\/media?parent=32179"}],"wp:term":[{"taxonomy":"category","embeddable":true,"href":"https:\/\/interamerica.org\/fr\/wp-json\/wp\/v2\/categories?post=32179"},{"taxonomy":"post_tag","embeddable":true,"href":"https:\/\/interamerica.org\/fr\/wp-json\/wp\/v2\/tags?post=32179"}],"curies":[{"name":"wp","href":"https:\/\/api.w.org\/{rel}","templated":true}]}}