{"id":32180,"date":"2015-02-25T00:00:00","date_gmt":"2015-02-25T04:00:00","guid":{"rendered":"http:\/\/192.81.217.108\/interamerica\/2015\/02\/le-president-du-kenya-promet-son-soutien-a-leducation-adventiste\/"},"modified":"2015-02-25T00:00:00","modified_gmt":"2015-02-25T04:00:00","slug":"le-president-du-kenya-promet-son-soutien-a-leducation-adventiste","status":"publish","type":"post","link":"https:\/\/interamerica.org\/fr\/2015\/02\/le-president-du-kenya-promet-son-soutien-a-leducation-adventiste\/","title":{"rendered":"Le pr\u00e9sident du Kenya promet son soutien \u00e0 l\u2019\u00e9ducation Adventiste"},"content":{"rendered":"<p>24 F\u00e9vrier 2015 \u2013 Nairobi, Kenya \u2013 Philip Baptiste\/ECD\/ANN<\/p>\n<div id=\"attachment_15329\" style=\"width: 410px\" class=\"wp-caption alignleft\"><a href=\"\/interamerica\/wp-content\/uploads\/2017\/06\/csm_kenya_prez_3_web_f870a81e7b.jpg\" rel=\"fancybox\" title=\"Le pr\u00e9sident du Kenya promet son soutien \u00e0 l\u2019\u00e9ducation Adventiste\"><img fetchpriority=\"high\" decoding=\"async\" aria-describedby=\"caption-attachment-15329\" class=\"size-full wp-image-15329 \" src=\"\/interamerica\/wp-content\/uploads\/2017\/06\/csm_kenya_prez_3_web_f870a81e7b.jpg\" alt=\"\" width=\"400\" height=\"261\" \/><\/a><p id=\"caption-attachment-15329\" class=\"wp-caption-text\">Le pr\u00e9sident du Kenya, Uhuru Kenyatta fait une intervention \u00e0 l\u2019Universit\u00e9 Adventiste d\u2019Afrique le dimanche 22 f\u00e9vrier 2015, lors d\u2019une c\u00e9r\u00e9monie pour le lancement de la construction d\u2019un nouveau Complexe de Sciences de la Sant\u00e9. Image de Steve Bina.<\/p><\/div>\n<p>Le pr\u00e9sident du Kenya, Uhuru Kenyatta, a visit\u00e9 le campus principal de l\u2019Universit\u00e9 Adventiste d\u2019Afrique (AUA) dimanche pour soutenir la construction d\u2019un nouveau Complexe de Sciences de la Sant\u00e9.<\/p>\n<p>Dans un discours pr\u00e9sent\u00e9 \u00e0 un auditoire de pr\u00e8s de 4000 personnes, le pr\u00e9sident Kenyatta a promis son soutien financier \u00e0 l\u2019initiative et a f\u00e9licit\u00e9 l\u2019Eglise Adventiste parce qu\u2019elle est un \u00ab partenaire exemplaire dans la transformation du Kenya. \u00bb<\/p>\n<p>\u00ab L\u2019Eglise Adventiste a jou\u00e9 une part vitale dans le redressement de nos communaut\u00e9s, dans l\u2019\u00e9quipement de nos citoyens et dans la construction de notre nation, \u00bb a dit Uhuru Kenyatta, faisant r\u00e9f\u00e9rence aux nombreuses \u00e9glises et \u00e9coles r\u00e9partis dans cette nation d\u2019Afrique de l\u2019Est.<\/p>\n<p>Le campus principal de l\u2019Universit\u00e9 Adventiste d\u2019Afrique se trouve \u00e0 la Division de l\u2019Afrique du Centre-Est qui se situe \u00e0 Ongata Rongai, une r\u00e9gion des faubourgs de Nairobi.<\/p>\n<p>Bien que bas\u00e9e au Kenya, AUA est directement affili\u00e9e au si\u00e8ge mondial de l\u2019Eglise Adventiste et propose des programmes de troisi\u00e8me cycle dans toute l\u2019Afrique. Les programmes doctoraux sont enseign\u00e9s sur le campus principal et les autres programmes \u2013 tels que la th\u00e9ologie et le commerce \u2013 sont enseign\u00e9s sur d\u2019autres campus du continent avec un personnel enseignant tournant.<\/p>\n<p>Le pr\u00e9sident Kenyatta qui \u00e9tait accompagn\u00e9 du vice-pr\u00e9sident William Ruto et d\u2019autres responsables, a en outre mis en lumi\u00e8re l\u2019universit\u00e9 par rapport \u00e0 sa vision progressiste et au fait qu\u2019elle occupe un cr\u00e9neau en tant que seule universit\u00e9 du Kenya mettant l\u2019accent uniquement sur les \u00e9tudes post-troisi\u00e8me cycle. Il a \u00e9galement f\u00e9licit\u00e9 le syst\u00e8me \u00e9ducatif de l\u2019Eglise Adventiste pour son calibre et l\u2019ampleur de ses services \u00e9ducatifs.<\/p>\n<p>Uhuru Kenyatta a conclu ses remarques en remerciant l\u2019Eglise Adventiste parce qu\u2019elle d\u00e9montre de mani\u00e8re exemplaire ce que signifie \u00eatre un disciple, et ce qu\u2019est la compassion et la philanthropie.<\/p>\n<p>\u00ab En touchant les c\u0153urs, an aidant les esprits \u00e0 avancer et en gu\u00e9rissant les malades, vous donnez vie \u00e0 la parole de Dieu qui est une lumi\u00e8re pour l\u2019humanit\u00e9, \u00bb a t-il dit.<\/p>\n<p>Blasious Ruguri, pr\u00e9sident de la Division de l\u2019Afrique du Centre Est a remerci\u00e9 le pr\u00e9sident de la nation d\u2019\u00eatre venu pour manifester son soutien pour le projet. Utilisant l\u2019histoire de J\u00e9sus demandant \u00e0 ses disciples de trouver et d\u00e9tacher deux \u00e2nons pour l\u2019entr\u00e9e triomphale \u00e0 J\u00e9rusalem, Blasious Ruguri a encourag\u00e9 l\u2019auditoire \u00e0 d\u00e9tacher leurs \u00e2nons, \u00bb c\u2019est \u00e0 dire \u00e0 lib\u00e9rer une partie de leurs fonds pour la mission.<\/p>\n<p>Le pr\u00e9sident Kenyatta a \u00e9t\u00e9 le premier \u00e0 faire un don en contribuant \u00e0 hauteur de plus de deux millions de shillings kenyans &#8211; soit pr\u00e8s de 22000 dollars US &#8211; pour le projet du B\u00e2timent des Sciences de la Sant\u00e9. Des centaines de responsables du gouvernement et de l\u2019\u00e9glise ont \u00e9galement fait des contributions pour le projet.<\/p>\n<p>Le philanthrope Sim\u00e9on Nyachae a \u00e9galement parl\u00e9 \u00e0 l\u2019auditoire. En introduisant le pr\u00e9sident il a f\u00e9licit\u00e9 l\u2019\u00e9glise pour avoir sauv\u00e9 la vie de sa m\u00e8re ; en effet elle avait besoin d\u2019une intervention chirurgicale qu\u2019elle a subie en 1942 dans un h\u00f4pital Adventiste. Sim\u00e9on Nyachae a indiqu\u00e9 qu\u2019elle a v\u00e9cu 102 ans.<\/p>\n<p>Traduction: Patrick Luciathe<\/p>\n","protected":false},"excerpt":{"rendered":"<p>Le pr\u00e9sident du Kenya, Uhuru Kenyatta, a visit\u00e9 le campus principal de l\u2019Universit\u00e9 Adventiste d\u2019Afrique (AUA) dimanche pour soutenir la construction d\u2019un nouveau Complexe de Sciences de la Sant\u00e9. <\/p>\n<p>Dans un discours pr\u00e9sent\u00e9 \u00e0 un auditoire de pr\u00e8s de 4000 personnes, le pr\u00e9sident Kenyatta a promis son soutien financier \u00e0 l\u2019initiative et a f\u00e9licit\u00e9 l\u2019Eglise Adventiste parce qu\u2019elle est un \u00ab partenaire exemplaire dans la transformation du Kenya. \u00bb<\/p>\n","protected":false},"author":1,"featured_media":24478,"comment_status":"closed","ping_status":"closed","sticky":false,"template":"","format":"standard","meta":{"_acf_changed":false,"footnotes":""},"categories":[18,19],"tags":[],"class_list":["post-32180","post","type-post","status-publish","format-standard","has-post-thumbnail","hentry","category-nouvelles-de-leglise-mondiale","category-rss-francais"],"acf":[],"yoast_head":"<!-- This site is optimized with the Yoast SEO plugin v27.3 - https:\/\/yoast.com\/product\/yoast-seo-wordpress\/ -->\n<title>Le pr\u00e9sident du Kenya promet son soutien \u00e0 l\u2019\u00e9ducation Adventiste - \u00c9glise Adventiste Du Septieme Jour - Inter Am\u00e9rique Division<\/title>\n<meta name=\"robots\" content=\"index, follow, max-snippet:-1, max-image-preview:large, max-video-preview:-1\" \/>\n<link rel=\"canonical\" href=\"https:\/\/interamerica.org\/fr\/2015\/02\/le-president-du-kenya-promet-son-soutien-a-leducation-adventiste\/\" \/>\n<meta property=\"og:locale\" content=\"fr_FR\" \/>\n<meta property=\"og:type\" content=\"article\" \/>\n<meta property=\"og:title\" content=\"Le pr\u00e9sident du Kenya promet son soutien \u00e0 l\u2019\u00e9ducation Adventiste - \u00c9glise Adventiste Du Septieme Jour - Inter Am\u00e9rique Division\" \/>\n<meta property=\"og:description\" content=\"Le pr\u00e9sident du Kenya, Uhuru Kenyatta, a visit\u00e9 le campus principal de l\u2019Universit\u00e9 Adventiste d\u2019Afrique (AUA) dimanche pour soutenir la construction d\u2019un nouveau Complexe de Sciences de la Sant\u00e9.  Dans un discours pr\u00e9sent\u00e9 \u00e0 un auditoire de pr\u00e8s de 4000 personnes, le pr\u00e9sident Kenyatta a promis son soutien financier \u00e0 l\u2019initiative et a f\u00e9licit\u00e9 l\u2019Eglise Adventiste parce qu\u2019elle est un \u00ab partenaire exemplaire dans la transformation du Kenya. \u00bb\" \/>\n<meta property=\"og:url\" content=\"https:\/\/interamerica.org\/fr\/2015\/02\/le-president-du-kenya-promet-son-soutien-a-leducation-adventiste\/\" \/>\n<meta property=\"og:site_name\" content=\"\u00c9glise Adventiste Du Septieme Jour - Inter Am\u00e9rique Division\" \/>\n<meta property=\"article:published_time\" content=\"2015-02-25T04:00:00+00:00\" \/>\n<meta property=\"og:image\" content=\"https:\/\/interamerica.org\/wp-content\/uploads\/2017\/06\/csm_kenya_prez_3_web_f870a81e7b.jpg\" \/>\n\t<meta property=\"og:image:width\" content=\"400\" \/>\n\t<meta property=\"og:image:height\" content=\"261\" \/>\n\t<meta property=\"og:image:type\" content=\"image\/jpeg\" \/>\n<meta name=\"author\" content=\"Lorenzo Verduzco\" \/>\n<meta name=\"twitter:card\" content=\"summary_large_image\" \/>\n<meta name=\"twitter:label1\" content=\"\u00c9crit par\" \/>\n\t<meta name=\"twitter:data1\" content=\"Lorenzo Verduzco\" \/>\n\t<meta name=\"twitter:label2\" content=\"Dur\u00e9e de lecture estim\u00e9e\" \/>\n\t<meta name=\"twitter:data2\" content=\"3 minutes\" \/>\n<script type=\"application\/ld+json\" class=\"yoast-schema-graph\">{\"@context\":\"https:\\\/\\\/schema.org\",\"@graph\":[{\"@type\":\"Article\",\"@id\":\"https:\\\/\\\/interamerica.org\\\/fr\\\/2015\\\/02\\\/le-president-du-kenya-promet-son-soutien-a-leducation-adventiste\\\/#article\",\"isPartOf\":{\"@id\":\"https:\\\/\\\/interamerica.org\\\/fr\\\/2015\\\/02\\\/le-president-du-kenya-promet-son-soutien-a-leducation-adventiste\\\/\"},\"author\":{\"name\":\"Lorenzo Verduzco\",\"@id\":\"https:\\\/\\\/interamerica.org\\\/fr\\\/#\\\/schema\\\/person\\\/68ede8bdc292885bb76c1e3810e73c39\"},\"headline\":\"Le pr\u00e9sident du Kenya promet son soutien \u00e0 l\u2019\u00e9ducation Adventiste\",\"datePublished\":\"2015-02-25T04:00:00+00:00\",\"mainEntityOfPage\":{\"@id\":\"https:\\\/\\\/interamerica.org\\\/fr\\\/2015\\\/02\\\/le-president-du-kenya-promet-son-soutien-a-leducation-adventiste\\\/\"},\"wordCount\":640,\"image\":{\"@id\":\"https:\\\/\\\/interamerica.org\\\/fr\\\/2015\\\/02\\\/le-president-du-kenya-promet-son-soutien-a-leducation-adventiste\\\/#primaryimage\"},\"thumbnailUrl\":\"https:\\\/\\\/interamerica.org\\\/wp-content\\\/uploads\\\/2017\\\/06\\\/csm_kenya_prez_3_web_f870a81e7b.jpg\",\"articleSection\":[\"Nouvelles de l'\u00c9glise mondiale\",\"RSS Fran\u00e7ais\"],\"inLanguage\":\"fr-FR\"},{\"@type\":\"WebPage\",\"@id\":\"https:\\\/\\\/interamerica.org\\\/fr\\\/2015\\\/02\\\/le-president-du-kenya-promet-son-soutien-a-leducation-adventiste\\\/\",\"url\":\"https:\\\/\\\/interamerica.org\\\/fr\\\/2015\\\/02\\\/le-president-du-kenya-promet-son-soutien-a-leducation-adventiste\\\/\",\"name\":\"Le pr\u00e9sident du Kenya promet son soutien \u00e0 l\u2019\u00e9ducation Adventiste - \u00c9glise Adventiste Du Septieme Jour - Inter Am\u00e9rique Division\",\"isPartOf\":{\"@id\":\"https:\\\/\\\/interamerica.org\\\/fr\\\/#website\"},\"primaryImageOfPage\":{\"@id\":\"https:\\\/\\\/interamerica.org\\\/fr\\\/2015\\\/02\\\/le-president-du-kenya-promet-son-soutien-a-leducation-adventiste\\\/#primaryimage\"},\"image\":{\"@id\":\"https:\\\/\\\/interamerica.org\\\/fr\\\/2015\\\/02\\\/le-president-du-kenya-promet-son-soutien-a-leducation-adventiste\\\/#primaryimage\"},\"thumbnailUrl\":\"https:\\\/\\\/interamerica.org\\\/wp-content\\\/uploads\\\/2017\\\/06\\\/csm_kenya_prez_3_web_f870a81e7b.jpg\",\"datePublished\":\"2015-02-25T04:00:00+00:00\",\"author\":{\"@id\":\"https:\\\/\\\/interamerica.org\\\/fr\\\/#\\\/schema\\\/person\\\/68ede8bdc292885bb76c1e3810e73c39\"},\"breadcrumb\":{\"@id\":\"https:\\\/\\\/interamerica.org\\\/fr\\\/2015\\\/02\\\/le-president-du-kenya-promet-son-soutien-a-leducation-adventiste\\\/#breadcrumb\"},\"inLanguage\":\"fr-FR\",\"potentialAction\":[{\"@type\":\"ReadAction\",\"target\":[\"https:\\\/\\\/interamerica.org\\\/fr\\\/2015\\\/02\\\/le-president-du-kenya-promet-son-soutien-a-leducation-adventiste\\\/\"]}]},{\"@type\":\"ImageObject\",\"inLanguage\":\"fr-FR\",\"@id\":\"https:\\\/\\\/interamerica.org\\\/fr\\\/2015\\\/02\\\/le-president-du-kenya-promet-son-soutien-a-leducation-adventiste\\\/#primaryimage\",\"url\":\"https:\\\/\\\/interamerica.org\\\/wp-content\\\/uploads\\\/2017\\\/06\\\/csm_kenya_prez_3_web_f870a81e7b.jpg\",\"contentUrl\":\"https:\\\/\\\/interamerica.org\\\/wp-content\\\/uploads\\\/2017\\\/06\\\/csm_kenya_prez_3_web_f870a81e7b.jpg\",\"width\":400,\"height\":261},{\"@type\":\"BreadcrumbList\",\"@id\":\"https:\\\/\\\/interamerica.org\\\/fr\\\/2015\\\/02\\\/le-president-du-kenya-promet-son-soutien-a-leducation-adventiste\\\/#breadcrumb\",\"itemListElement\":[{\"@type\":\"ListItem\",\"position\":1,\"name\":\"Home\",\"item\":\"https:\\\/\\\/interamerica.org\\\/fr\\\/\"},{\"@type\":\"ListItem\",\"position\":2,\"name\":\"Le pr\u00e9sident du Kenya promet son soutien \u00e0 l\u2019\u00e9ducation Adventiste\"}]},{\"@type\":\"WebSite\",\"@id\":\"https:\\\/\\\/interamerica.org\\\/fr\\\/#website\",\"url\":\"https:\\\/\\\/interamerica.org\\\/fr\\\/\",\"name\":\"\u00c9glise Adventiste Du Septieme Jour - Inter Am\u00e9rique Division\",\"description\":\"\",\"potentialAction\":[{\"@type\":\"SearchAction\",\"target\":{\"@type\":\"EntryPoint\",\"urlTemplate\":\"https:\\\/\\\/interamerica.org\\\/fr\\\/?s={search_term_string}\"},\"query-input\":{\"@type\":\"PropertyValueSpecification\",\"valueRequired\":true,\"valueName\":\"search_term_string\"}}],\"inLanguage\":\"fr-FR\"},{\"@type\":\"Person\",\"@id\":\"https:\\\/\\\/interamerica.org\\\/fr\\\/#\\\/schema\\\/person\\\/68ede8bdc292885bb76c1e3810e73c39\",\"name\":\"Lorenzo Verduzco\",\"image\":{\"@type\":\"ImageObject\",\"inLanguage\":\"fr-FR\",\"@id\":\"https:\\\/\\\/secure.gravatar.com\\\/avatar\\\/fb81a55b6218459490a9c1dc841a34909185b81904c5337b4b27f7a6fd60c49e?s=96&d=mm&r=g\",\"url\":\"https:\\\/\\\/secure.gravatar.com\\\/avatar\\\/fb81a55b6218459490a9c1dc841a34909185b81904c5337b4b27f7a6fd60c49e?s=96&d=mm&r=g\",\"contentUrl\":\"https:\\\/\\\/secure.gravatar.com\\\/avatar\\\/fb81a55b6218459490a9c1dc841a34909185b81904c5337b4b27f7a6fd60c49e?s=96&d=mm&r=g\",\"caption\":\"Lorenzo Verduzco\"}}]}<\/script>\n<!-- \/ Yoast SEO plugin. -->","yoast_head_json":{"title":"Le pr\u00e9sident du Kenya promet son soutien \u00e0 l\u2019\u00e9ducation Adventiste - \u00c9glise Adventiste Du Septieme Jour - Inter Am\u00e9rique Division","robots":{"index":"index","follow":"follow","max-snippet":"max-snippet:-1","max-image-preview":"max-image-preview:large","max-video-preview":"max-video-preview:-1"},"canonical":"https:\/\/interamerica.org\/fr\/2015\/02\/le-president-du-kenya-promet-son-soutien-a-leducation-adventiste\/","og_locale":"fr_FR","og_type":"article","og_title":"Le pr\u00e9sident du Kenya promet son soutien \u00e0 l\u2019\u00e9ducation Adventiste - \u00c9glise Adventiste Du Septieme Jour - Inter Am\u00e9rique Division","og_description":"Le pr\u00e9sident du Kenya, Uhuru Kenyatta, a visit\u00e9 le campus principal de l\u2019Universit\u00e9 Adventiste d\u2019Afrique (AUA) dimanche pour soutenir la construction d\u2019un nouveau Complexe de Sciences de la Sant\u00e9.  Dans un discours pr\u00e9sent\u00e9 \u00e0 un auditoire de pr\u00e8s de 4000 personnes, le pr\u00e9sident Kenyatta a promis son soutien financier \u00e0 l\u2019initiative et a f\u00e9licit\u00e9 l\u2019Eglise Adventiste parce qu\u2019elle est un \u00ab partenaire exemplaire dans la transformation du Kenya. \u00bb","og_url":"https:\/\/interamerica.org\/fr\/2015\/02\/le-president-du-kenya-promet-son-soutien-a-leducation-adventiste\/","og_site_name":"\u00c9glise Adventiste Du Septieme Jour - Inter Am\u00e9rique Division","article_published_time":"2015-02-25T04:00:00+00:00","og_image":[{"width":400,"height":261,"url":"https:\/\/interamerica.org\/wp-content\/uploads\/2017\/06\/csm_kenya_prez_3_web_f870a81e7b.jpg","type":"image\/jpeg"}],"author":"Lorenzo Verduzco","twitter_card":"summary_large_image","twitter_misc":{"\u00c9crit par":"Lorenzo Verduzco","Dur\u00e9e de lecture estim\u00e9e":"3 minutes"},"schema":{"@context":"https:\/\/schema.org","@graph":[{"@type":"Article","@id":"https:\/\/interamerica.org\/fr\/2015\/02\/le-president-du-kenya-promet-son-soutien-a-leducation-adventiste\/#article","isPartOf":{"@id":"https:\/\/interamerica.org\/fr\/2015\/02\/le-president-du-kenya-promet-son-soutien-a-leducation-adventiste\/"},"author":{"name":"Lorenzo Verduzco","@id":"https:\/\/interamerica.org\/fr\/#\/schema\/person\/68ede8bdc292885bb76c1e3810e73c39"},"headline":"Le pr\u00e9sident du Kenya promet son soutien \u00e0 l\u2019\u00e9ducation Adventiste","datePublished":"2015-02-25T04:00:00+00:00","mainEntityOfPage":{"@id":"https:\/\/interamerica.org\/fr\/2015\/02\/le-president-du-kenya-promet-son-soutien-a-leducation-adventiste\/"},"wordCount":640,"image":{"@id":"https:\/\/interamerica.org\/fr\/2015\/02\/le-president-du-kenya-promet-son-soutien-a-leducation-adventiste\/#primaryimage"},"thumbnailUrl":"https:\/\/interamerica.org\/wp-content\/uploads\/2017\/06\/csm_kenya_prez_3_web_f870a81e7b.jpg","articleSection":["Nouvelles de l'\u00c9glise mondiale","RSS Fran\u00e7ais"],"inLanguage":"fr-FR"},{"@type":"WebPage","@id":"https:\/\/interamerica.org\/fr\/2015\/02\/le-president-du-kenya-promet-son-soutien-a-leducation-adventiste\/","url":"https:\/\/interamerica.org\/fr\/2015\/02\/le-president-du-kenya-promet-son-soutien-a-leducation-adventiste\/","name":"Le pr\u00e9sident du Kenya promet son soutien \u00e0 l\u2019\u00e9ducation Adventiste - \u00c9glise Adventiste Du Septieme Jour - Inter Am\u00e9rique Division","isPartOf":{"@id":"https:\/\/interamerica.org\/fr\/#website"},"primaryImageOfPage":{"@id":"https:\/\/interamerica.org\/fr\/2015\/02\/le-president-du-kenya-promet-son-soutien-a-leducation-adventiste\/#primaryimage"},"image":{"@id":"https:\/\/interamerica.org\/fr\/2015\/02\/le-president-du-kenya-promet-son-soutien-a-leducation-adventiste\/#primaryimage"},"thumbnailUrl":"https:\/\/interamerica.org\/wp-content\/uploads\/2017\/06\/csm_kenya_prez_3_web_f870a81e7b.jpg","datePublished":"2015-02-25T04:00:00+00:00","author":{"@id":"https:\/\/interamerica.org\/fr\/#\/schema\/person\/68ede8bdc292885bb76c1e3810e73c39"},"breadcrumb":{"@id":"https:\/\/interamerica.org\/fr\/2015\/02\/le-president-du-kenya-promet-son-soutien-a-leducation-adventiste\/#breadcrumb"},"inLanguage":"fr-FR","potentialAction":[{"@type":"ReadAction","target":["https:\/\/interamerica.org\/fr\/2015\/02\/le-president-du-kenya-promet-son-soutien-a-leducation-adventiste\/"]}]},{"@type":"ImageObject","inLanguage":"fr-FR","@id":"https:\/\/interamerica.org\/fr\/2015\/02\/le-president-du-kenya-promet-son-soutien-a-leducation-adventiste\/#primaryimage","url":"https:\/\/interamerica.org\/wp-content\/uploads\/2017\/06\/csm_kenya_prez_3_web_f870a81e7b.jpg","contentUrl":"https:\/\/interamerica.org\/wp-content\/uploads\/2017\/06\/csm_kenya_prez_3_web_f870a81e7b.jpg","width":400,"height":261},{"@type":"BreadcrumbList","@id":"https:\/\/interamerica.org\/fr\/2015\/02\/le-president-du-kenya-promet-son-soutien-a-leducation-adventiste\/#breadcrumb","itemListElement":[{"@type":"ListItem","position":1,"name":"Home","item":"https:\/\/interamerica.org\/fr\/"},{"@type":"ListItem","position":2,"name":"Le pr\u00e9sident du Kenya promet son soutien \u00e0 l\u2019\u00e9ducation Adventiste"}]},{"@type":"WebSite","@id":"https:\/\/interamerica.org\/fr\/#website","url":"https:\/\/interamerica.org\/fr\/","name":"\u00c9glise Adventiste Du Septieme Jour - Inter Am\u00e9rique Division","description":"","potentialAction":[{"@type":"SearchAction","target":{"@type":"EntryPoint","urlTemplate":"https:\/\/interamerica.org\/fr\/?s={search_term_string}"},"query-input":{"@type":"PropertyValueSpecification","valueRequired":true,"valueName":"search_term_string"}}],"inLanguage":"fr-FR"},{"@type":"Person","@id":"https:\/\/interamerica.org\/fr\/#\/schema\/person\/68ede8bdc292885bb76c1e3810e73c39","name":"Lorenzo Verduzco","image":{"@type":"ImageObject","inLanguage":"fr-FR","@id":"https:\/\/secure.gravatar.com\/avatar\/fb81a55b6218459490a9c1dc841a34909185b81904c5337b4b27f7a6fd60c49e?s=96&d=mm&r=g","url":"https:\/\/secure.gravatar.com\/avatar\/fb81a55b6218459490a9c1dc841a34909185b81904c5337b4b27f7a6fd60c49e?s=96&d=mm&r=g","contentUrl":"https:\/\/secure.gravatar.com\/avatar\/fb81a55b6218459490a9c1dc841a34909185b81904c5337b4b27f7a6fd60c49e?s=96&d=mm&r=g","caption":"Lorenzo Verduzco"}}]}},"_links":{"self":[{"href":"https:\/\/interamerica.org\/fr\/wp-json\/wp\/v2\/posts\/32180","targetHints":{"allow":["GET"]}}],"collection":[{"href":"https:\/\/interamerica.org\/fr\/wp-json\/wp\/v2\/posts"}],"about":[{"href":"https:\/\/interamerica.org\/fr\/wp-json\/wp\/v2\/types\/post"}],"author":[{"embeddable":true,"href":"https:\/\/interamerica.org\/fr\/wp-json\/wp\/v2\/users\/1"}],"replies":[{"embeddable":true,"href":"https:\/\/interamerica.org\/fr\/wp-json\/wp\/v2\/comments?post=32180"}],"version-history":[{"count":0,"href":"https:\/\/interamerica.org\/fr\/wp-json\/wp\/v2\/posts\/32180\/revisions"}],"wp:featuredmedia":[{"embeddable":true,"href":"https:\/\/interamerica.org\/fr\/wp-json\/wp\/v2\/media\/24478"}],"wp:attachment":[{"href":"https:\/\/interamerica.org\/fr\/wp-json\/wp\/v2\/media?parent=32180"}],"wp:term":[{"taxonomy":"category","embeddable":true,"href":"https:\/\/interamerica.org\/fr\/wp-json\/wp\/v2\/categories?post=32180"},{"taxonomy":"post_tag","embeddable":true,"href":"https:\/\/interamerica.org\/fr\/wp-json\/wp\/v2\/tags?post=32180"}],"curies":[{"name":"wp","href":"https:\/\/api.w.org\/{rel}","templated":true}]}}