{"id":32181,"date":"2015-03-01T00:00:00","date_gmt":"2015-03-01T04:00:00","guid":{"rendered":"http:\/\/192.81.217.108\/interamerica\/2015\/03\/cnn-invite-des-adventistes-sur-son-plateau-pour-parler-de-vie-saine\/"},"modified":"2015-03-01T00:00:00","modified_gmt":"2015-03-01T04:00:00","slug":"cnn-invite-des-adventistes-sur-son-plateau-pour-parler-de-vie-saine","status":"publish","type":"post","link":"https:\/\/interamerica.org\/fr\/2015\/03\/cnn-invite-des-adventistes-sur-son-plateau-pour-parler-de-vie-saine\/","title":{"rendered":"CNN invite des adventistes sur son plateau pour parler de vie saine"},"content":{"rendered":"<p>27 f\u00e9vrier 2015\/ Silver Spring, Maryland, \u00c9tats-Unis\/ \u00c9quipes de M\u00e9decine de l\u2019Universit\u00e9 Loma Linda et de la Revue Adventiste<\/p>\n<div id=\"attachment_15359\" style=\"width: 310px\" class=\"wp-caption alignleft\"><a href=\"\/interamerica\/wp-content\/uploads\/2017\/06\/csm_Screen_Shot_2015-02-27_at_6.14.51_PM_7a27a92877.png\" rel=\"fancybox\" title=\"CNN invite des adventistes sur son plateau pour parler de vie saine\"><img decoding=\"async\" aria-describedby=\"caption-attachment-15359\" class=\"size-medium wp-image-15359 \" src=\"\/interamerica\/wp-content\/uploads\/2017\/06\/csm_Screen_Shot_2015-02-27_at_6.14.51_PM_7a27a92877-300x166.png\" alt=\"\" width=\"300\" height=\"166\" \/><\/a><p id=\"caption-attachment-15359\" class=\"wp-caption-text\">Voici une capture d&rsquo;\u00e9cran de l&rsquo;\u00e9mission o\u00f9 l&rsquo;on voit le correspondant de CNN, Sanjay Gupta, \u00e0 gauche, interroger le Dr. Richard Hart, pr\u00e9sident de l\u2019Universit\u00e9 de M\u00e9decine de Loma Linda.<\/p><\/div>\n<p>La cha\u00eene t\u00e9l\u00e9vis\u00e9e CNN pr\u00e9sente l\u2019Universit\u00e9 de Loma Linda et la communaut\u00e9 adventiste environnante, dans le sud de la Californie, \u00e0 travers un programme sur la mani\u00e8re de vivre plus longtemps et en meilleure sant\u00e9.<em> <\/em><\/p>\n<p>Le programme intitul\u00e9 \u00ab\u00a0Vital Signs with Dr. Sanjay Gupta\u00a0\u00bb (Des Signes Vitaux avec le Dr. Sanjay Gupta), qui dure 30 minutes et est diffus\u00e9 sur CNN International durant le mois de f\u00e9vrier, aborde la question suivante\u00a0: \u00ab Que peut-on faire pour avoir une vie en meilleure sant\u00e9, plus heureuse et plus longue\u00a0?\u00a0\u00bb<\/p>\n<p>Le cadre du\u00a0 d\u00e9but de l\u2019\u00e9mission est la ville de Loma Linda et les personnes interview\u00e9es mentionnent les facteurs cl\u00e9s d\u2019une vie en bonne sant\u00e9 tels que maintenir un r\u00e9gime alimentaire bas\u00e9 sur les plantes, pratiquer une activit\u00e9 physique r\u00e9guli\u00e8re, reposer et se\u00a0 d\u00e9tendre, ainsi qu\u2019avoir des liens sociaux actifs. Ils parlent aussi de l\u2019importance du sens de la mission, ce qui pour les adventistes est \u00e9troitement li\u00e9 \u00e0 leur foi en Dieu et leur esp\u00e9rance dans le prochain retour de J\u00e9sus.<\/p>\n<p>Un des facteurs cl\u00e9s d\u2019une vie meilleure est\u00a0:\u00a0\u00ab\u00a0avoir un objectif dans ce que l\u2019on fait\u00a0\u00bb, d\u00e9clare Richard Hart, pr\u00e9sident de la Facult\u00e9 de M\u00e9decine Loma Linda, dans l\u2019\u00e9mission.<\/p>\n<p>Gupta, le correspondant m\u00e9dical principal de CNN,\u00a0 fait remarquer que les adventistes observent le Sabbat le septi\u00e8me jour, ce qu\u2019il leur donne une pause du stress quotidien et une chance de se rassembler avec des membres adventistes.<\/p>\n<p>\u00ab\u00a0Les adventistes observent aussi strictement le\u00a0 sabbat le samedi. C\u2019est un moment de d\u00e9connection, de d\u00e9tente et de partage avec d\u2019autres personnes qui pensent de la m\u00eame mani\u00e8re\u00a0\u00bb affirme t-il.<\/p>\n<p>L\u2019auteur et explorateur Dan Buettner explique dans cette \u00e9mission qu\u2019un secret pour vivre plus longtemps, est de passer du temps avec des personnes qui se soucient de leur sant\u00e9 plut\u00f4t qu\u2019avec ceux qui se nourrissent mal et ne pratiquent pas de sport.<\/p>\n<p>Dans l\u2019\u00e9mission, Gupta se concentre sur les points communs aux cinq \u00ab\u00a0Zones Blues\u00a0\u00bb mondiales, que Bruettner a identifi\u00e9 comme \u00e9tant des r\u00e9gions o\u00f9 les r\u00e9sidents vivent le plus longtemps. Loma Linda est la seule \u00ab\u00a0Zone Bleue\u00a0\u00bb aux \u00c9tat-Unis.<\/p>\n<p>La Facult\u00e9 de M\u00e9decine de Loma Linda a aussi l\u2019honneur d\u2019\u00eatre engag\u00e9e dans les recherches mondiales les plus longues sur le vieillissement et la long\u00e9vit\u00e9. Les \u00e9tudes,\u00a0 appel\u00e9es collectivement \u00ab\u00a0\u00c9tudes Adventistes sur la sant\u00e9\u00a0\u00bb, sont cit\u00e9es dans l\u2019\u00e9mission.<\/p>\n<p>L\u2019\u00e9mission de CNN est post\u00e9 en ligne et peut \u00eatre vu en cliquant ici.<\/p>\n<p>Un certain nombre de m\u00e9dia ont diffus\u00e9 des \u00e9missions sur les adventistes de Loma Linda, ces derni\u00e8res ann\u00e9es. En plus de l\u2019\u00e9mission de CNN ce mois-ci, les adventistes de Loma Linda \u00e9taient au centre d\u2019un article \u00e9crit par\u00a0: \u00ab\u00a0Christian Broadcasting\u00a0 Network News\u00bb intitul\u00e9\u00a0: \u00ab\u00a0Secrets to Longevity Revealed in Denomination\u2019s Lifestyle\u00a0\u00bb(Des Secrets de Long\u00e9vit\u00e9 r\u00e9v\u00e9l\u00e9s \u00e0 travers le style de vie d\u2019une d\u00e9nomination).<\/p>\n<p>Traduction\u00a0: Carole et Charles SAINT-LOUIS\u00a0\u00a0 \u00a0\u00a0\u00a0\u00a0\u00a0 <em>\u00a0<\/em><\/p>\n","protected":false},"excerpt":{"rendered":"<p>La cha\u00eene t\u00e9l\u00e9vis\u00e9e CNN pr\u00e9sente l\u2019Universit\u00e9 de Loma Linda et la communaut\u00e9 adventiste environnante, dans le sud de la Californie, \u00e0 travers un programme sur la mani\u00e8re de vivre plus longtemps et en meilleure sant\u00e9.   <\/p>\n<p>Le programme intitul\u00e9 \u00ab Vital Signs with Dr. Sanjay Gupta \u00bb (Des Signes Vitaux avec le Dr. Sanjay Gupta), qui dure 30 minutes et est diffus\u00e9 sur CNN International durant le mois de f\u00e9vrier, aborde la question suivante : \u00ab Que peut-on faire pour avoir une vie en meilleure sant\u00e9, plus heureuse et plus longue ? \u00bb<\/p>\n","protected":false},"author":1,"featured_media":24482,"comment_status":"closed","ping_status":"closed","sticky":false,"template":"","format":"standard","meta":{"_acf_changed":false,"footnotes":""},"categories":[18,19],"tags":[],"class_list":["post-32181","post","type-post","status-publish","format-standard","has-post-thumbnail","hentry","category-nouvelles-de-leglise-mondiale","category-rss-francais"],"acf":[],"yoast_head":"<!-- This site is optimized with the Yoast SEO plugin v27.3 - https:\/\/yoast.com\/product\/yoast-seo-wordpress\/ -->\n<title>CNN invite des adventistes sur son plateau pour parler de vie saine - \u00c9glise Adventiste Du Septieme Jour - Inter Am\u00e9rique Division<\/title>\n<meta name=\"robots\" content=\"index, follow, max-snippet:-1, max-image-preview:large, max-video-preview:-1\" \/>\n<link rel=\"canonical\" href=\"https:\/\/interamerica.org\/fr\/2015\/03\/cnn-invite-des-adventistes-sur-son-plateau-pour-parler-de-vie-saine\/\" \/>\n<meta property=\"og:locale\" content=\"fr_FR\" \/>\n<meta property=\"og:type\" content=\"article\" \/>\n<meta property=\"og:title\" content=\"CNN invite des adventistes sur son plateau pour parler de vie saine - \u00c9glise Adventiste Du Septieme Jour - Inter Am\u00e9rique Division\" \/>\n<meta property=\"og:description\" content=\"La cha\u00eene t\u00e9l\u00e9vis\u00e9e CNN pr\u00e9sente l\u2019Universit\u00e9 de Loma Linda et la communaut\u00e9 adventiste environnante, dans le sud de la Californie, \u00e0 travers un programme sur la mani\u00e8re de vivre plus longtemps et en meilleure sant\u00e9.   Le programme intitul\u00e9 \u00ab Vital Signs with Dr. Sanjay Gupta \u00bb (Des Signes Vitaux avec le Dr. Sanjay Gupta), qui dure 30 minutes et est diffus\u00e9 sur CNN International durant le mois de f\u00e9vrier, aborde la question suivante : \u00ab Que peut-on faire pour avoir une vie en meilleure sant\u00e9, plus heureuse et plus longue ? \u00bb\" \/>\n<meta property=\"og:url\" content=\"https:\/\/interamerica.org\/fr\/2015\/03\/cnn-invite-des-adventistes-sur-son-plateau-pour-parler-de-vie-saine\/\" \/>\n<meta property=\"og:site_name\" content=\"\u00c9glise Adventiste Du Septieme Jour - Inter Am\u00e9rique Division\" \/>\n<meta property=\"article:published_time\" content=\"2015-03-01T04:00:00+00:00\" \/>\n<meta property=\"og:image\" content=\"https:\/\/interamerica.org\/wp-content\/uploads\/2017\/06\/csm_Screen_Shot_2015-02-27_at_6.14.51_PM_7a27a92877.png\" \/>\n\t<meta property=\"og:image:width\" content=\"800\" \/>\n\t<meta property=\"og:image:height\" content=\"443\" \/>\n\t<meta property=\"og:image:type\" content=\"image\/png\" \/>\n<meta name=\"author\" content=\"Lorenzo Verduzco\" \/>\n<meta name=\"twitter:card\" content=\"summary_large_image\" \/>\n<meta name=\"twitter:label1\" content=\"\u00c9crit par\" \/>\n\t<meta name=\"twitter:data1\" content=\"Lorenzo Verduzco\" \/>\n\t<meta name=\"twitter:label2\" content=\"Dur\u00e9e de lecture estim\u00e9e\" \/>\n\t<meta name=\"twitter:data2\" content=\"3 minutes\" \/>\n<script type=\"application\/ld+json\" class=\"yoast-schema-graph\">{\"@context\":\"https:\\\/\\\/schema.org\",\"@graph\":[{\"@type\":\"Article\",\"@id\":\"https:\\\/\\\/interamerica.org\\\/fr\\\/2015\\\/03\\\/cnn-invite-des-adventistes-sur-son-plateau-pour-parler-de-vie-saine\\\/#article\",\"isPartOf\":{\"@id\":\"https:\\\/\\\/interamerica.org\\\/fr\\\/2015\\\/03\\\/cnn-invite-des-adventistes-sur-son-plateau-pour-parler-de-vie-saine\\\/\"},\"author\":{\"name\":\"Lorenzo Verduzco\",\"@id\":\"https:\\\/\\\/interamerica.org\\\/fr\\\/#\\\/schema\\\/person\\\/68ede8bdc292885bb76c1e3810e73c39\"},\"headline\":\"CNN invite des adventistes sur son plateau pour parler de vie saine\",\"datePublished\":\"2015-03-01T04:00:00+00:00\",\"mainEntityOfPage\":{\"@id\":\"https:\\\/\\\/interamerica.org\\\/fr\\\/2015\\\/03\\\/cnn-invite-des-adventistes-sur-son-plateau-pour-parler-de-vie-saine\\\/\"},\"wordCount\":599,\"image\":{\"@id\":\"https:\\\/\\\/interamerica.org\\\/fr\\\/2015\\\/03\\\/cnn-invite-des-adventistes-sur-son-plateau-pour-parler-de-vie-saine\\\/#primaryimage\"},\"thumbnailUrl\":\"https:\\\/\\\/interamerica.org\\\/wp-content\\\/uploads\\\/2017\\\/06\\\/csm_Screen_Shot_2015-02-27_at_6.14.51_PM_7a27a92877.png\",\"articleSection\":[\"Nouvelles de l'\u00c9glise mondiale\",\"RSS Fran\u00e7ais\"],\"inLanguage\":\"fr-FR\"},{\"@type\":\"WebPage\",\"@id\":\"https:\\\/\\\/interamerica.org\\\/fr\\\/2015\\\/03\\\/cnn-invite-des-adventistes-sur-son-plateau-pour-parler-de-vie-saine\\\/\",\"url\":\"https:\\\/\\\/interamerica.org\\\/fr\\\/2015\\\/03\\\/cnn-invite-des-adventistes-sur-son-plateau-pour-parler-de-vie-saine\\\/\",\"name\":\"CNN invite des adventistes sur son plateau pour parler de vie saine - \u00c9glise Adventiste Du Septieme Jour - Inter Am\u00e9rique Division\",\"isPartOf\":{\"@id\":\"https:\\\/\\\/interamerica.org\\\/fr\\\/#website\"},\"primaryImageOfPage\":{\"@id\":\"https:\\\/\\\/interamerica.org\\\/fr\\\/2015\\\/03\\\/cnn-invite-des-adventistes-sur-son-plateau-pour-parler-de-vie-saine\\\/#primaryimage\"},\"image\":{\"@id\":\"https:\\\/\\\/interamerica.org\\\/fr\\\/2015\\\/03\\\/cnn-invite-des-adventistes-sur-son-plateau-pour-parler-de-vie-saine\\\/#primaryimage\"},\"thumbnailUrl\":\"https:\\\/\\\/interamerica.org\\\/wp-content\\\/uploads\\\/2017\\\/06\\\/csm_Screen_Shot_2015-02-27_at_6.14.51_PM_7a27a92877.png\",\"datePublished\":\"2015-03-01T04:00:00+00:00\",\"author\":{\"@id\":\"https:\\\/\\\/interamerica.org\\\/fr\\\/#\\\/schema\\\/person\\\/68ede8bdc292885bb76c1e3810e73c39\"},\"breadcrumb\":{\"@id\":\"https:\\\/\\\/interamerica.org\\\/fr\\\/2015\\\/03\\\/cnn-invite-des-adventistes-sur-son-plateau-pour-parler-de-vie-saine\\\/#breadcrumb\"},\"inLanguage\":\"fr-FR\",\"potentialAction\":[{\"@type\":\"ReadAction\",\"target\":[\"https:\\\/\\\/interamerica.org\\\/fr\\\/2015\\\/03\\\/cnn-invite-des-adventistes-sur-son-plateau-pour-parler-de-vie-saine\\\/\"]}]},{\"@type\":\"ImageObject\",\"inLanguage\":\"fr-FR\",\"@id\":\"https:\\\/\\\/interamerica.org\\\/fr\\\/2015\\\/03\\\/cnn-invite-des-adventistes-sur-son-plateau-pour-parler-de-vie-saine\\\/#primaryimage\",\"url\":\"https:\\\/\\\/interamerica.org\\\/wp-content\\\/uploads\\\/2017\\\/06\\\/csm_Screen_Shot_2015-02-27_at_6.14.51_PM_7a27a92877.png\",\"contentUrl\":\"https:\\\/\\\/interamerica.org\\\/wp-content\\\/uploads\\\/2017\\\/06\\\/csm_Screen_Shot_2015-02-27_at_6.14.51_PM_7a27a92877.png\",\"width\":800,\"height\":443},{\"@type\":\"BreadcrumbList\",\"@id\":\"https:\\\/\\\/interamerica.org\\\/fr\\\/2015\\\/03\\\/cnn-invite-des-adventistes-sur-son-plateau-pour-parler-de-vie-saine\\\/#breadcrumb\",\"itemListElement\":[{\"@type\":\"ListItem\",\"position\":1,\"name\":\"Home\",\"item\":\"https:\\\/\\\/interamerica.org\\\/fr\\\/\"},{\"@type\":\"ListItem\",\"position\":2,\"name\":\"CNN invite des adventistes sur son plateau pour parler de vie saine\"}]},{\"@type\":\"WebSite\",\"@id\":\"https:\\\/\\\/interamerica.org\\\/fr\\\/#website\",\"url\":\"https:\\\/\\\/interamerica.org\\\/fr\\\/\",\"name\":\"\u00c9glise Adventiste Du Septieme Jour - Inter Am\u00e9rique Division\",\"description\":\"\",\"potentialAction\":[{\"@type\":\"SearchAction\",\"target\":{\"@type\":\"EntryPoint\",\"urlTemplate\":\"https:\\\/\\\/interamerica.org\\\/fr\\\/?s={search_term_string}\"},\"query-input\":{\"@type\":\"PropertyValueSpecification\",\"valueRequired\":true,\"valueName\":\"search_term_string\"}}],\"inLanguage\":\"fr-FR\"},{\"@type\":\"Person\",\"@id\":\"https:\\\/\\\/interamerica.org\\\/fr\\\/#\\\/schema\\\/person\\\/68ede8bdc292885bb76c1e3810e73c39\",\"name\":\"Lorenzo Verduzco\",\"image\":{\"@type\":\"ImageObject\",\"inLanguage\":\"fr-FR\",\"@id\":\"https:\\\/\\\/secure.gravatar.com\\\/avatar\\\/fb81a55b6218459490a9c1dc841a34909185b81904c5337b4b27f7a6fd60c49e?s=96&d=mm&r=g\",\"url\":\"https:\\\/\\\/secure.gravatar.com\\\/avatar\\\/fb81a55b6218459490a9c1dc841a34909185b81904c5337b4b27f7a6fd60c49e?s=96&d=mm&r=g\",\"contentUrl\":\"https:\\\/\\\/secure.gravatar.com\\\/avatar\\\/fb81a55b6218459490a9c1dc841a34909185b81904c5337b4b27f7a6fd60c49e?s=96&d=mm&r=g\",\"caption\":\"Lorenzo Verduzco\"}}]}<\/script>\n<!-- \/ Yoast SEO plugin. -->","yoast_head_json":{"title":"CNN invite des adventistes sur son plateau pour parler de vie saine - \u00c9glise Adventiste Du Septieme Jour - Inter Am\u00e9rique Division","robots":{"index":"index","follow":"follow","max-snippet":"max-snippet:-1","max-image-preview":"max-image-preview:large","max-video-preview":"max-video-preview:-1"},"canonical":"https:\/\/interamerica.org\/fr\/2015\/03\/cnn-invite-des-adventistes-sur-son-plateau-pour-parler-de-vie-saine\/","og_locale":"fr_FR","og_type":"article","og_title":"CNN invite des adventistes sur son plateau pour parler de vie saine - \u00c9glise Adventiste Du Septieme Jour - Inter Am\u00e9rique Division","og_description":"La cha\u00eene t\u00e9l\u00e9vis\u00e9e CNN pr\u00e9sente l\u2019Universit\u00e9 de Loma Linda et la communaut\u00e9 adventiste environnante, dans le sud de la Californie, \u00e0 travers un programme sur la mani\u00e8re de vivre plus longtemps et en meilleure sant\u00e9.   Le programme intitul\u00e9 \u00ab Vital Signs with Dr. Sanjay Gupta \u00bb (Des Signes Vitaux avec le Dr. Sanjay Gupta), qui dure 30 minutes et est diffus\u00e9 sur CNN International durant le mois de f\u00e9vrier, aborde la question suivante : \u00ab Que peut-on faire pour avoir une vie en meilleure sant\u00e9, plus heureuse et plus longue ? \u00bb","og_url":"https:\/\/interamerica.org\/fr\/2015\/03\/cnn-invite-des-adventistes-sur-son-plateau-pour-parler-de-vie-saine\/","og_site_name":"\u00c9glise Adventiste Du Septieme Jour - Inter Am\u00e9rique Division","article_published_time":"2015-03-01T04:00:00+00:00","og_image":[{"width":800,"height":443,"url":"https:\/\/interamerica.org\/wp-content\/uploads\/2017\/06\/csm_Screen_Shot_2015-02-27_at_6.14.51_PM_7a27a92877.png","type":"image\/png"}],"author":"Lorenzo Verduzco","twitter_card":"summary_large_image","twitter_misc":{"\u00c9crit par":"Lorenzo Verduzco","Dur\u00e9e de lecture estim\u00e9e":"3 minutes"},"schema":{"@context":"https:\/\/schema.org","@graph":[{"@type":"Article","@id":"https:\/\/interamerica.org\/fr\/2015\/03\/cnn-invite-des-adventistes-sur-son-plateau-pour-parler-de-vie-saine\/#article","isPartOf":{"@id":"https:\/\/interamerica.org\/fr\/2015\/03\/cnn-invite-des-adventistes-sur-son-plateau-pour-parler-de-vie-saine\/"},"author":{"name":"Lorenzo Verduzco","@id":"https:\/\/interamerica.org\/fr\/#\/schema\/person\/68ede8bdc292885bb76c1e3810e73c39"},"headline":"CNN invite des adventistes sur son plateau pour parler de vie saine","datePublished":"2015-03-01T04:00:00+00:00","mainEntityOfPage":{"@id":"https:\/\/interamerica.org\/fr\/2015\/03\/cnn-invite-des-adventistes-sur-son-plateau-pour-parler-de-vie-saine\/"},"wordCount":599,"image":{"@id":"https:\/\/interamerica.org\/fr\/2015\/03\/cnn-invite-des-adventistes-sur-son-plateau-pour-parler-de-vie-saine\/#primaryimage"},"thumbnailUrl":"https:\/\/interamerica.org\/wp-content\/uploads\/2017\/06\/csm_Screen_Shot_2015-02-27_at_6.14.51_PM_7a27a92877.png","articleSection":["Nouvelles de l'\u00c9glise mondiale","RSS Fran\u00e7ais"],"inLanguage":"fr-FR"},{"@type":"WebPage","@id":"https:\/\/interamerica.org\/fr\/2015\/03\/cnn-invite-des-adventistes-sur-son-plateau-pour-parler-de-vie-saine\/","url":"https:\/\/interamerica.org\/fr\/2015\/03\/cnn-invite-des-adventistes-sur-son-plateau-pour-parler-de-vie-saine\/","name":"CNN invite des adventistes sur son plateau pour parler de vie saine - \u00c9glise Adventiste Du Septieme Jour - Inter Am\u00e9rique Division","isPartOf":{"@id":"https:\/\/interamerica.org\/fr\/#website"},"primaryImageOfPage":{"@id":"https:\/\/interamerica.org\/fr\/2015\/03\/cnn-invite-des-adventistes-sur-son-plateau-pour-parler-de-vie-saine\/#primaryimage"},"image":{"@id":"https:\/\/interamerica.org\/fr\/2015\/03\/cnn-invite-des-adventistes-sur-son-plateau-pour-parler-de-vie-saine\/#primaryimage"},"thumbnailUrl":"https:\/\/interamerica.org\/wp-content\/uploads\/2017\/06\/csm_Screen_Shot_2015-02-27_at_6.14.51_PM_7a27a92877.png","datePublished":"2015-03-01T04:00:00+00:00","author":{"@id":"https:\/\/interamerica.org\/fr\/#\/schema\/person\/68ede8bdc292885bb76c1e3810e73c39"},"breadcrumb":{"@id":"https:\/\/interamerica.org\/fr\/2015\/03\/cnn-invite-des-adventistes-sur-son-plateau-pour-parler-de-vie-saine\/#breadcrumb"},"inLanguage":"fr-FR","potentialAction":[{"@type":"ReadAction","target":["https:\/\/interamerica.org\/fr\/2015\/03\/cnn-invite-des-adventistes-sur-son-plateau-pour-parler-de-vie-saine\/"]}]},{"@type":"ImageObject","inLanguage":"fr-FR","@id":"https:\/\/interamerica.org\/fr\/2015\/03\/cnn-invite-des-adventistes-sur-son-plateau-pour-parler-de-vie-saine\/#primaryimage","url":"https:\/\/interamerica.org\/wp-content\/uploads\/2017\/06\/csm_Screen_Shot_2015-02-27_at_6.14.51_PM_7a27a92877.png","contentUrl":"https:\/\/interamerica.org\/wp-content\/uploads\/2017\/06\/csm_Screen_Shot_2015-02-27_at_6.14.51_PM_7a27a92877.png","width":800,"height":443},{"@type":"BreadcrumbList","@id":"https:\/\/interamerica.org\/fr\/2015\/03\/cnn-invite-des-adventistes-sur-son-plateau-pour-parler-de-vie-saine\/#breadcrumb","itemListElement":[{"@type":"ListItem","position":1,"name":"Home","item":"https:\/\/interamerica.org\/fr\/"},{"@type":"ListItem","position":2,"name":"CNN invite des adventistes sur son plateau pour parler de vie saine"}]},{"@type":"WebSite","@id":"https:\/\/interamerica.org\/fr\/#website","url":"https:\/\/interamerica.org\/fr\/","name":"\u00c9glise Adventiste Du Septieme Jour - Inter Am\u00e9rique Division","description":"","potentialAction":[{"@type":"SearchAction","target":{"@type":"EntryPoint","urlTemplate":"https:\/\/interamerica.org\/fr\/?s={search_term_string}"},"query-input":{"@type":"PropertyValueSpecification","valueRequired":true,"valueName":"search_term_string"}}],"inLanguage":"fr-FR"},{"@type":"Person","@id":"https:\/\/interamerica.org\/fr\/#\/schema\/person\/68ede8bdc292885bb76c1e3810e73c39","name":"Lorenzo Verduzco","image":{"@type":"ImageObject","inLanguage":"fr-FR","@id":"https:\/\/secure.gravatar.com\/avatar\/fb81a55b6218459490a9c1dc841a34909185b81904c5337b4b27f7a6fd60c49e?s=96&d=mm&r=g","url":"https:\/\/secure.gravatar.com\/avatar\/fb81a55b6218459490a9c1dc841a34909185b81904c5337b4b27f7a6fd60c49e?s=96&d=mm&r=g","contentUrl":"https:\/\/secure.gravatar.com\/avatar\/fb81a55b6218459490a9c1dc841a34909185b81904c5337b4b27f7a6fd60c49e?s=96&d=mm&r=g","caption":"Lorenzo Verduzco"}}]}},"_links":{"self":[{"href":"https:\/\/interamerica.org\/fr\/wp-json\/wp\/v2\/posts\/32181","targetHints":{"allow":["GET"]}}],"collection":[{"href":"https:\/\/interamerica.org\/fr\/wp-json\/wp\/v2\/posts"}],"about":[{"href":"https:\/\/interamerica.org\/fr\/wp-json\/wp\/v2\/types\/post"}],"author":[{"embeddable":true,"href":"https:\/\/interamerica.org\/fr\/wp-json\/wp\/v2\/users\/1"}],"replies":[{"embeddable":true,"href":"https:\/\/interamerica.org\/fr\/wp-json\/wp\/v2\/comments?post=32181"}],"version-history":[{"count":0,"href":"https:\/\/interamerica.org\/fr\/wp-json\/wp\/v2\/posts\/32181\/revisions"}],"wp:featuredmedia":[{"embeddable":true,"href":"https:\/\/interamerica.org\/fr\/wp-json\/wp\/v2\/media\/24482"}],"wp:attachment":[{"href":"https:\/\/interamerica.org\/fr\/wp-json\/wp\/v2\/media?parent=32181"}],"wp:term":[{"taxonomy":"category","embeddable":true,"href":"https:\/\/interamerica.org\/fr\/wp-json\/wp\/v2\/categories?post=32181"},{"taxonomy":"post_tag","embeddable":true,"href":"https:\/\/interamerica.org\/fr\/wp-json\/wp\/v2\/tags?post=32181"}],"curies":[{"name":"wp","href":"https:\/\/api.w.org\/{rel}","templated":true}]}}