{"id":32182,"date":"2015-03-02T00:00:00","date_gmt":"2015-03-02T04:00:00","guid":{"rendered":"http:\/\/192.81.217.108\/interamerica\/2015\/03\/au-togo-30-detenus-se-font-baptiser-dans-la-nouvelle-chapelle-de-la-prison\/"},"modified":"2015-03-02T00:00:00","modified_gmt":"2015-03-02T04:00:00","slug":"au-togo-30-detenus-se-font-baptiser-dans-la-nouvelle-chapelle-de-la-prison","status":"publish","type":"post","link":"https:\/\/interamerica.org\/fr\/2015\/03\/au-togo-30-detenus-se-font-baptiser-dans-la-nouvelle-chapelle-de-la-prison\/","title":{"rendered":"Au Togo, 30 d\u00e9tenus se font baptiser dans la nouvelle chapelle de la prison"},"content":{"rendered":"<div id=\"attachment_15368\" style=\"width: 283px\" class=\"wp-caption alignleft\"><a href=\"\/interamerica\/wp-content\/uploads\/2017\/06\/csm_togo-bap-1-web_7b1637d838.jpg\" rel=\"fancybox\" title=\"Au Togo, 30 d\u00e9tenus se font baptiser dans la nouvelle chapelle de la prison\"><img fetchpriority=\"high\" decoding=\"async\" aria-describedby=\"caption-attachment-15368\" class=\"size-medium wp-image-15368\" src=\"\/interamerica\/wp-content\/uploads\/2017\/06\/csm_togo-bap-1-web_7b1637d838-273x300.jpg\" alt=\"\" width=\"273\" height=\"300\" \/><\/a><p id=\"caption-attachment-15368\" class=\"wp-caption-text\">Un d\u00e9tenu de la prison de Lom\u00e9 se fait baptiser dans un nouveau baptist\u00e8re le samedi 21 f\u00e9vrier. Image de l\u2019Union-Mission de l\u2019Est du Sahel.<\/p><\/div>\n<p>2 Mars 2015 \u2013 Silver Spring, Maryland, Etats Unis \u2013 Andrew McChesney\/Adventist Review<\/p>\n<p>Trente d\u00e9tenus ont \u00e9t\u00e9 baptis\u00e9s dans une chapelle construite par l\u2019Eglise Adventiste du Septi\u00e8me Jour dans une prison du Togo apr\u00e8s que les responsables de la prison aient demand\u00e9 de l\u2019aide pour le remplacement d\u2019une chapelle qui avait \u00e9t\u00e9 d\u00e9truite par le mauvais temps.<\/p>\n<p>Les d\u00e9tenus ont pris position pour J\u00e9sus lors d\u2019une c\u00e9r\u00e9monie de d\u00e9dicace sp\u00e9ciale \u00e0 la prison centrale de Lom\u00e9, la capitale anim\u00e9e de ce pays africain sub-saharien, ont indiqu\u00e9 les responsables de l\u2019\u00e9glise vendredi.<\/p>\n<p>La chapelle, qui comprend un baptist\u00e8re situ\u00e9 \u00e0 l\u2019ext\u00e9rieur, des bancs pouvant asseoir 100 personnes, et qui est aussi raccord\u00e9e au r\u00e9seau \u00e9lectrique, ce qui permet d\u2019avoir l\u2019\u00e9clairage, de faire fonctionner des ventilateurs et une sonorisation, a \u00e9t\u00e9 financ\u00e9e gr\u00e2ce \u00e0 un don de 6000 dollars fait par la Conf\u00e9rence G\u00e9n\u00e9rale, le corps administratif de l\u2019Eglise Adventiste.<\/p>\n<p>Le pr\u00e9sident de la Conf\u00e9rence G\u00e9n\u00e9rale, Ted N.C. Wilson a approuv\u00e9 la d\u00e9pense en puisant dans un fond pr\u00e9sidentiel sp\u00e9cial disponible apr\u00e8s avoir \u00e9t\u00e9 contact\u00e9 par l\u2019Union-Mission de l\u2019Est du Sahel, bas\u00e9e au Togo.<\/p>\n<p>\u00ab Trente \u00e2mes ont scell\u00e9 leur alliance avec le Seigneur \u00e0 travers le bapt\u00eame dans le nouveau baptist\u00e8re construit gr\u00e2ce au don que vous avez fait, \u00bb a \u00e9crit dans un courrier adress\u00e9 \u00e0 Ted Wilson, Selom Kwasi Sessou, secr\u00e9taire ex\u00e9cutif de l\u2019Union-Mission de l\u2019Est du Sahel qui est bas\u00e9e au Togo.<\/p>\n<p>Les bapt\u00eames, qui ont eu lieu le samedi 21 f\u00e9vrier sont intervenus suite \u00e0 une campagne d\u2019\u00e9vang\u00e9lisation tenue par Bruno Amah, un membre de l\u2019Eglise Adventiste d\u00e9tenu dans la prison, en collaboration avec le d\u00e9partement des Minist\u00e8res de l\u2019Aum\u00f4nerie de l\u2019\u00e9glise au Togo, a expliqu\u00e9 Kwasi Sessou, qui \u00e9tait \u00e0 la t\u00eate de la d\u00e9l\u00e9gation de l\u2019\u00e9glise lors de la c\u00e9r\u00e9monie de d\u00e9dicace.<\/p>\n<p>De plus, 120 d\u00e9tenus ont pris part \u00e0 un service de communion lors de la c\u00e9r\u00e9monie.<\/p>\n<p>Le directeur de la prison a remerci\u00e9 Kwasi Sessou ainsi que l\u2019Eglise Adventiste pour les fonds d\u00e9bloqu\u00e9s pour la chapelle, et il a promis de prier pour que Dieu d\u00e9verse Ses b\u00e9n\u00e9dictions sur l\u2019\u00e9glise.<\/p>\n<p>\u00ab Il a promis que la salle serait polyvalente et qu\u2019on en ferait un bon usage, \u00bb a dit Kwasi Sessou. \u00ab Il a dit qu\u2019ils demanderaient au Dieu Tout Puissant de continuer de garder un \u0153il bienveillant sur l\u2019Eglise Adventiste et d\u2019ouvrir encore plus de portes pour de potentielles b\u00e9n\u00e9dictions. \u00bb<\/p>\n<p>Une plaque sur le mur d\u2019entr\u00e9e de la chapelle porte le logo de l\u2019Eglise Adventiste et reconna\u00eet le r\u00f4le de l\u2019\u00e9glise et de Ted Wilson dans la construction du b\u00e2timent.<\/p>\n<p>Ted Wilson a exprim\u00e9 sa reconnaissance envers Dieu pour les 30 bapt\u00eames et a demand\u00e9 que les membres d\u2019\u00e9glise dans le monde entier se souviennent de Bruno Amah et de tous les prisonniers Adventistes dans leurs pri\u00e8res.<\/p>\n<p>\u00ab Dieu soit lou\u00e9 pour Sa direction dans l\u2019action missionnaire men\u00e9e dans cette prison, \u00bb a dit Ted Wilson.<\/p>\n<p>Traduction: Patrick Luciathe<\/p>\n","protected":false},"excerpt":{"rendered":"<p>Trente d\u00e9tenus ont \u00e9t\u00e9 baptis\u00e9s dans une chapelle construite par l\u2019Eglise Adventiste du Septi\u00e8me Jour dans une prison du Togo apr\u00e8s que les responsables de la prison aient demand\u00e9 de l\u2019aide pour le remplacement d\u2019une chapelle qui avait \u00e9t\u00e9 d\u00e9truite par le mauvais temps.  Les d\u00e9tenus ont pris position pour J\u00e9sus lors d\u2019une c\u00e9r\u00e9monie de d\u00e9dicace sp\u00e9ciale \u00e0 la prison centrale de Lom\u00e9, la capitale anim\u00e9e de ce pays africain sub-saharien, ont indiqu\u00e9 les responsables de l\u2019\u00e9glise vendredi.<\/p>\n","protected":false},"author":1,"featured_media":24486,"comment_status":"closed","ping_status":"closed","sticky":false,"template":"","format":"standard","meta":{"_acf_changed":false,"footnotes":""},"categories":[18,19],"tags":[],"class_list":["post-32182","post","type-post","status-publish","format-standard","has-post-thumbnail","hentry","category-nouvelles-de-leglise-mondiale","category-rss-francais"],"acf":[],"yoast_head":"<!-- This site is optimized with the Yoast SEO plugin v27.3 - https:\/\/yoast.com\/product\/yoast-seo-wordpress\/ -->\n<title>Au Togo, 30 d\u00e9tenus se font baptiser dans la nouvelle chapelle de la prison - \u00c9glise Adventiste Du Septieme Jour - Inter Am\u00e9rique Division<\/title>\n<meta name=\"robots\" content=\"index, follow, max-snippet:-1, max-image-preview:large, max-video-preview:-1\" \/>\n<link rel=\"canonical\" href=\"https:\/\/interamerica.org\/fr\/2015\/03\/au-togo-30-detenus-se-font-baptiser-dans-la-nouvelle-chapelle-de-la-prison\/\" \/>\n<meta property=\"og:locale\" content=\"fr_FR\" \/>\n<meta property=\"og:type\" content=\"article\" \/>\n<meta property=\"og:title\" content=\"Au Togo, 30 d\u00e9tenus se font baptiser dans la nouvelle chapelle de la prison - \u00c9glise Adventiste Du Septieme Jour - Inter Am\u00e9rique Division\" \/>\n<meta property=\"og:description\" content=\"Trente d\u00e9tenus ont \u00e9t\u00e9 baptis\u00e9s dans une chapelle construite par l\u2019Eglise Adventiste du Septi\u00e8me Jour dans une prison du Togo apr\u00e8s que les responsables de la prison aient demand\u00e9 de l\u2019aide pour le remplacement d\u2019une chapelle qui avait \u00e9t\u00e9 d\u00e9truite par le mauvais temps. Les d\u00e9tenus ont pris position pour J\u00e9sus lors d\u2019une c\u00e9r\u00e9monie de d\u00e9dicace sp\u00e9ciale \u00e0 la prison centrale de Lom\u00e9, la capitale anim\u00e9e de ce pays africain sub-saharien, ont indiqu\u00e9 les responsables de l\u2019\u00e9glise vendredi.\" \/>\n<meta property=\"og:url\" content=\"https:\/\/interamerica.org\/fr\/2015\/03\/au-togo-30-detenus-se-font-baptiser-dans-la-nouvelle-chapelle-de-la-prison\/\" \/>\n<meta property=\"og:site_name\" content=\"\u00c9glise Adventiste Du Septieme Jour - Inter Am\u00e9rique Division\" \/>\n<meta property=\"article:published_time\" content=\"2015-03-02T04:00:00+00:00\" \/>\n<meta property=\"og:image\" content=\"https:\/\/interamerica.org\/wp-content\/uploads\/2017\/06\/csm_togo-bap-1-web_7b1637d838-300.png\" \/>\n\t<meta property=\"og:image:width\" content=\"300\" \/>\n\t<meta property=\"og:image:height\" content=\"222\" \/>\n\t<meta property=\"og:image:type\" content=\"image\/png\" \/>\n<meta name=\"author\" content=\"Lorenzo Verduzco\" \/>\n<meta name=\"twitter:card\" content=\"summary_large_image\" \/>\n<meta name=\"twitter:label1\" content=\"\u00c9crit par\" \/>\n\t<meta name=\"twitter:data1\" content=\"Lorenzo Verduzco\" \/>\n\t<meta name=\"twitter:label2\" content=\"Dur\u00e9e de lecture estim\u00e9e\" \/>\n\t<meta name=\"twitter:data2\" content=\"3 minutes\" \/>\n<script type=\"application\/ld+json\" class=\"yoast-schema-graph\">{\"@context\":\"https:\\\/\\\/schema.org\",\"@graph\":[{\"@type\":\"Article\",\"@id\":\"https:\\\/\\\/interamerica.org\\\/fr\\\/2015\\\/03\\\/au-togo-30-detenus-se-font-baptiser-dans-la-nouvelle-chapelle-de-la-prison\\\/#article\",\"isPartOf\":{\"@id\":\"https:\\\/\\\/interamerica.org\\\/fr\\\/2015\\\/03\\\/au-togo-30-detenus-se-font-baptiser-dans-la-nouvelle-chapelle-de-la-prison\\\/\"},\"author\":{\"name\":\"Lorenzo Verduzco\",\"@id\":\"https:\\\/\\\/interamerica.org\\\/fr\\\/#\\\/schema\\\/person\\\/68ede8bdc292885bb76c1e3810e73c39\"},\"headline\":\"Au Togo, 30 d\u00e9tenus se font baptiser dans la nouvelle chapelle de la prison\",\"datePublished\":\"2015-03-02T04:00:00+00:00\",\"mainEntityOfPage\":{\"@id\":\"https:\\\/\\\/interamerica.org\\\/fr\\\/2015\\\/03\\\/au-togo-30-detenus-se-font-baptiser-dans-la-nouvelle-chapelle-de-la-prison\\\/\"},\"wordCount\":610,\"image\":{\"@id\":\"https:\\\/\\\/interamerica.org\\\/fr\\\/2015\\\/03\\\/au-togo-30-detenus-se-font-baptiser-dans-la-nouvelle-chapelle-de-la-prison\\\/#primaryimage\"},\"thumbnailUrl\":\"https:\\\/\\\/interamerica.org\\\/wp-content\\\/uploads\\\/2017\\\/06\\\/csm_togo-bap-1-web_7b1637d838-300.png\",\"articleSection\":[\"Nouvelles de l'\u00c9glise mondiale\",\"RSS Fran\u00e7ais\"],\"inLanguage\":\"fr-FR\"},{\"@type\":\"WebPage\",\"@id\":\"https:\\\/\\\/interamerica.org\\\/fr\\\/2015\\\/03\\\/au-togo-30-detenus-se-font-baptiser-dans-la-nouvelle-chapelle-de-la-prison\\\/\",\"url\":\"https:\\\/\\\/interamerica.org\\\/fr\\\/2015\\\/03\\\/au-togo-30-detenus-se-font-baptiser-dans-la-nouvelle-chapelle-de-la-prison\\\/\",\"name\":\"Au Togo, 30 d\u00e9tenus se font baptiser dans la nouvelle chapelle de la prison - \u00c9glise Adventiste Du Septieme Jour - Inter Am\u00e9rique Division\",\"isPartOf\":{\"@id\":\"https:\\\/\\\/interamerica.org\\\/fr\\\/#website\"},\"primaryImageOfPage\":{\"@id\":\"https:\\\/\\\/interamerica.org\\\/fr\\\/2015\\\/03\\\/au-togo-30-detenus-se-font-baptiser-dans-la-nouvelle-chapelle-de-la-prison\\\/#primaryimage\"},\"image\":{\"@id\":\"https:\\\/\\\/interamerica.org\\\/fr\\\/2015\\\/03\\\/au-togo-30-detenus-se-font-baptiser-dans-la-nouvelle-chapelle-de-la-prison\\\/#primaryimage\"},\"thumbnailUrl\":\"https:\\\/\\\/interamerica.org\\\/wp-content\\\/uploads\\\/2017\\\/06\\\/csm_togo-bap-1-web_7b1637d838-300.png\",\"datePublished\":\"2015-03-02T04:00:00+00:00\",\"author\":{\"@id\":\"https:\\\/\\\/interamerica.org\\\/fr\\\/#\\\/schema\\\/person\\\/68ede8bdc292885bb76c1e3810e73c39\"},\"breadcrumb\":{\"@id\":\"https:\\\/\\\/interamerica.org\\\/fr\\\/2015\\\/03\\\/au-togo-30-detenus-se-font-baptiser-dans-la-nouvelle-chapelle-de-la-prison\\\/#breadcrumb\"},\"inLanguage\":\"fr-FR\",\"potentialAction\":[{\"@type\":\"ReadAction\",\"target\":[\"https:\\\/\\\/interamerica.org\\\/fr\\\/2015\\\/03\\\/au-togo-30-detenus-se-font-baptiser-dans-la-nouvelle-chapelle-de-la-prison\\\/\"]}]},{\"@type\":\"ImageObject\",\"inLanguage\":\"fr-FR\",\"@id\":\"https:\\\/\\\/interamerica.org\\\/fr\\\/2015\\\/03\\\/au-togo-30-detenus-se-font-baptiser-dans-la-nouvelle-chapelle-de-la-prison\\\/#primaryimage\",\"url\":\"https:\\\/\\\/interamerica.org\\\/wp-content\\\/uploads\\\/2017\\\/06\\\/csm_togo-bap-1-web_7b1637d838-300.png\",\"contentUrl\":\"https:\\\/\\\/interamerica.org\\\/wp-content\\\/uploads\\\/2017\\\/06\\\/csm_togo-bap-1-web_7b1637d838-300.png\",\"width\":300,\"height\":222},{\"@type\":\"BreadcrumbList\",\"@id\":\"https:\\\/\\\/interamerica.org\\\/fr\\\/2015\\\/03\\\/au-togo-30-detenus-se-font-baptiser-dans-la-nouvelle-chapelle-de-la-prison\\\/#breadcrumb\",\"itemListElement\":[{\"@type\":\"ListItem\",\"position\":1,\"name\":\"Home\",\"item\":\"https:\\\/\\\/interamerica.org\\\/fr\\\/\"},{\"@type\":\"ListItem\",\"position\":2,\"name\":\"Au Togo, 30 d\u00e9tenus se font baptiser dans la nouvelle chapelle de la prison\"}]},{\"@type\":\"WebSite\",\"@id\":\"https:\\\/\\\/interamerica.org\\\/fr\\\/#website\",\"url\":\"https:\\\/\\\/interamerica.org\\\/fr\\\/\",\"name\":\"\u00c9glise Adventiste Du Septieme Jour - Inter Am\u00e9rique Division\",\"description\":\"\",\"potentialAction\":[{\"@type\":\"SearchAction\",\"target\":{\"@type\":\"EntryPoint\",\"urlTemplate\":\"https:\\\/\\\/interamerica.org\\\/fr\\\/?s={search_term_string}\"},\"query-input\":{\"@type\":\"PropertyValueSpecification\",\"valueRequired\":true,\"valueName\":\"search_term_string\"}}],\"inLanguage\":\"fr-FR\"},{\"@type\":\"Person\",\"@id\":\"https:\\\/\\\/interamerica.org\\\/fr\\\/#\\\/schema\\\/person\\\/68ede8bdc292885bb76c1e3810e73c39\",\"name\":\"Lorenzo Verduzco\",\"image\":{\"@type\":\"ImageObject\",\"inLanguage\":\"fr-FR\",\"@id\":\"https:\\\/\\\/secure.gravatar.com\\\/avatar\\\/fb81a55b6218459490a9c1dc841a34909185b81904c5337b4b27f7a6fd60c49e?s=96&d=mm&r=g\",\"url\":\"https:\\\/\\\/secure.gravatar.com\\\/avatar\\\/fb81a55b6218459490a9c1dc841a34909185b81904c5337b4b27f7a6fd60c49e?s=96&d=mm&r=g\",\"contentUrl\":\"https:\\\/\\\/secure.gravatar.com\\\/avatar\\\/fb81a55b6218459490a9c1dc841a34909185b81904c5337b4b27f7a6fd60c49e?s=96&d=mm&r=g\",\"caption\":\"Lorenzo Verduzco\"}}]}<\/script>\n<!-- \/ Yoast SEO plugin. -->","yoast_head_json":{"title":"Au Togo, 30 d\u00e9tenus se font baptiser dans la nouvelle chapelle de la prison - \u00c9glise Adventiste Du Septieme Jour - Inter Am\u00e9rique Division","robots":{"index":"index","follow":"follow","max-snippet":"max-snippet:-1","max-image-preview":"max-image-preview:large","max-video-preview":"max-video-preview:-1"},"canonical":"https:\/\/interamerica.org\/fr\/2015\/03\/au-togo-30-detenus-se-font-baptiser-dans-la-nouvelle-chapelle-de-la-prison\/","og_locale":"fr_FR","og_type":"article","og_title":"Au Togo, 30 d\u00e9tenus se font baptiser dans la nouvelle chapelle de la prison - \u00c9glise Adventiste Du Septieme Jour - Inter Am\u00e9rique Division","og_description":"Trente d\u00e9tenus ont \u00e9t\u00e9 baptis\u00e9s dans une chapelle construite par l\u2019Eglise Adventiste du Septi\u00e8me Jour dans une prison du Togo apr\u00e8s que les responsables de la prison aient demand\u00e9 de l\u2019aide pour le remplacement d\u2019une chapelle qui avait \u00e9t\u00e9 d\u00e9truite par le mauvais temps. Les d\u00e9tenus ont pris position pour J\u00e9sus lors d\u2019une c\u00e9r\u00e9monie de d\u00e9dicace sp\u00e9ciale \u00e0 la prison centrale de Lom\u00e9, la capitale anim\u00e9e de ce pays africain sub-saharien, ont indiqu\u00e9 les responsables de l\u2019\u00e9glise vendredi.","og_url":"https:\/\/interamerica.org\/fr\/2015\/03\/au-togo-30-detenus-se-font-baptiser-dans-la-nouvelle-chapelle-de-la-prison\/","og_site_name":"\u00c9glise Adventiste Du Septieme Jour - Inter Am\u00e9rique Division","article_published_time":"2015-03-02T04:00:00+00:00","og_image":[{"width":300,"height":222,"url":"https:\/\/interamerica.org\/wp-content\/uploads\/2017\/06\/csm_togo-bap-1-web_7b1637d838-300.png","type":"image\/png"}],"author":"Lorenzo Verduzco","twitter_card":"summary_large_image","twitter_misc":{"\u00c9crit par":"Lorenzo Verduzco","Dur\u00e9e de lecture estim\u00e9e":"3 minutes"},"schema":{"@context":"https:\/\/schema.org","@graph":[{"@type":"Article","@id":"https:\/\/interamerica.org\/fr\/2015\/03\/au-togo-30-detenus-se-font-baptiser-dans-la-nouvelle-chapelle-de-la-prison\/#article","isPartOf":{"@id":"https:\/\/interamerica.org\/fr\/2015\/03\/au-togo-30-detenus-se-font-baptiser-dans-la-nouvelle-chapelle-de-la-prison\/"},"author":{"name":"Lorenzo Verduzco","@id":"https:\/\/interamerica.org\/fr\/#\/schema\/person\/68ede8bdc292885bb76c1e3810e73c39"},"headline":"Au Togo, 30 d\u00e9tenus se font baptiser dans la nouvelle chapelle de la prison","datePublished":"2015-03-02T04:00:00+00:00","mainEntityOfPage":{"@id":"https:\/\/interamerica.org\/fr\/2015\/03\/au-togo-30-detenus-se-font-baptiser-dans-la-nouvelle-chapelle-de-la-prison\/"},"wordCount":610,"image":{"@id":"https:\/\/interamerica.org\/fr\/2015\/03\/au-togo-30-detenus-se-font-baptiser-dans-la-nouvelle-chapelle-de-la-prison\/#primaryimage"},"thumbnailUrl":"https:\/\/interamerica.org\/wp-content\/uploads\/2017\/06\/csm_togo-bap-1-web_7b1637d838-300.png","articleSection":["Nouvelles de l'\u00c9glise mondiale","RSS Fran\u00e7ais"],"inLanguage":"fr-FR"},{"@type":"WebPage","@id":"https:\/\/interamerica.org\/fr\/2015\/03\/au-togo-30-detenus-se-font-baptiser-dans-la-nouvelle-chapelle-de-la-prison\/","url":"https:\/\/interamerica.org\/fr\/2015\/03\/au-togo-30-detenus-se-font-baptiser-dans-la-nouvelle-chapelle-de-la-prison\/","name":"Au Togo, 30 d\u00e9tenus se font baptiser dans la nouvelle chapelle de la prison - \u00c9glise Adventiste Du Septieme Jour - Inter Am\u00e9rique Division","isPartOf":{"@id":"https:\/\/interamerica.org\/fr\/#website"},"primaryImageOfPage":{"@id":"https:\/\/interamerica.org\/fr\/2015\/03\/au-togo-30-detenus-se-font-baptiser-dans-la-nouvelle-chapelle-de-la-prison\/#primaryimage"},"image":{"@id":"https:\/\/interamerica.org\/fr\/2015\/03\/au-togo-30-detenus-se-font-baptiser-dans-la-nouvelle-chapelle-de-la-prison\/#primaryimage"},"thumbnailUrl":"https:\/\/interamerica.org\/wp-content\/uploads\/2017\/06\/csm_togo-bap-1-web_7b1637d838-300.png","datePublished":"2015-03-02T04:00:00+00:00","author":{"@id":"https:\/\/interamerica.org\/fr\/#\/schema\/person\/68ede8bdc292885bb76c1e3810e73c39"},"breadcrumb":{"@id":"https:\/\/interamerica.org\/fr\/2015\/03\/au-togo-30-detenus-se-font-baptiser-dans-la-nouvelle-chapelle-de-la-prison\/#breadcrumb"},"inLanguage":"fr-FR","potentialAction":[{"@type":"ReadAction","target":["https:\/\/interamerica.org\/fr\/2015\/03\/au-togo-30-detenus-se-font-baptiser-dans-la-nouvelle-chapelle-de-la-prison\/"]}]},{"@type":"ImageObject","inLanguage":"fr-FR","@id":"https:\/\/interamerica.org\/fr\/2015\/03\/au-togo-30-detenus-se-font-baptiser-dans-la-nouvelle-chapelle-de-la-prison\/#primaryimage","url":"https:\/\/interamerica.org\/wp-content\/uploads\/2017\/06\/csm_togo-bap-1-web_7b1637d838-300.png","contentUrl":"https:\/\/interamerica.org\/wp-content\/uploads\/2017\/06\/csm_togo-bap-1-web_7b1637d838-300.png","width":300,"height":222},{"@type":"BreadcrumbList","@id":"https:\/\/interamerica.org\/fr\/2015\/03\/au-togo-30-detenus-se-font-baptiser-dans-la-nouvelle-chapelle-de-la-prison\/#breadcrumb","itemListElement":[{"@type":"ListItem","position":1,"name":"Home","item":"https:\/\/interamerica.org\/fr\/"},{"@type":"ListItem","position":2,"name":"Au Togo, 30 d\u00e9tenus se font baptiser dans la nouvelle chapelle de la prison"}]},{"@type":"WebSite","@id":"https:\/\/interamerica.org\/fr\/#website","url":"https:\/\/interamerica.org\/fr\/","name":"\u00c9glise Adventiste Du Septieme Jour - Inter Am\u00e9rique Division","description":"","potentialAction":[{"@type":"SearchAction","target":{"@type":"EntryPoint","urlTemplate":"https:\/\/interamerica.org\/fr\/?s={search_term_string}"},"query-input":{"@type":"PropertyValueSpecification","valueRequired":true,"valueName":"search_term_string"}}],"inLanguage":"fr-FR"},{"@type":"Person","@id":"https:\/\/interamerica.org\/fr\/#\/schema\/person\/68ede8bdc292885bb76c1e3810e73c39","name":"Lorenzo Verduzco","image":{"@type":"ImageObject","inLanguage":"fr-FR","@id":"https:\/\/secure.gravatar.com\/avatar\/fb81a55b6218459490a9c1dc841a34909185b81904c5337b4b27f7a6fd60c49e?s=96&d=mm&r=g","url":"https:\/\/secure.gravatar.com\/avatar\/fb81a55b6218459490a9c1dc841a34909185b81904c5337b4b27f7a6fd60c49e?s=96&d=mm&r=g","contentUrl":"https:\/\/secure.gravatar.com\/avatar\/fb81a55b6218459490a9c1dc841a34909185b81904c5337b4b27f7a6fd60c49e?s=96&d=mm&r=g","caption":"Lorenzo Verduzco"}}]}},"_links":{"self":[{"href":"https:\/\/interamerica.org\/fr\/wp-json\/wp\/v2\/posts\/32182","targetHints":{"allow":["GET"]}}],"collection":[{"href":"https:\/\/interamerica.org\/fr\/wp-json\/wp\/v2\/posts"}],"about":[{"href":"https:\/\/interamerica.org\/fr\/wp-json\/wp\/v2\/types\/post"}],"author":[{"embeddable":true,"href":"https:\/\/interamerica.org\/fr\/wp-json\/wp\/v2\/users\/1"}],"replies":[{"embeddable":true,"href":"https:\/\/interamerica.org\/fr\/wp-json\/wp\/v2\/comments?post=32182"}],"version-history":[{"count":0,"href":"https:\/\/interamerica.org\/fr\/wp-json\/wp\/v2\/posts\/32182\/revisions"}],"wp:featuredmedia":[{"embeddable":true,"href":"https:\/\/interamerica.org\/fr\/wp-json\/wp\/v2\/media\/24486"}],"wp:attachment":[{"href":"https:\/\/interamerica.org\/fr\/wp-json\/wp\/v2\/media?parent=32182"}],"wp:term":[{"taxonomy":"category","embeddable":true,"href":"https:\/\/interamerica.org\/fr\/wp-json\/wp\/v2\/categories?post=32182"},{"taxonomy":"post_tag","embeddable":true,"href":"https:\/\/interamerica.org\/fr\/wp-json\/wp\/v2\/tags?post=32182"}],"curies":[{"name":"wp","href":"https:\/\/api.w.org\/{rel}","templated":true}]}}