{"id":32183,"date":"2015-03-03T00:00:00","date_gmt":"2015-03-03T04:00:00","guid":{"rendered":"http:\/\/192.81.217.108\/interamerica\/2015\/03\/leglise-va-promouvoir-la-prise-de-conscience-au-sujet-des-membres-ayant-des-besoins-speciaux-dans-le-nord-du-mexique\/"},"modified":"2015-03-03T00:00:00","modified_gmt":"2015-03-03T04:00:00","slug":"leglise-va-promouvoir-la-prise-de-conscience-au-sujet-des-membres-ayant-des-besoins-speciaux-dans-le-nord-du-mexique","status":"publish","type":"post","link":"https:\/\/interamerica.org\/fr\/2015\/03\/leglise-va-promouvoir-la-prise-de-conscience-au-sujet-des-membres-ayant-des-besoins-speciaux-dans-le-nord-du-mexique\/","title":{"rendered":"L&rsquo;\u00e9glise va promouvoir la prise de conscience au sujet des membres ayant des besoins sp\u00e9ciaux dans le Nord du Mexique"},"content":{"rendered":"<div id=\"attachment_15375\" style=\"width: 610px\" class=\"wp-caption aligncenter\"><a href=\"\/interamerica\/wp-content\/uploads\/2017\/06\/NOMUdiscapacidad1-600.png\" rel=\"fancybox\" title=\"L'\u00e9glise va promouvoir la prise de conscience au sujet des membres ayant des besoins sp\u00e9ciaux dans le Nord du Mexique\"><img fetchpriority=\"high\" decoding=\"async\" aria-describedby=\"caption-attachment-15375\" class=\"size-full wp-image-15375\" src=\"\/interamerica\/wp-content\/uploads\/2017\/06\/NOMUdiscapacidad1-600.png\" alt=\"\" width=\"600\" height=\"400\" \/><\/a><p id=\"caption-attachment-15375\" class=\"wp-caption-text\">Plus de 120 leaders, membres d&rsquo;\u00e9glise et personnes souffrant de handicaps se sont r\u00e9unis \u00e0 l&rsquo;\u00e9glise de l&rsquo;Universit\u00e9 de Montemorelos au Mexique \u00e0 la fin du mois de janvier pour s&rsquo;engager \u00e0 cr\u00e9er une atmosph\u00e8re plus favorable \u00e0 l\u2019int\u00e9gration dans les \u00e9glises du Nord du Mexique pour les dizaines de membres ayant des besoins sp\u00e9ciaux. Image de l&rsquo;Union Nord Mexicaine.<\/p><\/div>\n<p>1er Mars 2015 Montemorelos, Nuevo L\u00e9on, Mexique. Union Nord Mexicaine\/DIA<\/p>\n<p>L&rsquo;Eglise Adventiste du Septi\u00e8me Jour dans le Nord du Mexique veut avoir l&rsquo;assurance que ses membres d&rsquo;\u00e9glise ayant des besoins sp\u00e9ciaux peuvent acc\u00e9der plus facilement aux b\u00e2timents de l&rsquo;\u00e9glise et qu&rsquo;ils soient inclus dans les activit\u00e9s \u00e0 travers ses 10 r\u00e9gions d&rsquo;\u00e9glise locales. Plus de 120 pasteurs, anciens et la\u00efcs ainsi que des personnes souffrant de handicaps, se sont retrouv\u00e9s r\u00e9cemment \u00e0 l&rsquo;occasion d&rsquo;un sommet qui s&rsquo;est d\u00e9roul\u00e9 \u00e0 Montemorelos au Mexique pour discuter de ce besoin et pour \u00e9tablir une strat\u00e9gie visant \u00e0 mieux s&rsquo;occuper des dizaines de membres ayant des besoins sp\u00e9ciaux.<\/p>\n<div id=\"attachment_15379\" style=\"width: 310px\" class=\"wp-caption alignleft\"><a href=\"\/interamerica\/wp-content\/uploads\/2017\/06\/NOMU-discapacidad4.png\" rel=\"fancybox\" title=\"L'\u00e9glise va promouvoir la prise de conscience au sujet des membres ayant des besoins sp\u00e9ciaux dans le Nord du Mexique\"><img decoding=\"async\" aria-describedby=\"caption-attachment-15379\" class=\"size-full wp-image-15379\" src=\"\/interamerica\/wp-content\/uploads\/2017\/06\/NOMU-discapacidad4.png\" alt=\"\" width=\"300\" height=\"204\" \/><\/a><p id=\"caption-attachment-15379\" class=\"wp-caption-text\">Pasteur Larry Evans, agent de liaison pour le International Deaf Ministries (Minist\u00e8re International aupr\u00e8s des Sourds) aupr\u00e8s de l&rsquo;Eglise Adventiste mondiale, accroche un pin&rsquo;s sur un membre ayant des besoins sp\u00e9ciaux lors du sommet.<\/p><\/div>\n<p>Pasteur Larry Evans, agent de liaison pour le International Deaf Ministries (Minist\u00e8re International aupr\u00e8s des Sourds) aupr\u00e8s de l&rsquo;Eglise Adventiste mondiale, a rappel\u00e9 \u00e0 l\u2019assembl\u00e9e la claire mission consistant \u00e0 proclamer l&rsquo;\u00e9vangile \u00e0 toute personne, y compris \u00e0 celles qui souffrent de handicaps qui \u00e0 leur tour peuvent partager l&rsquo;\u00e9vangile avec les autres.<\/p>\n<p>\u00ab Nous avons tous une esp\u00e9rance en J\u00e9sus, un J\u00e9sus qui ne s&rsquo;est jamais arr\u00eat\u00e9 sur les handicaps des autres avant de les aimer, et ce m\u00eame J\u00e9sus revient bient\u00f4t pour nous tous \u00bb a dit pasteur Evans.<\/p>\n<p>Pasteur Evans a pr\u00e9cis\u00e9 le besoin de d\u00e9velopper une culture dans laquelle les leaders et les membres d&rsquo;\u00e9glise penseraient aux personnes ayant des handicaps. Il a dit que cela aiderait les leaders \u00e0 \u00eatre plus efficaces lorsqu&rsquo;ils travailleraient avec ces personnes et s&rsquo;occuperaient de leurs besoins dans les \u00e9glises et les communaut\u00e9s.<\/p>\n<p>Cr\u00e9er une culture promouvant plus l\u2019int\u00e9gration est l&rsquo;un de nos objectifs en organisant ce premier sommet sur les besoins sp\u00e9ciaux, a d\u00e9clar\u00e9 pasteur Antulio Espinoza, directeur des minist\u00e8res personnels et de l&rsquo;\u00e9cole du sabbat pour l&rsquo;Eglise Adventiste dans le Nord du Mexique.<\/p>\n<p>\u00ab\u00a0Nous voulons pr\u00e9parer nos leaders et nos membres \u00e0 aider et \u00e0 se pr\u00e9occuper de cette minorit\u00e9 de fa\u00e7on sp\u00e9ciale dans nos \u00e9glises,\u00a0\u00bb a dit pasteur Espinoza.<\/p>\n<div id=\"attachment_15373\" style=\"width: 310px\" class=\"wp-caption alignright\"><a href=\"\/interamerica\/wp-content\/uploads\/2017\/06\/NOMU-discapacidad2.png\" rel=\"fancybox\" title=\"L'\u00e9glise va promouvoir la prise de conscience au sujet des membres ayant des besoins sp\u00e9ciaux dans le Nord du Mexique\"><img decoding=\"async\" aria-describedby=\"caption-attachment-15373\" class=\"size-medium wp-image-15373\" src=\"\/interamerica\/wp-content\/uploads\/2017\/06\/NOMU-discapacidad2-300x225.png\" alt=\"\" width=\"300\" height=\"225\" \/><\/a><p id=\"caption-attachment-15373\" class=\"wp-caption-text\">Pasteur Antulio Espinoza, directeur des minist\u00e8res personnels et de l&rsquo;\u00e9cole du sabbat pour l&rsquo;Eglise Adventiste dans le Nord du Mexique, invite les pasteurs, les anciens et les la\u00efcs \u00e0 aller \u00e0 la recherche des personnes ayant des handicaps dans les \u00e9glises et les communaut\u00e9s.<\/p><\/div>\n<p>Bien que les dirigeants de l&rsquo;\u00e9glise dans le Nord du Mexique ne disposent pas du nombre exact de personnes handicap\u00e9es dans leurs \u00e9glises, ils avancent le chiffre de plus de 100 personnes souffrant de handicaps sur les 143000 membres qui composent l&rsquo;effectif dans leurs 587 \u00e9glises. D\u00e9terminer le nombre exact de personnes ayant des besoins sp\u00e9ciaux sera une priorit\u00e9 pour les pasteurs, les anciens et les la\u00efcs participant au sommet. Ils auront alors la t\u00e2che de superviser la mise en place d&rsquo;un minist\u00e8re des besoins sp\u00e9ciaux dans chaque \u00e9glise locale, a indiqu\u00e9 pasteur Espinoza.<\/p>\n<p>Le Recensement de la Population et des Foyers du Mexique pour l&rsquo;ann\u00e9e 2010, faisait \u00e9tat de l&rsquo;existence de quelques 5,7 millions de personnes souffrant d&rsquo;un handicap quelconque dans le pays, ce qui repr\u00e9sente 5,1 pourcent de la population du pays.<\/p>\n<p>Des plans sont en cours pour s&rsquo;assurer que les b\u00e2timents de l&rsquo;\u00e9glise disposent des voies d&rsquo;acc\u00e8s ainsi que des \u00e9quipements ad\u00e9quats pour les personnes souffrant d&rsquo;un handicap, d&rsquo;apr\u00e8s ce qu\u2019indique pasteur Espinoza. De plus, l&rsquo;\u00e9glise lancera un programme d&rsquo;\u00e9vang\u00e9lisation pour toucher les personnes handicap\u00e9es dans la communaut\u00e9<\/p>\n<div id=\"attachment_10413\" style=\"width: 310px\" class=\"wp-caption alignleft\"><a href=\"\/interamerica\/wp-content\/uploads\/2017\/06\/SamuelTelemaque.png\" rel=\"fancybox\" title=\"L'\u00e9glise va promouvoir la prise de conscience au sujet des membres ayant des besoins sp\u00e9ciaux dans le Nord du Mexique\"><img loading=\"lazy\" decoding=\"async\" aria-describedby=\"caption-attachment-10413\" class=\"size-medium wp-image-10413\" src=\"\/interamerica\/wp-content\/uploads\/2017\/06\/SamuelTelemaque-300x234.png\" alt=\"\" width=\"300\" height=\"234\" \/><\/a><p id=\"caption-attachment-10413\" class=\"wp-caption-text\">Pasteur Samuel Telemaque, directeur adjoint des minist\u00e8res personnels et de l&rsquo;\u00e9cole du sabbat pour l&rsquo;Inter Am\u00e9rique, a d\u00e9clar\u00e9 que le sommet \u00ab a provoqu\u00e9 une nouvelle prise de conscience chez les leaders pour qu&rsquo;ils pratiquent davantage l\u2019int\u00e9gration. \u00bb Photo d&rsquo;archives DIA.<\/p><\/div>\n<p>Pendant le sommet, il y a eu des s\u00e9minaires et des pr\u00e9sentations sur la mani\u00e8re d&rsquo;entretenir une culture faisant cas des personnes ayant des handicaps dans l&rsquo;\u00e9glise, et les participants ont re\u00e7u des informations sur les caract\u00e9ristiques des handicaps physiques, visuels, des handicaps au niveau de l&rsquo;expression orale, sur l&rsquo;autisme et d&rsquo;autres formes de handicap aujourd&rsquo;hui.<\/p>\n<p>Environ 35 personnes handicap\u00e9es ont particip\u00e9 au sommet. Elles ont partag\u00e9 leurs exp\u00e9riences et leurs t\u00e9moignages et ont parl\u00e9 aux dirigeants d&rsquo;\u00e9glise sur la n\u00e9cessit\u00e9 de favoriser davantage la prise de conscience et d&rsquo;avoir plus d&rsquo;activit\u00e9s faites sur mesure pour eux.<\/p>\n<p>Un forum sp\u00e9cial s&rsquo;est d\u00e9roul\u00e9 avec les leaders et les experts lors du sommet.<\/p>\n<p>Le sommet intervenait dans le cadre de l&rsquo;initiative de l&rsquo;Inter Am\u00e9rique sur les besoins sp\u00e9ciaux lanc\u00e9e en 2014 et a fait beaucoup de bien \u00e0 l&rsquo;\u00e9glise dans le Nord du Mexique, a dit pasteur Samuel Telemaque, directeur adjoint de l&rsquo;Ecole du Sabbat pour l&rsquo;Eglise Adventiste en Inter Am\u00e9rique.<\/p>\n<p>\u00ab Le sommet a amen\u00e9 une nouvelle prise de conscience chez les leaders afin qu&rsquo;ils pratiquent davantage l\u2019int\u00e9gration, \u00bb a dit Samuel Telemaque qui supervise plus de six sommets sur les besoins sp\u00e9ciaux \u00e0 travers le territoire de la Division Inter Am\u00e9ricaine cette ann\u00e9e.<\/p>\n<p>\u00ab Gr\u00e2ce au sommet, les personnes ayant des besoins sp\u00e9ciaux ont une plateforme pour exprimer leurs pr\u00e9occupations, dire leurs craintes et partager leur vision pour la mise en place et la p\u00e9rennisation de minist\u00e8res des besoins sp\u00e9ciaux \u00e0 tous les niveaux de l&rsquo;\u00e9glise, \u00bb a dit pasteur Telemaque.<\/p>\n<p>\u00ab\u00a0Nous devons \u00eatre des d\u00e9fenseurs et des innovateurs du Royaume de Dieu qui est ouvert \u00e0 tous, a t-il ajout\u00e9.<\/p>\n<p>Les leaders de l\u2019\u00e9glise dans le Nord du Mexique donneront une suite \u00e0 ce sujet des minist\u00e8res des besoins sp\u00e9ciaux dans toute la r\u00e9gion \u00e0 travers des activit\u00e9s et des s\u00e9minaires de formation visant \u00e0 conscientiser.<\/p>\n<p>Traduction: Patrick Luciathe<\/p>\n","protected":false},"excerpt":{"rendered":"<p>L&rsquo;Eglise Adventiste du Septi\u00e8me Jour dans le Nord du Mexique veut avoir l&rsquo;assurance que ses membres d&rsquo;\u00e9glise ayant des besoins sp\u00e9ciaux peuvent acc\u00e9der plus facilement aux b\u00e2timents de l&rsquo;\u00e9glise et qu&rsquo;ils soient inclus dans les activit\u00e9s \u00e0 travers ses 10 r\u00e9gions d&rsquo;\u00e9glise locales. <\/p>\n<p>Plus de 120 pasteurs, anciens et la\u00efcs ainsi que des personnes souffrant de handicaps, se sont retrouv\u00e9s r\u00e9cemment \u00e0 l&rsquo;occasion d&rsquo;un sommet qui s&rsquo;est d\u00e9roul\u00e9 \u00e0 Montemorelos au Mexique pour discuter de ce besoin et pour \u00e9tablir une strat\u00e9gie visant \u00e0 mieux s&rsquo;occuper des dizaines de membres ayant des besoins sp\u00e9ciaux.<\/p>\n","protected":false},"author":1,"featured_media":24493,"comment_status":"closed","ping_status":"closed","sticky":false,"template":"","format":"standard","meta":{"_acf_changed":false,"footnotes":""},"categories":[21,19],"tags":[],"class_list":["post-32183","post","type-post","status-publish","format-standard","has-post-thumbnail","hentry","category-nouvelles-du-territoire","category-rss-francais"],"acf":[],"yoast_head":"<!-- This site is optimized with the Yoast SEO plugin v27.3 - https:\/\/yoast.com\/product\/yoast-seo-wordpress\/ -->\n<title>L&#039;\u00e9glise va promouvoir la prise de conscience au sujet des membres ayant des besoins sp\u00e9ciaux dans le Nord du Mexique - \u00c9glise Adventiste Du Septieme Jour - Inter Am\u00e9rique Division<\/title>\n<meta name=\"robots\" content=\"index, follow, max-snippet:-1, max-image-preview:large, max-video-preview:-1\" \/>\n<link rel=\"canonical\" href=\"https:\/\/interamerica.org\/fr\/2015\/03\/leglise-va-promouvoir-la-prise-de-conscience-au-sujet-des-membres-ayant-des-besoins-speciaux-dans-le-nord-du-mexique\/\" \/>\n<meta property=\"og:locale\" content=\"fr_FR\" \/>\n<meta property=\"og:type\" content=\"article\" \/>\n<meta property=\"og:title\" content=\"L&#039;\u00e9glise va promouvoir la prise de conscience au sujet des membres ayant des besoins sp\u00e9ciaux dans le Nord du Mexique - \u00c9glise Adventiste Du Septieme Jour - Inter Am\u00e9rique Division\" \/>\n<meta property=\"og:description\" content=\"L&#039;Eglise Adventiste du Septi\u00e8me Jour dans le Nord du Mexique veut avoir l&#039;assurance que ses membres d&#039;\u00e9glise ayant des besoins sp\u00e9ciaux peuvent acc\u00e9der plus facilement aux b\u00e2timents de l&#039;\u00e9glise et qu&#039;ils soient inclus dans les activit\u00e9s \u00e0 travers ses 10 r\u00e9gions d&#039;\u00e9glise locales.  Plus de 120 pasteurs, anciens et la\u00efcs ainsi que des personnes souffrant de handicaps, se sont retrouv\u00e9s r\u00e9cemment \u00e0 l&#039;occasion d&#039;un sommet qui s&#039;est d\u00e9roul\u00e9 \u00e0 Montemorelos au Mexique pour discuter de ce besoin et pour \u00e9tablir une strat\u00e9gie visant \u00e0 mieux s&#039;occuper des dizaines de membres ayant des besoins sp\u00e9ciaux.\" \/>\n<meta property=\"og:url\" content=\"https:\/\/interamerica.org\/fr\/2015\/03\/leglise-va-promouvoir-la-prise-de-conscience-au-sujet-des-membres-ayant-des-besoins-speciaux-dans-le-nord-du-mexique\/\" \/>\n<meta property=\"og:site_name\" content=\"\u00c9glise Adventiste Du Septieme Jour - Inter Am\u00e9rique Division\" \/>\n<meta property=\"article:published_time\" content=\"2015-03-03T04:00:00+00:00\" \/>\n<meta property=\"og:image\" content=\"https:\/\/interamerica.org\/wp-content\/uploads\/2017\/06\/NOMU-discapacidad2.png\" \/>\n\t<meta property=\"og:image:width\" content=\"400\" \/>\n\t<meta property=\"og:image:height\" content=\"300\" \/>\n\t<meta property=\"og:image:type\" content=\"image\/png\" \/>\n<meta name=\"author\" content=\"Lorenzo Verduzco\" \/>\n<meta name=\"twitter:card\" content=\"summary_large_image\" \/>\n<meta name=\"twitter:label1\" content=\"\u00c9crit par\" \/>\n\t<meta name=\"twitter:data1\" content=\"Lorenzo Verduzco\" \/>\n\t<meta name=\"twitter:label2\" content=\"Dur\u00e9e de lecture estim\u00e9e\" \/>\n\t<meta name=\"twitter:data2\" content=\"5 minutes\" \/>\n<script type=\"application\/ld+json\" class=\"yoast-schema-graph\">{\"@context\":\"https:\\\/\\\/schema.org\",\"@graph\":[{\"@type\":\"Article\",\"@id\":\"https:\\\/\\\/interamerica.org\\\/fr\\\/2015\\\/03\\\/leglise-va-promouvoir-la-prise-de-conscience-au-sujet-des-membres-ayant-des-besoins-speciaux-dans-le-nord-du-mexique\\\/#article\",\"isPartOf\":{\"@id\":\"https:\\\/\\\/interamerica.org\\\/fr\\\/2015\\\/03\\\/leglise-va-promouvoir-la-prise-de-conscience-au-sujet-des-membres-ayant-des-besoins-speciaux-dans-le-nord-du-mexique\\\/\"},\"author\":{\"name\":\"Lorenzo Verduzco\",\"@id\":\"https:\\\/\\\/interamerica.org\\\/fr\\\/#\\\/schema\\\/person\\\/68ede8bdc292885bb76c1e3810e73c39\"},\"headline\":\"L&rsquo;\u00e9glise va promouvoir la prise de conscience au sujet des membres ayant des besoins sp\u00e9ciaux dans le Nord du Mexique\",\"datePublished\":\"2015-03-03T04:00:00+00:00\",\"mainEntityOfPage\":{\"@id\":\"https:\\\/\\\/interamerica.org\\\/fr\\\/2015\\\/03\\\/leglise-va-promouvoir-la-prise-de-conscience-au-sujet-des-membres-ayant-des-besoins-speciaux-dans-le-nord-du-mexique\\\/\"},\"wordCount\":1161,\"image\":{\"@id\":\"https:\\\/\\\/interamerica.org\\\/fr\\\/2015\\\/03\\\/leglise-va-promouvoir-la-prise-de-conscience-au-sujet-des-membres-ayant-des-besoins-speciaux-dans-le-nord-du-mexique\\\/#primaryimage\"},\"thumbnailUrl\":\"https:\\\/\\\/interamerica.org\\\/wp-content\\\/uploads\\\/2017\\\/06\\\/NOMU-discapacidad2.png\",\"articleSection\":[\"Nouvelles du territoire\",\"RSS Fran\u00e7ais\"],\"inLanguage\":\"fr-FR\"},{\"@type\":\"WebPage\",\"@id\":\"https:\\\/\\\/interamerica.org\\\/fr\\\/2015\\\/03\\\/leglise-va-promouvoir-la-prise-de-conscience-au-sujet-des-membres-ayant-des-besoins-speciaux-dans-le-nord-du-mexique\\\/\",\"url\":\"https:\\\/\\\/interamerica.org\\\/fr\\\/2015\\\/03\\\/leglise-va-promouvoir-la-prise-de-conscience-au-sujet-des-membres-ayant-des-besoins-speciaux-dans-le-nord-du-mexique\\\/\",\"name\":\"L'\u00e9glise va promouvoir la prise de conscience au sujet des membres ayant des besoins sp\u00e9ciaux dans le Nord du Mexique - \u00c9glise Adventiste Du Septieme Jour - Inter Am\u00e9rique Division\",\"isPartOf\":{\"@id\":\"https:\\\/\\\/interamerica.org\\\/fr\\\/#website\"},\"primaryImageOfPage\":{\"@id\":\"https:\\\/\\\/interamerica.org\\\/fr\\\/2015\\\/03\\\/leglise-va-promouvoir-la-prise-de-conscience-au-sujet-des-membres-ayant-des-besoins-speciaux-dans-le-nord-du-mexique\\\/#primaryimage\"},\"image\":{\"@id\":\"https:\\\/\\\/interamerica.org\\\/fr\\\/2015\\\/03\\\/leglise-va-promouvoir-la-prise-de-conscience-au-sujet-des-membres-ayant-des-besoins-speciaux-dans-le-nord-du-mexique\\\/#primaryimage\"},\"thumbnailUrl\":\"https:\\\/\\\/interamerica.org\\\/wp-content\\\/uploads\\\/2017\\\/06\\\/NOMU-discapacidad2.png\",\"datePublished\":\"2015-03-03T04:00:00+00:00\",\"author\":{\"@id\":\"https:\\\/\\\/interamerica.org\\\/fr\\\/#\\\/schema\\\/person\\\/68ede8bdc292885bb76c1e3810e73c39\"},\"breadcrumb\":{\"@id\":\"https:\\\/\\\/interamerica.org\\\/fr\\\/2015\\\/03\\\/leglise-va-promouvoir-la-prise-de-conscience-au-sujet-des-membres-ayant-des-besoins-speciaux-dans-le-nord-du-mexique\\\/#breadcrumb\"},\"inLanguage\":\"fr-FR\",\"potentialAction\":[{\"@type\":\"ReadAction\",\"target\":[\"https:\\\/\\\/interamerica.org\\\/fr\\\/2015\\\/03\\\/leglise-va-promouvoir-la-prise-de-conscience-au-sujet-des-membres-ayant-des-besoins-speciaux-dans-le-nord-du-mexique\\\/\"]}]},{\"@type\":\"ImageObject\",\"inLanguage\":\"fr-FR\",\"@id\":\"https:\\\/\\\/interamerica.org\\\/fr\\\/2015\\\/03\\\/leglise-va-promouvoir-la-prise-de-conscience-au-sujet-des-membres-ayant-des-besoins-speciaux-dans-le-nord-du-mexique\\\/#primaryimage\",\"url\":\"https:\\\/\\\/interamerica.org\\\/wp-content\\\/uploads\\\/2017\\\/06\\\/NOMU-discapacidad2.png\",\"contentUrl\":\"https:\\\/\\\/interamerica.org\\\/wp-content\\\/uploads\\\/2017\\\/06\\\/NOMU-discapacidad2.png\",\"width\":400,\"height\":300},{\"@type\":\"BreadcrumbList\",\"@id\":\"https:\\\/\\\/interamerica.org\\\/fr\\\/2015\\\/03\\\/leglise-va-promouvoir-la-prise-de-conscience-au-sujet-des-membres-ayant-des-besoins-speciaux-dans-le-nord-du-mexique\\\/#breadcrumb\",\"itemListElement\":[{\"@type\":\"ListItem\",\"position\":1,\"name\":\"Home\",\"item\":\"https:\\\/\\\/interamerica.org\\\/fr\\\/\"},{\"@type\":\"ListItem\",\"position\":2,\"name\":\"L&#8217;\u00e9glise va promouvoir la prise de conscience au sujet des membres ayant des besoins sp\u00e9ciaux dans le Nord du Mexique\"}]},{\"@type\":\"WebSite\",\"@id\":\"https:\\\/\\\/interamerica.org\\\/fr\\\/#website\",\"url\":\"https:\\\/\\\/interamerica.org\\\/fr\\\/\",\"name\":\"\u00c9glise Adventiste Du Septieme Jour - Inter Am\u00e9rique Division\",\"description\":\"\",\"potentialAction\":[{\"@type\":\"SearchAction\",\"target\":{\"@type\":\"EntryPoint\",\"urlTemplate\":\"https:\\\/\\\/interamerica.org\\\/fr\\\/?s={search_term_string}\"},\"query-input\":{\"@type\":\"PropertyValueSpecification\",\"valueRequired\":true,\"valueName\":\"search_term_string\"}}],\"inLanguage\":\"fr-FR\"},{\"@type\":\"Person\",\"@id\":\"https:\\\/\\\/interamerica.org\\\/fr\\\/#\\\/schema\\\/person\\\/68ede8bdc292885bb76c1e3810e73c39\",\"name\":\"Lorenzo Verduzco\",\"image\":{\"@type\":\"ImageObject\",\"inLanguage\":\"fr-FR\",\"@id\":\"https:\\\/\\\/secure.gravatar.com\\\/avatar\\\/fb81a55b6218459490a9c1dc841a34909185b81904c5337b4b27f7a6fd60c49e?s=96&d=mm&r=g\",\"url\":\"https:\\\/\\\/secure.gravatar.com\\\/avatar\\\/fb81a55b6218459490a9c1dc841a34909185b81904c5337b4b27f7a6fd60c49e?s=96&d=mm&r=g\",\"contentUrl\":\"https:\\\/\\\/secure.gravatar.com\\\/avatar\\\/fb81a55b6218459490a9c1dc841a34909185b81904c5337b4b27f7a6fd60c49e?s=96&d=mm&r=g\",\"caption\":\"Lorenzo Verduzco\"}}]}<\/script>\n<!-- \/ Yoast SEO plugin. -->","yoast_head_json":{"title":"L'\u00e9glise va promouvoir la prise de conscience au sujet des membres ayant des besoins sp\u00e9ciaux dans le Nord du Mexique - \u00c9glise Adventiste Du Septieme Jour - Inter Am\u00e9rique Division","robots":{"index":"index","follow":"follow","max-snippet":"max-snippet:-1","max-image-preview":"max-image-preview:large","max-video-preview":"max-video-preview:-1"},"canonical":"https:\/\/interamerica.org\/fr\/2015\/03\/leglise-va-promouvoir-la-prise-de-conscience-au-sujet-des-membres-ayant-des-besoins-speciaux-dans-le-nord-du-mexique\/","og_locale":"fr_FR","og_type":"article","og_title":"L'\u00e9glise va promouvoir la prise de conscience au sujet des membres ayant des besoins sp\u00e9ciaux dans le Nord du Mexique - \u00c9glise Adventiste Du Septieme Jour - Inter Am\u00e9rique Division","og_description":"L'Eglise Adventiste du Septi\u00e8me Jour dans le Nord du Mexique veut avoir l'assurance que ses membres d'\u00e9glise ayant des besoins sp\u00e9ciaux peuvent acc\u00e9der plus facilement aux b\u00e2timents de l'\u00e9glise et qu'ils soient inclus dans les activit\u00e9s \u00e0 travers ses 10 r\u00e9gions d'\u00e9glise locales.  Plus de 120 pasteurs, anciens et la\u00efcs ainsi que des personnes souffrant de handicaps, se sont retrouv\u00e9s r\u00e9cemment \u00e0 l'occasion d'un sommet qui s'est d\u00e9roul\u00e9 \u00e0 Montemorelos au Mexique pour discuter de ce besoin et pour \u00e9tablir une strat\u00e9gie visant \u00e0 mieux s'occuper des dizaines de membres ayant des besoins sp\u00e9ciaux.","og_url":"https:\/\/interamerica.org\/fr\/2015\/03\/leglise-va-promouvoir-la-prise-de-conscience-au-sujet-des-membres-ayant-des-besoins-speciaux-dans-le-nord-du-mexique\/","og_site_name":"\u00c9glise Adventiste Du Septieme Jour - Inter Am\u00e9rique Division","article_published_time":"2015-03-03T04:00:00+00:00","og_image":[{"width":400,"height":300,"url":"https:\/\/interamerica.org\/wp-content\/uploads\/2017\/06\/NOMU-discapacidad2.png","type":"image\/png"}],"author":"Lorenzo Verduzco","twitter_card":"summary_large_image","twitter_misc":{"\u00c9crit par":"Lorenzo Verduzco","Dur\u00e9e de lecture estim\u00e9e":"5 minutes"},"schema":{"@context":"https:\/\/schema.org","@graph":[{"@type":"Article","@id":"https:\/\/interamerica.org\/fr\/2015\/03\/leglise-va-promouvoir-la-prise-de-conscience-au-sujet-des-membres-ayant-des-besoins-speciaux-dans-le-nord-du-mexique\/#article","isPartOf":{"@id":"https:\/\/interamerica.org\/fr\/2015\/03\/leglise-va-promouvoir-la-prise-de-conscience-au-sujet-des-membres-ayant-des-besoins-speciaux-dans-le-nord-du-mexique\/"},"author":{"name":"Lorenzo Verduzco","@id":"https:\/\/interamerica.org\/fr\/#\/schema\/person\/68ede8bdc292885bb76c1e3810e73c39"},"headline":"L&rsquo;\u00e9glise va promouvoir la prise de conscience au sujet des membres ayant des besoins sp\u00e9ciaux dans le Nord du Mexique","datePublished":"2015-03-03T04:00:00+00:00","mainEntityOfPage":{"@id":"https:\/\/interamerica.org\/fr\/2015\/03\/leglise-va-promouvoir-la-prise-de-conscience-au-sujet-des-membres-ayant-des-besoins-speciaux-dans-le-nord-du-mexique\/"},"wordCount":1161,"image":{"@id":"https:\/\/interamerica.org\/fr\/2015\/03\/leglise-va-promouvoir-la-prise-de-conscience-au-sujet-des-membres-ayant-des-besoins-speciaux-dans-le-nord-du-mexique\/#primaryimage"},"thumbnailUrl":"https:\/\/interamerica.org\/wp-content\/uploads\/2017\/06\/NOMU-discapacidad2.png","articleSection":["Nouvelles du territoire","RSS Fran\u00e7ais"],"inLanguage":"fr-FR"},{"@type":"WebPage","@id":"https:\/\/interamerica.org\/fr\/2015\/03\/leglise-va-promouvoir-la-prise-de-conscience-au-sujet-des-membres-ayant-des-besoins-speciaux-dans-le-nord-du-mexique\/","url":"https:\/\/interamerica.org\/fr\/2015\/03\/leglise-va-promouvoir-la-prise-de-conscience-au-sujet-des-membres-ayant-des-besoins-speciaux-dans-le-nord-du-mexique\/","name":"L'\u00e9glise va promouvoir la prise de conscience au sujet des membres ayant des besoins sp\u00e9ciaux dans le Nord du Mexique - \u00c9glise Adventiste Du Septieme Jour - Inter Am\u00e9rique Division","isPartOf":{"@id":"https:\/\/interamerica.org\/fr\/#website"},"primaryImageOfPage":{"@id":"https:\/\/interamerica.org\/fr\/2015\/03\/leglise-va-promouvoir-la-prise-de-conscience-au-sujet-des-membres-ayant-des-besoins-speciaux-dans-le-nord-du-mexique\/#primaryimage"},"image":{"@id":"https:\/\/interamerica.org\/fr\/2015\/03\/leglise-va-promouvoir-la-prise-de-conscience-au-sujet-des-membres-ayant-des-besoins-speciaux-dans-le-nord-du-mexique\/#primaryimage"},"thumbnailUrl":"https:\/\/interamerica.org\/wp-content\/uploads\/2017\/06\/NOMU-discapacidad2.png","datePublished":"2015-03-03T04:00:00+00:00","author":{"@id":"https:\/\/interamerica.org\/fr\/#\/schema\/person\/68ede8bdc292885bb76c1e3810e73c39"},"breadcrumb":{"@id":"https:\/\/interamerica.org\/fr\/2015\/03\/leglise-va-promouvoir-la-prise-de-conscience-au-sujet-des-membres-ayant-des-besoins-speciaux-dans-le-nord-du-mexique\/#breadcrumb"},"inLanguage":"fr-FR","potentialAction":[{"@type":"ReadAction","target":["https:\/\/interamerica.org\/fr\/2015\/03\/leglise-va-promouvoir-la-prise-de-conscience-au-sujet-des-membres-ayant-des-besoins-speciaux-dans-le-nord-du-mexique\/"]}]},{"@type":"ImageObject","inLanguage":"fr-FR","@id":"https:\/\/interamerica.org\/fr\/2015\/03\/leglise-va-promouvoir-la-prise-de-conscience-au-sujet-des-membres-ayant-des-besoins-speciaux-dans-le-nord-du-mexique\/#primaryimage","url":"https:\/\/interamerica.org\/wp-content\/uploads\/2017\/06\/NOMU-discapacidad2.png","contentUrl":"https:\/\/interamerica.org\/wp-content\/uploads\/2017\/06\/NOMU-discapacidad2.png","width":400,"height":300},{"@type":"BreadcrumbList","@id":"https:\/\/interamerica.org\/fr\/2015\/03\/leglise-va-promouvoir-la-prise-de-conscience-au-sujet-des-membres-ayant-des-besoins-speciaux-dans-le-nord-du-mexique\/#breadcrumb","itemListElement":[{"@type":"ListItem","position":1,"name":"Home","item":"https:\/\/interamerica.org\/fr\/"},{"@type":"ListItem","position":2,"name":"L&#8217;\u00e9glise va promouvoir la prise de conscience au sujet des membres ayant des besoins sp\u00e9ciaux dans le Nord du Mexique"}]},{"@type":"WebSite","@id":"https:\/\/interamerica.org\/fr\/#website","url":"https:\/\/interamerica.org\/fr\/","name":"\u00c9glise Adventiste Du Septieme Jour - Inter Am\u00e9rique Division","description":"","potentialAction":[{"@type":"SearchAction","target":{"@type":"EntryPoint","urlTemplate":"https:\/\/interamerica.org\/fr\/?s={search_term_string}"},"query-input":{"@type":"PropertyValueSpecification","valueRequired":true,"valueName":"search_term_string"}}],"inLanguage":"fr-FR"},{"@type":"Person","@id":"https:\/\/interamerica.org\/fr\/#\/schema\/person\/68ede8bdc292885bb76c1e3810e73c39","name":"Lorenzo Verduzco","image":{"@type":"ImageObject","inLanguage":"fr-FR","@id":"https:\/\/secure.gravatar.com\/avatar\/fb81a55b6218459490a9c1dc841a34909185b81904c5337b4b27f7a6fd60c49e?s=96&d=mm&r=g","url":"https:\/\/secure.gravatar.com\/avatar\/fb81a55b6218459490a9c1dc841a34909185b81904c5337b4b27f7a6fd60c49e?s=96&d=mm&r=g","contentUrl":"https:\/\/secure.gravatar.com\/avatar\/fb81a55b6218459490a9c1dc841a34909185b81904c5337b4b27f7a6fd60c49e?s=96&d=mm&r=g","caption":"Lorenzo Verduzco"}}]}},"_links":{"self":[{"href":"https:\/\/interamerica.org\/fr\/wp-json\/wp\/v2\/posts\/32183","targetHints":{"allow":["GET"]}}],"collection":[{"href":"https:\/\/interamerica.org\/fr\/wp-json\/wp\/v2\/posts"}],"about":[{"href":"https:\/\/interamerica.org\/fr\/wp-json\/wp\/v2\/types\/post"}],"author":[{"embeddable":true,"href":"https:\/\/interamerica.org\/fr\/wp-json\/wp\/v2\/users\/1"}],"replies":[{"embeddable":true,"href":"https:\/\/interamerica.org\/fr\/wp-json\/wp\/v2\/comments?post=32183"}],"version-history":[{"count":0,"href":"https:\/\/interamerica.org\/fr\/wp-json\/wp\/v2\/posts\/32183\/revisions"}],"wp:featuredmedia":[{"embeddable":true,"href":"https:\/\/interamerica.org\/fr\/wp-json\/wp\/v2\/media\/24493"}],"wp:attachment":[{"href":"https:\/\/interamerica.org\/fr\/wp-json\/wp\/v2\/media?parent=32183"}],"wp:term":[{"taxonomy":"category","embeddable":true,"href":"https:\/\/interamerica.org\/fr\/wp-json\/wp\/v2\/categories?post=32183"},{"taxonomy":"post_tag","embeddable":true,"href":"https:\/\/interamerica.org\/fr\/wp-json\/wp\/v2\/tags?post=32183"}],"curies":[{"name":"wp","href":"https:\/\/api.w.org\/{rel}","templated":true}]}}