{"id":32184,"date":"2015-03-06T00:00:00","date_gmt":"2015-03-06T04:00:00","guid":{"rendered":"http:\/\/192.81.217.108\/interamerica\/2015\/03\/les-philippines-approuvent-louverture-dune-nouvelle-faculte-de-medecine-adventiste\/"},"modified":"2015-03-06T00:00:00","modified_gmt":"2015-03-06T04:00:00","slug":"les-philippines-approuvent-louverture-dune-nouvelle-faculte-de-medecine-adventiste","status":"publish","type":"post","link":"https:\/\/interamerica.org\/fr\/2015\/03\/les-philippines-approuvent-louverture-dune-nouvelle-faculte-de-medecine-adventiste\/","title":{"rendered":"Les Philippines approuvent l\u2019ouverture d\u2019une nouvelle facult\u00e9 de m\u00e9decine Adventiste"},"content":{"rendered":"<p>5 Mars 2015 \u2013 Silver Spring, Maryland, Etats Unis \u2013 Ansel Oliver\/ANN<\/p>\n<div id=\"attachment_15424\" style=\"width: 410px\" class=\"wp-caption alignright\"><a href=\"\/interamerica\/wp-content\/uploads\/2017\/06\/csm_col-of-med-web_3888f217dc.jpg\" rel=\"fancybox\" title=\"Les Philippines approuvent l\u2019ouverture d\u2019une nouvelle facult\u00e9 de m\u00e9decine Adventiste\"><img fetchpriority=\"high\" decoding=\"async\" aria-describedby=\"caption-attachment-15424\" class=\"size-full wp-image-15424 \" src=\"\/interamerica\/wp-content\/uploads\/2017\/06\/csm_col-of-med-web_3888f217dc.jpg\" alt=\"\" width=\"400\" height=\"218\" \/><\/a><p id=\"caption-attachment-15424\" class=\"wp-caption-text\">Le Coll\u00e8ge de M\u00e9decine \u00e0 l\u2019Universit\u00e9 Adventiste des Philippines devient la sixi\u00e8me \u00e9cole de m\u00e9decine de la d\u00e9nomination. Image d\u2019ANN.<\/p><\/div>\n<p>Les Philippines ont donn\u00e9 le feu vert pour l\u2019ouverture d\u2019une facult\u00e9 de m\u00e9decine Adventiste qui devrait d\u00e9buter ses cours en aout prochain ; ce sera la premi\u00e8re \u00e9cole Adventiste de m\u00e9decine en Asie et la sixi\u00e8me facult\u00e9 de m\u00e9decine de la d\u00e9nomination \u00e0 travers le monde.<\/p>\n<p>La Commission de l\u2019Education Sup\u00e9rieure des Philippines a approuv\u00e9 en d\u00e9cembre l\u2019ouverture du Coll\u00e8ge de M\u00e9decine de l\u2019Universit\u00e9 Adventiste des Philippines (AUPCOM), situ\u00e9 sur le campus \u00e0 Silang dans la province de Cavite.<\/p>\n<p>Le programme a \u00e9galement rempli les conditions \u00e9tablies par le Comit\u00e9 International de l\u2019Education de l\u2019Eglise Adventiste du Septi\u00e8me Jour, a indiqu\u00e9 un leader de l\u2019\u00e9glise.<\/p>\n<p>L\u2019institution, qui devrait d\u00e9buter ses cours avec environ 35 \u00e9tudiants, a \u00e9t\u00e9 mise en place pour servir la Division de l\u2019Asie Pacifique Sud, ont indiqu\u00e9 les dirigeants de l\u2019\u00e9glise.<\/p>\n<p>\u00ab Nous sommes vraiment enthousiasm\u00e9s. Ils ont travaill\u00e9 tr\u00e8s dur pour arriver jusqu\u2019\u00e0 aujourd\u2019hui, c\u2019est une r\u00eave de plus de 30 ans, \u00bb a dit Dr Peter Landless, directeur des Minist\u00e8res de la Sant\u00e9 pour l\u2019Eglise Adventiste mondiale.<\/p>\n<p>\u00ab Cela cr\u00e9e une opportunit\u00e9 pour toute la Division de l\u2019Asie Pacifique Sud qui pourra b\u00e9n\u00e9ficier de cette \u00e9cole, \u00bb a ajout\u00e9 Dr Landless.<\/p>\n<p>Le Coll\u00e8ge de M\u00e9decine utilisera le Centre M\u00e9dical Batangas comme principal centre hospitalier universitaire vu sa taille et la diversit\u00e9 de ses patients. Le coll\u00e8ge \u00e9tablira \u00e9galement un partenariat avec le Centre M\u00e9dical Adventiste de Manille.<\/p>\n<p>\u00ab AUPCOM envisage de former et de dipl\u00f4mer des m\u00e9decins qui sont orient\u00e9s vers le service, qui t\u00e9moignent efficacement pour Dieu et promeuvent la mission mondiale de l\u2019Eglise Adventiste en tant que docteurs ayant l\u2019esprit des m\u00e9decins-missionnaires o\u00f9 qu\u2019ils se trouvent, \u00bb a d\u00e9clar\u00e9 Dr Doris Mendoza, la doyenne fondatrice de l\u2019\u00e9cole de m\u00e9decine.<\/p>\n<p>Le pr\u00e9sident de l\u2019AUP, Dr Francisco D. Gayoba, a d\u00e9clar\u00e9 : \u00ab ouvrir le programme de doctorat en m\u00e9decine \u00e9tait un parcours de foi. \u00bb<\/p>\n<p>AUP est en partenariat avec la Facult\u00e9 de M\u00e9decine de l\u2019Universit\u00e9 de Loma Linda, une universit\u00e9 Adventiste aux Etats Unis, pour ce qui est de l\u2019admission des \u00e9tudiants, le d\u00e9veloppement du cursus et celui du personnel enseignant.<\/p>\n<p>\u00ab Au cours des 100 derni\u00e8res ann\u00e9es, Loma Linda a peaufin\u00e9 un processus permettant de s\u00e9lectionner des dipl\u00f4m\u00e9s ayant comme objectif la mission et ayant mis en pratique le minist\u00e8re de la gu\u00e9rison pr\u00f4n\u00e9 par le christ ainsi que le mandat de l\u2019Eglise Adventiste du Septi\u00e8me Jour, et leur service de mentor pour AUP et les autres nouvelles \u00e9coles de m\u00e9decine a \u00e9t\u00e9 vital, \u00bb a d\u00e9clar\u00e9 Lisa Beardsley-Hardy, directrice de l\u2019Education pour l\u2019Eglise Adventiste mondiale.<\/p>\n<p>La d\u00e9nomination a ouvert sa cinqui\u00e8me \u00e9cole de m\u00e9decine au P\u00e9rou en 2012. Les autres facult\u00e9s Adventistes de m\u00e9decine se trouvent \u00e0 l\u2019Universit\u00e9 de Loma Linda aux Etats Unis, \u00e0 l\u2019Universit\u00e9 de Montemorelos au Mexique, \u00e0 l\u2019Universit\u00e9 Adventiste de River Plate en Argentine, et \u00e0 Babcock University au Nig\u00e9ria.<\/p>\n<p>Des plans sont actuellement en cours pour l\u2019\u00e9tablissement d\u2019une septi\u00e8me facult\u00e9 de m\u00e9decine Adventiste dans la Division de l\u2019Afrique du Centre-Est, a indiqu\u00e9 Dr Beardsley-Hardy.<\/p>\n<p>\u00ab Pour accomplir notre mission, surtout dans les parties du monde qui ne sont pas bien desservies, nous avons besoin de beaucoup plus de m\u00e9decins qui parlent la langue des patients et qui sont culturellement comp\u00e9tents, en plus d\u2019\u00eatre d\u2019excellents cliniciens, \u00bb a t-elle d\u00e9clar\u00e9.<\/p>\n<p>-Reportage additionnel de Mark Cadalig et Teresa Costello<\/p>\n<p>Traduction: Patrick Luciathe<\/p>\n","protected":false},"excerpt":{"rendered":"<p>Les Philippines ont donn\u00e9 le feu vert pour l\u2019ouverture d\u2019une facult\u00e9 de m\u00e9decine Adventiste qui devrait d\u00e9buter ses cours en aout prochain ; ce sera la premi\u00e8re \u00e9cole Adventiste de m\u00e9decine en Asie et la sixi\u00e8me facult\u00e9 de m\u00e9decine de la d\u00e9nomination \u00e0 travers le monde. <\/p>\n<p>La Commission de l\u2019Education Sup\u00e9rieure des Philippines a approuv\u00e9 en d\u00e9cembre l\u2019ouverture du Coll\u00e8ge de M\u00e9decine de l\u2019Universit\u00e9 Adventiste des Philippines (AUPCOM), situ\u00e9 sur le campus \u00e0 Silang dans la province de Cavite.<\/p>\n","protected":false},"author":1,"featured_media":24525,"comment_status":"closed","ping_status":"closed","sticky":false,"template":"","format":"standard","meta":{"_acf_changed":false,"footnotes":""},"categories":[18,19],"tags":[],"class_list":["post-32184","post","type-post","status-publish","format-standard","has-post-thumbnail","hentry","category-nouvelles-de-leglise-mondiale","category-rss-francais"],"acf":[],"yoast_head":"<!-- This site is optimized with the Yoast SEO plugin v27.3 - https:\/\/yoast.com\/product\/yoast-seo-wordpress\/ -->\n<title>Les Philippines approuvent l\u2019ouverture d\u2019une nouvelle facult\u00e9 de m\u00e9decine Adventiste - \u00c9glise Adventiste Du Septieme Jour - Inter Am\u00e9rique Division<\/title>\n<meta name=\"robots\" content=\"index, follow, max-snippet:-1, max-image-preview:large, max-video-preview:-1\" \/>\n<link rel=\"canonical\" href=\"https:\/\/interamerica.org\/fr\/2015\/03\/les-philippines-approuvent-louverture-dune-nouvelle-faculte-de-medecine-adventiste\/\" \/>\n<meta property=\"og:locale\" content=\"fr_FR\" \/>\n<meta property=\"og:type\" content=\"article\" \/>\n<meta property=\"og:title\" content=\"Les Philippines approuvent l\u2019ouverture d\u2019une nouvelle facult\u00e9 de m\u00e9decine Adventiste - \u00c9glise Adventiste Du Septieme Jour - Inter Am\u00e9rique Division\" \/>\n<meta property=\"og:description\" content=\"Les Philippines ont donn\u00e9 le feu vert pour l\u2019ouverture d\u2019une facult\u00e9 de m\u00e9decine Adventiste qui devrait d\u00e9buter ses cours en aout prochain ; ce sera la premi\u00e8re \u00e9cole Adventiste de m\u00e9decine en Asie et la sixi\u00e8me facult\u00e9 de m\u00e9decine de la d\u00e9nomination \u00e0 travers le monde.  La Commission de l\u2019Education Sup\u00e9rieure des Philippines a approuv\u00e9 en d\u00e9cembre l\u2019ouverture du Coll\u00e8ge de M\u00e9decine de l\u2019Universit\u00e9 Adventiste des Philippines (AUPCOM), situ\u00e9 sur le campus \u00e0 Silang dans la province de Cavite.\" \/>\n<meta property=\"og:url\" content=\"https:\/\/interamerica.org\/fr\/2015\/03\/les-philippines-approuvent-louverture-dune-nouvelle-faculte-de-medecine-adventiste\/\" \/>\n<meta property=\"og:site_name\" content=\"\u00c9glise Adventiste Du Septieme Jour - Inter Am\u00e9rique Division\" \/>\n<meta property=\"article:published_time\" content=\"2015-03-06T04:00:00+00:00\" \/>\n<meta property=\"og:image\" content=\"https:\/\/interamerica.org\/wp-content\/uploads\/2017\/06\/csm_col-of-med-web_3888f217dc.jpg\" \/>\n\t<meta property=\"og:image:width\" content=\"400\" \/>\n\t<meta property=\"og:image:height\" content=\"218\" \/>\n\t<meta property=\"og:image:type\" content=\"image\/jpeg\" \/>\n<meta name=\"author\" content=\"Lorenzo Verduzco\" \/>\n<meta name=\"twitter:card\" content=\"summary_large_image\" \/>\n<meta name=\"twitter:label1\" content=\"\u00c9crit par\" \/>\n\t<meta name=\"twitter:data1\" content=\"Lorenzo Verduzco\" \/>\n\t<meta name=\"twitter:label2\" content=\"Dur\u00e9e de lecture estim\u00e9e\" \/>\n\t<meta name=\"twitter:data2\" content=\"3 minutes\" \/>\n<script type=\"application\/ld+json\" class=\"yoast-schema-graph\">{\"@context\":\"https:\\\/\\\/schema.org\",\"@graph\":[{\"@type\":\"Article\",\"@id\":\"https:\\\/\\\/interamerica.org\\\/fr\\\/2015\\\/03\\\/les-philippines-approuvent-louverture-dune-nouvelle-faculte-de-medecine-adventiste\\\/#article\",\"isPartOf\":{\"@id\":\"https:\\\/\\\/interamerica.org\\\/fr\\\/2015\\\/03\\\/les-philippines-approuvent-louverture-dune-nouvelle-faculte-de-medecine-adventiste\\\/\"},\"author\":{\"name\":\"Lorenzo Verduzco\",\"@id\":\"https:\\\/\\\/interamerica.org\\\/fr\\\/#\\\/schema\\\/person\\\/68ede8bdc292885bb76c1e3810e73c39\"},\"headline\":\"Les Philippines approuvent l\u2019ouverture d\u2019une nouvelle facult\u00e9 de m\u00e9decine Adventiste\",\"datePublished\":\"2015-03-06T04:00:00+00:00\",\"mainEntityOfPage\":{\"@id\":\"https:\\\/\\\/interamerica.org\\\/fr\\\/2015\\\/03\\\/les-philippines-approuvent-louverture-dune-nouvelle-faculte-de-medecine-adventiste\\\/\"},\"wordCount\":678,\"image\":{\"@id\":\"https:\\\/\\\/interamerica.org\\\/fr\\\/2015\\\/03\\\/les-philippines-approuvent-louverture-dune-nouvelle-faculte-de-medecine-adventiste\\\/#primaryimage\"},\"thumbnailUrl\":\"https:\\\/\\\/interamerica.org\\\/wp-content\\\/uploads\\\/2017\\\/06\\\/csm_col-of-med-web_3888f217dc.jpg\",\"articleSection\":[\"Nouvelles de l'\u00c9glise mondiale\",\"RSS Fran\u00e7ais\"],\"inLanguage\":\"fr-FR\"},{\"@type\":\"WebPage\",\"@id\":\"https:\\\/\\\/interamerica.org\\\/fr\\\/2015\\\/03\\\/les-philippines-approuvent-louverture-dune-nouvelle-faculte-de-medecine-adventiste\\\/\",\"url\":\"https:\\\/\\\/interamerica.org\\\/fr\\\/2015\\\/03\\\/les-philippines-approuvent-louverture-dune-nouvelle-faculte-de-medecine-adventiste\\\/\",\"name\":\"Les Philippines approuvent l\u2019ouverture d\u2019une nouvelle facult\u00e9 de m\u00e9decine Adventiste - \u00c9glise Adventiste Du Septieme Jour - Inter Am\u00e9rique Division\",\"isPartOf\":{\"@id\":\"https:\\\/\\\/interamerica.org\\\/fr\\\/#website\"},\"primaryImageOfPage\":{\"@id\":\"https:\\\/\\\/interamerica.org\\\/fr\\\/2015\\\/03\\\/les-philippines-approuvent-louverture-dune-nouvelle-faculte-de-medecine-adventiste\\\/#primaryimage\"},\"image\":{\"@id\":\"https:\\\/\\\/interamerica.org\\\/fr\\\/2015\\\/03\\\/les-philippines-approuvent-louverture-dune-nouvelle-faculte-de-medecine-adventiste\\\/#primaryimage\"},\"thumbnailUrl\":\"https:\\\/\\\/interamerica.org\\\/wp-content\\\/uploads\\\/2017\\\/06\\\/csm_col-of-med-web_3888f217dc.jpg\",\"datePublished\":\"2015-03-06T04:00:00+00:00\",\"author\":{\"@id\":\"https:\\\/\\\/interamerica.org\\\/fr\\\/#\\\/schema\\\/person\\\/68ede8bdc292885bb76c1e3810e73c39\"},\"breadcrumb\":{\"@id\":\"https:\\\/\\\/interamerica.org\\\/fr\\\/2015\\\/03\\\/les-philippines-approuvent-louverture-dune-nouvelle-faculte-de-medecine-adventiste\\\/#breadcrumb\"},\"inLanguage\":\"fr-FR\",\"potentialAction\":[{\"@type\":\"ReadAction\",\"target\":[\"https:\\\/\\\/interamerica.org\\\/fr\\\/2015\\\/03\\\/les-philippines-approuvent-louverture-dune-nouvelle-faculte-de-medecine-adventiste\\\/\"]}]},{\"@type\":\"ImageObject\",\"inLanguage\":\"fr-FR\",\"@id\":\"https:\\\/\\\/interamerica.org\\\/fr\\\/2015\\\/03\\\/les-philippines-approuvent-louverture-dune-nouvelle-faculte-de-medecine-adventiste\\\/#primaryimage\",\"url\":\"https:\\\/\\\/interamerica.org\\\/wp-content\\\/uploads\\\/2017\\\/06\\\/csm_col-of-med-web_3888f217dc.jpg\",\"contentUrl\":\"https:\\\/\\\/interamerica.org\\\/wp-content\\\/uploads\\\/2017\\\/06\\\/csm_col-of-med-web_3888f217dc.jpg\",\"width\":400,\"height\":218},{\"@type\":\"BreadcrumbList\",\"@id\":\"https:\\\/\\\/interamerica.org\\\/fr\\\/2015\\\/03\\\/les-philippines-approuvent-louverture-dune-nouvelle-faculte-de-medecine-adventiste\\\/#breadcrumb\",\"itemListElement\":[{\"@type\":\"ListItem\",\"position\":1,\"name\":\"Home\",\"item\":\"https:\\\/\\\/interamerica.org\\\/fr\\\/\"},{\"@type\":\"ListItem\",\"position\":2,\"name\":\"Les Philippines approuvent l\u2019ouverture d\u2019une nouvelle facult\u00e9 de m\u00e9decine Adventiste\"}]},{\"@type\":\"WebSite\",\"@id\":\"https:\\\/\\\/interamerica.org\\\/fr\\\/#website\",\"url\":\"https:\\\/\\\/interamerica.org\\\/fr\\\/\",\"name\":\"\u00c9glise Adventiste Du Septieme Jour - Inter Am\u00e9rique Division\",\"description\":\"\",\"potentialAction\":[{\"@type\":\"SearchAction\",\"target\":{\"@type\":\"EntryPoint\",\"urlTemplate\":\"https:\\\/\\\/interamerica.org\\\/fr\\\/?s={search_term_string}\"},\"query-input\":{\"@type\":\"PropertyValueSpecification\",\"valueRequired\":true,\"valueName\":\"search_term_string\"}}],\"inLanguage\":\"fr-FR\"},{\"@type\":\"Person\",\"@id\":\"https:\\\/\\\/interamerica.org\\\/fr\\\/#\\\/schema\\\/person\\\/68ede8bdc292885bb76c1e3810e73c39\",\"name\":\"Lorenzo Verduzco\",\"image\":{\"@type\":\"ImageObject\",\"inLanguage\":\"fr-FR\",\"@id\":\"https:\\\/\\\/secure.gravatar.com\\\/avatar\\\/fb81a55b6218459490a9c1dc841a34909185b81904c5337b4b27f7a6fd60c49e?s=96&d=mm&r=g\",\"url\":\"https:\\\/\\\/secure.gravatar.com\\\/avatar\\\/fb81a55b6218459490a9c1dc841a34909185b81904c5337b4b27f7a6fd60c49e?s=96&d=mm&r=g\",\"contentUrl\":\"https:\\\/\\\/secure.gravatar.com\\\/avatar\\\/fb81a55b6218459490a9c1dc841a34909185b81904c5337b4b27f7a6fd60c49e?s=96&d=mm&r=g\",\"caption\":\"Lorenzo Verduzco\"}}]}<\/script>\n<!-- \/ Yoast SEO plugin. -->","yoast_head_json":{"title":"Les Philippines approuvent l\u2019ouverture d\u2019une nouvelle facult\u00e9 de m\u00e9decine Adventiste - \u00c9glise Adventiste Du Septieme Jour - Inter Am\u00e9rique Division","robots":{"index":"index","follow":"follow","max-snippet":"max-snippet:-1","max-image-preview":"max-image-preview:large","max-video-preview":"max-video-preview:-1"},"canonical":"https:\/\/interamerica.org\/fr\/2015\/03\/les-philippines-approuvent-louverture-dune-nouvelle-faculte-de-medecine-adventiste\/","og_locale":"fr_FR","og_type":"article","og_title":"Les Philippines approuvent l\u2019ouverture d\u2019une nouvelle facult\u00e9 de m\u00e9decine Adventiste - \u00c9glise Adventiste Du Septieme Jour - Inter Am\u00e9rique Division","og_description":"Les Philippines ont donn\u00e9 le feu vert pour l\u2019ouverture d\u2019une facult\u00e9 de m\u00e9decine Adventiste qui devrait d\u00e9buter ses cours en aout prochain ; ce sera la premi\u00e8re \u00e9cole Adventiste de m\u00e9decine en Asie et la sixi\u00e8me facult\u00e9 de m\u00e9decine de la d\u00e9nomination \u00e0 travers le monde.  La Commission de l\u2019Education Sup\u00e9rieure des Philippines a approuv\u00e9 en d\u00e9cembre l\u2019ouverture du Coll\u00e8ge de M\u00e9decine de l\u2019Universit\u00e9 Adventiste des Philippines (AUPCOM), situ\u00e9 sur le campus \u00e0 Silang dans la province de Cavite.","og_url":"https:\/\/interamerica.org\/fr\/2015\/03\/les-philippines-approuvent-louverture-dune-nouvelle-faculte-de-medecine-adventiste\/","og_site_name":"\u00c9glise Adventiste Du Septieme Jour - Inter Am\u00e9rique Division","article_published_time":"2015-03-06T04:00:00+00:00","og_image":[{"width":400,"height":218,"url":"https:\/\/interamerica.org\/wp-content\/uploads\/2017\/06\/csm_col-of-med-web_3888f217dc.jpg","type":"image\/jpeg"}],"author":"Lorenzo Verduzco","twitter_card":"summary_large_image","twitter_misc":{"\u00c9crit par":"Lorenzo Verduzco","Dur\u00e9e de lecture estim\u00e9e":"3 minutes"},"schema":{"@context":"https:\/\/schema.org","@graph":[{"@type":"Article","@id":"https:\/\/interamerica.org\/fr\/2015\/03\/les-philippines-approuvent-louverture-dune-nouvelle-faculte-de-medecine-adventiste\/#article","isPartOf":{"@id":"https:\/\/interamerica.org\/fr\/2015\/03\/les-philippines-approuvent-louverture-dune-nouvelle-faculte-de-medecine-adventiste\/"},"author":{"name":"Lorenzo Verduzco","@id":"https:\/\/interamerica.org\/fr\/#\/schema\/person\/68ede8bdc292885bb76c1e3810e73c39"},"headline":"Les Philippines approuvent l\u2019ouverture d\u2019une nouvelle facult\u00e9 de m\u00e9decine Adventiste","datePublished":"2015-03-06T04:00:00+00:00","mainEntityOfPage":{"@id":"https:\/\/interamerica.org\/fr\/2015\/03\/les-philippines-approuvent-louverture-dune-nouvelle-faculte-de-medecine-adventiste\/"},"wordCount":678,"image":{"@id":"https:\/\/interamerica.org\/fr\/2015\/03\/les-philippines-approuvent-louverture-dune-nouvelle-faculte-de-medecine-adventiste\/#primaryimage"},"thumbnailUrl":"https:\/\/interamerica.org\/wp-content\/uploads\/2017\/06\/csm_col-of-med-web_3888f217dc.jpg","articleSection":["Nouvelles de l'\u00c9glise mondiale","RSS Fran\u00e7ais"],"inLanguage":"fr-FR"},{"@type":"WebPage","@id":"https:\/\/interamerica.org\/fr\/2015\/03\/les-philippines-approuvent-louverture-dune-nouvelle-faculte-de-medecine-adventiste\/","url":"https:\/\/interamerica.org\/fr\/2015\/03\/les-philippines-approuvent-louverture-dune-nouvelle-faculte-de-medecine-adventiste\/","name":"Les Philippines approuvent l\u2019ouverture d\u2019une nouvelle facult\u00e9 de m\u00e9decine Adventiste - \u00c9glise Adventiste Du Septieme Jour - Inter Am\u00e9rique Division","isPartOf":{"@id":"https:\/\/interamerica.org\/fr\/#website"},"primaryImageOfPage":{"@id":"https:\/\/interamerica.org\/fr\/2015\/03\/les-philippines-approuvent-louverture-dune-nouvelle-faculte-de-medecine-adventiste\/#primaryimage"},"image":{"@id":"https:\/\/interamerica.org\/fr\/2015\/03\/les-philippines-approuvent-louverture-dune-nouvelle-faculte-de-medecine-adventiste\/#primaryimage"},"thumbnailUrl":"https:\/\/interamerica.org\/wp-content\/uploads\/2017\/06\/csm_col-of-med-web_3888f217dc.jpg","datePublished":"2015-03-06T04:00:00+00:00","author":{"@id":"https:\/\/interamerica.org\/fr\/#\/schema\/person\/68ede8bdc292885bb76c1e3810e73c39"},"breadcrumb":{"@id":"https:\/\/interamerica.org\/fr\/2015\/03\/les-philippines-approuvent-louverture-dune-nouvelle-faculte-de-medecine-adventiste\/#breadcrumb"},"inLanguage":"fr-FR","potentialAction":[{"@type":"ReadAction","target":["https:\/\/interamerica.org\/fr\/2015\/03\/les-philippines-approuvent-louverture-dune-nouvelle-faculte-de-medecine-adventiste\/"]}]},{"@type":"ImageObject","inLanguage":"fr-FR","@id":"https:\/\/interamerica.org\/fr\/2015\/03\/les-philippines-approuvent-louverture-dune-nouvelle-faculte-de-medecine-adventiste\/#primaryimage","url":"https:\/\/interamerica.org\/wp-content\/uploads\/2017\/06\/csm_col-of-med-web_3888f217dc.jpg","contentUrl":"https:\/\/interamerica.org\/wp-content\/uploads\/2017\/06\/csm_col-of-med-web_3888f217dc.jpg","width":400,"height":218},{"@type":"BreadcrumbList","@id":"https:\/\/interamerica.org\/fr\/2015\/03\/les-philippines-approuvent-louverture-dune-nouvelle-faculte-de-medecine-adventiste\/#breadcrumb","itemListElement":[{"@type":"ListItem","position":1,"name":"Home","item":"https:\/\/interamerica.org\/fr\/"},{"@type":"ListItem","position":2,"name":"Les Philippines approuvent l\u2019ouverture d\u2019une nouvelle facult\u00e9 de m\u00e9decine Adventiste"}]},{"@type":"WebSite","@id":"https:\/\/interamerica.org\/fr\/#website","url":"https:\/\/interamerica.org\/fr\/","name":"\u00c9glise Adventiste Du Septieme Jour - Inter Am\u00e9rique Division","description":"","potentialAction":[{"@type":"SearchAction","target":{"@type":"EntryPoint","urlTemplate":"https:\/\/interamerica.org\/fr\/?s={search_term_string}"},"query-input":{"@type":"PropertyValueSpecification","valueRequired":true,"valueName":"search_term_string"}}],"inLanguage":"fr-FR"},{"@type":"Person","@id":"https:\/\/interamerica.org\/fr\/#\/schema\/person\/68ede8bdc292885bb76c1e3810e73c39","name":"Lorenzo Verduzco","image":{"@type":"ImageObject","inLanguage":"fr-FR","@id":"https:\/\/secure.gravatar.com\/avatar\/fb81a55b6218459490a9c1dc841a34909185b81904c5337b4b27f7a6fd60c49e?s=96&d=mm&r=g","url":"https:\/\/secure.gravatar.com\/avatar\/fb81a55b6218459490a9c1dc841a34909185b81904c5337b4b27f7a6fd60c49e?s=96&d=mm&r=g","contentUrl":"https:\/\/secure.gravatar.com\/avatar\/fb81a55b6218459490a9c1dc841a34909185b81904c5337b4b27f7a6fd60c49e?s=96&d=mm&r=g","caption":"Lorenzo Verduzco"}}]}},"_links":{"self":[{"href":"https:\/\/interamerica.org\/fr\/wp-json\/wp\/v2\/posts\/32184","targetHints":{"allow":["GET"]}}],"collection":[{"href":"https:\/\/interamerica.org\/fr\/wp-json\/wp\/v2\/posts"}],"about":[{"href":"https:\/\/interamerica.org\/fr\/wp-json\/wp\/v2\/types\/post"}],"author":[{"embeddable":true,"href":"https:\/\/interamerica.org\/fr\/wp-json\/wp\/v2\/users\/1"}],"replies":[{"embeddable":true,"href":"https:\/\/interamerica.org\/fr\/wp-json\/wp\/v2\/comments?post=32184"}],"version-history":[{"count":0,"href":"https:\/\/interamerica.org\/fr\/wp-json\/wp\/v2\/posts\/32184\/revisions"}],"wp:featuredmedia":[{"embeddable":true,"href":"https:\/\/interamerica.org\/fr\/wp-json\/wp\/v2\/media\/24525"}],"wp:attachment":[{"href":"https:\/\/interamerica.org\/fr\/wp-json\/wp\/v2\/media?parent=32184"}],"wp:term":[{"taxonomy":"category","embeddable":true,"href":"https:\/\/interamerica.org\/fr\/wp-json\/wp\/v2\/categories?post=32184"},{"taxonomy":"post_tag","embeddable":true,"href":"https:\/\/interamerica.org\/fr\/wp-json\/wp\/v2\/tags?post=32184"}],"curies":[{"name":"wp","href":"https:\/\/api.w.org\/{rel}","templated":true}]}}