{"id":32188,"date":"2015-03-10T00:00:00","date_gmt":"2015-03-10T04:00:00","guid":{"rendered":"http:\/\/192.81.217.108\/interamerica\/2015\/03\/sac-interamerica-recompense-des-communicateurs-pour-leur-travail-remarquable\/"},"modified":"2015-03-10T00:00:00","modified_gmt":"2015-03-10T04:00:00","slug":"sac-interamerica-recompense-des-communicateurs-pour-leur-travail-remarquable","status":"publish","type":"post","link":"https:\/\/interamerica.org\/fr\/2015\/03\/sac-interamerica-recompense-des-communicateurs-pour-leur-travail-remarquable\/","title":{"rendered":"SAC Interam\u00e9rica r\u00e9compense des communicateurs pour leur travail remarquable"},"content":{"rendered":"<div id=\"attachment_15486\" style=\"width: 610px\" class=\"wp-caption aligncenter\"><a href=\"\/interamerica\/wp-content\/uploads\/2017\/06\/SAC-IAawards600.png\" rel=\"fancybox\" title=\"SAC Interam\u00e9rica r\u00e9compense des communicateurs pour leur travail remarquable\"><img fetchpriority=\"high\" decoding=\"async\" aria-describedby=\"caption-attachment-15486\" class=\"size-full wp-image-15486 \" src=\"\/interamerica\/wp-content\/uploads\/2017\/06\/SAC-IAawards600.png\" alt=\"\" width=\"600\" height=\"396\" \/><\/a><p id=\"caption-attachment-15486\" class=\"wp-caption-text\">Le conseil d\u2019administration et les directeurs des communications des unions de l\u2019Association des Communicateurs Adventistes (SAC= Society of Adventist Communicators) Interam\u00e9rica, posent pour une photo au si\u00e8ge de la Division Inter Am\u00e9ricaine \u00e0 Miami, en Floride, le 5 mars 2015 apr\u00e8s l\u2019attribution des r\u00e9compenses \u00ab SAC Awards 2014 \u00bb . Image de Gregorio Vazquez\/DIA<\/p><\/div>\n<p>8 mars 2015\/ Miami\u00a0, Floride, \u00c9tats-Unis\/ Libna Stevens \/ DIA<\/p>\n<p>L\u2019Association des Communicateurs Adventistes (SAC) Interam\u00e9rica ont d\u00e9sign\u00e9 les gagnants de ses diff\u00e9rentes cat\u00e9gories lors d\u2019une petite c\u00e9r\u00e9monie, tenue au si\u00e8ge de la Division Inter Am\u00e9ricaine, le 5 mars 2015, \u00e0 Miami, en Floride. \u00a0Plus de 60 communicateurs et sp\u00e9cialistes de production dans les m\u00e9dia \u00e9coutaient, tandis que la Pr\u00e9sidente de SAC Interam\u00e9rica, Angela Barrios, mettait l\u2019accent sur la mission de l\u2019association.<\/p>\n<p>\u00c0 l\u2019initiative du d\u00e9partement des communications, en collaboration avec l\u2019Association des Communicateurs de l\u2019Am\u00e9rique du Nord, la branche\u00a0 SAC Interam\u00e9rica s\u2019\u00e9vertue \u00e0 rassembler les communicateurs et les professionnels int\u00e9ress\u00e9s autour de la mission de l\u2019\u00c9glise afin de la soutenir, a d\u00e9clar\u00e9 Barrios.<\/p>\n<p>\u00ab\u00a0La c\u00e9r\u00e9monie de r\u00e9compenses de SAC est une strat\u00e9gie pour partager et reconna\u00eetre les travaux ou projets sp\u00e9ciaux accomplis dans diff\u00e9rentes cat\u00e9gories\u00a0\u00bb a pr\u00e9cis\u00e9 Barrios.<\/p>\n<p>SAC Interam\u00e9rica est une organisation pour les communicateurs hispanophones de \u00a0l\u2019Inter Am\u00e9rique, afin qu\u2019il y ait une plus grande collaboration et un plus grand travail en r\u00e9seau entre les professionnels de la communication, pour soutenir la mission de l\u2019\u00e9glise.<\/p>\n<p>La c\u00e9r\u00e9monie est la premi\u00e8re du genre depuis la cr\u00e9ation de SAC en novembre 2012.<\/p>\n<p>Les gagnants et les mentions sp\u00e9ciales de SAC\u00a0 Inter- Am\u00e9rique 2014 dans les quatre cat\u00e9gories\u00a0sont les suivants:<\/p>\n<p><strong>Cat\u00e9gorie \u2013 Communication d\u2019entreprise<\/strong><\/p>\n<p>1. Meilleure Vid\u00e9o d\u2019entreprise\u00a0: Gloria Miranda de l\u2019Union de Porto Rico<\/p>\n<p>2. Meilleure Campagne de Communication d\u2019entreprise\u00a0: Vanya Garcia de l\u2019Universit\u00e9 de Mont\u00e9mor\u00e9los<\/p>\n<p><strong>Cat\u00e9gorie- Production Media<\/strong><\/p>\n<p>1. Meilleur Programme Radio\u00a0: Fabricio Rivera de l\u2019Union du Salvador<\/p>\n<p>2. Meilleur Programme de T\u00e9l\u00e9vision\u00a0: Sonlys de l\u2019Union de Porto Rico<\/p>\n<p>3. Seven Cine Award\u00a0: Sonlys Andino de l\u2019Union de Porto Rico<\/p>\n<p>4. Mention Sp\u00e9ciale, Seven Cine Award\u00a0: Jose Sosa de l\u2019Universit\u00e9 de Mont\u00e9mor\u00e9los<\/p>\n<p>5. Mention Sp\u00e9ciale, Seven Cine Award\u00a0: Jim Jamer de l\u2019Union de la Colombie du Sud<\/p>\n<p><strong>Cat\u00e9gorie-Commmunication Num\u00e9rique<\/strong><\/p>\n<p>1. Meilleur site Internet\u00a0: Misa\u00ebl\u00a0 Catedra de l\u2019Union de la R\u00e9publique Dominicaine<\/p>\n<p>2. Mention Sp\u00e9ciale, Site Internet\u00a0: Isaac Corral de l\u2019Union du Mexique du Nord.<\/p>\n<p>3. RETO Award\u00a0: Alejandro Sosa de l\u2019Union de la R\u00e9publique Dominicaine.<\/p>\n<p><strong>Cat\u00e9gorie- Journalisme et informations<\/strong><\/p>\n<p>1. Meilleur photographe de presse\u00a0: Alberto Capcha de l\u2019Union du V\u00e9n\u00e9zuela de l\u2019Est.<\/p>\n<p>Pour devenir membre de SAC Interam\u00e9rica et s\u2019inscrire aux diff\u00e9rentes cat\u00e9gories r\u00e9compens\u00e9es, visitez <a href=\"http:\/\/sac.interamerica.org\/\">sac.interamerica.org<\/a><\/p>\n<p>&nbsp;<\/p>\n<p>Traduction: Carole et Charles Saint-Louis<\/p>\n<p>&nbsp;<\/p>\n","protected":false},"excerpt":{"rendered":"<p>L\u2019Association des Communicateurs Adventistes (SAC) Interam\u00e9rica ont d\u00e9sign\u00e9 les gagnants de ses diff\u00e9rentes cat\u00e9gories lors d\u2019une petite c\u00e9r\u00e9monie, tenue au si\u00e8ge de la Division Inter Am\u00e9ricaine, le 5 mars 2015, \u00e0 Miami, en Floride.  <\/p>\n<p>Plus de 60 communicateurs et sp\u00e9cialistes de production dans les m\u00e9dia \u00e9coutaient, tandis que la Pr\u00e9sidente de SAC Interam\u00e9rica, Angela Barrios, mettait l\u2019accent sur la mission de l\u2019association.<\/p>\n","protected":false},"author":1,"featured_media":24557,"comment_status":"closed","ping_status":"closed","sticky":false,"template":"","format":"standard","meta":{"_acf_changed":false,"footnotes":""},"categories":[20,19],"tags":[],"class_list":["post-32188","post","type-post","status-publish","format-standard","has-post-thumbnail","hentry","category-nouvelles-du-siege-de-la-division","category-rss-francais"],"acf":[],"yoast_head":"<!-- This site is optimized with the Yoast SEO plugin v27.3 - https:\/\/yoast.com\/product\/yoast-seo-wordpress\/ -->\n<title>SAC Interam\u00e9rica r\u00e9compense des communicateurs pour leur travail remarquable - \u00c9glise Adventiste Du Septieme Jour - Inter Am\u00e9rique Division<\/title>\n<meta name=\"robots\" content=\"index, follow, max-snippet:-1, max-image-preview:large, max-video-preview:-1\" \/>\n<link rel=\"canonical\" href=\"https:\/\/interamerica.org\/fr\/2015\/03\/sac-interamerica-recompense-des-communicateurs-pour-leur-travail-remarquable\/\" \/>\n<meta property=\"og:locale\" content=\"fr_FR\" \/>\n<meta property=\"og:type\" content=\"article\" \/>\n<meta property=\"og:title\" content=\"SAC Interam\u00e9rica r\u00e9compense des communicateurs pour leur travail remarquable - \u00c9glise Adventiste Du Septieme Jour - Inter Am\u00e9rique Division\" \/>\n<meta property=\"og:description\" content=\"L\u2019Association des Communicateurs Adventistes (SAC) Interam\u00e9rica ont d\u00e9sign\u00e9 les gagnants de ses diff\u00e9rentes cat\u00e9gories lors d\u2019une petite c\u00e9r\u00e9monie, tenue au si\u00e8ge de la Division Inter Am\u00e9ricaine, le 5 mars 2015, \u00e0 Miami, en Floride.  Plus de 60 communicateurs et sp\u00e9cialistes de production dans les m\u00e9dia \u00e9coutaient, tandis que la Pr\u00e9sidente de SAC Interam\u00e9rica, Angela Barrios, mettait l\u2019accent sur la mission de l\u2019association.\" \/>\n<meta property=\"og:url\" content=\"https:\/\/interamerica.org\/fr\/2015\/03\/sac-interamerica-recompense-des-communicateurs-pour-leur-travail-remarquable\/\" \/>\n<meta property=\"og:site_name\" content=\"\u00c9glise Adventiste Du Septieme Jour - Inter Am\u00e9rique Division\" \/>\n<meta property=\"article:published_time\" content=\"2015-03-10T04:00:00+00:00\" \/>\n<meta property=\"og:image\" content=\"https:\/\/interamerica.org\/wp-content\/uploads\/2017\/06\/SAC-IAawards300.png\" \/>\n\t<meta property=\"og:image:width\" content=\"300\" \/>\n\t<meta property=\"og:image:height\" content=\"188\" \/>\n\t<meta property=\"og:image:type\" content=\"image\/png\" \/>\n<meta name=\"author\" content=\"Lorenzo Verduzco\" \/>\n<meta name=\"twitter:card\" content=\"summary_large_image\" \/>\n<meta name=\"twitter:label1\" content=\"\u00c9crit par\" \/>\n\t<meta name=\"twitter:data1\" content=\"Lorenzo Verduzco\" \/>\n\t<meta name=\"twitter:label2\" content=\"Dur\u00e9e de lecture estim\u00e9e\" \/>\n\t<meta name=\"twitter:data2\" content=\"3 minutes\" \/>\n<script type=\"application\/ld+json\" class=\"yoast-schema-graph\">{\"@context\":\"https:\\\/\\\/schema.org\",\"@graph\":[{\"@type\":\"Article\",\"@id\":\"https:\\\/\\\/interamerica.org\\\/fr\\\/2015\\\/03\\\/sac-interamerica-recompense-des-communicateurs-pour-leur-travail-remarquable\\\/#article\",\"isPartOf\":{\"@id\":\"https:\\\/\\\/interamerica.org\\\/fr\\\/2015\\\/03\\\/sac-interamerica-recompense-des-communicateurs-pour-leur-travail-remarquable\\\/\"},\"author\":{\"name\":\"Lorenzo Verduzco\",\"@id\":\"https:\\\/\\\/interamerica.org\\\/fr\\\/#\\\/schema\\\/person\\\/68ede8bdc292885bb76c1e3810e73c39\"},\"headline\":\"SAC Interam\u00e9rica r\u00e9compense des communicateurs pour leur travail remarquable\",\"datePublished\":\"2015-03-10T04:00:00+00:00\",\"mainEntityOfPage\":{\"@id\":\"https:\\\/\\\/interamerica.org\\\/fr\\\/2015\\\/03\\\/sac-interamerica-recompense-des-communicateurs-pour-leur-travail-remarquable\\\/\"},\"wordCount\":519,\"image\":{\"@id\":\"https:\\\/\\\/interamerica.org\\\/fr\\\/2015\\\/03\\\/sac-interamerica-recompense-des-communicateurs-pour-leur-travail-remarquable\\\/#primaryimage\"},\"thumbnailUrl\":\"https:\\\/\\\/interamerica.org\\\/wp-content\\\/uploads\\\/2017\\\/06\\\/SAC-IAawards300.png\",\"articleSection\":[\"Nouvelles du si\u00e8ge de la division\",\"RSS Fran\u00e7ais\"],\"inLanguage\":\"fr-FR\"},{\"@type\":\"WebPage\",\"@id\":\"https:\\\/\\\/interamerica.org\\\/fr\\\/2015\\\/03\\\/sac-interamerica-recompense-des-communicateurs-pour-leur-travail-remarquable\\\/\",\"url\":\"https:\\\/\\\/interamerica.org\\\/fr\\\/2015\\\/03\\\/sac-interamerica-recompense-des-communicateurs-pour-leur-travail-remarquable\\\/\",\"name\":\"SAC Interam\u00e9rica r\u00e9compense des communicateurs pour leur travail remarquable - \u00c9glise Adventiste Du Septieme Jour - Inter Am\u00e9rique Division\",\"isPartOf\":{\"@id\":\"https:\\\/\\\/interamerica.org\\\/fr\\\/#website\"},\"primaryImageOfPage\":{\"@id\":\"https:\\\/\\\/interamerica.org\\\/fr\\\/2015\\\/03\\\/sac-interamerica-recompense-des-communicateurs-pour-leur-travail-remarquable\\\/#primaryimage\"},\"image\":{\"@id\":\"https:\\\/\\\/interamerica.org\\\/fr\\\/2015\\\/03\\\/sac-interamerica-recompense-des-communicateurs-pour-leur-travail-remarquable\\\/#primaryimage\"},\"thumbnailUrl\":\"https:\\\/\\\/interamerica.org\\\/wp-content\\\/uploads\\\/2017\\\/06\\\/SAC-IAawards300.png\",\"datePublished\":\"2015-03-10T04:00:00+00:00\",\"author\":{\"@id\":\"https:\\\/\\\/interamerica.org\\\/fr\\\/#\\\/schema\\\/person\\\/68ede8bdc292885bb76c1e3810e73c39\"},\"breadcrumb\":{\"@id\":\"https:\\\/\\\/interamerica.org\\\/fr\\\/2015\\\/03\\\/sac-interamerica-recompense-des-communicateurs-pour-leur-travail-remarquable\\\/#breadcrumb\"},\"inLanguage\":\"fr-FR\",\"potentialAction\":[{\"@type\":\"ReadAction\",\"target\":[\"https:\\\/\\\/interamerica.org\\\/fr\\\/2015\\\/03\\\/sac-interamerica-recompense-des-communicateurs-pour-leur-travail-remarquable\\\/\"]}]},{\"@type\":\"ImageObject\",\"inLanguage\":\"fr-FR\",\"@id\":\"https:\\\/\\\/interamerica.org\\\/fr\\\/2015\\\/03\\\/sac-interamerica-recompense-des-communicateurs-pour-leur-travail-remarquable\\\/#primaryimage\",\"url\":\"https:\\\/\\\/interamerica.org\\\/wp-content\\\/uploads\\\/2017\\\/06\\\/SAC-IAawards300.png\",\"contentUrl\":\"https:\\\/\\\/interamerica.org\\\/wp-content\\\/uploads\\\/2017\\\/06\\\/SAC-IAawards300.png\",\"width\":300,\"height\":188},{\"@type\":\"BreadcrumbList\",\"@id\":\"https:\\\/\\\/interamerica.org\\\/fr\\\/2015\\\/03\\\/sac-interamerica-recompense-des-communicateurs-pour-leur-travail-remarquable\\\/#breadcrumb\",\"itemListElement\":[{\"@type\":\"ListItem\",\"position\":1,\"name\":\"Home\",\"item\":\"https:\\\/\\\/interamerica.org\\\/fr\\\/\"},{\"@type\":\"ListItem\",\"position\":2,\"name\":\"SAC Interam\u00e9rica r\u00e9compense des communicateurs pour leur travail remarquable\"}]},{\"@type\":\"WebSite\",\"@id\":\"https:\\\/\\\/interamerica.org\\\/fr\\\/#website\",\"url\":\"https:\\\/\\\/interamerica.org\\\/fr\\\/\",\"name\":\"\u00c9glise Adventiste Du Septieme Jour - Inter Am\u00e9rique Division\",\"description\":\"\",\"potentialAction\":[{\"@type\":\"SearchAction\",\"target\":{\"@type\":\"EntryPoint\",\"urlTemplate\":\"https:\\\/\\\/interamerica.org\\\/fr\\\/?s={search_term_string}\"},\"query-input\":{\"@type\":\"PropertyValueSpecification\",\"valueRequired\":true,\"valueName\":\"search_term_string\"}}],\"inLanguage\":\"fr-FR\"},{\"@type\":\"Person\",\"@id\":\"https:\\\/\\\/interamerica.org\\\/fr\\\/#\\\/schema\\\/person\\\/68ede8bdc292885bb76c1e3810e73c39\",\"name\":\"Lorenzo Verduzco\",\"image\":{\"@type\":\"ImageObject\",\"inLanguage\":\"fr-FR\",\"@id\":\"https:\\\/\\\/secure.gravatar.com\\\/avatar\\\/fb81a55b6218459490a9c1dc841a34909185b81904c5337b4b27f7a6fd60c49e?s=96&d=mm&r=g\",\"url\":\"https:\\\/\\\/secure.gravatar.com\\\/avatar\\\/fb81a55b6218459490a9c1dc841a34909185b81904c5337b4b27f7a6fd60c49e?s=96&d=mm&r=g\",\"contentUrl\":\"https:\\\/\\\/secure.gravatar.com\\\/avatar\\\/fb81a55b6218459490a9c1dc841a34909185b81904c5337b4b27f7a6fd60c49e?s=96&d=mm&r=g\",\"caption\":\"Lorenzo Verduzco\"}}]}<\/script>\n<!-- \/ Yoast SEO plugin. -->","yoast_head_json":{"title":"SAC Interam\u00e9rica r\u00e9compense des communicateurs pour leur travail remarquable - \u00c9glise Adventiste Du Septieme Jour - Inter Am\u00e9rique Division","robots":{"index":"index","follow":"follow","max-snippet":"max-snippet:-1","max-image-preview":"max-image-preview:large","max-video-preview":"max-video-preview:-1"},"canonical":"https:\/\/interamerica.org\/fr\/2015\/03\/sac-interamerica-recompense-des-communicateurs-pour-leur-travail-remarquable\/","og_locale":"fr_FR","og_type":"article","og_title":"SAC Interam\u00e9rica r\u00e9compense des communicateurs pour leur travail remarquable - \u00c9glise Adventiste Du Septieme Jour - Inter Am\u00e9rique Division","og_description":"L\u2019Association des Communicateurs Adventistes (SAC) Interam\u00e9rica ont d\u00e9sign\u00e9 les gagnants de ses diff\u00e9rentes cat\u00e9gories lors d\u2019une petite c\u00e9r\u00e9monie, tenue au si\u00e8ge de la Division Inter Am\u00e9ricaine, le 5 mars 2015, \u00e0 Miami, en Floride.  Plus de 60 communicateurs et sp\u00e9cialistes de production dans les m\u00e9dia \u00e9coutaient, tandis que la Pr\u00e9sidente de SAC Interam\u00e9rica, Angela Barrios, mettait l\u2019accent sur la mission de l\u2019association.","og_url":"https:\/\/interamerica.org\/fr\/2015\/03\/sac-interamerica-recompense-des-communicateurs-pour-leur-travail-remarquable\/","og_site_name":"\u00c9glise Adventiste Du Septieme Jour - Inter Am\u00e9rique Division","article_published_time":"2015-03-10T04:00:00+00:00","og_image":[{"width":300,"height":188,"url":"https:\/\/interamerica.org\/wp-content\/uploads\/2017\/06\/SAC-IAawards300.png","type":"image\/png"}],"author":"Lorenzo Verduzco","twitter_card":"summary_large_image","twitter_misc":{"\u00c9crit par":"Lorenzo Verduzco","Dur\u00e9e de lecture estim\u00e9e":"3 minutes"},"schema":{"@context":"https:\/\/schema.org","@graph":[{"@type":"Article","@id":"https:\/\/interamerica.org\/fr\/2015\/03\/sac-interamerica-recompense-des-communicateurs-pour-leur-travail-remarquable\/#article","isPartOf":{"@id":"https:\/\/interamerica.org\/fr\/2015\/03\/sac-interamerica-recompense-des-communicateurs-pour-leur-travail-remarquable\/"},"author":{"name":"Lorenzo Verduzco","@id":"https:\/\/interamerica.org\/fr\/#\/schema\/person\/68ede8bdc292885bb76c1e3810e73c39"},"headline":"SAC Interam\u00e9rica r\u00e9compense des communicateurs pour leur travail remarquable","datePublished":"2015-03-10T04:00:00+00:00","mainEntityOfPage":{"@id":"https:\/\/interamerica.org\/fr\/2015\/03\/sac-interamerica-recompense-des-communicateurs-pour-leur-travail-remarquable\/"},"wordCount":519,"image":{"@id":"https:\/\/interamerica.org\/fr\/2015\/03\/sac-interamerica-recompense-des-communicateurs-pour-leur-travail-remarquable\/#primaryimage"},"thumbnailUrl":"https:\/\/interamerica.org\/wp-content\/uploads\/2017\/06\/SAC-IAawards300.png","articleSection":["Nouvelles du si\u00e8ge de la division","RSS Fran\u00e7ais"],"inLanguage":"fr-FR"},{"@type":"WebPage","@id":"https:\/\/interamerica.org\/fr\/2015\/03\/sac-interamerica-recompense-des-communicateurs-pour-leur-travail-remarquable\/","url":"https:\/\/interamerica.org\/fr\/2015\/03\/sac-interamerica-recompense-des-communicateurs-pour-leur-travail-remarquable\/","name":"SAC Interam\u00e9rica r\u00e9compense des communicateurs pour leur travail remarquable - \u00c9glise Adventiste Du Septieme Jour - Inter Am\u00e9rique Division","isPartOf":{"@id":"https:\/\/interamerica.org\/fr\/#website"},"primaryImageOfPage":{"@id":"https:\/\/interamerica.org\/fr\/2015\/03\/sac-interamerica-recompense-des-communicateurs-pour-leur-travail-remarquable\/#primaryimage"},"image":{"@id":"https:\/\/interamerica.org\/fr\/2015\/03\/sac-interamerica-recompense-des-communicateurs-pour-leur-travail-remarquable\/#primaryimage"},"thumbnailUrl":"https:\/\/interamerica.org\/wp-content\/uploads\/2017\/06\/SAC-IAawards300.png","datePublished":"2015-03-10T04:00:00+00:00","author":{"@id":"https:\/\/interamerica.org\/fr\/#\/schema\/person\/68ede8bdc292885bb76c1e3810e73c39"},"breadcrumb":{"@id":"https:\/\/interamerica.org\/fr\/2015\/03\/sac-interamerica-recompense-des-communicateurs-pour-leur-travail-remarquable\/#breadcrumb"},"inLanguage":"fr-FR","potentialAction":[{"@type":"ReadAction","target":["https:\/\/interamerica.org\/fr\/2015\/03\/sac-interamerica-recompense-des-communicateurs-pour-leur-travail-remarquable\/"]}]},{"@type":"ImageObject","inLanguage":"fr-FR","@id":"https:\/\/interamerica.org\/fr\/2015\/03\/sac-interamerica-recompense-des-communicateurs-pour-leur-travail-remarquable\/#primaryimage","url":"https:\/\/interamerica.org\/wp-content\/uploads\/2017\/06\/SAC-IAawards300.png","contentUrl":"https:\/\/interamerica.org\/wp-content\/uploads\/2017\/06\/SAC-IAawards300.png","width":300,"height":188},{"@type":"BreadcrumbList","@id":"https:\/\/interamerica.org\/fr\/2015\/03\/sac-interamerica-recompense-des-communicateurs-pour-leur-travail-remarquable\/#breadcrumb","itemListElement":[{"@type":"ListItem","position":1,"name":"Home","item":"https:\/\/interamerica.org\/fr\/"},{"@type":"ListItem","position":2,"name":"SAC Interam\u00e9rica r\u00e9compense des communicateurs pour leur travail remarquable"}]},{"@type":"WebSite","@id":"https:\/\/interamerica.org\/fr\/#website","url":"https:\/\/interamerica.org\/fr\/","name":"\u00c9glise Adventiste Du Septieme Jour - Inter Am\u00e9rique Division","description":"","potentialAction":[{"@type":"SearchAction","target":{"@type":"EntryPoint","urlTemplate":"https:\/\/interamerica.org\/fr\/?s={search_term_string}"},"query-input":{"@type":"PropertyValueSpecification","valueRequired":true,"valueName":"search_term_string"}}],"inLanguage":"fr-FR"},{"@type":"Person","@id":"https:\/\/interamerica.org\/fr\/#\/schema\/person\/68ede8bdc292885bb76c1e3810e73c39","name":"Lorenzo Verduzco","image":{"@type":"ImageObject","inLanguage":"fr-FR","@id":"https:\/\/secure.gravatar.com\/avatar\/fb81a55b6218459490a9c1dc841a34909185b81904c5337b4b27f7a6fd60c49e?s=96&d=mm&r=g","url":"https:\/\/secure.gravatar.com\/avatar\/fb81a55b6218459490a9c1dc841a34909185b81904c5337b4b27f7a6fd60c49e?s=96&d=mm&r=g","contentUrl":"https:\/\/secure.gravatar.com\/avatar\/fb81a55b6218459490a9c1dc841a34909185b81904c5337b4b27f7a6fd60c49e?s=96&d=mm&r=g","caption":"Lorenzo Verduzco"}}]}},"_links":{"self":[{"href":"https:\/\/interamerica.org\/fr\/wp-json\/wp\/v2\/posts\/32188","targetHints":{"allow":["GET"]}}],"collection":[{"href":"https:\/\/interamerica.org\/fr\/wp-json\/wp\/v2\/posts"}],"about":[{"href":"https:\/\/interamerica.org\/fr\/wp-json\/wp\/v2\/types\/post"}],"author":[{"embeddable":true,"href":"https:\/\/interamerica.org\/fr\/wp-json\/wp\/v2\/users\/1"}],"replies":[{"embeddable":true,"href":"https:\/\/interamerica.org\/fr\/wp-json\/wp\/v2\/comments?post=32188"}],"version-history":[{"count":0,"href":"https:\/\/interamerica.org\/fr\/wp-json\/wp\/v2\/posts\/32188\/revisions"}],"wp:featuredmedia":[{"embeddable":true,"href":"https:\/\/interamerica.org\/fr\/wp-json\/wp\/v2\/media\/24557"}],"wp:attachment":[{"href":"https:\/\/interamerica.org\/fr\/wp-json\/wp\/v2\/media?parent=32188"}],"wp:term":[{"taxonomy":"category","embeddable":true,"href":"https:\/\/interamerica.org\/fr\/wp-json\/wp\/v2\/categories?post=32188"},{"taxonomy":"post_tag","embeddable":true,"href":"https:\/\/interamerica.org\/fr\/wp-json\/wp\/v2\/tags?post=32188"}],"curies":[{"name":"wp","href":"https:\/\/api.w.org\/{rel}","templated":true}]}}