{"id":32190,"date":"2015-03-10T00:00:00","date_gmt":"2015-03-10T04:00:00","guid":{"rendered":"http:\/\/192.81.217.108\/interamerica\/2015\/03\/les-adventistes-de-la-jamaique-tiennent-une-campagne-devangelisation-dans-un-bar\/"},"modified":"2015-03-10T00:00:00","modified_gmt":"2015-03-10T04:00:00","slug":"les-adventistes-de-la-jamaique-tiennent-une-campagne-devangelisation-dans-un-bar","status":"publish","type":"post","link":"https:\/\/interamerica.org\/fr\/2015\/03\/les-adventistes-de-la-jamaique-tiennent-une-campagne-devangelisation-dans-un-bar\/","title":{"rendered":"Les Adventistes de la Jama\u00efque tiennent une campagne d\u2019\u00e9vang\u00e9lisation dans un bar"},"content":{"rendered":"<div id=\"attachment_15528\" style=\"width: 610px\" class=\"wp-caption aligncenter\"><a href=\"\/interamerica\/wp-content\/uploads\/2017\/06\/JAMU-outsideBar600.png\" rel=\"fancybox\" title=\"Les Adventistes de la Jama\u00efque tiennent une campagne d\u2019\u00e9vang\u00e9lisation dans un bar\"><img fetchpriority=\"high\" decoding=\"async\" aria-describedby=\"caption-attachment-15528\" class=\"size-full wp-image-15528 \" src=\"\/interamerica\/wp-content\/uploads\/2017\/06\/JAMU-outsideBar600.png\" alt=\"\" width=\"600\" height=\"402\" \/><\/a><p id=\"caption-attachment-15528\" class=\"wp-caption-text\">Il y avait foule lors du sermon du dernier sabbat dans un bar du Nord-ouest de la Jama\u00efque Image de Dyhann Buddoo-Fletcher\/DIA<\/p><\/div>\n<p>10 Mars 2015 \u2013 Trelawny, Jama\u00efque \u2013 Dyhann Buddoo-Fletcher\/DIA\/Adventist Review<\/p>\n<p>Beaucoup de Chr\u00e9tiens ne voudraient pas mourir dans un bar. Mais un groupe d\u2019Adventistes jama\u00efcains ont pass\u00e9 quatre semaines dans un bar \u2013 pas en train de boire ou de fumer, ou de danser mais plut\u00f4t dans la louange au Seigneur.<\/p>\n<p>L\u2019\u00e9glise Adventiste de Duncans a organis\u00e9 une campagne d\u2019\u00e9vang\u00e9lisation dans le bar de Logwood Walk Community apr\u00e8s avoir longtemps cherch\u00e9 un lieu appropri\u00e9 pour la tenue des rencontres dans la r\u00e9gion du nord-ouest rural de la Jama\u00efque.<\/p>\n<p>Douze personnes ont \u00e9t\u00e9 baptis\u00e9es suite \u00e0 ces rencontres qui ont eu lieu pendant un mois.<\/p>\n<div id=\"attachment_15530\" style=\"width: 223px\" class=\"wp-caption alignright\"><a href=\"\/interamerica\/wp-content\/uploads\/2017\/06\/JAMU-baptism.png\" rel=\"fancybox\" title=\"Les Adventistes de la Jama\u00efque tiennent une campagne d\u2019\u00e9vang\u00e9lisation dans un bar\"><img decoding=\"async\" aria-describedby=\"caption-attachment-15530\" class=\"size-full wp-image-15530\" src=\"\/interamerica\/wp-content\/uploads\/2017\/06\/JAMU-baptism.png\" alt=\"\" width=\"213\" height=\"318\" \/><\/a><p id=\"caption-attachment-15530\" class=\"wp-caption-text\">Pasteur Thomas se pr\u00e9parant \u00e0 baptiser Raxane Faulder dans une piscine construite par les membres d\u2019\u00e9glise avec du bois et une b\u00e2che servant de rev\u00eatement.<\/p><\/div>\n<p>\u00ab Vous avez entendu parler des campagnes sous chapiteau, vous avez entendu parler de campagnes dans des \u00e9glises, mais c\u2019est la premi\u00e8re fois que certains d\u2019entre vous entendent parler d\u2019une campagne organis\u00e9e dans un bar, \u00bb a dit lors de son sermon de sabbat, Thomas Tavaughn, le pasteur de district qui a conduit les rencontres.<\/p>\n<p>Pasteur Thomas a indiqu\u00e9 qu\u2019il esp\u00e9rait tenir les r\u00e9unions dans la ville voisine de Spice Hill mais que les plans n\u2019avaient pu se r\u00e9aliser.<\/p>\n<p>\u00ab Dieu avait d\u2019autres plans pour nous, et nous sommes ici \u00e0 Logwood Community parce qu\u2019il y a beaucoup d\u2019oiseaux bless\u00e9s qui ont besoin de J\u00e9sus maintenant, \u00bb a t-il dit.<\/p>\n<p>L\u2019\u00e9glise Adventiste de Duncans qui compte 236 membres, adh\u00e8re \u00e0 la totalit\u00e9 des croyances de l\u2019Eglise Adventiste du Septi\u00e8me Jour, y compris l\u2019opposition de la d\u00e9nomination \u00e0 la consommation d\u2019alcool. L\u2019ancien d\u2019\u00e9glise Randall Duncan a dit qu\u2019il n\u2019\u00e9tait tout simplement pas facile de trouver un endroit ad\u00e9quat pour tenir une r\u00e9union avec une assistance d\u2019une taille raisonnable.<\/p>\n<p>\u00ab Je suis venu dans la communaut\u00e9 pour rechercher un lieu, et nous avons trouv\u00e9 ce bar, \u00bb a t-il expliqu\u00e9.<\/p>\n<p>Le bar \u00e9tait ferm\u00e9 de mani\u00e8re provisoire vu que son propri\u00e9taire \u00e9tait dans le processus de renouvellement de sa demande de licence pour vente d\u2019alcool.<\/p>\n<p>Randall Duncan a pu retrouver le propri\u00e9taire, lu a demand\u00e9 de lui ouvrir le bar pour qu\u2019il puisse l\u2019inspecter, et est parvenu \u00e0 un accord pour louer l\u2019\u00e9tablissement au d\u00e9but du mois de janvier.<\/p>\n<p>\u00ab Cela se passe trois semaines avant le d\u00e9but de la campagne, \u00bb a t-il dit.<\/p>\n<p>Mais ensuite le propri\u00e9taire du bar a disparu. Randall Duncan ne pouvait le trouver nulle part et il ne disposait d\u2019aucun num\u00e9ro de t\u00e9l\u00e9phone permettant de le joindre. Comme c\u2019est la coutume dans la r\u00e9gion, les deux parties n\u2019avaient pas partag\u00e9 leurs coordonn\u00e9es lorsqu\u2019ils s\u2019\u00e9taient mis d\u2019accord sur la location.<\/p>\n<p>L\u2019\u00e9glise a d\u00e9cid\u00e9 d\u2019aller de l\u2019avant avec la promotion du programme indiquant m\u00eame l\u2019adresse du bar comme lieu o\u00f9 se tiendraient les rencontres. Un jour avant le d\u00e9but de la campagne d\u2019\u00e9vang\u00e9lisation, l\u2019\u00e9pouse de Randall Duncan tombe sur le num\u00e9ro de t\u00e9l\u00e9phone du propri\u00e9taire sur une pancarte nouvellement plac\u00e9e sur une fen\u00eatre du bar.<\/p>\n<p>On conna\u00eet la suite de l\u2019histoire. Chaque soir, une foule importante remplissait le bar pour assister \u00e0 la campagne d\u2019\u00e9vang\u00e9lisation tenue par pasteur Thomas : Campagne d\u2019Evang\u00e9lisation la Pure V\u00e9rit\u00e9, \u00bb et les retardataires ont du rester debout lors du dernier sermon de sabbat le 28 f\u00e9vrier.<\/p>\n<div id=\"attachment_15531\" style=\"width: 310px\" class=\"wp-caption alignleft\"><a href=\"\/interamerica\/wp-content\/uploads\/2017\/06\/Jamu-barcampaign.png\" rel=\"fancybox\" title=\"Les Adventistes de la Jama\u00efque tiennent une campagne d\u2019\u00e9vang\u00e9lisation dans un bar\"><img decoding=\"async\" aria-describedby=\"caption-attachment-15531\" class=\"size-full wp-image-15531\" src=\"\/interamerica\/wp-content\/uploads\/2017\/06\/Jamu-barcampaign.png\" alt=\"\" width=\"300\" height=\"201\" \/><\/a><p id=\"caption-attachment-15531\" class=\"wp-caption-text\">Deux fr\u00e8res de l\u2019\u00e9glise Adventiste de Clark\u2019s Town, Randall Duncan, \u00e0 gauche, et Allan Gordon qui montre les bouteilles de liqueur vides qui \u00e9taient encore stock\u00e9es derri\u00e8re le comptoir du bar. Jo\u00ebl Duncan observe juste derri\u00e8re.<\/p><\/div>\n<p>\u00ab Je sais que quelques uns d\u2019entre vous sont ici, mais pas pour voir un pr\u00e9dicateur, \u00bb a dit pasteur Thomas pendant le sermon. Vous \u00eates ici non pour voir ce qui se passe dans un bar, un endroit o\u00f9 on sert en g\u00e9n\u00e9ral de l\u2019alcool, du Brandy, du Smirnoff Ice et des cigarettes, un endroit o\u00f9 les gens jouent au billard, utilisent des jurons. Vous n\u2019\u00eates pas ici pour assister \u00e0 la transformation de ce lieu. \u00bb<\/p>\n<p>\u00ab Vous \u00eates ici pour voir J\u00e9sus ! \u00bb a t-il dit sous les \u00ab amen \u00bb et \u00ab all\u00e9luia \u00bb venus de l\u2019assistance.<\/p>\n<p>Alors qu\u2019il parlait, un homme est entr\u00e9 dans la salle une bouteille de bi\u00e8re \u00e0 la main. Il s\u2019est approch\u00e9 de pasteur Thomas et l\u2019a salu\u00e9 en cognant ses poings contre les siens comme pour approuver son message.<\/p>\n<p>Roy Dergeant, 73 ans, buvait tout ce qui se disait. Il a dit que le lieu o\u00f9 se tenait la campagne ne le d\u00e9rangeait pas et qu\u2019il \u00e9tait simplement heureux d\u2019\u00eatre baptis\u00e9 apr\u00e8s avoir subi trois op\u00e9rations et eu un terrible accident de voiture.<\/p>\n<p>Je suis parvenu \u00e0 la conclusion qu\u2019il me fallait donner ma vie \u00e0 J\u00e9sus parce qu\u2019Il m\u2019a sauv\u00e9 pendant toutes ces ann\u00e9es et je le loue, \u00bb a dit Roy Sergeant.<\/p>\n<p>Ce n\u2019est pas la premi\u00e8re fois que l\u2019\u00e9glise de Duncans tient une campagne dans un lieu inhabituel. Il y a plusieurs ann\u00e9es de cela, la campagne d\u2019\u00e9vang\u00e9lisation s\u2019\u00e9tait tenue dans un dancing.<\/p>\n<p>\u00ab \u00c7a montre \u00e0 quel point nous prenons au s\u00e9rieux la question du gain des \u00e2mes, \u00bb a dit pasteur Thomas.<\/p>\n<p>Traduction: Patrick Luciathe<\/p>\n","protected":false},"excerpt":{"rendered":"<p>Beaucoup de Chr\u00e9tiens ne voudraient pas mourir dans un bar. Mais un groupe d\u2019Adventistes jama\u00efcains ont pass\u00e9 quatre semaines dans un bar \u2013 pas en train de boire ou de fumer, ou de danser mais plut\u00f4t dans la louange au Seigneur.  <\/p>\n<p>L\u2019\u00e9glise Adventiste de Duncans a organis\u00e9 une campagne d\u2019\u00e9vang\u00e9lisation dans le bar de Logwood Walk Community apr\u00e8s avoir longtemps cherch\u00e9 un lieu appropri\u00e9 pour la tenue des rencontres dans la r\u00e9gion du nord-ouest rural de la Jama\u00efque.<\/p>\n","protected":false},"author":1,"featured_media":24593,"comment_status":"closed","ping_status":"closed","sticky":false,"template":"","format":"standard","meta":{"_acf_changed":false,"footnotes":""},"categories":[21,19],"tags":[],"class_list":["post-32190","post","type-post","status-publish","format-standard","has-post-thumbnail","hentry","category-nouvelles-du-territoire","category-rss-francais"],"acf":[],"yoast_head":"<!-- This site is optimized with the Yoast SEO plugin v27.3 - https:\/\/yoast.com\/product\/yoast-seo-wordpress\/ -->\n<title>Les Adventistes de la Jama\u00efque tiennent une campagne d\u2019\u00e9vang\u00e9lisation dans un bar - \u00c9glise Adventiste Du Septieme Jour - Inter Am\u00e9rique Division<\/title>\n<meta name=\"robots\" content=\"index, follow, max-snippet:-1, max-image-preview:large, max-video-preview:-1\" \/>\n<link rel=\"canonical\" href=\"https:\/\/interamerica.org\/fr\/2015\/03\/les-adventistes-de-la-jamaique-tiennent-une-campagne-devangelisation-dans-un-bar\/\" \/>\n<meta property=\"og:locale\" content=\"fr_FR\" \/>\n<meta property=\"og:type\" content=\"article\" \/>\n<meta property=\"og:title\" content=\"Les Adventistes de la Jama\u00efque tiennent une campagne d\u2019\u00e9vang\u00e9lisation dans un bar - \u00c9glise Adventiste Du Septieme Jour - Inter Am\u00e9rique Division\" \/>\n<meta property=\"og:description\" content=\"Beaucoup de Chr\u00e9tiens ne voudraient pas mourir dans un bar. Mais un groupe d\u2019Adventistes jama\u00efcains ont pass\u00e9 quatre semaines dans un bar \u2013 pas en train de boire ou de fumer, ou de danser mais plut\u00f4t dans la louange au Seigneur.  L\u2019\u00e9glise Adventiste de Duncans a organis\u00e9 une campagne d\u2019\u00e9vang\u00e9lisation dans le bar de Logwood Walk Community apr\u00e8s avoir longtemps cherch\u00e9 un lieu appropri\u00e9 pour la tenue des rencontres dans la r\u00e9gion du nord-ouest rural de la Jama\u00efque.\" \/>\n<meta property=\"og:url\" content=\"https:\/\/interamerica.org\/fr\/2015\/03\/les-adventistes-de-la-jamaique-tiennent-une-campagne-devangelisation-dans-un-bar\/\" \/>\n<meta property=\"og:site_name\" content=\"\u00c9glise Adventiste Du Septieme Jour - Inter Am\u00e9rique Division\" \/>\n<meta property=\"article:published_time\" content=\"2015-03-10T04:00:00+00:00\" \/>\n<meta property=\"og:image\" content=\"https:\/\/interamerica.org\/wp-content\/uploads\/2017\/06\/JAMU-outsideBar600.png\" \/>\n\t<meta property=\"og:image:width\" content=\"600\" \/>\n\t<meta property=\"og:image:height\" content=\"402\" \/>\n\t<meta property=\"og:image:type\" content=\"image\/png\" \/>\n<meta name=\"author\" content=\"Lorenzo Verduzco\" \/>\n<meta name=\"twitter:card\" content=\"summary_large_image\" \/>\n<meta name=\"twitter:label1\" content=\"\u00c9crit par\" \/>\n\t<meta name=\"twitter:data1\" content=\"Lorenzo Verduzco\" \/>\n\t<meta name=\"twitter:label2\" content=\"Dur\u00e9e de lecture estim\u00e9e\" \/>\n\t<meta name=\"twitter:data2\" content=\"5 minutes\" \/>\n<script type=\"application\/ld+json\" class=\"yoast-schema-graph\">{\"@context\":\"https:\\\/\\\/schema.org\",\"@graph\":[{\"@type\":\"Article\",\"@id\":\"https:\\\/\\\/interamerica.org\\\/fr\\\/2015\\\/03\\\/les-adventistes-de-la-jamaique-tiennent-une-campagne-devangelisation-dans-un-bar\\\/#article\",\"isPartOf\":{\"@id\":\"https:\\\/\\\/interamerica.org\\\/fr\\\/2015\\\/03\\\/les-adventistes-de-la-jamaique-tiennent-une-campagne-devangelisation-dans-un-bar\\\/\"},\"author\":{\"name\":\"Lorenzo Verduzco\",\"@id\":\"https:\\\/\\\/interamerica.org\\\/fr\\\/#\\\/schema\\\/person\\\/68ede8bdc292885bb76c1e3810e73c39\"},\"headline\":\"Les Adventistes de la Jama\u00efque tiennent une campagne d\u2019\u00e9vang\u00e9lisation dans un bar\",\"datePublished\":\"2015-03-10T04:00:00+00:00\",\"mainEntityOfPage\":{\"@id\":\"https:\\\/\\\/interamerica.org\\\/fr\\\/2015\\\/03\\\/les-adventistes-de-la-jamaique-tiennent-une-campagne-devangelisation-dans-un-bar\\\/\"},\"wordCount\":996,\"image\":{\"@id\":\"https:\\\/\\\/interamerica.org\\\/fr\\\/2015\\\/03\\\/les-adventistes-de-la-jamaique-tiennent-une-campagne-devangelisation-dans-un-bar\\\/#primaryimage\"},\"thumbnailUrl\":\"https:\\\/\\\/interamerica.org\\\/wp-content\\\/uploads\\\/2017\\\/06\\\/JAMU-outsideBar600.png\",\"articleSection\":[\"Nouvelles du territoire\",\"RSS Fran\u00e7ais\"],\"inLanguage\":\"fr-FR\"},{\"@type\":\"WebPage\",\"@id\":\"https:\\\/\\\/interamerica.org\\\/fr\\\/2015\\\/03\\\/les-adventistes-de-la-jamaique-tiennent-une-campagne-devangelisation-dans-un-bar\\\/\",\"url\":\"https:\\\/\\\/interamerica.org\\\/fr\\\/2015\\\/03\\\/les-adventistes-de-la-jamaique-tiennent-une-campagne-devangelisation-dans-un-bar\\\/\",\"name\":\"Les Adventistes de la Jama\u00efque tiennent une campagne d\u2019\u00e9vang\u00e9lisation dans un bar - \u00c9glise Adventiste Du Septieme Jour - Inter Am\u00e9rique Division\",\"isPartOf\":{\"@id\":\"https:\\\/\\\/interamerica.org\\\/fr\\\/#website\"},\"primaryImageOfPage\":{\"@id\":\"https:\\\/\\\/interamerica.org\\\/fr\\\/2015\\\/03\\\/les-adventistes-de-la-jamaique-tiennent-une-campagne-devangelisation-dans-un-bar\\\/#primaryimage\"},\"image\":{\"@id\":\"https:\\\/\\\/interamerica.org\\\/fr\\\/2015\\\/03\\\/les-adventistes-de-la-jamaique-tiennent-une-campagne-devangelisation-dans-un-bar\\\/#primaryimage\"},\"thumbnailUrl\":\"https:\\\/\\\/interamerica.org\\\/wp-content\\\/uploads\\\/2017\\\/06\\\/JAMU-outsideBar600.png\",\"datePublished\":\"2015-03-10T04:00:00+00:00\",\"author\":{\"@id\":\"https:\\\/\\\/interamerica.org\\\/fr\\\/#\\\/schema\\\/person\\\/68ede8bdc292885bb76c1e3810e73c39\"},\"breadcrumb\":{\"@id\":\"https:\\\/\\\/interamerica.org\\\/fr\\\/2015\\\/03\\\/les-adventistes-de-la-jamaique-tiennent-une-campagne-devangelisation-dans-un-bar\\\/#breadcrumb\"},\"inLanguage\":\"fr-FR\",\"potentialAction\":[{\"@type\":\"ReadAction\",\"target\":[\"https:\\\/\\\/interamerica.org\\\/fr\\\/2015\\\/03\\\/les-adventistes-de-la-jamaique-tiennent-une-campagne-devangelisation-dans-un-bar\\\/\"]}]},{\"@type\":\"ImageObject\",\"inLanguage\":\"fr-FR\",\"@id\":\"https:\\\/\\\/interamerica.org\\\/fr\\\/2015\\\/03\\\/les-adventistes-de-la-jamaique-tiennent-une-campagne-devangelisation-dans-un-bar\\\/#primaryimage\",\"url\":\"https:\\\/\\\/interamerica.org\\\/wp-content\\\/uploads\\\/2017\\\/06\\\/JAMU-outsideBar600.png\",\"contentUrl\":\"https:\\\/\\\/interamerica.org\\\/wp-content\\\/uploads\\\/2017\\\/06\\\/JAMU-outsideBar600.png\",\"width\":600,\"height\":402},{\"@type\":\"BreadcrumbList\",\"@id\":\"https:\\\/\\\/interamerica.org\\\/fr\\\/2015\\\/03\\\/les-adventistes-de-la-jamaique-tiennent-une-campagne-devangelisation-dans-un-bar\\\/#breadcrumb\",\"itemListElement\":[{\"@type\":\"ListItem\",\"position\":1,\"name\":\"Home\",\"item\":\"https:\\\/\\\/interamerica.org\\\/fr\\\/\"},{\"@type\":\"ListItem\",\"position\":2,\"name\":\"Les Adventistes de la Jama\u00efque tiennent une campagne d\u2019\u00e9vang\u00e9lisation dans un bar\"}]},{\"@type\":\"WebSite\",\"@id\":\"https:\\\/\\\/interamerica.org\\\/fr\\\/#website\",\"url\":\"https:\\\/\\\/interamerica.org\\\/fr\\\/\",\"name\":\"\u00c9glise Adventiste Du Septieme Jour - Inter Am\u00e9rique Division\",\"description\":\"\",\"potentialAction\":[{\"@type\":\"SearchAction\",\"target\":{\"@type\":\"EntryPoint\",\"urlTemplate\":\"https:\\\/\\\/interamerica.org\\\/fr\\\/?s={search_term_string}\"},\"query-input\":{\"@type\":\"PropertyValueSpecification\",\"valueRequired\":true,\"valueName\":\"search_term_string\"}}],\"inLanguage\":\"fr-FR\"},{\"@type\":\"Person\",\"@id\":\"https:\\\/\\\/interamerica.org\\\/fr\\\/#\\\/schema\\\/person\\\/68ede8bdc292885bb76c1e3810e73c39\",\"name\":\"Lorenzo Verduzco\",\"image\":{\"@type\":\"ImageObject\",\"inLanguage\":\"fr-FR\",\"@id\":\"https:\\\/\\\/secure.gravatar.com\\\/avatar\\\/fb81a55b6218459490a9c1dc841a34909185b81904c5337b4b27f7a6fd60c49e?s=96&d=mm&r=g\",\"url\":\"https:\\\/\\\/secure.gravatar.com\\\/avatar\\\/fb81a55b6218459490a9c1dc841a34909185b81904c5337b4b27f7a6fd60c49e?s=96&d=mm&r=g\",\"contentUrl\":\"https:\\\/\\\/secure.gravatar.com\\\/avatar\\\/fb81a55b6218459490a9c1dc841a34909185b81904c5337b4b27f7a6fd60c49e?s=96&d=mm&r=g\",\"caption\":\"Lorenzo Verduzco\"}}]}<\/script>\n<!-- \/ Yoast SEO plugin. -->","yoast_head_json":{"title":"Les Adventistes de la Jama\u00efque tiennent une campagne d\u2019\u00e9vang\u00e9lisation dans un bar - \u00c9glise Adventiste Du Septieme Jour - Inter Am\u00e9rique Division","robots":{"index":"index","follow":"follow","max-snippet":"max-snippet:-1","max-image-preview":"max-image-preview:large","max-video-preview":"max-video-preview:-1"},"canonical":"https:\/\/interamerica.org\/fr\/2015\/03\/les-adventistes-de-la-jamaique-tiennent-une-campagne-devangelisation-dans-un-bar\/","og_locale":"fr_FR","og_type":"article","og_title":"Les Adventistes de la Jama\u00efque tiennent une campagne d\u2019\u00e9vang\u00e9lisation dans un bar - \u00c9glise Adventiste Du Septieme Jour - Inter Am\u00e9rique Division","og_description":"Beaucoup de Chr\u00e9tiens ne voudraient pas mourir dans un bar. Mais un groupe d\u2019Adventistes jama\u00efcains ont pass\u00e9 quatre semaines dans un bar \u2013 pas en train de boire ou de fumer, ou de danser mais plut\u00f4t dans la louange au Seigneur.  L\u2019\u00e9glise Adventiste de Duncans a organis\u00e9 une campagne d\u2019\u00e9vang\u00e9lisation dans le bar de Logwood Walk Community apr\u00e8s avoir longtemps cherch\u00e9 un lieu appropri\u00e9 pour la tenue des rencontres dans la r\u00e9gion du nord-ouest rural de la Jama\u00efque.","og_url":"https:\/\/interamerica.org\/fr\/2015\/03\/les-adventistes-de-la-jamaique-tiennent-une-campagne-devangelisation-dans-un-bar\/","og_site_name":"\u00c9glise Adventiste Du Septieme Jour - Inter Am\u00e9rique Division","article_published_time":"2015-03-10T04:00:00+00:00","og_image":[{"width":600,"height":402,"url":"https:\/\/interamerica.org\/wp-content\/uploads\/2017\/06\/JAMU-outsideBar600.png","type":"image\/png"}],"author":"Lorenzo Verduzco","twitter_card":"summary_large_image","twitter_misc":{"\u00c9crit par":"Lorenzo Verduzco","Dur\u00e9e de lecture estim\u00e9e":"5 minutes"},"schema":{"@context":"https:\/\/schema.org","@graph":[{"@type":"Article","@id":"https:\/\/interamerica.org\/fr\/2015\/03\/les-adventistes-de-la-jamaique-tiennent-une-campagne-devangelisation-dans-un-bar\/#article","isPartOf":{"@id":"https:\/\/interamerica.org\/fr\/2015\/03\/les-adventistes-de-la-jamaique-tiennent-une-campagne-devangelisation-dans-un-bar\/"},"author":{"name":"Lorenzo Verduzco","@id":"https:\/\/interamerica.org\/fr\/#\/schema\/person\/68ede8bdc292885bb76c1e3810e73c39"},"headline":"Les Adventistes de la Jama\u00efque tiennent une campagne d\u2019\u00e9vang\u00e9lisation dans un bar","datePublished":"2015-03-10T04:00:00+00:00","mainEntityOfPage":{"@id":"https:\/\/interamerica.org\/fr\/2015\/03\/les-adventistes-de-la-jamaique-tiennent-une-campagne-devangelisation-dans-un-bar\/"},"wordCount":996,"image":{"@id":"https:\/\/interamerica.org\/fr\/2015\/03\/les-adventistes-de-la-jamaique-tiennent-une-campagne-devangelisation-dans-un-bar\/#primaryimage"},"thumbnailUrl":"https:\/\/interamerica.org\/wp-content\/uploads\/2017\/06\/JAMU-outsideBar600.png","articleSection":["Nouvelles du territoire","RSS Fran\u00e7ais"],"inLanguage":"fr-FR"},{"@type":"WebPage","@id":"https:\/\/interamerica.org\/fr\/2015\/03\/les-adventistes-de-la-jamaique-tiennent-une-campagne-devangelisation-dans-un-bar\/","url":"https:\/\/interamerica.org\/fr\/2015\/03\/les-adventistes-de-la-jamaique-tiennent-une-campagne-devangelisation-dans-un-bar\/","name":"Les Adventistes de la Jama\u00efque tiennent une campagne d\u2019\u00e9vang\u00e9lisation dans un bar - \u00c9glise Adventiste Du Septieme Jour - Inter Am\u00e9rique Division","isPartOf":{"@id":"https:\/\/interamerica.org\/fr\/#website"},"primaryImageOfPage":{"@id":"https:\/\/interamerica.org\/fr\/2015\/03\/les-adventistes-de-la-jamaique-tiennent-une-campagne-devangelisation-dans-un-bar\/#primaryimage"},"image":{"@id":"https:\/\/interamerica.org\/fr\/2015\/03\/les-adventistes-de-la-jamaique-tiennent-une-campagne-devangelisation-dans-un-bar\/#primaryimage"},"thumbnailUrl":"https:\/\/interamerica.org\/wp-content\/uploads\/2017\/06\/JAMU-outsideBar600.png","datePublished":"2015-03-10T04:00:00+00:00","author":{"@id":"https:\/\/interamerica.org\/fr\/#\/schema\/person\/68ede8bdc292885bb76c1e3810e73c39"},"breadcrumb":{"@id":"https:\/\/interamerica.org\/fr\/2015\/03\/les-adventistes-de-la-jamaique-tiennent-une-campagne-devangelisation-dans-un-bar\/#breadcrumb"},"inLanguage":"fr-FR","potentialAction":[{"@type":"ReadAction","target":["https:\/\/interamerica.org\/fr\/2015\/03\/les-adventistes-de-la-jamaique-tiennent-une-campagne-devangelisation-dans-un-bar\/"]}]},{"@type":"ImageObject","inLanguage":"fr-FR","@id":"https:\/\/interamerica.org\/fr\/2015\/03\/les-adventistes-de-la-jamaique-tiennent-une-campagne-devangelisation-dans-un-bar\/#primaryimage","url":"https:\/\/interamerica.org\/wp-content\/uploads\/2017\/06\/JAMU-outsideBar600.png","contentUrl":"https:\/\/interamerica.org\/wp-content\/uploads\/2017\/06\/JAMU-outsideBar600.png","width":600,"height":402},{"@type":"BreadcrumbList","@id":"https:\/\/interamerica.org\/fr\/2015\/03\/les-adventistes-de-la-jamaique-tiennent-une-campagne-devangelisation-dans-un-bar\/#breadcrumb","itemListElement":[{"@type":"ListItem","position":1,"name":"Home","item":"https:\/\/interamerica.org\/fr\/"},{"@type":"ListItem","position":2,"name":"Les Adventistes de la Jama\u00efque tiennent une campagne d\u2019\u00e9vang\u00e9lisation dans un bar"}]},{"@type":"WebSite","@id":"https:\/\/interamerica.org\/fr\/#website","url":"https:\/\/interamerica.org\/fr\/","name":"\u00c9glise Adventiste Du Septieme Jour - Inter Am\u00e9rique Division","description":"","potentialAction":[{"@type":"SearchAction","target":{"@type":"EntryPoint","urlTemplate":"https:\/\/interamerica.org\/fr\/?s={search_term_string}"},"query-input":{"@type":"PropertyValueSpecification","valueRequired":true,"valueName":"search_term_string"}}],"inLanguage":"fr-FR"},{"@type":"Person","@id":"https:\/\/interamerica.org\/fr\/#\/schema\/person\/68ede8bdc292885bb76c1e3810e73c39","name":"Lorenzo Verduzco","image":{"@type":"ImageObject","inLanguage":"fr-FR","@id":"https:\/\/secure.gravatar.com\/avatar\/fb81a55b6218459490a9c1dc841a34909185b81904c5337b4b27f7a6fd60c49e?s=96&d=mm&r=g","url":"https:\/\/secure.gravatar.com\/avatar\/fb81a55b6218459490a9c1dc841a34909185b81904c5337b4b27f7a6fd60c49e?s=96&d=mm&r=g","contentUrl":"https:\/\/secure.gravatar.com\/avatar\/fb81a55b6218459490a9c1dc841a34909185b81904c5337b4b27f7a6fd60c49e?s=96&d=mm&r=g","caption":"Lorenzo Verduzco"}}]}},"_links":{"self":[{"href":"https:\/\/interamerica.org\/fr\/wp-json\/wp\/v2\/posts\/32190","targetHints":{"allow":["GET"]}}],"collection":[{"href":"https:\/\/interamerica.org\/fr\/wp-json\/wp\/v2\/posts"}],"about":[{"href":"https:\/\/interamerica.org\/fr\/wp-json\/wp\/v2\/types\/post"}],"author":[{"embeddable":true,"href":"https:\/\/interamerica.org\/fr\/wp-json\/wp\/v2\/users\/1"}],"replies":[{"embeddable":true,"href":"https:\/\/interamerica.org\/fr\/wp-json\/wp\/v2\/comments?post=32190"}],"version-history":[{"count":0,"href":"https:\/\/interamerica.org\/fr\/wp-json\/wp\/v2\/posts\/32190\/revisions"}],"wp:featuredmedia":[{"embeddable":true,"href":"https:\/\/interamerica.org\/fr\/wp-json\/wp\/v2\/media\/24593"}],"wp:attachment":[{"href":"https:\/\/interamerica.org\/fr\/wp-json\/wp\/v2\/media?parent=32190"}],"wp:term":[{"taxonomy":"category","embeddable":true,"href":"https:\/\/interamerica.org\/fr\/wp-json\/wp\/v2\/categories?post=32190"},{"taxonomy":"post_tag","embeddable":true,"href":"https:\/\/interamerica.org\/fr\/wp-json\/wp\/v2\/tags?post=32190"}],"curies":[{"name":"wp","href":"https:\/\/api.w.org\/{rel}","templated":true}]}}