{"id":32194,"date":"2015-03-11T00:00:00","date_gmt":"2015-03-11T04:00:00","guid":{"rendered":"http:\/\/192.81.217.108\/interamerica\/2015\/03\/les-adventistes-dans-le-nord-de-la-colombie-prient-ensemble-pour-laction-dimpact-qui-doit-bientot-avoir-lieu-dans-toute-la-ville\/"},"modified":"2015-03-11T00:00:00","modified_gmt":"2015-03-11T04:00:00","slug":"les-adventistes-dans-le-nord-de-la-colombie-prient-ensemble-pour-laction-dimpact-qui-doit-bientot-avoir-lieu-dans-toute-la-ville","status":"publish","type":"post","link":"https:\/\/interamerica.org\/fr\/2015\/03\/les-adventistes-dans-le-nord-de-la-colombie-prient-ensemble-pour-laction-dimpact-qui-doit-bientot-avoir-lieu-dans-toute-la-ville\/","title":{"rendered":"Les Adventistes dans le Nord de la Colombie prient ensemble pour l\u2019action d\u2019impact qui doit bient\u00f4t avoir lieu dans toute la ville"},"content":{"rendered":"<p>11 mars 2015 \u2013 Medellin, Colombie &#8211; Shirley Rueda\/DIA<\/p>\n<div id=\"attachment_15573\" style=\"width: 330px\" class=\"wp-caption alignleft\"><a href=\"\/interamerica\/wp-content\/uploads\/2017\/06\/NOCU-prayerballoons.png\" rel=\"fancybox\" title=\"Les Adventistes dans le Nord de la Colombie prient ensemble pour l\u2019action d\u2019impact qui doit bient\u00f4t avoir lieu dans toute la ville\"><img fetchpriority=\"high\" decoding=\"async\" aria-describedby=\"caption-attachment-15573\" class=\" wp-image-15573 \" src=\"\/interamerica\/wp-content\/uploads\/2017\/06\/NOCU-prayerballoons.png\" alt=\"\" width=\"320\" height=\"213\" \/><\/a><p id=\"caption-attachment-15573\" class=\"wp-caption-text\">Les membres d\u2019\u00e9glise prient sur le campus de l\u2019Universit\u00e9 Adventiste de Colombie le 8 mars 2015, pour une action d\u2019impact qui doit bient\u00f4t avoir lieu dans toute la ville de Medellin en Colombie. Image de l\u2019Union Nord Colombienne\/DIA.<\/p><\/div>\n<p>Pr\u00e8s de 1000 Adventistes du Septi\u00e8me Jour se sont rendus sur trois des principales collines qui entourent la ville de Medellin en Colombie le 8 mars, afin de prier et de l\u00e2cher des ballons solaires alors qu\u2019ils se pr\u00e9parent \u00e0 une action d\u2019impact dans toute la ville samedi prochain.<\/p>\n<p>Le projet, baptis\u00e9 \u00ab Un Sourire pour Medellin, \u00bb cherchera \u00e0 apporter des sourires aux habitants de Medellin \u00e0 travers des actes de compassion, des expos sant\u00e9, des visites d\u2019h\u00f4pitaux et de maisons de retraite et bien plus encore.<\/p>\n<p>\u00ab Nous pr\u00e9parons nos c\u0153urs pour le grand impact du 14 mars o\u00f9 nous d\u00e9buterons notre action missionnaire autour de nos \u00e9glises et dans des endroits cl\u00e9s de la ville, \u00bb a dit pasteur Eduardo Anaya, pr\u00e9sident de l\u2019Universit\u00e9 Adventiste de Colombie.<\/p>\n<p>Les membres d\u2019\u00e9glise ont pri\u00e9 pour les autorit\u00e9s gouvernementales au niveau local et national, mais aussi pour les activit\u00e9s pr\u00e9vues dans le cadre de l\u2019action d\u2019impact, pour les personnes les plus vuln\u00e9rables dans la population et aussi pour le r\u00e9veil spirituel.<\/p>\n<p>\u00ab Tout s\u2019est vraiment bien pass\u00e9 jusqu\u2019ici et nous avons \u00e9t\u00e9 remplis du Saint Esprit, \u00bb a dit Ana Silva, une \u00e9tudiante de l\u2019universit\u00e9 Adventiste qui se portera volontaire samedi. \u00ab Nous avons pu toucher Medellin gr\u00e2ce aux pri\u00e8res d\u2019intercession et nous voulons continuer d\u2019amener la lumi\u00e8re dans cette ville, unis, afin que nous puissions avoir un impact sur la vie des nombreuses personnes qui ne connaissent pas J\u00e9sus, \u00bb a t-elle ajout\u00e9.<\/p>\n<div id=\"attachment_15571\" style=\"width: 310px\" class=\"wp-caption alignright\"><a href=\"\/interamerica\/wp-content\/uploads\/2017\/06\/NOCU-balloons3.png\" rel=\"fancybox\" title=\"Les Adventistes dans le Nord de la Colombie prient ensemble pour l\u2019action d\u2019impact qui doit bient\u00f4t avoir lieu dans toute la ville\"><img decoding=\"async\" aria-describedby=\"caption-attachment-15571\" class=\"size-medium wp-image-15571 \" src=\"\/interamerica\/wp-content\/uploads\/2017\/06\/NOCU-balloons3-300x199.png\" alt=\"\" width=\"300\" height=\"199\" \/><\/a><p id=\"caption-attachment-15571\" class=\"wp-caption-text\">Des centaines de personnes se pr\u00e9parent \u00e0 l\u00e2cher leurs ballons solaires.<\/p><\/div>\n<p>Des responsables gouvernementaux se joindront \u00e0 l\u2019\u00e9glise pour une c\u00e9r\u00e9monie sp\u00e9ciale au cours de l\u2019apr\u00e8s midi. Les membres d\u2019\u00e9glise participeront \u00e0 une collecte de sang, \u00e9tabliront des points pri\u00e8re dans la ville, feront des spectacles de marionnettes, donneront des concerts musicaux, des causeries et des visites m\u00e9dicales gratuites, des s\u00e9minaires sur le commerce et bien plus encore, au cours de l\u2019initiative d\u2019impact pour l\u2019ensemble de la ville.<\/p>\n<p>Pour voir plus de photos de l\u2019activit\u00e9, cliquez <a href=\"https:\/\/flic.kr\/s\/aHsk9chH8e\">ICI<\/a><\/p>\n<p>Traduction: Patrick Luciathe<\/p>\n","protected":false},"excerpt":{"rendered":"<p>Pr\u00e8s de 1000 Adventistes du Septi\u00e8me Jour se sont rendus sur trois des principales collines qui entourent la ville de Medellin en Colombie le 8 mars, afin de prier et de l\u00e2cher des ballons solaires alors qu\u2019ils se pr\u00e9parent \u00e0 une action d\u2019impact dans toute la ville samedi prochain.  <\/p>\n<p>Le projet, baptis\u00e9 \u00ab Un Sourire pour Medellin, \u00bb cherchera \u00e0 apporter des sourires aux habitants de Medellin \u00e0 travers des actes de compassion, des expos sant\u00e9, des visites d\u2019h\u00f4pitaux et de maisons de retraite et bien plus encore.<\/p>\n","protected":false},"author":1,"featured_media":24601,"comment_status":"closed","ping_status":"closed","sticky":false,"template":"","format":"standard","meta":{"_acf_changed":false,"footnotes":""},"categories":[21,19],"tags":[],"class_list":["post-32194","post","type-post","status-publish","format-standard","has-post-thumbnail","hentry","category-nouvelles-du-territoire","category-rss-francais"],"acf":[],"yoast_head":"<!-- This site is optimized with the Yoast SEO plugin v27.3 - https:\/\/yoast.com\/product\/yoast-seo-wordpress\/ -->\n<title>Les Adventistes dans le Nord de la Colombie prient ensemble pour l\u2019action d\u2019impact qui doit bient\u00f4t avoir lieu dans toute la ville - \u00c9glise Adventiste Du Septieme Jour - Inter Am\u00e9rique Division<\/title>\n<meta name=\"robots\" content=\"index, follow, max-snippet:-1, max-image-preview:large, max-video-preview:-1\" \/>\n<link rel=\"canonical\" href=\"https:\/\/interamerica.org\/fr\/2015\/03\/les-adventistes-dans-le-nord-de-la-colombie-prient-ensemble-pour-laction-dimpact-qui-doit-bientot-avoir-lieu-dans-toute-la-ville\/\" \/>\n<meta property=\"og:locale\" content=\"fr_FR\" \/>\n<meta property=\"og:type\" content=\"article\" \/>\n<meta property=\"og:title\" content=\"Les Adventistes dans le Nord de la Colombie prient ensemble pour l\u2019action d\u2019impact qui doit bient\u00f4t avoir lieu dans toute la ville - \u00c9glise Adventiste Du Septieme Jour - Inter Am\u00e9rique Division\" \/>\n<meta property=\"og:description\" content=\"Pr\u00e8s de 1000 Adventistes du Septi\u00e8me Jour se sont rendus sur trois des principales collines qui entourent la ville de Medellin en Colombie le 8 mars, afin de prier et de l\u00e2cher des ballons solaires alors qu\u2019ils se pr\u00e9parent \u00e0 une action d\u2019impact dans toute la ville samedi prochain.  Le projet, baptis\u00e9 \u00ab Un Sourire pour Medellin, \u00bb cherchera \u00e0 apporter des sourires aux habitants de Medellin \u00e0 travers des actes de compassion, des expos sant\u00e9, des visites d\u2019h\u00f4pitaux et de maisons de retraite et bien plus encore.\" \/>\n<meta property=\"og:url\" content=\"https:\/\/interamerica.org\/fr\/2015\/03\/les-adventistes-dans-le-nord-de-la-colombie-prient-ensemble-pour-laction-dimpact-qui-doit-bientot-avoir-lieu-dans-toute-la-ville\/\" \/>\n<meta property=\"og:site_name\" content=\"\u00c9glise Adventiste Du Septieme Jour - Inter Am\u00e9rique Division\" \/>\n<meta property=\"article:published_time\" content=\"2015-03-11T04:00:00+00:00\" \/>\n<meta property=\"og:image\" content=\"https:\/\/interamerica.org\/wp-content\/uploads\/2017\/06\/NOCU-prayerballoons.png\" \/>\n\t<meta property=\"og:image:width\" content=\"400\" \/>\n\t<meta property=\"og:image:height\" content=\"266\" \/>\n\t<meta property=\"og:image:type\" content=\"image\/png\" \/>\n<meta name=\"author\" content=\"Lorenzo Verduzco\" \/>\n<meta name=\"twitter:card\" content=\"summary_large_image\" \/>\n<meta name=\"twitter:label1\" content=\"\u00c9crit par\" \/>\n\t<meta name=\"twitter:data1\" content=\"Lorenzo Verduzco\" \/>\n\t<meta name=\"twitter:label2\" content=\"Dur\u00e9e de lecture estim\u00e9e\" \/>\n\t<meta name=\"twitter:data2\" content=\"2 minutes\" \/>\n<script type=\"application\/ld+json\" class=\"yoast-schema-graph\">{\"@context\":\"https:\\\/\\\/schema.org\",\"@graph\":[{\"@type\":\"Article\",\"@id\":\"https:\\\/\\\/interamerica.org\\\/fr\\\/2015\\\/03\\\/les-adventistes-dans-le-nord-de-la-colombie-prient-ensemble-pour-laction-dimpact-qui-doit-bientot-avoir-lieu-dans-toute-la-ville\\\/#article\",\"isPartOf\":{\"@id\":\"https:\\\/\\\/interamerica.org\\\/fr\\\/2015\\\/03\\\/les-adventistes-dans-le-nord-de-la-colombie-prient-ensemble-pour-laction-dimpact-qui-doit-bientot-avoir-lieu-dans-toute-la-ville\\\/\"},\"author\":{\"name\":\"Lorenzo Verduzco\",\"@id\":\"https:\\\/\\\/interamerica.org\\\/fr\\\/#\\\/schema\\\/person\\\/68ede8bdc292885bb76c1e3810e73c39\"},\"headline\":\"Les Adventistes dans le Nord de la Colombie prient ensemble pour l\u2019action d\u2019impact qui doit bient\u00f4t avoir lieu dans toute la ville\",\"datePublished\":\"2015-03-11T04:00:00+00:00\",\"mainEntityOfPage\":{\"@id\":\"https:\\\/\\\/interamerica.org\\\/fr\\\/2015\\\/03\\\/les-adventistes-dans-le-nord-de-la-colombie-prient-ensemble-pour-laction-dimpact-qui-doit-bientot-avoir-lieu-dans-toute-la-ville\\\/\"},\"wordCount\":452,\"image\":{\"@id\":\"https:\\\/\\\/interamerica.org\\\/fr\\\/2015\\\/03\\\/les-adventistes-dans-le-nord-de-la-colombie-prient-ensemble-pour-laction-dimpact-qui-doit-bientot-avoir-lieu-dans-toute-la-ville\\\/#primaryimage\"},\"thumbnailUrl\":\"https:\\\/\\\/interamerica.org\\\/wp-content\\\/uploads\\\/2017\\\/06\\\/NOCU-prayerballoons.png\",\"articleSection\":[\"Nouvelles du territoire\",\"RSS Fran\u00e7ais\"],\"inLanguage\":\"fr-FR\"},{\"@type\":\"WebPage\",\"@id\":\"https:\\\/\\\/interamerica.org\\\/fr\\\/2015\\\/03\\\/les-adventistes-dans-le-nord-de-la-colombie-prient-ensemble-pour-laction-dimpact-qui-doit-bientot-avoir-lieu-dans-toute-la-ville\\\/\",\"url\":\"https:\\\/\\\/interamerica.org\\\/fr\\\/2015\\\/03\\\/les-adventistes-dans-le-nord-de-la-colombie-prient-ensemble-pour-laction-dimpact-qui-doit-bientot-avoir-lieu-dans-toute-la-ville\\\/\",\"name\":\"Les Adventistes dans le Nord de la Colombie prient ensemble pour l\u2019action d\u2019impact qui doit bient\u00f4t avoir lieu dans toute la ville - \u00c9glise Adventiste Du Septieme Jour - Inter Am\u00e9rique Division\",\"isPartOf\":{\"@id\":\"https:\\\/\\\/interamerica.org\\\/fr\\\/#website\"},\"primaryImageOfPage\":{\"@id\":\"https:\\\/\\\/interamerica.org\\\/fr\\\/2015\\\/03\\\/les-adventistes-dans-le-nord-de-la-colombie-prient-ensemble-pour-laction-dimpact-qui-doit-bientot-avoir-lieu-dans-toute-la-ville\\\/#primaryimage\"},\"image\":{\"@id\":\"https:\\\/\\\/interamerica.org\\\/fr\\\/2015\\\/03\\\/les-adventistes-dans-le-nord-de-la-colombie-prient-ensemble-pour-laction-dimpact-qui-doit-bientot-avoir-lieu-dans-toute-la-ville\\\/#primaryimage\"},\"thumbnailUrl\":\"https:\\\/\\\/interamerica.org\\\/wp-content\\\/uploads\\\/2017\\\/06\\\/NOCU-prayerballoons.png\",\"datePublished\":\"2015-03-11T04:00:00+00:00\",\"author\":{\"@id\":\"https:\\\/\\\/interamerica.org\\\/fr\\\/#\\\/schema\\\/person\\\/68ede8bdc292885bb76c1e3810e73c39\"},\"breadcrumb\":{\"@id\":\"https:\\\/\\\/interamerica.org\\\/fr\\\/2015\\\/03\\\/les-adventistes-dans-le-nord-de-la-colombie-prient-ensemble-pour-laction-dimpact-qui-doit-bientot-avoir-lieu-dans-toute-la-ville\\\/#breadcrumb\"},\"inLanguage\":\"fr-FR\",\"potentialAction\":[{\"@type\":\"ReadAction\",\"target\":[\"https:\\\/\\\/interamerica.org\\\/fr\\\/2015\\\/03\\\/les-adventistes-dans-le-nord-de-la-colombie-prient-ensemble-pour-laction-dimpact-qui-doit-bientot-avoir-lieu-dans-toute-la-ville\\\/\"]}]},{\"@type\":\"ImageObject\",\"inLanguage\":\"fr-FR\",\"@id\":\"https:\\\/\\\/interamerica.org\\\/fr\\\/2015\\\/03\\\/les-adventistes-dans-le-nord-de-la-colombie-prient-ensemble-pour-laction-dimpact-qui-doit-bientot-avoir-lieu-dans-toute-la-ville\\\/#primaryimage\",\"url\":\"https:\\\/\\\/interamerica.org\\\/wp-content\\\/uploads\\\/2017\\\/06\\\/NOCU-prayerballoons.png\",\"contentUrl\":\"https:\\\/\\\/interamerica.org\\\/wp-content\\\/uploads\\\/2017\\\/06\\\/NOCU-prayerballoons.png\",\"width\":400,\"height\":266},{\"@type\":\"BreadcrumbList\",\"@id\":\"https:\\\/\\\/interamerica.org\\\/fr\\\/2015\\\/03\\\/les-adventistes-dans-le-nord-de-la-colombie-prient-ensemble-pour-laction-dimpact-qui-doit-bientot-avoir-lieu-dans-toute-la-ville\\\/#breadcrumb\",\"itemListElement\":[{\"@type\":\"ListItem\",\"position\":1,\"name\":\"Home\",\"item\":\"https:\\\/\\\/interamerica.org\\\/fr\\\/\"},{\"@type\":\"ListItem\",\"position\":2,\"name\":\"Les Adventistes dans le Nord de la Colombie prient ensemble pour l\u2019action d\u2019impact qui doit bient\u00f4t avoir lieu dans toute la ville\"}]},{\"@type\":\"WebSite\",\"@id\":\"https:\\\/\\\/interamerica.org\\\/fr\\\/#website\",\"url\":\"https:\\\/\\\/interamerica.org\\\/fr\\\/\",\"name\":\"\u00c9glise Adventiste Du Septieme Jour - Inter Am\u00e9rique Division\",\"description\":\"\",\"potentialAction\":[{\"@type\":\"SearchAction\",\"target\":{\"@type\":\"EntryPoint\",\"urlTemplate\":\"https:\\\/\\\/interamerica.org\\\/fr\\\/?s={search_term_string}\"},\"query-input\":{\"@type\":\"PropertyValueSpecification\",\"valueRequired\":true,\"valueName\":\"search_term_string\"}}],\"inLanguage\":\"fr-FR\"},{\"@type\":\"Person\",\"@id\":\"https:\\\/\\\/interamerica.org\\\/fr\\\/#\\\/schema\\\/person\\\/68ede8bdc292885bb76c1e3810e73c39\",\"name\":\"Lorenzo Verduzco\",\"image\":{\"@type\":\"ImageObject\",\"inLanguage\":\"fr-FR\",\"@id\":\"https:\\\/\\\/secure.gravatar.com\\\/avatar\\\/fb81a55b6218459490a9c1dc841a34909185b81904c5337b4b27f7a6fd60c49e?s=96&d=mm&r=g\",\"url\":\"https:\\\/\\\/secure.gravatar.com\\\/avatar\\\/fb81a55b6218459490a9c1dc841a34909185b81904c5337b4b27f7a6fd60c49e?s=96&d=mm&r=g\",\"contentUrl\":\"https:\\\/\\\/secure.gravatar.com\\\/avatar\\\/fb81a55b6218459490a9c1dc841a34909185b81904c5337b4b27f7a6fd60c49e?s=96&d=mm&r=g\",\"caption\":\"Lorenzo Verduzco\"}}]}<\/script>\n<!-- \/ Yoast SEO plugin. -->","yoast_head_json":{"title":"Les Adventistes dans le Nord de la Colombie prient ensemble pour l\u2019action d\u2019impact qui doit bient\u00f4t avoir lieu dans toute la ville - \u00c9glise Adventiste Du Septieme Jour - Inter Am\u00e9rique Division","robots":{"index":"index","follow":"follow","max-snippet":"max-snippet:-1","max-image-preview":"max-image-preview:large","max-video-preview":"max-video-preview:-1"},"canonical":"https:\/\/interamerica.org\/fr\/2015\/03\/les-adventistes-dans-le-nord-de-la-colombie-prient-ensemble-pour-laction-dimpact-qui-doit-bientot-avoir-lieu-dans-toute-la-ville\/","og_locale":"fr_FR","og_type":"article","og_title":"Les Adventistes dans le Nord de la Colombie prient ensemble pour l\u2019action d\u2019impact qui doit bient\u00f4t avoir lieu dans toute la ville - \u00c9glise Adventiste Du Septieme Jour - Inter Am\u00e9rique Division","og_description":"Pr\u00e8s de 1000 Adventistes du Septi\u00e8me Jour se sont rendus sur trois des principales collines qui entourent la ville de Medellin en Colombie le 8 mars, afin de prier et de l\u00e2cher des ballons solaires alors qu\u2019ils se pr\u00e9parent \u00e0 une action d\u2019impact dans toute la ville samedi prochain.  Le projet, baptis\u00e9 \u00ab Un Sourire pour Medellin, \u00bb cherchera \u00e0 apporter des sourires aux habitants de Medellin \u00e0 travers des actes de compassion, des expos sant\u00e9, des visites d\u2019h\u00f4pitaux et de maisons de retraite et bien plus encore.","og_url":"https:\/\/interamerica.org\/fr\/2015\/03\/les-adventistes-dans-le-nord-de-la-colombie-prient-ensemble-pour-laction-dimpact-qui-doit-bientot-avoir-lieu-dans-toute-la-ville\/","og_site_name":"\u00c9glise Adventiste Du Septieme Jour - Inter Am\u00e9rique Division","article_published_time":"2015-03-11T04:00:00+00:00","og_image":[{"width":400,"height":266,"url":"https:\/\/interamerica.org\/wp-content\/uploads\/2017\/06\/NOCU-prayerballoons.png","type":"image\/png"}],"author":"Lorenzo Verduzco","twitter_card":"summary_large_image","twitter_misc":{"\u00c9crit par":"Lorenzo Verduzco","Dur\u00e9e de lecture estim\u00e9e":"2 minutes"},"schema":{"@context":"https:\/\/schema.org","@graph":[{"@type":"Article","@id":"https:\/\/interamerica.org\/fr\/2015\/03\/les-adventistes-dans-le-nord-de-la-colombie-prient-ensemble-pour-laction-dimpact-qui-doit-bientot-avoir-lieu-dans-toute-la-ville\/#article","isPartOf":{"@id":"https:\/\/interamerica.org\/fr\/2015\/03\/les-adventistes-dans-le-nord-de-la-colombie-prient-ensemble-pour-laction-dimpact-qui-doit-bientot-avoir-lieu-dans-toute-la-ville\/"},"author":{"name":"Lorenzo Verduzco","@id":"https:\/\/interamerica.org\/fr\/#\/schema\/person\/68ede8bdc292885bb76c1e3810e73c39"},"headline":"Les Adventistes dans le Nord de la Colombie prient ensemble pour l\u2019action d\u2019impact qui doit bient\u00f4t avoir lieu dans toute la ville","datePublished":"2015-03-11T04:00:00+00:00","mainEntityOfPage":{"@id":"https:\/\/interamerica.org\/fr\/2015\/03\/les-adventistes-dans-le-nord-de-la-colombie-prient-ensemble-pour-laction-dimpact-qui-doit-bientot-avoir-lieu-dans-toute-la-ville\/"},"wordCount":452,"image":{"@id":"https:\/\/interamerica.org\/fr\/2015\/03\/les-adventistes-dans-le-nord-de-la-colombie-prient-ensemble-pour-laction-dimpact-qui-doit-bientot-avoir-lieu-dans-toute-la-ville\/#primaryimage"},"thumbnailUrl":"https:\/\/interamerica.org\/wp-content\/uploads\/2017\/06\/NOCU-prayerballoons.png","articleSection":["Nouvelles du territoire","RSS Fran\u00e7ais"],"inLanguage":"fr-FR"},{"@type":"WebPage","@id":"https:\/\/interamerica.org\/fr\/2015\/03\/les-adventistes-dans-le-nord-de-la-colombie-prient-ensemble-pour-laction-dimpact-qui-doit-bientot-avoir-lieu-dans-toute-la-ville\/","url":"https:\/\/interamerica.org\/fr\/2015\/03\/les-adventistes-dans-le-nord-de-la-colombie-prient-ensemble-pour-laction-dimpact-qui-doit-bientot-avoir-lieu-dans-toute-la-ville\/","name":"Les Adventistes dans le Nord de la Colombie prient ensemble pour l\u2019action d\u2019impact qui doit bient\u00f4t avoir lieu dans toute la ville - \u00c9glise Adventiste Du Septieme Jour - Inter Am\u00e9rique Division","isPartOf":{"@id":"https:\/\/interamerica.org\/fr\/#website"},"primaryImageOfPage":{"@id":"https:\/\/interamerica.org\/fr\/2015\/03\/les-adventistes-dans-le-nord-de-la-colombie-prient-ensemble-pour-laction-dimpact-qui-doit-bientot-avoir-lieu-dans-toute-la-ville\/#primaryimage"},"image":{"@id":"https:\/\/interamerica.org\/fr\/2015\/03\/les-adventistes-dans-le-nord-de-la-colombie-prient-ensemble-pour-laction-dimpact-qui-doit-bientot-avoir-lieu-dans-toute-la-ville\/#primaryimage"},"thumbnailUrl":"https:\/\/interamerica.org\/wp-content\/uploads\/2017\/06\/NOCU-prayerballoons.png","datePublished":"2015-03-11T04:00:00+00:00","author":{"@id":"https:\/\/interamerica.org\/fr\/#\/schema\/person\/68ede8bdc292885bb76c1e3810e73c39"},"breadcrumb":{"@id":"https:\/\/interamerica.org\/fr\/2015\/03\/les-adventistes-dans-le-nord-de-la-colombie-prient-ensemble-pour-laction-dimpact-qui-doit-bientot-avoir-lieu-dans-toute-la-ville\/#breadcrumb"},"inLanguage":"fr-FR","potentialAction":[{"@type":"ReadAction","target":["https:\/\/interamerica.org\/fr\/2015\/03\/les-adventistes-dans-le-nord-de-la-colombie-prient-ensemble-pour-laction-dimpact-qui-doit-bientot-avoir-lieu-dans-toute-la-ville\/"]}]},{"@type":"ImageObject","inLanguage":"fr-FR","@id":"https:\/\/interamerica.org\/fr\/2015\/03\/les-adventistes-dans-le-nord-de-la-colombie-prient-ensemble-pour-laction-dimpact-qui-doit-bientot-avoir-lieu-dans-toute-la-ville\/#primaryimage","url":"https:\/\/interamerica.org\/wp-content\/uploads\/2017\/06\/NOCU-prayerballoons.png","contentUrl":"https:\/\/interamerica.org\/wp-content\/uploads\/2017\/06\/NOCU-prayerballoons.png","width":400,"height":266},{"@type":"BreadcrumbList","@id":"https:\/\/interamerica.org\/fr\/2015\/03\/les-adventistes-dans-le-nord-de-la-colombie-prient-ensemble-pour-laction-dimpact-qui-doit-bientot-avoir-lieu-dans-toute-la-ville\/#breadcrumb","itemListElement":[{"@type":"ListItem","position":1,"name":"Home","item":"https:\/\/interamerica.org\/fr\/"},{"@type":"ListItem","position":2,"name":"Les Adventistes dans le Nord de la Colombie prient ensemble pour l\u2019action d\u2019impact qui doit bient\u00f4t avoir lieu dans toute la ville"}]},{"@type":"WebSite","@id":"https:\/\/interamerica.org\/fr\/#website","url":"https:\/\/interamerica.org\/fr\/","name":"\u00c9glise Adventiste Du Septieme Jour - Inter Am\u00e9rique Division","description":"","potentialAction":[{"@type":"SearchAction","target":{"@type":"EntryPoint","urlTemplate":"https:\/\/interamerica.org\/fr\/?s={search_term_string}"},"query-input":{"@type":"PropertyValueSpecification","valueRequired":true,"valueName":"search_term_string"}}],"inLanguage":"fr-FR"},{"@type":"Person","@id":"https:\/\/interamerica.org\/fr\/#\/schema\/person\/68ede8bdc292885bb76c1e3810e73c39","name":"Lorenzo Verduzco","image":{"@type":"ImageObject","inLanguage":"fr-FR","@id":"https:\/\/secure.gravatar.com\/avatar\/fb81a55b6218459490a9c1dc841a34909185b81904c5337b4b27f7a6fd60c49e?s=96&d=mm&r=g","url":"https:\/\/secure.gravatar.com\/avatar\/fb81a55b6218459490a9c1dc841a34909185b81904c5337b4b27f7a6fd60c49e?s=96&d=mm&r=g","contentUrl":"https:\/\/secure.gravatar.com\/avatar\/fb81a55b6218459490a9c1dc841a34909185b81904c5337b4b27f7a6fd60c49e?s=96&d=mm&r=g","caption":"Lorenzo Verduzco"}}]}},"_links":{"self":[{"href":"https:\/\/interamerica.org\/fr\/wp-json\/wp\/v2\/posts\/32194","targetHints":{"allow":["GET"]}}],"collection":[{"href":"https:\/\/interamerica.org\/fr\/wp-json\/wp\/v2\/posts"}],"about":[{"href":"https:\/\/interamerica.org\/fr\/wp-json\/wp\/v2\/types\/post"}],"author":[{"embeddable":true,"href":"https:\/\/interamerica.org\/fr\/wp-json\/wp\/v2\/users\/1"}],"replies":[{"embeddable":true,"href":"https:\/\/interamerica.org\/fr\/wp-json\/wp\/v2\/comments?post=32194"}],"version-history":[{"count":0,"href":"https:\/\/interamerica.org\/fr\/wp-json\/wp\/v2\/posts\/32194\/revisions"}],"wp:featuredmedia":[{"embeddable":true,"href":"https:\/\/interamerica.org\/fr\/wp-json\/wp\/v2\/media\/24601"}],"wp:attachment":[{"href":"https:\/\/interamerica.org\/fr\/wp-json\/wp\/v2\/media?parent=32194"}],"wp:term":[{"taxonomy":"category","embeddable":true,"href":"https:\/\/interamerica.org\/fr\/wp-json\/wp\/v2\/categories?post=32194"},{"taxonomy":"post_tag","embeddable":true,"href":"https:\/\/interamerica.org\/fr\/wp-json\/wp\/v2\/tags?post=32194"}],"curies":[{"name":"wp","href":"https:\/\/api.w.org\/{rel}","templated":true}]}}