{"id":32195,"date":"2015-03-12T00:00:00","date_gmt":"2015-03-12T04:00:00","guid":{"rendered":"http:\/\/192.81.217.108\/interamerica\/2015\/03\/plus-de-2000-personnes-seront-baptisees-dans-le-lac-nicaragua-ce-weekend\/"},"modified":"2015-03-12T00:00:00","modified_gmt":"2015-03-12T04:00:00","slug":"plus-de-2000-personnes-seront-baptisees-dans-le-lac-nicaragua-ce-weekend","status":"publish","type":"post","link":"https:\/\/interamerica.org\/fr\/2015\/03\/plus-de-2000-personnes-seront-baptisees-dans-le-lac-nicaragua-ce-weekend\/","title":{"rendered":"Plus de 2000 personnes seront baptis\u00e9es dans le Lac Nicaragua ce weekend"},"content":{"rendered":"<div id=\"attachment_15616\" style=\"width: 610px\" class=\"wp-caption aligncenter\"><a href=\"\/interamerica\/wp-content\/uploads\/2017\/06\/NICA600.png\" rel=\"fancybox\" title=\"Plus de 2000 personnes seront baptis\u00e9es dans le Lac Nicaragua ce weekend\"><img fetchpriority=\"high\" decoding=\"async\" aria-describedby=\"caption-attachment-15616\" class=\"size-full wp-image-15616\" src=\"\/interamerica\/wp-content\/uploads\/2017\/06\/NICA600.png\" alt=\"\" width=\"600\" height=\"399\" \/><\/a><p id=\"caption-attachment-15616\" class=\"wp-caption-text\">Des centaines de personnes remplissent l\u2019Auditorium Ministerio Vision Ahora \u00e0 Managua au Nicaragua, afin d\u2019\u00e9couter l\u2019\u00e9vang\u00e9liste Mark Finley le mercredi 11 mars 2015, le soir d\u2019ouverture d\u2019une campagne d\u2019\u00e9vang\u00e9lisation de quatre soirs. Image de Gloria Padilla.<\/p><\/div>\n<p>12 Mars 2015 \u2013 Managua, Nicaragua \u2013 Andrew McChesney, r\u00e9dacteur Adventist Review\/Libna Stevens\/DIA<\/p>\n<div id=\"attachment_15617\" style=\"width: 310px\" class=\"wp-caption alignright\"><a href=\"\/interamerica\/wp-content\/uploads\/2017\/06\/poster.jpg\" rel=\"fancybox\" title=\"Plus de 2000 personnes seront baptis\u00e9es dans le Lac Nicaragua ce weekend\"><img decoding=\"async\" aria-describedby=\"caption-attachment-15617\" class=\"size-medium wp-image-15617\" src=\"\/interamerica\/wp-content\/uploads\/2017\/06\/poster-300x232.jpg\" alt=\"\" width=\"300\" height=\"232\" \/><\/a><p id=\"caption-attachment-15617\" class=\"wp-caption-text\">L\u2019\u00e9vang\u00e9liste Mark Finley appara\u00eet sur un poster utilis\u00e9 pour un programme d\u2019\u00e9vang\u00e9lisation baptis\u00e9 \u00ab Nicaragua Revis, il y a de l\u2019espoir. \u00bb<\/p><\/div>\n<p>L\u2019Eglise Adventiste du Septi\u00e8me Jour termine sa premi\u00e8re grande campagne d\u2019\u00e9vang\u00e9lisation au Nicaragua avec l\u2019\u00e9vang\u00e9liste Mark Finley qui interviendra pendant quatre jours de rencontres qui s\u2019ach\u00e8veront avec le bapt\u00eame de plus de 2000 personnes dans un lac ce weekend.<\/p>\n<p>C\u2019est devant un hall plein \u00e0 craquer o\u00f9 avaient pris place plus de 3000 personnes, la plupart d\u2019entre eux \u00e9tant non-Adventistes, que Mark Finley a d\u00e9but\u00e9 ses rencontres mercredi soir \u00e0 Managua, la capitale de ce pays d\u2019Am\u00e9rique Centrale.<\/p>\n<p>Environ 2200 personnes avaient rempli l\u2019Auditorium Ministerio Vision Ahora, alors que 500 personnes suppl\u00e9mentaires \u00e9taient assises \u00e0 l\u2019ext\u00e9rieur et plus de 300 autres restaient debout. Des dizaines de personnes ont r\u00e9pondu \u00e0 un appel au bapt\u00eame lanc\u00e9 \u00e0 la fin de la pr\u00e9sentation.<\/p>\n<p>\u00ab Quand j\u2019observe ce qui se passe en Inter Am\u00e9rique, ma conviction profonde est que lorsque l\u2019\u00e9glise est unie, qu\u2019elle se concentre sur la mission et est engag\u00e9e \u00e0 accomplir le minist\u00e8re du Christ, alors Dieu b\u00e9nit de fa\u00e7on inhabituelle et des choses extraordinaires se produisent pour faire avancer Son royaume, \u00bb a dit Mark Finley \u00e0 Adventist Review.<\/p>\n<p>Les rencontres avec Mark Finley sont diffus\u00e9es en direct sur la radio et sur internet vers des sites dans tout le pays et au Costa Rica qui borde la Nicaragua au sud et fait \u00e9galement partie de la Division Inter Am\u00e9ricaine de l\u2019Eglise Adventiste.<\/p>\n<p>Plus de 2000 personnes devraient \u00eatre baptis\u00e9es dimanche matin dans les eaux fraiches du Lac Nicaragua, le plus grand lac d\u2019Am\u00e9rique Centrale, dans la ville de Grenade qui se trouve \u00e0 une heure de route de la capitale Managua. Parmi les leaders Adventistes qui seront pr\u00e9sents \u00e0 la c\u00e9r\u00e9monie de bapt\u00eame, il y a Ted N.C. Wilson, pr\u00e9sident de l\u2019Eglise Adventiste mondiale, et Isra\u00ebl Leito, pr\u00e9sident de la Division Inter Am\u00e9ricaine.<\/p>\n<p>Les bapt\u00eames couronneront une initiative d\u00e9but\u00e9e il y a plus d\u2019une ann\u00e9e avec la formation d\u2019environ 5000 petits groupes au Nicaragua et au Costa Rica pour \u00e9tudier le mat\u00e9riel \u00ab Sant\u00e9 de la Cr\u00e9ation \u00bb produit par l\u2019H\u00f4pital Adventiste de Floride. \u00ab La Sant\u00e9 de la Cr\u00e9ation \u00bb se pr\u00e9sente comme un plan confessionnel de bien-\u00eatre pour les personnes d\u00e9sirant vivre en meilleure sant\u00e9 et plus heureux.<\/p>\n<div id=\"attachment_15618\" style=\"width: 310px\" class=\"wp-caption alignright\"><a href=\"\/interamerica\/wp-content\/uploads\/2017\/06\/NICA-Finleycrowd.png\" rel=\"fancybox\" title=\"Plus de 2000 personnes seront baptis\u00e9es dans le Lac Nicaragua ce weekend\"><img decoding=\"async\" aria-describedby=\"caption-attachment-15618\" class=\"size-full wp-image-15618\" src=\"\/interamerica\/wp-content\/uploads\/2017\/06\/NICA-Finleycrowd.png\" alt=\"\" width=\"300\" height=\"199\" \/><\/a><p id=\"caption-attachment-15618\" class=\"wp-caption-text\">Des dizaines de visiteurs sont venus devant apr\u00e8s que pasteur Finley ait lanc\u00e9 un appel au bapt\u00eame.<\/p><\/div>\n<p>\u00ab Le message de sant\u00e9 physique, mentale et spirituelle a renvers\u00e9 les barri\u00e8res et produit des effets b\u00e9n\u00e9fiques dans la vie des gens, \u00bb a dit Mark Finley, un contributeur d\u2019Adventist Review.<\/p>\n<p>Les participants \u00e0 la campagne \u00ab Sant\u00e9 de la Cr\u00e9ation \u00bb ont \u00e9t\u00e9 invit\u00e9s \u00e0 prendre part \u00e0 une s\u00e9rie d\u2019\u00e9tudes bibliques intitul\u00e9e \u00ab La Foi de J\u00e9sus ; \u00bb Cette d\u00e9marche a \u00e9t\u00e9 suivie de rencontres d\u2019\u00e9vang\u00e9lisation conduites par des pasteurs et des s\u00e9minaristes en pr\u00e9paration de la visite de Mark Finley. Au Nicaragua seulement, plus de 100 rencontres d\u2019\u00e9vang\u00e9lisation ont eu lieu.<\/p>\n<p>Les membres d\u2019\u00e9glise se sont pr\u00e9par\u00e9s pour les rencontres avec Mark Finley intitul\u00e9es \u00ab Nicaragua Revis, il y a de l\u2019Espoir, \u00bb en organisant des marches et en distribuant des tracts. Les rencontres ont \u00e9galement \u00e9t\u00e9 boost\u00e9es par les m\u00e9dias nationaux. La station de t\u00e9l\u00e9vision nationale, Televisa Canal 6, a interview\u00e9 Mark Finley \u00e0 son arriv\u00e9e mardi \u00e0 l\u2019A\u00e9roport International Augusto C. Sandino et a parl\u00e9 de ses rencontres lors des journaux t\u00e9l\u00e9vis\u00e9s du soir mercredi. Des journalistes de deux t\u00e9l\u00e9visions et de trois stations de radios ont particip\u00e9 \u00e0 une conf\u00e9rence de presse avec Mark Finley mercredi apr\u00e8s midi.<\/p>\n<p>L\u2019Eglise Adventiste au Nicaragua compte 131004 membres qui se r\u00e9unissent pour adorer dans 263 \u00e9glises et 163 groupes, d\u2019apr\u00e8s les chiffres de la fin de l\u2019ann\u00e9e 2014.<\/p>\n<p>\u00ab C\u2019est la premi\u00e8re fois que le Nicaragua organise un programme d\u2019\u00e9vang\u00e9lisation aussi important, \u00bb a dit Gloria Padilla, directrice de la communication pour l\u2019Union Centram\u00e9ricaine du Sud, qui supervise l\u2019Eglise Adventiste au Nicaragua et au Costa Rica. \u00ab Nous louons Dieu pour Sa direction manifest\u00e9e ici. \u00bb<\/p>\n<p>Traduction: Patrick Luciathe<\/p>\n","protected":false},"excerpt":{"rendered":"<p>L\u2019Eglise Adventiste du Septi\u00e8me Jour termine sa premi\u00e8re grande campagne d\u2019\u00e9vang\u00e9lisation au Nicaragua avec l\u2019\u00e9vang\u00e9liste Mark Finley qui interviendra pendant quatre jours de rencontres qui s\u2019ach\u00e8veront avec le bapt\u00eame de plus de 2000 personnes dans un lac ce weekend. <\/p>\n<p>C\u2019est devant un hall plein \u00e0 craquer o\u00f9 avaient pris place plus de 3000 personnes, la plupart d\u2019entre eux \u00e9tant non-Adventistes, que Mark Finley a d\u00e9but\u00e9 ses rencontres mercredi soir \u00e0 Managua, la capitale de ce pays d\u2019Am\u00e9rique Centrale.<\/p>\n","protected":false},"author":1,"featured_media":24608,"comment_status":"closed","ping_status":"closed","sticky":false,"template":"","format":"standard","meta":{"_acf_changed":false,"footnotes":""},"categories":[21,19],"tags":[],"class_list":["post-32195","post","type-post","status-publish","format-standard","has-post-thumbnail","hentry","category-nouvelles-du-territoire","category-rss-francais"],"acf":[],"yoast_head":"<!-- This site is optimized with the Yoast SEO plugin v27.3 - https:\/\/yoast.com\/product\/yoast-seo-wordpress\/ -->\n<title>Plus de 2000 personnes seront baptis\u00e9es dans le Lac Nicaragua ce weekend - \u00c9glise Adventiste Du Septieme Jour - Inter Am\u00e9rique Division<\/title>\n<meta name=\"robots\" content=\"index, follow, max-snippet:-1, max-image-preview:large, max-video-preview:-1\" \/>\n<link rel=\"canonical\" href=\"https:\/\/interamerica.org\/fr\/2015\/03\/plus-de-2000-personnes-seront-baptisees-dans-le-lac-nicaragua-ce-weekend\/\" \/>\n<meta property=\"og:locale\" content=\"fr_FR\" \/>\n<meta property=\"og:type\" content=\"article\" \/>\n<meta property=\"og:title\" content=\"Plus de 2000 personnes seront baptis\u00e9es dans le Lac Nicaragua ce weekend - \u00c9glise Adventiste Du Septieme Jour - Inter Am\u00e9rique Division\" \/>\n<meta property=\"og:description\" content=\"L\u2019Eglise Adventiste du Septi\u00e8me Jour termine sa premi\u00e8re grande campagne d\u2019\u00e9vang\u00e9lisation au Nicaragua avec l\u2019\u00e9vang\u00e9liste Mark Finley qui interviendra pendant quatre jours de rencontres qui s\u2019ach\u00e8veront avec le bapt\u00eame de plus de 2000 personnes dans un lac ce weekend.  C\u2019est devant un hall plein \u00e0 craquer o\u00f9 avaient pris place plus de 3000 personnes, la plupart d\u2019entre eux \u00e9tant non-Adventistes, que Mark Finley a d\u00e9but\u00e9 ses rencontres mercredi soir \u00e0 Managua, la capitale de ce pays d\u2019Am\u00e9rique Centrale.\" \/>\n<meta property=\"og:url\" content=\"https:\/\/interamerica.org\/fr\/2015\/03\/plus-de-2000-personnes-seront-baptisees-dans-le-lac-nicaragua-ce-weekend\/\" \/>\n<meta property=\"og:site_name\" content=\"\u00c9glise Adventiste Du Septieme Jour - Inter Am\u00e9rique Division\" \/>\n<meta property=\"article:published_time\" content=\"2015-03-12T04:00:00+00:00\" \/>\n<meta property=\"og:image\" content=\"https:\/\/interamerica.org\/wp-content\/uploads\/2017\/06\/NICA600.png\" \/>\n\t<meta property=\"og:image:width\" content=\"600\" \/>\n\t<meta property=\"og:image:height\" content=\"399\" \/>\n\t<meta property=\"og:image:type\" content=\"image\/png\" \/>\n<meta name=\"author\" content=\"Lorenzo Verduzco\" \/>\n<meta name=\"twitter:card\" content=\"summary_large_image\" \/>\n<meta name=\"twitter:label1\" content=\"\u00c9crit par\" \/>\n\t<meta name=\"twitter:data1\" content=\"Lorenzo Verduzco\" \/>\n\t<meta name=\"twitter:label2\" content=\"Dur\u00e9e de lecture estim\u00e9e\" \/>\n\t<meta name=\"twitter:data2\" content=\"4 minutes\" \/>\n<script type=\"application\/ld+json\" class=\"yoast-schema-graph\">{\"@context\":\"https:\\\/\\\/schema.org\",\"@graph\":[{\"@type\":\"Article\",\"@id\":\"https:\\\/\\\/interamerica.org\\\/fr\\\/2015\\\/03\\\/plus-de-2000-personnes-seront-baptisees-dans-le-lac-nicaragua-ce-weekend\\\/#article\",\"isPartOf\":{\"@id\":\"https:\\\/\\\/interamerica.org\\\/fr\\\/2015\\\/03\\\/plus-de-2000-personnes-seront-baptisees-dans-le-lac-nicaragua-ce-weekend\\\/\"},\"author\":{\"name\":\"Lorenzo Verduzco\",\"@id\":\"https:\\\/\\\/interamerica.org\\\/fr\\\/#\\\/schema\\\/person\\\/68ede8bdc292885bb76c1e3810e73c39\"},\"headline\":\"Plus de 2000 personnes seront baptis\u00e9es dans le Lac Nicaragua ce weekend\",\"datePublished\":\"2015-03-12T04:00:00+00:00\",\"mainEntityOfPage\":{\"@id\":\"https:\\\/\\\/interamerica.org\\\/fr\\\/2015\\\/03\\\/plus-de-2000-personnes-seront-baptisees-dans-le-lac-nicaragua-ce-weekend\\\/\"},\"wordCount\":830,\"image\":{\"@id\":\"https:\\\/\\\/interamerica.org\\\/fr\\\/2015\\\/03\\\/plus-de-2000-personnes-seront-baptisees-dans-le-lac-nicaragua-ce-weekend\\\/#primaryimage\"},\"thumbnailUrl\":\"https:\\\/\\\/interamerica.org\\\/wp-content\\\/uploads\\\/2017\\\/06\\\/NICA600.png\",\"articleSection\":[\"Nouvelles du territoire\",\"RSS Fran\u00e7ais\"],\"inLanguage\":\"fr-FR\"},{\"@type\":\"WebPage\",\"@id\":\"https:\\\/\\\/interamerica.org\\\/fr\\\/2015\\\/03\\\/plus-de-2000-personnes-seront-baptisees-dans-le-lac-nicaragua-ce-weekend\\\/\",\"url\":\"https:\\\/\\\/interamerica.org\\\/fr\\\/2015\\\/03\\\/plus-de-2000-personnes-seront-baptisees-dans-le-lac-nicaragua-ce-weekend\\\/\",\"name\":\"Plus de 2000 personnes seront baptis\u00e9es dans le Lac Nicaragua ce weekend - \u00c9glise Adventiste Du Septieme Jour - Inter Am\u00e9rique Division\",\"isPartOf\":{\"@id\":\"https:\\\/\\\/interamerica.org\\\/fr\\\/#website\"},\"primaryImageOfPage\":{\"@id\":\"https:\\\/\\\/interamerica.org\\\/fr\\\/2015\\\/03\\\/plus-de-2000-personnes-seront-baptisees-dans-le-lac-nicaragua-ce-weekend\\\/#primaryimage\"},\"image\":{\"@id\":\"https:\\\/\\\/interamerica.org\\\/fr\\\/2015\\\/03\\\/plus-de-2000-personnes-seront-baptisees-dans-le-lac-nicaragua-ce-weekend\\\/#primaryimage\"},\"thumbnailUrl\":\"https:\\\/\\\/interamerica.org\\\/wp-content\\\/uploads\\\/2017\\\/06\\\/NICA600.png\",\"datePublished\":\"2015-03-12T04:00:00+00:00\",\"author\":{\"@id\":\"https:\\\/\\\/interamerica.org\\\/fr\\\/#\\\/schema\\\/person\\\/68ede8bdc292885bb76c1e3810e73c39\"},\"breadcrumb\":{\"@id\":\"https:\\\/\\\/interamerica.org\\\/fr\\\/2015\\\/03\\\/plus-de-2000-personnes-seront-baptisees-dans-le-lac-nicaragua-ce-weekend\\\/#breadcrumb\"},\"inLanguage\":\"fr-FR\",\"potentialAction\":[{\"@type\":\"ReadAction\",\"target\":[\"https:\\\/\\\/interamerica.org\\\/fr\\\/2015\\\/03\\\/plus-de-2000-personnes-seront-baptisees-dans-le-lac-nicaragua-ce-weekend\\\/\"]}]},{\"@type\":\"ImageObject\",\"inLanguage\":\"fr-FR\",\"@id\":\"https:\\\/\\\/interamerica.org\\\/fr\\\/2015\\\/03\\\/plus-de-2000-personnes-seront-baptisees-dans-le-lac-nicaragua-ce-weekend\\\/#primaryimage\",\"url\":\"https:\\\/\\\/interamerica.org\\\/wp-content\\\/uploads\\\/2017\\\/06\\\/NICA600.png\",\"contentUrl\":\"https:\\\/\\\/interamerica.org\\\/wp-content\\\/uploads\\\/2017\\\/06\\\/NICA600.png\",\"width\":600,\"height\":399},{\"@type\":\"BreadcrumbList\",\"@id\":\"https:\\\/\\\/interamerica.org\\\/fr\\\/2015\\\/03\\\/plus-de-2000-personnes-seront-baptisees-dans-le-lac-nicaragua-ce-weekend\\\/#breadcrumb\",\"itemListElement\":[{\"@type\":\"ListItem\",\"position\":1,\"name\":\"Home\",\"item\":\"https:\\\/\\\/interamerica.org\\\/fr\\\/\"},{\"@type\":\"ListItem\",\"position\":2,\"name\":\"Plus de 2000 personnes seront baptis\u00e9es dans le Lac Nicaragua ce weekend\"}]},{\"@type\":\"WebSite\",\"@id\":\"https:\\\/\\\/interamerica.org\\\/fr\\\/#website\",\"url\":\"https:\\\/\\\/interamerica.org\\\/fr\\\/\",\"name\":\"\u00c9glise Adventiste Du Septieme Jour - Inter Am\u00e9rique Division\",\"description\":\"\",\"potentialAction\":[{\"@type\":\"SearchAction\",\"target\":{\"@type\":\"EntryPoint\",\"urlTemplate\":\"https:\\\/\\\/interamerica.org\\\/fr\\\/?s={search_term_string}\"},\"query-input\":{\"@type\":\"PropertyValueSpecification\",\"valueRequired\":true,\"valueName\":\"search_term_string\"}}],\"inLanguage\":\"fr-FR\"},{\"@type\":\"Person\",\"@id\":\"https:\\\/\\\/interamerica.org\\\/fr\\\/#\\\/schema\\\/person\\\/68ede8bdc292885bb76c1e3810e73c39\",\"name\":\"Lorenzo Verduzco\",\"image\":{\"@type\":\"ImageObject\",\"inLanguage\":\"fr-FR\",\"@id\":\"https:\\\/\\\/secure.gravatar.com\\\/avatar\\\/fb81a55b6218459490a9c1dc841a34909185b81904c5337b4b27f7a6fd60c49e?s=96&d=mm&r=g\",\"url\":\"https:\\\/\\\/secure.gravatar.com\\\/avatar\\\/fb81a55b6218459490a9c1dc841a34909185b81904c5337b4b27f7a6fd60c49e?s=96&d=mm&r=g\",\"contentUrl\":\"https:\\\/\\\/secure.gravatar.com\\\/avatar\\\/fb81a55b6218459490a9c1dc841a34909185b81904c5337b4b27f7a6fd60c49e?s=96&d=mm&r=g\",\"caption\":\"Lorenzo Verduzco\"}}]}<\/script>\n<!-- \/ Yoast SEO plugin. -->","yoast_head_json":{"title":"Plus de 2000 personnes seront baptis\u00e9es dans le Lac Nicaragua ce weekend - \u00c9glise Adventiste Du Septieme Jour - Inter Am\u00e9rique Division","robots":{"index":"index","follow":"follow","max-snippet":"max-snippet:-1","max-image-preview":"max-image-preview:large","max-video-preview":"max-video-preview:-1"},"canonical":"https:\/\/interamerica.org\/fr\/2015\/03\/plus-de-2000-personnes-seront-baptisees-dans-le-lac-nicaragua-ce-weekend\/","og_locale":"fr_FR","og_type":"article","og_title":"Plus de 2000 personnes seront baptis\u00e9es dans le Lac Nicaragua ce weekend - \u00c9glise Adventiste Du Septieme Jour - Inter Am\u00e9rique Division","og_description":"L\u2019Eglise Adventiste du Septi\u00e8me Jour termine sa premi\u00e8re grande campagne d\u2019\u00e9vang\u00e9lisation au Nicaragua avec l\u2019\u00e9vang\u00e9liste Mark Finley qui interviendra pendant quatre jours de rencontres qui s\u2019ach\u00e8veront avec le bapt\u00eame de plus de 2000 personnes dans un lac ce weekend.  C\u2019est devant un hall plein \u00e0 craquer o\u00f9 avaient pris place plus de 3000 personnes, la plupart d\u2019entre eux \u00e9tant non-Adventistes, que Mark Finley a d\u00e9but\u00e9 ses rencontres mercredi soir \u00e0 Managua, la capitale de ce pays d\u2019Am\u00e9rique Centrale.","og_url":"https:\/\/interamerica.org\/fr\/2015\/03\/plus-de-2000-personnes-seront-baptisees-dans-le-lac-nicaragua-ce-weekend\/","og_site_name":"\u00c9glise Adventiste Du Septieme Jour - Inter Am\u00e9rique Division","article_published_time":"2015-03-12T04:00:00+00:00","og_image":[{"width":600,"height":399,"url":"https:\/\/interamerica.org\/wp-content\/uploads\/2017\/06\/NICA600.png","type":"image\/png"}],"author":"Lorenzo Verduzco","twitter_card":"summary_large_image","twitter_misc":{"\u00c9crit par":"Lorenzo Verduzco","Dur\u00e9e de lecture estim\u00e9e":"4 minutes"},"schema":{"@context":"https:\/\/schema.org","@graph":[{"@type":"Article","@id":"https:\/\/interamerica.org\/fr\/2015\/03\/plus-de-2000-personnes-seront-baptisees-dans-le-lac-nicaragua-ce-weekend\/#article","isPartOf":{"@id":"https:\/\/interamerica.org\/fr\/2015\/03\/plus-de-2000-personnes-seront-baptisees-dans-le-lac-nicaragua-ce-weekend\/"},"author":{"name":"Lorenzo Verduzco","@id":"https:\/\/interamerica.org\/fr\/#\/schema\/person\/68ede8bdc292885bb76c1e3810e73c39"},"headline":"Plus de 2000 personnes seront baptis\u00e9es dans le Lac Nicaragua ce weekend","datePublished":"2015-03-12T04:00:00+00:00","mainEntityOfPage":{"@id":"https:\/\/interamerica.org\/fr\/2015\/03\/plus-de-2000-personnes-seront-baptisees-dans-le-lac-nicaragua-ce-weekend\/"},"wordCount":830,"image":{"@id":"https:\/\/interamerica.org\/fr\/2015\/03\/plus-de-2000-personnes-seront-baptisees-dans-le-lac-nicaragua-ce-weekend\/#primaryimage"},"thumbnailUrl":"https:\/\/interamerica.org\/wp-content\/uploads\/2017\/06\/NICA600.png","articleSection":["Nouvelles du territoire","RSS Fran\u00e7ais"],"inLanguage":"fr-FR"},{"@type":"WebPage","@id":"https:\/\/interamerica.org\/fr\/2015\/03\/plus-de-2000-personnes-seront-baptisees-dans-le-lac-nicaragua-ce-weekend\/","url":"https:\/\/interamerica.org\/fr\/2015\/03\/plus-de-2000-personnes-seront-baptisees-dans-le-lac-nicaragua-ce-weekend\/","name":"Plus de 2000 personnes seront baptis\u00e9es dans le Lac Nicaragua ce weekend - \u00c9glise Adventiste Du Septieme Jour - Inter Am\u00e9rique Division","isPartOf":{"@id":"https:\/\/interamerica.org\/fr\/#website"},"primaryImageOfPage":{"@id":"https:\/\/interamerica.org\/fr\/2015\/03\/plus-de-2000-personnes-seront-baptisees-dans-le-lac-nicaragua-ce-weekend\/#primaryimage"},"image":{"@id":"https:\/\/interamerica.org\/fr\/2015\/03\/plus-de-2000-personnes-seront-baptisees-dans-le-lac-nicaragua-ce-weekend\/#primaryimage"},"thumbnailUrl":"https:\/\/interamerica.org\/wp-content\/uploads\/2017\/06\/NICA600.png","datePublished":"2015-03-12T04:00:00+00:00","author":{"@id":"https:\/\/interamerica.org\/fr\/#\/schema\/person\/68ede8bdc292885bb76c1e3810e73c39"},"breadcrumb":{"@id":"https:\/\/interamerica.org\/fr\/2015\/03\/plus-de-2000-personnes-seront-baptisees-dans-le-lac-nicaragua-ce-weekend\/#breadcrumb"},"inLanguage":"fr-FR","potentialAction":[{"@type":"ReadAction","target":["https:\/\/interamerica.org\/fr\/2015\/03\/plus-de-2000-personnes-seront-baptisees-dans-le-lac-nicaragua-ce-weekend\/"]}]},{"@type":"ImageObject","inLanguage":"fr-FR","@id":"https:\/\/interamerica.org\/fr\/2015\/03\/plus-de-2000-personnes-seront-baptisees-dans-le-lac-nicaragua-ce-weekend\/#primaryimage","url":"https:\/\/interamerica.org\/wp-content\/uploads\/2017\/06\/NICA600.png","contentUrl":"https:\/\/interamerica.org\/wp-content\/uploads\/2017\/06\/NICA600.png","width":600,"height":399},{"@type":"BreadcrumbList","@id":"https:\/\/interamerica.org\/fr\/2015\/03\/plus-de-2000-personnes-seront-baptisees-dans-le-lac-nicaragua-ce-weekend\/#breadcrumb","itemListElement":[{"@type":"ListItem","position":1,"name":"Home","item":"https:\/\/interamerica.org\/fr\/"},{"@type":"ListItem","position":2,"name":"Plus de 2000 personnes seront baptis\u00e9es dans le Lac Nicaragua ce weekend"}]},{"@type":"WebSite","@id":"https:\/\/interamerica.org\/fr\/#website","url":"https:\/\/interamerica.org\/fr\/","name":"\u00c9glise Adventiste Du Septieme Jour - Inter Am\u00e9rique Division","description":"","potentialAction":[{"@type":"SearchAction","target":{"@type":"EntryPoint","urlTemplate":"https:\/\/interamerica.org\/fr\/?s={search_term_string}"},"query-input":{"@type":"PropertyValueSpecification","valueRequired":true,"valueName":"search_term_string"}}],"inLanguage":"fr-FR"},{"@type":"Person","@id":"https:\/\/interamerica.org\/fr\/#\/schema\/person\/68ede8bdc292885bb76c1e3810e73c39","name":"Lorenzo Verduzco","image":{"@type":"ImageObject","inLanguage":"fr-FR","@id":"https:\/\/secure.gravatar.com\/avatar\/fb81a55b6218459490a9c1dc841a34909185b81904c5337b4b27f7a6fd60c49e?s=96&d=mm&r=g","url":"https:\/\/secure.gravatar.com\/avatar\/fb81a55b6218459490a9c1dc841a34909185b81904c5337b4b27f7a6fd60c49e?s=96&d=mm&r=g","contentUrl":"https:\/\/secure.gravatar.com\/avatar\/fb81a55b6218459490a9c1dc841a34909185b81904c5337b4b27f7a6fd60c49e?s=96&d=mm&r=g","caption":"Lorenzo Verduzco"}}]}},"_links":{"self":[{"href":"https:\/\/interamerica.org\/fr\/wp-json\/wp\/v2\/posts\/32195","targetHints":{"allow":["GET"]}}],"collection":[{"href":"https:\/\/interamerica.org\/fr\/wp-json\/wp\/v2\/posts"}],"about":[{"href":"https:\/\/interamerica.org\/fr\/wp-json\/wp\/v2\/types\/post"}],"author":[{"embeddable":true,"href":"https:\/\/interamerica.org\/fr\/wp-json\/wp\/v2\/users\/1"}],"replies":[{"embeddable":true,"href":"https:\/\/interamerica.org\/fr\/wp-json\/wp\/v2\/comments?post=32195"}],"version-history":[{"count":0,"href":"https:\/\/interamerica.org\/fr\/wp-json\/wp\/v2\/posts\/32195\/revisions"}],"wp:featuredmedia":[{"embeddable":true,"href":"https:\/\/interamerica.org\/fr\/wp-json\/wp\/v2\/media\/24608"}],"wp:attachment":[{"href":"https:\/\/interamerica.org\/fr\/wp-json\/wp\/v2\/media?parent=32195"}],"wp:term":[{"taxonomy":"category","embeddable":true,"href":"https:\/\/interamerica.org\/fr\/wp-json\/wp\/v2\/categories?post=32195"},{"taxonomy":"post_tag","embeddable":true,"href":"https:\/\/interamerica.org\/fr\/wp-json\/wp\/v2\/tags?post=32195"}],"curies":[{"name":"wp","href":"https:\/\/api.w.org\/{rel}","templated":true}]}}