{"id":32196,"date":"2015-03-14T00:00:00","date_gmt":"2015-03-14T04:00:00","guid":{"rendered":"http:\/\/192.81.217.108\/interamerica\/2015\/03\/un-homme-age-de-110-ans-baptise-au-guatemala\/"},"modified":"2015-03-14T00:00:00","modified_gmt":"2015-03-14T04:00:00","slug":"un-homme-age-de-110-ans-baptise-au-guatemala","status":"publish","type":"post","link":"https:\/\/interamerica.org\/fr\/2015\/03\/un-homme-age-de-110-ans-baptise-au-guatemala\/","title":{"rendered":"Un homme \u00e2g\u00e9 de 110 ans baptis\u00e9 au Guatemala"},"content":{"rendered":"<div id=\"attachment_15631\" style=\"width: 410px\" class=\"wp-caption alignleft\"><a href=\"\/interamerica\/wp-content\/uploads\/2017\/06\/JoaquinTzocbaptism400.png\" rel=\"fancybox\" title=\"Un homme \u00e2g\u00e9 de 110 ans baptis\u00e9 au Guatemala\"><img fetchpriority=\"high\" decoding=\"async\" aria-describedby=\"caption-attachment-15631\" class=\"size-full wp-image-15631\" src=\"\/interamerica\/wp-content\/uploads\/2017\/06\/JoaquinTzocbaptism400.png\" alt=\"\" width=\"400\" height=\"299\" \/><\/a><p id=\"caption-attachment-15631\" class=\"wp-caption-text\">Joaquin Tzoc (au centre), 110 ans, se fait aider pour sortir de l\u2019eau apr\u00e8s avoir \u00e9t\u00e9 baptis\u00e9 par le pasteur Anibal Perez (\u00e0 gauche) \u00e0 San Andres, \u00e0 Sajcabaja \u00e0 Quiche au Guatemala le 31 janvier 2015, sous les regards de ses fr\u00e8res et s\u0153urs Adventistes du Septi\u00e8me Jour. Joaquin Tzoc devient ainsi le membre le plus \u00e2g\u00e9 de l\u2019\u00c9glise Adventiste d\u2019Agostadero \u00e0 Quiche dans la r\u00e9gion Nord-ouest du Guatemala. Image de Rosita Hernandez\/DIA.<\/p><\/div>\n<p>13 Mars 2015 \u2013 Quiche, Guatemala \u2013 Andrew McChesney, r\u00e9dacteur, Adventist Review et Libna Stevens\/DIA.<\/p>\n<p>Un guat\u00e9malt\u00e8que \u00e2g\u00e9 de 110 ans pourrait bien \u00eatre l\u2019homme le plus \u00e2g\u00e9 \u00e0 jamais avoir \u00e9t\u00e9 baptis\u00e9 dans l\u2019Eglise Adventiste du Septi\u00e8me Jour et, disent les leaders de l\u2019\u00e9glise, un exemple de ce qu\u2019il n\u2019est jamais trop tard pour accepter J\u00e9sus.<\/p>\n<p>Joaquin Tzoc et sa nouvelle \u00e9pouse Petronilla, 98 ans, sont devenus les premiers dans leur grande famille \u00e0 rejoindre l\u2019Eglise Adventiste lorsqu\u2019ils ont \u00e9t\u00e9 baptis\u00e9s dans la ville montagneuse de San Andres, \u00e0 Sajcabaja pr\u00e8s de la fronti\u00e8re mexicaine.<\/p>\n<p>\u00ab Les leaders de l\u2019\u00e9glise ont rappel\u00e9 \u00e0 ceux qui \u00e9taient venus assister au bapt\u00eame qu\u2019il n\u2019est jamais trop tard pour donner sa vie \u00e0 J\u00e9sus, \u00bb a dit Gustavo Menendez, directeur de la communication pour l\u2019Eglise Adventiste au Guatemala.<\/p>\n<p>A 110 ans, Joaquin Tzoc a le m\u00eame \u00e2ge que le h\u00e9ro biblique Joseph au moment de sa mort, Mo\u00efse, le leader Isra\u00e9lite n\u2019avait que 10 ans de plus lorsqu\u2019il a gravi le Mont Nebo et a regard\u00e9 avec envie la terre Promise plus bas avant de mourir.<\/p>\n<p>Joaquin Tzoc est n\u00e9 en 1905, l\u2019ann\u00e9e o\u00f9 Albert Einstein a introduit sa fameuse \u00e9quation E=MC2, l\u2019ann\u00e9e o\u00f9 le Tsar Nicolas II a arr\u00eat\u00e9 une r\u00e9volution sanglante dans l\u2019Empire Russe.<\/p>\n<p>C\u2019est \u00e9galement en 1905 que sont n\u00e9s le magnat am\u00e9ricain Howard Hughes (d\u00e9c\u00e9d\u00e9 en 1976) et Maria Von Trapp, la chanteuse australienne qui a \u00e9t\u00e9 l\u2019inspiration pour la com\u00e9die musicale \u00ab La M\u00e9lodie du Bonheur \u00bb (elle est d\u00e9c\u00e9d\u00e9e en 1987).<\/p>\n<p>La cofondatrice de l\u2019Eglise Adventiste, Ellen G. White \u00e9tait encore en vie en 1905, elle a d\u2019ailleurs continu\u00e9 \u00e0 \u00e9crire et \u00e0 pr\u00eacher pendant encore une d\u00e9cennie.<\/p>\n<p>Pendant des ann\u00e9es, les membres d\u2019\u00e9glise ont visit\u00e9 Joaquin Tzoc \u00e0 plusieurs reprises dans sa maison situ\u00e9e dans les montagnes, mais il a toujours \u00e9cart\u00e9 l\u2019id\u00e9e du bapt\u00eame ou alors d\u2019\u00e9pouser celle qui \u00e9tait sa concubine et avec qui il vivait depuis des dizaines d\u2019ann\u00e9es. Il disait qu\u2019il \u00e9tait trop tard pour se marier parce qu\u2019ils \u00e9taient d\u00e9j\u00e0 trop vieux.<\/p>\n<p>Il est par la suite tomb\u00e9 malade et a perdu la vue. \u00ab Les fr\u00e8res disent que Dieu a utilis\u00e9 les circonstances, \u00bb a dit Gustavo Menendez. \u00ab Alors il s\u2019est mari\u00e9, et ensemble ils ont \u00e9t\u00e9 baptis\u00e9s. \u00bb<\/p>\n<p>Des dizaines de personnes venues de l\u2019Eglise Adventiste d\u2019Agostadero se sont assembl\u00e9es autour de la piscine alors que pasteur Anibal Perez et un autre membre d\u2019\u00e9glise aidaient Joaquin Tzoc \u00e0 descendre dans les eaux bleues en cette fin du mois de janvier. Son \u00e9pouse a \u00e9t\u00e9 baptis\u00e9e le m\u00eame jour.<\/p>\n<p>Le couple a cinq enfants et 20 petits-enfants.<\/p>\n<p>L\u2019Eglise Adventiste n\u2019\u00e9tablit pas de statistiques sur les personnes \u00e2g\u00e9es de plus de 100 ans qui se font baptiser, a dit David Trim, directeur du Bureau des Archives, Statistiques et Recherches.<\/p>\n<p>\u00ab Nous ne recueillons pas de statistiques sur pas mal de choses, \u00bb a t-il dit vendredi. \u00ab Celle-ci serait une statistique int\u00e9ressante. \u00bb<\/p>\n<p>Traduction: Patrick Luciathe<\/p>\n","protected":false},"excerpt":{"rendered":"<p>Un guat\u00e9malt\u00e8que \u00e2g\u00e9 de 110 ans pourrait bien \u00eatre l\u2019homme le plus \u00e2g\u00e9 \u00e0 jamais avoir \u00e9t\u00e9 baptis\u00e9 dans l\u2019Eglise Adventiste du Septi\u00e8me Jour et, disent les leaders de l\u2019\u00e9glise, un exemple de ce qu\u2019il n\u2019est jamais trop tard pour accepter J\u00e9sus.  <\/p>\n<p>Joaquin Tzoc et sa nouvelle \u00e9pouse Petronilla, 98 ans, sont devenus les premiers dans leur grande famille \u00e0 rejoindre l\u2019Eglise Adventiste lorsqu\u2019ils ont \u00e9t\u00e9 baptis\u00e9s dans la ville montagneuse de San Andres, \u00e0 Sajcabaja pr\u00e8s de la fronti\u00e8re mexicaine.<\/p>\n","protected":false},"author":1,"featured_media":24618,"comment_status":"closed","ping_status":"closed","sticky":false,"template":"","format":"standard","meta":{"_acf_changed":false,"footnotes":""},"categories":[21,19],"tags":[],"class_list":["post-32196","post","type-post","status-publish","format-standard","has-post-thumbnail","hentry","category-nouvelles-du-territoire","category-rss-francais"],"acf":[],"yoast_head":"<!-- This site is optimized with the Yoast SEO plugin v27.3 - https:\/\/yoast.com\/product\/yoast-seo-wordpress\/ -->\n<title>Un homme \u00e2g\u00e9 de 110 ans baptis\u00e9 au Guatemala - \u00c9glise Adventiste Du Septieme Jour - Inter Am\u00e9rique Division<\/title>\n<meta name=\"robots\" content=\"index, follow, max-snippet:-1, max-image-preview:large, max-video-preview:-1\" \/>\n<link rel=\"canonical\" href=\"https:\/\/interamerica.org\/fr\/2015\/03\/un-homme-age-de-110-ans-baptise-au-guatemala\/\" \/>\n<meta property=\"og:locale\" content=\"fr_FR\" \/>\n<meta property=\"og:type\" content=\"article\" \/>\n<meta property=\"og:title\" content=\"Un homme \u00e2g\u00e9 de 110 ans baptis\u00e9 au Guatemala - \u00c9glise Adventiste Du Septieme Jour - Inter Am\u00e9rique Division\" \/>\n<meta property=\"og:description\" content=\"Un guat\u00e9malt\u00e8que \u00e2g\u00e9 de 110 ans pourrait bien \u00eatre l\u2019homme le plus \u00e2g\u00e9 \u00e0 jamais avoir \u00e9t\u00e9 baptis\u00e9 dans l\u2019Eglise Adventiste du Septi\u00e8me Jour et, disent les leaders de l\u2019\u00e9glise, un exemple de ce qu\u2019il n\u2019est jamais trop tard pour accepter J\u00e9sus.  Joaquin Tzoc et sa nouvelle \u00e9pouse Petronilla, 98 ans, sont devenus les premiers dans leur grande famille \u00e0 rejoindre l\u2019Eglise Adventiste lorsqu\u2019ils ont \u00e9t\u00e9 baptis\u00e9s dans la ville montagneuse de San Andres, \u00e0 Sajcabaja pr\u00e8s de la fronti\u00e8re mexicaine.\" \/>\n<meta property=\"og:url\" content=\"https:\/\/interamerica.org\/fr\/2015\/03\/un-homme-age-de-110-ans-baptise-au-guatemala\/\" \/>\n<meta property=\"og:site_name\" content=\"\u00c9glise Adventiste Du Septieme Jour - Inter Am\u00e9rique Division\" \/>\n<meta property=\"article:published_time\" content=\"2015-03-14T04:00:00+00:00\" \/>\n<meta property=\"og:image\" content=\"https:\/\/interamerica.org\/wp-content\/uploads\/2017\/06\/JoaquinTzoc400.png\" \/>\n\t<meta property=\"og:image:width\" content=\"400\" \/>\n\t<meta property=\"og:image:height\" content=\"299\" \/>\n\t<meta property=\"og:image:type\" content=\"image\/png\" \/>\n<meta name=\"author\" content=\"Lorenzo Verduzco\" \/>\n<meta name=\"twitter:card\" content=\"summary_large_image\" \/>\n<meta name=\"twitter:label1\" content=\"\u00c9crit par\" \/>\n\t<meta name=\"twitter:data1\" content=\"Lorenzo Verduzco\" \/>\n\t<meta name=\"twitter:label2\" content=\"Dur\u00e9e de lecture estim\u00e9e\" \/>\n\t<meta name=\"twitter:data2\" content=\"3 minutes\" \/>\n<script type=\"application\/ld+json\" class=\"yoast-schema-graph\">{\"@context\":\"https:\\\/\\\/schema.org\",\"@graph\":[{\"@type\":\"Article\",\"@id\":\"https:\\\/\\\/interamerica.org\\\/fr\\\/2015\\\/03\\\/un-homme-age-de-110-ans-baptise-au-guatemala\\\/#article\",\"isPartOf\":{\"@id\":\"https:\\\/\\\/interamerica.org\\\/fr\\\/2015\\\/03\\\/un-homme-age-de-110-ans-baptise-au-guatemala\\\/\"},\"author\":{\"name\":\"Lorenzo Verduzco\",\"@id\":\"https:\\\/\\\/interamerica.org\\\/fr\\\/#\\\/schema\\\/person\\\/68ede8bdc292885bb76c1e3810e73c39\"},\"headline\":\"Un homme \u00e2g\u00e9 de 110 ans baptis\u00e9 au Guatemala\",\"datePublished\":\"2015-03-14T04:00:00+00:00\",\"mainEntityOfPage\":{\"@id\":\"https:\\\/\\\/interamerica.org\\\/fr\\\/2015\\\/03\\\/un-homme-age-de-110-ans-baptise-au-guatemala\\\/\"},\"wordCount\":627,\"image\":{\"@id\":\"https:\\\/\\\/interamerica.org\\\/fr\\\/2015\\\/03\\\/un-homme-age-de-110-ans-baptise-au-guatemala\\\/#primaryimage\"},\"thumbnailUrl\":\"https:\\\/\\\/interamerica.org\\\/wp-content\\\/uploads\\\/2017\\\/06\\\/JoaquinTzoc400.png\",\"articleSection\":[\"Nouvelles du territoire\",\"RSS Fran\u00e7ais\"],\"inLanguage\":\"fr-FR\"},{\"@type\":\"WebPage\",\"@id\":\"https:\\\/\\\/interamerica.org\\\/fr\\\/2015\\\/03\\\/un-homme-age-de-110-ans-baptise-au-guatemala\\\/\",\"url\":\"https:\\\/\\\/interamerica.org\\\/fr\\\/2015\\\/03\\\/un-homme-age-de-110-ans-baptise-au-guatemala\\\/\",\"name\":\"Un homme \u00e2g\u00e9 de 110 ans baptis\u00e9 au Guatemala - \u00c9glise Adventiste Du Septieme Jour - Inter Am\u00e9rique Division\",\"isPartOf\":{\"@id\":\"https:\\\/\\\/interamerica.org\\\/fr\\\/#website\"},\"primaryImageOfPage\":{\"@id\":\"https:\\\/\\\/interamerica.org\\\/fr\\\/2015\\\/03\\\/un-homme-age-de-110-ans-baptise-au-guatemala\\\/#primaryimage\"},\"image\":{\"@id\":\"https:\\\/\\\/interamerica.org\\\/fr\\\/2015\\\/03\\\/un-homme-age-de-110-ans-baptise-au-guatemala\\\/#primaryimage\"},\"thumbnailUrl\":\"https:\\\/\\\/interamerica.org\\\/wp-content\\\/uploads\\\/2017\\\/06\\\/JoaquinTzoc400.png\",\"datePublished\":\"2015-03-14T04:00:00+00:00\",\"author\":{\"@id\":\"https:\\\/\\\/interamerica.org\\\/fr\\\/#\\\/schema\\\/person\\\/68ede8bdc292885bb76c1e3810e73c39\"},\"breadcrumb\":{\"@id\":\"https:\\\/\\\/interamerica.org\\\/fr\\\/2015\\\/03\\\/un-homme-age-de-110-ans-baptise-au-guatemala\\\/#breadcrumb\"},\"inLanguage\":\"fr-FR\",\"potentialAction\":[{\"@type\":\"ReadAction\",\"target\":[\"https:\\\/\\\/interamerica.org\\\/fr\\\/2015\\\/03\\\/un-homme-age-de-110-ans-baptise-au-guatemala\\\/\"]}]},{\"@type\":\"ImageObject\",\"inLanguage\":\"fr-FR\",\"@id\":\"https:\\\/\\\/interamerica.org\\\/fr\\\/2015\\\/03\\\/un-homme-age-de-110-ans-baptise-au-guatemala\\\/#primaryimage\",\"url\":\"https:\\\/\\\/interamerica.org\\\/wp-content\\\/uploads\\\/2017\\\/06\\\/JoaquinTzoc400.png\",\"contentUrl\":\"https:\\\/\\\/interamerica.org\\\/wp-content\\\/uploads\\\/2017\\\/06\\\/JoaquinTzoc400.png\",\"width\":400,\"height\":299},{\"@type\":\"BreadcrumbList\",\"@id\":\"https:\\\/\\\/interamerica.org\\\/fr\\\/2015\\\/03\\\/un-homme-age-de-110-ans-baptise-au-guatemala\\\/#breadcrumb\",\"itemListElement\":[{\"@type\":\"ListItem\",\"position\":1,\"name\":\"Home\",\"item\":\"https:\\\/\\\/interamerica.org\\\/fr\\\/\"},{\"@type\":\"ListItem\",\"position\":2,\"name\":\"Un homme \u00e2g\u00e9 de 110 ans baptis\u00e9 au Guatemala\"}]},{\"@type\":\"WebSite\",\"@id\":\"https:\\\/\\\/interamerica.org\\\/fr\\\/#website\",\"url\":\"https:\\\/\\\/interamerica.org\\\/fr\\\/\",\"name\":\"\u00c9glise Adventiste Du Septieme Jour - Inter Am\u00e9rique Division\",\"description\":\"\",\"potentialAction\":[{\"@type\":\"SearchAction\",\"target\":{\"@type\":\"EntryPoint\",\"urlTemplate\":\"https:\\\/\\\/interamerica.org\\\/fr\\\/?s={search_term_string}\"},\"query-input\":{\"@type\":\"PropertyValueSpecification\",\"valueRequired\":true,\"valueName\":\"search_term_string\"}}],\"inLanguage\":\"fr-FR\"},{\"@type\":\"Person\",\"@id\":\"https:\\\/\\\/interamerica.org\\\/fr\\\/#\\\/schema\\\/person\\\/68ede8bdc292885bb76c1e3810e73c39\",\"name\":\"Lorenzo Verduzco\",\"image\":{\"@type\":\"ImageObject\",\"inLanguage\":\"fr-FR\",\"@id\":\"https:\\\/\\\/secure.gravatar.com\\\/avatar\\\/fb81a55b6218459490a9c1dc841a34909185b81904c5337b4b27f7a6fd60c49e?s=96&d=mm&r=g\",\"url\":\"https:\\\/\\\/secure.gravatar.com\\\/avatar\\\/fb81a55b6218459490a9c1dc841a34909185b81904c5337b4b27f7a6fd60c49e?s=96&d=mm&r=g\",\"contentUrl\":\"https:\\\/\\\/secure.gravatar.com\\\/avatar\\\/fb81a55b6218459490a9c1dc841a34909185b81904c5337b4b27f7a6fd60c49e?s=96&d=mm&r=g\",\"caption\":\"Lorenzo Verduzco\"}}]}<\/script>\n<!-- \/ Yoast SEO plugin. -->","yoast_head_json":{"title":"Un homme \u00e2g\u00e9 de 110 ans baptis\u00e9 au Guatemala - \u00c9glise Adventiste Du Septieme Jour - Inter Am\u00e9rique Division","robots":{"index":"index","follow":"follow","max-snippet":"max-snippet:-1","max-image-preview":"max-image-preview:large","max-video-preview":"max-video-preview:-1"},"canonical":"https:\/\/interamerica.org\/fr\/2015\/03\/un-homme-age-de-110-ans-baptise-au-guatemala\/","og_locale":"fr_FR","og_type":"article","og_title":"Un homme \u00e2g\u00e9 de 110 ans baptis\u00e9 au Guatemala - \u00c9glise Adventiste Du Septieme Jour - Inter Am\u00e9rique Division","og_description":"Un guat\u00e9malt\u00e8que \u00e2g\u00e9 de 110 ans pourrait bien \u00eatre l\u2019homme le plus \u00e2g\u00e9 \u00e0 jamais avoir \u00e9t\u00e9 baptis\u00e9 dans l\u2019Eglise Adventiste du Septi\u00e8me Jour et, disent les leaders de l\u2019\u00e9glise, un exemple de ce qu\u2019il n\u2019est jamais trop tard pour accepter J\u00e9sus.  Joaquin Tzoc et sa nouvelle \u00e9pouse Petronilla, 98 ans, sont devenus les premiers dans leur grande famille \u00e0 rejoindre l\u2019Eglise Adventiste lorsqu\u2019ils ont \u00e9t\u00e9 baptis\u00e9s dans la ville montagneuse de San Andres, \u00e0 Sajcabaja pr\u00e8s de la fronti\u00e8re mexicaine.","og_url":"https:\/\/interamerica.org\/fr\/2015\/03\/un-homme-age-de-110-ans-baptise-au-guatemala\/","og_site_name":"\u00c9glise Adventiste Du Septieme Jour - Inter Am\u00e9rique Division","article_published_time":"2015-03-14T04:00:00+00:00","og_image":[{"width":400,"height":299,"url":"https:\/\/interamerica.org\/wp-content\/uploads\/2017\/06\/JoaquinTzoc400.png","type":"image\/png"}],"author":"Lorenzo Verduzco","twitter_card":"summary_large_image","twitter_misc":{"\u00c9crit par":"Lorenzo Verduzco","Dur\u00e9e de lecture estim\u00e9e":"3 minutes"},"schema":{"@context":"https:\/\/schema.org","@graph":[{"@type":"Article","@id":"https:\/\/interamerica.org\/fr\/2015\/03\/un-homme-age-de-110-ans-baptise-au-guatemala\/#article","isPartOf":{"@id":"https:\/\/interamerica.org\/fr\/2015\/03\/un-homme-age-de-110-ans-baptise-au-guatemala\/"},"author":{"name":"Lorenzo Verduzco","@id":"https:\/\/interamerica.org\/fr\/#\/schema\/person\/68ede8bdc292885bb76c1e3810e73c39"},"headline":"Un homme \u00e2g\u00e9 de 110 ans baptis\u00e9 au Guatemala","datePublished":"2015-03-14T04:00:00+00:00","mainEntityOfPage":{"@id":"https:\/\/interamerica.org\/fr\/2015\/03\/un-homme-age-de-110-ans-baptise-au-guatemala\/"},"wordCount":627,"image":{"@id":"https:\/\/interamerica.org\/fr\/2015\/03\/un-homme-age-de-110-ans-baptise-au-guatemala\/#primaryimage"},"thumbnailUrl":"https:\/\/interamerica.org\/wp-content\/uploads\/2017\/06\/JoaquinTzoc400.png","articleSection":["Nouvelles du territoire","RSS Fran\u00e7ais"],"inLanguage":"fr-FR"},{"@type":"WebPage","@id":"https:\/\/interamerica.org\/fr\/2015\/03\/un-homme-age-de-110-ans-baptise-au-guatemala\/","url":"https:\/\/interamerica.org\/fr\/2015\/03\/un-homme-age-de-110-ans-baptise-au-guatemala\/","name":"Un homme \u00e2g\u00e9 de 110 ans baptis\u00e9 au Guatemala - \u00c9glise Adventiste Du Septieme Jour - Inter Am\u00e9rique Division","isPartOf":{"@id":"https:\/\/interamerica.org\/fr\/#website"},"primaryImageOfPage":{"@id":"https:\/\/interamerica.org\/fr\/2015\/03\/un-homme-age-de-110-ans-baptise-au-guatemala\/#primaryimage"},"image":{"@id":"https:\/\/interamerica.org\/fr\/2015\/03\/un-homme-age-de-110-ans-baptise-au-guatemala\/#primaryimage"},"thumbnailUrl":"https:\/\/interamerica.org\/wp-content\/uploads\/2017\/06\/JoaquinTzoc400.png","datePublished":"2015-03-14T04:00:00+00:00","author":{"@id":"https:\/\/interamerica.org\/fr\/#\/schema\/person\/68ede8bdc292885bb76c1e3810e73c39"},"breadcrumb":{"@id":"https:\/\/interamerica.org\/fr\/2015\/03\/un-homme-age-de-110-ans-baptise-au-guatemala\/#breadcrumb"},"inLanguage":"fr-FR","potentialAction":[{"@type":"ReadAction","target":["https:\/\/interamerica.org\/fr\/2015\/03\/un-homme-age-de-110-ans-baptise-au-guatemala\/"]}]},{"@type":"ImageObject","inLanguage":"fr-FR","@id":"https:\/\/interamerica.org\/fr\/2015\/03\/un-homme-age-de-110-ans-baptise-au-guatemala\/#primaryimage","url":"https:\/\/interamerica.org\/wp-content\/uploads\/2017\/06\/JoaquinTzoc400.png","contentUrl":"https:\/\/interamerica.org\/wp-content\/uploads\/2017\/06\/JoaquinTzoc400.png","width":400,"height":299},{"@type":"BreadcrumbList","@id":"https:\/\/interamerica.org\/fr\/2015\/03\/un-homme-age-de-110-ans-baptise-au-guatemala\/#breadcrumb","itemListElement":[{"@type":"ListItem","position":1,"name":"Home","item":"https:\/\/interamerica.org\/fr\/"},{"@type":"ListItem","position":2,"name":"Un homme \u00e2g\u00e9 de 110 ans baptis\u00e9 au Guatemala"}]},{"@type":"WebSite","@id":"https:\/\/interamerica.org\/fr\/#website","url":"https:\/\/interamerica.org\/fr\/","name":"\u00c9glise Adventiste Du Septieme Jour - Inter Am\u00e9rique Division","description":"","potentialAction":[{"@type":"SearchAction","target":{"@type":"EntryPoint","urlTemplate":"https:\/\/interamerica.org\/fr\/?s={search_term_string}"},"query-input":{"@type":"PropertyValueSpecification","valueRequired":true,"valueName":"search_term_string"}}],"inLanguage":"fr-FR"},{"@type":"Person","@id":"https:\/\/interamerica.org\/fr\/#\/schema\/person\/68ede8bdc292885bb76c1e3810e73c39","name":"Lorenzo Verduzco","image":{"@type":"ImageObject","inLanguage":"fr-FR","@id":"https:\/\/secure.gravatar.com\/avatar\/fb81a55b6218459490a9c1dc841a34909185b81904c5337b4b27f7a6fd60c49e?s=96&d=mm&r=g","url":"https:\/\/secure.gravatar.com\/avatar\/fb81a55b6218459490a9c1dc841a34909185b81904c5337b4b27f7a6fd60c49e?s=96&d=mm&r=g","contentUrl":"https:\/\/secure.gravatar.com\/avatar\/fb81a55b6218459490a9c1dc841a34909185b81904c5337b4b27f7a6fd60c49e?s=96&d=mm&r=g","caption":"Lorenzo Verduzco"}}]}},"_links":{"self":[{"href":"https:\/\/interamerica.org\/fr\/wp-json\/wp\/v2\/posts\/32196","targetHints":{"allow":["GET"]}}],"collection":[{"href":"https:\/\/interamerica.org\/fr\/wp-json\/wp\/v2\/posts"}],"about":[{"href":"https:\/\/interamerica.org\/fr\/wp-json\/wp\/v2\/types\/post"}],"author":[{"embeddable":true,"href":"https:\/\/interamerica.org\/fr\/wp-json\/wp\/v2\/users\/1"}],"replies":[{"embeddable":true,"href":"https:\/\/interamerica.org\/fr\/wp-json\/wp\/v2\/comments?post=32196"}],"version-history":[{"count":0,"href":"https:\/\/interamerica.org\/fr\/wp-json\/wp\/v2\/posts\/32196\/revisions"}],"wp:featuredmedia":[{"embeddable":true,"href":"https:\/\/interamerica.org\/fr\/wp-json\/wp\/v2\/media\/24618"}],"wp:attachment":[{"href":"https:\/\/interamerica.org\/fr\/wp-json\/wp\/v2\/media?parent=32196"}],"wp:term":[{"taxonomy":"category","embeddable":true,"href":"https:\/\/interamerica.org\/fr\/wp-json\/wp\/v2\/categories?post=32196"},{"taxonomy":"post_tag","embeddable":true,"href":"https:\/\/interamerica.org\/fr\/wp-json\/wp\/v2\/tags?post=32196"}],"curies":[{"name":"wp","href":"https:\/\/api.w.org\/{rel}","templated":true}]}}