{"id":32197,"date":"2015-03-14T00:00:00","date_gmt":"2015-03-14T04:00:00","guid":{"rendered":"http:\/\/192.81.217.108\/interamerica\/2015\/03\/le-maire-de-la-plus-grande-ville-du-belize-fait-leloge-de-leducation-adventiste\/"},"modified":"2015-03-14T00:00:00","modified_gmt":"2015-03-14T04:00:00","slug":"le-maire-de-la-plus-grande-ville-du-belize-fait-leloge-de-leducation-adventiste","status":"publish","type":"post","link":"https:\/\/interamerica.org\/fr\/2015\/03\/le-maire-de-la-plus-grande-ville-du-belize-fait-leloge-de-leducation-adventiste\/","title":{"rendered":"Le maire de la plus grande ville du Belize fait l\u2019\u00e9loge de l\u2019\u00e9ducation Adventiste."},"content":{"rendered":"<div id=\"attachment_15637\" style=\"width: 610px\" class=\"wp-caption aligncenter\"><a href=\"\/interamerica\/wp-content\/uploads\/2017\/06\/WilsonvisitBelize600.png\" rel=\"fancybox\" title=\"Le maire de la plus grande ville du Belize fait l\u2019\u00e9loge de l\u2019\u00e9ducation Adventiste.\"><img fetchpriority=\"high\" decoding=\"async\" aria-describedby=\"caption-attachment-15637\" class=\"size-full wp-image-15637\" src=\"\/interamerica\/wp-content\/uploads\/2017\/06\/WilsonvisitBelize600.png\" alt=\"\" width=\"600\" height=\"377\" \/><\/a><p id=\"caption-attachment-15637\" class=\"wp-caption-text\">Vue depuis la plateforme des 2000 Adventistes attendant que le pr\u00e9sident Ted N.C. Wilson prenne la parole \u00e0 Belmopan, au Belize le 12 mars. Image de Ted N.C. Wilson.<\/p><\/div>\n<p>13 Mars 2015 \u2013 Belmopan, Belize \u2013 Andrew McChesney, r\u00e9dacteur, Adventist Review<\/p>\n<p>Le maire de la plus grande ville du Belize a f\u00e9licit\u00e9 l\u2019Eglise Adventiste du Septi\u00e8me Jour pour son action dans ce pays d\u2019Am\u00e9rique Centrale et a soulign\u00e9 combien il appr\u00e9ciait son important r\u00e9seau d\u2019\u00e9coles locales.<\/p>\n<p>Le maire de Belize City, Darrell Bradley, accompagn\u00e9 de son adjoint, a accueilli le pr\u00e9sident de l\u2019Eglise Adventiste Ted N.C. Wilson ainsi que son \u00e9pouse Nancy, \u00e0 leur arriv\u00e9e \u00e0 l\u2019a\u00e9roport jeudi pour ce qui \u00e9tait le d\u00e9but d\u2019une visite de six pays de la Division Inter Am\u00e9ricaine de l\u2019Eglise Adventiste.<\/p>\n<div id=\"attachment_15639\" style=\"width: 281px\" class=\"wp-caption alignleft\"><a href=\"\/interamerica\/wp-content\/uploads\/2017\/06\/IMG_4552.jpg\" rel=\"fancybox\" title=\"Le maire de la plus grande ville du Belize fait l\u2019\u00e9loge de l\u2019\u00e9ducation Adventiste.\"><img decoding=\"async\" aria-describedby=\"caption-attachment-15639\" class=\"size-medium wp-image-15639\" src=\"\/interamerica\/wp-content\/uploads\/2017\/06\/IMG_4552-271x300.jpg\" alt=\"\" width=\"271\" height=\"300\" \/><\/a><p id=\"caption-attachment-15639\" class=\"wp-caption-text\">Le maire, Darrell Bradley, \u00e0 droite, rencontrant Ted N.C. Wilson, au centre, et Isra\u00ebl Leito \u00e0 l\u2019a\u00e9roport.<\/p><\/div>\n<p>Le pr\u00e9sident de la division, Isra\u00ebl Leito, accompagne Ted Wilson lors de ce voyage.<\/p>\n<p>\u00ab Le maire a exprim\u00e9 sa reconnaissance pour les nombreuses choses que r\u00e9alisait l\u2019Eglise Adventiste, en particulier notre important syst\u00e8me \u00e9ducatif ici au Belize, \u00bb a dit Ted Wilson \u00e0 Adventist Review vendredi.<\/p>\n<p>L\u2019Eglise Adventiste a une pr\u00e9sence tr\u00e8s forte dans le domaine \u00e9ducatif dans ce petit pays de 341000 habitants qui borde le Mexique et le Guatemala \u00e0 l\u2019ouest et fait face \u00e0 la Mer des Cara\u00efbes \u00e0 l\u2019est. Ted Wilson a d\u00e9clar\u00e9 que 300 \u00e0 600 \u00e9tudiants sont baptis\u00e9s chaque ann\u00e9e dans le syst\u00e8me \u00e9ducatif, lequel compte quatre maternelles, 20 \u00e9coles primaires, cinq \u00e9coles secondaires et un institut universitaire de premier cycle.<\/p>\n<p>Pr\u00e8s d\u2019une personne sur huit au Belize est un membre de l\u2019Eglise Adventiste, et une part importante de ces membres, soit 70 pour cent, sont des jeunes.<\/p>\n<p>\u00ab Les gens savent qui sont les Adventistes du Septi\u00e8me Jour, \u00bb a dit Ted Wilson. \u00ab L\u2019Eglise Adventiste au Belize fait montre d\u2019un merveilleux et enthousiasmant esprit \u00e9vang\u00e9lique. Dieu b\u00e9nit l\u2019avancement de Son \u0153uvre. \u00bb<\/p>\n<p>En plus des responsables de la ville venus le recevoir, pasteur Wilson a \u00e9t\u00e9 accueilli \u00e0 l\u2019a\u00e9roport par des Eclaireurs bien habill\u00e9s ainsi qu\u2019une d\u00e9l\u00e9gation de dirigeants d\u2019\u00e9glise conduite par Dennis Slusher, pr\u00e9sident de l\u2019Union d\u2019Eglises du Belize. Accompagn\u00e9s d\u2019une escorte polici\u00e8re, les visiteurs se sont rendus dans la capitale du Belize, Belmopan, pour une rencontre le soir avec 2000 membres d\u2019\u00e9glise.<\/p>\n<p>Pasteur Wilson a invit\u00e9 l\u2019auditoire rassembl\u00e9 dans un auditorium \u00e0 l\u2019Universit\u00e9 du Belize \u00e0 \u00ab Secouer le Belize pour Christ, \u00bb faisant \u00e9cho \u00e0 un appel \u00e0 l\u2019action qu\u2019il a utilis\u00e9 dans d\u2019autres pays au cours des r\u00e9centes semaines.<\/p>\n<p>Vendredi, Ted Wilson s\u2019est envol\u00e9 pour Le Salvador, o\u00f9 il participera au culte d\u2019adoration le jour du sabbat. Dimanche il sera t\u00e9moin du bapt\u00eame de plus de 2000 personnes dans le Lac Nicaragua apr\u00e8s la premi\u00e8re campagne d\u2019\u00e9vang\u00e9lisation majeure organis\u00e9e dans ce pays. Il visitera \u00e9galement le Costa Rica et le Panama avant d\u2019achever son p\u00e9riple \u00e0 une conf\u00e9rence sur la libert\u00e9 religieuse en Colombie le 21 mars.<\/p>\n<p>L\u2019Eglise Adventiste se d\u00e9veloppe au Belize, un paradis touristique et le seul pays d\u2019Am\u00e9rique Centrale o\u00f9 l\u2019anglais est la langue officielle, depuis le d\u00e9but de l\u2019\u0153uvre en 1929. Ses 40898 membres se r\u00e9unissent pour adorer dans 90 \u00e9glises et 37 groupes. L\u2019\u00e9glise g\u00e8re aussi une clinique locale.<\/p>\n<p>\u00ab Je suis tr\u00e8s enthousiasm\u00e9 quand je pense aux membres et aux dirigeants d\u00e9vou\u00e9s au Belize, \u00bb a dit Ted Wilson. \u00ab Dieu utilise Son peuple d\u2019une fa\u00e7on merveilleuse. \u00bb<\/p>\n<p>Traduction: Patrick Luciathe<\/p>\n","protected":false},"excerpt":{"rendered":"<p>Le maire de la plus grande ville du Belize a f\u00e9licit\u00e9 l\u2019Eglise Adventiste du Septi\u00e8me Jour pour son action dans ce pays d\u2019Am\u00e9rique Centrale et a soulign\u00e9 combien il appr\u00e9ciait son important r\u00e9seau d\u2019\u00e9coles locales.  <\/p>\n<p>Le maire de Belize City, Darrell Bradley, accompagn\u00e9 de son adjoint, a accueilli le pr\u00e9sident de l\u2019Eglise Adventiste Ted N.C. Wilson ainsi que son \u00e9pouse Nancy, \u00e0 leur arriv\u00e9e \u00e0 l\u2019a\u00e9roport jeudi pour ce qui \u00e9tait le d\u00e9but d\u2019une visite de six pays de la Division Inter Am\u00e9ricaine de l\u2019Eglise Adventiste.<\/p>\n","protected":false},"author":1,"featured_media":24625,"comment_status":"closed","ping_status":"closed","sticky":false,"template":"","format":"standard","meta":{"_acf_changed":false,"footnotes":""},"categories":[21,19],"tags":[],"class_list":["post-32197","post","type-post","status-publish","format-standard","has-post-thumbnail","hentry","category-nouvelles-du-territoire","category-rss-francais"],"acf":[],"yoast_head":"<!-- This site is optimized with the Yoast SEO plugin v27.3 - https:\/\/yoast.com\/product\/yoast-seo-wordpress\/ -->\n<title>Le maire de la plus grande ville du Belize fait l\u2019\u00e9loge de l\u2019\u00e9ducation Adventiste. - \u00c9glise Adventiste Du Septieme Jour - Inter Am\u00e9rique Division<\/title>\n<meta name=\"robots\" content=\"index, follow, max-snippet:-1, max-image-preview:large, max-video-preview:-1\" \/>\n<link rel=\"canonical\" href=\"https:\/\/interamerica.org\/fr\/2015\/03\/le-maire-de-la-plus-grande-ville-du-belize-fait-leloge-de-leducation-adventiste\/\" \/>\n<meta property=\"og:locale\" content=\"fr_FR\" \/>\n<meta property=\"og:type\" content=\"article\" \/>\n<meta property=\"og:title\" content=\"Le maire de la plus grande ville du Belize fait l\u2019\u00e9loge de l\u2019\u00e9ducation Adventiste. - \u00c9glise Adventiste Du Septieme Jour - Inter Am\u00e9rique Division\" \/>\n<meta property=\"og:description\" content=\"Le maire de la plus grande ville du Belize a f\u00e9licit\u00e9 l\u2019Eglise Adventiste du Septi\u00e8me Jour pour son action dans ce pays d\u2019Am\u00e9rique Centrale et a soulign\u00e9 combien il appr\u00e9ciait son important r\u00e9seau d\u2019\u00e9coles locales.  Le maire de Belize City, Darrell Bradley, accompagn\u00e9 de son adjoint, a accueilli le pr\u00e9sident de l\u2019Eglise Adventiste Ted N.C. Wilson ainsi que son \u00e9pouse Nancy, \u00e0 leur arriv\u00e9e \u00e0 l\u2019a\u00e9roport jeudi pour ce qui \u00e9tait le d\u00e9but d\u2019une visite de six pays de la Division Inter Am\u00e9ricaine de l\u2019Eglise Adventiste.\" \/>\n<meta property=\"og:url\" content=\"https:\/\/interamerica.org\/fr\/2015\/03\/le-maire-de-la-plus-grande-ville-du-belize-fait-leloge-de-leducation-adventiste\/\" \/>\n<meta property=\"og:site_name\" content=\"\u00c9glise Adventiste Du Septieme Jour - Inter Am\u00e9rique Division\" \/>\n<meta property=\"article:published_time\" content=\"2015-03-14T04:00:00+00:00\" \/>\n<meta property=\"og:image\" content=\"https:\/\/interamerica.org\/wp-content\/uploads\/2017\/06\/Wilson-LeitoBelize.png\" \/>\n\t<meta property=\"og:image:width\" content=\"300\" \/>\n\t<meta property=\"og:image:height\" content=\"217\" \/>\n\t<meta property=\"og:image:type\" content=\"image\/png\" \/>\n<meta name=\"author\" content=\"Lorenzo Verduzco\" \/>\n<meta name=\"twitter:card\" content=\"summary_large_image\" \/>\n<meta name=\"twitter:label1\" content=\"\u00c9crit par\" \/>\n\t<meta name=\"twitter:data1\" content=\"Lorenzo Verduzco\" \/>\n\t<meta name=\"twitter:label2\" content=\"Dur\u00e9e de lecture estim\u00e9e\" \/>\n\t<meta name=\"twitter:data2\" content=\"3 minutes\" \/>\n<script type=\"application\/ld+json\" class=\"yoast-schema-graph\">{\"@context\":\"https:\\\/\\\/schema.org\",\"@graph\":[{\"@type\":\"Article\",\"@id\":\"https:\\\/\\\/interamerica.org\\\/fr\\\/2015\\\/03\\\/le-maire-de-la-plus-grande-ville-du-belize-fait-leloge-de-leducation-adventiste\\\/#article\",\"isPartOf\":{\"@id\":\"https:\\\/\\\/interamerica.org\\\/fr\\\/2015\\\/03\\\/le-maire-de-la-plus-grande-ville-du-belize-fait-leloge-de-leducation-adventiste\\\/\"},\"author\":{\"name\":\"Lorenzo Verduzco\",\"@id\":\"https:\\\/\\\/interamerica.org\\\/fr\\\/#\\\/schema\\\/person\\\/68ede8bdc292885bb76c1e3810e73c39\"},\"headline\":\"Le maire de la plus grande ville du Belize fait l\u2019\u00e9loge de l\u2019\u00e9ducation Adventiste.\",\"datePublished\":\"2015-03-14T04:00:00+00:00\",\"mainEntityOfPage\":{\"@id\":\"https:\\\/\\\/interamerica.org\\\/fr\\\/2015\\\/03\\\/le-maire-de-la-plus-grande-ville-du-belize-fait-leloge-de-leducation-adventiste\\\/\"},\"wordCount\":655,\"image\":{\"@id\":\"https:\\\/\\\/interamerica.org\\\/fr\\\/2015\\\/03\\\/le-maire-de-la-plus-grande-ville-du-belize-fait-leloge-de-leducation-adventiste\\\/#primaryimage\"},\"thumbnailUrl\":\"https:\\\/\\\/interamerica.org\\\/wp-content\\\/uploads\\\/2017\\\/06\\\/Wilson-LeitoBelize.png\",\"articleSection\":[\"Nouvelles du territoire\",\"RSS Fran\u00e7ais\"],\"inLanguage\":\"fr-FR\"},{\"@type\":\"WebPage\",\"@id\":\"https:\\\/\\\/interamerica.org\\\/fr\\\/2015\\\/03\\\/le-maire-de-la-plus-grande-ville-du-belize-fait-leloge-de-leducation-adventiste\\\/\",\"url\":\"https:\\\/\\\/interamerica.org\\\/fr\\\/2015\\\/03\\\/le-maire-de-la-plus-grande-ville-du-belize-fait-leloge-de-leducation-adventiste\\\/\",\"name\":\"Le maire de la plus grande ville du Belize fait l\u2019\u00e9loge de l\u2019\u00e9ducation Adventiste. - \u00c9glise Adventiste Du Septieme Jour - Inter Am\u00e9rique Division\",\"isPartOf\":{\"@id\":\"https:\\\/\\\/interamerica.org\\\/fr\\\/#website\"},\"primaryImageOfPage\":{\"@id\":\"https:\\\/\\\/interamerica.org\\\/fr\\\/2015\\\/03\\\/le-maire-de-la-plus-grande-ville-du-belize-fait-leloge-de-leducation-adventiste\\\/#primaryimage\"},\"image\":{\"@id\":\"https:\\\/\\\/interamerica.org\\\/fr\\\/2015\\\/03\\\/le-maire-de-la-plus-grande-ville-du-belize-fait-leloge-de-leducation-adventiste\\\/#primaryimage\"},\"thumbnailUrl\":\"https:\\\/\\\/interamerica.org\\\/wp-content\\\/uploads\\\/2017\\\/06\\\/Wilson-LeitoBelize.png\",\"datePublished\":\"2015-03-14T04:00:00+00:00\",\"author\":{\"@id\":\"https:\\\/\\\/interamerica.org\\\/fr\\\/#\\\/schema\\\/person\\\/68ede8bdc292885bb76c1e3810e73c39\"},\"breadcrumb\":{\"@id\":\"https:\\\/\\\/interamerica.org\\\/fr\\\/2015\\\/03\\\/le-maire-de-la-plus-grande-ville-du-belize-fait-leloge-de-leducation-adventiste\\\/#breadcrumb\"},\"inLanguage\":\"fr-FR\",\"potentialAction\":[{\"@type\":\"ReadAction\",\"target\":[\"https:\\\/\\\/interamerica.org\\\/fr\\\/2015\\\/03\\\/le-maire-de-la-plus-grande-ville-du-belize-fait-leloge-de-leducation-adventiste\\\/\"]}]},{\"@type\":\"ImageObject\",\"inLanguage\":\"fr-FR\",\"@id\":\"https:\\\/\\\/interamerica.org\\\/fr\\\/2015\\\/03\\\/le-maire-de-la-plus-grande-ville-du-belize-fait-leloge-de-leducation-adventiste\\\/#primaryimage\",\"url\":\"https:\\\/\\\/interamerica.org\\\/wp-content\\\/uploads\\\/2017\\\/06\\\/Wilson-LeitoBelize.png\",\"contentUrl\":\"https:\\\/\\\/interamerica.org\\\/wp-content\\\/uploads\\\/2017\\\/06\\\/Wilson-LeitoBelize.png\",\"width\":300,\"height\":217},{\"@type\":\"BreadcrumbList\",\"@id\":\"https:\\\/\\\/interamerica.org\\\/fr\\\/2015\\\/03\\\/le-maire-de-la-plus-grande-ville-du-belize-fait-leloge-de-leducation-adventiste\\\/#breadcrumb\",\"itemListElement\":[{\"@type\":\"ListItem\",\"position\":1,\"name\":\"Home\",\"item\":\"https:\\\/\\\/interamerica.org\\\/fr\\\/\"},{\"@type\":\"ListItem\",\"position\":2,\"name\":\"Le maire de la plus grande ville du Belize fait l\u2019\u00e9loge de l\u2019\u00e9ducation Adventiste.\"}]},{\"@type\":\"WebSite\",\"@id\":\"https:\\\/\\\/interamerica.org\\\/fr\\\/#website\",\"url\":\"https:\\\/\\\/interamerica.org\\\/fr\\\/\",\"name\":\"\u00c9glise Adventiste Du Septieme Jour - Inter Am\u00e9rique Division\",\"description\":\"\",\"potentialAction\":[{\"@type\":\"SearchAction\",\"target\":{\"@type\":\"EntryPoint\",\"urlTemplate\":\"https:\\\/\\\/interamerica.org\\\/fr\\\/?s={search_term_string}\"},\"query-input\":{\"@type\":\"PropertyValueSpecification\",\"valueRequired\":true,\"valueName\":\"search_term_string\"}}],\"inLanguage\":\"fr-FR\"},{\"@type\":\"Person\",\"@id\":\"https:\\\/\\\/interamerica.org\\\/fr\\\/#\\\/schema\\\/person\\\/68ede8bdc292885bb76c1e3810e73c39\",\"name\":\"Lorenzo Verduzco\",\"image\":{\"@type\":\"ImageObject\",\"inLanguage\":\"fr-FR\",\"@id\":\"https:\\\/\\\/secure.gravatar.com\\\/avatar\\\/fb81a55b6218459490a9c1dc841a34909185b81904c5337b4b27f7a6fd60c49e?s=96&d=mm&r=g\",\"url\":\"https:\\\/\\\/secure.gravatar.com\\\/avatar\\\/fb81a55b6218459490a9c1dc841a34909185b81904c5337b4b27f7a6fd60c49e?s=96&d=mm&r=g\",\"contentUrl\":\"https:\\\/\\\/secure.gravatar.com\\\/avatar\\\/fb81a55b6218459490a9c1dc841a34909185b81904c5337b4b27f7a6fd60c49e?s=96&d=mm&r=g\",\"caption\":\"Lorenzo Verduzco\"}}]}<\/script>\n<!-- \/ Yoast SEO plugin. -->","yoast_head_json":{"title":"Le maire de la plus grande ville du Belize fait l\u2019\u00e9loge de l\u2019\u00e9ducation Adventiste. - \u00c9glise Adventiste Du Septieme Jour - Inter Am\u00e9rique Division","robots":{"index":"index","follow":"follow","max-snippet":"max-snippet:-1","max-image-preview":"max-image-preview:large","max-video-preview":"max-video-preview:-1"},"canonical":"https:\/\/interamerica.org\/fr\/2015\/03\/le-maire-de-la-plus-grande-ville-du-belize-fait-leloge-de-leducation-adventiste\/","og_locale":"fr_FR","og_type":"article","og_title":"Le maire de la plus grande ville du Belize fait l\u2019\u00e9loge de l\u2019\u00e9ducation Adventiste. - \u00c9glise Adventiste Du Septieme Jour - Inter Am\u00e9rique Division","og_description":"Le maire de la plus grande ville du Belize a f\u00e9licit\u00e9 l\u2019Eglise Adventiste du Septi\u00e8me Jour pour son action dans ce pays d\u2019Am\u00e9rique Centrale et a soulign\u00e9 combien il appr\u00e9ciait son important r\u00e9seau d\u2019\u00e9coles locales.  Le maire de Belize City, Darrell Bradley, accompagn\u00e9 de son adjoint, a accueilli le pr\u00e9sident de l\u2019Eglise Adventiste Ted N.C. Wilson ainsi que son \u00e9pouse Nancy, \u00e0 leur arriv\u00e9e \u00e0 l\u2019a\u00e9roport jeudi pour ce qui \u00e9tait le d\u00e9but d\u2019une visite de six pays de la Division Inter Am\u00e9ricaine de l\u2019Eglise Adventiste.","og_url":"https:\/\/interamerica.org\/fr\/2015\/03\/le-maire-de-la-plus-grande-ville-du-belize-fait-leloge-de-leducation-adventiste\/","og_site_name":"\u00c9glise Adventiste Du Septieme Jour - Inter Am\u00e9rique Division","article_published_time":"2015-03-14T04:00:00+00:00","og_image":[{"width":300,"height":217,"url":"https:\/\/interamerica.org\/wp-content\/uploads\/2017\/06\/Wilson-LeitoBelize.png","type":"image\/png"}],"author":"Lorenzo Verduzco","twitter_card":"summary_large_image","twitter_misc":{"\u00c9crit par":"Lorenzo Verduzco","Dur\u00e9e de lecture estim\u00e9e":"3 minutes"},"schema":{"@context":"https:\/\/schema.org","@graph":[{"@type":"Article","@id":"https:\/\/interamerica.org\/fr\/2015\/03\/le-maire-de-la-plus-grande-ville-du-belize-fait-leloge-de-leducation-adventiste\/#article","isPartOf":{"@id":"https:\/\/interamerica.org\/fr\/2015\/03\/le-maire-de-la-plus-grande-ville-du-belize-fait-leloge-de-leducation-adventiste\/"},"author":{"name":"Lorenzo Verduzco","@id":"https:\/\/interamerica.org\/fr\/#\/schema\/person\/68ede8bdc292885bb76c1e3810e73c39"},"headline":"Le maire de la plus grande ville du Belize fait l\u2019\u00e9loge de l\u2019\u00e9ducation Adventiste.","datePublished":"2015-03-14T04:00:00+00:00","mainEntityOfPage":{"@id":"https:\/\/interamerica.org\/fr\/2015\/03\/le-maire-de-la-plus-grande-ville-du-belize-fait-leloge-de-leducation-adventiste\/"},"wordCount":655,"image":{"@id":"https:\/\/interamerica.org\/fr\/2015\/03\/le-maire-de-la-plus-grande-ville-du-belize-fait-leloge-de-leducation-adventiste\/#primaryimage"},"thumbnailUrl":"https:\/\/interamerica.org\/wp-content\/uploads\/2017\/06\/Wilson-LeitoBelize.png","articleSection":["Nouvelles du territoire","RSS Fran\u00e7ais"],"inLanguage":"fr-FR"},{"@type":"WebPage","@id":"https:\/\/interamerica.org\/fr\/2015\/03\/le-maire-de-la-plus-grande-ville-du-belize-fait-leloge-de-leducation-adventiste\/","url":"https:\/\/interamerica.org\/fr\/2015\/03\/le-maire-de-la-plus-grande-ville-du-belize-fait-leloge-de-leducation-adventiste\/","name":"Le maire de la plus grande ville du Belize fait l\u2019\u00e9loge de l\u2019\u00e9ducation Adventiste. - \u00c9glise Adventiste Du Septieme Jour - Inter Am\u00e9rique Division","isPartOf":{"@id":"https:\/\/interamerica.org\/fr\/#website"},"primaryImageOfPage":{"@id":"https:\/\/interamerica.org\/fr\/2015\/03\/le-maire-de-la-plus-grande-ville-du-belize-fait-leloge-de-leducation-adventiste\/#primaryimage"},"image":{"@id":"https:\/\/interamerica.org\/fr\/2015\/03\/le-maire-de-la-plus-grande-ville-du-belize-fait-leloge-de-leducation-adventiste\/#primaryimage"},"thumbnailUrl":"https:\/\/interamerica.org\/wp-content\/uploads\/2017\/06\/Wilson-LeitoBelize.png","datePublished":"2015-03-14T04:00:00+00:00","author":{"@id":"https:\/\/interamerica.org\/fr\/#\/schema\/person\/68ede8bdc292885bb76c1e3810e73c39"},"breadcrumb":{"@id":"https:\/\/interamerica.org\/fr\/2015\/03\/le-maire-de-la-plus-grande-ville-du-belize-fait-leloge-de-leducation-adventiste\/#breadcrumb"},"inLanguage":"fr-FR","potentialAction":[{"@type":"ReadAction","target":["https:\/\/interamerica.org\/fr\/2015\/03\/le-maire-de-la-plus-grande-ville-du-belize-fait-leloge-de-leducation-adventiste\/"]}]},{"@type":"ImageObject","inLanguage":"fr-FR","@id":"https:\/\/interamerica.org\/fr\/2015\/03\/le-maire-de-la-plus-grande-ville-du-belize-fait-leloge-de-leducation-adventiste\/#primaryimage","url":"https:\/\/interamerica.org\/wp-content\/uploads\/2017\/06\/Wilson-LeitoBelize.png","contentUrl":"https:\/\/interamerica.org\/wp-content\/uploads\/2017\/06\/Wilson-LeitoBelize.png","width":300,"height":217},{"@type":"BreadcrumbList","@id":"https:\/\/interamerica.org\/fr\/2015\/03\/le-maire-de-la-plus-grande-ville-du-belize-fait-leloge-de-leducation-adventiste\/#breadcrumb","itemListElement":[{"@type":"ListItem","position":1,"name":"Home","item":"https:\/\/interamerica.org\/fr\/"},{"@type":"ListItem","position":2,"name":"Le maire de la plus grande ville du Belize fait l\u2019\u00e9loge de l\u2019\u00e9ducation Adventiste."}]},{"@type":"WebSite","@id":"https:\/\/interamerica.org\/fr\/#website","url":"https:\/\/interamerica.org\/fr\/","name":"\u00c9glise Adventiste Du Septieme Jour - Inter Am\u00e9rique Division","description":"","potentialAction":[{"@type":"SearchAction","target":{"@type":"EntryPoint","urlTemplate":"https:\/\/interamerica.org\/fr\/?s={search_term_string}"},"query-input":{"@type":"PropertyValueSpecification","valueRequired":true,"valueName":"search_term_string"}}],"inLanguage":"fr-FR"},{"@type":"Person","@id":"https:\/\/interamerica.org\/fr\/#\/schema\/person\/68ede8bdc292885bb76c1e3810e73c39","name":"Lorenzo Verduzco","image":{"@type":"ImageObject","inLanguage":"fr-FR","@id":"https:\/\/secure.gravatar.com\/avatar\/fb81a55b6218459490a9c1dc841a34909185b81904c5337b4b27f7a6fd60c49e?s=96&d=mm&r=g","url":"https:\/\/secure.gravatar.com\/avatar\/fb81a55b6218459490a9c1dc841a34909185b81904c5337b4b27f7a6fd60c49e?s=96&d=mm&r=g","contentUrl":"https:\/\/secure.gravatar.com\/avatar\/fb81a55b6218459490a9c1dc841a34909185b81904c5337b4b27f7a6fd60c49e?s=96&d=mm&r=g","caption":"Lorenzo Verduzco"}}]}},"_links":{"self":[{"href":"https:\/\/interamerica.org\/fr\/wp-json\/wp\/v2\/posts\/32197","targetHints":{"allow":["GET"]}}],"collection":[{"href":"https:\/\/interamerica.org\/fr\/wp-json\/wp\/v2\/posts"}],"about":[{"href":"https:\/\/interamerica.org\/fr\/wp-json\/wp\/v2\/types\/post"}],"author":[{"embeddable":true,"href":"https:\/\/interamerica.org\/fr\/wp-json\/wp\/v2\/users\/1"}],"replies":[{"embeddable":true,"href":"https:\/\/interamerica.org\/fr\/wp-json\/wp\/v2\/comments?post=32197"}],"version-history":[{"count":0,"href":"https:\/\/interamerica.org\/fr\/wp-json\/wp\/v2\/posts\/32197\/revisions"}],"wp:featuredmedia":[{"embeddable":true,"href":"https:\/\/interamerica.org\/fr\/wp-json\/wp\/v2\/media\/24625"}],"wp:attachment":[{"href":"https:\/\/interamerica.org\/fr\/wp-json\/wp\/v2\/media?parent=32197"}],"wp:term":[{"taxonomy":"category","embeddable":true,"href":"https:\/\/interamerica.org\/fr\/wp-json\/wp\/v2\/categories?post=32197"},{"taxonomy":"post_tag","embeddable":true,"href":"https:\/\/interamerica.org\/fr\/wp-json\/wp\/v2\/tags?post=32197"}],"curies":[{"name":"wp","href":"https:\/\/api.w.org\/{rel}","templated":true}]}}