{"id":32198,"date":"2015-03-14T00:00:00","date_gmt":"2015-03-14T04:00:00","guid":{"rendered":"http:\/\/192.81.217.108\/interamerica\/2015\/03\/1500-personnes-baptisees-sous-le-soleil-brulant-du-salvador\/"},"modified":"2015-03-14T00:00:00","modified_gmt":"2015-03-14T04:00:00","slug":"1500-personnes-baptisees-sous-le-soleil-brulant-du-salvador","status":"publish","type":"post","link":"https:\/\/interamerica.org\/fr\/2015\/03\/1500-personnes-baptisees-sous-le-soleil-brulant-du-salvador\/","title":{"rendered":"1500 personnes baptis\u00e9es sous le soleil br\u00fblant du Salvador"},"content":{"rendered":"<div id=\"attachment_15664\" style=\"width: 610px\" class=\"wp-caption aligncenter\"><a href=\"\/interamerica\/wp-content\/uploads\/2017\/06\/ESAU-baptism600.png\" rel=\"fancybox\" title=\"1500 personnes baptis\u00e9es sous le soleil br\u00fblant du Salvador\"><img fetchpriority=\"high\" decoding=\"async\" aria-describedby=\"caption-attachment-15664\" class=\"size-full wp-image-15664\" src=\"\/interamerica\/wp-content\/uploads\/2017\/06\/ESAU-baptism600.png\" alt=\"\" width=\"600\" height=\"450\" \/><\/a><p id=\"caption-attachment-15664\" class=\"wp-caption-text\">Les unes apr\u00e8s les autres, des centaines de personnes sont baptis\u00e9es dans la piscine de l\u2019Ecole d\u2019Apprentissage Adventiste du Salvador, t\u00f4t sabbat matin sous le soleil brulant le 14 mars 2015. Image de Ted N.C. Wilson.<\/p><\/div>\n<p>14 Mars 2015 \u2013 San Salvador, El Salvador &#8211; Andrew McChesney, r\u00e9dacteur, Adventist Review.<\/p>\n<p>L\u2019Eglise Adventiste au Salvador a baptis\u00e9 1500 personnes, dont 870 baptis\u00e9es sous la chaleur accablante le jour du sabbat, alors qu\u2019elle avance dans ses plans visant \u00e0 \u00e9tablir 100 nouvelles \u00e9glises dans la premi\u00e8re moiti\u00e9 de l\u2019ann\u00e9e.<\/p>\n<div id=\"attachment_15662\" style=\"width: 410px\" class=\"wp-caption alignleft\"><a href=\"\/interamerica\/wp-content\/uploads\/2017\/06\/ESAU-Pacheco.png\" rel=\"fancybox\" title=\"1500 personnes baptis\u00e9es sous le soleil br\u00fblant du Salvador\"><img decoding=\"async\" aria-describedby=\"caption-attachment-15662\" class=\"size-full wp-image-15662\" src=\"\/interamerica\/wp-content\/uploads\/2017\/06\/ESAU-Pacheco.png\" alt=\"\" width=\"400\" height=\"254\" \/><\/a><p id=\"caption-attachment-15662\" class=\"wp-caption-text\">Abel Pacheco, pr\u00e9sident de l\u2019Union Mission du Salvador, lors de son intervention \u00e0 l\u2019Ecole Professionnelle Adventiste du Salvador. Image de Ted N.C. Wilson.<\/p><\/div>\n<p>Le service religieux qui a eu lieu \u00e0 l\u2019Ecole Professionnelle Adventiste du Salvador a d\u00e9but\u00e9 t\u00f4t, \u00e0 environ 7h45 le 14 mars, afin de s\u2019assurer que les 520 bapt\u00eames pr\u00e9vus \u00e0 l\u2019\u00e9cole puissent \u00eatre r\u00e9alis\u00e9s avant que le soleil ne soit trop haut.<\/p>\n<p>Ted N.C. Wilson, le pr\u00e9sident de l\u2019Eglise Adventiste en visite dans la r\u00e9gion, s\u2019est lev\u00e9 pour pr\u00eacher \u00e0 8h10.<\/p>\n<p>\u00ab Ils voulaient prot\u00e9ger les gens de la chaleur et de la lumi\u00e8re intenses et directes de la mi-journ\u00e9e, \u00bb a dit Ted Wilson \u00e0 Adventist Review.<\/p>\n<p>Pasteur Wilson a pr\u00e9sent\u00e9 un sermon intitul\u00e9 \u00ab Christ et Sa Justice \u00bb devant un auditoire rassembl\u00e9 sous une cath\u00e9drale ext\u00e9rieure improvis\u00e9e faite de parachutes qui se gonflaient au vent, \u00e0 l\u2019\u00e9cole situ\u00e9e dans la ville d\u2019Opico, \u00e0 environ 40 kilom\u00e8tres de la capitale du pays, San Salvador.<\/p>\n<p>Les parachutes, qui ont permis de se prot\u00e9ger du soleil, ont \u00e9t\u00e9 pr\u00eat\u00e9s par les militaires et r\u00e9serv\u00e9s par l\u2019assistant procureur g\u00e9n\u00e9ral du Salvador, un Adventiste.<\/p>\n<p>\u00ab C\u2019\u00e9tait un des lieux d\u2019adoration les plus inhabituels que j\u2019ai jamais vus \u2013 beau avec le vent ondulant qui faisait bouger les parachutes, \u00bb a dit Ted Wilson. \u00ab On avait l\u2019impression que nous aurions d\u00e9coll\u00e9 pour le ciel \u00e0 n\u2019importe quel moment ! \u00bb<\/p>\n<p>Les 520 candidats au bapt\u00eame sont sortis de l\u2019eau avant que la temp\u00e9rature n\u2019atteigne les 34 degr\u00e9s sous un ciel sans nuages.<\/p>\n<div id=\"attachment_15665\" style=\"width: 410px\" class=\"wp-caption alignright\"><a href=\"\/interamerica\/wp-content\/uploads\/2017\/06\/ESAU-wilson400.png\" rel=\"fancybox\" title=\"1500 personnes baptis\u00e9es sous le soleil br\u00fblant du Salvador\"><img decoding=\"async\" aria-describedby=\"caption-attachment-15665\" class=\"size-full wp-image-15665\" src=\"\/interamerica\/wp-content\/uploads\/2017\/06\/ESAU-wilson400.png\" alt=\"\" width=\"400\" height=\"300\" \/><\/a><p id=\"caption-attachment-15665\" class=\"wp-caption-text\">Le pr\u00e9sident Ted N.C. Wilson assistant \u00e0 la c\u00e9r\u00e9monie de bapt\u00eame.<\/p><\/div>\n<p>Quelques 350 autres personnes ont \u00e9t\u00e9 baptis\u00e9es sabbat apr\u00e8s midi dans l\u2019est du Salvador qui est le pays le plus petit avec la densit\u00e9 de population la plus importante en Am\u00e9rique Centrale, en effet pr\u00e8s de 7 millions de personnes vivent sur 21044 kilom\u00e8tres carr\u00e9s.<\/p>\n<p>Les autres 630 nouveaux membres ont \u00e9t\u00e9 baptis\u00e9s jeudi dernier \u00e0 la cl\u00f4ture de rencontres d\u2019\u00e9vang\u00e9lisation.<\/p>\n<p>Les responsables locaux de l\u2019\u00e9glise ont \u00e9tabli un objectif qui est d\u2019ajouter 100 congr\u00e9gations aux 708 \u00e9glises et 236 groupes que compte le pays d\u2019ici juin 2015. A la fin de l\u2019ann\u00e9e 2014, l\u2019Eglise Adventiste comptait un effectif de 197974 membres, l\u2019\u00e9glise g\u00e8re \u00e9galement 25 \u00e9coles dans le pays.<\/p>\n<p>Le Salvador est la deuxi\u00e8me \u00e9tape dans le voyage entrepris par Ted Wilson pour visiter six pays de la Division Inter Am\u00e9ricaine de l\u2019Eglise Adventiste. Pasteur Wilson a d\u00e9but\u00e9 son voyage d\u2019encouragement et de soutien au Belize jeudi et sa prochaine \u00e9tape le conduira au Nicaragua o\u00f9 plus de 2000 personnes seront baptis\u00e9es dimanche.<\/p>\n<p>Ted Wilson a lou\u00e9 Dieu pour Ses b\u00e9n\u00e9dictions d\u00e9vers\u00e9es sur l\u2019\u00e9glise au Salvador.<\/p>\n<p>\u00ab Les gens ici au Salvador sont merveilleux, \u00e9quilibr\u00e9s et ont \u00e0 c\u0153ur la mission, \u00bb a t-il dit.<\/p>\n<p>Pour voir plus de photos, cliquez <a href=\"https:\/\/www.flickr.com\/photos\/62713809@N07\/sets\/72157649024443464\/\">ICI<\/a><\/p>\n<p>Traduction: Patrick Luciathe<\/p>\n","protected":false},"excerpt":{"rendered":"<p>L\u2019Eglise Adventiste au Salvador a baptis\u00e9 1500 personnes, dont 870 baptis\u00e9es sous la chaleur accablante le jour du sabbat, alors qu\u2019elle avance dans ses plans visant \u00e0 \u00e9tablir 100 nouvelles \u00e9glises dans la premi\u00e8re moiti\u00e9 de l\u2019ann\u00e9e. <\/p>\n<p>Le service religieux qui a eu lieu \u00e0 l\u2019Ecole Professionnelle Adventiste du Salvador a d\u00e9but\u00e9 t\u00f4t, \u00e0 environ 7h45 le 14 mars, afin de s\u2019assurer que les 520 bapt\u00eames pr\u00e9vus \u00e0 l\u2019\u00e9cole puissent \u00eatre r\u00e9alis\u00e9s avant que le soleil ne soit trop haut.<\/p>\n","protected":false},"author":1,"featured_media":24635,"comment_status":"closed","ping_status":"closed","sticky":false,"template":"","format":"standard","meta":{"_acf_changed":false,"footnotes":""},"categories":[21,19],"tags":[],"class_list":["post-32198","post","type-post","status-publish","format-standard","has-post-thumbnail","hentry","category-nouvelles-du-territoire","category-rss-francais"],"acf":[],"yoast_head":"<!-- This site is optimized with the Yoast SEO plugin v27.3 - https:\/\/yoast.com\/product\/yoast-seo-wordpress\/ -->\n<title>1500 personnes baptis\u00e9es sous le soleil br\u00fblant du Salvador - \u00c9glise Adventiste Du Septieme Jour - Inter Am\u00e9rique Division<\/title>\n<meta name=\"robots\" content=\"index, follow, max-snippet:-1, max-image-preview:large, max-video-preview:-1\" \/>\n<link rel=\"canonical\" href=\"https:\/\/interamerica.org\/fr\/2015\/03\/1500-personnes-baptisees-sous-le-soleil-brulant-du-salvador\/\" \/>\n<meta property=\"og:locale\" content=\"fr_FR\" \/>\n<meta property=\"og:type\" content=\"article\" \/>\n<meta property=\"og:title\" content=\"1500 personnes baptis\u00e9es sous le soleil br\u00fblant du Salvador - \u00c9glise Adventiste Du Septieme Jour - Inter Am\u00e9rique Division\" \/>\n<meta property=\"og:description\" content=\"L\u2019Eglise Adventiste au Salvador a baptis\u00e9 1500 personnes, dont 870 baptis\u00e9es sous la chaleur accablante le jour du sabbat, alors qu\u2019elle avance dans ses plans visant \u00e0 \u00e9tablir 100 nouvelles \u00e9glises dans la premi\u00e8re moiti\u00e9 de l\u2019ann\u00e9e.  Le service religieux qui a eu lieu \u00e0 l\u2019Ecole Professionnelle Adventiste du Salvador a d\u00e9but\u00e9 t\u00f4t, \u00e0 environ 7h45 le 14 mars, afin de s\u2019assurer que les 520 bapt\u00eames pr\u00e9vus \u00e0 l\u2019\u00e9cole puissent \u00eatre r\u00e9alis\u00e9s avant que le soleil ne soit trop haut.\" \/>\n<meta property=\"og:url\" content=\"https:\/\/interamerica.org\/fr\/2015\/03\/1500-personnes-baptisees-sous-le-soleil-brulant-du-salvador\/\" \/>\n<meta property=\"og:site_name\" content=\"\u00c9glise Adventiste Du Septieme Jour - Inter Am\u00e9rique Division\" \/>\n<meta property=\"article:published_time\" content=\"2015-03-14T04:00:00+00:00\" \/>\n<meta property=\"og:image\" content=\"https:\/\/interamerica.org\/wp-content\/uploads\/2017\/06\/ESAU-baptism600.png\" \/>\n\t<meta property=\"og:image:width\" content=\"600\" \/>\n\t<meta property=\"og:image:height\" content=\"450\" \/>\n\t<meta property=\"og:image:type\" content=\"image\/png\" \/>\n<meta name=\"author\" content=\"Lorenzo Verduzco\" \/>\n<meta name=\"twitter:card\" content=\"summary_large_image\" \/>\n<meta name=\"twitter:label1\" content=\"\u00c9crit par\" \/>\n\t<meta name=\"twitter:data1\" content=\"Lorenzo Verduzco\" \/>\n\t<meta name=\"twitter:label2\" content=\"Dur\u00e9e de lecture estim\u00e9e\" \/>\n\t<meta name=\"twitter:data2\" content=\"3 minutes\" \/>\n<script type=\"application\/ld+json\" class=\"yoast-schema-graph\">{\"@context\":\"https:\\\/\\\/schema.org\",\"@graph\":[{\"@type\":\"Article\",\"@id\":\"https:\\\/\\\/interamerica.org\\\/fr\\\/2015\\\/03\\\/1500-personnes-baptisees-sous-le-soleil-brulant-du-salvador\\\/#article\",\"isPartOf\":{\"@id\":\"https:\\\/\\\/interamerica.org\\\/fr\\\/2015\\\/03\\\/1500-personnes-baptisees-sous-le-soleil-brulant-du-salvador\\\/\"},\"author\":{\"name\":\"Lorenzo Verduzco\",\"@id\":\"https:\\\/\\\/interamerica.org\\\/fr\\\/#\\\/schema\\\/person\\\/68ede8bdc292885bb76c1e3810e73c39\"},\"headline\":\"1500 personnes baptis\u00e9es sous le soleil br\u00fblant du Salvador\",\"datePublished\":\"2015-03-14T04:00:00+00:00\",\"mainEntityOfPage\":{\"@id\":\"https:\\\/\\\/interamerica.org\\\/fr\\\/2015\\\/03\\\/1500-personnes-baptisees-sous-le-soleil-brulant-du-salvador\\\/\"},\"wordCount\":639,\"image\":{\"@id\":\"https:\\\/\\\/interamerica.org\\\/fr\\\/2015\\\/03\\\/1500-personnes-baptisees-sous-le-soleil-brulant-du-salvador\\\/#primaryimage\"},\"thumbnailUrl\":\"https:\\\/\\\/interamerica.org\\\/wp-content\\\/uploads\\\/2017\\\/06\\\/ESAU-baptism600.png\",\"articleSection\":[\"Nouvelles du territoire\",\"RSS Fran\u00e7ais\"],\"inLanguage\":\"fr-FR\"},{\"@type\":\"WebPage\",\"@id\":\"https:\\\/\\\/interamerica.org\\\/fr\\\/2015\\\/03\\\/1500-personnes-baptisees-sous-le-soleil-brulant-du-salvador\\\/\",\"url\":\"https:\\\/\\\/interamerica.org\\\/fr\\\/2015\\\/03\\\/1500-personnes-baptisees-sous-le-soleil-brulant-du-salvador\\\/\",\"name\":\"1500 personnes baptis\u00e9es sous le soleil br\u00fblant du Salvador - \u00c9glise Adventiste Du Septieme Jour - Inter Am\u00e9rique Division\",\"isPartOf\":{\"@id\":\"https:\\\/\\\/interamerica.org\\\/fr\\\/#website\"},\"primaryImageOfPage\":{\"@id\":\"https:\\\/\\\/interamerica.org\\\/fr\\\/2015\\\/03\\\/1500-personnes-baptisees-sous-le-soleil-brulant-du-salvador\\\/#primaryimage\"},\"image\":{\"@id\":\"https:\\\/\\\/interamerica.org\\\/fr\\\/2015\\\/03\\\/1500-personnes-baptisees-sous-le-soleil-brulant-du-salvador\\\/#primaryimage\"},\"thumbnailUrl\":\"https:\\\/\\\/interamerica.org\\\/wp-content\\\/uploads\\\/2017\\\/06\\\/ESAU-baptism600.png\",\"datePublished\":\"2015-03-14T04:00:00+00:00\",\"author\":{\"@id\":\"https:\\\/\\\/interamerica.org\\\/fr\\\/#\\\/schema\\\/person\\\/68ede8bdc292885bb76c1e3810e73c39\"},\"breadcrumb\":{\"@id\":\"https:\\\/\\\/interamerica.org\\\/fr\\\/2015\\\/03\\\/1500-personnes-baptisees-sous-le-soleil-brulant-du-salvador\\\/#breadcrumb\"},\"inLanguage\":\"fr-FR\",\"potentialAction\":[{\"@type\":\"ReadAction\",\"target\":[\"https:\\\/\\\/interamerica.org\\\/fr\\\/2015\\\/03\\\/1500-personnes-baptisees-sous-le-soleil-brulant-du-salvador\\\/\"]}]},{\"@type\":\"ImageObject\",\"inLanguage\":\"fr-FR\",\"@id\":\"https:\\\/\\\/interamerica.org\\\/fr\\\/2015\\\/03\\\/1500-personnes-baptisees-sous-le-soleil-brulant-du-salvador\\\/#primaryimage\",\"url\":\"https:\\\/\\\/interamerica.org\\\/wp-content\\\/uploads\\\/2017\\\/06\\\/ESAU-baptism600.png\",\"contentUrl\":\"https:\\\/\\\/interamerica.org\\\/wp-content\\\/uploads\\\/2017\\\/06\\\/ESAU-baptism600.png\",\"width\":600,\"height\":450},{\"@type\":\"BreadcrumbList\",\"@id\":\"https:\\\/\\\/interamerica.org\\\/fr\\\/2015\\\/03\\\/1500-personnes-baptisees-sous-le-soleil-brulant-du-salvador\\\/#breadcrumb\",\"itemListElement\":[{\"@type\":\"ListItem\",\"position\":1,\"name\":\"Home\",\"item\":\"https:\\\/\\\/interamerica.org\\\/fr\\\/\"},{\"@type\":\"ListItem\",\"position\":2,\"name\":\"1500 personnes baptis\u00e9es sous le soleil br\u00fblant du Salvador\"}]},{\"@type\":\"WebSite\",\"@id\":\"https:\\\/\\\/interamerica.org\\\/fr\\\/#website\",\"url\":\"https:\\\/\\\/interamerica.org\\\/fr\\\/\",\"name\":\"\u00c9glise Adventiste Du Septieme Jour - Inter Am\u00e9rique Division\",\"description\":\"\",\"potentialAction\":[{\"@type\":\"SearchAction\",\"target\":{\"@type\":\"EntryPoint\",\"urlTemplate\":\"https:\\\/\\\/interamerica.org\\\/fr\\\/?s={search_term_string}\"},\"query-input\":{\"@type\":\"PropertyValueSpecification\",\"valueRequired\":true,\"valueName\":\"search_term_string\"}}],\"inLanguage\":\"fr-FR\"},{\"@type\":\"Person\",\"@id\":\"https:\\\/\\\/interamerica.org\\\/fr\\\/#\\\/schema\\\/person\\\/68ede8bdc292885bb76c1e3810e73c39\",\"name\":\"Lorenzo Verduzco\",\"image\":{\"@type\":\"ImageObject\",\"inLanguage\":\"fr-FR\",\"@id\":\"https:\\\/\\\/secure.gravatar.com\\\/avatar\\\/fb81a55b6218459490a9c1dc841a34909185b81904c5337b4b27f7a6fd60c49e?s=96&d=mm&r=g\",\"url\":\"https:\\\/\\\/secure.gravatar.com\\\/avatar\\\/fb81a55b6218459490a9c1dc841a34909185b81904c5337b4b27f7a6fd60c49e?s=96&d=mm&r=g\",\"contentUrl\":\"https:\\\/\\\/secure.gravatar.com\\\/avatar\\\/fb81a55b6218459490a9c1dc841a34909185b81904c5337b4b27f7a6fd60c49e?s=96&d=mm&r=g\",\"caption\":\"Lorenzo Verduzco\"}}]}<\/script>\n<!-- \/ Yoast SEO plugin. -->","yoast_head_json":{"title":"1500 personnes baptis\u00e9es sous le soleil br\u00fblant du Salvador - \u00c9glise Adventiste Du Septieme Jour - Inter Am\u00e9rique Division","robots":{"index":"index","follow":"follow","max-snippet":"max-snippet:-1","max-image-preview":"max-image-preview:large","max-video-preview":"max-video-preview:-1"},"canonical":"https:\/\/interamerica.org\/fr\/2015\/03\/1500-personnes-baptisees-sous-le-soleil-brulant-du-salvador\/","og_locale":"fr_FR","og_type":"article","og_title":"1500 personnes baptis\u00e9es sous le soleil br\u00fblant du Salvador - \u00c9glise Adventiste Du Septieme Jour - Inter Am\u00e9rique Division","og_description":"L\u2019Eglise Adventiste au Salvador a baptis\u00e9 1500 personnes, dont 870 baptis\u00e9es sous la chaleur accablante le jour du sabbat, alors qu\u2019elle avance dans ses plans visant \u00e0 \u00e9tablir 100 nouvelles \u00e9glises dans la premi\u00e8re moiti\u00e9 de l\u2019ann\u00e9e.  Le service religieux qui a eu lieu \u00e0 l\u2019Ecole Professionnelle Adventiste du Salvador a d\u00e9but\u00e9 t\u00f4t, \u00e0 environ 7h45 le 14 mars, afin de s\u2019assurer que les 520 bapt\u00eames pr\u00e9vus \u00e0 l\u2019\u00e9cole puissent \u00eatre r\u00e9alis\u00e9s avant que le soleil ne soit trop haut.","og_url":"https:\/\/interamerica.org\/fr\/2015\/03\/1500-personnes-baptisees-sous-le-soleil-brulant-du-salvador\/","og_site_name":"\u00c9glise Adventiste Du Septieme Jour - Inter Am\u00e9rique Division","article_published_time":"2015-03-14T04:00:00+00:00","og_image":[{"width":600,"height":450,"url":"https:\/\/interamerica.org\/wp-content\/uploads\/2017\/06\/ESAU-baptism600.png","type":"image\/png"}],"author":"Lorenzo Verduzco","twitter_card":"summary_large_image","twitter_misc":{"\u00c9crit par":"Lorenzo Verduzco","Dur\u00e9e de lecture estim\u00e9e":"3 minutes"},"schema":{"@context":"https:\/\/schema.org","@graph":[{"@type":"Article","@id":"https:\/\/interamerica.org\/fr\/2015\/03\/1500-personnes-baptisees-sous-le-soleil-brulant-du-salvador\/#article","isPartOf":{"@id":"https:\/\/interamerica.org\/fr\/2015\/03\/1500-personnes-baptisees-sous-le-soleil-brulant-du-salvador\/"},"author":{"name":"Lorenzo Verduzco","@id":"https:\/\/interamerica.org\/fr\/#\/schema\/person\/68ede8bdc292885bb76c1e3810e73c39"},"headline":"1500 personnes baptis\u00e9es sous le soleil br\u00fblant du Salvador","datePublished":"2015-03-14T04:00:00+00:00","mainEntityOfPage":{"@id":"https:\/\/interamerica.org\/fr\/2015\/03\/1500-personnes-baptisees-sous-le-soleil-brulant-du-salvador\/"},"wordCount":639,"image":{"@id":"https:\/\/interamerica.org\/fr\/2015\/03\/1500-personnes-baptisees-sous-le-soleil-brulant-du-salvador\/#primaryimage"},"thumbnailUrl":"https:\/\/interamerica.org\/wp-content\/uploads\/2017\/06\/ESAU-baptism600.png","articleSection":["Nouvelles du territoire","RSS Fran\u00e7ais"],"inLanguage":"fr-FR"},{"@type":"WebPage","@id":"https:\/\/interamerica.org\/fr\/2015\/03\/1500-personnes-baptisees-sous-le-soleil-brulant-du-salvador\/","url":"https:\/\/interamerica.org\/fr\/2015\/03\/1500-personnes-baptisees-sous-le-soleil-brulant-du-salvador\/","name":"1500 personnes baptis\u00e9es sous le soleil br\u00fblant du Salvador - \u00c9glise Adventiste Du Septieme Jour - Inter Am\u00e9rique Division","isPartOf":{"@id":"https:\/\/interamerica.org\/fr\/#website"},"primaryImageOfPage":{"@id":"https:\/\/interamerica.org\/fr\/2015\/03\/1500-personnes-baptisees-sous-le-soleil-brulant-du-salvador\/#primaryimage"},"image":{"@id":"https:\/\/interamerica.org\/fr\/2015\/03\/1500-personnes-baptisees-sous-le-soleil-brulant-du-salvador\/#primaryimage"},"thumbnailUrl":"https:\/\/interamerica.org\/wp-content\/uploads\/2017\/06\/ESAU-baptism600.png","datePublished":"2015-03-14T04:00:00+00:00","author":{"@id":"https:\/\/interamerica.org\/fr\/#\/schema\/person\/68ede8bdc292885bb76c1e3810e73c39"},"breadcrumb":{"@id":"https:\/\/interamerica.org\/fr\/2015\/03\/1500-personnes-baptisees-sous-le-soleil-brulant-du-salvador\/#breadcrumb"},"inLanguage":"fr-FR","potentialAction":[{"@type":"ReadAction","target":["https:\/\/interamerica.org\/fr\/2015\/03\/1500-personnes-baptisees-sous-le-soleil-brulant-du-salvador\/"]}]},{"@type":"ImageObject","inLanguage":"fr-FR","@id":"https:\/\/interamerica.org\/fr\/2015\/03\/1500-personnes-baptisees-sous-le-soleil-brulant-du-salvador\/#primaryimage","url":"https:\/\/interamerica.org\/wp-content\/uploads\/2017\/06\/ESAU-baptism600.png","contentUrl":"https:\/\/interamerica.org\/wp-content\/uploads\/2017\/06\/ESAU-baptism600.png","width":600,"height":450},{"@type":"BreadcrumbList","@id":"https:\/\/interamerica.org\/fr\/2015\/03\/1500-personnes-baptisees-sous-le-soleil-brulant-du-salvador\/#breadcrumb","itemListElement":[{"@type":"ListItem","position":1,"name":"Home","item":"https:\/\/interamerica.org\/fr\/"},{"@type":"ListItem","position":2,"name":"1500 personnes baptis\u00e9es sous le soleil br\u00fblant du Salvador"}]},{"@type":"WebSite","@id":"https:\/\/interamerica.org\/fr\/#website","url":"https:\/\/interamerica.org\/fr\/","name":"\u00c9glise Adventiste Du Septieme Jour - Inter Am\u00e9rique Division","description":"","potentialAction":[{"@type":"SearchAction","target":{"@type":"EntryPoint","urlTemplate":"https:\/\/interamerica.org\/fr\/?s={search_term_string}"},"query-input":{"@type":"PropertyValueSpecification","valueRequired":true,"valueName":"search_term_string"}}],"inLanguage":"fr-FR"},{"@type":"Person","@id":"https:\/\/interamerica.org\/fr\/#\/schema\/person\/68ede8bdc292885bb76c1e3810e73c39","name":"Lorenzo Verduzco","image":{"@type":"ImageObject","inLanguage":"fr-FR","@id":"https:\/\/secure.gravatar.com\/avatar\/fb81a55b6218459490a9c1dc841a34909185b81904c5337b4b27f7a6fd60c49e?s=96&d=mm&r=g","url":"https:\/\/secure.gravatar.com\/avatar\/fb81a55b6218459490a9c1dc841a34909185b81904c5337b4b27f7a6fd60c49e?s=96&d=mm&r=g","contentUrl":"https:\/\/secure.gravatar.com\/avatar\/fb81a55b6218459490a9c1dc841a34909185b81904c5337b4b27f7a6fd60c49e?s=96&d=mm&r=g","caption":"Lorenzo Verduzco"}}]}},"_links":{"self":[{"href":"https:\/\/interamerica.org\/fr\/wp-json\/wp\/v2\/posts\/32198","targetHints":{"allow":["GET"]}}],"collection":[{"href":"https:\/\/interamerica.org\/fr\/wp-json\/wp\/v2\/posts"}],"about":[{"href":"https:\/\/interamerica.org\/fr\/wp-json\/wp\/v2\/types\/post"}],"author":[{"embeddable":true,"href":"https:\/\/interamerica.org\/fr\/wp-json\/wp\/v2\/users\/1"}],"replies":[{"embeddable":true,"href":"https:\/\/interamerica.org\/fr\/wp-json\/wp\/v2\/comments?post=32198"}],"version-history":[{"count":0,"href":"https:\/\/interamerica.org\/fr\/wp-json\/wp\/v2\/posts\/32198\/revisions"}],"wp:featuredmedia":[{"embeddable":true,"href":"https:\/\/interamerica.org\/fr\/wp-json\/wp\/v2\/media\/24635"}],"wp:attachment":[{"href":"https:\/\/interamerica.org\/fr\/wp-json\/wp\/v2\/media?parent=32198"}],"wp:term":[{"taxonomy":"category","embeddable":true,"href":"https:\/\/interamerica.org\/fr\/wp-json\/wp\/v2\/categories?post=32198"},{"taxonomy":"post_tag","embeddable":true,"href":"https:\/\/interamerica.org\/fr\/wp-json\/wp\/v2\/tags?post=32198"}],"curies":[{"name":"wp","href":"https:\/\/api.w.org\/{rel}","templated":true}]}}