{"id":32199,"date":"2015-03-16T00:00:00","date_gmt":"2015-03-16T04:00:00","guid":{"rendered":"http:\/\/192.81.217.108\/interamerica\/2015\/03\/larmes-et-embrassades-lors-du-grand-bapteme-au-nicaragua\/"},"modified":"2015-03-16T00:00:00","modified_gmt":"2015-03-16T04:00:00","slug":"larmes-et-embrassades-lors-du-grand-bapteme-au-nicaragua","status":"publish","type":"post","link":"https:\/\/interamerica.org\/fr\/2015\/03\/larmes-et-embrassades-lors-du-grand-bapteme-au-nicaragua\/","title":{"rendered":"Larmes et embrassades lors du grand bapt\u00eame au Nicaragua"},"content":{"rendered":"<div id=\"attachment_15694\" style=\"width: 610px\" class=\"wp-caption aligncenter\"><a href=\"\/interamerica\/wp-content\/uploads\/2017\/06\/NIcaragua600.png\" rel=\"fancybox\" title=\"Larmes et embrassades lors du grand bapt\u00eame au Nicaragua\"><img fetchpriority=\"high\" decoding=\"async\" aria-describedby=\"caption-attachment-15694\" class=\"size-full wp-image-15694\" src=\"\/interamerica\/wp-content\/uploads\/2017\/06\/NIcaragua600.png\" alt=\"\" width=\"600\" height=\"377\" \/><\/a><p id=\"caption-attachment-15694\" class=\"wp-caption-text\">Des centaines de personnes sont baptis\u00e9es dans le Lac Nicaragua le 15 mars 2015. Image de Ted N.C. Wilson\/AR<\/p><\/div>\n<p>15 Mars 2015 \u2013 Granada, Nicaragua \u2013 Andrew McChesney, r\u00e9dacteur, Adventist Review<\/p>\n<div id=\"attachment_15697\" style=\"width: 410px\" class=\"wp-caption alignleft\"><a href=\"\/interamerica\/wp-content\/uploads\/2017\/06\/NICA-leaders400.png\" rel=\"fancybox\" title=\"Larmes et embrassades lors du grand bapt\u00eame au Nicaragua\"><img decoding=\"async\" aria-describedby=\"caption-attachment-15697\" class=\"size-full wp-image-15697\" src=\"\/interamerica\/wp-content\/uploads\/2017\/06\/NICA-leaders400.png\" alt=\"\" width=\"400\" height=\"300\" \/><\/a><p id=\"caption-attachment-15697\" class=\"wp-caption-text\">De gauche \u00e0 droite : le pr\u00e9sident de la DIA, Isra\u00ebl Leito, le pr\u00e9sident de l\u2019Eglise Adventiste mondiale, Ted N.C. Wilson et son \u00e9pouse Nancy, le maire de Granada, Julia Mena, le pr\u00e9sident de l\u2019Union Centram\u00e9ricaine du Sud, Wilfredo Ruiz, et Mark Finley, sixi\u00e8me \u00e0 partir de la gauche.<br \/>Des pasteurs se dirigent vers le lac pour les bapt\u00eames<\/p><\/div>\n<p>Des milliers de personnes, dont beaucoup se donnant des accolades et pleurant de joie, se sont rassembl\u00e9s en masse autour d\u2019un grand lac pour une importante c\u00e9r\u00e9monie de bapt\u00eame venue conclure le weekend dernier la premi\u00e8re campagne d\u2019\u00e9vang\u00e9lisation majeure organis\u00e9e par l\u2019Eglise Adventiste au Nicaragua.<\/p>\n<p>Des dizaines de pasteurs v\u00eatus de chemises blanches et de cravates ont baptis\u00e9 1884 personnes dans les eaux ondulantes du Lac Nicaragua dimanche. 200 autres personnes qui ne pouvaient se rendre au lac ont \u00e9t\u00e9 baptis\u00e9es dans des \u00e9glises locales amenant ainsi le total de bapt\u00eames pour l\u2019ensemble du pays depuis octobre dernier \u00e0 12000.<\/p>\n<p>\u00ab Que ces bapt\u00eames b\u00e9nissent nos eaux, \u00bb a dit \u00e0 l\u2019assembl\u00e9e Julia Mena, le maire de la ville voisine de Granada.<\/p>\n<p>Ted N.C. Wilson, pr\u00e9sident de l\u2019Eglise Adventiste mondiale, qui a assist\u00e9 \u00e0 la c\u00e9r\u00e9monie de bapt\u00eame dimanche depuis le rivage sableux en compagnie d\u2019un groupe de leaders de l\u2019\u00e9glise et du maire de Granada, a d\u00e9clar\u00e9 que c\u2019\u00e9tait l\u00e0 une vision exaltante.<\/p>\n<p>\u00ab Cela a \u00e9t\u00e9 un privil\u00e8ge d\u2019\u00eatre pr\u00e9sent et d\u2019assister \u00e0 une sc\u00e8ne aussi impressionnante, avec les jeunes qui se tenaient dans le lac, se tenant par la main pour former un bouclier humain et s\u2019assurer que personne ne s\u2019aventurait trop loin, et aussi pour voir les nombreux pasteurs participant au bapt\u00eame, \u00bb a t-il dit \u00e0 Adventist Review.<\/p>\n<p>Des dizaines de mariages ont \u00e9galement \u00e9t\u00e9 c\u00e9l\u00e9br\u00e9s sur le rivage. Beaucoup de nicaraguayens vivent en concubinage et ont des enfants et ne sont donc pas l\u00e9galement mari\u00e9s. Des officiers d\u2019\u00e9tat civil ont donc donn\u00e9 de leur temps en venant aupr\u00e8s du lac pour proc\u00e9der au mariage civil de ces personnes avant qu\u2019elles ne soient baptis\u00e9es. Selon la l\u00e9gislation nicaraguayenne, un couple ne peut \u00eatre l\u00e9galement mari\u00e9 par un pasteur.<\/p>\n<div id=\"attachment_15698\" style=\"width: 310px\" class=\"wp-caption alignright\"><a href=\"\/interamerica\/wp-content\/uploads\/2017\/06\/NICA-motherSon.png\" rel=\"fancybox\" title=\"Larmes et embrassades lors du grand bapt\u00eame au Nicaragua\"><img decoding=\"async\" aria-describedby=\"caption-attachment-15698\" class=\"size-full wp-image-15698\" src=\"\/interamerica\/wp-content\/uploads\/2017\/06\/NICA-motherSon.png\" alt=\"\" width=\"300\" height=\"225\" \/><\/a><p id=\"caption-attachment-15698\" class=\"wp-caption-text\">Un pasteur Adventiste serrant sa m\u00e8re dans ses bras, apr\u00e8s que celle-ci ait d\u00e9cid\u00e9 apr\u00e8s 15 ans de se faire baptiser.<\/p><\/div>\n<p>Parmi les personnes baptis\u00e9es ont indiqu\u00e9 les dirigeants de l\u2019\u00e9glise, il y a une femme dont le fils, un pasteur Adventiste, priait depuis 15 ans pour que sa m\u00e8re accepte J\u00e9sus. La m\u00e8re, une femme cinquantenaire, a pris sa d\u00e9cision au bord du lac et a commenc\u00e9 \u00e0 chercher son fils d\u00e9sesp\u00e9r\u00e9ment dans la foule afin qu\u2019elle puisse sceller son engagement le jour m\u00eame. Son fils a commenc\u00e9 \u00e0 pleurer en apprenant la nouvelle, ils sont alors tomb\u00e9s dans les bras l\u2019un de l\u2019autre en se serrant tr\u00e8s fort, aucun des deux ne voulant rel\u00e2cher cette \u00e9treinte. Le fils a par la suite baptis\u00e9 sa m\u00e8re.<\/p>\n<p>Lisez le r\u00e9cit associ\u00e9 : \u00ab Plus de 2000 Personnes Seront Baptis\u00e9es dans le Lac Nicaragua ce Weekend. \u00bb<\/p>\n<p>Les bapt\u00eames de dimanche ont couronn\u00e9 une ann\u00e9e d\u2019efforts d\u2019\u00e9vang\u00e9lisation d\u00e9but\u00e9e avec la mise en place de pr\u00e8s de 5000 petits groupes qui ont fait des \u00e9tudes sur le style de vie sain au Nicaragua et aussi au Costa Rica voisin. Par la suite les petits groupes ont commenc\u00e9 \u00e0 \u00e9tudier la Bible, et les participants ont \u00e9t\u00e9 invit\u00e9s \u00e0 assister \u00e0 des campagnes d\u2019\u00e9vang\u00e9lisation qui se tenaient dans toute la r\u00e9gion. L\u2019\u00e9vang\u00e9liste Mark Finley est arriv\u00e9 au Nicaragua la semaine derni\u00e8re pour conclure l\u2019initiative avec quatre jours de rencontres qui avaient lieu le soir devant des foules de plus de 3000 personnes \u00e0 Managua, la capitale du pays.<\/p>\n<p>Le Lac Nicaragua, le plus grand lac d\u2019Am\u00e9rique Centrale, se trouve \u00e0 une heure de route de Managua.<\/p>\n<div id=\"attachment_15699\" style=\"width: 410px\" class=\"wp-caption alignleft\"><a href=\"\/interamerica\/wp-content\/uploads\/2017\/06\/nica-pastors400.png\" rel=\"fancybox\" title=\"Larmes et embrassades lors du grand bapt\u00eame au Nicaragua\"><img loading=\"lazy\" decoding=\"async\" aria-describedby=\"caption-attachment-15699\" class=\"size-full wp-image-15699\" src=\"\/interamerica\/wp-content\/uploads\/2017\/06\/nica-pastors400.png\" alt=\"\" width=\"400\" height=\"260\" \/><\/a><p id=\"caption-attachment-15699\" class=\"wp-caption-text\">Les pasteurs levant la main apr\u00e8s le dernier bapt\u00eame<\/p><\/div>\n<p>A la fin de l\u2019ann\u00e9e 2014, L\u2019Eglise Adventiste comptait 203698 membres dans l\u2019Union Mission Centram\u00e9ricaine du Sud, qui comprend le Nicaragua et le Costa Rica.<\/p>\n<p>Mark Finley a f\u00e9licit\u00e9 les Adventistes du Nicaragua pour leur engagement \u00e0 partager J\u00e9sus avec les autres.<\/p>\n<p>\u00ab Au Nicaragua, l\u2019\u00e9vang\u00e9lisation n\u2019est pas un programme, c\u2019est un style de vie, \u00bb a t-il dit lundi. \u00ab Notre \u00e9glise a vraiment saisi le concept qui veut que la question ne soit pas simplement de savoir combien de personnes nous faisons entrer dans l\u2019\u00e9glise. Il s\u2019agit plut\u00f4t de savoir combien de membres nous envoyons \u00e9quip\u00e9s et form\u00e9s afin d\u2019impacter leurs communaut\u00e9s pour Christ. \u00bb<\/p>\n<p>Mark Finley a d\u00e9clar\u00e9 que les administrateurs et les membres d\u2019\u00e9glise locaux se consacraient \u00e0 la mission de l\u2019\u00e9glise, et que leur enthousiasme avaient d\u00e9teint sur les personnes qui assistaient \u00e0 ses rencontres.<\/p>\n<p>\u00ab Lorsque les transports publics n\u2019ont pas fonctionn\u00e9 vendredi soir dernier, de nombreuses personnes se sont rendues \u00e0 pied aux rencontres, \u00bb a t-il dit. \u00ab Un de nos anciens d\u2019\u00e9glise a lou\u00e9 \u00e0 ses propres frais, six taxis pour amener des amis \u00e9tudiant la Bible aux rencontres. D\u2019autres personnes ont voyag\u00e9 par bus toute la nuit pour assister \u00e0 la c\u00e9r\u00e9monie de bapt\u00eame dimanche.<\/p>\n<p>\u00ab Ce qui comptait pour beaucoup de ces croyants Adventistes c\u2019est le salut de leur famille, de leurs amis, voisins, et coll\u00e8gues, ils \u00e9taient pr\u00eats \u00e0 faire des sacrifices personnels pour que cela devienne une r\u00e9alit\u00e9. Je laisse le Nicaragua inspir\u00e9 et motiv\u00e9 par la foi de tous nos membres. \u00bb<\/p>\n<p>Traduction: Patrick Luciathe<\/p>\n","protected":false},"excerpt":{"rendered":"<p>Des milliers de personnes, dont beaucoup se donnant des accolades et pleurant de joie, se sont rassembl\u00e9s en masse autour d\u2019un grand lac pour une importante c\u00e9r\u00e9monie de bapt\u00eame venue conclure le weekend dernier la premi\u00e8re campagne d\u2019\u00e9vang\u00e9lisation majeure organis\u00e9e par l\u2019Eglise Adventiste au Nicaragua. <\/p>\n<p>Des dizaines de pasteurs v\u00eatus de chemises blanches et de cravates ont baptis\u00e9 1884 personnes dans les eaux ondulantes du Lac Nicaragua dimanche. 200 autres personnes qui ne pouvaient se rendre au lac ont \u00e9t\u00e9 baptis\u00e9es dans des \u00e9glises locales amenant ainsi le total de bapt\u00eames pour l\u2019ensemble du pays depuis octobre dernier \u00e0 12000.<\/p>\n","protected":false},"author":1,"featured_media":24664,"comment_status":"closed","ping_status":"closed","sticky":false,"template":"","format":"standard","meta":{"_acf_changed":false,"footnotes":""},"categories":[21,19],"tags":[],"class_list":["post-32199","post","type-post","status-publish","format-standard","has-post-thumbnail","hentry","category-nouvelles-du-territoire","category-rss-francais"],"acf":[],"yoast_head":"<!-- This site is optimized with the Yoast SEO plugin v27.3 - https:\/\/yoast.com\/product\/yoast-seo-wordpress\/ -->\n<title>Larmes et embrassades lors du grand bapt\u00eame au Nicaragua - \u00c9glise Adventiste Du Septieme Jour - Inter Am\u00e9rique Division<\/title>\n<meta name=\"robots\" content=\"index, follow, max-snippet:-1, max-image-preview:large, max-video-preview:-1\" \/>\n<link rel=\"canonical\" href=\"https:\/\/interamerica.org\/fr\/2015\/03\/larmes-et-embrassades-lors-du-grand-bapteme-au-nicaragua\/\" \/>\n<meta property=\"og:locale\" content=\"fr_FR\" \/>\n<meta property=\"og:type\" content=\"article\" \/>\n<meta property=\"og:title\" content=\"Larmes et embrassades lors du grand bapt\u00eame au Nicaragua - \u00c9glise Adventiste Du Septieme Jour - Inter Am\u00e9rique Division\" \/>\n<meta property=\"og:description\" content=\"Des milliers de personnes, dont beaucoup se donnant des accolades et pleurant de joie, se sont rassembl\u00e9s en masse autour d\u2019un grand lac pour une importante c\u00e9r\u00e9monie de bapt\u00eame venue conclure le weekend dernier la premi\u00e8re campagne d\u2019\u00e9vang\u00e9lisation majeure organis\u00e9e par l\u2019Eglise Adventiste au Nicaragua.  Des dizaines de pasteurs v\u00eatus de chemises blanches et de cravates ont baptis\u00e9 1884 personnes dans les eaux ondulantes du Lac Nicaragua dimanche. 200 autres personnes qui ne pouvaient se rendre au lac ont \u00e9t\u00e9 baptis\u00e9es dans des \u00e9glises locales amenant ainsi le total de bapt\u00eames pour l\u2019ensemble du pays depuis octobre dernier \u00e0 12000.\" \/>\n<meta property=\"og:url\" content=\"https:\/\/interamerica.org\/fr\/2015\/03\/larmes-et-embrassades-lors-du-grand-bapteme-au-nicaragua\/\" \/>\n<meta property=\"og:site_name\" content=\"\u00c9glise Adventiste Du Septieme Jour - Inter Am\u00e9rique Division\" \/>\n<meta property=\"article:published_time\" content=\"2015-03-16T04:00:00+00:00\" \/>\n<meta property=\"og:image\" content=\"https:\/\/interamerica.org\/wp-content\/uploads\/2017\/06\/NIcaragua300.png\" \/>\n\t<meta property=\"og:image:width\" content=\"300\" \/>\n\t<meta property=\"og:image:height\" content=\"189\" \/>\n\t<meta property=\"og:image:type\" content=\"image\/png\" \/>\n<meta name=\"author\" content=\"Lorenzo Verduzco\" \/>\n<meta name=\"twitter:card\" content=\"summary_large_image\" \/>\n<meta name=\"twitter:label1\" content=\"\u00c9crit par\" \/>\n\t<meta name=\"twitter:data1\" content=\"Lorenzo Verduzco\" \/>\n\t<meta name=\"twitter:label2\" content=\"Dur\u00e9e de lecture estim\u00e9e\" \/>\n\t<meta name=\"twitter:data2\" content=\"5 minutes\" \/>\n<script type=\"application\/ld+json\" class=\"yoast-schema-graph\">{\"@context\":\"https:\\\/\\\/schema.org\",\"@graph\":[{\"@type\":\"Article\",\"@id\":\"https:\\\/\\\/interamerica.org\\\/fr\\\/2015\\\/03\\\/larmes-et-embrassades-lors-du-grand-bapteme-au-nicaragua\\\/#article\",\"isPartOf\":{\"@id\":\"https:\\\/\\\/interamerica.org\\\/fr\\\/2015\\\/03\\\/larmes-et-embrassades-lors-du-grand-bapteme-au-nicaragua\\\/\"},\"author\":{\"name\":\"Lorenzo Verduzco\",\"@id\":\"https:\\\/\\\/interamerica.org\\\/fr\\\/#\\\/schema\\\/person\\\/68ede8bdc292885bb76c1e3810e73c39\"},\"headline\":\"Larmes et embrassades lors du grand bapt\u00eame au Nicaragua\",\"datePublished\":\"2015-03-16T04:00:00+00:00\",\"mainEntityOfPage\":{\"@id\":\"https:\\\/\\\/interamerica.org\\\/fr\\\/2015\\\/03\\\/larmes-et-embrassades-lors-du-grand-bapteme-au-nicaragua\\\/\"},\"wordCount\":1045,\"image\":{\"@id\":\"https:\\\/\\\/interamerica.org\\\/fr\\\/2015\\\/03\\\/larmes-et-embrassades-lors-du-grand-bapteme-au-nicaragua\\\/#primaryimage\"},\"thumbnailUrl\":\"https:\\\/\\\/interamerica.org\\\/wp-content\\\/uploads\\\/2017\\\/06\\\/NIcaragua300.png\",\"articleSection\":[\"Nouvelles du territoire\",\"RSS Fran\u00e7ais\"],\"inLanguage\":\"fr-FR\"},{\"@type\":\"WebPage\",\"@id\":\"https:\\\/\\\/interamerica.org\\\/fr\\\/2015\\\/03\\\/larmes-et-embrassades-lors-du-grand-bapteme-au-nicaragua\\\/\",\"url\":\"https:\\\/\\\/interamerica.org\\\/fr\\\/2015\\\/03\\\/larmes-et-embrassades-lors-du-grand-bapteme-au-nicaragua\\\/\",\"name\":\"Larmes et embrassades lors du grand bapt\u00eame au Nicaragua - \u00c9glise Adventiste Du Septieme Jour - Inter Am\u00e9rique Division\",\"isPartOf\":{\"@id\":\"https:\\\/\\\/interamerica.org\\\/fr\\\/#website\"},\"primaryImageOfPage\":{\"@id\":\"https:\\\/\\\/interamerica.org\\\/fr\\\/2015\\\/03\\\/larmes-et-embrassades-lors-du-grand-bapteme-au-nicaragua\\\/#primaryimage\"},\"image\":{\"@id\":\"https:\\\/\\\/interamerica.org\\\/fr\\\/2015\\\/03\\\/larmes-et-embrassades-lors-du-grand-bapteme-au-nicaragua\\\/#primaryimage\"},\"thumbnailUrl\":\"https:\\\/\\\/interamerica.org\\\/wp-content\\\/uploads\\\/2017\\\/06\\\/NIcaragua300.png\",\"datePublished\":\"2015-03-16T04:00:00+00:00\",\"author\":{\"@id\":\"https:\\\/\\\/interamerica.org\\\/fr\\\/#\\\/schema\\\/person\\\/68ede8bdc292885bb76c1e3810e73c39\"},\"breadcrumb\":{\"@id\":\"https:\\\/\\\/interamerica.org\\\/fr\\\/2015\\\/03\\\/larmes-et-embrassades-lors-du-grand-bapteme-au-nicaragua\\\/#breadcrumb\"},\"inLanguage\":\"fr-FR\",\"potentialAction\":[{\"@type\":\"ReadAction\",\"target\":[\"https:\\\/\\\/interamerica.org\\\/fr\\\/2015\\\/03\\\/larmes-et-embrassades-lors-du-grand-bapteme-au-nicaragua\\\/\"]}]},{\"@type\":\"ImageObject\",\"inLanguage\":\"fr-FR\",\"@id\":\"https:\\\/\\\/interamerica.org\\\/fr\\\/2015\\\/03\\\/larmes-et-embrassades-lors-du-grand-bapteme-au-nicaragua\\\/#primaryimage\",\"url\":\"https:\\\/\\\/interamerica.org\\\/wp-content\\\/uploads\\\/2017\\\/06\\\/NIcaragua300.png\",\"contentUrl\":\"https:\\\/\\\/interamerica.org\\\/wp-content\\\/uploads\\\/2017\\\/06\\\/NIcaragua300.png\",\"width\":300,\"height\":189},{\"@type\":\"BreadcrumbList\",\"@id\":\"https:\\\/\\\/interamerica.org\\\/fr\\\/2015\\\/03\\\/larmes-et-embrassades-lors-du-grand-bapteme-au-nicaragua\\\/#breadcrumb\",\"itemListElement\":[{\"@type\":\"ListItem\",\"position\":1,\"name\":\"Home\",\"item\":\"https:\\\/\\\/interamerica.org\\\/fr\\\/\"},{\"@type\":\"ListItem\",\"position\":2,\"name\":\"Larmes et embrassades lors du grand bapt\u00eame au Nicaragua\"}]},{\"@type\":\"WebSite\",\"@id\":\"https:\\\/\\\/interamerica.org\\\/fr\\\/#website\",\"url\":\"https:\\\/\\\/interamerica.org\\\/fr\\\/\",\"name\":\"\u00c9glise Adventiste Du Septieme Jour - Inter Am\u00e9rique Division\",\"description\":\"\",\"potentialAction\":[{\"@type\":\"SearchAction\",\"target\":{\"@type\":\"EntryPoint\",\"urlTemplate\":\"https:\\\/\\\/interamerica.org\\\/fr\\\/?s={search_term_string}\"},\"query-input\":{\"@type\":\"PropertyValueSpecification\",\"valueRequired\":true,\"valueName\":\"search_term_string\"}}],\"inLanguage\":\"fr-FR\"},{\"@type\":\"Person\",\"@id\":\"https:\\\/\\\/interamerica.org\\\/fr\\\/#\\\/schema\\\/person\\\/68ede8bdc292885bb76c1e3810e73c39\",\"name\":\"Lorenzo Verduzco\",\"image\":{\"@type\":\"ImageObject\",\"inLanguage\":\"fr-FR\",\"@id\":\"https:\\\/\\\/secure.gravatar.com\\\/avatar\\\/fb81a55b6218459490a9c1dc841a34909185b81904c5337b4b27f7a6fd60c49e?s=96&d=mm&r=g\",\"url\":\"https:\\\/\\\/secure.gravatar.com\\\/avatar\\\/fb81a55b6218459490a9c1dc841a34909185b81904c5337b4b27f7a6fd60c49e?s=96&d=mm&r=g\",\"contentUrl\":\"https:\\\/\\\/secure.gravatar.com\\\/avatar\\\/fb81a55b6218459490a9c1dc841a34909185b81904c5337b4b27f7a6fd60c49e?s=96&d=mm&r=g\",\"caption\":\"Lorenzo Verduzco\"}}]}<\/script>\n<!-- \/ Yoast SEO plugin. -->","yoast_head_json":{"title":"Larmes et embrassades lors du grand bapt\u00eame au Nicaragua - \u00c9glise Adventiste Du Septieme Jour - Inter Am\u00e9rique Division","robots":{"index":"index","follow":"follow","max-snippet":"max-snippet:-1","max-image-preview":"max-image-preview:large","max-video-preview":"max-video-preview:-1"},"canonical":"https:\/\/interamerica.org\/fr\/2015\/03\/larmes-et-embrassades-lors-du-grand-bapteme-au-nicaragua\/","og_locale":"fr_FR","og_type":"article","og_title":"Larmes et embrassades lors du grand bapt\u00eame au Nicaragua - \u00c9glise Adventiste Du Septieme Jour - Inter Am\u00e9rique Division","og_description":"Des milliers de personnes, dont beaucoup se donnant des accolades et pleurant de joie, se sont rassembl\u00e9s en masse autour d\u2019un grand lac pour une importante c\u00e9r\u00e9monie de bapt\u00eame venue conclure le weekend dernier la premi\u00e8re campagne d\u2019\u00e9vang\u00e9lisation majeure organis\u00e9e par l\u2019Eglise Adventiste au Nicaragua.  Des dizaines de pasteurs v\u00eatus de chemises blanches et de cravates ont baptis\u00e9 1884 personnes dans les eaux ondulantes du Lac Nicaragua dimanche. 200 autres personnes qui ne pouvaient se rendre au lac ont \u00e9t\u00e9 baptis\u00e9es dans des \u00e9glises locales amenant ainsi le total de bapt\u00eames pour l\u2019ensemble du pays depuis octobre dernier \u00e0 12000.","og_url":"https:\/\/interamerica.org\/fr\/2015\/03\/larmes-et-embrassades-lors-du-grand-bapteme-au-nicaragua\/","og_site_name":"\u00c9glise Adventiste Du Septieme Jour - Inter Am\u00e9rique Division","article_published_time":"2015-03-16T04:00:00+00:00","og_image":[{"width":300,"height":189,"url":"https:\/\/interamerica.org\/wp-content\/uploads\/2017\/06\/NIcaragua300.png","type":"image\/png"}],"author":"Lorenzo Verduzco","twitter_card":"summary_large_image","twitter_misc":{"\u00c9crit par":"Lorenzo Verduzco","Dur\u00e9e de lecture estim\u00e9e":"5 minutes"},"schema":{"@context":"https:\/\/schema.org","@graph":[{"@type":"Article","@id":"https:\/\/interamerica.org\/fr\/2015\/03\/larmes-et-embrassades-lors-du-grand-bapteme-au-nicaragua\/#article","isPartOf":{"@id":"https:\/\/interamerica.org\/fr\/2015\/03\/larmes-et-embrassades-lors-du-grand-bapteme-au-nicaragua\/"},"author":{"name":"Lorenzo Verduzco","@id":"https:\/\/interamerica.org\/fr\/#\/schema\/person\/68ede8bdc292885bb76c1e3810e73c39"},"headline":"Larmes et embrassades lors du grand bapt\u00eame au Nicaragua","datePublished":"2015-03-16T04:00:00+00:00","mainEntityOfPage":{"@id":"https:\/\/interamerica.org\/fr\/2015\/03\/larmes-et-embrassades-lors-du-grand-bapteme-au-nicaragua\/"},"wordCount":1045,"image":{"@id":"https:\/\/interamerica.org\/fr\/2015\/03\/larmes-et-embrassades-lors-du-grand-bapteme-au-nicaragua\/#primaryimage"},"thumbnailUrl":"https:\/\/interamerica.org\/wp-content\/uploads\/2017\/06\/NIcaragua300.png","articleSection":["Nouvelles du territoire","RSS Fran\u00e7ais"],"inLanguage":"fr-FR"},{"@type":"WebPage","@id":"https:\/\/interamerica.org\/fr\/2015\/03\/larmes-et-embrassades-lors-du-grand-bapteme-au-nicaragua\/","url":"https:\/\/interamerica.org\/fr\/2015\/03\/larmes-et-embrassades-lors-du-grand-bapteme-au-nicaragua\/","name":"Larmes et embrassades lors du grand bapt\u00eame au Nicaragua - \u00c9glise Adventiste Du Septieme Jour - Inter Am\u00e9rique Division","isPartOf":{"@id":"https:\/\/interamerica.org\/fr\/#website"},"primaryImageOfPage":{"@id":"https:\/\/interamerica.org\/fr\/2015\/03\/larmes-et-embrassades-lors-du-grand-bapteme-au-nicaragua\/#primaryimage"},"image":{"@id":"https:\/\/interamerica.org\/fr\/2015\/03\/larmes-et-embrassades-lors-du-grand-bapteme-au-nicaragua\/#primaryimage"},"thumbnailUrl":"https:\/\/interamerica.org\/wp-content\/uploads\/2017\/06\/NIcaragua300.png","datePublished":"2015-03-16T04:00:00+00:00","author":{"@id":"https:\/\/interamerica.org\/fr\/#\/schema\/person\/68ede8bdc292885bb76c1e3810e73c39"},"breadcrumb":{"@id":"https:\/\/interamerica.org\/fr\/2015\/03\/larmes-et-embrassades-lors-du-grand-bapteme-au-nicaragua\/#breadcrumb"},"inLanguage":"fr-FR","potentialAction":[{"@type":"ReadAction","target":["https:\/\/interamerica.org\/fr\/2015\/03\/larmes-et-embrassades-lors-du-grand-bapteme-au-nicaragua\/"]}]},{"@type":"ImageObject","inLanguage":"fr-FR","@id":"https:\/\/interamerica.org\/fr\/2015\/03\/larmes-et-embrassades-lors-du-grand-bapteme-au-nicaragua\/#primaryimage","url":"https:\/\/interamerica.org\/wp-content\/uploads\/2017\/06\/NIcaragua300.png","contentUrl":"https:\/\/interamerica.org\/wp-content\/uploads\/2017\/06\/NIcaragua300.png","width":300,"height":189},{"@type":"BreadcrumbList","@id":"https:\/\/interamerica.org\/fr\/2015\/03\/larmes-et-embrassades-lors-du-grand-bapteme-au-nicaragua\/#breadcrumb","itemListElement":[{"@type":"ListItem","position":1,"name":"Home","item":"https:\/\/interamerica.org\/fr\/"},{"@type":"ListItem","position":2,"name":"Larmes et embrassades lors du grand bapt\u00eame au Nicaragua"}]},{"@type":"WebSite","@id":"https:\/\/interamerica.org\/fr\/#website","url":"https:\/\/interamerica.org\/fr\/","name":"\u00c9glise Adventiste Du Septieme Jour - Inter Am\u00e9rique Division","description":"","potentialAction":[{"@type":"SearchAction","target":{"@type":"EntryPoint","urlTemplate":"https:\/\/interamerica.org\/fr\/?s={search_term_string}"},"query-input":{"@type":"PropertyValueSpecification","valueRequired":true,"valueName":"search_term_string"}}],"inLanguage":"fr-FR"},{"@type":"Person","@id":"https:\/\/interamerica.org\/fr\/#\/schema\/person\/68ede8bdc292885bb76c1e3810e73c39","name":"Lorenzo Verduzco","image":{"@type":"ImageObject","inLanguage":"fr-FR","@id":"https:\/\/secure.gravatar.com\/avatar\/fb81a55b6218459490a9c1dc841a34909185b81904c5337b4b27f7a6fd60c49e?s=96&d=mm&r=g","url":"https:\/\/secure.gravatar.com\/avatar\/fb81a55b6218459490a9c1dc841a34909185b81904c5337b4b27f7a6fd60c49e?s=96&d=mm&r=g","contentUrl":"https:\/\/secure.gravatar.com\/avatar\/fb81a55b6218459490a9c1dc841a34909185b81904c5337b4b27f7a6fd60c49e?s=96&d=mm&r=g","caption":"Lorenzo Verduzco"}}]}},"_links":{"self":[{"href":"https:\/\/interamerica.org\/fr\/wp-json\/wp\/v2\/posts\/32199","targetHints":{"allow":["GET"]}}],"collection":[{"href":"https:\/\/interamerica.org\/fr\/wp-json\/wp\/v2\/posts"}],"about":[{"href":"https:\/\/interamerica.org\/fr\/wp-json\/wp\/v2\/types\/post"}],"author":[{"embeddable":true,"href":"https:\/\/interamerica.org\/fr\/wp-json\/wp\/v2\/users\/1"}],"replies":[{"embeddable":true,"href":"https:\/\/interamerica.org\/fr\/wp-json\/wp\/v2\/comments?post=32199"}],"version-history":[{"count":0,"href":"https:\/\/interamerica.org\/fr\/wp-json\/wp\/v2\/posts\/32199\/revisions"}],"wp:featuredmedia":[{"embeddable":true,"href":"https:\/\/interamerica.org\/fr\/wp-json\/wp\/v2\/media\/24664"}],"wp:attachment":[{"href":"https:\/\/interamerica.org\/fr\/wp-json\/wp\/v2\/media?parent=32199"}],"wp:term":[{"taxonomy":"category","embeddable":true,"href":"https:\/\/interamerica.org\/fr\/wp-json\/wp\/v2\/categories?post=32199"},{"taxonomy":"post_tag","embeddable":true,"href":"https:\/\/interamerica.org\/fr\/wp-json\/wp\/v2\/tags?post=32199"}],"curies":[{"name":"wp","href":"https:\/\/api.w.org\/{rel}","templated":true}]}}