{"id":32200,"date":"2015-03-16T00:00:00","date_gmt":"2015-03-16T04:00:00","guid":{"rendered":"http:\/\/192.81.217.108\/interamerica\/2015\/03\/leglise-adventiste-ouvre-son-premier-centre-de-bien-etre-dans-lest-du-venezuela\/"},"modified":"2015-03-16T00:00:00","modified_gmt":"2015-03-16T04:00:00","slug":"leglise-adventiste-ouvre-son-premier-centre-de-bien-etre-dans-lest-du-venezuela","status":"publish","type":"post","link":"https:\/\/interamerica.org\/fr\/2015\/03\/leglise-adventiste-ouvre-son-premier-centre-de-bien-etre-dans-lest-du-venezuela\/","title":{"rendered":"L\u2019Eglise Adventiste ouvre son premier centre de bien-\u00eatre dans l\u2019Est du Venezuela"},"content":{"rendered":"<div id=\"attachment_15688\" style=\"width: 610px\" class=\"wp-caption aligncenter\"><a href=\"\/interamerica\/wp-content\/uploads\/2017\/06\/EVAU-VidaSAna600.png\" rel=\"fancybox\" title=\"L\u2019Eglise Adventiste ouvre son premier centre de bien-\u00eatre dans l\u2019Est du Venezuela\"><img fetchpriority=\"high\" decoding=\"async\" aria-describedby=\"caption-attachment-15688\" class=\"size-full wp-image-15688\" src=\"\/interamerica\/wp-content\/uploads\/2017\/06\/EVAU-VidaSAna600.png\" alt=\"\" width=\"600\" height=\"400\" \/><\/a><p id=\"caption-attachment-15688\" class=\"wp-caption-text\">Image d&rsquo;Elias Ledezma\/DIA<\/p><\/div>\n<p>15 Mars 2015 \u2013 Caripe, Venezuela \u2013 Freddy Berroteran\/DIA\/Adventist Review<\/p>\n<p>L\u2019Eglise Adventiste du Septi\u00e8me Jour a ouvert son premier centre de bien-\u00eatre au Venezuela, avec 60 lits pour les patients, des salles de massage ainsi qu\u2019une piscine pour les traitements hydroth\u00e9rapiques dans la montagne en pleine for\u00eat.<\/p>\n<div id=\"attachment_15702\" style=\"width: 410px\" class=\"wp-caption alignright\"><a href=\"\/interamerica\/wp-content\/uploads\/2017\/06\/EVAU-vidasana.png\" rel=\"fancybox\" title=\"L\u2019Eglise Adventiste ouvre son premier centre de bien-\u00eatre dans l\u2019Est du Venezuela\"><img decoding=\"async\" aria-describedby=\"caption-attachment-15702\" class=\"size-full wp-image-15702\" src=\"\/interamerica\/wp-content\/uploads\/2017\/06\/EVAU-vidasana.png\" alt=\"\" width=\"400\" height=\"267\" \/><\/a><p id=\"caption-attachment-15702\" class=\"wp-caption-text\">Quelques13 hectares de terrain bois\u00e9 entourent le nouvel \u00e9tablissement dans la r\u00e9gion montagneuse de l\u2019Est du Venezuela.<\/p><\/div>\n<p>L\u2019\u00e9tablissement, le Centro Int\u00e9gral Adventista de Vida Sana (Centre Int\u00e9gral Adventiste de Vie Saine) proposera des rem\u00e8des naturels et de la m\u00e9decine pr\u00e9ventive \u00e0 la communaut\u00e9 avoisinante de plus de 55000 habitants et, selon les leaders de l\u2019\u00e9glise, servira aussi de t\u00e9moignage \u00e0 la puissance de Dieu qui a permis d\u2019avoir des mat\u00e9riaux de construction \u00e0 un moment o\u00f9 s\u00e9vit la crise \u00e9conomique.<\/p>\n<p>\u00ab Nous ne pouvons que louer Dieu pour ce miracle parce qu\u2019en seulement un an, au milieu de la pire crise \u00e9conomique qu\u2019ait jamais connu le Venezuela, \u00e0 un moment o\u00f9 le ciment, l\u2019acier, le verre et tous types de mat\u00e9riaux de construction deviennent rares, chaque jour Dieu a pourvu pour la construction de ce centre, \u00bb a dit Josney Rodriguez, pr\u00e9sident de l\u2019Eglise Adventiste dans l\u2019Union de l\u2019Est du Venezuela.<\/p>\n<p>\u00ab C\u2019\u00e9tait la seule construction de toute la r\u00e9gion \u00e0 disposer de ciment et \u00e0 avoir pu achever son b\u00e2timent, \u00bb a t-il indiqu\u00e9 lors de la c\u00e9r\u00e9monie d\u2019ouverture de l\u2019\u00e9tablissement de couleur jaune construit sur deux \u00e9tages en p\u00e9riph\u00e9rie de la ville de Caripe, \u00e0 environ 330 kilom\u00e8tres \u00e0 l\u2019est de la capitale Caracas.<\/p>\n<p>Plus de 250 leaders, de membres d\u2019\u00e9glise, ainsi que de leaders de la communaut\u00e9 se sont r\u00e9unis \u00e0 l\u2019occasion de ce moment historique.<\/p>\n<p>le centre de bien-\u00eatre compte 10 salles avec un total de 60 lits pour accueillir les patients, un gymnase pour la kin\u00e9sith\u00e9rapie, une piscine pour l\u2019hydroth\u00e9rapie, des salles de massage, des salles d\u2019attente, une caf\u00e9t\u00e9ria et une salle de conf\u00e9rence, le tout entour\u00e9 de 13 hectares de belle for\u00eat.<\/p>\n<p>\u00ab Cet endroit repr\u00e9sente le cadre naturel parfait pour toute personne d\u00e9sirant retrouver la sant\u00e9, \u00bb a dit Josney Rodriguez.<\/p>\n<div id=\"attachment_15689\" style=\"width: 410px\" class=\"wp-caption alignleft\"><a href=\"\/interamerica\/wp-content\/uploads\/2017\/06\/EVAU-crowd.png\" rel=\"fancybox\" title=\"L\u2019Eglise Adventiste ouvre son premier centre de bien-\u00eatre dans l\u2019Est du Venezuela\"><img decoding=\"async\" aria-describedby=\"caption-attachment-15689\" class=\"size-full wp-image-15689\" src=\"\/interamerica\/wp-content\/uploads\/2017\/06\/EVAU-crowd.png\" alt=\"\" width=\"400\" height=\"267\" \/><\/a><p id=\"caption-attachment-15689\" class=\"wp-caption-text\">Pasteur Isra\u00ebl Leito, pr\u00e9sident de l\u2019Eglise Adventiste en Inter Am\u00e9rique, s\u2019adresse \u00e0 quelques 250 leaders de l\u2019\u00e9glise et membres de la communaut\u00e9 lors de la c\u00e9r\u00e9monie d\u2019inauguration du Centre Int\u00e9gral de Vie Saine \u00e0 Caripe au Venezuela le 27 f\u00e9vrier 2015.<\/p><\/div>\n<p>Il a soulign\u00e9 que le centre remplit les conditions mentionn\u00e9es dans les \u00e9crits relatifs \u00e0 la sant\u00e9 que nous a laiss\u00e9s Ellen G. White, la cofondatrice de l\u2019Eglise Adventiste,<\/p>\n<p>L\u2019\u00e9tablissement sera non seulement au service de la communaut\u00e9 avoisinante en offrant des soins m\u00e9dicaux \u00e0 bas co\u00fbt, mais il servira \u00e9galement \u00e0 former des missionnaires m\u00e9dicaux \u00e0 enseigner la pr\u00e9vention des maladies et l\u2019utilisation des rem\u00e8des naturels lors de s\u00e9minaires dans les 814 \u00e9glises et groupes Adventistes r\u00e9partis dans l\u2019Union de l\u2019Est du Venezuela.<\/p>\n<p>L\u2019union qui s\u2019\u00e9tale vers l\u2019est de Caracas jusqu\u2019\u00e0 la fronti\u00e8re du Venezuela avec le Guyana, compte d\u00e9j\u00e0 deux policliniques, ainsi que plusieurs \u00e9coles primaires ainsi que l\u2019Universit\u00e9 Adventiste du Venezuela qu\u2019elle g\u00e8re avec l\u2019Union de l\u2019Ouest du Venezuela.<\/p>\n<p>Isra\u00ebl Leito, pr\u00e9sident de la Division Inter Am\u00e9ricaine de l\u2019Eglise Adventiste, qui inclut le Venezuela, a invit\u00e9 le personnel du centre lors de l\u2019ouverture du 26 f\u00e9vrier, \u00e0 garder le caract\u00e8re distinctif de leur foi et d\u2019\u00eatre un secours et une b\u00e9n\u00e9diction pour toutes les personnes qui visiteront le centre.<\/p>\n<p>Le financement du projet a d\u00e9but\u00e9 en 2012 quand les 144000 membres de l\u2019Union de l\u2019Est du Venezuela ont recueilli une offrande sp\u00e9ciale en fin d\u2019ann\u00e9e.<\/p>\n<p>Josney Rodriguez a indiqu\u00e9 que l\u2019attente d\u2019un centre de bien-\u00eatre date de bien plus longtemps.<\/p>\n<p>\u00ab Depuis plus de 35 ans, nos membres d\u2019\u00e9glise attendent que l\u2019\u00e9glise mette en place un centre de soins naturels, \u00bb a t-il indiqu\u00e9.<\/p>\n<p>Traduction: Patrick Luciathe<\/p>\n","protected":false},"excerpt":{"rendered":"<p>L\u2019Eglise Adventiste du Septi\u00e8me Jour a ouvert son premier centre de bien-\u00eatre au Venezuela, avec 60 lits pour les patients, des salles de massage ainsi qu\u2019une piscine pour les traitements hydroth\u00e9rapiques dans la montagne en pleine for\u00eat. <\/p>\n<p>L\u2019\u00e9tablissement, le Centro Int\u00e9gral Adventista de Vida Sana  proposera des rem\u00e8des naturels et de la m\u00e9decine pr\u00e9ventive \u00e0 la communaut\u00e9 avoisinante de plus de 55000 habitants et, selon les leaders de l\u2019\u00e9glise, servira aussi de t\u00e9moignage \u00e0 la puissance de Dieu qui a permis d\u2019avoir des mat\u00e9riaux de construction \u00e0 un moment o\u00f9 s\u00e9vit la crise \u00e9conomique.<\/p>\n","protected":false},"author":1,"featured_media":24648,"comment_status":"closed","ping_status":"closed","sticky":false,"template":"","format":"standard","meta":{"_acf_changed":false,"footnotes":""},"categories":[21,19],"tags":[],"class_list":["post-32200","post","type-post","status-publish","format-standard","has-post-thumbnail","hentry","category-nouvelles-du-territoire","category-rss-francais"],"acf":[],"yoast_head":"<!-- This site is optimized with the Yoast SEO plugin v27.3 - https:\/\/yoast.com\/product\/yoast-seo-wordpress\/ -->\n<title>L\u2019Eglise Adventiste ouvre son premier centre de bien-\u00eatre dans l\u2019Est du Venezuela - \u00c9glise Adventiste Du Septieme Jour - Inter Am\u00e9rique Division<\/title>\n<meta name=\"robots\" content=\"index, follow, max-snippet:-1, max-image-preview:large, max-video-preview:-1\" \/>\n<link rel=\"canonical\" href=\"https:\/\/interamerica.org\/fr\/2015\/03\/leglise-adventiste-ouvre-son-premier-centre-de-bien-etre-dans-lest-du-venezuela\/\" \/>\n<meta property=\"og:locale\" content=\"fr_FR\" \/>\n<meta property=\"og:type\" content=\"article\" \/>\n<meta property=\"og:title\" content=\"L\u2019Eglise Adventiste ouvre son premier centre de bien-\u00eatre dans l\u2019Est du Venezuela - \u00c9glise Adventiste Du Septieme Jour - Inter Am\u00e9rique Division\" \/>\n<meta property=\"og:description\" content=\"L\u2019Eglise Adventiste du Septi\u00e8me Jour a ouvert son premier centre de bien-\u00eatre au Venezuela, avec 60 lits pour les patients, des salles de massage ainsi qu\u2019une piscine pour les traitements hydroth\u00e9rapiques dans la montagne en pleine for\u00eat.  L\u2019\u00e9tablissement, le Centro Int\u00e9gral Adventista de Vida Sana proposera des rem\u00e8des naturels et de la m\u00e9decine pr\u00e9ventive \u00e0 la communaut\u00e9 avoisinante de plus de 55000 habitants et, selon les leaders de l\u2019\u00e9glise, servira aussi de t\u00e9moignage \u00e0 la puissance de Dieu qui a permis d\u2019avoir des mat\u00e9riaux de construction \u00e0 un moment o\u00f9 s\u00e9vit la crise \u00e9conomique.\" \/>\n<meta property=\"og:url\" content=\"https:\/\/interamerica.org\/fr\/2015\/03\/leglise-adventiste-ouvre-son-premier-centre-de-bien-etre-dans-lest-du-venezuela\/\" \/>\n<meta property=\"og:site_name\" content=\"\u00c9glise Adventiste Du Septieme Jour - Inter Am\u00e9rique Division\" \/>\n<meta property=\"article:published_time\" content=\"2015-03-16T04:00:00+00:00\" \/>\n<meta property=\"og:image\" content=\"https:\/\/interamerica.org\/wp-content\/uploads\/2017\/06\/EVAU-VidaSAna300.png\" \/>\n\t<meta property=\"og:image:width\" content=\"300\" \/>\n\t<meta property=\"og:image:height\" content=\"200\" \/>\n\t<meta property=\"og:image:type\" content=\"image\/png\" \/>\n<meta name=\"author\" content=\"Lorenzo Verduzco\" \/>\n<meta name=\"twitter:card\" content=\"summary_large_image\" \/>\n<meta name=\"twitter:label1\" content=\"\u00c9crit par\" \/>\n\t<meta name=\"twitter:data1\" content=\"Lorenzo Verduzco\" \/>\n\t<meta name=\"twitter:label2\" content=\"Dur\u00e9e de lecture estim\u00e9e\" \/>\n\t<meta name=\"twitter:data2\" content=\"4 minutes\" \/>\n<script type=\"application\/ld+json\" class=\"yoast-schema-graph\">{\"@context\":\"https:\\\/\\\/schema.org\",\"@graph\":[{\"@type\":\"Article\",\"@id\":\"https:\\\/\\\/interamerica.org\\\/fr\\\/2015\\\/03\\\/leglise-adventiste-ouvre-son-premier-centre-de-bien-etre-dans-lest-du-venezuela\\\/#article\",\"isPartOf\":{\"@id\":\"https:\\\/\\\/interamerica.org\\\/fr\\\/2015\\\/03\\\/leglise-adventiste-ouvre-son-premier-centre-de-bien-etre-dans-lest-du-venezuela\\\/\"},\"author\":{\"name\":\"Lorenzo Verduzco\",\"@id\":\"https:\\\/\\\/interamerica.org\\\/fr\\\/#\\\/schema\\\/person\\\/68ede8bdc292885bb76c1e3810e73c39\"},\"headline\":\"L\u2019Eglise Adventiste ouvre son premier centre de bien-\u00eatre dans l\u2019Est du Venezuela\",\"datePublished\":\"2015-03-16T04:00:00+00:00\",\"mainEntityOfPage\":{\"@id\":\"https:\\\/\\\/interamerica.org\\\/fr\\\/2015\\\/03\\\/leglise-adventiste-ouvre-son-premier-centre-de-bien-etre-dans-lest-du-venezuela\\\/\"},\"wordCount\":735,\"image\":{\"@id\":\"https:\\\/\\\/interamerica.org\\\/fr\\\/2015\\\/03\\\/leglise-adventiste-ouvre-son-premier-centre-de-bien-etre-dans-lest-du-venezuela\\\/#primaryimage\"},\"thumbnailUrl\":\"https:\\\/\\\/interamerica.org\\\/wp-content\\\/uploads\\\/2017\\\/06\\\/EVAU-VidaSAna300.png\",\"articleSection\":[\"Nouvelles du territoire\",\"RSS Fran\u00e7ais\"],\"inLanguage\":\"fr-FR\"},{\"@type\":\"WebPage\",\"@id\":\"https:\\\/\\\/interamerica.org\\\/fr\\\/2015\\\/03\\\/leglise-adventiste-ouvre-son-premier-centre-de-bien-etre-dans-lest-du-venezuela\\\/\",\"url\":\"https:\\\/\\\/interamerica.org\\\/fr\\\/2015\\\/03\\\/leglise-adventiste-ouvre-son-premier-centre-de-bien-etre-dans-lest-du-venezuela\\\/\",\"name\":\"L\u2019Eglise Adventiste ouvre son premier centre de bien-\u00eatre dans l\u2019Est du Venezuela - \u00c9glise Adventiste Du Septieme Jour - Inter Am\u00e9rique Division\",\"isPartOf\":{\"@id\":\"https:\\\/\\\/interamerica.org\\\/fr\\\/#website\"},\"primaryImageOfPage\":{\"@id\":\"https:\\\/\\\/interamerica.org\\\/fr\\\/2015\\\/03\\\/leglise-adventiste-ouvre-son-premier-centre-de-bien-etre-dans-lest-du-venezuela\\\/#primaryimage\"},\"image\":{\"@id\":\"https:\\\/\\\/interamerica.org\\\/fr\\\/2015\\\/03\\\/leglise-adventiste-ouvre-son-premier-centre-de-bien-etre-dans-lest-du-venezuela\\\/#primaryimage\"},\"thumbnailUrl\":\"https:\\\/\\\/interamerica.org\\\/wp-content\\\/uploads\\\/2017\\\/06\\\/EVAU-VidaSAna300.png\",\"datePublished\":\"2015-03-16T04:00:00+00:00\",\"author\":{\"@id\":\"https:\\\/\\\/interamerica.org\\\/fr\\\/#\\\/schema\\\/person\\\/68ede8bdc292885bb76c1e3810e73c39\"},\"breadcrumb\":{\"@id\":\"https:\\\/\\\/interamerica.org\\\/fr\\\/2015\\\/03\\\/leglise-adventiste-ouvre-son-premier-centre-de-bien-etre-dans-lest-du-venezuela\\\/#breadcrumb\"},\"inLanguage\":\"fr-FR\",\"potentialAction\":[{\"@type\":\"ReadAction\",\"target\":[\"https:\\\/\\\/interamerica.org\\\/fr\\\/2015\\\/03\\\/leglise-adventiste-ouvre-son-premier-centre-de-bien-etre-dans-lest-du-venezuela\\\/\"]}]},{\"@type\":\"ImageObject\",\"inLanguage\":\"fr-FR\",\"@id\":\"https:\\\/\\\/interamerica.org\\\/fr\\\/2015\\\/03\\\/leglise-adventiste-ouvre-son-premier-centre-de-bien-etre-dans-lest-du-venezuela\\\/#primaryimage\",\"url\":\"https:\\\/\\\/interamerica.org\\\/wp-content\\\/uploads\\\/2017\\\/06\\\/EVAU-VidaSAna300.png\",\"contentUrl\":\"https:\\\/\\\/interamerica.org\\\/wp-content\\\/uploads\\\/2017\\\/06\\\/EVAU-VidaSAna300.png\",\"width\":300,\"height\":200},{\"@type\":\"BreadcrumbList\",\"@id\":\"https:\\\/\\\/interamerica.org\\\/fr\\\/2015\\\/03\\\/leglise-adventiste-ouvre-son-premier-centre-de-bien-etre-dans-lest-du-venezuela\\\/#breadcrumb\",\"itemListElement\":[{\"@type\":\"ListItem\",\"position\":1,\"name\":\"Home\",\"item\":\"https:\\\/\\\/interamerica.org\\\/fr\\\/\"},{\"@type\":\"ListItem\",\"position\":2,\"name\":\"L\u2019Eglise Adventiste ouvre son premier centre de bien-\u00eatre dans l\u2019Est du Venezuela\"}]},{\"@type\":\"WebSite\",\"@id\":\"https:\\\/\\\/interamerica.org\\\/fr\\\/#website\",\"url\":\"https:\\\/\\\/interamerica.org\\\/fr\\\/\",\"name\":\"\u00c9glise Adventiste Du Septieme Jour - Inter Am\u00e9rique Division\",\"description\":\"\",\"potentialAction\":[{\"@type\":\"SearchAction\",\"target\":{\"@type\":\"EntryPoint\",\"urlTemplate\":\"https:\\\/\\\/interamerica.org\\\/fr\\\/?s={search_term_string}\"},\"query-input\":{\"@type\":\"PropertyValueSpecification\",\"valueRequired\":true,\"valueName\":\"search_term_string\"}}],\"inLanguage\":\"fr-FR\"},{\"@type\":\"Person\",\"@id\":\"https:\\\/\\\/interamerica.org\\\/fr\\\/#\\\/schema\\\/person\\\/68ede8bdc292885bb76c1e3810e73c39\",\"name\":\"Lorenzo Verduzco\",\"image\":{\"@type\":\"ImageObject\",\"inLanguage\":\"fr-FR\",\"@id\":\"https:\\\/\\\/secure.gravatar.com\\\/avatar\\\/fb81a55b6218459490a9c1dc841a34909185b81904c5337b4b27f7a6fd60c49e?s=96&d=mm&r=g\",\"url\":\"https:\\\/\\\/secure.gravatar.com\\\/avatar\\\/fb81a55b6218459490a9c1dc841a34909185b81904c5337b4b27f7a6fd60c49e?s=96&d=mm&r=g\",\"contentUrl\":\"https:\\\/\\\/secure.gravatar.com\\\/avatar\\\/fb81a55b6218459490a9c1dc841a34909185b81904c5337b4b27f7a6fd60c49e?s=96&d=mm&r=g\",\"caption\":\"Lorenzo Verduzco\"}}]}<\/script>\n<!-- \/ Yoast SEO plugin. -->","yoast_head_json":{"title":"L\u2019Eglise Adventiste ouvre son premier centre de bien-\u00eatre dans l\u2019Est du Venezuela - \u00c9glise Adventiste Du Septieme Jour - Inter Am\u00e9rique Division","robots":{"index":"index","follow":"follow","max-snippet":"max-snippet:-1","max-image-preview":"max-image-preview:large","max-video-preview":"max-video-preview:-1"},"canonical":"https:\/\/interamerica.org\/fr\/2015\/03\/leglise-adventiste-ouvre-son-premier-centre-de-bien-etre-dans-lest-du-venezuela\/","og_locale":"fr_FR","og_type":"article","og_title":"L\u2019Eglise Adventiste ouvre son premier centre de bien-\u00eatre dans l\u2019Est du Venezuela - \u00c9glise Adventiste Du Septieme Jour - Inter Am\u00e9rique Division","og_description":"L\u2019Eglise Adventiste du Septi\u00e8me Jour a ouvert son premier centre de bien-\u00eatre au Venezuela, avec 60 lits pour les patients, des salles de massage ainsi qu\u2019une piscine pour les traitements hydroth\u00e9rapiques dans la montagne en pleine for\u00eat.  L\u2019\u00e9tablissement, le Centro Int\u00e9gral Adventista de Vida Sana proposera des rem\u00e8des naturels et de la m\u00e9decine pr\u00e9ventive \u00e0 la communaut\u00e9 avoisinante de plus de 55000 habitants et, selon les leaders de l\u2019\u00e9glise, servira aussi de t\u00e9moignage \u00e0 la puissance de Dieu qui a permis d\u2019avoir des mat\u00e9riaux de construction \u00e0 un moment o\u00f9 s\u00e9vit la crise \u00e9conomique.","og_url":"https:\/\/interamerica.org\/fr\/2015\/03\/leglise-adventiste-ouvre-son-premier-centre-de-bien-etre-dans-lest-du-venezuela\/","og_site_name":"\u00c9glise Adventiste Du Septieme Jour - Inter Am\u00e9rique Division","article_published_time":"2015-03-16T04:00:00+00:00","og_image":[{"width":300,"height":200,"url":"https:\/\/interamerica.org\/wp-content\/uploads\/2017\/06\/EVAU-VidaSAna300.png","type":"image\/png"}],"author":"Lorenzo Verduzco","twitter_card":"summary_large_image","twitter_misc":{"\u00c9crit par":"Lorenzo Verduzco","Dur\u00e9e de lecture estim\u00e9e":"4 minutes"},"schema":{"@context":"https:\/\/schema.org","@graph":[{"@type":"Article","@id":"https:\/\/interamerica.org\/fr\/2015\/03\/leglise-adventiste-ouvre-son-premier-centre-de-bien-etre-dans-lest-du-venezuela\/#article","isPartOf":{"@id":"https:\/\/interamerica.org\/fr\/2015\/03\/leglise-adventiste-ouvre-son-premier-centre-de-bien-etre-dans-lest-du-venezuela\/"},"author":{"name":"Lorenzo Verduzco","@id":"https:\/\/interamerica.org\/fr\/#\/schema\/person\/68ede8bdc292885bb76c1e3810e73c39"},"headline":"L\u2019Eglise Adventiste ouvre son premier centre de bien-\u00eatre dans l\u2019Est du Venezuela","datePublished":"2015-03-16T04:00:00+00:00","mainEntityOfPage":{"@id":"https:\/\/interamerica.org\/fr\/2015\/03\/leglise-adventiste-ouvre-son-premier-centre-de-bien-etre-dans-lest-du-venezuela\/"},"wordCount":735,"image":{"@id":"https:\/\/interamerica.org\/fr\/2015\/03\/leglise-adventiste-ouvre-son-premier-centre-de-bien-etre-dans-lest-du-venezuela\/#primaryimage"},"thumbnailUrl":"https:\/\/interamerica.org\/wp-content\/uploads\/2017\/06\/EVAU-VidaSAna300.png","articleSection":["Nouvelles du territoire","RSS Fran\u00e7ais"],"inLanguage":"fr-FR"},{"@type":"WebPage","@id":"https:\/\/interamerica.org\/fr\/2015\/03\/leglise-adventiste-ouvre-son-premier-centre-de-bien-etre-dans-lest-du-venezuela\/","url":"https:\/\/interamerica.org\/fr\/2015\/03\/leglise-adventiste-ouvre-son-premier-centre-de-bien-etre-dans-lest-du-venezuela\/","name":"L\u2019Eglise Adventiste ouvre son premier centre de bien-\u00eatre dans l\u2019Est du Venezuela - \u00c9glise Adventiste Du Septieme Jour - Inter Am\u00e9rique Division","isPartOf":{"@id":"https:\/\/interamerica.org\/fr\/#website"},"primaryImageOfPage":{"@id":"https:\/\/interamerica.org\/fr\/2015\/03\/leglise-adventiste-ouvre-son-premier-centre-de-bien-etre-dans-lest-du-venezuela\/#primaryimage"},"image":{"@id":"https:\/\/interamerica.org\/fr\/2015\/03\/leglise-adventiste-ouvre-son-premier-centre-de-bien-etre-dans-lest-du-venezuela\/#primaryimage"},"thumbnailUrl":"https:\/\/interamerica.org\/wp-content\/uploads\/2017\/06\/EVAU-VidaSAna300.png","datePublished":"2015-03-16T04:00:00+00:00","author":{"@id":"https:\/\/interamerica.org\/fr\/#\/schema\/person\/68ede8bdc292885bb76c1e3810e73c39"},"breadcrumb":{"@id":"https:\/\/interamerica.org\/fr\/2015\/03\/leglise-adventiste-ouvre-son-premier-centre-de-bien-etre-dans-lest-du-venezuela\/#breadcrumb"},"inLanguage":"fr-FR","potentialAction":[{"@type":"ReadAction","target":["https:\/\/interamerica.org\/fr\/2015\/03\/leglise-adventiste-ouvre-son-premier-centre-de-bien-etre-dans-lest-du-venezuela\/"]}]},{"@type":"ImageObject","inLanguage":"fr-FR","@id":"https:\/\/interamerica.org\/fr\/2015\/03\/leglise-adventiste-ouvre-son-premier-centre-de-bien-etre-dans-lest-du-venezuela\/#primaryimage","url":"https:\/\/interamerica.org\/wp-content\/uploads\/2017\/06\/EVAU-VidaSAna300.png","contentUrl":"https:\/\/interamerica.org\/wp-content\/uploads\/2017\/06\/EVAU-VidaSAna300.png","width":300,"height":200},{"@type":"BreadcrumbList","@id":"https:\/\/interamerica.org\/fr\/2015\/03\/leglise-adventiste-ouvre-son-premier-centre-de-bien-etre-dans-lest-du-venezuela\/#breadcrumb","itemListElement":[{"@type":"ListItem","position":1,"name":"Home","item":"https:\/\/interamerica.org\/fr\/"},{"@type":"ListItem","position":2,"name":"L\u2019Eglise Adventiste ouvre son premier centre de bien-\u00eatre dans l\u2019Est du Venezuela"}]},{"@type":"WebSite","@id":"https:\/\/interamerica.org\/fr\/#website","url":"https:\/\/interamerica.org\/fr\/","name":"\u00c9glise Adventiste Du Septieme Jour - Inter Am\u00e9rique Division","description":"","potentialAction":[{"@type":"SearchAction","target":{"@type":"EntryPoint","urlTemplate":"https:\/\/interamerica.org\/fr\/?s={search_term_string}"},"query-input":{"@type":"PropertyValueSpecification","valueRequired":true,"valueName":"search_term_string"}}],"inLanguage":"fr-FR"},{"@type":"Person","@id":"https:\/\/interamerica.org\/fr\/#\/schema\/person\/68ede8bdc292885bb76c1e3810e73c39","name":"Lorenzo Verduzco","image":{"@type":"ImageObject","inLanguage":"fr-FR","@id":"https:\/\/secure.gravatar.com\/avatar\/fb81a55b6218459490a9c1dc841a34909185b81904c5337b4b27f7a6fd60c49e?s=96&d=mm&r=g","url":"https:\/\/secure.gravatar.com\/avatar\/fb81a55b6218459490a9c1dc841a34909185b81904c5337b4b27f7a6fd60c49e?s=96&d=mm&r=g","contentUrl":"https:\/\/secure.gravatar.com\/avatar\/fb81a55b6218459490a9c1dc841a34909185b81904c5337b4b27f7a6fd60c49e?s=96&d=mm&r=g","caption":"Lorenzo Verduzco"}}]}},"_links":{"self":[{"href":"https:\/\/interamerica.org\/fr\/wp-json\/wp\/v2\/posts\/32200","targetHints":{"allow":["GET"]}}],"collection":[{"href":"https:\/\/interamerica.org\/fr\/wp-json\/wp\/v2\/posts"}],"about":[{"href":"https:\/\/interamerica.org\/fr\/wp-json\/wp\/v2\/types\/post"}],"author":[{"embeddable":true,"href":"https:\/\/interamerica.org\/fr\/wp-json\/wp\/v2\/users\/1"}],"replies":[{"embeddable":true,"href":"https:\/\/interamerica.org\/fr\/wp-json\/wp\/v2\/comments?post=32200"}],"version-history":[{"count":0,"href":"https:\/\/interamerica.org\/fr\/wp-json\/wp\/v2\/posts\/32200\/revisions"}],"wp:featuredmedia":[{"embeddable":true,"href":"https:\/\/interamerica.org\/fr\/wp-json\/wp\/v2\/media\/24648"}],"wp:attachment":[{"href":"https:\/\/interamerica.org\/fr\/wp-json\/wp\/v2\/media?parent=32200"}],"wp:term":[{"taxonomy":"category","embeddable":true,"href":"https:\/\/interamerica.org\/fr\/wp-json\/wp\/v2\/categories?post=32200"},{"taxonomy":"post_tag","embeddable":true,"href":"https:\/\/interamerica.org\/fr\/wp-json\/wp\/v2\/tags?post=32200"}],"curies":[{"name":"wp","href":"https:\/\/api.w.org\/{rel}","templated":true}]}}