{"id":32201,"date":"2015-03-17T00:00:00","date_gmt":"2015-03-17T04:00:00","guid":{"rendered":"http:\/\/192.81.217.108\/interamerica\/2015\/03\/leglise-adventiste-marque-lhistoire-a-cuba-avec-une-grande-expo-sante\/"},"modified":"2015-03-17T00:00:00","modified_gmt":"2015-03-17T04:00:00","slug":"leglise-adventiste-marque-lhistoire-a-cuba-avec-une-grande-expo-sante","status":"publish","type":"post","link":"https:\/\/interamerica.org\/fr\/2015\/03\/leglise-adventiste-marque-lhistoire-a-cuba-avec-une-grande-expo-sante\/","title":{"rendered":"L\u2019Eglise Adventiste marque l\u2019histoire \u00e0 Cuba avec une grande expo sant\u00e9"},"content":{"rendered":"<div id=\"attachment_15738\" style=\"width: 610px\" class=\"wp-caption aligncenter\"><a href=\"\/interamerica\/wp-content\/uploads\/2017\/06\/CUBA-medicalckups.png\" rel=\"fancybox\" title=\"L\u2019Eglise Adventiste marque l\u2019histoire \u00e0 Cuba avec une grande expo sant\u00e9\"><img fetchpriority=\"high\" decoding=\"async\" aria-describedby=\"caption-attachment-15738\" class=\"size-full wp-image-15738\" src=\"\/interamerica\/wp-content\/uploads\/2017\/06\/CUBA-medicalckups.png\" alt=\"\" width=\"600\" height=\"450\" \/><\/a><p id=\"caption-attachment-15738\" class=\"wp-caption-text\">Les visiteurs passent des visites m\u00e9dicales gratuites \u00e0 l\u2019occasion de l\u2019action d\u2019impact communautaire historique men\u00e9e par l\u2019Eglise Adventiste \u00e0 Santiago de Cuba le mois dernier. Image de Ray Frometa.<\/p><\/div>\n<p>17 Mars 2015 \u2013 Santiago, Cuba \u2013 DIA<\/p>\n<p>L\u2019Eglise Adventiste du Septi\u00e8me Jour \u00e0 Cuba a marqu\u00e9 l\u2019histoire gr\u00e2ce au don de sang effectu\u00e9 par 2000 de ses jeunes, aux visites m\u00e9dicales qui ont \u00e9t\u00e9 offertes, et \u00e0 la distribution de milliers de livres sur deux des sites les plus respect\u00e9s de cette ile communiste.<\/p>\n<div id=\"attachment_15737\" style=\"width: 410px\" class=\"wp-caption alignleft\"><a href=\"\/interamerica\/wp-content\/uploads\/2017\/06\/CUba-PlazaRev.png\" rel=\"fancybox\" title=\"L\u2019Eglise Adventiste marque l\u2019histoire \u00e0 Cuba avec une grande expo sant\u00e9\"><img decoding=\"async\" aria-describedby=\"caption-attachment-15737\" class=\"size-full wp-image-15737\" src=\"\/interamerica\/wp-content\/uploads\/2017\/06\/CUba-PlazaRev.png\" alt=\"\" width=\"400\" height=\"267\" \/><\/a><p id=\"caption-attachment-15737\" class=\"wp-caption-text\">Les organisateurs ont mis en place les diff\u00e9rents stands pour l\u2019expo sant\u00e9 \u00e0 la Plaza de la Revolucion \u00e0 Santiago, \u00e0 Cuba le 27 f\u00e9vrier 2015.<\/p><\/div>\n<p>Plusieurs des jeunes ont voyag\u00e9 pendant des heures et parcouru des centaines de kilom\u00e8tres pour arriver \u00e0 la ville de Santiago de Cuba afin de prendre part au programme sur la Plaza de la Revolucion, le site sur lequel ont lieu les principales manifestations gouvernementales, et aussi \u00e0 Abel Santamaria Park o\u00f9 un soul\u00e8vement arm\u00e9 au d\u00e9but des ann\u00e9es 1950 a aid\u00e9 \u00e0 lancer la r\u00e9volution dans le pays.<\/p>\n<p>\u00ab C\u2019\u00e9tait vraiment quelque chose d\u2019historique parce que c\u2019est la premi\u00e8re fois qu\u2019un programme de cette ampleur s\u2019est tenu en public et de mani\u00e8re officielle dans des lieux aussi prestigieux, \u00bb a d\u00e9clar\u00e9 Ray Frometa, directeur des minist\u00e8res de la jeunesse pour la F\u00e9d\u00e9ration de l\u2019Est de Cuba et co-organisateur du programme.<\/p>\n<p>Ray Frometa, un Adventiste de troisi\u00e8me g\u00e9n\u00e9ration, a d\u00e9clar\u00e9 que le programme repr\u00e9sentait une grande avanc\u00e9e pour l\u2019\u00e9glise. Ses parents n\u2019ont pas eu le droit d\u2019\u00e9tudier \u00e0 cause de leurs croyances religieuses, et ses grands-parents ont \u00e9t\u00e9 amen\u00e9s devant les tribunaux pour n\u2019avoir pas envoy\u00e9 sa m\u00e8re \u00e0 l\u2019\u00e9cole.<\/p>\n<div id=\"attachment_15739\" style=\"width: 310px\" class=\"wp-caption alignright\"><a href=\"\/interamerica\/wp-content\/uploads\/2017\/06\/Cuba-blood.png\" rel=\"fancybox\" title=\"L\u2019Eglise Adventiste marque l\u2019histoire \u00e0 Cuba avec une grande expo sant\u00e9\"><img decoding=\"async\" aria-describedby=\"caption-attachment-15739\" class=\"size-full wp-image-15739\" src=\"\/interamerica\/wp-content\/uploads\/2017\/06\/Cuba-blood.png\" alt=\"\" width=\"300\" height=\"200\" \/><\/a><p id=\"caption-attachment-15739\" class=\"wp-caption-text\">Une personne parmi les centaines qui ont donn\u00e9 leur sang au cours du programme.<\/p><\/div>\n<p>\u00ab Dieu accomplit des choses merveilleuses ici, \u00bb a t-il dit. \u00ab Cela montre que la jeunesse Adventiste \u00e0 Cuba est vivante alors que l\u2019histoire est en train de s\u2019\u00e9crire.<\/p>\n<p>Quelques limites demeurent pos\u00e9es sur le travail de l\u2019Eglise Adventiste, mais les portes s\u2019ouvrent pour une plus grande proclamation du message de la venue de J\u00e9sus \u00e0 Cuba, ont indiqu\u00e9 les leaders de l\u2019\u00e9glise.<\/p>\n<p>L\u2019Eglise Adventiste g\u00e8re un s\u00e9minaire th\u00e9ologique \u00e0 Cuba et ses 31530 membres se r\u00e9unissent pour adorer dans 323 \u00e9glises et 144 groupes.<\/p>\n<p>Les activit\u00e9s intervenaient dans le cadre de la Convention de la Jeunesse organis\u00e9e par les r\u00e9gions de la Conf\u00e9rence Est et de la Mission de l\u2019Est, lesquelles ont mobilis\u00e9 les jeunes dans des efforts coordonn\u00e9es avec le bureau de l\u2019Agence Adventiste de D\u00e9veloppement et de Secours (ADRA) \u00e0 Cuba.<\/p>\n<div id=\"attachment_15740\" style=\"width: 310px\" class=\"wp-caption alignleft\"><a href=\"\/interamerica\/wp-content\/uploads\/2017\/06\/Cuba-youthconv.png\" rel=\"fancybox\" title=\"L\u2019Eglise Adventiste marque l\u2019histoire \u00e0 Cuba avec une grande expo sant\u00e9\"><img loading=\"lazy\" decoding=\"async\" aria-describedby=\"caption-attachment-15740\" class=\"size-medium wp-image-15740 \" src=\"\/interamerica\/wp-content\/uploads\/2017\/06\/Cuba-youthconv-300x225.png\" alt=\"\" width=\"300\" height=\"225\" \/><\/a><p id=\"caption-attachment-15740\" class=\"wp-caption-text\">De jeunes Adventistes prient ensemble pendant les trois jours de la Convention de la Jeunesse organis\u00e9e par l\u2019\u00e9glise dans l\u2019Est de Cuba.<\/p><\/div>\n<p>Les leaders de l\u2019\u00e9glise ont travaill\u00e9 de concert avec les responsables de la sant\u00e9 publique ainsi que la Croix Rouge pour r\u00e9aliser le programme \u00e0 la fin du mois dernier \u00e0 Santiago de Cuba, la plus grande ville du pays apr\u00e8s la capitale La Havane, elle compte plus d\u2019un demi-million d\u2019habitants.<\/p>\n<p>Les \u00e9tudiants en m\u00e9decine Adventistes et les professionnels de sant\u00e9 Adventistes ont mis en place des stands sur la sant\u00e9 qui mettaient l\u2019accent sur la mani\u00e8re de rester en bonne sant\u00e9 gr\u00e2ce \u00e0 l\u2019exercice physique, l\u2019eau, le soleil, l\u2019air, et d\u2019autres rem\u00e8des naturels. Des visites m\u00e9dicales gratuites ont permis de prendre la tension art\u00e9rielle, de v\u00e9rifier la respiration et de mesurer le taux de glyc\u00e9mie.<\/p>\n<p>Gustavo Frometa, le directeur de la sant\u00e9 publique pour la province, qui n\u2019est d\u2019ailleurs pas apparent\u00e9 au directeur des minist\u00e8res de la jeunesse, a remerci\u00e9 publiquement l\u2019Eglise Adventiste pour le programme sanitaire de proximit\u00e9. Il a indiqu\u00e9 que son bureau \u00e9tait pr\u00eat \u00e0 \u00ab s\u2019impliquer dans tout programme commun qui pourrait b\u00e9n\u00e9ficier \u00e0 la communaut\u00e9 et contribuer \u00e0 am\u00e9liorer la qualit\u00e9 de vie de notre peuple. \u00bb<\/p>\n<div id=\"attachment_15741\" style=\"width: 310px\" class=\"wp-caption alignright\"><a href=\"\/interamerica\/wp-content\/uploads\/2017\/06\/Cuba-books.png\" rel=\"fancybox\" title=\"L\u2019Eglise Adventiste marque l\u2019histoire \u00e0 Cuba avec une grande expo sant\u00e9\"><img loading=\"lazy\" decoding=\"async\" aria-describedby=\"caption-attachment-15741\" class=\"size-medium wp-image-15741\" src=\"\/interamerica\/wp-content\/uploads\/2017\/06\/Cuba-books-300x225.png\" alt=\"\" width=\"300\" height=\"225\" \/><\/a><p id=\"caption-attachment-15741\" class=\"wp-caption-text\">Les leaders prient sur les livres avant la distribution.<\/p><\/div>\n<p>Le personnel m\u00e9dical d\u2019un h\u00f4pital voisin a \u00e9galement exprim\u00e9 sa gratitude envers l\u2019\u00e9glise pour les services sanitaires offerts \u00e0 la population de Santiago de Cuba.<\/p>\n<p>Les jeunes ont aussi distribu\u00e9 environ 4000 copies du livre \u00ab Au Del\u00e0 de l\u2019Imagination \u00bb \u00e9crit par John Templeton, Jerry Thomas et L. James Gibson.<\/p>\n<p>Le programme a beaucoup retenu l\u2019attention des passants et des m\u00e9dias.<\/p>\n<p>\u00ab Plusieurs sont venus juste pour voir ce qu\u2019il y avait derri\u00e8re toute cette agitation, \u00bb a dit Dayami Rodriguez, directeur de la communication pour l\u2019Eglise Adventiste \u00e0 Cuba. \u00ab Plusieurs leaders et journalistes locaux ont couvert l\u2019\u00e9v\u00e8nement. \u00bb<\/p>\n<p>Traduction: Patrick Luciathe<\/p>\n","protected":false},"excerpt":{"rendered":"<p>L\u2019Eglise Adventiste du Septi\u00e8me Jour \u00e0 Cuba a marqu\u00e9 l\u2019histoire gr\u00e2ce au don de sang effectu\u00e9 par 2000 de ses jeunes, aux visites m\u00e9dicales qui ont \u00e9t\u00e9 offertes, et \u00e0 la distribution de milliers de livres sur deux des sites les plus respect\u00e9s de cette ile communiste. <\/p>\n<p>Plusieurs des jeunes ont voyag\u00e9 pendant des heures et parcouru des centaines de kilom\u00e8tres pour arriver \u00e0 la ville de Santiago de Cuba afin de prendre part au programme sur la Plaza de la Revolucion, le site sur lequel ont lieu les principales manifestations gouvernementales, et aussi \u00e0 Abel Santamaria Park o\u00f9 un soul\u00e8vement arm\u00e9 au d\u00e9but des ann\u00e9es 1950 a aid\u00e9 \u00e0 lancer la r\u00e9volution dans le pays.<\/p>\n","protected":false},"author":1,"featured_media":24692,"comment_status":"closed","ping_status":"closed","sticky":false,"template":"","format":"standard","meta":{"_acf_changed":false,"footnotes":""},"categories":[21,19],"tags":[],"class_list":["post-32201","post","type-post","status-publish","format-standard","has-post-thumbnail","hentry","category-nouvelles-du-territoire","category-rss-francais"],"acf":[],"yoast_head":"<!-- This site is optimized with the Yoast SEO plugin v27.3 - https:\/\/yoast.com\/product\/yoast-seo-wordpress\/ -->\n<title>L\u2019Eglise Adventiste marque l\u2019histoire \u00e0 Cuba avec une grande expo sant\u00e9 - \u00c9glise Adventiste Du Septieme Jour - Inter Am\u00e9rique Division<\/title>\n<meta name=\"robots\" content=\"index, follow, max-snippet:-1, max-image-preview:large, max-video-preview:-1\" \/>\n<link rel=\"canonical\" href=\"https:\/\/interamerica.org\/fr\/2015\/03\/leglise-adventiste-marque-lhistoire-a-cuba-avec-une-grande-expo-sante\/\" \/>\n<meta property=\"og:locale\" content=\"fr_FR\" \/>\n<meta property=\"og:type\" content=\"article\" \/>\n<meta property=\"og:title\" content=\"L\u2019Eglise Adventiste marque l\u2019histoire \u00e0 Cuba avec une grande expo sant\u00e9 - \u00c9glise Adventiste Du Septieme Jour - Inter Am\u00e9rique Division\" \/>\n<meta property=\"og:description\" content=\"L\u2019Eglise Adventiste du Septi\u00e8me Jour \u00e0 Cuba a marqu\u00e9 l\u2019histoire gr\u00e2ce au don de sang effectu\u00e9 par 2000 de ses jeunes, aux visites m\u00e9dicales qui ont \u00e9t\u00e9 offertes, et \u00e0 la distribution de milliers de livres sur deux des sites les plus respect\u00e9s de cette ile communiste.  Plusieurs des jeunes ont voyag\u00e9 pendant des heures et parcouru des centaines de kilom\u00e8tres pour arriver \u00e0 la ville de Santiago de Cuba afin de prendre part au programme sur la Plaza de la Revolucion, le site sur lequel ont lieu les principales manifestations gouvernementales, et aussi \u00e0 Abel Santamaria Park o\u00f9 un soul\u00e8vement arm\u00e9 au d\u00e9but des ann\u00e9es 1950 a aid\u00e9 \u00e0 lancer la r\u00e9volution dans le pays.\" \/>\n<meta property=\"og:url\" content=\"https:\/\/interamerica.org\/fr\/2015\/03\/leglise-adventiste-marque-lhistoire-a-cuba-avec-une-grande-expo-sante\/\" \/>\n<meta property=\"og:site_name\" content=\"\u00c9glise Adventiste Du Septieme Jour - Inter Am\u00e9rique Division\" \/>\n<meta property=\"article:published_time\" content=\"2015-03-17T04:00:00+00:00\" \/>\n<meta property=\"og:image\" content=\"https:\/\/interamerica.org\/wp-content\/uploads\/2017\/06\/CUBA-medicalckups.png\" \/>\n\t<meta property=\"og:image:width\" content=\"600\" \/>\n\t<meta property=\"og:image:height\" content=\"450\" \/>\n\t<meta property=\"og:image:type\" content=\"image\/png\" \/>\n<meta name=\"author\" content=\"Lorenzo Verduzco\" \/>\n<meta name=\"twitter:card\" content=\"summary_large_image\" \/>\n<meta name=\"twitter:label1\" content=\"\u00c9crit par\" \/>\n\t<meta name=\"twitter:data1\" content=\"Lorenzo Verduzco\" \/>\n\t<meta name=\"twitter:label2\" content=\"Dur\u00e9e de lecture estim\u00e9e\" \/>\n\t<meta name=\"twitter:data2\" content=\"4 minutes\" \/>\n<script type=\"application\/ld+json\" class=\"yoast-schema-graph\">{\"@context\":\"https:\\\/\\\/schema.org\",\"@graph\":[{\"@type\":\"Article\",\"@id\":\"https:\\\/\\\/interamerica.org\\\/fr\\\/2015\\\/03\\\/leglise-adventiste-marque-lhistoire-a-cuba-avec-une-grande-expo-sante\\\/#article\",\"isPartOf\":{\"@id\":\"https:\\\/\\\/interamerica.org\\\/fr\\\/2015\\\/03\\\/leglise-adventiste-marque-lhistoire-a-cuba-avec-une-grande-expo-sante\\\/\"},\"author\":{\"name\":\"Lorenzo Verduzco\",\"@id\":\"https:\\\/\\\/interamerica.org\\\/fr\\\/#\\\/schema\\\/person\\\/68ede8bdc292885bb76c1e3810e73c39\"},\"headline\":\"L\u2019Eglise Adventiste marque l\u2019histoire \u00e0 Cuba avec une grande expo sant\u00e9\",\"datePublished\":\"2015-03-17T04:00:00+00:00\",\"mainEntityOfPage\":{\"@id\":\"https:\\\/\\\/interamerica.org\\\/fr\\\/2015\\\/03\\\/leglise-adventiste-marque-lhistoire-a-cuba-avec-une-grande-expo-sante\\\/\"},\"wordCount\":852,\"image\":{\"@id\":\"https:\\\/\\\/interamerica.org\\\/fr\\\/2015\\\/03\\\/leglise-adventiste-marque-lhistoire-a-cuba-avec-une-grande-expo-sante\\\/#primaryimage\"},\"thumbnailUrl\":\"https:\\\/\\\/interamerica.org\\\/wp-content\\\/uploads\\\/2017\\\/06\\\/CUBA-medicalckups.png\",\"articleSection\":[\"Nouvelles du territoire\",\"RSS Fran\u00e7ais\"],\"inLanguage\":\"fr-FR\"},{\"@type\":\"WebPage\",\"@id\":\"https:\\\/\\\/interamerica.org\\\/fr\\\/2015\\\/03\\\/leglise-adventiste-marque-lhistoire-a-cuba-avec-une-grande-expo-sante\\\/\",\"url\":\"https:\\\/\\\/interamerica.org\\\/fr\\\/2015\\\/03\\\/leglise-adventiste-marque-lhistoire-a-cuba-avec-une-grande-expo-sante\\\/\",\"name\":\"L\u2019Eglise Adventiste marque l\u2019histoire \u00e0 Cuba avec une grande expo sant\u00e9 - \u00c9glise Adventiste Du Septieme Jour - Inter Am\u00e9rique Division\",\"isPartOf\":{\"@id\":\"https:\\\/\\\/interamerica.org\\\/fr\\\/#website\"},\"primaryImageOfPage\":{\"@id\":\"https:\\\/\\\/interamerica.org\\\/fr\\\/2015\\\/03\\\/leglise-adventiste-marque-lhistoire-a-cuba-avec-une-grande-expo-sante\\\/#primaryimage\"},\"image\":{\"@id\":\"https:\\\/\\\/interamerica.org\\\/fr\\\/2015\\\/03\\\/leglise-adventiste-marque-lhistoire-a-cuba-avec-une-grande-expo-sante\\\/#primaryimage\"},\"thumbnailUrl\":\"https:\\\/\\\/interamerica.org\\\/wp-content\\\/uploads\\\/2017\\\/06\\\/CUBA-medicalckups.png\",\"datePublished\":\"2015-03-17T04:00:00+00:00\",\"author\":{\"@id\":\"https:\\\/\\\/interamerica.org\\\/fr\\\/#\\\/schema\\\/person\\\/68ede8bdc292885bb76c1e3810e73c39\"},\"breadcrumb\":{\"@id\":\"https:\\\/\\\/interamerica.org\\\/fr\\\/2015\\\/03\\\/leglise-adventiste-marque-lhistoire-a-cuba-avec-une-grande-expo-sante\\\/#breadcrumb\"},\"inLanguage\":\"fr-FR\",\"potentialAction\":[{\"@type\":\"ReadAction\",\"target\":[\"https:\\\/\\\/interamerica.org\\\/fr\\\/2015\\\/03\\\/leglise-adventiste-marque-lhistoire-a-cuba-avec-une-grande-expo-sante\\\/\"]}]},{\"@type\":\"ImageObject\",\"inLanguage\":\"fr-FR\",\"@id\":\"https:\\\/\\\/interamerica.org\\\/fr\\\/2015\\\/03\\\/leglise-adventiste-marque-lhistoire-a-cuba-avec-une-grande-expo-sante\\\/#primaryimage\",\"url\":\"https:\\\/\\\/interamerica.org\\\/wp-content\\\/uploads\\\/2017\\\/06\\\/CUBA-medicalckups.png\",\"contentUrl\":\"https:\\\/\\\/interamerica.org\\\/wp-content\\\/uploads\\\/2017\\\/06\\\/CUBA-medicalckups.png\",\"width\":600,\"height\":450},{\"@type\":\"BreadcrumbList\",\"@id\":\"https:\\\/\\\/interamerica.org\\\/fr\\\/2015\\\/03\\\/leglise-adventiste-marque-lhistoire-a-cuba-avec-une-grande-expo-sante\\\/#breadcrumb\",\"itemListElement\":[{\"@type\":\"ListItem\",\"position\":1,\"name\":\"Home\",\"item\":\"https:\\\/\\\/interamerica.org\\\/fr\\\/\"},{\"@type\":\"ListItem\",\"position\":2,\"name\":\"L\u2019Eglise Adventiste marque l\u2019histoire \u00e0 Cuba avec une grande expo sant\u00e9\"}]},{\"@type\":\"WebSite\",\"@id\":\"https:\\\/\\\/interamerica.org\\\/fr\\\/#website\",\"url\":\"https:\\\/\\\/interamerica.org\\\/fr\\\/\",\"name\":\"\u00c9glise Adventiste Du Septieme Jour - Inter Am\u00e9rique Division\",\"description\":\"\",\"potentialAction\":[{\"@type\":\"SearchAction\",\"target\":{\"@type\":\"EntryPoint\",\"urlTemplate\":\"https:\\\/\\\/interamerica.org\\\/fr\\\/?s={search_term_string}\"},\"query-input\":{\"@type\":\"PropertyValueSpecification\",\"valueRequired\":true,\"valueName\":\"search_term_string\"}}],\"inLanguage\":\"fr-FR\"},{\"@type\":\"Person\",\"@id\":\"https:\\\/\\\/interamerica.org\\\/fr\\\/#\\\/schema\\\/person\\\/68ede8bdc292885bb76c1e3810e73c39\",\"name\":\"Lorenzo Verduzco\",\"image\":{\"@type\":\"ImageObject\",\"inLanguage\":\"fr-FR\",\"@id\":\"https:\\\/\\\/secure.gravatar.com\\\/avatar\\\/fb81a55b6218459490a9c1dc841a34909185b81904c5337b4b27f7a6fd60c49e?s=96&d=mm&r=g\",\"url\":\"https:\\\/\\\/secure.gravatar.com\\\/avatar\\\/fb81a55b6218459490a9c1dc841a34909185b81904c5337b4b27f7a6fd60c49e?s=96&d=mm&r=g\",\"contentUrl\":\"https:\\\/\\\/secure.gravatar.com\\\/avatar\\\/fb81a55b6218459490a9c1dc841a34909185b81904c5337b4b27f7a6fd60c49e?s=96&d=mm&r=g\",\"caption\":\"Lorenzo Verduzco\"}}]}<\/script>\n<!-- \/ Yoast SEO plugin. -->","yoast_head_json":{"title":"L\u2019Eglise Adventiste marque l\u2019histoire \u00e0 Cuba avec une grande expo sant\u00e9 - \u00c9glise Adventiste Du Septieme Jour - Inter Am\u00e9rique Division","robots":{"index":"index","follow":"follow","max-snippet":"max-snippet:-1","max-image-preview":"max-image-preview:large","max-video-preview":"max-video-preview:-1"},"canonical":"https:\/\/interamerica.org\/fr\/2015\/03\/leglise-adventiste-marque-lhistoire-a-cuba-avec-une-grande-expo-sante\/","og_locale":"fr_FR","og_type":"article","og_title":"L\u2019Eglise Adventiste marque l\u2019histoire \u00e0 Cuba avec une grande expo sant\u00e9 - \u00c9glise Adventiste Du Septieme Jour - Inter Am\u00e9rique Division","og_description":"L\u2019Eglise Adventiste du Septi\u00e8me Jour \u00e0 Cuba a marqu\u00e9 l\u2019histoire gr\u00e2ce au don de sang effectu\u00e9 par 2000 de ses jeunes, aux visites m\u00e9dicales qui ont \u00e9t\u00e9 offertes, et \u00e0 la distribution de milliers de livres sur deux des sites les plus respect\u00e9s de cette ile communiste.  Plusieurs des jeunes ont voyag\u00e9 pendant des heures et parcouru des centaines de kilom\u00e8tres pour arriver \u00e0 la ville de Santiago de Cuba afin de prendre part au programme sur la Plaza de la Revolucion, le site sur lequel ont lieu les principales manifestations gouvernementales, et aussi \u00e0 Abel Santamaria Park o\u00f9 un soul\u00e8vement arm\u00e9 au d\u00e9but des ann\u00e9es 1950 a aid\u00e9 \u00e0 lancer la r\u00e9volution dans le pays.","og_url":"https:\/\/interamerica.org\/fr\/2015\/03\/leglise-adventiste-marque-lhistoire-a-cuba-avec-une-grande-expo-sante\/","og_site_name":"\u00c9glise Adventiste Du Septieme Jour - Inter Am\u00e9rique Division","article_published_time":"2015-03-17T04:00:00+00:00","og_image":[{"width":600,"height":450,"url":"https:\/\/interamerica.org\/wp-content\/uploads\/2017\/06\/CUBA-medicalckups.png","type":"image\/png"}],"author":"Lorenzo Verduzco","twitter_card":"summary_large_image","twitter_misc":{"\u00c9crit par":"Lorenzo Verduzco","Dur\u00e9e de lecture estim\u00e9e":"4 minutes"},"schema":{"@context":"https:\/\/schema.org","@graph":[{"@type":"Article","@id":"https:\/\/interamerica.org\/fr\/2015\/03\/leglise-adventiste-marque-lhistoire-a-cuba-avec-une-grande-expo-sante\/#article","isPartOf":{"@id":"https:\/\/interamerica.org\/fr\/2015\/03\/leglise-adventiste-marque-lhistoire-a-cuba-avec-une-grande-expo-sante\/"},"author":{"name":"Lorenzo Verduzco","@id":"https:\/\/interamerica.org\/fr\/#\/schema\/person\/68ede8bdc292885bb76c1e3810e73c39"},"headline":"L\u2019Eglise Adventiste marque l\u2019histoire \u00e0 Cuba avec une grande expo sant\u00e9","datePublished":"2015-03-17T04:00:00+00:00","mainEntityOfPage":{"@id":"https:\/\/interamerica.org\/fr\/2015\/03\/leglise-adventiste-marque-lhistoire-a-cuba-avec-une-grande-expo-sante\/"},"wordCount":852,"image":{"@id":"https:\/\/interamerica.org\/fr\/2015\/03\/leglise-adventiste-marque-lhistoire-a-cuba-avec-une-grande-expo-sante\/#primaryimage"},"thumbnailUrl":"https:\/\/interamerica.org\/wp-content\/uploads\/2017\/06\/CUBA-medicalckups.png","articleSection":["Nouvelles du territoire","RSS Fran\u00e7ais"],"inLanguage":"fr-FR"},{"@type":"WebPage","@id":"https:\/\/interamerica.org\/fr\/2015\/03\/leglise-adventiste-marque-lhistoire-a-cuba-avec-une-grande-expo-sante\/","url":"https:\/\/interamerica.org\/fr\/2015\/03\/leglise-adventiste-marque-lhistoire-a-cuba-avec-une-grande-expo-sante\/","name":"L\u2019Eglise Adventiste marque l\u2019histoire \u00e0 Cuba avec une grande expo sant\u00e9 - \u00c9glise Adventiste Du Septieme Jour - Inter Am\u00e9rique Division","isPartOf":{"@id":"https:\/\/interamerica.org\/fr\/#website"},"primaryImageOfPage":{"@id":"https:\/\/interamerica.org\/fr\/2015\/03\/leglise-adventiste-marque-lhistoire-a-cuba-avec-une-grande-expo-sante\/#primaryimage"},"image":{"@id":"https:\/\/interamerica.org\/fr\/2015\/03\/leglise-adventiste-marque-lhistoire-a-cuba-avec-une-grande-expo-sante\/#primaryimage"},"thumbnailUrl":"https:\/\/interamerica.org\/wp-content\/uploads\/2017\/06\/CUBA-medicalckups.png","datePublished":"2015-03-17T04:00:00+00:00","author":{"@id":"https:\/\/interamerica.org\/fr\/#\/schema\/person\/68ede8bdc292885bb76c1e3810e73c39"},"breadcrumb":{"@id":"https:\/\/interamerica.org\/fr\/2015\/03\/leglise-adventiste-marque-lhistoire-a-cuba-avec-une-grande-expo-sante\/#breadcrumb"},"inLanguage":"fr-FR","potentialAction":[{"@type":"ReadAction","target":["https:\/\/interamerica.org\/fr\/2015\/03\/leglise-adventiste-marque-lhistoire-a-cuba-avec-une-grande-expo-sante\/"]}]},{"@type":"ImageObject","inLanguage":"fr-FR","@id":"https:\/\/interamerica.org\/fr\/2015\/03\/leglise-adventiste-marque-lhistoire-a-cuba-avec-une-grande-expo-sante\/#primaryimage","url":"https:\/\/interamerica.org\/wp-content\/uploads\/2017\/06\/CUBA-medicalckups.png","contentUrl":"https:\/\/interamerica.org\/wp-content\/uploads\/2017\/06\/CUBA-medicalckups.png","width":600,"height":450},{"@type":"BreadcrumbList","@id":"https:\/\/interamerica.org\/fr\/2015\/03\/leglise-adventiste-marque-lhistoire-a-cuba-avec-une-grande-expo-sante\/#breadcrumb","itemListElement":[{"@type":"ListItem","position":1,"name":"Home","item":"https:\/\/interamerica.org\/fr\/"},{"@type":"ListItem","position":2,"name":"L\u2019Eglise Adventiste marque l\u2019histoire \u00e0 Cuba avec une grande expo sant\u00e9"}]},{"@type":"WebSite","@id":"https:\/\/interamerica.org\/fr\/#website","url":"https:\/\/interamerica.org\/fr\/","name":"\u00c9glise Adventiste Du Septieme Jour - Inter Am\u00e9rique Division","description":"","potentialAction":[{"@type":"SearchAction","target":{"@type":"EntryPoint","urlTemplate":"https:\/\/interamerica.org\/fr\/?s={search_term_string}"},"query-input":{"@type":"PropertyValueSpecification","valueRequired":true,"valueName":"search_term_string"}}],"inLanguage":"fr-FR"},{"@type":"Person","@id":"https:\/\/interamerica.org\/fr\/#\/schema\/person\/68ede8bdc292885bb76c1e3810e73c39","name":"Lorenzo Verduzco","image":{"@type":"ImageObject","inLanguage":"fr-FR","@id":"https:\/\/secure.gravatar.com\/avatar\/fb81a55b6218459490a9c1dc841a34909185b81904c5337b4b27f7a6fd60c49e?s=96&d=mm&r=g","url":"https:\/\/secure.gravatar.com\/avatar\/fb81a55b6218459490a9c1dc841a34909185b81904c5337b4b27f7a6fd60c49e?s=96&d=mm&r=g","contentUrl":"https:\/\/secure.gravatar.com\/avatar\/fb81a55b6218459490a9c1dc841a34909185b81904c5337b4b27f7a6fd60c49e?s=96&d=mm&r=g","caption":"Lorenzo Verduzco"}}]}},"_links":{"self":[{"href":"https:\/\/interamerica.org\/fr\/wp-json\/wp\/v2\/posts\/32201","targetHints":{"allow":["GET"]}}],"collection":[{"href":"https:\/\/interamerica.org\/fr\/wp-json\/wp\/v2\/posts"}],"about":[{"href":"https:\/\/interamerica.org\/fr\/wp-json\/wp\/v2\/types\/post"}],"author":[{"embeddable":true,"href":"https:\/\/interamerica.org\/fr\/wp-json\/wp\/v2\/users\/1"}],"replies":[{"embeddable":true,"href":"https:\/\/interamerica.org\/fr\/wp-json\/wp\/v2\/comments?post=32201"}],"version-history":[{"count":0,"href":"https:\/\/interamerica.org\/fr\/wp-json\/wp\/v2\/posts\/32201\/revisions"}],"wp:featuredmedia":[{"embeddable":true,"href":"https:\/\/interamerica.org\/fr\/wp-json\/wp\/v2\/media\/24692"}],"wp:attachment":[{"href":"https:\/\/interamerica.org\/fr\/wp-json\/wp\/v2\/media?parent=32201"}],"wp:term":[{"taxonomy":"category","embeddable":true,"href":"https:\/\/interamerica.org\/fr\/wp-json\/wp\/v2\/categories?post=32201"},{"taxonomy":"post_tag","embeddable":true,"href":"https:\/\/interamerica.org\/fr\/wp-json\/wp\/v2\/tags?post=32201"}],"curies":[{"name":"wp","href":"https:\/\/api.w.org\/{rel}","templated":true}]}}