{"id":32203,"date":"2015-03-18T00:00:00","date_gmt":"2015-03-18T04:00:00","guid":{"rendered":"http:\/\/192.81.217.108\/interamerica\/2015\/03\/la-journee-mondiale-de-la-jeunesse-a-la-une-en-inter-amerique-ce-weekend\/"},"modified":"2015-03-18T00:00:00","modified_gmt":"2015-03-18T04:00:00","slug":"la-journee-mondiale-de-la-jeunesse-a-la-une-en-inter-amerique-ce-weekend","status":"publish","type":"post","link":"https:\/\/interamerica.org\/fr\/2015\/03\/la-journee-mondiale-de-la-jeunesse-a-la-une-en-inter-amerique-ce-weekend\/","title":{"rendered":"La Journ\u00e9e Mondiale de la Jeunesse \u00e0 la une en Inter Am\u00e9rique ce weekend"},"content":{"rendered":"<div id=\"attachment_15352\" style=\"width: 583px\" class=\"wp-caption aligncenter\"><a href=\"\/interamerica\/wp-content\/uploads\/2017\/06\/BigBann_GYD15_FR.jpg\" rel=\"fancybox\" title=\"La Journ\u00e9e Mondiale de la Jeunesse \u00e0 la une en Inter Am\u00e9rique ce weekend\"><img fetchpriority=\"high\" decoding=\"async\" aria-describedby=\"caption-attachment-15352\" class=\" wp-image-15354 \" title=\"BigBann_GYD15_FR\" src=\"\/interamerica\/wp-content\/uploads\/2017\/06\/BigBann_GYD15_FR-1024x341.jpg\" alt=\"\" width=\"573\" height=\"191\" \/><\/a><p id=\"caption-attachment-15352\" class=\"wp-caption-text\">Image d&rsquo;Abel Marquez\/DIA<\/p><\/div>\n<p>18 Mars 2015 \u2013 Montemorelos, Nuevo Leon, Mexique\u2026Libna Stevens\/DIA<\/p>\n<p>Les jeunes Adventistes du Septi\u00e8me Jour du monde entier descendront dans les rues de leurs villes et de leurs communaut\u00e9s samedi 21 mars 2015 afin de prendre part \u00e0 une journ\u00e9e au cours de laquelle ils r\u00e9pandront la compassion et l\u2019espoir. Cette journ\u00e9e sp\u00e9ciale baptis\u00e9e Journ\u00e9e Mondiale de la Jeunesse est sponsoris\u00e9e par le d\u00e9partement des minist\u00e8res de la jeunesse de la Conf\u00e9rence G\u00e9n\u00e9rale et a pour but de motiver les jeunes \u00e0 \u00ab \u00eatre le sermon \u00bb en d\u00e9montrant l\u2019amour de J\u00e9sus dans leurs communaut\u00e9s.<\/p>\n<p>Les jeunes des 24 r\u00e9gions principales de l\u2019Inter Am\u00e9rique ont pr\u00e9vu de distribuer de la nourriture et des v\u00eatements, de participer \u00e0 des marches pour la sant\u00e9, de visiter des h\u00f4pitaux et des maisons de retraite, mais aussi de donner du sang, de proposer aux gens la pri\u00e8re dans les centres commerciaux, de pr\u00e9senter des concerts sur les places publiques et bien plus encore.<\/p>\n<p>Les activit\u00e9s qui se d\u00e9rouleront \u00e0 travers le monde dans le cadre de la Journ\u00e9e Mondiale de la Jeunesse seront retransmises pendant 24 heures sur la chaine <a href=\"http:\/\/www.hopetv.org\/watch\/hope-church-channel\/\">Hope Church Channel<\/a>.<\/p>\n<p>L\u2019Eglise Adventiste en Inter Am\u00e9rique organisera une retransmission en direct pendant deux heures depuis l\u2019Universit\u00e9 de Montemorelos avec des centaines de jeunes menant des actions visant \u00e0 impacter leurs communaut\u00e9s dans le Nord du Mexique et dans des dizaines d\u2019endroits cl\u00e9s du territoire de la Division Inter Am\u00e9ricaine.<\/p>\n<p>Regardez la retransmission faite par l\u2019Inter Am\u00e9rique de 18h00 \u00e0 20h00, heure de Monterrey (soit de 20h00 \u00e0 22h00, heure de Miami). Le programme pourra \u00eatre suivi en espagnol et en fran\u00e7ais sur le canal de diffusion web de l\u2019Inter Am\u00e9rique.<\/p>\n<p>Pour voir le programme en direct, visitez les sites suivants :<\/p>\n<p><a href=\"http:\/\/www.hopetv.org\/watch\/hope-church-channel\/\">Hope Church Channel<\/a><\/p>\n<p><a href=\"https:\/\/www.globalyouthday.org\/?lat=21.99192395806916&amp;long=0.0034919999999605267&amp;zoom=2\">Globalyouthday.org<\/a> en anglais.<\/p>\n<p>La traduction en espagnol du programme en direct sur <a href=\"http:\/\/webcast.interamerica.org\/espanol\">webcast.interamerica.org<\/a><\/p>\n<p>La retransmission en fran\u00e7ais et en direct sur <a href=\"http:\/\/webcast.interamerica.org\/francais\">webcast.interamerica.org<\/a><\/p>\n<p>Traduction: Patrick Luciathe<\/p>\n","protected":false},"excerpt":{"rendered":"<p>Les jeunes Adventistes du Septi\u00e8me Jour du monde entier descendront dans les rues de leurs villes et de leurs communaut\u00e9s samedi 21 mars 2015 afin de prendre part \u00e0 une journ\u00e9e au cours de laquelle ils r\u00e9pandront la compassion et l\u2019espoir. <\/p>\n<p>Cette journ\u00e9e sp\u00e9ciale baptis\u00e9e Journ\u00e9e Mondiale de la Jeunesse est sponsoris\u00e9e par le d\u00e9partement des minist\u00e8res de la jeunesse de la Conf\u00e9rence G\u00e9n\u00e9rale et a pour but de motiver les jeunes \u00e0 \u00ab \u00eatre le sermon \u00bb en d\u00e9montrant l\u2019amour de J\u00e9sus dans leurs communaut\u00e9s.  Les jeunes des 24 r\u00e9gions principales de l\u2019Inter Am\u00e9rique ont pr\u00e9vu de distribuer de la nourriture et des v\u00eatements, de participer \u00e0 des marches pour la sant\u00e9, de visiter des h\u00f4pitaux et des maisons de retraite, mais aussi de donner du sang, de proposer aux gens la pri\u00e8re dans les centres commerciaux, de pr\u00e9senter des concerts sur les places publiques et bien plus encore.<\/p>\n","protected":false},"author":1,"featured_media":31899,"comment_status":"closed","ping_status":"closed","sticky":false,"template":"","format":"standard","meta":{"_acf_changed":false,"footnotes":""},"categories":[20,19],"tags":[],"class_list":["post-32203","post","type-post","status-publish","format-standard","has-post-thumbnail","hentry","category-nouvelles-du-siege-de-la-division","category-rss-francais"],"acf":[],"yoast_head":"<!-- This site is optimized with the Yoast SEO plugin v27.3 - https:\/\/yoast.com\/product\/yoast-seo-wordpress\/ -->\n<title>La Journ\u00e9e Mondiale de la Jeunesse \u00e0 la une en Inter Am\u00e9rique ce weekend - \u00c9glise Adventiste Du Septieme Jour - Inter Am\u00e9rique Division<\/title>\n<meta name=\"robots\" content=\"index, follow, max-snippet:-1, max-image-preview:large, max-video-preview:-1\" \/>\n<link rel=\"canonical\" href=\"https:\/\/interamerica.org\/fr\/2015\/03\/la-journee-mondiale-de-la-jeunesse-a-la-une-en-inter-amerique-ce-weekend\/\" \/>\n<meta property=\"og:locale\" content=\"fr_FR\" \/>\n<meta property=\"og:type\" content=\"article\" \/>\n<meta property=\"og:title\" content=\"La Journ\u00e9e Mondiale de la Jeunesse \u00e0 la une en Inter Am\u00e9rique ce weekend - \u00c9glise Adventiste Du Septieme Jour - Inter Am\u00e9rique Division\" \/>\n<meta property=\"og:description\" content=\"Les jeunes Adventistes du Septi\u00e8me Jour du monde entier descendront dans les rues de leurs villes et de leurs communaut\u00e9s samedi 21 mars 2015 afin de prendre part \u00e0 une journ\u00e9e au cours de laquelle ils r\u00e9pandront la compassion et l\u2019espoir.  Cette journ\u00e9e sp\u00e9ciale baptis\u00e9e Journ\u00e9e Mondiale de la Jeunesse est sponsoris\u00e9e par le d\u00e9partement des minist\u00e8res de la jeunesse de la Conf\u00e9rence G\u00e9n\u00e9rale et a pour but de motiver les jeunes \u00e0 \u00ab \u00eatre le sermon \u00bb en d\u00e9montrant l\u2019amour de J\u00e9sus dans leurs communaut\u00e9s. Les jeunes des 24 r\u00e9gions principales de l\u2019Inter Am\u00e9rique ont pr\u00e9vu de distribuer de la nourriture et des v\u00eatements, de participer \u00e0 des marches pour la sant\u00e9, de visiter des h\u00f4pitaux et des maisons de retraite, mais aussi de donner du sang, de proposer aux gens la pri\u00e8re dans les centres commerciaux, de pr\u00e9senter des concerts sur les places publiques et bien plus encore.\" \/>\n<meta property=\"og:url\" content=\"https:\/\/interamerica.org\/fr\/2015\/03\/la-journee-mondiale-de-la-jeunesse-a-la-une-en-inter-amerique-ce-weekend\/\" \/>\n<meta property=\"og:site_name\" content=\"\u00c9glise Adventiste Du Septieme Jour - Inter Am\u00e9rique Division\" \/>\n<meta property=\"article:published_time\" content=\"2015-03-18T04:00:00+00:00\" \/>\n<meta property=\"og:image\" content=\"https:\/\/interamerica.org\/wp-content\/uploads\/2017\/06\/GYD-feature-FR.png\" \/>\n\t<meta property=\"og:image:width\" content=\"315\" \/>\n\t<meta property=\"og:image:height\" content=\"260\" \/>\n\t<meta property=\"og:image:type\" content=\"image\/png\" \/>\n<meta name=\"author\" content=\"Lorenzo Verduzco\" \/>\n<meta name=\"twitter:card\" content=\"summary_large_image\" \/>\n<meta name=\"twitter:label1\" content=\"\u00c9crit par\" \/>\n\t<meta name=\"twitter:data1\" content=\"Lorenzo Verduzco\" \/>\n\t<meta name=\"twitter:label2\" content=\"Dur\u00e9e de lecture estim\u00e9e\" \/>\n\t<meta name=\"twitter:data2\" content=\"2 minutes\" \/>\n<script type=\"application\/ld+json\" class=\"yoast-schema-graph\">{\"@context\":\"https:\\\/\\\/schema.org\",\"@graph\":[{\"@type\":\"Article\",\"@id\":\"https:\\\/\\\/interamerica.org\\\/fr\\\/2015\\\/03\\\/la-journee-mondiale-de-la-jeunesse-a-la-une-en-inter-amerique-ce-weekend\\\/#article\",\"isPartOf\":{\"@id\":\"https:\\\/\\\/interamerica.org\\\/fr\\\/2015\\\/03\\\/la-journee-mondiale-de-la-jeunesse-a-la-une-en-inter-amerique-ce-weekend\\\/\"},\"author\":{\"name\":\"Lorenzo Verduzco\",\"@id\":\"https:\\\/\\\/interamerica.org\\\/fr\\\/#\\\/schema\\\/person\\\/68ede8bdc292885bb76c1e3810e73c39\"},\"headline\":\"La Journ\u00e9e Mondiale de la Jeunesse \u00e0 la une en Inter Am\u00e9rique ce weekend\",\"datePublished\":\"2015-03-18T04:00:00+00:00\",\"mainEntityOfPage\":{\"@id\":\"https:\\\/\\\/interamerica.org\\\/fr\\\/2015\\\/03\\\/la-journee-mondiale-de-la-jeunesse-a-la-une-en-inter-amerique-ce-weekend\\\/\"},\"wordCount\":377,\"image\":{\"@id\":\"https:\\\/\\\/interamerica.org\\\/fr\\\/2015\\\/03\\\/la-journee-mondiale-de-la-jeunesse-a-la-une-en-inter-amerique-ce-weekend\\\/#primaryimage\"},\"thumbnailUrl\":\"https:\\\/\\\/interamerica.org\\\/wp-content\\\/uploads\\\/2017\\\/06\\\/GYD-feature-FR.png\",\"articleSection\":[\"Nouvelles du si\u00e8ge de la division\",\"RSS Fran\u00e7ais\"],\"inLanguage\":\"fr-FR\"},{\"@type\":\"WebPage\",\"@id\":\"https:\\\/\\\/interamerica.org\\\/fr\\\/2015\\\/03\\\/la-journee-mondiale-de-la-jeunesse-a-la-une-en-inter-amerique-ce-weekend\\\/\",\"url\":\"https:\\\/\\\/interamerica.org\\\/fr\\\/2015\\\/03\\\/la-journee-mondiale-de-la-jeunesse-a-la-une-en-inter-amerique-ce-weekend\\\/\",\"name\":\"La Journ\u00e9e Mondiale de la Jeunesse \u00e0 la une en Inter Am\u00e9rique ce weekend - \u00c9glise Adventiste Du Septieme Jour - Inter Am\u00e9rique Division\",\"isPartOf\":{\"@id\":\"https:\\\/\\\/interamerica.org\\\/fr\\\/#website\"},\"primaryImageOfPage\":{\"@id\":\"https:\\\/\\\/interamerica.org\\\/fr\\\/2015\\\/03\\\/la-journee-mondiale-de-la-jeunesse-a-la-une-en-inter-amerique-ce-weekend\\\/#primaryimage\"},\"image\":{\"@id\":\"https:\\\/\\\/interamerica.org\\\/fr\\\/2015\\\/03\\\/la-journee-mondiale-de-la-jeunesse-a-la-une-en-inter-amerique-ce-weekend\\\/#primaryimage\"},\"thumbnailUrl\":\"https:\\\/\\\/interamerica.org\\\/wp-content\\\/uploads\\\/2017\\\/06\\\/GYD-feature-FR.png\",\"datePublished\":\"2015-03-18T04:00:00+00:00\",\"author\":{\"@id\":\"https:\\\/\\\/interamerica.org\\\/fr\\\/#\\\/schema\\\/person\\\/68ede8bdc292885bb76c1e3810e73c39\"},\"breadcrumb\":{\"@id\":\"https:\\\/\\\/interamerica.org\\\/fr\\\/2015\\\/03\\\/la-journee-mondiale-de-la-jeunesse-a-la-une-en-inter-amerique-ce-weekend\\\/#breadcrumb\"},\"inLanguage\":\"fr-FR\",\"potentialAction\":[{\"@type\":\"ReadAction\",\"target\":[\"https:\\\/\\\/interamerica.org\\\/fr\\\/2015\\\/03\\\/la-journee-mondiale-de-la-jeunesse-a-la-une-en-inter-amerique-ce-weekend\\\/\"]}]},{\"@type\":\"ImageObject\",\"inLanguage\":\"fr-FR\",\"@id\":\"https:\\\/\\\/interamerica.org\\\/fr\\\/2015\\\/03\\\/la-journee-mondiale-de-la-jeunesse-a-la-une-en-inter-amerique-ce-weekend\\\/#primaryimage\",\"url\":\"https:\\\/\\\/interamerica.org\\\/wp-content\\\/uploads\\\/2017\\\/06\\\/GYD-feature-FR.png\",\"contentUrl\":\"https:\\\/\\\/interamerica.org\\\/wp-content\\\/uploads\\\/2017\\\/06\\\/GYD-feature-FR.png\",\"width\":315,\"height\":260},{\"@type\":\"BreadcrumbList\",\"@id\":\"https:\\\/\\\/interamerica.org\\\/fr\\\/2015\\\/03\\\/la-journee-mondiale-de-la-jeunesse-a-la-une-en-inter-amerique-ce-weekend\\\/#breadcrumb\",\"itemListElement\":[{\"@type\":\"ListItem\",\"position\":1,\"name\":\"Home\",\"item\":\"https:\\\/\\\/interamerica.org\\\/fr\\\/\"},{\"@type\":\"ListItem\",\"position\":2,\"name\":\"La Journ\u00e9e Mondiale de la Jeunesse \u00e0 la une en Inter Am\u00e9rique ce weekend\"}]},{\"@type\":\"WebSite\",\"@id\":\"https:\\\/\\\/interamerica.org\\\/fr\\\/#website\",\"url\":\"https:\\\/\\\/interamerica.org\\\/fr\\\/\",\"name\":\"\u00c9glise Adventiste Du Septieme Jour - Inter Am\u00e9rique Division\",\"description\":\"\",\"potentialAction\":[{\"@type\":\"SearchAction\",\"target\":{\"@type\":\"EntryPoint\",\"urlTemplate\":\"https:\\\/\\\/interamerica.org\\\/fr\\\/?s={search_term_string}\"},\"query-input\":{\"@type\":\"PropertyValueSpecification\",\"valueRequired\":true,\"valueName\":\"search_term_string\"}}],\"inLanguage\":\"fr-FR\"},{\"@type\":\"Person\",\"@id\":\"https:\\\/\\\/interamerica.org\\\/fr\\\/#\\\/schema\\\/person\\\/68ede8bdc292885bb76c1e3810e73c39\",\"name\":\"Lorenzo Verduzco\",\"image\":{\"@type\":\"ImageObject\",\"inLanguage\":\"fr-FR\",\"@id\":\"https:\\\/\\\/secure.gravatar.com\\\/avatar\\\/fb81a55b6218459490a9c1dc841a34909185b81904c5337b4b27f7a6fd60c49e?s=96&d=mm&r=g\",\"url\":\"https:\\\/\\\/secure.gravatar.com\\\/avatar\\\/fb81a55b6218459490a9c1dc841a34909185b81904c5337b4b27f7a6fd60c49e?s=96&d=mm&r=g\",\"contentUrl\":\"https:\\\/\\\/secure.gravatar.com\\\/avatar\\\/fb81a55b6218459490a9c1dc841a34909185b81904c5337b4b27f7a6fd60c49e?s=96&d=mm&r=g\",\"caption\":\"Lorenzo Verduzco\"}}]}<\/script>\n<!-- \/ Yoast SEO plugin. -->","yoast_head_json":{"title":"La Journ\u00e9e Mondiale de la Jeunesse \u00e0 la une en Inter Am\u00e9rique ce weekend - \u00c9glise Adventiste Du Septieme Jour - Inter Am\u00e9rique Division","robots":{"index":"index","follow":"follow","max-snippet":"max-snippet:-1","max-image-preview":"max-image-preview:large","max-video-preview":"max-video-preview:-1"},"canonical":"https:\/\/interamerica.org\/fr\/2015\/03\/la-journee-mondiale-de-la-jeunesse-a-la-une-en-inter-amerique-ce-weekend\/","og_locale":"fr_FR","og_type":"article","og_title":"La Journ\u00e9e Mondiale de la Jeunesse \u00e0 la une en Inter Am\u00e9rique ce weekend - \u00c9glise Adventiste Du Septieme Jour - Inter Am\u00e9rique Division","og_description":"Les jeunes Adventistes du Septi\u00e8me Jour du monde entier descendront dans les rues de leurs villes et de leurs communaut\u00e9s samedi 21 mars 2015 afin de prendre part \u00e0 une journ\u00e9e au cours de laquelle ils r\u00e9pandront la compassion et l\u2019espoir.  Cette journ\u00e9e sp\u00e9ciale baptis\u00e9e Journ\u00e9e Mondiale de la Jeunesse est sponsoris\u00e9e par le d\u00e9partement des minist\u00e8res de la jeunesse de la Conf\u00e9rence G\u00e9n\u00e9rale et a pour but de motiver les jeunes \u00e0 \u00ab \u00eatre le sermon \u00bb en d\u00e9montrant l\u2019amour de J\u00e9sus dans leurs communaut\u00e9s. Les jeunes des 24 r\u00e9gions principales de l\u2019Inter Am\u00e9rique ont pr\u00e9vu de distribuer de la nourriture et des v\u00eatements, de participer \u00e0 des marches pour la sant\u00e9, de visiter des h\u00f4pitaux et des maisons de retraite, mais aussi de donner du sang, de proposer aux gens la pri\u00e8re dans les centres commerciaux, de pr\u00e9senter des concerts sur les places publiques et bien plus encore.","og_url":"https:\/\/interamerica.org\/fr\/2015\/03\/la-journee-mondiale-de-la-jeunesse-a-la-une-en-inter-amerique-ce-weekend\/","og_site_name":"\u00c9glise Adventiste Du Septieme Jour - Inter Am\u00e9rique Division","article_published_time":"2015-03-18T04:00:00+00:00","og_image":[{"width":315,"height":260,"url":"https:\/\/interamerica.org\/wp-content\/uploads\/2017\/06\/GYD-feature-FR.png","type":"image\/png"}],"author":"Lorenzo Verduzco","twitter_card":"summary_large_image","twitter_misc":{"\u00c9crit par":"Lorenzo Verduzco","Dur\u00e9e de lecture estim\u00e9e":"2 minutes"},"schema":{"@context":"https:\/\/schema.org","@graph":[{"@type":"Article","@id":"https:\/\/interamerica.org\/fr\/2015\/03\/la-journee-mondiale-de-la-jeunesse-a-la-une-en-inter-amerique-ce-weekend\/#article","isPartOf":{"@id":"https:\/\/interamerica.org\/fr\/2015\/03\/la-journee-mondiale-de-la-jeunesse-a-la-une-en-inter-amerique-ce-weekend\/"},"author":{"name":"Lorenzo Verduzco","@id":"https:\/\/interamerica.org\/fr\/#\/schema\/person\/68ede8bdc292885bb76c1e3810e73c39"},"headline":"La Journ\u00e9e Mondiale de la Jeunesse \u00e0 la une en Inter Am\u00e9rique ce weekend","datePublished":"2015-03-18T04:00:00+00:00","mainEntityOfPage":{"@id":"https:\/\/interamerica.org\/fr\/2015\/03\/la-journee-mondiale-de-la-jeunesse-a-la-une-en-inter-amerique-ce-weekend\/"},"wordCount":377,"image":{"@id":"https:\/\/interamerica.org\/fr\/2015\/03\/la-journee-mondiale-de-la-jeunesse-a-la-une-en-inter-amerique-ce-weekend\/#primaryimage"},"thumbnailUrl":"https:\/\/interamerica.org\/wp-content\/uploads\/2017\/06\/GYD-feature-FR.png","articleSection":["Nouvelles du si\u00e8ge de la division","RSS Fran\u00e7ais"],"inLanguage":"fr-FR"},{"@type":"WebPage","@id":"https:\/\/interamerica.org\/fr\/2015\/03\/la-journee-mondiale-de-la-jeunesse-a-la-une-en-inter-amerique-ce-weekend\/","url":"https:\/\/interamerica.org\/fr\/2015\/03\/la-journee-mondiale-de-la-jeunesse-a-la-une-en-inter-amerique-ce-weekend\/","name":"La Journ\u00e9e Mondiale de la Jeunesse \u00e0 la une en Inter Am\u00e9rique ce weekend - \u00c9glise Adventiste Du Septieme Jour - Inter Am\u00e9rique Division","isPartOf":{"@id":"https:\/\/interamerica.org\/fr\/#website"},"primaryImageOfPage":{"@id":"https:\/\/interamerica.org\/fr\/2015\/03\/la-journee-mondiale-de-la-jeunesse-a-la-une-en-inter-amerique-ce-weekend\/#primaryimage"},"image":{"@id":"https:\/\/interamerica.org\/fr\/2015\/03\/la-journee-mondiale-de-la-jeunesse-a-la-une-en-inter-amerique-ce-weekend\/#primaryimage"},"thumbnailUrl":"https:\/\/interamerica.org\/wp-content\/uploads\/2017\/06\/GYD-feature-FR.png","datePublished":"2015-03-18T04:00:00+00:00","author":{"@id":"https:\/\/interamerica.org\/fr\/#\/schema\/person\/68ede8bdc292885bb76c1e3810e73c39"},"breadcrumb":{"@id":"https:\/\/interamerica.org\/fr\/2015\/03\/la-journee-mondiale-de-la-jeunesse-a-la-une-en-inter-amerique-ce-weekend\/#breadcrumb"},"inLanguage":"fr-FR","potentialAction":[{"@type":"ReadAction","target":["https:\/\/interamerica.org\/fr\/2015\/03\/la-journee-mondiale-de-la-jeunesse-a-la-une-en-inter-amerique-ce-weekend\/"]}]},{"@type":"ImageObject","inLanguage":"fr-FR","@id":"https:\/\/interamerica.org\/fr\/2015\/03\/la-journee-mondiale-de-la-jeunesse-a-la-une-en-inter-amerique-ce-weekend\/#primaryimage","url":"https:\/\/interamerica.org\/wp-content\/uploads\/2017\/06\/GYD-feature-FR.png","contentUrl":"https:\/\/interamerica.org\/wp-content\/uploads\/2017\/06\/GYD-feature-FR.png","width":315,"height":260},{"@type":"BreadcrumbList","@id":"https:\/\/interamerica.org\/fr\/2015\/03\/la-journee-mondiale-de-la-jeunesse-a-la-une-en-inter-amerique-ce-weekend\/#breadcrumb","itemListElement":[{"@type":"ListItem","position":1,"name":"Home","item":"https:\/\/interamerica.org\/fr\/"},{"@type":"ListItem","position":2,"name":"La Journ\u00e9e Mondiale de la Jeunesse \u00e0 la une en Inter Am\u00e9rique ce weekend"}]},{"@type":"WebSite","@id":"https:\/\/interamerica.org\/fr\/#website","url":"https:\/\/interamerica.org\/fr\/","name":"\u00c9glise Adventiste Du Septieme Jour - Inter Am\u00e9rique Division","description":"","potentialAction":[{"@type":"SearchAction","target":{"@type":"EntryPoint","urlTemplate":"https:\/\/interamerica.org\/fr\/?s={search_term_string}"},"query-input":{"@type":"PropertyValueSpecification","valueRequired":true,"valueName":"search_term_string"}}],"inLanguage":"fr-FR"},{"@type":"Person","@id":"https:\/\/interamerica.org\/fr\/#\/schema\/person\/68ede8bdc292885bb76c1e3810e73c39","name":"Lorenzo Verduzco","image":{"@type":"ImageObject","inLanguage":"fr-FR","@id":"https:\/\/secure.gravatar.com\/avatar\/fb81a55b6218459490a9c1dc841a34909185b81904c5337b4b27f7a6fd60c49e?s=96&d=mm&r=g","url":"https:\/\/secure.gravatar.com\/avatar\/fb81a55b6218459490a9c1dc841a34909185b81904c5337b4b27f7a6fd60c49e?s=96&d=mm&r=g","contentUrl":"https:\/\/secure.gravatar.com\/avatar\/fb81a55b6218459490a9c1dc841a34909185b81904c5337b4b27f7a6fd60c49e?s=96&d=mm&r=g","caption":"Lorenzo Verduzco"}}]}},"_links":{"self":[{"href":"https:\/\/interamerica.org\/fr\/wp-json\/wp\/v2\/posts\/32203","targetHints":{"allow":["GET"]}}],"collection":[{"href":"https:\/\/interamerica.org\/fr\/wp-json\/wp\/v2\/posts"}],"about":[{"href":"https:\/\/interamerica.org\/fr\/wp-json\/wp\/v2\/types\/post"}],"author":[{"embeddable":true,"href":"https:\/\/interamerica.org\/fr\/wp-json\/wp\/v2\/users\/1"}],"replies":[{"embeddable":true,"href":"https:\/\/interamerica.org\/fr\/wp-json\/wp\/v2\/comments?post=32203"}],"version-history":[{"count":0,"href":"https:\/\/interamerica.org\/fr\/wp-json\/wp\/v2\/posts\/32203\/revisions"}],"wp:featuredmedia":[{"embeddable":true,"href":"https:\/\/interamerica.org\/fr\/wp-json\/wp\/v2\/media\/31899"}],"wp:attachment":[{"href":"https:\/\/interamerica.org\/fr\/wp-json\/wp\/v2\/media?parent=32203"}],"wp:term":[{"taxonomy":"category","embeddable":true,"href":"https:\/\/interamerica.org\/fr\/wp-json\/wp\/v2\/categories?post=32203"},{"taxonomy":"post_tag","embeddable":true,"href":"https:\/\/interamerica.org\/fr\/wp-json\/wp\/v2\/tags?post=32203"}],"curies":[{"name":"wp","href":"https:\/\/api.w.org\/{rel}","templated":true}]}}