{"id":32205,"date":"2015-03-20T00:00:00","date_gmt":"2015-03-20T04:00:00","guid":{"rendered":"http:\/\/192.81.217.108\/interamerica\/2015\/03\/la-nouvelle-union-du-panama-baptise-2530-personnes\/"},"modified":"2015-03-20T00:00:00","modified_gmt":"2015-03-20T04:00:00","slug":"la-nouvelle-union-du-panama-baptise-2530-personnes","status":"publish","type":"post","link":"https:\/\/interamerica.org\/fr\/2015\/03\/la-nouvelle-union-du-panama-baptise-2530-personnes\/","title":{"rendered":"La nouvelle Union du Panama baptise 2530 personnes"},"content":{"rendered":"<div id=\"attachment_15787\" style=\"width: 610px\" class=\"wp-caption aligncenter\"><a href=\"\/interamerica\/wp-content\/uploads\/2017\/06\/WilsonPanama.png\" rel=\"fancybox\" title=\"La nouvelle Union du Panama baptise 2530 personnes\"><img fetchpriority=\"high\" decoding=\"async\" aria-describedby=\"caption-attachment-15787\" class=\"size-full wp-image-15787\" src=\"\/interamerica\/wp-content\/uploads\/2017\/06\/WilsonPanama.png\" alt=\"\" width=\"600\" height=\"309\" \/><\/a><p id=\"caption-attachment-15787\" class=\"wp-caption-text\">Des panam\u00e9ens en costume traditionnel accueillent Nancy Wilson, \u00e0 l\u2019image, et son \u00e9poux, le leader mondial de l\u2019Eglise Adventiste, Ted N.C. Wilson. Image de Ted N.C. Wilson.<\/p><\/div>\n<p>19 Mars 2015 \u2013 Andrew McChesney, r\u00e9dacteur, Adventist Review<\/p>\n<p>L\u2019Union Mission du Panama, l\u2019entit\u00e9 nouvellement cr\u00e9\u00e9e dans l\u2019Eglise Adventiste, a annonc\u00e9 que 2530 personnes ont \u00e9t\u00e9 baptis\u00e9es depuis le mois de janvier suite \u00e0 une grande campagne d\u2019\u00e9vang\u00e9lisation.<\/p>\n<div id=\"attachment_15789\" style=\"width: 210px\" class=\"wp-caption alignleft\"><a href=\"\/interamerica\/wp-content\/uploads\/2017\/06\/LeitoNeilWilson.png\" rel=\"fancybox\" title=\"La nouvelle Union du Panama baptise 2530 personnes\"><img decoding=\"async\" aria-describedby=\"caption-attachment-15789\" class=\"size-full wp-image-15789\" src=\"\/interamerica\/wp-content\/uploads\/2017\/06\/LeitoNeilWilson.png\" alt=\"\" width=\"200\" height=\"270\" \/><\/a><p id=\"caption-attachment-15789\" class=\"wp-caption-text\">Neal C. Wilson prie alors qu\u2019Isra\u00ebl Leito traduit lors d\u2019une campagne d\u2019\u00e9vang\u00e9lisation qui a eu lieu en 1984 au Panama. Photo avec l\u2019autorisation de Ted N.C. Wilson.<\/p><\/div>\n<p>Les bapt\u00eames ont permis de mettre en lumi\u00e8re l\u2019engagement de l\u2019\u00e9glise au niveau local \u00e0 pr\u00e9parer un peuple pour le retour de J\u00e9sus, ils ont aussi \u00e9t\u00e9 l\u2019occasion pour le leader mondial de l\u2019Eglise Adventiste, Ted N.C. Wilson, de vivre un moment de nostalgie ; on lui a en effet rappel\u00e9 que son p\u00e8re avait tenu une campagne d\u2019\u00e9vang\u00e9lisation au Panama 31 plus t\u00f4t.<\/p>\n<p>\u00ab L\u2019Esprit de Dieu agit d\u2019une mani\u00e8re extraordinaire ici au Panama, et l\u2019\u00e9glise y r\u00e9pond de mani\u00e8re dynamique \u00e0 travers l\u2019\u00e9vang\u00e9lisation personnelle et publique, \u00bb a dit Ted Wilson \u00e0 Adventist Review. Je loue le Seigneur pour la proclamation dynamique des messages des trois anges au Panama. \u00bb<\/p>\n<p>Les leaders locaux de l\u2019\u00e9glise, intervenant lors de l\u2019inauguration de l\u2019Union Mission du Panama cette semaine, ont d\u00e9clar\u00e9 que l\u2019enthousiasme pour l\u2019\u00e9vang\u00e9lisation est fort dans ce pays d\u2019Am\u00e9rique Centrale et ont remis \u00e0 pasteur Wilson un certificat en rapport avec ces derniers bapt\u00eames. Le document sur lequel figure une repr\u00e9sentation de la Seconde Venue de J\u00e9sus, d\u00e9clare que 2530 personnes ont \u00e9t\u00e9 baptis\u00e9es comme \u00ab une offrande d\u2019agr\u00e9able odeur \u00e0 Dieu \u00bb pendant la campagne d\u2019\u00e9vang\u00e9lisation dont le th\u00e8me \u00e9tait \u00ab Les Voyages de l\u2019Espoir. \u00bb Les rencontres se sont tenues \u00e0 travers tout le pays et ont impliqu\u00e9 des pasteurs, des la\u00efcs et des enfants travaillant de concert.<\/p>\n<p>Ted Wilson a encourag\u00e9 les 2000 membres d\u2019\u00e9glise r\u00e9unis \u00e0 l\u2019occasion de l\u2019inauguration de l\u2019union \u00e0 l\u2019H\u00f4tel El Panama, \u00e0 donner au peuple du Panama \u00ab un t\u00e9moignage positif et bon \u00bb qui montre la voie vers Christ et Son prochain retour.<\/p>\n<p>L\u2019Union Mission du Panama, qui est n\u00e9e de l\u2019Union Centram\u00e9ricaine du Sud le 1er janvier, est dirig\u00e9e par le pr\u00e9sident Jose De Gracia, elle compte trois f\u00e9d\u00e9rations et deux missions, 22 \u00e9coles et 107 pasteurs. Au d\u00e9but de l\u2019ann\u00e9e, cette union comptait 76250 membres qui se r\u00e9unissent pour adorer dans 479 congr\u00e9gations.<\/p>\n<div id=\"attachment_15790\" style=\"width: 310px\" class=\"wp-caption alignright\"><a href=\"\/interamerica\/wp-content\/uploads\/2017\/06\/WIlsonCostaRica.png\" rel=\"fancybox\" title=\"La nouvelle Union du Panama baptise 2530 personnes\"><img decoding=\"async\" aria-describedby=\"caption-attachment-15790\" class=\"size-full wp-image-15790\" src=\"\/interamerica\/wp-content\/uploads\/2017\/06\/WIlsonCostaRica.png\" alt=\"\" width=\"300\" height=\"225\" \/><\/a><p id=\"caption-attachment-15790\" class=\"wp-caption-text\">Ted Wilson pose avec une \u00e9quipe administrative de l\u2019universit\u00e9. Il a pri\u00e9 pour le projet de salle de classe.<\/p><\/div>\n<p>Ted Wilson a effectu\u00e9 une visite de deux jours cette semaine au Panama, le cinqui\u00e8me des six pays qu\u2019il visite dans la Division Inter Am\u00e9ricaine. Pasteur Wilson qui a visit\u00e9 la Colombie jeudi, est arriv\u00e9 au Panama en provenance du Costa Rica.<\/p>\n<p>Les leaders de l\u2019\u00e9glise au Panama ont r\u00e9uni le pass\u00e9 et le pr\u00e9sent lors d\u2019une autre c\u00e9r\u00e9monie d\u2019inauguration d\u2019un si\u00e8ge de f\u00e9d\u00e9ration et d\u2019une station de radio, 1560 AM \u2013 la Voix de l\u2019Esp\u00e9rance. Les leaders ont \u00e9voqu\u00e9 comment le p\u00e8re de Ted Wilson, l\u2019ancien leader mondial de l\u2019Eglise Adventiste, a conduit une campagne d\u2019\u00e9vang\u00e9lisation en 1984 avec Mervyn Hardinge, directeur des minist\u00e8res de la sant\u00e9 pour l\u2019Eglise Adventiste mondiale, ainsi que Charles L. Brooks, directeur adjoint de l\u2019Ecole du Sabbat qui a pr\u00e9sent\u00e9 les chants sp\u00e9ciaux. Son interpr\u00e8te lors des rencontres \u00e9tait Isra\u00ebl Leito, l\u2019actuel pr\u00e9sident de la Division Inter Am\u00e9ricaine qui inclut le Panama. Pasteur Leito accompagnait Ted Wilson lors de sa visite de deux jours au Panama cette semaine.<\/p>\n<p>Ted Wilson a rencontr\u00e9 un m\u00e9decin qui a \u00e9t\u00e9 baptis\u00e9 lors de la campagne d\u2019\u00e9vang\u00e9lisation de 1984, et aussi un couple, le repr\u00e9sentant \u00e9vang\u00e9liste Jose Moreno et son \u00e9pouse Rosita Baker, qui ont \u00e9t\u00e9 mari\u00e9s par son p\u00e8re lors de ces rencontres. Tous les trois sont aujourd\u2019hui encore de fid\u00e8les Adventistes.<\/p>\n<p>\u00ab Quel privil\u00e8ge de voir les b\u00e9n\u00e9dictions de Dieu 31 ans apr\u00e8s, \u00bb a dit pasteur Wilson.<\/p>\n<p>Traduction: Patrick Luciathe<\/p>\n","protected":false},"excerpt":{"rendered":"<p>L\u2019Union Mission du Panama, l\u2019entit\u00e9 nouvellement cr\u00e9\u00e9e dans l\u2019Eglise Adventiste, a annonc\u00e9 que 2530 personnes ont \u00e9t\u00e9 baptis\u00e9es depuis le mois de janvier suite \u00e0 une grande campagne d\u2019\u00e9vang\u00e9lisation.  <\/p>\n<p>Les bapt\u00eames ont permis de mettre en lumi\u00e8re l\u2019engagement de l\u2019\u00e9glise au niveau local \u00e0 pr\u00e9parer un peuple pour le retour de J\u00e9sus, ils ont aussi \u00e9t\u00e9 l\u2019occasion pour le leader mondial de l\u2019Eglise Adventiste, Ted N.C. Wilson, de vivre un moment de nostalgie ; on lui a en effet rappel\u00e9 que son p\u00e8re avait tenu une campagne d\u2019\u00e9vang\u00e9lisation au Panama 31 plus t\u00f4t.<\/p>\n","protected":false},"author":1,"featured_media":24711,"comment_status":"closed","ping_status":"closed","sticky":false,"template":"","format":"standard","meta":{"_acf_changed":false,"footnotes":""},"categories":[18,19],"tags":[],"class_list":["post-32205","post","type-post","status-publish","format-standard","has-post-thumbnail","hentry","category-nouvelles-de-leglise-mondiale","category-rss-francais"],"acf":[],"yoast_head":"<!-- This site is optimized with the Yoast SEO plugin v27.3 - https:\/\/yoast.com\/product\/yoast-seo-wordpress\/ -->\n<title>La nouvelle Union du Panama baptise 2530 personnes - \u00c9glise Adventiste Du Septieme Jour - Inter Am\u00e9rique Division<\/title>\n<meta name=\"robots\" content=\"index, follow, max-snippet:-1, max-image-preview:large, max-video-preview:-1\" \/>\n<link rel=\"canonical\" href=\"https:\/\/interamerica.org\/fr\/2015\/03\/la-nouvelle-union-du-panama-baptise-2530-personnes\/\" \/>\n<meta property=\"og:locale\" content=\"fr_FR\" \/>\n<meta property=\"og:type\" content=\"article\" \/>\n<meta property=\"og:title\" content=\"La nouvelle Union du Panama baptise 2530 personnes - \u00c9glise Adventiste Du Septieme Jour - Inter Am\u00e9rique Division\" \/>\n<meta property=\"og:description\" content=\"L\u2019Union Mission du Panama, l\u2019entit\u00e9 nouvellement cr\u00e9\u00e9e dans l\u2019Eglise Adventiste, a annonc\u00e9 que 2530 personnes ont \u00e9t\u00e9 baptis\u00e9es depuis le mois de janvier suite \u00e0 une grande campagne d\u2019\u00e9vang\u00e9lisation.  Les bapt\u00eames ont permis de mettre en lumi\u00e8re l\u2019engagement de l\u2019\u00e9glise au niveau local \u00e0 pr\u00e9parer un peuple pour le retour de J\u00e9sus, ils ont aussi \u00e9t\u00e9 l\u2019occasion pour le leader mondial de l\u2019Eglise Adventiste, Ted N.C. Wilson, de vivre un moment de nostalgie ; on lui a en effet rappel\u00e9 que son p\u00e8re avait tenu une campagne d\u2019\u00e9vang\u00e9lisation au Panama 31 plus t\u00f4t.\" \/>\n<meta property=\"og:url\" content=\"https:\/\/interamerica.org\/fr\/2015\/03\/la-nouvelle-union-du-panama-baptise-2530-personnes\/\" \/>\n<meta property=\"og:site_name\" content=\"\u00c9glise Adventiste Du Septieme Jour - Inter Am\u00e9rique Division\" \/>\n<meta property=\"article:published_time\" content=\"2015-03-20T04:00:00+00:00\" \/>\n<meta property=\"og:image\" content=\"https:\/\/interamerica.org\/wp-content\/uploads\/2017\/06\/WilsonPanama300.png\" \/>\n\t<meta property=\"og:image:width\" content=\"300\" \/>\n\t<meta property=\"og:image:height\" content=\"223\" \/>\n\t<meta property=\"og:image:type\" content=\"image\/png\" \/>\n<meta name=\"author\" content=\"Lorenzo Verduzco\" \/>\n<meta name=\"twitter:card\" content=\"summary_large_image\" \/>\n<meta name=\"twitter:label1\" content=\"\u00c9crit par\" \/>\n\t<meta name=\"twitter:data1\" content=\"Lorenzo Verduzco\" \/>\n\t<meta name=\"twitter:label2\" content=\"Dur\u00e9e de lecture estim\u00e9e\" \/>\n\t<meta name=\"twitter:data2\" content=\"4 minutes\" \/>\n<script type=\"application\/ld+json\" class=\"yoast-schema-graph\">{\"@context\":\"https:\\\/\\\/schema.org\",\"@graph\":[{\"@type\":\"Article\",\"@id\":\"https:\\\/\\\/interamerica.org\\\/fr\\\/2015\\\/03\\\/la-nouvelle-union-du-panama-baptise-2530-personnes\\\/#article\",\"isPartOf\":{\"@id\":\"https:\\\/\\\/interamerica.org\\\/fr\\\/2015\\\/03\\\/la-nouvelle-union-du-panama-baptise-2530-personnes\\\/\"},\"author\":{\"name\":\"Lorenzo Verduzco\",\"@id\":\"https:\\\/\\\/interamerica.org\\\/fr\\\/#\\\/schema\\\/person\\\/68ede8bdc292885bb76c1e3810e73c39\"},\"headline\":\"La nouvelle Union du Panama baptise 2530 personnes\",\"datePublished\":\"2015-03-20T04:00:00+00:00\",\"mainEntityOfPage\":{\"@id\":\"https:\\\/\\\/interamerica.org\\\/fr\\\/2015\\\/03\\\/la-nouvelle-union-du-panama-baptise-2530-personnes\\\/\"},\"wordCount\":778,\"image\":{\"@id\":\"https:\\\/\\\/interamerica.org\\\/fr\\\/2015\\\/03\\\/la-nouvelle-union-du-panama-baptise-2530-personnes\\\/#primaryimage\"},\"thumbnailUrl\":\"https:\\\/\\\/interamerica.org\\\/wp-content\\\/uploads\\\/2017\\\/06\\\/WilsonPanama300.png\",\"articleSection\":[\"Nouvelles de l'\u00c9glise mondiale\",\"RSS Fran\u00e7ais\"],\"inLanguage\":\"fr-FR\"},{\"@type\":\"WebPage\",\"@id\":\"https:\\\/\\\/interamerica.org\\\/fr\\\/2015\\\/03\\\/la-nouvelle-union-du-panama-baptise-2530-personnes\\\/\",\"url\":\"https:\\\/\\\/interamerica.org\\\/fr\\\/2015\\\/03\\\/la-nouvelle-union-du-panama-baptise-2530-personnes\\\/\",\"name\":\"La nouvelle Union du Panama baptise 2530 personnes - \u00c9glise Adventiste Du Septieme Jour - Inter Am\u00e9rique Division\",\"isPartOf\":{\"@id\":\"https:\\\/\\\/interamerica.org\\\/fr\\\/#website\"},\"primaryImageOfPage\":{\"@id\":\"https:\\\/\\\/interamerica.org\\\/fr\\\/2015\\\/03\\\/la-nouvelle-union-du-panama-baptise-2530-personnes\\\/#primaryimage\"},\"image\":{\"@id\":\"https:\\\/\\\/interamerica.org\\\/fr\\\/2015\\\/03\\\/la-nouvelle-union-du-panama-baptise-2530-personnes\\\/#primaryimage\"},\"thumbnailUrl\":\"https:\\\/\\\/interamerica.org\\\/wp-content\\\/uploads\\\/2017\\\/06\\\/WilsonPanama300.png\",\"datePublished\":\"2015-03-20T04:00:00+00:00\",\"author\":{\"@id\":\"https:\\\/\\\/interamerica.org\\\/fr\\\/#\\\/schema\\\/person\\\/68ede8bdc292885bb76c1e3810e73c39\"},\"breadcrumb\":{\"@id\":\"https:\\\/\\\/interamerica.org\\\/fr\\\/2015\\\/03\\\/la-nouvelle-union-du-panama-baptise-2530-personnes\\\/#breadcrumb\"},\"inLanguage\":\"fr-FR\",\"potentialAction\":[{\"@type\":\"ReadAction\",\"target\":[\"https:\\\/\\\/interamerica.org\\\/fr\\\/2015\\\/03\\\/la-nouvelle-union-du-panama-baptise-2530-personnes\\\/\"]}]},{\"@type\":\"ImageObject\",\"inLanguage\":\"fr-FR\",\"@id\":\"https:\\\/\\\/interamerica.org\\\/fr\\\/2015\\\/03\\\/la-nouvelle-union-du-panama-baptise-2530-personnes\\\/#primaryimage\",\"url\":\"https:\\\/\\\/interamerica.org\\\/wp-content\\\/uploads\\\/2017\\\/06\\\/WilsonPanama300.png\",\"contentUrl\":\"https:\\\/\\\/interamerica.org\\\/wp-content\\\/uploads\\\/2017\\\/06\\\/WilsonPanama300.png\",\"width\":300,\"height\":223},{\"@type\":\"BreadcrumbList\",\"@id\":\"https:\\\/\\\/interamerica.org\\\/fr\\\/2015\\\/03\\\/la-nouvelle-union-du-panama-baptise-2530-personnes\\\/#breadcrumb\",\"itemListElement\":[{\"@type\":\"ListItem\",\"position\":1,\"name\":\"Home\",\"item\":\"https:\\\/\\\/interamerica.org\\\/fr\\\/\"},{\"@type\":\"ListItem\",\"position\":2,\"name\":\"La nouvelle Union du Panama baptise 2530 personnes\"}]},{\"@type\":\"WebSite\",\"@id\":\"https:\\\/\\\/interamerica.org\\\/fr\\\/#website\",\"url\":\"https:\\\/\\\/interamerica.org\\\/fr\\\/\",\"name\":\"\u00c9glise Adventiste Du Septieme Jour - Inter Am\u00e9rique Division\",\"description\":\"\",\"potentialAction\":[{\"@type\":\"SearchAction\",\"target\":{\"@type\":\"EntryPoint\",\"urlTemplate\":\"https:\\\/\\\/interamerica.org\\\/fr\\\/?s={search_term_string}\"},\"query-input\":{\"@type\":\"PropertyValueSpecification\",\"valueRequired\":true,\"valueName\":\"search_term_string\"}}],\"inLanguage\":\"fr-FR\"},{\"@type\":\"Person\",\"@id\":\"https:\\\/\\\/interamerica.org\\\/fr\\\/#\\\/schema\\\/person\\\/68ede8bdc292885bb76c1e3810e73c39\",\"name\":\"Lorenzo Verduzco\",\"image\":{\"@type\":\"ImageObject\",\"inLanguage\":\"fr-FR\",\"@id\":\"https:\\\/\\\/secure.gravatar.com\\\/avatar\\\/fb81a55b6218459490a9c1dc841a34909185b81904c5337b4b27f7a6fd60c49e?s=96&d=mm&r=g\",\"url\":\"https:\\\/\\\/secure.gravatar.com\\\/avatar\\\/fb81a55b6218459490a9c1dc841a34909185b81904c5337b4b27f7a6fd60c49e?s=96&d=mm&r=g\",\"contentUrl\":\"https:\\\/\\\/secure.gravatar.com\\\/avatar\\\/fb81a55b6218459490a9c1dc841a34909185b81904c5337b4b27f7a6fd60c49e?s=96&d=mm&r=g\",\"caption\":\"Lorenzo Verduzco\"}}]}<\/script>\n<!-- \/ Yoast SEO plugin. -->","yoast_head_json":{"title":"La nouvelle Union du Panama baptise 2530 personnes - \u00c9glise Adventiste Du Septieme Jour - Inter Am\u00e9rique Division","robots":{"index":"index","follow":"follow","max-snippet":"max-snippet:-1","max-image-preview":"max-image-preview:large","max-video-preview":"max-video-preview:-1"},"canonical":"https:\/\/interamerica.org\/fr\/2015\/03\/la-nouvelle-union-du-panama-baptise-2530-personnes\/","og_locale":"fr_FR","og_type":"article","og_title":"La nouvelle Union du Panama baptise 2530 personnes - \u00c9glise Adventiste Du Septieme Jour - Inter Am\u00e9rique Division","og_description":"L\u2019Union Mission du Panama, l\u2019entit\u00e9 nouvellement cr\u00e9\u00e9e dans l\u2019Eglise Adventiste, a annonc\u00e9 que 2530 personnes ont \u00e9t\u00e9 baptis\u00e9es depuis le mois de janvier suite \u00e0 une grande campagne d\u2019\u00e9vang\u00e9lisation.  Les bapt\u00eames ont permis de mettre en lumi\u00e8re l\u2019engagement de l\u2019\u00e9glise au niveau local \u00e0 pr\u00e9parer un peuple pour le retour de J\u00e9sus, ils ont aussi \u00e9t\u00e9 l\u2019occasion pour le leader mondial de l\u2019Eglise Adventiste, Ted N.C. Wilson, de vivre un moment de nostalgie ; on lui a en effet rappel\u00e9 que son p\u00e8re avait tenu une campagne d\u2019\u00e9vang\u00e9lisation au Panama 31 plus t\u00f4t.","og_url":"https:\/\/interamerica.org\/fr\/2015\/03\/la-nouvelle-union-du-panama-baptise-2530-personnes\/","og_site_name":"\u00c9glise Adventiste Du Septieme Jour - Inter Am\u00e9rique Division","article_published_time":"2015-03-20T04:00:00+00:00","og_image":[{"width":300,"height":223,"url":"https:\/\/interamerica.org\/wp-content\/uploads\/2017\/06\/WilsonPanama300.png","type":"image\/png"}],"author":"Lorenzo Verduzco","twitter_card":"summary_large_image","twitter_misc":{"\u00c9crit par":"Lorenzo Verduzco","Dur\u00e9e de lecture estim\u00e9e":"4 minutes"},"schema":{"@context":"https:\/\/schema.org","@graph":[{"@type":"Article","@id":"https:\/\/interamerica.org\/fr\/2015\/03\/la-nouvelle-union-du-panama-baptise-2530-personnes\/#article","isPartOf":{"@id":"https:\/\/interamerica.org\/fr\/2015\/03\/la-nouvelle-union-du-panama-baptise-2530-personnes\/"},"author":{"name":"Lorenzo Verduzco","@id":"https:\/\/interamerica.org\/fr\/#\/schema\/person\/68ede8bdc292885bb76c1e3810e73c39"},"headline":"La nouvelle Union du Panama baptise 2530 personnes","datePublished":"2015-03-20T04:00:00+00:00","mainEntityOfPage":{"@id":"https:\/\/interamerica.org\/fr\/2015\/03\/la-nouvelle-union-du-panama-baptise-2530-personnes\/"},"wordCount":778,"image":{"@id":"https:\/\/interamerica.org\/fr\/2015\/03\/la-nouvelle-union-du-panama-baptise-2530-personnes\/#primaryimage"},"thumbnailUrl":"https:\/\/interamerica.org\/wp-content\/uploads\/2017\/06\/WilsonPanama300.png","articleSection":["Nouvelles de l'\u00c9glise mondiale","RSS Fran\u00e7ais"],"inLanguage":"fr-FR"},{"@type":"WebPage","@id":"https:\/\/interamerica.org\/fr\/2015\/03\/la-nouvelle-union-du-panama-baptise-2530-personnes\/","url":"https:\/\/interamerica.org\/fr\/2015\/03\/la-nouvelle-union-du-panama-baptise-2530-personnes\/","name":"La nouvelle Union du Panama baptise 2530 personnes - \u00c9glise Adventiste Du Septieme Jour - Inter Am\u00e9rique Division","isPartOf":{"@id":"https:\/\/interamerica.org\/fr\/#website"},"primaryImageOfPage":{"@id":"https:\/\/interamerica.org\/fr\/2015\/03\/la-nouvelle-union-du-panama-baptise-2530-personnes\/#primaryimage"},"image":{"@id":"https:\/\/interamerica.org\/fr\/2015\/03\/la-nouvelle-union-du-panama-baptise-2530-personnes\/#primaryimage"},"thumbnailUrl":"https:\/\/interamerica.org\/wp-content\/uploads\/2017\/06\/WilsonPanama300.png","datePublished":"2015-03-20T04:00:00+00:00","author":{"@id":"https:\/\/interamerica.org\/fr\/#\/schema\/person\/68ede8bdc292885bb76c1e3810e73c39"},"breadcrumb":{"@id":"https:\/\/interamerica.org\/fr\/2015\/03\/la-nouvelle-union-du-panama-baptise-2530-personnes\/#breadcrumb"},"inLanguage":"fr-FR","potentialAction":[{"@type":"ReadAction","target":["https:\/\/interamerica.org\/fr\/2015\/03\/la-nouvelle-union-du-panama-baptise-2530-personnes\/"]}]},{"@type":"ImageObject","inLanguage":"fr-FR","@id":"https:\/\/interamerica.org\/fr\/2015\/03\/la-nouvelle-union-du-panama-baptise-2530-personnes\/#primaryimage","url":"https:\/\/interamerica.org\/wp-content\/uploads\/2017\/06\/WilsonPanama300.png","contentUrl":"https:\/\/interamerica.org\/wp-content\/uploads\/2017\/06\/WilsonPanama300.png","width":300,"height":223},{"@type":"BreadcrumbList","@id":"https:\/\/interamerica.org\/fr\/2015\/03\/la-nouvelle-union-du-panama-baptise-2530-personnes\/#breadcrumb","itemListElement":[{"@type":"ListItem","position":1,"name":"Home","item":"https:\/\/interamerica.org\/fr\/"},{"@type":"ListItem","position":2,"name":"La nouvelle Union du Panama baptise 2530 personnes"}]},{"@type":"WebSite","@id":"https:\/\/interamerica.org\/fr\/#website","url":"https:\/\/interamerica.org\/fr\/","name":"\u00c9glise Adventiste Du Septieme Jour - Inter Am\u00e9rique Division","description":"","potentialAction":[{"@type":"SearchAction","target":{"@type":"EntryPoint","urlTemplate":"https:\/\/interamerica.org\/fr\/?s={search_term_string}"},"query-input":{"@type":"PropertyValueSpecification","valueRequired":true,"valueName":"search_term_string"}}],"inLanguage":"fr-FR"},{"@type":"Person","@id":"https:\/\/interamerica.org\/fr\/#\/schema\/person\/68ede8bdc292885bb76c1e3810e73c39","name":"Lorenzo Verduzco","image":{"@type":"ImageObject","inLanguage":"fr-FR","@id":"https:\/\/secure.gravatar.com\/avatar\/fb81a55b6218459490a9c1dc841a34909185b81904c5337b4b27f7a6fd60c49e?s=96&d=mm&r=g","url":"https:\/\/secure.gravatar.com\/avatar\/fb81a55b6218459490a9c1dc841a34909185b81904c5337b4b27f7a6fd60c49e?s=96&d=mm&r=g","contentUrl":"https:\/\/secure.gravatar.com\/avatar\/fb81a55b6218459490a9c1dc841a34909185b81904c5337b4b27f7a6fd60c49e?s=96&d=mm&r=g","caption":"Lorenzo Verduzco"}}]}},"_links":{"self":[{"href":"https:\/\/interamerica.org\/fr\/wp-json\/wp\/v2\/posts\/32205","targetHints":{"allow":["GET"]}}],"collection":[{"href":"https:\/\/interamerica.org\/fr\/wp-json\/wp\/v2\/posts"}],"about":[{"href":"https:\/\/interamerica.org\/fr\/wp-json\/wp\/v2\/types\/post"}],"author":[{"embeddable":true,"href":"https:\/\/interamerica.org\/fr\/wp-json\/wp\/v2\/users\/1"}],"replies":[{"embeddable":true,"href":"https:\/\/interamerica.org\/fr\/wp-json\/wp\/v2\/comments?post=32205"}],"version-history":[{"count":0,"href":"https:\/\/interamerica.org\/fr\/wp-json\/wp\/v2\/posts\/32205\/revisions"}],"wp:featuredmedia":[{"embeddable":true,"href":"https:\/\/interamerica.org\/fr\/wp-json\/wp\/v2\/media\/24711"}],"wp:attachment":[{"href":"https:\/\/interamerica.org\/fr\/wp-json\/wp\/v2\/media?parent=32205"}],"wp:term":[{"taxonomy":"category","embeddable":true,"href":"https:\/\/interamerica.org\/fr\/wp-json\/wp\/v2\/categories?post=32205"},{"taxonomy":"post_tag","embeddable":true,"href":"https:\/\/interamerica.org\/fr\/wp-json\/wp\/v2\/tags?post=32205"}],"curies":[{"name":"wp","href":"https:\/\/api.w.org\/{rel}","templated":true}]}}