{"id":32206,"date":"2015-03-17T00:00:00","date_gmt":"2015-03-17T04:00:00","guid":{"rendered":"http:\/\/192.81.217.108\/interamerica\/2015\/03\/quatre-eglises-adventistes-detruites-par-le-cyclone-qui-a-frappe-le-vanuatu\/"},"modified":"2015-03-17T00:00:00","modified_gmt":"2015-03-17T04:00:00","slug":"quatre-eglises-adventistes-detruites-par-le-cyclone-qui-a-frappe-le-vanuatu","status":"publish","type":"post","link":"https:\/\/interamerica.org\/fr\/2015\/03\/quatre-eglises-adventistes-detruites-par-le-cyclone-qui-a-frappe-le-vanuatu\/","title":{"rendered":"Quatre \u00e9glises Adventistes d\u00e9truites par le cyclone qui a frapp\u00e9 le Vanuatu"},"content":{"rendered":"<div id=\"attachment_15778\" style=\"width: 610px\" class=\"wp-caption aligncenter\"><a href=\"\/interamerica\/wp-content\/uploads\/2017\/06\/Downtown_Port_Vila_14_March600.png\" rel=\"fancybox\" title=\"Quatre \u00e9glises Adventistes d\u00e9truites par le cyclone qui a frapp\u00e9 le Vanuatu\"><img fetchpriority=\"high\" decoding=\"async\" aria-describedby=\"caption-attachment-15778\" class=\"size-full wp-image-15778\" src=\"\/interamerica\/wp-content\/uploads\/2017\/06\/Downtown_Port_Vila_14_March600.png\" alt=\"\" width=\"600\" height=\"425\" \/><\/a><p id=\"caption-attachment-15778\" class=\"wp-caption-text\">Les gens marchant dans la ville de Port Vila apr\u00e8s le cyclone qui a frapp\u00e9 le samedi 14 mars. Image de Graham Crumb\/Humans of Vanuatu<\/p><\/div>\n<p>17 Mars 2015 \u2013 Jarrod Stackelroth, Adventist Record du Pacifique Sud et Adventist Review<\/p>\n<p>Au moins quatre \u00e9glises Adventistes du Septi\u00e8me Jour ont \u00e9t\u00e9 ras\u00e9es par un cyclone d\u00e9vastateur qui a frapp\u00e9 l\u2019ile du Vanuatu dans le Pacifique Sud au cours du weekend, ont indiqu\u00e9 les leaders de l\u2019\u00e9glise.<\/p>\n<p>Beaucoup de membres d\u2019\u00e9glise ont \u00e9galement perdu leurs maisons et ont d\u00fb se r\u00e9fugier dans des centres d\u2019\u00e9vacuation, mais aucun, d\u2019apr\u00e8s les informations disponibles, n\u2019a \u00e9t\u00e9 bless\u00e9 lorsque le Cyclone Tropical Pam a frapp\u00e9 l\u2019archipel samedi.<\/p>\n<p>\u00ab Il n\u2019y a pas d\u2019Adventistes parmi les victimes \u00e0 Port Vila \u00e0 notre connaissance, mais certains ont perdu des amis, des voisins et des \u00eatres chers, et l\u2019\u00e9glise s\u2019engage \u00e0 soutenir notre communaut\u00e9 de toutes les mani\u00e8res possibles, \u00bb a d\u00e9clar\u00e9 Nos Terry, pr\u00e9sident de la Mission de l\u2019Eglise Adventiste au Vanuatu.<\/p>\n<p>Au moins 11 personnes ont perdu la vie dans cette trag\u00e9die, ont indiqu\u00e9 les Nations Unies mardi. Mais tout le monde semble conna\u00eetre quelqu\u2019un qui a p\u00e9ri dans cette communaut\u00e9 tr\u00e8s unie de Port Vila, la capitale du pays qui compte 47000 habitants.<\/p>\n<p>Les leaders de l\u2019\u00e9glise attendent de recevoir les nouvelles des membres vivant en dehors de Port Vila \u00e9tant donn\u00e9 que la plupart des connexions par radio, t\u00e9l\u00e9phone ou internet sont coup\u00e9es et les ponts sont d\u00e9truits.<\/p>\n<p>\u00ab Cela rend difficile une v\u00e9ritable \u00e9valuation des d\u00e9g\u00e2ts, \u00bb a dit Nos Terry par t\u00e9l\u00e9phone.<\/p>\n<p>Quatre \u00e9glises de Port Vila ont \u00e9t\u00e9 compl\u00e8tement d\u00e9truites, a indiqu\u00e9 pasteur Terry. L\u2019\u00e9glise Adventiste de Potoroki, une des plus grandes \u00e9glises du pays a perdu une partie de sa toiture, son porche et une maison qui se trouvait derri\u00e8re l\u2019\u00e9glise.<\/p>\n<p>Le site de la Mission du Vanuatu aura besoin lui m\u00eame de quelques menues r\u00e9parations, mais une bonne partie de ses ordinateurs ainsi que du mat\u00e9riel \u00e9lectronique devront \u00eatre remplac\u00e9s suite aux d\u00e9g\u00e2ts caus\u00e9s par les eaux. Du mat\u00e9riel de Hope Channel a \u00e9t\u00e9 \u00e9galement d\u00e9truit ou endommag\u00e9 par l\u2019eau.<\/p>\n<p>Nos Terry a dit son inqui\u00e9tude quant \u00e0 la possibilit\u00e9 pour certaines \u00e9glises de l\u2019ile de se r\u00e9unir sabbat prochain.<\/p>\n<p>\u00ab Le plus grand besoin de l\u2019\u00e9glise au moment o\u00f9 je parle est de remettre des toitures sur les \u00e9glises ou au moins d\u2019avoir des abris de telle sorte que le peuple puisse tenir un service d\u2019adoration \u00e0 nouveau, \u00bb a t-il d\u00e9clar\u00e9.<\/p>\n<p>L\u2019Eglise Adventiste, en coop\u00e9ration avec Hope Channel, a tenu \u00e0 Port Vila l\u2019ann\u00e9e derni\u00e8re, deux grandes campagnes d\u2019\u00e9vang\u00e9lisation \u00e0 la suite desquelles il y a eu 2213 bapt\u00eames en septembre et 543 bapt\u00eames en d\u00e9cembre.<\/p>\n<p>Des travailleurs de l\u2019Agence Adventiste de D\u00e9veloppement et de Secours sont sur le terrain, aidant les gens qui se trouvent dans les refuges et pr\u00e9parant l\u2019aide d\u2019urgence. ADRA cherche \u00e9galement \u00e0 renouer le contact avec 10 membres de son personnel qui se trouvent sur deux iles isol\u00e9es et de qui on n\u2019a pas de nouvelles pour l\u2019instant.<\/p>\n<p>ADRA International a \u00e9tabli <a href=\"https:\/\/secure2.convio.net\/ccadra\/site\/Donation2?idb=&amp;df_id=4220&amp;4220.donation=form1\">un fond d\u2019intervention d\u2019urgence<\/a> afin de venir en aide au peuple du Vanuatu. <a href=\"https:\/\/secure.adra.ca\/donate?designation=Vanuatu%20Response\">Les lecteurs canadiens peuvent faire leur contribution ici.<\/a>.<\/p>\n<p>Les leaders de l\u2019\u00e9glise, entre temps, font pour le moment des d\u00e9clarations d\u2019assurance suite aux d\u00e9g\u00e2ts subis par leurs possessions, mais ils devront ensuite attendre que les paiements soient effectu\u00e9s.<\/p>\n<p>\u00ab Je demande la pri\u00e8re de nos membres dans toute la division en faveur de l\u2019\u00e9glise ici et en faveur du peule de Vanuatu, \u00bb a dit Nos Terry.<\/p>\n<p>Traduction: Patrick Luciathe<\/p>\n","protected":false},"excerpt":{"rendered":"<p>Au moins quatre \u00e9glises Adventistes du Septi\u00e8me Jour ont \u00e9t\u00e9 ras\u00e9es par un cyclone d\u00e9vastateur qui a frapp\u00e9 l\u2019ile du Vanuatu dans le Pacifique Sud au cours du weekend, ont indiqu\u00e9 les leaders de l\u2019\u00e9glise.  <\/p>\n<p>Beaucoup de membres d\u2019\u00e9glise ont \u00e9galement perdu leurs maisons et ont d\u00fb se r\u00e9fugier dans des centres d\u2019\u00e9vacuation, mais aucun, d\u2019apr\u00e8s les informations disponibles, n\u2019a \u00e9t\u00e9 bless\u00e9 lorsque le Cyclone Tropical Pam a frapp\u00e9 l\u2019archipel samedi.<\/p>\n","protected":false},"author":1,"featured_media":24707,"comment_status":"closed","ping_status":"closed","sticky":false,"template":"","format":"standard","meta":{"_acf_changed":false,"footnotes":""},"categories":[18,19],"tags":[],"class_list":["post-32206","post","type-post","status-publish","format-standard","has-post-thumbnail","hentry","category-nouvelles-de-leglise-mondiale","category-rss-francais"],"acf":[],"yoast_head":"<!-- This site is optimized with the Yoast SEO plugin v27.3 - https:\/\/yoast.com\/product\/yoast-seo-wordpress\/ -->\n<title>Quatre \u00e9glises Adventistes d\u00e9truites par le cyclone qui a frapp\u00e9 le Vanuatu - \u00c9glise Adventiste Du Septieme Jour - Inter Am\u00e9rique Division<\/title>\n<meta name=\"robots\" content=\"index, follow, max-snippet:-1, max-image-preview:large, max-video-preview:-1\" \/>\n<link rel=\"canonical\" href=\"https:\/\/interamerica.org\/fr\/2015\/03\/quatre-eglises-adventistes-detruites-par-le-cyclone-qui-a-frappe-le-vanuatu\/\" \/>\n<meta property=\"og:locale\" content=\"fr_FR\" \/>\n<meta property=\"og:type\" content=\"article\" \/>\n<meta property=\"og:title\" content=\"Quatre \u00e9glises Adventistes d\u00e9truites par le cyclone qui a frapp\u00e9 le Vanuatu - \u00c9glise Adventiste Du Septieme Jour - Inter Am\u00e9rique Division\" \/>\n<meta property=\"og:description\" content=\"Au moins quatre \u00e9glises Adventistes du Septi\u00e8me Jour ont \u00e9t\u00e9 ras\u00e9es par un cyclone d\u00e9vastateur qui a frapp\u00e9 l\u2019ile du Vanuatu dans le Pacifique Sud au cours du weekend, ont indiqu\u00e9 les leaders de l\u2019\u00e9glise.  Beaucoup de membres d\u2019\u00e9glise ont \u00e9galement perdu leurs maisons et ont d\u00fb se r\u00e9fugier dans des centres d\u2019\u00e9vacuation, mais aucun, d\u2019apr\u00e8s les informations disponibles, n\u2019a \u00e9t\u00e9 bless\u00e9 lorsque le Cyclone Tropical Pam a frapp\u00e9 l\u2019archipel samedi.\" \/>\n<meta property=\"og:url\" content=\"https:\/\/interamerica.org\/fr\/2015\/03\/quatre-eglises-adventistes-detruites-par-le-cyclone-qui-a-frappe-le-vanuatu\/\" \/>\n<meta property=\"og:site_name\" content=\"\u00c9glise Adventiste Du Septieme Jour - Inter Am\u00e9rique Division\" \/>\n<meta property=\"article:published_time\" content=\"2015-03-17T04:00:00+00:00\" \/>\n<meta property=\"og:image\" content=\"https:\/\/interamerica.org\/wp-content\/uploads\/2017\/06\/Downtown_Port_Vila_14_March600.png\" \/>\n\t<meta property=\"og:image:width\" content=\"600\" \/>\n\t<meta property=\"og:image:height\" content=\"425\" \/>\n\t<meta property=\"og:image:type\" content=\"image\/png\" \/>\n<meta name=\"author\" content=\"Lorenzo Verduzco\" \/>\n<meta name=\"twitter:card\" content=\"summary_large_image\" \/>\n<meta name=\"twitter:label1\" content=\"\u00c9crit par\" \/>\n\t<meta name=\"twitter:data1\" content=\"Lorenzo Verduzco\" \/>\n\t<meta name=\"twitter:label2\" content=\"Dur\u00e9e de lecture estim\u00e9e\" \/>\n\t<meta name=\"twitter:data2\" content=\"3 minutes\" \/>\n<script type=\"application\/ld+json\" class=\"yoast-schema-graph\">{\"@context\":\"https:\\\/\\\/schema.org\",\"@graph\":[{\"@type\":\"Article\",\"@id\":\"https:\\\/\\\/interamerica.org\\\/fr\\\/2015\\\/03\\\/quatre-eglises-adventistes-detruites-par-le-cyclone-qui-a-frappe-le-vanuatu\\\/#article\",\"isPartOf\":{\"@id\":\"https:\\\/\\\/interamerica.org\\\/fr\\\/2015\\\/03\\\/quatre-eglises-adventistes-detruites-par-le-cyclone-qui-a-frappe-le-vanuatu\\\/\"},\"author\":{\"name\":\"Lorenzo Verduzco\",\"@id\":\"https:\\\/\\\/interamerica.org\\\/fr\\\/#\\\/schema\\\/person\\\/68ede8bdc292885bb76c1e3810e73c39\"},\"headline\":\"Quatre \u00e9glises Adventistes d\u00e9truites par le cyclone qui a frapp\u00e9 le Vanuatu\",\"datePublished\":\"2015-03-17T04:00:00+00:00\",\"mainEntityOfPage\":{\"@id\":\"https:\\\/\\\/interamerica.org\\\/fr\\\/2015\\\/03\\\/quatre-eglises-adventistes-detruites-par-le-cyclone-qui-a-frappe-le-vanuatu\\\/\"},\"wordCount\":673,\"image\":{\"@id\":\"https:\\\/\\\/interamerica.org\\\/fr\\\/2015\\\/03\\\/quatre-eglises-adventistes-detruites-par-le-cyclone-qui-a-frappe-le-vanuatu\\\/#primaryimage\"},\"thumbnailUrl\":\"https:\\\/\\\/interamerica.org\\\/wp-content\\\/uploads\\\/2017\\\/06\\\/Downtown_Port_Vila_14_March600.png\",\"articleSection\":[\"Nouvelles de l'\u00c9glise mondiale\",\"RSS Fran\u00e7ais\"],\"inLanguage\":\"fr-FR\"},{\"@type\":\"WebPage\",\"@id\":\"https:\\\/\\\/interamerica.org\\\/fr\\\/2015\\\/03\\\/quatre-eglises-adventistes-detruites-par-le-cyclone-qui-a-frappe-le-vanuatu\\\/\",\"url\":\"https:\\\/\\\/interamerica.org\\\/fr\\\/2015\\\/03\\\/quatre-eglises-adventistes-detruites-par-le-cyclone-qui-a-frappe-le-vanuatu\\\/\",\"name\":\"Quatre \u00e9glises Adventistes d\u00e9truites par le cyclone qui a frapp\u00e9 le Vanuatu - \u00c9glise Adventiste Du Septieme Jour - Inter Am\u00e9rique Division\",\"isPartOf\":{\"@id\":\"https:\\\/\\\/interamerica.org\\\/fr\\\/#website\"},\"primaryImageOfPage\":{\"@id\":\"https:\\\/\\\/interamerica.org\\\/fr\\\/2015\\\/03\\\/quatre-eglises-adventistes-detruites-par-le-cyclone-qui-a-frappe-le-vanuatu\\\/#primaryimage\"},\"image\":{\"@id\":\"https:\\\/\\\/interamerica.org\\\/fr\\\/2015\\\/03\\\/quatre-eglises-adventistes-detruites-par-le-cyclone-qui-a-frappe-le-vanuatu\\\/#primaryimage\"},\"thumbnailUrl\":\"https:\\\/\\\/interamerica.org\\\/wp-content\\\/uploads\\\/2017\\\/06\\\/Downtown_Port_Vila_14_March600.png\",\"datePublished\":\"2015-03-17T04:00:00+00:00\",\"author\":{\"@id\":\"https:\\\/\\\/interamerica.org\\\/fr\\\/#\\\/schema\\\/person\\\/68ede8bdc292885bb76c1e3810e73c39\"},\"breadcrumb\":{\"@id\":\"https:\\\/\\\/interamerica.org\\\/fr\\\/2015\\\/03\\\/quatre-eglises-adventistes-detruites-par-le-cyclone-qui-a-frappe-le-vanuatu\\\/#breadcrumb\"},\"inLanguage\":\"fr-FR\",\"potentialAction\":[{\"@type\":\"ReadAction\",\"target\":[\"https:\\\/\\\/interamerica.org\\\/fr\\\/2015\\\/03\\\/quatre-eglises-adventistes-detruites-par-le-cyclone-qui-a-frappe-le-vanuatu\\\/\"]}]},{\"@type\":\"ImageObject\",\"inLanguage\":\"fr-FR\",\"@id\":\"https:\\\/\\\/interamerica.org\\\/fr\\\/2015\\\/03\\\/quatre-eglises-adventistes-detruites-par-le-cyclone-qui-a-frappe-le-vanuatu\\\/#primaryimage\",\"url\":\"https:\\\/\\\/interamerica.org\\\/wp-content\\\/uploads\\\/2017\\\/06\\\/Downtown_Port_Vila_14_March600.png\",\"contentUrl\":\"https:\\\/\\\/interamerica.org\\\/wp-content\\\/uploads\\\/2017\\\/06\\\/Downtown_Port_Vila_14_March600.png\",\"width\":600,\"height\":425},{\"@type\":\"BreadcrumbList\",\"@id\":\"https:\\\/\\\/interamerica.org\\\/fr\\\/2015\\\/03\\\/quatre-eglises-adventistes-detruites-par-le-cyclone-qui-a-frappe-le-vanuatu\\\/#breadcrumb\",\"itemListElement\":[{\"@type\":\"ListItem\",\"position\":1,\"name\":\"Home\",\"item\":\"https:\\\/\\\/interamerica.org\\\/fr\\\/\"},{\"@type\":\"ListItem\",\"position\":2,\"name\":\"Quatre \u00e9glises Adventistes d\u00e9truites par le cyclone qui a frapp\u00e9 le Vanuatu\"}]},{\"@type\":\"WebSite\",\"@id\":\"https:\\\/\\\/interamerica.org\\\/fr\\\/#website\",\"url\":\"https:\\\/\\\/interamerica.org\\\/fr\\\/\",\"name\":\"\u00c9glise Adventiste Du Septieme Jour - Inter Am\u00e9rique Division\",\"description\":\"\",\"potentialAction\":[{\"@type\":\"SearchAction\",\"target\":{\"@type\":\"EntryPoint\",\"urlTemplate\":\"https:\\\/\\\/interamerica.org\\\/fr\\\/?s={search_term_string}\"},\"query-input\":{\"@type\":\"PropertyValueSpecification\",\"valueRequired\":true,\"valueName\":\"search_term_string\"}}],\"inLanguage\":\"fr-FR\"},{\"@type\":\"Person\",\"@id\":\"https:\\\/\\\/interamerica.org\\\/fr\\\/#\\\/schema\\\/person\\\/68ede8bdc292885bb76c1e3810e73c39\",\"name\":\"Lorenzo Verduzco\",\"image\":{\"@type\":\"ImageObject\",\"inLanguage\":\"fr-FR\",\"@id\":\"https:\\\/\\\/secure.gravatar.com\\\/avatar\\\/fb81a55b6218459490a9c1dc841a34909185b81904c5337b4b27f7a6fd60c49e?s=96&d=mm&r=g\",\"url\":\"https:\\\/\\\/secure.gravatar.com\\\/avatar\\\/fb81a55b6218459490a9c1dc841a34909185b81904c5337b4b27f7a6fd60c49e?s=96&d=mm&r=g\",\"contentUrl\":\"https:\\\/\\\/secure.gravatar.com\\\/avatar\\\/fb81a55b6218459490a9c1dc841a34909185b81904c5337b4b27f7a6fd60c49e?s=96&d=mm&r=g\",\"caption\":\"Lorenzo Verduzco\"}}]}<\/script>\n<!-- \/ Yoast SEO plugin. -->","yoast_head_json":{"title":"Quatre \u00e9glises Adventistes d\u00e9truites par le cyclone qui a frapp\u00e9 le Vanuatu - \u00c9glise Adventiste Du Septieme Jour - Inter Am\u00e9rique Division","robots":{"index":"index","follow":"follow","max-snippet":"max-snippet:-1","max-image-preview":"max-image-preview:large","max-video-preview":"max-video-preview:-1"},"canonical":"https:\/\/interamerica.org\/fr\/2015\/03\/quatre-eglises-adventistes-detruites-par-le-cyclone-qui-a-frappe-le-vanuatu\/","og_locale":"fr_FR","og_type":"article","og_title":"Quatre \u00e9glises Adventistes d\u00e9truites par le cyclone qui a frapp\u00e9 le Vanuatu - \u00c9glise Adventiste Du Septieme Jour - Inter Am\u00e9rique Division","og_description":"Au moins quatre \u00e9glises Adventistes du Septi\u00e8me Jour ont \u00e9t\u00e9 ras\u00e9es par un cyclone d\u00e9vastateur qui a frapp\u00e9 l\u2019ile du Vanuatu dans le Pacifique Sud au cours du weekend, ont indiqu\u00e9 les leaders de l\u2019\u00e9glise.  Beaucoup de membres d\u2019\u00e9glise ont \u00e9galement perdu leurs maisons et ont d\u00fb se r\u00e9fugier dans des centres d\u2019\u00e9vacuation, mais aucun, d\u2019apr\u00e8s les informations disponibles, n\u2019a \u00e9t\u00e9 bless\u00e9 lorsque le Cyclone Tropical Pam a frapp\u00e9 l\u2019archipel samedi.","og_url":"https:\/\/interamerica.org\/fr\/2015\/03\/quatre-eglises-adventistes-detruites-par-le-cyclone-qui-a-frappe-le-vanuatu\/","og_site_name":"\u00c9glise Adventiste Du Septieme Jour - Inter Am\u00e9rique Division","article_published_time":"2015-03-17T04:00:00+00:00","og_image":[{"width":600,"height":425,"url":"https:\/\/interamerica.org\/wp-content\/uploads\/2017\/06\/Downtown_Port_Vila_14_March600.png","type":"image\/png"}],"author":"Lorenzo Verduzco","twitter_card":"summary_large_image","twitter_misc":{"\u00c9crit par":"Lorenzo Verduzco","Dur\u00e9e de lecture estim\u00e9e":"3 minutes"},"schema":{"@context":"https:\/\/schema.org","@graph":[{"@type":"Article","@id":"https:\/\/interamerica.org\/fr\/2015\/03\/quatre-eglises-adventistes-detruites-par-le-cyclone-qui-a-frappe-le-vanuatu\/#article","isPartOf":{"@id":"https:\/\/interamerica.org\/fr\/2015\/03\/quatre-eglises-adventistes-detruites-par-le-cyclone-qui-a-frappe-le-vanuatu\/"},"author":{"name":"Lorenzo Verduzco","@id":"https:\/\/interamerica.org\/fr\/#\/schema\/person\/68ede8bdc292885bb76c1e3810e73c39"},"headline":"Quatre \u00e9glises Adventistes d\u00e9truites par le cyclone qui a frapp\u00e9 le Vanuatu","datePublished":"2015-03-17T04:00:00+00:00","mainEntityOfPage":{"@id":"https:\/\/interamerica.org\/fr\/2015\/03\/quatre-eglises-adventistes-detruites-par-le-cyclone-qui-a-frappe-le-vanuatu\/"},"wordCount":673,"image":{"@id":"https:\/\/interamerica.org\/fr\/2015\/03\/quatre-eglises-adventistes-detruites-par-le-cyclone-qui-a-frappe-le-vanuatu\/#primaryimage"},"thumbnailUrl":"https:\/\/interamerica.org\/wp-content\/uploads\/2017\/06\/Downtown_Port_Vila_14_March600.png","articleSection":["Nouvelles de l'\u00c9glise mondiale","RSS Fran\u00e7ais"],"inLanguage":"fr-FR"},{"@type":"WebPage","@id":"https:\/\/interamerica.org\/fr\/2015\/03\/quatre-eglises-adventistes-detruites-par-le-cyclone-qui-a-frappe-le-vanuatu\/","url":"https:\/\/interamerica.org\/fr\/2015\/03\/quatre-eglises-adventistes-detruites-par-le-cyclone-qui-a-frappe-le-vanuatu\/","name":"Quatre \u00e9glises Adventistes d\u00e9truites par le cyclone qui a frapp\u00e9 le Vanuatu - \u00c9glise Adventiste Du Septieme Jour - Inter Am\u00e9rique Division","isPartOf":{"@id":"https:\/\/interamerica.org\/fr\/#website"},"primaryImageOfPage":{"@id":"https:\/\/interamerica.org\/fr\/2015\/03\/quatre-eglises-adventistes-detruites-par-le-cyclone-qui-a-frappe-le-vanuatu\/#primaryimage"},"image":{"@id":"https:\/\/interamerica.org\/fr\/2015\/03\/quatre-eglises-adventistes-detruites-par-le-cyclone-qui-a-frappe-le-vanuatu\/#primaryimage"},"thumbnailUrl":"https:\/\/interamerica.org\/wp-content\/uploads\/2017\/06\/Downtown_Port_Vila_14_March600.png","datePublished":"2015-03-17T04:00:00+00:00","author":{"@id":"https:\/\/interamerica.org\/fr\/#\/schema\/person\/68ede8bdc292885bb76c1e3810e73c39"},"breadcrumb":{"@id":"https:\/\/interamerica.org\/fr\/2015\/03\/quatre-eglises-adventistes-detruites-par-le-cyclone-qui-a-frappe-le-vanuatu\/#breadcrumb"},"inLanguage":"fr-FR","potentialAction":[{"@type":"ReadAction","target":["https:\/\/interamerica.org\/fr\/2015\/03\/quatre-eglises-adventistes-detruites-par-le-cyclone-qui-a-frappe-le-vanuatu\/"]}]},{"@type":"ImageObject","inLanguage":"fr-FR","@id":"https:\/\/interamerica.org\/fr\/2015\/03\/quatre-eglises-adventistes-detruites-par-le-cyclone-qui-a-frappe-le-vanuatu\/#primaryimage","url":"https:\/\/interamerica.org\/wp-content\/uploads\/2017\/06\/Downtown_Port_Vila_14_March600.png","contentUrl":"https:\/\/interamerica.org\/wp-content\/uploads\/2017\/06\/Downtown_Port_Vila_14_March600.png","width":600,"height":425},{"@type":"BreadcrumbList","@id":"https:\/\/interamerica.org\/fr\/2015\/03\/quatre-eglises-adventistes-detruites-par-le-cyclone-qui-a-frappe-le-vanuatu\/#breadcrumb","itemListElement":[{"@type":"ListItem","position":1,"name":"Home","item":"https:\/\/interamerica.org\/fr\/"},{"@type":"ListItem","position":2,"name":"Quatre \u00e9glises Adventistes d\u00e9truites par le cyclone qui a frapp\u00e9 le Vanuatu"}]},{"@type":"WebSite","@id":"https:\/\/interamerica.org\/fr\/#website","url":"https:\/\/interamerica.org\/fr\/","name":"\u00c9glise Adventiste Du Septieme Jour - Inter Am\u00e9rique Division","description":"","potentialAction":[{"@type":"SearchAction","target":{"@type":"EntryPoint","urlTemplate":"https:\/\/interamerica.org\/fr\/?s={search_term_string}"},"query-input":{"@type":"PropertyValueSpecification","valueRequired":true,"valueName":"search_term_string"}}],"inLanguage":"fr-FR"},{"@type":"Person","@id":"https:\/\/interamerica.org\/fr\/#\/schema\/person\/68ede8bdc292885bb76c1e3810e73c39","name":"Lorenzo Verduzco","image":{"@type":"ImageObject","inLanguage":"fr-FR","@id":"https:\/\/secure.gravatar.com\/avatar\/fb81a55b6218459490a9c1dc841a34909185b81904c5337b4b27f7a6fd60c49e?s=96&d=mm&r=g","url":"https:\/\/secure.gravatar.com\/avatar\/fb81a55b6218459490a9c1dc841a34909185b81904c5337b4b27f7a6fd60c49e?s=96&d=mm&r=g","contentUrl":"https:\/\/secure.gravatar.com\/avatar\/fb81a55b6218459490a9c1dc841a34909185b81904c5337b4b27f7a6fd60c49e?s=96&d=mm&r=g","caption":"Lorenzo Verduzco"}}]}},"_links":{"self":[{"href":"https:\/\/interamerica.org\/fr\/wp-json\/wp\/v2\/posts\/32206","targetHints":{"allow":["GET"]}}],"collection":[{"href":"https:\/\/interamerica.org\/fr\/wp-json\/wp\/v2\/posts"}],"about":[{"href":"https:\/\/interamerica.org\/fr\/wp-json\/wp\/v2\/types\/post"}],"author":[{"embeddable":true,"href":"https:\/\/interamerica.org\/fr\/wp-json\/wp\/v2\/users\/1"}],"replies":[{"embeddable":true,"href":"https:\/\/interamerica.org\/fr\/wp-json\/wp\/v2\/comments?post=32206"}],"version-history":[{"count":0,"href":"https:\/\/interamerica.org\/fr\/wp-json\/wp\/v2\/posts\/32206\/revisions"}],"wp:featuredmedia":[{"embeddable":true,"href":"https:\/\/interamerica.org\/fr\/wp-json\/wp\/v2\/media\/24707"}],"wp:attachment":[{"href":"https:\/\/interamerica.org\/fr\/wp-json\/wp\/v2\/media?parent=32206"}],"wp:term":[{"taxonomy":"category","embeddable":true,"href":"https:\/\/interamerica.org\/fr\/wp-json\/wp\/v2\/categories?post=32206"},{"taxonomy":"post_tag","embeddable":true,"href":"https:\/\/interamerica.org\/fr\/wp-json\/wp\/v2\/tags?post=32206"}],"curies":[{"name":"wp","href":"https:\/\/api.w.org\/{rel}","templated":true}]}}