{"id":32207,"date":"2015-03-22T00:00:00","date_gmt":"2015-03-22T04:00:00","guid":{"rendered":"http:\/\/192.81.217.108\/interamerica\/2015\/03\/records-battus-par-les-jeunes-adventistes-dans-le-cadre-de-linitiative-sois-le-sermon\/"},"modified":"2015-03-22T00:00:00","modified_gmt":"2015-03-22T04:00:00","slug":"records-battus-par-les-jeunes-adventistes-dans-le-cadre-de-linitiative-sois-le-sermon","status":"publish","type":"post","link":"https:\/\/interamerica.org\/fr\/2015\/03\/records-battus-par-les-jeunes-adventistes-dans-le-cadre-de-linitiative-sois-le-sermon\/","title":{"rendered":"Records battus par les jeunes Adventistes dans le cadre de l\u2019initiative \u00ab Sois le Sermon \u00bb"},"content":{"rendered":"<div id=\"attachment_15814\" style=\"width: 610px\" class=\"wp-caption aligncenter\"><a href=\"\/interamerica\/wp-content\/uploads\/2017\/06\/GYD-pizza600.png\" rel=\"fancybox\" title=\"Records battus par les jeunes Adventistes dans le cadre de l\u2019initiative \u00ab Sois le Sermon \u00bb\"><img fetchpriority=\"high\" decoding=\"async\" aria-describedby=\"caption-attachment-15814\" class=\"size-full wp-image-15814\" src=\"\/interamerica\/wp-content\/uploads\/2017\/06\/GYD-pizza600.png\" alt=\"\" width=\"600\" height=\"362\" \/><\/a><p id=\"caption-attachment-15814\" class=\"wp-caption-text\">De jeunes Adventistes mangent des pizzas avec quelques sans-abri qui vivent dans la rue pr\u00e8s d\u2019un terminal de bus \u00e0 Monterrey au Mexique. Les jeunes ont distribu\u00e9 des v\u00eatements \u00e0 plusieurs sans-abri et ont \u00e9galement pri\u00e9 pour eux \u00e0 l\u2019occasion de l\u2019initiative de la Journ\u00e9e Mondiale de la Jeunesse le 21 mars 2015. Image de Daniel Gallardo\/DIA<\/p><\/div>\n<p>21 Mars 2015 \u2013 Silver Spring, Maryland, Etats Unis \u2013 Andrew McChesney, r\u00e9dacteur Adventist Review.<\/p>\n<p>Des centaines de milliers de jeunes Adventistes ont partag\u00e9 l\u2019amour de J\u00e9sus dans 122 pays dans le cadre de la Journ\u00e9e Mondiale de la Jeunesse le sabbat 21 mars, \u00e9tablissant ainsi un nouveau record d\u00e9passant les attentes des organisateurs.<br \/>\nLes chiffres arrivaient encore tard samedi soir, mais Gilbert Cangy, directeur des minist\u00e8res de la jeunesse pour l\u2019Eglise Adventiste du Septi\u00e8me Jour au niveau mondial, a d\u00e9clar\u00e9 que la troisi\u00e8me \u00e9dition du programme annuel avait remport\u00e9 un succ\u00e8s retentissant.<\/p>\n<p>\u00ab\u00a0J\u2019ose dire qu\u2019aujourd\u2019hui \u00e9tait un grand moment pour l\u2019\u00e9glise et un grand moment pour le minist\u00e8re de la jeunesse,\u00a0\u00bb a dit Gilbert Cangy par t\u00e9l\u00e9phone. \u00ab\u00a0C\u2019\u00e9tait un moment charni\u00e8re. Cela prouve une fois de plus que si vous cr\u00e9ez un environnement o\u00f9 les jeunes peuvent \u00eatre impliqu\u00e9s, ils iront toujours au-del\u00e0 de vos esp\u00e9rances.\u00a0\u00bb<br \/>\nLes jeunes ont \u00e9t\u00e9 invit\u00e9s lors de cette Journ\u00e9e Mondiale de la Jeunesse \u00e0 \u00ab\u00a0devenir les mains et les pieds de J\u00e9sus\u00a0\u00bb en trouvant des moyens de d\u00e9montrer Son amour aupr\u00e8s des autres. Entre autres choses, les jeunes ont chant\u00e9, ont donn\u00e9 gratuitement des accolades, ont visit\u00e9 les h\u00f4pitaux et donn\u00e9 du sang. Le slogan pour la Journ\u00e9e Mondiale de la Jeunesse est \u00ab\u00a0Sois le Sermon.\u00a0\u00bb<\/p>\n<div id=\"attachment_15815\" style=\"width: 310px\" class=\"wp-caption alignright\"><a href=\"\/interamerica\/wp-content\/uploads\/2017\/06\/CAnbaf5XIAAXItT.jpg\" rel=\"fancybox\" title=\"Records battus par les jeunes Adventistes dans le cadre de l\u2019initiative \u00ab Sois le Sermon \u00bb\"><img decoding=\"async\" aria-describedby=\"caption-attachment-15815\" class=\"size-medium wp-image-15815\" src=\"\/interamerica\/wp-content\/uploads\/2017\/06\/CAnbaf5XIAAXItT-300x168.jpg\" alt=\"\" width=\"300\" height=\"168\" \/><\/a><p id=\"caption-attachment-15815\" class=\"wp-caption-text\">A Paris en France, les jeunes enfants ont rejoint les jeunes adultes pour distribuer des bonbons et des ballons en forme de c\u0153ur.<\/p><\/div>\n<p>Des activit\u00e9s ont eu lieu dans 132 des 192 pays du monde reconnus par les Nations Unies, et 73 pourcent des participants \u00e9taient des jeunes \u00e2g\u00e9s de 13 \u00e0 34 ans, a indiqu\u00e9 Gilbert Cangy, organisateur du programme. Il a remarqu\u00e9 que cela repr\u00e9sente une tranche d\u2019\u00e2ge vitale qui s\u2019est d\u00e9sengag\u00e9e de l\u2019\u00e9glise en grand nombre ces derni\u00e8res ann\u00e9es.<br \/>\n\u00ab\u00a0La Journ\u00e9e Mondiale de la Jeunesse va \u00e0 l\u2019encontre de cette tendance,\u00a0\u00bb a-t-il dit. \u00ab\u00a0Cela montre que nos jeunes sont d\u00e9sireux de s\u2019engager dans la mission de l\u2019\u00e9glise si nous sommes pr\u00eats \u00e0 leur laisser la direction. Je suis tr\u00e8s fier de nos jeunes.\u00a0\u00bb<br \/>\nOn ne saura peut-\u00eatre jamais exactement combien de personnes ont particip\u00e9 \u00e0 la Journ\u00e9e Mondiale de la Jeunesse, mais les mesures faites sur Google et sur les r\u00e9seaux sociaux indiquent que les chiffres sont en augmentation par rapport \u00e0 ceux des deux ann\u00e9es pr\u00e9c\u00e9dentes. L\u2019Egypte par exemple, \u00e9tait le seul pays dans la r\u00e9gion du Moyen Orient et de l\u2019Afrique du Nord \u00e0 organiser des activit\u00e9s l\u2019ann\u00e9e derni\u00e8re, mais cette ann\u00e9e, elle est rejointe par la Liban, la Jordanie, le Qatar et les Emirats Arabes Unis, a dit Gilbert Cangy.<br \/>\nD\u2019apr\u00e8s d\u2019autres indication chiffr\u00e9es, le nombre de personnes qui se sont connect\u00e9es \u00e0 Twitter avec le hashtag du programme, #GYD15, a atteint 25 millions samedi en comparaison, avec les 7,75 millions en 2013.<\/p>\n<p>Une autre premi\u00e8re, des extraits du programme ont \u00e9t\u00e9 diffus\u00e9s en direct en ligne et sur la chaine Hope Channel pendant 24 heures. Dix-neuf sites de liaison montante \u00e0 travers le monde ont particip\u00e9 \u00e0 ce flux vid\u00e9o.<br \/>\nHope Channel est la voix de l\u2019\u00e9glise, et elle a donn\u00e9 aux jeunes une voix ininterrompue pendant 24 heures,\u00a0\u00bb a dit Gilbert Cangy.<\/p>\n<p>Vigil R. Bakulu a tweet\u00e9 depuis Manado en Indon\u00e9sie, que son groupe avait r\u00e9ussi dans sa d\u00e9marche visant \u00e0 distribuer des fruits en \u00e9change de paquets de cigarettes.<\/p>\n<div id=\"attachment_15816\" style=\"width: 310px\" class=\"wp-caption alignleft\"><a href=\"\/interamerica\/wp-content\/uploads\/2017\/06\/CApCyq1VIAEgpJc.jpg\" rel=\"fancybox\" title=\"Records battus par les jeunes Adventistes dans le cadre de l\u2019initiative \u00ab Sois le Sermon \u00bb\"><img decoding=\"async\" aria-describedby=\"caption-attachment-15816\" class=\"size-medium wp-image-15816\" src=\"\/interamerica\/wp-content\/uploads\/2017\/06\/CApCyq1VIAEgpJc-300x225.jpg\" alt=\"\" width=\"300\" height=\"225\" \/><\/a><p id=\"caption-attachment-15816\" class=\"wp-caption-text\">A Chihuahua au Mexique, des voitures se sont volontairement arr\u00eat\u00e9es de telle sorte que des jeunes se trouvant au bord de la route puissent prier avec les occupants.<\/p><\/div>\n<p>En Inde, des jeunes ont distribu\u00e9 de la nourriture aux enfants sans-abri, et un groupe au Bostwana saluait les passants.<br \/>\n\u00ab\u00a0Etre le sermon \u00e9tait une belle id\u00e9e,\u00a0\u00bb a tweet\u00e9 Penny depuis le Bostwana. \u00ab\u00a0Je n\u2019arrive pas \u00e0 expliquer les sourires sur le visage des \u00e9trangers alors que nous les saluions.\u00a0\u00bb<br \/>\nBusi Khumalo, directeur de jeunesse pour la Division de l\u2019Afrique Australe et de l\u2019Oc\u00e9an Indien, a pris une photo des jeunes qui incarnaient le sermon en donnant des accolades et des sourires gratuits aux sans abri de la ville du Cap.<br \/>\n\u00ab\u00a0Je me sens jeune avec les jeunes autour de moi pendant le GYD15,\u00a0\u00bb a-t-il \u00e9crit sur Facebook.<br \/>\nTed N.C. Wilson, pr\u00e9sident de l\u2019Eglise Adventiste mondiale a encourag\u00e9 les jeunes \u00e0 aller au-del\u00e0 de la Journ\u00e9e Mondiale de la Jeunesse et \u00e0 \u00eatre le sermon chaque jour jusqu\u2019au retour de J\u00e9sus. Ted Wilson qui a particip\u00e9 \u00e0 chaque journ\u00e9e annuelle de la jeunesse, s\u2019est exprim\u00e9 depuis la Colombie o\u00f9 il participait \u00e0 une conf\u00e9rence sur la libert\u00e9 religieuse.<\/p>\n<p>L\u2019Eglise Adventiste du Septi\u00e8me Jour a fait un grand chemin depuis \u00ab\u00a0Let\u2019s talk\u00a0\u00bb le programme t\u00e9l\u00e9vis\u00e9 de 60 minutes des ann\u00e9es 2000 lorsque le pr\u00e9sident de l\u2019Eglise Adventiste r\u00e9pondait aux questions pos\u00e9es par des jeunes r\u00e9unis \u00e0 divers endroits du monde. Le programme \u00e9tait enregistr\u00e9 une ou deux fois dans l\u2019ann\u00e9e, mais le co\u00fbt \u00e9tait prohibitif vu le temps de la liaison satellite, la location des studios, les plateaux, les d\u00e9cors et les d\u00e9placements en avion pour faire venir les participants en provenance de chacune des divisions participant au programme.<br \/>\nMaintenant nous avons un programme de 24 heures depuis 19 endroits du monde, impliquant les jeunes, pas seulement dans la discussion mais dans la planification et l\u2019enregistrement du programme,\u00a0\u00bb a dit Andr\u00e9 Brink, directeur adjoint de la communication pour l\u2019Eglise Adventiste, qui avait enregistr\u00e9 par vid\u00e9o des segments de trois des programmes \u00ab\u00a0Let\u2019s Talk\u00a0\u00bb et qui pr\u00e9pare une vid\u00e9o sur l\u2019\u00e9dition 2015 du programme pour Adventist News Network.<\/p>\n<p>\u00ab\u00a0C\u2019est vraiment extraordinaire,\u00a0\u00bb a dit Andr\u00e9 Brink. \u00ab\u00a0L\u2019internet a vraiment chang\u00e9 la mani\u00e8re dont nous faisons les choses en tant qu\u2019\u00e9glise.\u00a0\u00bb<\/p>\n<p>Traduction:Patrick Luciathe<\/p>\n","protected":false},"excerpt":{"rendered":"<p>Des centaines de milliers de jeunes Adventistes ont partag\u00e9 l\u2019amour de J\u00e9sus dans 122 pays dans le cadre de la Journ\u00e9e Mondiale de la Jeunesse le sabbat 21 mars, \u00e9tablissant ainsi un nouveau record d\u00e9passant les attentes des organisateurs. <\/p>\n<p>Les chiffres arrivaient encore tard samedi soir, mais Gilbert Cangy, directeur des minist\u00e8res de la jeunesse pour l\u2019Eglise Adventiste du Septi\u00e8me Jour au niveau mondial, a d\u00e9clar\u00e9 que la troisi\u00e8me \u00e9dition du programme annuel avait remport\u00e9 un succ\u00e8s retentissant.<\/p>\n","protected":false},"author":1,"featured_media":24727,"comment_status":"closed","ping_status":"closed","sticky":false,"template":"","format":"standard","meta":{"_acf_changed":false,"footnotes":""},"categories":[18,19],"tags":[],"class_list":["post-32207","post","type-post","status-publish","format-standard","has-post-thumbnail","hentry","category-nouvelles-de-leglise-mondiale","category-rss-francais"],"acf":[],"yoast_head":"<!-- This site is optimized with the Yoast SEO plugin v27.3 - https:\/\/yoast.com\/product\/yoast-seo-wordpress\/ -->\n<title>Records battus par les jeunes Adventistes dans le cadre de l\u2019initiative \u00ab Sois le Sermon \u00bb - \u00c9glise Adventiste Du Septieme Jour - Inter Am\u00e9rique Division<\/title>\n<meta name=\"robots\" content=\"index, follow, max-snippet:-1, max-image-preview:large, max-video-preview:-1\" \/>\n<link rel=\"canonical\" href=\"https:\/\/interamerica.org\/fr\/2015\/03\/records-battus-par-les-jeunes-adventistes-dans-le-cadre-de-linitiative-sois-le-sermon\/\" \/>\n<meta property=\"og:locale\" content=\"fr_FR\" \/>\n<meta property=\"og:type\" content=\"article\" \/>\n<meta property=\"og:title\" content=\"Records battus par les jeunes Adventistes dans le cadre de l\u2019initiative \u00ab Sois le Sermon \u00bb - \u00c9glise Adventiste Du Septieme Jour - Inter Am\u00e9rique Division\" \/>\n<meta property=\"og:description\" content=\"Des centaines de milliers de jeunes Adventistes ont partag\u00e9 l\u2019amour de J\u00e9sus dans 122 pays dans le cadre de la Journ\u00e9e Mondiale de la Jeunesse le sabbat 21 mars, \u00e9tablissant ainsi un nouveau record d\u00e9passant les attentes des organisateurs.  Les chiffres arrivaient encore tard samedi soir, mais Gilbert Cangy, directeur des minist\u00e8res de la jeunesse pour l\u2019Eglise Adventiste du Septi\u00e8me Jour au niveau mondial, a d\u00e9clar\u00e9 que la troisi\u00e8me \u00e9dition du programme annuel avait remport\u00e9 un succ\u00e8s retentissant.\" \/>\n<meta property=\"og:url\" content=\"https:\/\/interamerica.org\/fr\/2015\/03\/records-battus-par-les-jeunes-adventistes-dans-le-cadre-de-linitiative-sois-le-sermon\/\" \/>\n<meta property=\"og:site_name\" content=\"\u00c9glise Adventiste Du Septieme Jour - Inter Am\u00e9rique Division\" \/>\n<meta property=\"article:published_time\" content=\"2015-03-22T04:00:00+00:00\" \/>\n<meta property=\"og:image\" content=\"https:\/\/interamerica.org\/wp-content\/uploads\/2017\/06\/GYD-pizza300.png\" \/>\n\t<meta property=\"og:image:width\" content=\"300\" \/>\n\t<meta property=\"og:image:height\" content=\"181\" \/>\n\t<meta property=\"og:image:type\" content=\"image\/png\" \/>\n<meta name=\"author\" content=\"Lorenzo Verduzco\" \/>\n<meta name=\"twitter:card\" content=\"summary_large_image\" \/>\n<meta name=\"twitter:label1\" content=\"\u00c9crit par\" \/>\n\t<meta name=\"twitter:data1\" content=\"Lorenzo Verduzco\" \/>\n\t<meta name=\"twitter:label2\" content=\"Dur\u00e9e de lecture estim\u00e9e\" \/>\n\t<meta name=\"twitter:data2\" content=\"5 minutes\" \/>\n<script type=\"application\/ld+json\" class=\"yoast-schema-graph\">{\"@context\":\"https:\\\/\\\/schema.org\",\"@graph\":[{\"@type\":\"Article\",\"@id\":\"https:\\\/\\\/interamerica.org\\\/fr\\\/2015\\\/03\\\/records-battus-par-les-jeunes-adventistes-dans-le-cadre-de-linitiative-sois-le-sermon\\\/#article\",\"isPartOf\":{\"@id\":\"https:\\\/\\\/interamerica.org\\\/fr\\\/2015\\\/03\\\/records-battus-par-les-jeunes-adventistes-dans-le-cadre-de-linitiative-sois-le-sermon\\\/\"},\"author\":{\"name\":\"Lorenzo Verduzco\",\"@id\":\"https:\\\/\\\/interamerica.org\\\/fr\\\/#\\\/schema\\\/person\\\/68ede8bdc292885bb76c1e3810e73c39\"},\"headline\":\"Records battus par les jeunes Adventistes dans le cadre de l\u2019initiative \u00ab Sois le Sermon \u00bb\",\"datePublished\":\"2015-03-22T04:00:00+00:00\",\"mainEntityOfPage\":{\"@id\":\"https:\\\/\\\/interamerica.org\\\/fr\\\/2015\\\/03\\\/records-battus-par-les-jeunes-adventistes-dans-le-cadre-de-linitiative-sois-le-sermon\\\/\"},\"wordCount\":1103,\"image\":{\"@id\":\"https:\\\/\\\/interamerica.org\\\/fr\\\/2015\\\/03\\\/records-battus-par-les-jeunes-adventistes-dans-le-cadre-de-linitiative-sois-le-sermon\\\/#primaryimage\"},\"thumbnailUrl\":\"https:\\\/\\\/interamerica.org\\\/wp-content\\\/uploads\\\/2017\\\/06\\\/GYD-pizza300.png\",\"articleSection\":[\"Nouvelles de l'\u00c9glise mondiale\",\"RSS Fran\u00e7ais\"],\"inLanguage\":\"fr-FR\"},{\"@type\":\"WebPage\",\"@id\":\"https:\\\/\\\/interamerica.org\\\/fr\\\/2015\\\/03\\\/records-battus-par-les-jeunes-adventistes-dans-le-cadre-de-linitiative-sois-le-sermon\\\/\",\"url\":\"https:\\\/\\\/interamerica.org\\\/fr\\\/2015\\\/03\\\/records-battus-par-les-jeunes-adventistes-dans-le-cadre-de-linitiative-sois-le-sermon\\\/\",\"name\":\"Records battus par les jeunes Adventistes dans le cadre de l\u2019initiative \u00ab Sois le Sermon \u00bb - \u00c9glise Adventiste Du Septieme Jour - Inter Am\u00e9rique Division\",\"isPartOf\":{\"@id\":\"https:\\\/\\\/interamerica.org\\\/fr\\\/#website\"},\"primaryImageOfPage\":{\"@id\":\"https:\\\/\\\/interamerica.org\\\/fr\\\/2015\\\/03\\\/records-battus-par-les-jeunes-adventistes-dans-le-cadre-de-linitiative-sois-le-sermon\\\/#primaryimage\"},\"image\":{\"@id\":\"https:\\\/\\\/interamerica.org\\\/fr\\\/2015\\\/03\\\/records-battus-par-les-jeunes-adventistes-dans-le-cadre-de-linitiative-sois-le-sermon\\\/#primaryimage\"},\"thumbnailUrl\":\"https:\\\/\\\/interamerica.org\\\/wp-content\\\/uploads\\\/2017\\\/06\\\/GYD-pizza300.png\",\"datePublished\":\"2015-03-22T04:00:00+00:00\",\"author\":{\"@id\":\"https:\\\/\\\/interamerica.org\\\/fr\\\/#\\\/schema\\\/person\\\/68ede8bdc292885bb76c1e3810e73c39\"},\"breadcrumb\":{\"@id\":\"https:\\\/\\\/interamerica.org\\\/fr\\\/2015\\\/03\\\/records-battus-par-les-jeunes-adventistes-dans-le-cadre-de-linitiative-sois-le-sermon\\\/#breadcrumb\"},\"inLanguage\":\"fr-FR\",\"potentialAction\":[{\"@type\":\"ReadAction\",\"target\":[\"https:\\\/\\\/interamerica.org\\\/fr\\\/2015\\\/03\\\/records-battus-par-les-jeunes-adventistes-dans-le-cadre-de-linitiative-sois-le-sermon\\\/\"]}]},{\"@type\":\"ImageObject\",\"inLanguage\":\"fr-FR\",\"@id\":\"https:\\\/\\\/interamerica.org\\\/fr\\\/2015\\\/03\\\/records-battus-par-les-jeunes-adventistes-dans-le-cadre-de-linitiative-sois-le-sermon\\\/#primaryimage\",\"url\":\"https:\\\/\\\/interamerica.org\\\/wp-content\\\/uploads\\\/2017\\\/06\\\/GYD-pizza300.png\",\"contentUrl\":\"https:\\\/\\\/interamerica.org\\\/wp-content\\\/uploads\\\/2017\\\/06\\\/GYD-pizza300.png\",\"width\":300,\"height\":181},{\"@type\":\"BreadcrumbList\",\"@id\":\"https:\\\/\\\/interamerica.org\\\/fr\\\/2015\\\/03\\\/records-battus-par-les-jeunes-adventistes-dans-le-cadre-de-linitiative-sois-le-sermon\\\/#breadcrumb\",\"itemListElement\":[{\"@type\":\"ListItem\",\"position\":1,\"name\":\"Home\",\"item\":\"https:\\\/\\\/interamerica.org\\\/fr\\\/\"},{\"@type\":\"ListItem\",\"position\":2,\"name\":\"Records battus par les jeunes Adventistes dans le cadre de l\u2019initiative \u00ab Sois le Sermon \u00bb\"}]},{\"@type\":\"WebSite\",\"@id\":\"https:\\\/\\\/interamerica.org\\\/fr\\\/#website\",\"url\":\"https:\\\/\\\/interamerica.org\\\/fr\\\/\",\"name\":\"\u00c9glise Adventiste Du Septieme Jour - Inter Am\u00e9rique Division\",\"description\":\"\",\"potentialAction\":[{\"@type\":\"SearchAction\",\"target\":{\"@type\":\"EntryPoint\",\"urlTemplate\":\"https:\\\/\\\/interamerica.org\\\/fr\\\/?s={search_term_string}\"},\"query-input\":{\"@type\":\"PropertyValueSpecification\",\"valueRequired\":true,\"valueName\":\"search_term_string\"}}],\"inLanguage\":\"fr-FR\"},{\"@type\":\"Person\",\"@id\":\"https:\\\/\\\/interamerica.org\\\/fr\\\/#\\\/schema\\\/person\\\/68ede8bdc292885bb76c1e3810e73c39\",\"name\":\"Lorenzo Verduzco\",\"image\":{\"@type\":\"ImageObject\",\"inLanguage\":\"fr-FR\",\"@id\":\"https:\\\/\\\/secure.gravatar.com\\\/avatar\\\/fb81a55b6218459490a9c1dc841a34909185b81904c5337b4b27f7a6fd60c49e?s=96&d=mm&r=g\",\"url\":\"https:\\\/\\\/secure.gravatar.com\\\/avatar\\\/fb81a55b6218459490a9c1dc841a34909185b81904c5337b4b27f7a6fd60c49e?s=96&d=mm&r=g\",\"contentUrl\":\"https:\\\/\\\/secure.gravatar.com\\\/avatar\\\/fb81a55b6218459490a9c1dc841a34909185b81904c5337b4b27f7a6fd60c49e?s=96&d=mm&r=g\",\"caption\":\"Lorenzo Verduzco\"}}]}<\/script>\n<!-- \/ Yoast SEO plugin. -->","yoast_head_json":{"title":"Records battus par les jeunes Adventistes dans le cadre de l\u2019initiative \u00ab Sois le Sermon \u00bb - \u00c9glise Adventiste Du Septieme Jour - Inter Am\u00e9rique Division","robots":{"index":"index","follow":"follow","max-snippet":"max-snippet:-1","max-image-preview":"max-image-preview:large","max-video-preview":"max-video-preview:-1"},"canonical":"https:\/\/interamerica.org\/fr\/2015\/03\/records-battus-par-les-jeunes-adventistes-dans-le-cadre-de-linitiative-sois-le-sermon\/","og_locale":"fr_FR","og_type":"article","og_title":"Records battus par les jeunes Adventistes dans le cadre de l\u2019initiative \u00ab Sois le Sermon \u00bb - \u00c9glise Adventiste Du Septieme Jour - Inter Am\u00e9rique Division","og_description":"Des centaines de milliers de jeunes Adventistes ont partag\u00e9 l\u2019amour de J\u00e9sus dans 122 pays dans le cadre de la Journ\u00e9e Mondiale de la Jeunesse le sabbat 21 mars, \u00e9tablissant ainsi un nouveau record d\u00e9passant les attentes des organisateurs.  Les chiffres arrivaient encore tard samedi soir, mais Gilbert Cangy, directeur des minist\u00e8res de la jeunesse pour l\u2019Eglise Adventiste du Septi\u00e8me Jour au niveau mondial, a d\u00e9clar\u00e9 que la troisi\u00e8me \u00e9dition du programme annuel avait remport\u00e9 un succ\u00e8s retentissant.","og_url":"https:\/\/interamerica.org\/fr\/2015\/03\/records-battus-par-les-jeunes-adventistes-dans-le-cadre-de-linitiative-sois-le-sermon\/","og_site_name":"\u00c9glise Adventiste Du Septieme Jour - Inter Am\u00e9rique Division","article_published_time":"2015-03-22T04:00:00+00:00","og_image":[{"width":300,"height":181,"url":"https:\/\/interamerica.org\/wp-content\/uploads\/2017\/06\/GYD-pizza300.png","type":"image\/png"}],"author":"Lorenzo Verduzco","twitter_card":"summary_large_image","twitter_misc":{"\u00c9crit par":"Lorenzo Verduzco","Dur\u00e9e de lecture estim\u00e9e":"5 minutes"},"schema":{"@context":"https:\/\/schema.org","@graph":[{"@type":"Article","@id":"https:\/\/interamerica.org\/fr\/2015\/03\/records-battus-par-les-jeunes-adventistes-dans-le-cadre-de-linitiative-sois-le-sermon\/#article","isPartOf":{"@id":"https:\/\/interamerica.org\/fr\/2015\/03\/records-battus-par-les-jeunes-adventistes-dans-le-cadre-de-linitiative-sois-le-sermon\/"},"author":{"name":"Lorenzo Verduzco","@id":"https:\/\/interamerica.org\/fr\/#\/schema\/person\/68ede8bdc292885bb76c1e3810e73c39"},"headline":"Records battus par les jeunes Adventistes dans le cadre de l\u2019initiative \u00ab Sois le Sermon \u00bb","datePublished":"2015-03-22T04:00:00+00:00","mainEntityOfPage":{"@id":"https:\/\/interamerica.org\/fr\/2015\/03\/records-battus-par-les-jeunes-adventistes-dans-le-cadre-de-linitiative-sois-le-sermon\/"},"wordCount":1103,"image":{"@id":"https:\/\/interamerica.org\/fr\/2015\/03\/records-battus-par-les-jeunes-adventistes-dans-le-cadre-de-linitiative-sois-le-sermon\/#primaryimage"},"thumbnailUrl":"https:\/\/interamerica.org\/wp-content\/uploads\/2017\/06\/GYD-pizza300.png","articleSection":["Nouvelles de l'\u00c9glise mondiale","RSS Fran\u00e7ais"],"inLanguage":"fr-FR"},{"@type":"WebPage","@id":"https:\/\/interamerica.org\/fr\/2015\/03\/records-battus-par-les-jeunes-adventistes-dans-le-cadre-de-linitiative-sois-le-sermon\/","url":"https:\/\/interamerica.org\/fr\/2015\/03\/records-battus-par-les-jeunes-adventistes-dans-le-cadre-de-linitiative-sois-le-sermon\/","name":"Records battus par les jeunes Adventistes dans le cadre de l\u2019initiative \u00ab Sois le Sermon \u00bb - \u00c9glise Adventiste Du Septieme Jour - Inter Am\u00e9rique Division","isPartOf":{"@id":"https:\/\/interamerica.org\/fr\/#website"},"primaryImageOfPage":{"@id":"https:\/\/interamerica.org\/fr\/2015\/03\/records-battus-par-les-jeunes-adventistes-dans-le-cadre-de-linitiative-sois-le-sermon\/#primaryimage"},"image":{"@id":"https:\/\/interamerica.org\/fr\/2015\/03\/records-battus-par-les-jeunes-adventistes-dans-le-cadre-de-linitiative-sois-le-sermon\/#primaryimage"},"thumbnailUrl":"https:\/\/interamerica.org\/wp-content\/uploads\/2017\/06\/GYD-pizza300.png","datePublished":"2015-03-22T04:00:00+00:00","author":{"@id":"https:\/\/interamerica.org\/fr\/#\/schema\/person\/68ede8bdc292885bb76c1e3810e73c39"},"breadcrumb":{"@id":"https:\/\/interamerica.org\/fr\/2015\/03\/records-battus-par-les-jeunes-adventistes-dans-le-cadre-de-linitiative-sois-le-sermon\/#breadcrumb"},"inLanguage":"fr-FR","potentialAction":[{"@type":"ReadAction","target":["https:\/\/interamerica.org\/fr\/2015\/03\/records-battus-par-les-jeunes-adventistes-dans-le-cadre-de-linitiative-sois-le-sermon\/"]}]},{"@type":"ImageObject","inLanguage":"fr-FR","@id":"https:\/\/interamerica.org\/fr\/2015\/03\/records-battus-par-les-jeunes-adventistes-dans-le-cadre-de-linitiative-sois-le-sermon\/#primaryimage","url":"https:\/\/interamerica.org\/wp-content\/uploads\/2017\/06\/GYD-pizza300.png","contentUrl":"https:\/\/interamerica.org\/wp-content\/uploads\/2017\/06\/GYD-pizza300.png","width":300,"height":181},{"@type":"BreadcrumbList","@id":"https:\/\/interamerica.org\/fr\/2015\/03\/records-battus-par-les-jeunes-adventistes-dans-le-cadre-de-linitiative-sois-le-sermon\/#breadcrumb","itemListElement":[{"@type":"ListItem","position":1,"name":"Home","item":"https:\/\/interamerica.org\/fr\/"},{"@type":"ListItem","position":2,"name":"Records battus par les jeunes Adventistes dans le cadre de l\u2019initiative \u00ab Sois le Sermon \u00bb"}]},{"@type":"WebSite","@id":"https:\/\/interamerica.org\/fr\/#website","url":"https:\/\/interamerica.org\/fr\/","name":"\u00c9glise Adventiste Du Septieme Jour - Inter Am\u00e9rique Division","description":"","potentialAction":[{"@type":"SearchAction","target":{"@type":"EntryPoint","urlTemplate":"https:\/\/interamerica.org\/fr\/?s={search_term_string}"},"query-input":{"@type":"PropertyValueSpecification","valueRequired":true,"valueName":"search_term_string"}}],"inLanguage":"fr-FR"},{"@type":"Person","@id":"https:\/\/interamerica.org\/fr\/#\/schema\/person\/68ede8bdc292885bb76c1e3810e73c39","name":"Lorenzo Verduzco","image":{"@type":"ImageObject","inLanguage":"fr-FR","@id":"https:\/\/secure.gravatar.com\/avatar\/fb81a55b6218459490a9c1dc841a34909185b81904c5337b4b27f7a6fd60c49e?s=96&d=mm&r=g","url":"https:\/\/secure.gravatar.com\/avatar\/fb81a55b6218459490a9c1dc841a34909185b81904c5337b4b27f7a6fd60c49e?s=96&d=mm&r=g","contentUrl":"https:\/\/secure.gravatar.com\/avatar\/fb81a55b6218459490a9c1dc841a34909185b81904c5337b4b27f7a6fd60c49e?s=96&d=mm&r=g","caption":"Lorenzo Verduzco"}}]}},"_links":{"self":[{"href":"https:\/\/interamerica.org\/fr\/wp-json\/wp\/v2\/posts\/32207","targetHints":{"allow":["GET"]}}],"collection":[{"href":"https:\/\/interamerica.org\/fr\/wp-json\/wp\/v2\/posts"}],"about":[{"href":"https:\/\/interamerica.org\/fr\/wp-json\/wp\/v2\/types\/post"}],"author":[{"embeddable":true,"href":"https:\/\/interamerica.org\/fr\/wp-json\/wp\/v2\/users\/1"}],"replies":[{"embeddable":true,"href":"https:\/\/interamerica.org\/fr\/wp-json\/wp\/v2\/comments?post=32207"}],"version-history":[{"count":0,"href":"https:\/\/interamerica.org\/fr\/wp-json\/wp\/v2\/posts\/32207\/revisions"}],"wp:featuredmedia":[{"embeddable":true,"href":"https:\/\/interamerica.org\/fr\/wp-json\/wp\/v2\/media\/24727"}],"wp:attachment":[{"href":"https:\/\/interamerica.org\/fr\/wp-json\/wp\/v2\/media?parent=32207"}],"wp:term":[{"taxonomy":"category","embeddable":true,"href":"https:\/\/interamerica.org\/fr\/wp-json\/wp\/v2\/categories?post=32207"},{"taxonomy":"post_tag","embeddable":true,"href":"https:\/\/interamerica.org\/fr\/wp-json\/wp\/v2\/tags?post=32207"}],"curies":[{"name":"wp","href":"https:\/\/api.w.org\/{rel}","templated":true}]}}