{"id":32208,"date":"2015-03-24T00:00:00","date_gmt":"2015-03-24T04:00:00","guid":{"rendered":"http:\/\/192.81.217.108\/interamerica\/2015\/03\/les-adventistes-bientot-en-priere-pendant-100-jours-pour-la-session-de-la-conference-generale\/"},"modified":"2015-03-24T00:00:00","modified_gmt":"2015-03-24T04:00:00","slug":"les-adventistes-bientot-en-priere-pendant-100-jours-pour-la-session-de-la-conference-generale","status":"publish","type":"post","link":"https:\/\/interamerica.org\/fr\/2015\/03\/les-adventistes-bientot-en-priere-pendant-100-jours-pour-la-session-de-la-conference-generale\/","title":{"rendered":"Les Adventistes bient\u00f4t en pri\u00e8re pendant 100 jours pour la Session de la Conf\u00e9rence G\u00e9n\u00e9rale"},"content":{"rendered":"<div id=\"attachment_15898\" style=\"width: 610px\" class=\"wp-caption alignnone\"><a href=\"\/interamerica\/wp-content\/uploads\/2017\/06\/prayerreview600.png\" rel=\"fancybox\" title=\"Les Adventistes bient\u00f4t en pri\u00e8re pendant 100 jours pour la Session de la Conf\u00e9rence G\u00e9n\u00e9rale\"><img fetchpriority=\"high\" decoding=\"async\" aria-describedby=\"caption-attachment-15898\" class=\"size-full wp-image-15898\" src=\"\/interamerica\/wp-content\/uploads\/2017\/06\/prayerreview600.png\" alt=\"\" width=\"600\" height=\"466\" \/><\/a><p id=\"caption-attachment-15898\" class=\"wp-caption-text\">Programme de 100 jours de pri\u00e8res, qui commence le 25 mars, vise \u00e0 r\u00e9aliser \u00ab Ce qui aurait pu exister\u00bb<\/p><\/div>\n<p>22 mars 2015\/ Silver Spring, Maryland, \u00c9tats-Unis\/ Andrew McChesney, \u00e9diteur de nouvelles, La Revue Adventiste<\/p>\n<p>Les croyants adventistes du Septi\u00e8me Jour du monde entier vont bient\u00f4t commencer \u00e0 prier pour l\u2019effusion du Saint-Esprit sur la prochaine session de la Conf\u00e9rence G\u00e9n\u00e9rale comme faisant partie d\u2019un appel au renouveau spirituel et la pr\u00e9paration au retour de J\u00e9sus.<\/p>\n<p>Le programme de 100 jours de pri\u00e8res, qui commence\u00a0 le 25 mars vise \u00e0 r\u00e9aliser un plan que la co-fondatrice de l\u00a0\u2018\u00c9glise Adventiste Ellen G. White a confi\u00e9 que Dieu \u00e9tait incapable de r\u00e9aliser pour l\u2019\u00e9glise \u00e0 la session de la Conf\u00e9rence G\u00e9n\u00e9rale de Battle Creek dans le Michigan en 1901.<\/p>\n<p>Dieu avait pr\u00e9vu de proc\u00e9der \u00e0 un profond renouveau spirituel et de changer des vies pendant que les participants \u00e9taient r\u00e9concili\u00e9s\u00a0 \u00e0 travers l\u2019humilit\u00e9 et la confession des p\u00e9ch\u00e9s \u00e0 la session de 1901, a affirm\u00e9 White apr\u00e8s s\u2019\u00eatre r\u00e9veill\u00e9e d\u2019une vision connue sous le nom\u00a0: \u00ab\u00a0Ce qui aurait pu arriver.\u00a0\u00bb<\/p>\n<p><a href=\"http:\/\/text.egwwritings.org\/publication.php?pubtype=Book&amp;bookCode=8T&amp;pagenumber=104\"><strong>Lisez la description d\u2019Ellen White de\u00a0: \u00ab\u00a0Ce qui aurait pu arriver\u00bb<\/strong><\/a><\/p>\n<p>Mais la r\u00e9v\u00e9lation n\u2019a pas eu lieu parce que des participants aux c\u0153urs endurcis ont emp\u00each\u00e9 l\u2019unit\u00e9 que Dieu avait pr\u00e9vu, a t-elle d\u00e9clar\u00e9.<\/p>\n<p>\u00ab\u00a0Profond\u00e9ment d\u00e9\u00e7ue,\u00a0 elle compris que le Seigneur aurait pu revenir durant la vie de ces membres, mais Son peuple refusait de r\u00e9pondre \u00e0 l\u2019influence du Saint-Esprit comme il l\u2019aurait d\u00fb\u00a0\u00bb a d\u00e9clar\u00e9 l\u2019Association Pastorale de la Conf\u00e9rence G\u00e9n\u00e9rale, qui organise les Cents jours de Pri\u00e8re.<\/p>\n<p>Les <a href=\"http:\/\/100daysofprayer.org\/register\/\">100 Jours de Pri\u00e8re<\/a> invite les croyants adventistes \u00e0 passer un peu de temps chaque jour \u00e0 prier pour l\u2018effusion du Saint-Esprit, pour les dirigeants d\u2019\u00e9glise, et pour les d\u00e9cisions qui seront prises \u00e0 la session de la Conf\u00e9rence G\u00e9n\u00e9rale, la r\u00e9union d\u2019affaires quinquennale de l\u2019\u00e9glise mondiale. L\u2019initiative de pri\u00e8re va jusqu\u2019au 11 juillet, \u00e0 la fin de la session 2015 \u00e0 San Antonio, Texas.<\/p>\n<p>Les gens peuvent s\u2019inscrire pour recevoir un courriel quotidien, \u00e0 partir du 25 mars, du site de l\u2019Association Pastorale\u00a0: \u00ab\u00a0100DaysofPrayer.org\u00a0\u00bb. Le courriel inclura des messages de d\u00e9votion\u00a0 pratiques de la vie quotidienne, une liste de noms de dirigeants d\u00a0\u2018\u00e9glise sans cesse renouvel\u00e9e, pour lesquels prier constamment, et des besoins \u00e0 rappeler dans nos pri\u00e8res alors les pr\u00e9paratifs pour la session 2015 de la Conf\u00e9rence G\u00e9n\u00e9rale sont en cours. Les participants peuvent s\u2019inscrire individuellement, par \u00e9glise, \u00a0en petits groupes ou en tant qu\u2019\u00e9cole.<\/p>\n<p><strong><a href=\"http:\/\/100daysofprayer.org\/register\/\">Inscrivez-vous ici pour le courriel quotidien<\/a> \u00a0\u00a0<\/strong><\/p>\n<p>Jerry Page, responsable de l\u2019Association Pastorale, a dit qu\u2019il priait pour une effusion du Saint-Esprit, similaire \u00e0 celle que les disciples de J\u00e9sus ont exp\u00e9riment\u00e9 dans la chambre haute dans Actes 2, durant la session.<\/p>\n<p>\u00ab\u00a0Nous r\u00e9alisons que des d\u00e9cisions importantes ont besoin d\u2019\u00eatre prises et des opinions diff\u00e9rentes d\u2019\u00eatre entendues\u00a0\u00bb a d\u00e9clar\u00e9 Page.<\/p>\n<p>\u00ab\u00a0Nous prions pour que ces rencontres vitales constituent une p\u00e9riode durant laquelle Dieu \u00a0entrera dans le c\u0153urs des gens et comme dans le livre des Actes allumera une passion pour partager la bonne nouvelle \u00e0 tout le monde.<\/p>\n<p>Mais l\u2019espoir le plus grand des dirigeants de l\u2019\u00e9glise est que la session de 2015 ne soit pas comme celle de 1901, et J\u00e9sus reviendra vite.<\/p>\n<p>Traduction\u00a0: Carole et Charles SAINT-LOUIS<\/p>\n","protected":false},"excerpt":{"rendered":"<p>Les croyants adventistes du Septi\u00e8me Jour du monde entier vont bient\u00f4t commencer \u00e0 prier pour l\u2019effusion du Saint-Esprit sur la prochaine session de la Conf\u00e9rence G\u00e9n\u00e9rale comme faisant partie d\u2019un appel au renouveau spirituel et la pr\u00e9paration au retour de J\u00e9sus.  <\/p>\n<p>Le programme de 100 jours de pri\u00e8res, qui commence  le 25 mars vise \u00e0 r\u00e9aliser un plan que la co-fondatrice de l \u2018\u00c9glise Adventiste Ellen G. White a confi\u00e9 que Dieu \u00e9tait incapable de r\u00e9aliser pour l\u2019\u00e9glise \u00e0 la session de la Conf\u00e9rence G\u00e9n\u00e9rale de Battle Creek dans le Michigan en 1901.<\/p>\n","protected":false},"author":1,"featured_media":24787,"comment_status":"closed","ping_status":"closed","sticky":false,"template":"","format":"standard","meta":{"_acf_changed":false,"footnotes":""},"categories":[18,19],"tags":[],"class_list":["post-32208","post","type-post","status-publish","format-standard","has-post-thumbnail","hentry","category-nouvelles-de-leglise-mondiale","category-rss-francais"],"acf":[],"yoast_head":"<!-- This site is optimized with the Yoast SEO plugin v27.3 - https:\/\/yoast.com\/product\/yoast-seo-wordpress\/ -->\n<title>Les Adventistes bient\u00f4t en pri\u00e8re pendant 100 jours pour la Session de la Conf\u00e9rence G\u00e9n\u00e9rale - \u00c9glise Adventiste Du Septieme Jour - Inter Am\u00e9rique Division<\/title>\n<meta name=\"robots\" content=\"index, follow, max-snippet:-1, max-image-preview:large, max-video-preview:-1\" \/>\n<link rel=\"canonical\" href=\"https:\/\/interamerica.org\/fr\/2015\/03\/les-adventistes-bientot-en-priere-pendant-100-jours-pour-la-session-de-la-conference-generale\/\" \/>\n<meta property=\"og:locale\" content=\"fr_FR\" \/>\n<meta property=\"og:type\" content=\"article\" \/>\n<meta property=\"og:title\" content=\"Les Adventistes bient\u00f4t en pri\u00e8re pendant 100 jours pour la Session de la Conf\u00e9rence G\u00e9n\u00e9rale - \u00c9glise Adventiste Du Septieme Jour - Inter Am\u00e9rique Division\" \/>\n<meta property=\"og:description\" content=\"Les croyants adventistes du Septi\u00e8me Jour du monde entier vont bient\u00f4t commencer \u00e0 prier pour l\u2019effusion du Saint-Esprit sur la prochaine session de la Conf\u00e9rence G\u00e9n\u00e9rale comme faisant partie d\u2019un appel au renouveau spirituel et la pr\u00e9paration au retour de J\u00e9sus.  Le programme de 100 jours de pri\u00e8res, qui commence le 25 mars vise \u00e0 r\u00e9aliser un plan que la co-fondatrice de l \u2018\u00c9glise Adventiste Ellen G. White a confi\u00e9 que Dieu \u00e9tait incapable de r\u00e9aliser pour l\u2019\u00e9glise \u00e0 la session de la Conf\u00e9rence G\u00e9n\u00e9rale de Battle Creek dans le Michigan en 1901.\" \/>\n<meta property=\"og:url\" content=\"https:\/\/interamerica.org\/fr\/2015\/03\/les-adventistes-bientot-en-priere-pendant-100-jours-pour-la-session-de-la-conference-generale\/\" \/>\n<meta property=\"og:site_name\" content=\"\u00c9glise Adventiste Du Septieme Jour - Inter Am\u00e9rique Division\" \/>\n<meta property=\"article:published_time\" content=\"2015-03-24T04:00:00+00:00\" \/>\n<meta property=\"og:image\" content=\"https:\/\/interamerica.org\/wp-content\/uploads\/2017\/06\/prayerreview300.png\" \/>\n\t<meta property=\"og:image:width\" content=\"300\" \/>\n\t<meta property=\"og:image:height\" content=\"233\" \/>\n\t<meta property=\"og:image:type\" content=\"image\/png\" \/>\n<meta name=\"author\" content=\"Lorenzo Verduzco\" \/>\n<meta name=\"twitter:card\" content=\"summary_large_image\" \/>\n<meta name=\"twitter:label1\" content=\"\u00c9crit par\" \/>\n\t<meta name=\"twitter:data1\" content=\"Lorenzo Verduzco\" \/>\n\t<meta name=\"twitter:label2\" content=\"Dur\u00e9e de lecture estim\u00e9e\" \/>\n\t<meta name=\"twitter:data2\" content=\"3 minutes\" \/>\n<script type=\"application\/ld+json\" class=\"yoast-schema-graph\">{\"@context\":\"https:\\\/\\\/schema.org\",\"@graph\":[{\"@type\":\"Article\",\"@id\":\"https:\\\/\\\/interamerica.org\\\/fr\\\/2015\\\/03\\\/les-adventistes-bientot-en-priere-pendant-100-jours-pour-la-session-de-la-conference-generale\\\/#article\",\"isPartOf\":{\"@id\":\"https:\\\/\\\/interamerica.org\\\/fr\\\/2015\\\/03\\\/les-adventistes-bientot-en-priere-pendant-100-jours-pour-la-session-de-la-conference-generale\\\/\"},\"author\":{\"name\":\"Lorenzo Verduzco\",\"@id\":\"https:\\\/\\\/interamerica.org\\\/fr\\\/#\\\/schema\\\/person\\\/68ede8bdc292885bb76c1e3810e73c39\"},\"headline\":\"Les Adventistes bient\u00f4t en pri\u00e8re pendant 100 jours pour la Session de la Conf\u00e9rence G\u00e9n\u00e9rale\",\"datePublished\":\"2015-03-24T04:00:00+00:00\",\"mainEntityOfPage\":{\"@id\":\"https:\\\/\\\/interamerica.org\\\/fr\\\/2015\\\/03\\\/les-adventistes-bientot-en-priere-pendant-100-jours-pour-la-session-de-la-conference-generale\\\/\"},\"wordCount\":619,\"image\":{\"@id\":\"https:\\\/\\\/interamerica.org\\\/fr\\\/2015\\\/03\\\/les-adventistes-bientot-en-priere-pendant-100-jours-pour-la-session-de-la-conference-generale\\\/#primaryimage\"},\"thumbnailUrl\":\"https:\\\/\\\/interamerica.org\\\/wp-content\\\/uploads\\\/2017\\\/06\\\/prayerreview300.png\",\"articleSection\":[\"Nouvelles de l'\u00c9glise mondiale\",\"RSS Fran\u00e7ais\"],\"inLanguage\":\"fr-FR\"},{\"@type\":\"WebPage\",\"@id\":\"https:\\\/\\\/interamerica.org\\\/fr\\\/2015\\\/03\\\/les-adventistes-bientot-en-priere-pendant-100-jours-pour-la-session-de-la-conference-generale\\\/\",\"url\":\"https:\\\/\\\/interamerica.org\\\/fr\\\/2015\\\/03\\\/les-adventistes-bientot-en-priere-pendant-100-jours-pour-la-session-de-la-conference-generale\\\/\",\"name\":\"Les Adventistes bient\u00f4t en pri\u00e8re pendant 100 jours pour la Session de la Conf\u00e9rence G\u00e9n\u00e9rale - \u00c9glise Adventiste Du Septieme Jour - Inter Am\u00e9rique Division\",\"isPartOf\":{\"@id\":\"https:\\\/\\\/interamerica.org\\\/fr\\\/#website\"},\"primaryImageOfPage\":{\"@id\":\"https:\\\/\\\/interamerica.org\\\/fr\\\/2015\\\/03\\\/les-adventistes-bientot-en-priere-pendant-100-jours-pour-la-session-de-la-conference-generale\\\/#primaryimage\"},\"image\":{\"@id\":\"https:\\\/\\\/interamerica.org\\\/fr\\\/2015\\\/03\\\/les-adventistes-bientot-en-priere-pendant-100-jours-pour-la-session-de-la-conference-generale\\\/#primaryimage\"},\"thumbnailUrl\":\"https:\\\/\\\/interamerica.org\\\/wp-content\\\/uploads\\\/2017\\\/06\\\/prayerreview300.png\",\"datePublished\":\"2015-03-24T04:00:00+00:00\",\"author\":{\"@id\":\"https:\\\/\\\/interamerica.org\\\/fr\\\/#\\\/schema\\\/person\\\/68ede8bdc292885bb76c1e3810e73c39\"},\"breadcrumb\":{\"@id\":\"https:\\\/\\\/interamerica.org\\\/fr\\\/2015\\\/03\\\/les-adventistes-bientot-en-priere-pendant-100-jours-pour-la-session-de-la-conference-generale\\\/#breadcrumb\"},\"inLanguage\":\"fr-FR\",\"potentialAction\":[{\"@type\":\"ReadAction\",\"target\":[\"https:\\\/\\\/interamerica.org\\\/fr\\\/2015\\\/03\\\/les-adventistes-bientot-en-priere-pendant-100-jours-pour-la-session-de-la-conference-generale\\\/\"]}]},{\"@type\":\"ImageObject\",\"inLanguage\":\"fr-FR\",\"@id\":\"https:\\\/\\\/interamerica.org\\\/fr\\\/2015\\\/03\\\/les-adventistes-bientot-en-priere-pendant-100-jours-pour-la-session-de-la-conference-generale\\\/#primaryimage\",\"url\":\"https:\\\/\\\/interamerica.org\\\/wp-content\\\/uploads\\\/2017\\\/06\\\/prayerreview300.png\",\"contentUrl\":\"https:\\\/\\\/interamerica.org\\\/wp-content\\\/uploads\\\/2017\\\/06\\\/prayerreview300.png\",\"width\":300,\"height\":233},{\"@type\":\"BreadcrumbList\",\"@id\":\"https:\\\/\\\/interamerica.org\\\/fr\\\/2015\\\/03\\\/les-adventistes-bientot-en-priere-pendant-100-jours-pour-la-session-de-la-conference-generale\\\/#breadcrumb\",\"itemListElement\":[{\"@type\":\"ListItem\",\"position\":1,\"name\":\"Home\",\"item\":\"https:\\\/\\\/interamerica.org\\\/fr\\\/\"},{\"@type\":\"ListItem\",\"position\":2,\"name\":\"Les Adventistes bient\u00f4t en pri\u00e8re pendant 100 jours pour la Session de la Conf\u00e9rence G\u00e9n\u00e9rale\"}]},{\"@type\":\"WebSite\",\"@id\":\"https:\\\/\\\/interamerica.org\\\/fr\\\/#website\",\"url\":\"https:\\\/\\\/interamerica.org\\\/fr\\\/\",\"name\":\"\u00c9glise Adventiste Du Septieme Jour - Inter Am\u00e9rique Division\",\"description\":\"\",\"potentialAction\":[{\"@type\":\"SearchAction\",\"target\":{\"@type\":\"EntryPoint\",\"urlTemplate\":\"https:\\\/\\\/interamerica.org\\\/fr\\\/?s={search_term_string}\"},\"query-input\":{\"@type\":\"PropertyValueSpecification\",\"valueRequired\":true,\"valueName\":\"search_term_string\"}}],\"inLanguage\":\"fr-FR\"},{\"@type\":\"Person\",\"@id\":\"https:\\\/\\\/interamerica.org\\\/fr\\\/#\\\/schema\\\/person\\\/68ede8bdc292885bb76c1e3810e73c39\",\"name\":\"Lorenzo Verduzco\",\"image\":{\"@type\":\"ImageObject\",\"inLanguage\":\"fr-FR\",\"@id\":\"https:\\\/\\\/secure.gravatar.com\\\/avatar\\\/fb81a55b6218459490a9c1dc841a34909185b81904c5337b4b27f7a6fd60c49e?s=96&d=mm&r=g\",\"url\":\"https:\\\/\\\/secure.gravatar.com\\\/avatar\\\/fb81a55b6218459490a9c1dc841a34909185b81904c5337b4b27f7a6fd60c49e?s=96&d=mm&r=g\",\"contentUrl\":\"https:\\\/\\\/secure.gravatar.com\\\/avatar\\\/fb81a55b6218459490a9c1dc841a34909185b81904c5337b4b27f7a6fd60c49e?s=96&d=mm&r=g\",\"caption\":\"Lorenzo Verduzco\"}}]}<\/script>\n<!-- \/ Yoast SEO plugin. -->","yoast_head_json":{"title":"Les Adventistes bient\u00f4t en pri\u00e8re pendant 100 jours pour la Session de la Conf\u00e9rence G\u00e9n\u00e9rale - \u00c9glise Adventiste Du Septieme Jour - Inter Am\u00e9rique Division","robots":{"index":"index","follow":"follow","max-snippet":"max-snippet:-1","max-image-preview":"max-image-preview:large","max-video-preview":"max-video-preview:-1"},"canonical":"https:\/\/interamerica.org\/fr\/2015\/03\/les-adventistes-bientot-en-priere-pendant-100-jours-pour-la-session-de-la-conference-generale\/","og_locale":"fr_FR","og_type":"article","og_title":"Les Adventistes bient\u00f4t en pri\u00e8re pendant 100 jours pour la Session de la Conf\u00e9rence G\u00e9n\u00e9rale - \u00c9glise Adventiste Du Septieme Jour - Inter Am\u00e9rique Division","og_description":"Les croyants adventistes du Septi\u00e8me Jour du monde entier vont bient\u00f4t commencer \u00e0 prier pour l\u2019effusion du Saint-Esprit sur la prochaine session de la Conf\u00e9rence G\u00e9n\u00e9rale comme faisant partie d\u2019un appel au renouveau spirituel et la pr\u00e9paration au retour de J\u00e9sus.  Le programme de 100 jours de pri\u00e8res, qui commence le 25 mars vise \u00e0 r\u00e9aliser un plan que la co-fondatrice de l \u2018\u00c9glise Adventiste Ellen G. White a confi\u00e9 que Dieu \u00e9tait incapable de r\u00e9aliser pour l\u2019\u00e9glise \u00e0 la session de la Conf\u00e9rence G\u00e9n\u00e9rale de Battle Creek dans le Michigan en 1901.","og_url":"https:\/\/interamerica.org\/fr\/2015\/03\/les-adventistes-bientot-en-priere-pendant-100-jours-pour-la-session-de-la-conference-generale\/","og_site_name":"\u00c9glise Adventiste Du Septieme Jour - Inter Am\u00e9rique Division","article_published_time":"2015-03-24T04:00:00+00:00","og_image":[{"width":300,"height":233,"url":"https:\/\/interamerica.org\/wp-content\/uploads\/2017\/06\/prayerreview300.png","type":"image\/png"}],"author":"Lorenzo Verduzco","twitter_card":"summary_large_image","twitter_misc":{"\u00c9crit par":"Lorenzo Verduzco","Dur\u00e9e de lecture estim\u00e9e":"3 minutes"},"schema":{"@context":"https:\/\/schema.org","@graph":[{"@type":"Article","@id":"https:\/\/interamerica.org\/fr\/2015\/03\/les-adventistes-bientot-en-priere-pendant-100-jours-pour-la-session-de-la-conference-generale\/#article","isPartOf":{"@id":"https:\/\/interamerica.org\/fr\/2015\/03\/les-adventistes-bientot-en-priere-pendant-100-jours-pour-la-session-de-la-conference-generale\/"},"author":{"name":"Lorenzo Verduzco","@id":"https:\/\/interamerica.org\/fr\/#\/schema\/person\/68ede8bdc292885bb76c1e3810e73c39"},"headline":"Les Adventistes bient\u00f4t en pri\u00e8re pendant 100 jours pour la Session de la Conf\u00e9rence G\u00e9n\u00e9rale","datePublished":"2015-03-24T04:00:00+00:00","mainEntityOfPage":{"@id":"https:\/\/interamerica.org\/fr\/2015\/03\/les-adventistes-bientot-en-priere-pendant-100-jours-pour-la-session-de-la-conference-generale\/"},"wordCount":619,"image":{"@id":"https:\/\/interamerica.org\/fr\/2015\/03\/les-adventistes-bientot-en-priere-pendant-100-jours-pour-la-session-de-la-conference-generale\/#primaryimage"},"thumbnailUrl":"https:\/\/interamerica.org\/wp-content\/uploads\/2017\/06\/prayerreview300.png","articleSection":["Nouvelles de l'\u00c9glise mondiale","RSS Fran\u00e7ais"],"inLanguage":"fr-FR"},{"@type":"WebPage","@id":"https:\/\/interamerica.org\/fr\/2015\/03\/les-adventistes-bientot-en-priere-pendant-100-jours-pour-la-session-de-la-conference-generale\/","url":"https:\/\/interamerica.org\/fr\/2015\/03\/les-adventistes-bientot-en-priere-pendant-100-jours-pour-la-session-de-la-conference-generale\/","name":"Les Adventistes bient\u00f4t en pri\u00e8re pendant 100 jours pour la Session de la Conf\u00e9rence G\u00e9n\u00e9rale - \u00c9glise Adventiste Du Septieme Jour - Inter Am\u00e9rique Division","isPartOf":{"@id":"https:\/\/interamerica.org\/fr\/#website"},"primaryImageOfPage":{"@id":"https:\/\/interamerica.org\/fr\/2015\/03\/les-adventistes-bientot-en-priere-pendant-100-jours-pour-la-session-de-la-conference-generale\/#primaryimage"},"image":{"@id":"https:\/\/interamerica.org\/fr\/2015\/03\/les-adventistes-bientot-en-priere-pendant-100-jours-pour-la-session-de-la-conference-generale\/#primaryimage"},"thumbnailUrl":"https:\/\/interamerica.org\/wp-content\/uploads\/2017\/06\/prayerreview300.png","datePublished":"2015-03-24T04:00:00+00:00","author":{"@id":"https:\/\/interamerica.org\/fr\/#\/schema\/person\/68ede8bdc292885bb76c1e3810e73c39"},"breadcrumb":{"@id":"https:\/\/interamerica.org\/fr\/2015\/03\/les-adventistes-bientot-en-priere-pendant-100-jours-pour-la-session-de-la-conference-generale\/#breadcrumb"},"inLanguage":"fr-FR","potentialAction":[{"@type":"ReadAction","target":["https:\/\/interamerica.org\/fr\/2015\/03\/les-adventistes-bientot-en-priere-pendant-100-jours-pour-la-session-de-la-conference-generale\/"]}]},{"@type":"ImageObject","inLanguage":"fr-FR","@id":"https:\/\/interamerica.org\/fr\/2015\/03\/les-adventistes-bientot-en-priere-pendant-100-jours-pour-la-session-de-la-conference-generale\/#primaryimage","url":"https:\/\/interamerica.org\/wp-content\/uploads\/2017\/06\/prayerreview300.png","contentUrl":"https:\/\/interamerica.org\/wp-content\/uploads\/2017\/06\/prayerreview300.png","width":300,"height":233},{"@type":"BreadcrumbList","@id":"https:\/\/interamerica.org\/fr\/2015\/03\/les-adventistes-bientot-en-priere-pendant-100-jours-pour-la-session-de-la-conference-generale\/#breadcrumb","itemListElement":[{"@type":"ListItem","position":1,"name":"Home","item":"https:\/\/interamerica.org\/fr\/"},{"@type":"ListItem","position":2,"name":"Les Adventistes bient\u00f4t en pri\u00e8re pendant 100 jours pour la Session de la Conf\u00e9rence G\u00e9n\u00e9rale"}]},{"@type":"WebSite","@id":"https:\/\/interamerica.org\/fr\/#website","url":"https:\/\/interamerica.org\/fr\/","name":"\u00c9glise Adventiste Du Septieme Jour - Inter Am\u00e9rique Division","description":"","potentialAction":[{"@type":"SearchAction","target":{"@type":"EntryPoint","urlTemplate":"https:\/\/interamerica.org\/fr\/?s={search_term_string}"},"query-input":{"@type":"PropertyValueSpecification","valueRequired":true,"valueName":"search_term_string"}}],"inLanguage":"fr-FR"},{"@type":"Person","@id":"https:\/\/interamerica.org\/fr\/#\/schema\/person\/68ede8bdc292885bb76c1e3810e73c39","name":"Lorenzo Verduzco","image":{"@type":"ImageObject","inLanguage":"fr-FR","@id":"https:\/\/secure.gravatar.com\/avatar\/fb81a55b6218459490a9c1dc841a34909185b81904c5337b4b27f7a6fd60c49e?s=96&d=mm&r=g","url":"https:\/\/secure.gravatar.com\/avatar\/fb81a55b6218459490a9c1dc841a34909185b81904c5337b4b27f7a6fd60c49e?s=96&d=mm&r=g","contentUrl":"https:\/\/secure.gravatar.com\/avatar\/fb81a55b6218459490a9c1dc841a34909185b81904c5337b4b27f7a6fd60c49e?s=96&d=mm&r=g","caption":"Lorenzo Verduzco"}}]}},"_links":{"self":[{"href":"https:\/\/interamerica.org\/fr\/wp-json\/wp\/v2\/posts\/32208","targetHints":{"allow":["GET"]}}],"collection":[{"href":"https:\/\/interamerica.org\/fr\/wp-json\/wp\/v2\/posts"}],"about":[{"href":"https:\/\/interamerica.org\/fr\/wp-json\/wp\/v2\/types\/post"}],"author":[{"embeddable":true,"href":"https:\/\/interamerica.org\/fr\/wp-json\/wp\/v2\/users\/1"}],"replies":[{"embeddable":true,"href":"https:\/\/interamerica.org\/fr\/wp-json\/wp\/v2\/comments?post=32208"}],"version-history":[{"count":0,"href":"https:\/\/interamerica.org\/fr\/wp-json\/wp\/v2\/posts\/32208\/revisions"}],"wp:featuredmedia":[{"embeddable":true,"href":"https:\/\/interamerica.org\/fr\/wp-json\/wp\/v2\/media\/24787"}],"wp:attachment":[{"href":"https:\/\/interamerica.org\/fr\/wp-json\/wp\/v2\/media?parent=32208"}],"wp:term":[{"taxonomy":"category","embeddable":true,"href":"https:\/\/interamerica.org\/fr\/wp-json\/wp\/v2\/categories?post=32208"},{"taxonomy":"post_tag","embeddable":true,"href":"https:\/\/interamerica.org\/fr\/wp-json\/wp\/v2\/tags?post=32208"}],"curies":[{"name":"wp","href":"https:\/\/api.w.org\/{rel}","templated":true}]}}