{"id":32210,"date":"2015-03-23T00:00:00","date_gmt":"2015-03-23T04:00:00","guid":{"rendered":"http:\/\/192.81.217.108\/interamerica\/2015\/03\/des-taxes-elevees-poussent-luniversite-adventiste-de-la-colombie-a-demenager\/"},"modified":"2015-03-23T00:00:00","modified_gmt":"2015-03-23T04:00:00","slug":"des-taxes-elevees-poussent-luniversite-adventiste-de-la-colombie-a-demenager","status":"publish","type":"post","link":"https:\/\/interamerica.org\/fr\/2015\/03\/des-taxes-elevees-poussent-luniversite-adventiste-de-la-colombie-a-demenager\/","title":{"rendered":"Des taxes \u00e9lev\u00e9es poussent l\u2019Universit\u00e9 Adventiste de la Colombie \u00e0 d\u00e9m\u00e9nager"},"content":{"rendered":"<div id=\"attachment_15889\" style=\"width: 610px\" class=\"wp-caption aligncenter\"><a href=\"\/interamerica\/wp-content\/uploads\/2017\/06\/NOCU-top-leaders600.png\" rel=\"fancybox\" title=\"Des taxes \u00e9lev\u00e9es poussent l\u2019Universit\u00e9 Adventiste de la Colombie \u00e0 d\u00e9m\u00e9nager\"><img fetchpriority=\"high\" decoding=\"async\" aria-describedby=\"caption-attachment-15889\" class=\"size-full wp-image-15889\" src=\"\/interamerica\/wp-content\/uploads\/2017\/06\/NOCU-top-leaders600.png\" alt=\"\" width=\"600\" height=\"311\" \/><\/a><p id=\"caption-attachment-15889\" class=\"wp-caption-text\">John Graz, deuxi\u00e8me \u00e0 partir de la droite ; Ted N.C .Wilson, quatri\u00e8me \u00e0 partir de la droite ; et Isra\u00ebl Leito, cinqui\u00e8me \u00e0 partir de la droite, en compagnie des administrateurs de l\u2019universit\u00e9, posent en costume traditionnel colombien pour une photo de groupe. Image de Ted N.C. Wilson.<\/p><\/div>\n<p>22 Mars 2015 \u2013 Medellin, Colombie &#8211; Andrew McChesney, r\u00e9dacteur, Adventist Review<\/p>\n<p>L\u2019Universit\u00e9 Adventiste de la Colombie envisage de d\u00e9m\u00e9nager son campus de Medellin \u00e0 cause des taxes \u00e9lev\u00e9es, mais la d\u00e9cision imminente n\u2019a en rien perturb\u00e9 son solide programme d\u2019action missionnaire \u00e0 travers lequel des centaines d\u2019\u00e9tudiants proclament J\u00e9sus dans la ville anim\u00e9e et montrent un int\u00e9r\u00eat \u00e0 travailler \u00e0 l\u2019\u00e9tranger.<\/p>\n<div id=\"attachment_15891\" style=\"width: 279px\" class=\"wp-caption alignleft\"><a href=\"\/interamerica\/wp-content\/uploads\/2017\/06\/RLFestival400.png\" rel=\"fancybox\" title=\"Des taxes \u00e9lev\u00e9es poussent l\u2019Universit\u00e9 Adventiste de la Colombie \u00e0 d\u00e9m\u00e9nager\"><img decoding=\"async\" aria-describedby=\"caption-attachment-15891\" class=\" wp-image-15891   \" src=\"\/interamerica\/wp-content\/uploads\/2017\/06\/RLFestival400.png\" alt=\"\" width=\"269\" height=\"202\" \/><\/a><p id=\"caption-attachment-15891\" class=\"wp-caption-text\">Les principaux leaders de l\u2019\u00e9glise dans le Nord de la Colombie s\u2019adressent aux 5000 personnes constituant l\u2019auditoire de la conf\u00e9rence.<\/p><\/div>\n<p>La Colombie elle-m\u00eame est devenue un havre de la libert\u00e9 religieuse, un fait c\u00e9l\u00e9br\u00e9 par les leaders de l\u2019Eglise Adventiste lors d\u2019une conf\u00e9rence d\u2019un weekend qui a rassembl\u00e9 5000 personnes.<\/p>\n<p>L\u2019Universit\u00e9 Adventiste de la Colombie, \u00e9tablie en 1937, se trouvait autrefois \u00e0 une certaine distance de Medellin, la deuxi\u00e8me plus grande ville de ce pays sud-am\u00e9ricain avec une population de 2,2 millions d\u2019habitants. Mais de grands b\u00e2timents ont pouss\u00e9 autour du campus alors que la ville se d\u00e9veloppait, amenant les autorit\u00e9s \u00e0 pr\u00e9lever de lourds imp\u00f4ts sur l\u2019universit\u00e9 qui se trouve maintenant sur un terrain de grande valeur.<\/p>\n<p>Des plans sont en cours pour d\u00e9m\u00e9nager vers un environnement plus rural, un processus difficile qui prendra un certain temps mais qui repr\u00e9sente une urgence sur le plan financier, a d\u00e9clar\u00e9 Ted N.C. Wilson, pr\u00e9sident de l\u2019Eglise Adventiste mondiale.<\/p>\n<p>\u00ab C\u2019est une information majeure pour la r\u00e9gion, \u00bb a dit Ted Wilson \u00e0 Adventist Review dimanche apr\u00e8s avoir assist\u00e9 \u00e0 une r\u00e9union d\u2019information \u00e0 l\u2019universit\u00e9.<br \/>\nL\u2019Universit\u00e9 Adventiste de la Colombie compte 1521 \u00e9tudiants du niveau licence et 218 \u00e9tudiants de second et troisi\u00e8me cycles, d\u2019apr\u00e8s les derniers chiffres publi\u00e9s par le Bureau des Archives, Statistiques et Recherches de l\u2019Eglise Adventiste.<\/p>\n<div id=\"attachment_15890\" style=\"width: 310px\" class=\"wp-caption alignright\"><a href=\"\/interamerica\/wp-content\/uploads\/2017\/06\/NOCU-students300.png\" rel=\"fancybox\" title=\"Des taxes \u00e9lev\u00e9es poussent l\u2019Universit\u00e9 Adventiste de la Colombie \u00e0 d\u00e9m\u00e9nager\"><img decoding=\"async\" aria-describedby=\"caption-attachment-15890\" class=\"size-full wp-image-15890\" src=\"\/interamerica\/wp-content\/uploads\/2017\/06\/NOCU-students300.png\" alt=\"\" width=\"300\" height=\"225\" \/><\/a><p id=\"caption-attachment-15890\" class=\"wp-caption-text\">Des \u00e9tudiants dipl\u00f4m\u00e9s pour \u00ab Une Ann\u00e9e en Mission \u00bb posent avec Ted Wilson tenant en mains leurs dipl\u00f4mes lors d\u2019une autre conf\u00e9rence sur la jeunesse.<\/p><\/div>\n<p>L\u2019universit\u00e9 est connue pour son programme missionnaire dynamique et compte parmi ses anciens \u00e9tudiants Isra\u00ebl Leito, pr\u00e9sident de l\u2019Eglise Adventiste en Inter Am\u00e9rique dont la Colombie fait partie. Pasteur Leito accompagnait Ted Wilson pour la visite en Colombie du 18 au 21 mars, la derni\u00e8re \u00e9tape du voyage de Ted Wilson dans six pays de la Division Inter Am\u00e9ricaine.<\/p>\n<p>Le programme missionnaire se porte tr\u00e8s bien, a dit Ted Wilson. Il y a juste une semaine, des centaines d\u2019\u00e9tudiants se sont rendus dans la ville afin de participer \u00e0 une action communautaire et d\u2019\u00e9vang\u00e9lisation dans le cadre d\u2019un projet baptis\u00e9 \u00ab Un Sourire pour Medellin. \u00bb<\/p>\n<p>Dix-sept \u00e9tudiants ont \u00e9t\u00e9 \u00ab dipl\u00f4m\u00e9s \u00bb le sabbat 21 mars pour l\u2019initiative \u00ab Une Ann\u00e9e en Mission, \u00bb un cours de mission pratique r\u00e9alis\u00e9 par l\u2019universit\u00e9 et l\u2019Union du Nord de la Colombie ; ces \u00e9tudiants seront bient\u00f4t r\u00e9partis au sein de l\u2019union et ailleurs. La c\u00e9r\u00e9monie de remise de dipl\u00f4mes de l\u2019apr\u00e8s-midi s\u2019est d\u00e9roul\u00e9e \u00e0 l\u2019occasion d\u2019un rassemblement de 5000 jeunes dans un auditorium de la ville pour la c\u00e9l\u00e9bration de la Journ\u00e9e Mondiale de la Jeunesse.<\/p>\n<p>Ted Wilson, au cours d\u2019une pr\u00e9sentation, a instamment invit\u00e9 les jeunes \u00e0 demeurer fid\u00e8les et \u00e0 ne pas \u00eatre distraits de la mission de Dieu par le monde et le diable.<\/p>\n<div id=\"attachment_15892\" style=\"width: 310px\" class=\"wp-caption alignleft\"><a href=\"\/interamerica\/wp-content\/uploads\/2017\/06\/NOCU-IRLAcongress.png\" rel=\"fancybox\" title=\"Des taxes \u00e9lev\u00e9es poussent l\u2019Universit\u00e9 Adventiste de la Colombie \u00e0 d\u00e9m\u00e9nager\"><img loading=\"lazy\" decoding=\"async\" aria-describedby=\"caption-attachment-15892\" class=\"size-full wp-image-15892\" src=\"\/interamerica\/wp-content\/uploads\/2017\/06\/NOCU-IRLAcongress.png\" alt=\"\" width=\"300\" height=\"225\" \/><\/a><p id=\"caption-attachment-15892\" class=\"wp-caption-text\">Un auditorium qui se remplit pour une conf\u00e9rence sur la libert\u00e9 religieuse \u00e0 Medellin. Photos de Ted Wilson.<\/p><\/div>\n<p>Sabbat matin, 5000 personnes se sont r\u00e9unies sur invitation uniquement, dans le m\u00eame auditorium pour une conf\u00e9rence sur la libert\u00e9 religieuse organis\u00e9e par l\u2019Association Internationale de la Libert\u00e9 Religieuse, une entit\u00e9 affili\u00e9e \u00e0 l\u2019Eglise Adventiste. Isra\u00ebl Leito et Roberto Herrera le directeur des affaires publiques et de la libert\u00e9 religieuse pour la Division Inter Am\u00e9ricaine, ont invit\u00e9 les participants \u00e0 \u00eatre proactifs dans leurs relations avec le gouvernement.<\/p>\n<p>\u00ab Trop souvent les Adventistes n\u00e9gligent le fait de cultiver de bonnes relations avec les autorit\u00e9s, et le prix \u00e0 payer est quelquefois tr\u00e8s lourd, \u00bb a dit dans une interview John Graz, secr\u00e9taire g\u00e9n\u00e9ral de l\u2019association et directeur des affaires publiques et de la libert\u00e9 religieuse pour l\u2019Eglise Adventiste mondiale.<\/p>\n<p>Ted Wilson a parl\u00e9 aux participants de la n\u00e9cessit\u00e9 de promouvoir la libert\u00e9 religieuse comme un h\u00e9ritage re\u00e7u de Dieu. Lui, ainsi que d\u2019autres leaders Adventistes ont remerci\u00e9 les responsables gouvernementaux pr\u00e9sents pour leur respect de la libert\u00e9 religieuse qui est d\u2019ailleurs garantie dans la constitution du pays.<\/p>\n<p>\u00ab Priez pour le peuple de Dieu en Colombie alors qu\u2019il utilise sa libert\u00e9 religieuse pour l\u2019avancement du mouvement Adventiste, \u00bb a dit Ted Wilson dimanche \u00ab Profitons tous de la libert\u00e9 religieuse dont nous jouissons encore pour proclamer la pleine v\u00e9rit\u00e9 biblique de Dieu alors que nous nous rapprochons de la seconde venue du Seigneur. \u00bb<\/p>\n<p>Traduction: Patrick Luciathe<\/p>\n","protected":false},"excerpt":{"rendered":"<p>La Colombie elle-m\u00eame est devenue un havre de la libert\u00e9 religieuse, un fait c\u00e9l\u00e9br\u00e9 par les leaders de l\u2019Eglise Adventiste lors d\u2019une conf\u00e9rence d\u2019un weekend qui a rassembl\u00e9 5000 personnes. <\/p>\n<p>L\u2019Universit\u00e9 Adventiste de la Colombie envisage de d\u00e9m\u00e9nager son campus de Medellin \u00e0 cause des taxes \u00e9lev\u00e9es, mais la d\u00e9cision imminente n\u2019a en rien perturb\u00e9 son solide programme d\u2019action missionnaire \u00e0 travers lequel des centaines d\u2019\u00e9tudiants proclament J\u00e9sus dans la ville anim\u00e9e et montrent un int\u00e9r\u00eat \u00e0 travailler \u00e0 l\u2019\u00e9tranger. La Colombie elle-m\u00eame est devenue un havre de la libert\u00e9 religieuse, un fait c\u00e9l\u00e9br\u00e9 par les leaders de l\u2019Eglise Adventiste lors d\u2019une conf\u00e9rence d\u2019un weekend qui a rassembl\u00e9 5000 personnes.<\/p>\n","protected":false},"author":1,"featured_media":24768,"comment_status":"closed","ping_status":"closed","sticky":false,"template":"","format":"standard","meta":{"_acf_changed":false,"footnotes":""},"categories":[18,19],"tags":[],"class_list":["post-32210","post","type-post","status-publish","format-standard","has-post-thumbnail","hentry","category-nouvelles-de-leglise-mondiale","category-rss-francais"],"acf":[],"yoast_head":"<!-- This site is optimized with the Yoast SEO plugin v27.3 - https:\/\/yoast.com\/product\/yoast-seo-wordpress\/ -->\n<title>Des taxes \u00e9lev\u00e9es poussent l\u2019Universit\u00e9 Adventiste de la Colombie \u00e0 d\u00e9m\u00e9nager - \u00c9glise Adventiste Du Septieme Jour - Inter Am\u00e9rique Division<\/title>\n<meta name=\"robots\" content=\"index, follow, max-snippet:-1, max-image-preview:large, max-video-preview:-1\" \/>\n<link rel=\"canonical\" href=\"https:\/\/interamerica.org\/fr\/2015\/03\/des-taxes-elevees-poussent-luniversite-adventiste-de-la-colombie-a-demenager\/\" \/>\n<meta property=\"og:locale\" content=\"fr_FR\" \/>\n<meta property=\"og:type\" content=\"article\" \/>\n<meta property=\"og:title\" content=\"Des taxes \u00e9lev\u00e9es poussent l\u2019Universit\u00e9 Adventiste de la Colombie \u00e0 d\u00e9m\u00e9nager - \u00c9glise Adventiste Du Septieme Jour - Inter Am\u00e9rique Division\" \/>\n<meta property=\"og:description\" content=\"La Colombie elle-m\u00eame est devenue un havre de la libert\u00e9 religieuse, un fait c\u00e9l\u00e9br\u00e9 par les leaders de l\u2019Eglise Adventiste lors d\u2019une conf\u00e9rence d\u2019un weekend qui a rassembl\u00e9 5000 personnes.  L\u2019Universit\u00e9 Adventiste de la Colombie envisage de d\u00e9m\u00e9nager son campus de Medellin \u00e0 cause des taxes \u00e9lev\u00e9es, mais la d\u00e9cision imminente n\u2019a en rien perturb\u00e9 son solide programme d\u2019action missionnaire \u00e0 travers lequel des centaines d\u2019\u00e9tudiants proclament J\u00e9sus dans la ville anim\u00e9e et montrent un int\u00e9r\u00eat \u00e0 travailler \u00e0 l\u2019\u00e9tranger. La Colombie elle-m\u00eame est devenue un havre de la libert\u00e9 religieuse, un fait c\u00e9l\u00e9br\u00e9 par les leaders de l\u2019Eglise Adventiste lors d\u2019une conf\u00e9rence d\u2019un weekend qui a rassembl\u00e9 5000 personnes.\" \/>\n<meta property=\"og:url\" content=\"https:\/\/interamerica.org\/fr\/2015\/03\/des-taxes-elevees-poussent-luniversite-adventiste-de-la-colombie-a-demenager\/\" \/>\n<meta property=\"og:site_name\" content=\"\u00c9glise Adventiste Du Septieme Jour - Inter Am\u00e9rique Division\" \/>\n<meta property=\"article:published_time\" content=\"2015-03-23T04:00:00+00:00\" \/>\n<meta property=\"og:image\" content=\"https:\/\/interamerica.org\/wp-content\/uploads\/2017\/06\/NOCU-flags.png\" \/>\n\t<meta property=\"og:image:width\" content=\"300\" \/>\n\t<meta property=\"og:image:height\" content=\"225\" \/>\n\t<meta property=\"og:image:type\" content=\"image\/png\" \/>\n<meta name=\"author\" content=\"Lorenzo Verduzco\" \/>\n<meta name=\"twitter:card\" content=\"summary_large_image\" \/>\n<meta name=\"twitter:label1\" content=\"\u00c9crit par\" \/>\n\t<meta name=\"twitter:data1\" content=\"Lorenzo Verduzco\" \/>\n\t<meta name=\"twitter:label2\" content=\"Dur\u00e9e de lecture estim\u00e9e\" \/>\n\t<meta name=\"twitter:data2\" content=\"5 minutes\" \/>\n<script type=\"application\/ld+json\" class=\"yoast-schema-graph\">{\"@context\":\"https:\\\/\\\/schema.org\",\"@graph\":[{\"@type\":\"Article\",\"@id\":\"https:\\\/\\\/interamerica.org\\\/fr\\\/2015\\\/03\\\/des-taxes-elevees-poussent-luniversite-adventiste-de-la-colombie-a-demenager\\\/#article\",\"isPartOf\":{\"@id\":\"https:\\\/\\\/interamerica.org\\\/fr\\\/2015\\\/03\\\/des-taxes-elevees-poussent-luniversite-adventiste-de-la-colombie-a-demenager\\\/\"},\"author\":{\"name\":\"Lorenzo Verduzco\",\"@id\":\"https:\\\/\\\/interamerica.org\\\/fr\\\/#\\\/schema\\\/person\\\/68ede8bdc292885bb76c1e3810e73c39\"},\"headline\":\"Des taxes \u00e9lev\u00e9es poussent l\u2019Universit\u00e9 Adventiste de la Colombie \u00e0 d\u00e9m\u00e9nager\",\"datePublished\":\"2015-03-23T04:00:00+00:00\",\"mainEntityOfPage\":{\"@id\":\"https:\\\/\\\/interamerica.org\\\/fr\\\/2015\\\/03\\\/des-taxes-elevees-poussent-luniversite-adventiste-de-la-colombie-a-demenager\\\/\"},\"wordCount\":937,\"image\":{\"@id\":\"https:\\\/\\\/interamerica.org\\\/fr\\\/2015\\\/03\\\/des-taxes-elevees-poussent-luniversite-adventiste-de-la-colombie-a-demenager\\\/#primaryimage\"},\"thumbnailUrl\":\"https:\\\/\\\/interamerica.org\\\/wp-content\\\/uploads\\\/2017\\\/06\\\/NOCU-flags.png\",\"articleSection\":[\"Nouvelles de l'\u00c9glise mondiale\",\"RSS Fran\u00e7ais\"],\"inLanguage\":\"fr-FR\"},{\"@type\":\"WebPage\",\"@id\":\"https:\\\/\\\/interamerica.org\\\/fr\\\/2015\\\/03\\\/des-taxes-elevees-poussent-luniversite-adventiste-de-la-colombie-a-demenager\\\/\",\"url\":\"https:\\\/\\\/interamerica.org\\\/fr\\\/2015\\\/03\\\/des-taxes-elevees-poussent-luniversite-adventiste-de-la-colombie-a-demenager\\\/\",\"name\":\"Des taxes \u00e9lev\u00e9es poussent l\u2019Universit\u00e9 Adventiste de la Colombie \u00e0 d\u00e9m\u00e9nager - \u00c9glise Adventiste Du Septieme Jour - Inter Am\u00e9rique Division\",\"isPartOf\":{\"@id\":\"https:\\\/\\\/interamerica.org\\\/fr\\\/#website\"},\"primaryImageOfPage\":{\"@id\":\"https:\\\/\\\/interamerica.org\\\/fr\\\/2015\\\/03\\\/des-taxes-elevees-poussent-luniversite-adventiste-de-la-colombie-a-demenager\\\/#primaryimage\"},\"image\":{\"@id\":\"https:\\\/\\\/interamerica.org\\\/fr\\\/2015\\\/03\\\/des-taxes-elevees-poussent-luniversite-adventiste-de-la-colombie-a-demenager\\\/#primaryimage\"},\"thumbnailUrl\":\"https:\\\/\\\/interamerica.org\\\/wp-content\\\/uploads\\\/2017\\\/06\\\/NOCU-flags.png\",\"datePublished\":\"2015-03-23T04:00:00+00:00\",\"author\":{\"@id\":\"https:\\\/\\\/interamerica.org\\\/fr\\\/#\\\/schema\\\/person\\\/68ede8bdc292885bb76c1e3810e73c39\"},\"breadcrumb\":{\"@id\":\"https:\\\/\\\/interamerica.org\\\/fr\\\/2015\\\/03\\\/des-taxes-elevees-poussent-luniversite-adventiste-de-la-colombie-a-demenager\\\/#breadcrumb\"},\"inLanguage\":\"fr-FR\",\"potentialAction\":[{\"@type\":\"ReadAction\",\"target\":[\"https:\\\/\\\/interamerica.org\\\/fr\\\/2015\\\/03\\\/des-taxes-elevees-poussent-luniversite-adventiste-de-la-colombie-a-demenager\\\/\"]}]},{\"@type\":\"ImageObject\",\"inLanguage\":\"fr-FR\",\"@id\":\"https:\\\/\\\/interamerica.org\\\/fr\\\/2015\\\/03\\\/des-taxes-elevees-poussent-luniversite-adventiste-de-la-colombie-a-demenager\\\/#primaryimage\",\"url\":\"https:\\\/\\\/interamerica.org\\\/wp-content\\\/uploads\\\/2017\\\/06\\\/NOCU-flags.png\",\"contentUrl\":\"https:\\\/\\\/interamerica.org\\\/wp-content\\\/uploads\\\/2017\\\/06\\\/NOCU-flags.png\",\"width\":300,\"height\":225},{\"@type\":\"BreadcrumbList\",\"@id\":\"https:\\\/\\\/interamerica.org\\\/fr\\\/2015\\\/03\\\/des-taxes-elevees-poussent-luniversite-adventiste-de-la-colombie-a-demenager\\\/#breadcrumb\",\"itemListElement\":[{\"@type\":\"ListItem\",\"position\":1,\"name\":\"Home\",\"item\":\"https:\\\/\\\/interamerica.org\\\/fr\\\/\"},{\"@type\":\"ListItem\",\"position\":2,\"name\":\"Des taxes \u00e9lev\u00e9es poussent l\u2019Universit\u00e9 Adventiste de la Colombie \u00e0 d\u00e9m\u00e9nager\"}]},{\"@type\":\"WebSite\",\"@id\":\"https:\\\/\\\/interamerica.org\\\/fr\\\/#website\",\"url\":\"https:\\\/\\\/interamerica.org\\\/fr\\\/\",\"name\":\"\u00c9glise Adventiste Du Septieme Jour - Inter Am\u00e9rique Division\",\"description\":\"\",\"potentialAction\":[{\"@type\":\"SearchAction\",\"target\":{\"@type\":\"EntryPoint\",\"urlTemplate\":\"https:\\\/\\\/interamerica.org\\\/fr\\\/?s={search_term_string}\"},\"query-input\":{\"@type\":\"PropertyValueSpecification\",\"valueRequired\":true,\"valueName\":\"search_term_string\"}}],\"inLanguage\":\"fr-FR\"},{\"@type\":\"Person\",\"@id\":\"https:\\\/\\\/interamerica.org\\\/fr\\\/#\\\/schema\\\/person\\\/68ede8bdc292885bb76c1e3810e73c39\",\"name\":\"Lorenzo Verduzco\",\"image\":{\"@type\":\"ImageObject\",\"inLanguage\":\"fr-FR\",\"@id\":\"https:\\\/\\\/secure.gravatar.com\\\/avatar\\\/fb81a55b6218459490a9c1dc841a34909185b81904c5337b4b27f7a6fd60c49e?s=96&d=mm&r=g\",\"url\":\"https:\\\/\\\/secure.gravatar.com\\\/avatar\\\/fb81a55b6218459490a9c1dc841a34909185b81904c5337b4b27f7a6fd60c49e?s=96&d=mm&r=g\",\"contentUrl\":\"https:\\\/\\\/secure.gravatar.com\\\/avatar\\\/fb81a55b6218459490a9c1dc841a34909185b81904c5337b4b27f7a6fd60c49e?s=96&d=mm&r=g\",\"caption\":\"Lorenzo Verduzco\"}}]}<\/script>\n<!-- \/ Yoast SEO plugin. -->","yoast_head_json":{"title":"Des taxes \u00e9lev\u00e9es poussent l\u2019Universit\u00e9 Adventiste de la Colombie \u00e0 d\u00e9m\u00e9nager - \u00c9glise Adventiste Du Septieme Jour - Inter Am\u00e9rique Division","robots":{"index":"index","follow":"follow","max-snippet":"max-snippet:-1","max-image-preview":"max-image-preview:large","max-video-preview":"max-video-preview:-1"},"canonical":"https:\/\/interamerica.org\/fr\/2015\/03\/des-taxes-elevees-poussent-luniversite-adventiste-de-la-colombie-a-demenager\/","og_locale":"fr_FR","og_type":"article","og_title":"Des taxes \u00e9lev\u00e9es poussent l\u2019Universit\u00e9 Adventiste de la Colombie \u00e0 d\u00e9m\u00e9nager - \u00c9glise Adventiste Du Septieme Jour - Inter Am\u00e9rique Division","og_description":"La Colombie elle-m\u00eame est devenue un havre de la libert\u00e9 religieuse, un fait c\u00e9l\u00e9br\u00e9 par les leaders de l\u2019Eglise Adventiste lors d\u2019une conf\u00e9rence d\u2019un weekend qui a rassembl\u00e9 5000 personnes.  L\u2019Universit\u00e9 Adventiste de la Colombie envisage de d\u00e9m\u00e9nager son campus de Medellin \u00e0 cause des taxes \u00e9lev\u00e9es, mais la d\u00e9cision imminente n\u2019a en rien perturb\u00e9 son solide programme d\u2019action missionnaire \u00e0 travers lequel des centaines d\u2019\u00e9tudiants proclament J\u00e9sus dans la ville anim\u00e9e et montrent un int\u00e9r\u00eat \u00e0 travailler \u00e0 l\u2019\u00e9tranger. La Colombie elle-m\u00eame est devenue un havre de la libert\u00e9 religieuse, un fait c\u00e9l\u00e9br\u00e9 par les leaders de l\u2019Eglise Adventiste lors d\u2019une conf\u00e9rence d\u2019un weekend qui a rassembl\u00e9 5000 personnes.","og_url":"https:\/\/interamerica.org\/fr\/2015\/03\/des-taxes-elevees-poussent-luniversite-adventiste-de-la-colombie-a-demenager\/","og_site_name":"\u00c9glise Adventiste Du Septieme Jour - Inter Am\u00e9rique Division","article_published_time":"2015-03-23T04:00:00+00:00","og_image":[{"width":300,"height":225,"url":"https:\/\/interamerica.org\/wp-content\/uploads\/2017\/06\/NOCU-flags.png","type":"image\/png"}],"author":"Lorenzo Verduzco","twitter_card":"summary_large_image","twitter_misc":{"\u00c9crit par":"Lorenzo Verduzco","Dur\u00e9e de lecture estim\u00e9e":"5 minutes"},"schema":{"@context":"https:\/\/schema.org","@graph":[{"@type":"Article","@id":"https:\/\/interamerica.org\/fr\/2015\/03\/des-taxes-elevees-poussent-luniversite-adventiste-de-la-colombie-a-demenager\/#article","isPartOf":{"@id":"https:\/\/interamerica.org\/fr\/2015\/03\/des-taxes-elevees-poussent-luniversite-adventiste-de-la-colombie-a-demenager\/"},"author":{"name":"Lorenzo Verduzco","@id":"https:\/\/interamerica.org\/fr\/#\/schema\/person\/68ede8bdc292885bb76c1e3810e73c39"},"headline":"Des taxes \u00e9lev\u00e9es poussent l\u2019Universit\u00e9 Adventiste de la Colombie \u00e0 d\u00e9m\u00e9nager","datePublished":"2015-03-23T04:00:00+00:00","mainEntityOfPage":{"@id":"https:\/\/interamerica.org\/fr\/2015\/03\/des-taxes-elevees-poussent-luniversite-adventiste-de-la-colombie-a-demenager\/"},"wordCount":937,"image":{"@id":"https:\/\/interamerica.org\/fr\/2015\/03\/des-taxes-elevees-poussent-luniversite-adventiste-de-la-colombie-a-demenager\/#primaryimage"},"thumbnailUrl":"https:\/\/interamerica.org\/wp-content\/uploads\/2017\/06\/NOCU-flags.png","articleSection":["Nouvelles de l'\u00c9glise mondiale","RSS Fran\u00e7ais"],"inLanguage":"fr-FR"},{"@type":"WebPage","@id":"https:\/\/interamerica.org\/fr\/2015\/03\/des-taxes-elevees-poussent-luniversite-adventiste-de-la-colombie-a-demenager\/","url":"https:\/\/interamerica.org\/fr\/2015\/03\/des-taxes-elevees-poussent-luniversite-adventiste-de-la-colombie-a-demenager\/","name":"Des taxes \u00e9lev\u00e9es poussent l\u2019Universit\u00e9 Adventiste de la Colombie \u00e0 d\u00e9m\u00e9nager - \u00c9glise Adventiste Du Septieme Jour - Inter Am\u00e9rique Division","isPartOf":{"@id":"https:\/\/interamerica.org\/fr\/#website"},"primaryImageOfPage":{"@id":"https:\/\/interamerica.org\/fr\/2015\/03\/des-taxes-elevees-poussent-luniversite-adventiste-de-la-colombie-a-demenager\/#primaryimage"},"image":{"@id":"https:\/\/interamerica.org\/fr\/2015\/03\/des-taxes-elevees-poussent-luniversite-adventiste-de-la-colombie-a-demenager\/#primaryimage"},"thumbnailUrl":"https:\/\/interamerica.org\/wp-content\/uploads\/2017\/06\/NOCU-flags.png","datePublished":"2015-03-23T04:00:00+00:00","author":{"@id":"https:\/\/interamerica.org\/fr\/#\/schema\/person\/68ede8bdc292885bb76c1e3810e73c39"},"breadcrumb":{"@id":"https:\/\/interamerica.org\/fr\/2015\/03\/des-taxes-elevees-poussent-luniversite-adventiste-de-la-colombie-a-demenager\/#breadcrumb"},"inLanguage":"fr-FR","potentialAction":[{"@type":"ReadAction","target":["https:\/\/interamerica.org\/fr\/2015\/03\/des-taxes-elevees-poussent-luniversite-adventiste-de-la-colombie-a-demenager\/"]}]},{"@type":"ImageObject","inLanguage":"fr-FR","@id":"https:\/\/interamerica.org\/fr\/2015\/03\/des-taxes-elevees-poussent-luniversite-adventiste-de-la-colombie-a-demenager\/#primaryimage","url":"https:\/\/interamerica.org\/wp-content\/uploads\/2017\/06\/NOCU-flags.png","contentUrl":"https:\/\/interamerica.org\/wp-content\/uploads\/2017\/06\/NOCU-flags.png","width":300,"height":225},{"@type":"BreadcrumbList","@id":"https:\/\/interamerica.org\/fr\/2015\/03\/des-taxes-elevees-poussent-luniversite-adventiste-de-la-colombie-a-demenager\/#breadcrumb","itemListElement":[{"@type":"ListItem","position":1,"name":"Home","item":"https:\/\/interamerica.org\/fr\/"},{"@type":"ListItem","position":2,"name":"Des taxes \u00e9lev\u00e9es poussent l\u2019Universit\u00e9 Adventiste de la Colombie \u00e0 d\u00e9m\u00e9nager"}]},{"@type":"WebSite","@id":"https:\/\/interamerica.org\/fr\/#website","url":"https:\/\/interamerica.org\/fr\/","name":"\u00c9glise Adventiste Du Septieme Jour - Inter Am\u00e9rique Division","description":"","potentialAction":[{"@type":"SearchAction","target":{"@type":"EntryPoint","urlTemplate":"https:\/\/interamerica.org\/fr\/?s={search_term_string}"},"query-input":{"@type":"PropertyValueSpecification","valueRequired":true,"valueName":"search_term_string"}}],"inLanguage":"fr-FR"},{"@type":"Person","@id":"https:\/\/interamerica.org\/fr\/#\/schema\/person\/68ede8bdc292885bb76c1e3810e73c39","name":"Lorenzo Verduzco","image":{"@type":"ImageObject","inLanguage":"fr-FR","@id":"https:\/\/secure.gravatar.com\/avatar\/fb81a55b6218459490a9c1dc841a34909185b81904c5337b4b27f7a6fd60c49e?s=96&d=mm&r=g","url":"https:\/\/secure.gravatar.com\/avatar\/fb81a55b6218459490a9c1dc841a34909185b81904c5337b4b27f7a6fd60c49e?s=96&d=mm&r=g","contentUrl":"https:\/\/secure.gravatar.com\/avatar\/fb81a55b6218459490a9c1dc841a34909185b81904c5337b4b27f7a6fd60c49e?s=96&d=mm&r=g","caption":"Lorenzo Verduzco"}}]}},"_links":{"self":[{"href":"https:\/\/interamerica.org\/fr\/wp-json\/wp\/v2\/posts\/32210","targetHints":{"allow":["GET"]}}],"collection":[{"href":"https:\/\/interamerica.org\/fr\/wp-json\/wp\/v2\/posts"}],"about":[{"href":"https:\/\/interamerica.org\/fr\/wp-json\/wp\/v2\/types\/post"}],"author":[{"embeddable":true,"href":"https:\/\/interamerica.org\/fr\/wp-json\/wp\/v2\/users\/1"}],"replies":[{"embeddable":true,"href":"https:\/\/interamerica.org\/fr\/wp-json\/wp\/v2\/comments?post=32210"}],"version-history":[{"count":0,"href":"https:\/\/interamerica.org\/fr\/wp-json\/wp\/v2\/posts\/32210\/revisions"}],"wp:featuredmedia":[{"embeddable":true,"href":"https:\/\/interamerica.org\/fr\/wp-json\/wp\/v2\/media\/24768"}],"wp:attachment":[{"href":"https:\/\/interamerica.org\/fr\/wp-json\/wp\/v2\/media?parent=32210"}],"wp:term":[{"taxonomy":"category","embeddable":true,"href":"https:\/\/interamerica.org\/fr\/wp-json\/wp\/v2\/categories?post=32210"},{"taxonomy":"post_tag","embeddable":true,"href":"https:\/\/interamerica.org\/fr\/wp-json\/wp\/v2\/tags?post=32210"}],"curies":[{"name":"wp","href":"https:\/\/api.w.org\/{rel}","templated":true}]}}