{"id":32211,"date":"2015-03-24T00:00:00","date_gmt":"2015-03-24T04:00:00","guid":{"rendered":"http:\/\/192.81.217.108\/interamerica\/2015\/03\/en-colombie-les-adventistes-amenent-des-sourires-a-des-milliers-de-personnes-a-medellin\/"},"modified":"2015-03-24T00:00:00","modified_gmt":"2015-03-24T04:00:00","slug":"en-colombie-les-adventistes-amenent-des-sourires-a-des-milliers-de-personnes-a-medellin","status":"publish","type":"post","link":"https:\/\/interamerica.org\/fr\/2015\/03\/en-colombie-les-adventistes-amenent-des-sourires-a-des-milliers-de-personnes-a-medellin\/","title":{"rendered":"En Colombie, les Adventistes am\u00e8nent des sourires \u00e0 des milliers de personnes \u00e0 Medellin"},"content":{"rendered":"<div id=\"attachment_15946\" style=\"width: 610px\" class=\"wp-caption aligncenter\"><a href=\"\/interamerica\/wp-content\/uploads\/2017\/06\/NOCU-balloons.png\" rel=\"fancybox\" title=\"En Colombie, les Adventistes am\u00e8nent des sourires \u00e0 des milliers de personnes \u00e0 Medellin\"><img fetchpriority=\"high\" decoding=\"async\" aria-describedby=\"caption-attachment-15946\" class=\"size-full wp-image-15946\" src=\"\/interamerica\/wp-content\/uploads\/2017\/06\/NOCU-balloons.png\" alt=\"\" width=\"600\" height=\"398\" \/><\/a><p id=\"caption-attachment-15946\" class=\"wp-caption-text\">Des milliers d\u2019Adventistes du Septi\u00e8me Jour l\u00e2chent des milliers de ballons gonfl\u00e9s \u00e0 l\u2019h\u00e9lium apr\u00e8s avoir pri\u00e9 pour les leaders du gouvernement et pour les habitants de la ville de Medellin en Colombie lors de l\u2019action d\u2019impact organis\u00e9e par l\u2019\u00e9glise dans toute la ville le 14 mars 2015. Image du Centre Audiovisuel UNAC<\/p><\/div>\n<p>23 Mars 2015 \u2013 Medellin, Colombie \u2013 Claudia Escoflo\/DIA<\/p>\n<div id=\"attachment_15941\" style=\"width: 330px\" class=\"wp-caption alignright\"><a href=\"\/interamerica\/wp-content\/uploads\/2017\/06\/UNAC-medical.png\" rel=\"fancybox\" title=\"En Colombie, les Adventistes am\u00e8nent des sourires \u00e0 des milliers de personnes \u00e0 Medellin\"><img decoding=\"async\" aria-describedby=\"caption-attachment-15941\" class=\" wp-image-15941 \" src=\"\/interamerica\/wp-content\/uploads\/2017\/06\/UNAC-medical.png\" alt=\"\" width=\"320\" height=\"214\" \/><\/a><p id=\"caption-attachment-15941\" class=\"wp-caption-text\">Des visites m\u00e9dicales gratuites ont \u00e9t\u00e9 propos\u00e9es pendant toute la journ\u00e9e dans la Rue Carabobo Nord \u00e0 Medellin.<\/p><\/div>\n<p>Des milliers d\u2019Adventistes du Septi\u00e8me Jour \u00e0 Medellin en Colombie ont amen\u00e9 un sourire, de l\u2019espoir et un message sur la sant\u00e9 \u00e0 plus de 80000 personnes lors d\u2019une initiative organis\u00e9e le 14 mars 2015 et visant \u00e0 cr\u00e9er un impact dans toute la ville.<\/p>\n<p>L\u2019activit\u00e9, baptis\u00e9e \u00ab Un Sourire pour Medellin, \u00bb a \u00e9t\u00e9 l\u2019occasion pour des milliers d\u2019\u00e9tudiants et d\u2019enseignants de l\u2019Universit\u00e9 Adventiste de la Colombie, accompagn\u00e9s de milliers de membres d\u2019\u00e9glise impatients de faire de la ville de 2,1 millions d\u2019habitants, la ville la plus heureuse de Colombie, ont dit les organisateurs.<\/p>\n<p>De nombreuses tentes avaient \u00e9t\u00e9 install\u00e9es \u00e0 la Rue Carabobo Nord pour proposer aux gens des accolades, des massages, des fleurs et la pri\u00e8re. Des expositions sur la sant\u00e9, le commerce, la famille et la technologie ont \u00e9t\u00e9 \u00e9galement organis\u00e9es.<\/p>\n<div id=\"attachment_15944\" style=\"width: 310px\" class=\"wp-caption alignleft\"><a href=\"\/interamerica\/wp-content\/uploads\/2017\/06\/Acosta-AbrahamUNAC.png\" rel=\"fancybox\" title=\"En Colombie, les Adventistes am\u00e8nent des sourires \u00e0 des milliers de personnes \u00e0 Medellin\"><img decoding=\"async\" aria-describedby=\"caption-attachment-15944\" class=\"size-full wp-image-15944\" src=\"\/interamerica\/wp-content\/uploads\/2017\/06\/Acosta-AbrahamUNAC.png\" alt=\"\" width=\"300\" height=\"199\" \/><\/a><p id=\"caption-attachment-15944\" class=\"wp-caption-text\">Pendant le programme de cl\u00f4ture au Parc des D\u00e9sirs, le pr\u00e9sident de l\u2019Universit\u00e9 Adventiste de Colombie, Dr Abraham Acosta a remerci\u00e9 tous ceux qui avaient pris part \u00e0 l\u2019action d\u2019impact dans toute la ville.<\/p><\/div>\n<p>\u00ab Nous pouvons le voir et le ressentir, c\u2019est nous qui choisissons quelle est la v\u00e9ritable source de la paix, \u00bb a d\u00e9clar\u00e9 Maria Olga Mejia. \u00ab Ce type d\u2019activit\u00e9 promeut l\u2019unit\u00e9, la sant\u00e9 spirituelle, la sant\u00e9 physique et la protection de l\u2019environnement, ce qui fait de nous des personnes plus heureuses. \u00bb<\/p>\n<p>Maria Mejia faisait partie des 600 personnes ayant b\u00e9n\u00e9fici\u00e9 de la grande expo sant\u00e9 o\u00f9 des sections r\u00e9serv\u00e9es aux tests m\u00e9dicaux et au don du sang avaient \u00e9t\u00e9 mises en place.<\/p>\n<p>D\u2019apr\u00e8s les organisateurs, 7200 fleurs ont \u00e9t\u00e9 distribu\u00e9es dans des centres commerciaux, des parcs et des stations de m\u00e9tro par des \u00e9tudiants d\u2019universit\u00e9 et des membres ; 40000 copies du livre \u00ab Sant\u00e9 et Bien Etre : Des Secrets qui Changeront Votre Vie \u00bb par Mark Finley et Peter Landless ont \u00e9t\u00e9 distribu\u00e9es et 12 tonnes de nourriture ont \u00e9galement \u00e9t\u00e9 distribu\u00e9es \u00e0 des familles n\u00e9cessiteuses qui avaient \u00e9t\u00e9 choisies.<\/p>\n<div id=\"attachment_15943\" style=\"width: 310px\" class=\"wp-caption alignright\"><a href=\"\/interamerica\/wp-content\/uploads\/2017\/06\/MedellinPrayer.png\" rel=\"fancybox\" title=\"En Colombie, les Adventistes am\u00e8nent des sourires \u00e0 des milliers de personnes \u00e0 Medellin\"><img loading=\"lazy\" decoding=\"async\" aria-describedby=\"caption-attachment-15943\" class=\"size-full wp-image-15943\" src=\"\/interamerica\/wp-content\/uploads\/2017\/06\/MedellinPrayer.png\" alt=\"\" width=\"300\" height=\"200\" \/><\/a><p id=\"caption-attachment-15943\" class=\"wp-caption-text\">Des membres d\u2019\u00e9glise prient pour les passants \u00e0 certains endroits d\u00e9sign\u00e9s de la ville.<\/p><\/div>\n<p>A diff\u00e9rents endroits de la ville, des pasteurs et des membres ont pri\u00e9 pour quelques 25000 personnes.<\/p>\n<p>Alors que les activit\u00e9s communautaires s\u2019achevaient en d\u00e9but d\u2019apr\u00e8s-midi, quelques 6200 membres d\u2019\u00e9glise, v\u00eatus de leurs t-shirts arborant un smiley jaune, ont pris part \u00e0 une marche de 4,4 kilom\u00e8tres en direction du Parc des D\u00e9sirs pour une c\u00e9l\u00e9bration musicale sp\u00e9ciale en guise de cl\u00f4ture.<\/p>\n<p>\u00ab C\u2019est une journ\u00e9e de c\u00e9l\u00e9bration et de solidarit\u00e9, \u00bb a dit Dr Abraham Acosta, pr\u00e9sident de l\u2019Universit\u00e9 Adventiste de Colombie. Le bonheur que nous constatons ici est contagieux et il nous permet de voir le bien \u00eatre des gens simplement parce que nous voyons un sourire sur leurs visages. Dr Acosta a avou\u00e9 que la participation des jeunes \u00e9tudiants et de la communaut\u00e9 Adventiste en g\u00e9n\u00e9ral l\u2019avait rempli de joie.<\/p>\n<div id=\"attachment_15940\" style=\"width: 310px\" class=\"wp-caption alignleft\"><a href=\"\/interamerica\/wp-content\/uploads\/2017\/06\/UNAC-march400.png\" rel=\"fancybox\" title=\"En Colombie, les Adventistes am\u00e8nent des sourires \u00e0 des milliers de personnes \u00e0 Medellin\"><img loading=\"lazy\" decoding=\"async\" aria-describedby=\"caption-attachment-15940\" class=\"size-medium wp-image-15940\" src=\"\/interamerica\/wp-content\/uploads\/2017\/06\/UNAC-march400-300x200.png\" alt=\"\" width=\"300\" height=\"200\" \/><\/a><p id=\"caption-attachment-15940\" class=\"wp-caption-text\">Plus de 6000 \u00e9tudiants Adventistes ont d\u00e9fil\u00e9 pendant 4,4 kilom\u00e8tres dans la ville pour promouvoir la sant\u00e9 et le bonheur.<\/p><\/div>\n<p>Le d\u00e9put\u00e9 du D\u00e9partement d\u2019Antioquia, Manuel Marquez Perez a remerci\u00e9 les responsables de l\u2019universit\u00e9 pour l\u2019impact positif apport\u00e9 dans la ville.<\/p>\n<p>\u00ab C\u2019est magnifique de voir ce que l\u2019universit\u00e9 r\u00e9alise pour les communaut\u00e9s et pour la vision et la mission de l\u2019\u00e9glise, ainsi que son impact positif, \u00bb a dit Manuel Marquez.<\/p>\n<p>Le conseiller municipal Jaime Roberto Cuartas a \u00e9galement remerci\u00e9 l\u2019universit\u00e9 et l\u2019Eglise Adventiste pendant la c\u00e9r\u00e9monie. \u00ab La communaut\u00e9 Adventiste r\u00e9alise une action importante dans notre ville depuis maintenant bien longtemps en proposant un mod\u00e8le \u00e9ducatif et missionnaire int\u00e9gral \u00e0 ses \u00e9tudiants, et ceci est une grande influence pour nous, \u00bb a dit Jaime Cuartas.<\/p>\n<p>Dr Acosta a invit\u00e9 tous les participants \u00e0 continuer de promouvoir de meilleures habitudes physiques et spirituelles chez les personnes avec qui ils entrent en contact dans la ville, alors qu\u2019ils planifient une action d\u2019impact encore plus grande l\u2019ann\u00e9e prochaine.<\/p>\n<p>Apr\u00e8s la pri\u00e8re faite par le pr\u00e9sident de l\u2019Eglise Adventiste dans le Nord de la Colombie, pasteur Edgar Redondo, en faveur des leaders du gouvernement et des habitants de la ville, quelques 2000 ballons gonfl\u00e9s \u00e0 l\u2019h\u00e9lium ont \u00e9t\u00e9 l\u00e2ch\u00e9s pour rappeler \u00e0 tous les participants qu\u2019ils devraient travailler ensemble pour faire de Medellin, la ville la plus joyeuse de Colombie.<\/p>\n<p>Voir davantage de photos de l\u2019activit\u00e9 <a href=\"https:\/\/www.flickr.com\/photos\/corporacionuniversitariaadventista\/sets\/72157651245136322\/\">ICI<\/a><\/p>\n<p>Pour en savoir plus sur les programmes et initiatives de l\u2019Universit\u00e9 Adventiste de Colombie, cliquez <a href=\"http:\/\/www.unac.edu.co\/\">ICI<\/a><\/p>\n<p>Traduction: Patrick Luciathe<\/p>\n","protected":false},"excerpt":{"rendered":"<p>Des milliers d\u2019Adventistes du Septi\u00e8me Jour \u00e0 Medellin en Colombie ont amen\u00e9 un sourire, de l\u2019espoir et un message sur la sant\u00e9 \u00e0 plus de 80000 personnes lors d\u2019une initiative organis\u00e9e le 14 mars 2015 et visant \u00e0 cr\u00e9er un impact dans toute la ville.  <\/p>\n<p>L\u2019activit\u00e9, baptis\u00e9e \u00ab Un Sourire pour Medellin, \u00bb a \u00e9t\u00e9 l\u2019occasion pour des milliers d\u2019\u00e9tudiants et d\u2019enseignants de l\u2019Universit\u00e9 Adventiste de la Colombie, accompagn\u00e9s de milliers de membres d\u2019\u00e9glise impatients de faire de la ville de 2,1 millions d\u2019habitants, la ville la plus heureuse de Colombie, ont dit les organisateurs.<\/p>\n","protected":false},"author":1,"featured_media":24794,"comment_status":"closed","ping_status":"closed","sticky":false,"template":"","format":"standard","meta":{"_acf_changed":false,"footnotes":""},"categories":[21,19],"tags":[],"class_list":["post-32211","post","type-post","status-publish","format-standard","has-post-thumbnail","hentry","category-nouvelles-du-territoire","category-rss-francais"],"acf":[],"yoast_head":"<!-- This site is optimized with the Yoast SEO plugin v27.3 - https:\/\/yoast.com\/product\/yoast-seo-wordpress\/ -->\n<title>En Colombie, les Adventistes am\u00e8nent des sourires \u00e0 des milliers de personnes \u00e0 Medellin - \u00c9glise Adventiste Du Septieme Jour - Inter Am\u00e9rique Division<\/title>\n<meta name=\"robots\" content=\"index, follow, max-snippet:-1, max-image-preview:large, max-video-preview:-1\" \/>\n<link rel=\"canonical\" href=\"https:\/\/interamerica.org\/fr\/2015\/03\/en-colombie-les-adventistes-amenent-des-sourires-a-des-milliers-de-personnes-a-medellin\/\" \/>\n<meta property=\"og:locale\" content=\"fr_FR\" \/>\n<meta property=\"og:type\" content=\"article\" \/>\n<meta property=\"og:title\" content=\"En Colombie, les Adventistes am\u00e8nent des sourires \u00e0 des milliers de personnes \u00e0 Medellin - \u00c9glise Adventiste Du Septieme Jour - Inter Am\u00e9rique Division\" \/>\n<meta property=\"og:description\" content=\"Des milliers d\u2019Adventistes du Septi\u00e8me Jour \u00e0 Medellin en Colombie ont amen\u00e9 un sourire, de l\u2019espoir et un message sur la sant\u00e9 \u00e0 plus de 80000 personnes lors d\u2019une initiative organis\u00e9e le 14 mars 2015 et visant \u00e0 cr\u00e9er un impact dans toute la ville.  L\u2019activit\u00e9, baptis\u00e9e \u00ab Un Sourire pour Medellin, \u00bb a \u00e9t\u00e9 l\u2019occasion pour des milliers d\u2019\u00e9tudiants et d\u2019enseignants de l\u2019Universit\u00e9 Adventiste de la Colombie, accompagn\u00e9s de milliers de membres d\u2019\u00e9glise impatients de faire de la ville de 2,1 millions d\u2019habitants, la ville la plus heureuse de Colombie, ont dit les organisateurs.\" \/>\n<meta property=\"og:url\" content=\"https:\/\/interamerica.org\/fr\/2015\/03\/en-colombie-les-adventistes-amenent-des-sourires-a-des-milliers-de-personnes-a-medellin\/\" \/>\n<meta property=\"og:site_name\" content=\"\u00c9glise Adventiste Du Septieme Jour - Inter Am\u00e9rique Division\" \/>\n<meta property=\"article:published_time\" content=\"2015-03-24T04:00:00+00:00\" \/>\n<meta property=\"og:image\" content=\"https:\/\/interamerica.org\/wp-content\/uploads\/2017\/06\/SmilesforMEdeilin.png\" \/>\n\t<meta property=\"og:image:width\" content=\"300\" \/>\n\t<meta property=\"og:image:height\" content=\"200\" \/>\n\t<meta property=\"og:image:type\" content=\"image\/png\" \/>\n<meta name=\"author\" content=\"Lorenzo Verduzco\" \/>\n<meta name=\"twitter:card\" content=\"summary_large_image\" \/>\n<meta name=\"twitter:label1\" content=\"\u00c9crit par\" \/>\n\t<meta name=\"twitter:data1\" content=\"Lorenzo Verduzco\" \/>\n\t<meta name=\"twitter:label2\" content=\"Dur\u00e9e de lecture estim\u00e9e\" \/>\n\t<meta name=\"twitter:data2\" content=\"5 minutes\" \/>\n<script type=\"application\/ld+json\" class=\"yoast-schema-graph\">{\"@context\":\"https:\\\/\\\/schema.org\",\"@graph\":[{\"@type\":\"Article\",\"@id\":\"https:\\\/\\\/interamerica.org\\\/fr\\\/2015\\\/03\\\/en-colombie-les-adventistes-amenent-des-sourires-a-des-milliers-de-personnes-a-medellin\\\/#article\",\"isPartOf\":{\"@id\":\"https:\\\/\\\/interamerica.org\\\/fr\\\/2015\\\/03\\\/en-colombie-les-adventistes-amenent-des-sourires-a-des-milliers-de-personnes-a-medellin\\\/\"},\"author\":{\"name\":\"Lorenzo Verduzco\",\"@id\":\"https:\\\/\\\/interamerica.org\\\/fr\\\/#\\\/schema\\\/person\\\/68ede8bdc292885bb76c1e3810e73c39\"},\"headline\":\"En Colombie, les Adventistes am\u00e8nent des sourires \u00e0 des milliers de personnes \u00e0 Medellin\",\"datePublished\":\"2015-03-24T04:00:00+00:00\",\"mainEntityOfPage\":{\"@id\":\"https:\\\/\\\/interamerica.org\\\/fr\\\/2015\\\/03\\\/en-colombie-les-adventistes-amenent-des-sourires-a-des-milliers-de-personnes-a-medellin\\\/\"},\"wordCount\":921,\"image\":{\"@id\":\"https:\\\/\\\/interamerica.org\\\/fr\\\/2015\\\/03\\\/en-colombie-les-adventistes-amenent-des-sourires-a-des-milliers-de-personnes-a-medellin\\\/#primaryimage\"},\"thumbnailUrl\":\"https:\\\/\\\/interamerica.org\\\/wp-content\\\/uploads\\\/2017\\\/06\\\/SmilesforMEdeilin.png\",\"articleSection\":[\"Nouvelles du territoire\",\"RSS Fran\u00e7ais\"],\"inLanguage\":\"fr-FR\"},{\"@type\":\"WebPage\",\"@id\":\"https:\\\/\\\/interamerica.org\\\/fr\\\/2015\\\/03\\\/en-colombie-les-adventistes-amenent-des-sourires-a-des-milliers-de-personnes-a-medellin\\\/\",\"url\":\"https:\\\/\\\/interamerica.org\\\/fr\\\/2015\\\/03\\\/en-colombie-les-adventistes-amenent-des-sourires-a-des-milliers-de-personnes-a-medellin\\\/\",\"name\":\"En Colombie, les Adventistes am\u00e8nent des sourires \u00e0 des milliers de personnes \u00e0 Medellin - \u00c9glise Adventiste Du Septieme Jour - Inter Am\u00e9rique Division\",\"isPartOf\":{\"@id\":\"https:\\\/\\\/interamerica.org\\\/fr\\\/#website\"},\"primaryImageOfPage\":{\"@id\":\"https:\\\/\\\/interamerica.org\\\/fr\\\/2015\\\/03\\\/en-colombie-les-adventistes-amenent-des-sourires-a-des-milliers-de-personnes-a-medellin\\\/#primaryimage\"},\"image\":{\"@id\":\"https:\\\/\\\/interamerica.org\\\/fr\\\/2015\\\/03\\\/en-colombie-les-adventistes-amenent-des-sourires-a-des-milliers-de-personnes-a-medellin\\\/#primaryimage\"},\"thumbnailUrl\":\"https:\\\/\\\/interamerica.org\\\/wp-content\\\/uploads\\\/2017\\\/06\\\/SmilesforMEdeilin.png\",\"datePublished\":\"2015-03-24T04:00:00+00:00\",\"author\":{\"@id\":\"https:\\\/\\\/interamerica.org\\\/fr\\\/#\\\/schema\\\/person\\\/68ede8bdc292885bb76c1e3810e73c39\"},\"breadcrumb\":{\"@id\":\"https:\\\/\\\/interamerica.org\\\/fr\\\/2015\\\/03\\\/en-colombie-les-adventistes-amenent-des-sourires-a-des-milliers-de-personnes-a-medellin\\\/#breadcrumb\"},\"inLanguage\":\"fr-FR\",\"potentialAction\":[{\"@type\":\"ReadAction\",\"target\":[\"https:\\\/\\\/interamerica.org\\\/fr\\\/2015\\\/03\\\/en-colombie-les-adventistes-amenent-des-sourires-a-des-milliers-de-personnes-a-medellin\\\/\"]}]},{\"@type\":\"ImageObject\",\"inLanguage\":\"fr-FR\",\"@id\":\"https:\\\/\\\/interamerica.org\\\/fr\\\/2015\\\/03\\\/en-colombie-les-adventistes-amenent-des-sourires-a-des-milliers-de-personnes-a-medellin\\\/#primaryimage\",\"url\":\"https:\\\/\\\/interamerica.org\\\/wp-content\\\/uploads\\\/2017\\\/06\\\/SmilesforMEdeilin.png\",\"contentUrl\":\"https:\\\/\\\/interamerica.org\\\/wp-content\\\/uploads\\\/2017\\\/06\\\/SmilesforMEdeilin.png\",\"width\":300,\"height\":200},{\"@type\":\"BreadcrumbList\",\"@id\":\"https:\\\/\\\/interamerica.org\\\/fr\\\/2015\\\/03\\\/en-colombie-les-adventistes-amenent-des-sourires-a-des-milliers-de-personnes-a-medellin\\\/#breadcrumb\",\"itemListElement\":[{\"@type\":\"ListItem\",\"position\":1,\"name\":\"Home\",\"item\":\"https:\\\/\\\/interamerica.org\\\/fr\\\/\"},{\"@type\":\"ListItem\",\"position\":2,\"name\":\"En Colombie, les Adventistes am\u00e8nent des sourires \u00e0 des milliers de personnes \u00e0 Medellin\"}]},{\"@type\":\"WebSite\",\"@id\":\"https:\\\/\\\/interamerica.org\\\/fr\\\/#website\",\"url\":\"https:\\\/\\\/interamerica.org\\\/fr\\\/\",\"name\":\"\u00c9glise Adventiste Du Septieme Jour - Inter Am\u00e9rique Division\",\"description\":\"\",\"potentialAction\":[{\"@type\":\"SearchAction\",\"target\":{\"@type\":\"EntryPoint\",\"urlTemplate\":\"https:\\\/\\\/interamerica.org\\\/fr\\\/?s={search_term_string}\"},\"query-input\":{\"@type\":\"PropertyValueSpecification\",\"valueRequired\":true,\"valueName\":\"search_term_string\"}}],\"inLanguage\":\"fr-FR\"},{\"@type\":\"Person\",\"@id\":\"https:\\\/\\\/interamerica.org\\\/fr\\\/#\\\/schema\\\/person\\\/68ede8bdc292885bb76c1e3810e73c39\",\"name\":\"Lorenzo Verduzco\",\"image\":{\"@type\":\"ImageObject\",\"inLanguage\":\"fr-FR\",\"@id\":\"https:\\\/\\\/secure.gravatar.com\\\/avatar\\\/fb81a55b6218459490a9c1dc841a34909185b81904c5337b4b27f7a6fd60c49e?s=96&d=mm&r=g\",\"url\":\"https:\\\/\\\/secure.gravatar.com\\\/avatar\\\/fb81a55b6218459490a9c1dc841a34909185b81904c5337b4b27f7a6fd60c49e?s=96&d=mm&r=g\",\"contentUrl\":\"https:\\\/\\\/secure.gravatar.com\\\/avatar\\\/fb81a55b6218459490a9c1dc841a34909185b81904c5337b4b27f7a6fd60c49e?s=96&d=mm&r=g\",\"caption\":\"Lorenzo Verduzco\"}}]}<\/script>\n<!-- \/ Yoast SEO plugin. -->","yoast_head_json":{"title":"En Colombie, les Adventistes am\u00e8nent des sourires \u00e0 des milliers de personnes \u00e0 Medellin - \u00c9glise Adventiste Du Septieme Jour - Inter Am\u00e9rique Division","robots":{"index":"index","follow":"follow","max-snippet":"max-snippet:-1","max-image-preview":"max-image-preview:large","max-video-preview":"max-video-preview:-1"},"canonical":"https:\/\/interamerica.org\/fr\/2015\/03\/en-colombie-les-adventistes-amenent-des-sourires-a-des-milliers-de-personnes-a-medellin\/","og_locale":"fr_FR","og_type":"article","og_title":"En Colombie, les Adventistes am\u00e8nent des sourires \u00e0 des milliers de personnes \u00e0 Medellin - \u00c9glise Adventiste Du Septieme Jour - Inter Am\u00e9rique Division","og_description":"Des milliers d\u2019Adventistes du Septi\u00e8me Jour \u00e0 Medellin en Colombie ont amen\u00e9 un sourire, de l\u2019espoir et un message sur la sant\u00e9 \u00e0 plus de 80000 personnes lors d\u2019une initiative organis\u00e9e le 14 mars 2015 et visant \u00e0 cr\u00e9er un impact dans toute la ville.  L\u2019activit\u00e9, baptis\u00e9e \u00ab Un Sourire pour Medellin, \u00bb a \u00e9t\u00e9 l\u2019occasion pour des milliers d\u2019\u00e9tudiants et d\u2019enseignants de l\u2019Universit\u00e9 Adventiste de la Colombie, accompagn\u00e9s de milliers de membres d\u2019\u00e9glise impatients de faire de la ville de 2,1 millions d\u2019habitants, la ville la plus heureuse de Colombie, ont dit les organisateurs.","og_url":"https:\/\/interamerica.org\/fr\/2015\/03\/en-colombie-les-adventistes-amenent-des-sourires-a-des-milliers-de-personnes-a-medellin\/","og_site_name":"\u00c9glise Adventiste Du Septieme Jour - Inter Am\u00e9rique Division","article_published_time":"2015-03-24T04:00:00+00:00","og_image":[{"width":300,"height":200,"url":"https:\/\/interamerica.org\/wp-content\/uploads\/2017\/06\/SmilesforMEdeilin.png","type":"image\/png"}],"author":"Lorenzo Verduzco","twitter_card":"summary_large_image","twitter_misc":{"\u00c9crit par":"Lorenzo Verduzco","Dur\u00e9e de lecture estim\u00e9e":"5 minutes"},"schema":{"@context":"https:\/\/schema.org","@graph":[{"@type":"Article","@id":"https:\/\/interamerica.org\/fr\/2015\/03\/en-colombie-les-adventistes-amenent-des-sourires-a-des-milliers-de-personnes-a-medellin\/#article","isPartOf":{"@id":"https:\/\/interamerica.org\/fr\/2015\/03\/en-colombie-les-adventistes-amenent-des-sourires-a-des-milliers-de-personnes-a-medellin\/"},"author":{"name":"Lorenzo Verduzco","@id":"https:\/\/interamerica.org\/fr\/#\/schema\/person\/68ede8bdc292885bb76c1e3810e73c39"},"headline":"En Colombie, les Adventistes am\u00e8nent des sourires \u00e0 des milliers de personnes \u00e0 Medellin","datePublished":"2015-03-24T04:00:00+00:00","mainEntityOfPage":{"@id":"https:\/\/interamerica.org\/fr\/2015\/03\/en-colombie-les-adventistes-amenent-des-sourires-a-des-milliers-de-personnes-a-medellin\/"},"wordCount":921,"image":{"@id":"https:\/\/interamerica.org\/fr\/2015\/03\/en-colombie-les-adventistes-amenent-des-sourires-a-des-milliers-de-personnes-a-medellin\/#primaryimage"},"thumbnailUrl":"https:\/\/interamerica.org\/wp-content\/uploads\/2017\/06\/SmilesforMEdeilin.png","articleSection":["Nouvelles du territoire","RSS Fran\u00e7ais"],"inLanguage":"fr-FR"},{"@type":"WebPage","@id":"https:\/\/interamerica.org\/fr\/2015\/03\/en-colombie-les-adventistes-amenent-des-sourires-a-des-milliers-de-personnes-a-medellin\/","url":"https:\/\/interamerica.org\/fr\/2015\/03\/en-colombie-les-adventistes-amenent-des-sourires-a-des-milliers-de-personnes-a-medellin\/","name":"En Colombie, les Adventistes am\u00e8nent des sourires \u00e0 des milliers de personnes \u00e0 Medellin - \u00c9glise Adventiste Du Septieme Jour - Inter Am\u00e9rique Division","isPartOf":{"@id":"https:\/\/interamerica.org\/fr\/#website"},"primaryImageOfPage":{"@id":"https:\/\/interamerica.org\/fr\/2015\/03\/en-colombie-les-adventistes-amenent-des-sourires-a-des-milliers-de-personnes-a-medellin\/#primaryimage"},"image":{"@id":"https:\/\/interamerica.org\/fr\/2015\/03\/en-colombie-les-adventistes-amenent-des-sourires-a-des-milliers-de-personnes-a-medellin\/#primaryimage"},"thumbnailUrl":"https:\/\/interamerica.org\/wp-content\/uploads\/2017\/06\/SmilesforMEdeilin.png","datePublished":"2015-03-24T04:00:00+00:00","author":{"@id":"https:\/\/interamerica.org\/fr\/#\/schema\/person\/68ede8bdc292885bb76c1e3810e73c39"},"breadcrumb":{"@id":"https:\/\/interamerica.org\/fr\/2015\/03\/en-colombie-les-adventistes-amenent-des-sourires-a-des-milliers-de-personnes-a-medellin\/#breadcrumb"},"inLanguage":"fr-FR","potentialAction":[{"@type":"ReadAction","target":["https:\/\/interamerica.org\/fr\/2015\/03\/en-colombie-les-adventistes-amenent-des-sourires-a-des-milliers-de-personnes-a-medellin\/"]}]},{"@type":"ImageObject","inLanguage":"fr-FR","@id":"https:\/\/interamerica.org\/fr\/2015\/03\/en-colombie-les-adventistes-amenent-des-sourires-a-des-milliers-de-personnes-a-medellin\/#primaryimage","url":"https:\/\/interamerica.org\/wp-content\/uploads\/2017\/06\/SmilesforMEdeilin.png","contentUrl":"https:\/\/interamerica.org\/wp-content\/uploads\/2017\/06\/SmilesforMEdeilin.png","width":300,"height":200},{"@type":"BreadcrumbList","@id":"https:\/\/interamerica.org\/fr\/2015\/03\/en-colombie-les-adventistes-amenent-des-sourires-a-des-milliers-de-personnes-a-medellin\/#breadcrumb","itemListElement":[{"@type":"ListItem","position":1,"name":"Home","item":"https:\/\/interamerica.org\/fr\/"},{"@type":"ListItem","position":2,"name":"En Colombie, les Adventistes am\u00e8nent des sourires \u00e0 des milliers de personnes \u00e0 Medellin"}]},{"@type":"WebSite","@id":"https:\/\/interamerica.org\/fr\/#website","url":"https:\/\/interamerica.org\/fr\/","name":"\u00c9glise Adventiste Du Septieme Jour - Inter Am\u00e9rique Division","description":"","potentialAction":[{"@type":"SearchAction","target":{"@type":"EntryPoint","urlTemplate":"https:\/\/interamerica.org\/fr\/?s={search_term_string}"},"query-input":{"@type":"PropertyValueSpecification","valueRequired":true,"valueName":"search_term_string"}}],"inLanguage":"fr-FR"},{"@type":"Person","@id":"https:\/\/interamerica.org\/fr\/#\/schema\/person\/68ede8bdc292885bb76c1e3810e73c39","name":"Lorenzo Verduzco","image":{"@type":"ImageObject","inLanguage":"fr-FR","@id":"https:\/\/secure.gravatar.com\/avatar\/fb81a55b6218459490a9c1dc841a34909185b81904c5337b4b27f7a6fd60c49e?s=96&d=mm&r=g","url":"https:\/\/secure.gravatar.com\/avatar\/fb81a55b6218459490a9c1dc841a34909185b81904c5337b4b27f7a6fd60c49e?s=96&d=mm&r=g","contentUrl":"https:\/\/secure.gravatar.com\/avatar\/fb81a55b6218459490a9c1dc841a34909185b81904c5337b4b27f7a6fd60c49e?s=96&d=mm&r=g","caption":"Lorenzo Verduzco"}}]}},"_links":{"self":[{"href":"https:\/\/interamerica.org\/fr\/wp-json\/wp\/v2\/posts\/32211","targetHints":{"allow":["GET"]}}],"collection":[{"href":"https:\/\/interamerica.org\/fr\/wp-json\/wp\/v2\/posts"}],"about":[{"href":"https:\/\/interamerica.org\/fr\/wp-json\/wp\/v2\/types\/post"}],"author":[{"embeddable":true,"href":"https:\/\/interamerica.org\/fr\/wp-json\/wp\/v2\/users\/1"}],"replies":[{"embeddable":true,"href":"https:\/\/interamerica.org\/fr\/wp-json\/wp\/v2\/comments?post=32211"}],"version-history":[{"count":0,"href":"https:\/\/interamerica.org\/fr\/wp-json\/wp\/v2\/posts\/32211\/revisions"}],"wp:featuredmedia":[{"embeddable":true,"href":"https:\/\/interamerica.org\/fr\/wp-json\/wp\/v2\/media\/24794"}],"wp:attachment":[{"href":"https:\/\/interamerica.org\/fr\/wp-json\/wp\/v2\/media?parent=32211"}],"wp:term":[{"taxonomy":"category","embeddable":true,"href":"https:\/\/interamerica.org\/fr\/wp-json\/wp\/v2\/categories?post=32211"},{"taxonomy":"post_tag","embeddable":true,"href":"https:\/\/interamerica.org\/fr\/wp-json\/wp\/v2\/tags?post=32211"}],"curies":[{"name":"wp","href":"https:\/\/api.w.org\/{rel}","templated":true}]}}