{"id":32212,"date":"2015-03-25T00:00:00","date_gmt":"2015-03-25T04:00:00","guid":{"rendered":"http:\/\/192.81.217.108\/interamerica\/2015\/03\/deux-adventistes-sont-detenus-au-bangladesh\/"},"modified":"2015-03-25T00:00:00","modified_gmt":"2015-03-25T04:00:00","slug":"deux-adventistes-sont-detenus-au-bangladesh","status":"publish","type":"post","link":"https:\/\/interamerica.org\/fr\/2015\/03\/deux-adventistes-sont-detenus-au-bangladesh\/","title":{"rendered":"Deux adventistes sont d\u00e9tenus au Bangladesh"},"content":{"rendered":"<div id=\"attachment_15957\" style=\"width: 310px\" class=\"wp-caption alignright\"><a href=\"\/interamerica\/wp-content\/uploads\/2017\/06\/csm_Bangladesh-01_c895abf6fd.jpg\" rel=\"fancybox\" title=\"Deux adventistes sont d\u00e9tenus au Bangladesh\"><img fetchpriority=\"high\" decoding=\"async\" aria-describedby=\"caption-attachment-15957\" class=\"size-medium wp-image-15957 \" src=\"\/interamerica\/wp-content\/uploads\/2017\/06\/csm_Bangladesh-01_c895abf6fd-300x232.jpg\" alt=\"\" width=\"300\" height=\"232\" \/><\/a><p id=\"caption-attachment-15957\" class=\"wp-caption-text\">Image de Daniel Taipe<\/p><\/div>\n<p>24 mars 2015\/ Silver Spring, Maryland, \u00c9tats-Unis\/ \u00c9quipe ANN<\/p>\n<p>L\u2019\u00c9glise Adventiste du Septi\u00e8me Jour a d\u00e9clar\u00e9 mardi que deux adventistes \u00e9taient d\u00e9tenus au Bangladesh sur de vagues chefs d\u2019accusation.<\/p>\n<p>Ils ont \u00e9t\u00e9\u00a0 remis en libert\u00e9 apr\u00e8s une audience, a annonc\u00e9 Garrett Caldwell, le porte-parole de l&rsquo;\u00c9glise.<\/p>\n<p>L\u2019\u00c9glise Adventiste cherche \u00e0 clarifier les circonstances qui entourent cette affaire.<\/p>\n<p>\u00ab\u00a0Alors que l\u2019\u00c9glise Adventiste de Septi\u00e8me Jour accorde une grande valeur \u00e0 la libert\u00e9 religieuse et encourage le respect de toutes les traditions religieuses, nous r\u00e9alisons que des incompr\u00e9hensions peuvent se produire dans les parties du monde o\u00f9 nous sommes une minorit\u00e9 religieuse\u00a0\u00bb a dit Caldwell. Nous esp\u00e9rons que la situation s\u2019arrangera car nous travaillons avec les autorit\u00e9s locales pour \u00e9claircir l\u2019affaire.\u00a0\u00bb<\/p>\n<p>Il a demand\u00e9 aux adventistes du monde entier de prier pour cette affaire.<\/p>\n<p>Le Bangladesh, qui est bord\u00e9 par l\u2019Inde et le Myanmar au sud-est du pays, a la quatri\u00e8me plus grande population de Musulmans du monde apr\u00e8s l\u2019Indon\u00e9sie, le Pakistan et l\u2019Inde. On estime que 86 pourcent de la population de 157 millions est musulman, suivi de 12 pourcent de Hindi et de 1 pourcent de Bouddhistes. Les chr\u00e9tiens constituent \u00e0 peu pr\u00e8s 0.4 pourcent de la population.<\/p>\n<p>L\u2019\u00c9glise Adventiste du Septi\u00e8me Jour a pr\u00e8s de 18,5 millions de membres qui adorent dans 140 000 congr\u00e9gations \u00e0 travers le monde. Elle g\u00e8re aussi un r\u00e9seau d\u2019h\u00f4pitaux et d\u2019\u00e9coles et conduit des projets humanitaires \u00e0 travers l\u2019Agence adventiste du d\u00e9veloppement et de l\u2019aide humanitaire (ADRA) dans plus de 120 pays.<\/p>\n<p>Traduction\u00a0: Carole et Charles SAINT-LOUIS<\/p>\n","protected":false},"excerpt":{"rendered":"<p>L\u2019\u00c9glise Adventiste du Septi\u00e8me Jour a d\u00e9clar\u00e9 mardi que deux adventistes \u00e9taient d\u00e9tenus au Bangladesh sur de vagues chefs d\u2019accusation.  <\/p>\n<p>Ils ont \u00e9t\u00e9  remis en libert\u00e9 apr\u00e8s une audience, a annonc\u00e9 Garrett Caldwell, le porte-parole de l\u2019\u00c9glise.<\/p>\n","protected":false},"author":1,"featured_media":24813,"comment_status":"closed","ping_status":"closed","sticky":false,"template":"","format":"standard","meta":{"_acf_changed":false,"footnotes":""},"categories":[18,19],"tags":[],"class_list":["post-32212","post","type-post","status-publish","format-standard","has-post-thumbnail","hentry","category-nouvelles-de-leglise-mondiale","category-rss-francais"],"acf":[],"yoast_head":"<!-- This site is optimized with the Yoast SEO plugin v27.3 - https:\/\/yoast.com\/product\/yoast-seo-wordpress\/ -->\n<title>Deux adventistes sont d\u00e9tenus au Bangladesh - \u00c9glise Adventiste Du Septieme Jour - Inter Am\u00e9rique Division<\/title>\n<meta name=\"robots\" content=\"index, follow, max-snippet:-1, max-image-preview:large, max-video-preview:-1\" \/>\n<link rel=\"canonical\" href=\"https:\/\/interamerica.org\/fr\/2015\/03\/deux-adventistes-sont-detenus-au-bangladesh\/\" \/>\n<meta property=\"og:locale\" content=\"fr_FR\" \/>\n<meta property=\"og:type\" content=\"article\" \/>\n<meta property=\"og:title\" content=\"Deux adventistes sont d\u00e9tenus au Bangladesh - \u00c9glise Adventiste Du Septieme Jour - Inter Am\u00e9rique Division\" \/>\n<meta property=\"og:description\" content=\"L\u2019\u00c9glise Adventiste du Septi\u00e8me Jour a d\u00e9clar\u00e9 mardi que deux adventistes \u00e9taient d\u00e9tenus au Bangladesh sur de vagues chefs d\u2019accusation.  Ils ont \u00e9t\u00e9 remis en libert\u00e9 apr\u00e8s une audience, a annonc\u00e9 Garrett Caldwell, le porte-parole de l\u2019\u00c9glise.\" \/>\n<meta property=\"og:url\" content=\"https:\/\/interamerica.org\/fr\/2015\/03\/deux-adventistes-sont-detenus-au-bangladesh\/\" \/>\n<meta property=\"og:site_name\" content=\"\u00c9glise Adventiste Du Septieme Jour - Inter Am\u00e9rique Division\" \/>\n<meta property=\"article:published_time\" content=\"2015-03-25T04:00:00+00:00\" \/>\n<meta property=\"og:image\" content=\"https:\/\/interamerica.org\/wp-content\/uploads\/2017\/06\/csm_Bangladesh-01_c895abf6fd.jpg\" \/>\n\t<meta property=\"og:image:width\" content=\"400\" \/>\n\t<meta property=\"og:image:height\" content=\"310\" \/>\n\t<meta property=\"og:image:type\" content=\"image\/jpeg\" \/>\n<meta name=\"author\" content=\"Lorenzo Verduzco\" \/>\n<meta name=\"twitter:card\" content=\"summary_large_image\" \/>\n<meta name=\"twitter:label1\" content=\"\u00c9crit par\" \/>\n\t<meta name=\"twitter:data1\" content=\"Lorenzo Verduzco\" \/>\n\t<meta name=\"twitter:label2\" content=\"Dur\u00e9e de lecture estim\u00e9e\" \/>\n\t<meta name=\"twitter:data2\" content=\"1 minute\" \/>\n<script type=\"application\/ld+json\" class=\"yoast-schema-graph\">{\"@context\":\"https:\\\/\\\/schema.org\",\"@graph\":[{\"@type\":\"Article\",\"@id\":\"https:\\\/\\\/interamerica.org\\\/fr\\\/2015\\\/03\\\/deux-adventistes-sont-detenus-au-bangladesh\\\/#article\",\"isPartOf\":{\"@id\":\"https:\\\/\\\/interamerica.org\\\/fr\\\/2015\\\/03\\\/deux-adventistes-sont-detenus-au-bangladesh\\\/\"},\"author\":{\"name\":\"Lorenzo Verduzco\",\"@id\":\"https:\\\/\\\/interamerica.org\\\/fr\\\/#\\\/schema\\\/person\\\/68ede8bdc292885bb76c1e3810e73c39\"},\"headline\":\"Deux adventistes sont d\u00e9tenus au Bangladesh\",\"datePublished\":\"2015-03-25T04:00:00+00:00\",\"mainEntityOfPage\":{\"@id\":\"https:\\\/\\\/interamerica.org\\\/fr\\\/2015\\\/03\\\/deux-adventistes-sont-detenus-au-bangladesh\\\/\"},\"wordCount\":292,\"image\":{\"@id\":\"https:\\\/\\\/interamerica.org\\\/fr\\\/2015\\\/03\\\/deux-adventistes-sont-detenus-au-bangladesh\\\/#primaryimage\"},\"thumbnailUrl\":\"https:\\\/\\\/interamerica.org\\\/wp-content\\\/uploads\\\/2017\\\/06\\\/csm_Bangladesh-01_c895abf6fd.jpg\",\"articleSection\":[\"Nouvelles de l'\u00c9glise mondiale\",\"RSS Fran\u00e7ais\"],\"inLanguage\":\"fr-FR\"},{\"@type\":\"WebPage\",\"@id\":\"https:\\\/\\\/interamerica.org\\\/fr\\\/2015\\\/03\\\/deux-adventistes-sont-detenus-au-bangladesh\\\/\",\"url\":\"https:\\\/\\\/interamerica.org\\\/fr\\\/2015\\\/03\\\/deux-adventistes-sont-detenus-au-bangladesh\\\/\",\"name\":\"Deux adventistes sont d\u00e9tenus au Bangladesh - \u00c9glise Adventiste Du Septieme Jour - Inter Am\u00e9rique Division\",\"isPartOf\":{\"@id\":\"https:\\\/\\\/interamerica.org\\\/fr\\\/#website\"},\"primaryImageOfPage\":{\"@id\":\"https:\\\/\\\/interamerica.org\\\/fr\\\/2015\\\/03\\\/deux-adventistes-sont-detenus-au-bangladesh\\\/#primaryimage\"},\"image\":{\"@id\":\"https:\\\/\\\/interamerica.org\\\/fr\\\/2015\\\/03\\\/deux-adventistes-sont-detenus-au-bangladesh\\\/#primaryimage\"},\"thumbnailUrl\":\"https:\\\/\\\/interamerica.org\\\/wp-content\\\/uploads\\\/2017\\\/06\\\/csm_Bangladesh-01_c895abf6fd.jpg\",\"datePublished\":\"2015-03-25T04:00:00+00:00\",\"author\":{\"@id\":\"https:\\\/\\\/interamerica.org\\\/fr\\\/#\\\/schema\\\/person\\\/68ede8bdc292885bb76c1e3810e73c39\"},\"breadcrumb\":{\"@id\":\"https:\\\/\\\/interamerica.org\\\/fr\\\/2015\\\/03\\\/deux-adventistes-sont-detenus-au-bangladesh\\\/#breadcrumb\"},\"inLanguage\":\"fr-FR\",\"potentialAction\":[{\"@type\":\"ReadAction\",\"target\":[\"https:\\\/\\\/interamerica.org\\\/fr\\\/2015\\\/03\\\/deux-adventistes-sont-detenus-au-bangladesh\\\/\"]}]},{\"@type\":\"ImageObject\",\"inLanguage\":\"fr-FR\",\"@id\":\"https:\\\/\\\/interamerica.org\\\/fr\\\/2015\\\/03\\\/deux-adventistes-sont-detenus-au-bangladesh\\\/#primaryimage\",\"url\":\"https:\\\/\\\/interamerica.org\\\/wp-content\\\/uploads\\\/2017\\\/06\\\/csm_Bangladesh-01_c895abf6fd.jpg\",\"contentUrl\":\"https:\\\/\\\/interamerica.org\\\/wp-content\\\/uploads\\\/2017\\\/06\\\/csm_Bangladesh-01_c895abf6fd.jpg\",\"width\":400,\"height\":310},{\"@type\":\"BreadcrumbList\",\"@id\":\"https:\\\/\\\/interamerica.org\\\/fr\\\/2015\\\/03\\\/deux-adventistes-sont-detenus-au-bangladesh\\\/#breadcrumb\",\"itemListElement\":[{\"@type\":\"ListItem\",\"position\":1,\"name\":\"Home\",\"item\":\"https:\\\/\\\/interamerica.org\\\/fr\\\/\"},{\"@type\":\"ListItem\",\"position\":2,\"name\":\"Deux adventistes sont d\u00e9tenus au Bangladesh\"}]},{\"@type\":\"WebSite\",\"@id\":\"https:\\\/\\\/interamerica.org\\\/fr\\\/#website\",\"url\":\"https:\\\/\\\/interamerica.org\\\/fr\\\/\",\"name\":\"\u00c9glise Adventiste Du Septieme Jour - Inter Am\u00e9rique Division\",\"description\":\"\",\"potentialAction\":[{\"@type\":\"SearchAction\",\"target\":{\"@type\":\"EntryPoint\",\"urlTemplate\":\"https:\\\/\\\/interamerica.org\\\/fr\\\/?s={search_term_string}\"},\"query-input\":{\"@type\":\"PropertyValueSpecification\",\"valueRequired\":true,\"valueName\":\"search_term_string\"}}],\"inLanguage\":\"fr-FR\"},{\"@type\":\"Person\",\"@id\":\"https:\\\/\\\/interamerica.org\\\/fr\\\/#\\\/schema\\\/person\\\/68ede8bdc292885bb76c1e3810e73c39\",\"name\":\"Lorenzo Verduzco\",\"image\":{\"@type\":\"ImageObject\",\"inLanguage\":\"fr-FR\",\"@id\":\"https:\\\/\\\/secure.gravatar.com\\\/avatar\\\/fb81a55b6218459490a9c1dc841a34909185b81904c5337b4b27f7a6fd60c49e?s=96&d=mm&r=g\",\"url\":\"https:\\\/\\\/secure.gravatar.com\\\/avatar\\\/fb81a55b6218459490a9c1dc841a34909185b81904c5337b4b27f7a6fd60c49e?s=96&d=mm&r=g\",\"contentUrl\":\"https:\\\/\\\/secure.gravatar.com\\\/avatar\\\/fb81a55b6218459490a9c1dc841a34909185b81904c5337b4b27f7a6fd60c49e?s=96&d=mm&r=g\",\"caption\":\"Lorenzo Verduzco\"}}]}<\/script>\n<!-- \/ Yoast SEO plugin. -->","yoast_head_json":{"title":"Deux adventistes sont d\u00e9tenus au Bangladesh - \u00c9glise Adventiste Du Septieme Jour - Inter Am\u00e9rique Division","robots":{"index":"index","follow":"follow","max-snippet":"max-snippet:-1","max-image-preview":"max-image-preview:large","max-video-preview":"max-video-preview:-1"},"canonical":"https:\/\/interamerica.org\/fr\/2015\/03\/deux-adventistes-sont-detenus-au-bangladesh\/","og_locale":"fr_FR","og_type":"article","og_title":"Deux adventistes sont d\u00e9tenus au Bangladesh - \u00c9glise Adventiste Du Septieme Jour - Inter Am\u00e9rique Division","og_description":"L\u2019\u00c9glise Adventiste du Septi\u00e8me Jour a d\u00e9clar\u00e9 mardi que deux adventistes \u00e9taient d\u00e9tenus au Bangladesh sur de vagues chefs d\u2019accusation.  Ils ont \u00e9t\u00e9 remis en libert\u00e9 apr\u00e8s une audience, a annonc\u00e9 Garrett Caldwell, le porte-parole de l\u2019\u00c9glise.","og_url":"https:\/\/interamerica.org\/fr\/2015\/03\/deux-adventistes-sont-detenus-au-bangladesh\/","og_site_name":"\u00c9glise Adventiste Du Septieme Jour - Inter Am\u00e9rique Division","article_published_time":"2015-03-25T04:00:00+00:00","og_image":[{"width":400,"height":310,"url":"https:\/\/interamerica.org\/wp-content\/uploads\/2017\/06\/csm_Bangladesh-01_c895abf6fd.jpg","type":"image\/jpeg"}],"author":"Lorenzo Verduzco","twitter_card":"summary_large_image","twitter_misc":{"\u00c9crit par":"Lorenzo Verduzco","Dur\u00e9e de lecture estim\u00e9e":"1 minute"},"schema":{"@context":"https:\/\/schema.org","@graph":[{"@type":"Article","@id":"https:\/\/interamerica.org\/fr\/2015\/03\/deux-adventistes-sont-detenus-au-bangladesh\/#article","isPartOf":{"@id":"https:\/\/interamerica.org\/fr\/2015\/03\/deux-adventistes-sont-detenus-au-bangladesh\/"},"author":{"name":"Lorenzo Verduzco","@id":"https:\/\/interamerica.org\/fr\/#\/schema\/person\/68ede8bdc292885bb76c1e3810e73c39"},"headline":"Deux adventistes sont d\u00e9tenus au Bangladesh","datePublished":"2015-03-25T04:00:00+00:00","mainEntityOfPage":{"@id":"https:\/\/interamerica.org\/fr\/2015\/03\/deux-adventistes-sont-detenus-au-bangladesh\/"},"wordCount":292,"image":{"@id":"https:\/\/interamerica.org\/fr\/2015\/03\/deux-adventistes-sont-detenus-au-bangladesh\/#primaryimage"},"thumbnailUrl":"https:\/\/interamerica.org\/wp-content\/uploads\/2017\/06\/csm_Bangladesh-01_c895abf6fd.jpg","articleSection":["Nouvelles de l'\u00c9glise mondiale","RSS Fran\u00e7ais"],"inLanguage":"fr-FR"},{"@type":"WebPage","@id":"https:\/\/interamerica.org\/fr\/2015\/03\/deux-adventistes-sont-detenus-au-bangladesh\/","url":"https:\/\/interamerica.org\/fr\/2015\/03\/deux-adventistes-sont-detenus-au-bangladesh\/","name":"Deux adventistes sont d\u00e9tenus au Bangladesh - \u00c9glise Adventiste Du Septieme Jour - Inter Am\u00e9rique Division","isPartOf":{"@id":"https:\/\/interamerica.org\/fr\/#website"},"primaryImageOfPage":{"@id":"https:\/\/interamerica.org\/fr\/2015\/03\/deux-adventistes-sont-detenus-au-bangladesh\/#primaryimage"},"image":{"@id":"https:\/\/interamerica.org\/fr\/2015\/03\/deux-adventistes-sont-detenus-au-bangladesh\/#primaryimage"},"thumbnailUrl":"https:\/\/interamerica.org\/wp-content\/uploads\/2017\/06\/csm_Bangladesh-01_c895abf6fd.jpg","datePublished":"2015-03-25T04:00:00+00:00","author":{"@id":"https:\/\/interamerica.org\/fr\/#\/schema\/person\/68ede8bdc292885bb76c1e3810e73c39"},"breadcrumb":{"@id":"https:\/\/interamerica.org\/fr\/2015\/03\/deux-adventistes-sont-detenus-au-bangladesh\/#breadcrumb"},"inLanguage":"fr-FR","potentialAction":[{"@type":"ReadAction","target":["https:\/\/interamerica.org\/fr\/2015\/03\/deux-adventistes-sont-detenus-au-bangladesh\/"]}]},{"@type":"ImageObject","inLanguage":"fr-FR","@id":"https:\/\/interamerica.org\/fr\/2015\/03\/deux-adventistes-sont-detenus-au-bangladesh\/#primaryimage","url":"https:\/\/interamerica.org\/wp-content\/uploads\/2017\/06\/csm_Bangladesh-01_c895abf6fd.jpg","contentUrl":"https:\/\/interamerica.org\/wp-content\/uploads\/2017\/06\/csm_Bangladesh-01_c895abf6fd.jpg","width":400,"height":310},{"@type":"BreadcrumbList","@id":"https:\/\/interamerica.org\/fr\/2015\/03\/deux-adventistes-sont-detenus-au-bangladesh\/#breadcrumb","itemListElement":[{"@type":"ListItem","position":1,"name":"Home","item":"https:\/\/interamerica.org\/fr\/"},{"@type":"ListItem","position":2,"name":"Deux adventistes sont d\u00e9tenus au Bangladesh"}]},{"@type":"WebSite","@id":"https:\/\/interamerica.org\/fr\/#website","url":"https:\/\/interamerica.org\/fr\/","name":"\u00c9glise Adventiste Du Septieme Jour - Inter Am\u00e9rique Division","description":"","potentialAction":[{"@type":"SearchAction","target":{"@type":"EntryPoint","urlTemplate":"https:\/\/interamerica.org\/fr\/?s={search_term_string}"},"query-input":{"@type":"PropertyValueSpecification","valueRequired":true,"valueName":"search_term_string"}}],"inLanguage":"fr-FR"},{"@type":"Person","@id":"https:\/\/interamerica.org\/fr\/#\/schema\/person\/68ede8bdc292885bb76c1e3810e73c39","name":"Lorenzo Verduzco","image":{"@type":"ImageObject","inLanguage":"fr-FR","@id":"https:\/\/secure.gravatar.com\/avatar\/fb81a55b6218459490a9c1dc841a34909185b81904c5337b4b27f7a6fd60c49e?s=96&d=mm&r=g","url":"https:\/\/secure.gravatar.com\/avatar\/fb81a55b6218459490a9c1dc841a34909185b81904c5337b4b27f7a6fd60c49e?s=96&d=mm&r=g","contentUrl":"https:\/\/secure.gravatar.com\/avatar\/fb81a55b6218459490a9c1dc841a34909185b81904c5337b4b27f7a6fd60c49e?s=96&d=mm&r=g","caption":"Lorenzo Verduzco"}}]}},"_links":{"self":[{"href":"https:\/\/interamerica.org\/fr\/wp-json\/wp\/v2\/posts\/32212","targetHints":{"allow":["GET"]}}],"collection":[{"href":"https:\/\/interamerica.org\/fr\/wp-json\/wp\/v2\/posts"}],"about":[{"href":"https:\/\/interamerica.org\/fr\/wp-json\/wp\/v2\/types\/post"}],"author":[{"embeddable":true,"href":"https:\/\/interamerica.org\/fr\/wp-json\/wp\/v2\/users\/1"}],"replies":[{"embeddable":true,"href":"https:\/\/interamerica.org\/fr\/wp-json\/wp\/v2\/comments?post=32212"}],"version-history":[{"count":0,"href":"https:\/\/interamerica.org\/fr\/wp-json\/wp\/v2\/posts\/32212\/revisions"}],"wp:featuredmedia":[{"embeddable":true,"href":"https:\/\/interamerica.org\/fr\/wp-json\/wp\/v2\/media\/24813"}],"wp:attachment":[{"href":"https:\/\/interamerica.org\/fr\/wp-json\/wp\/v2\/media?parent=32212"}],"wp:term":[{"taxonomy":"category","embeddable":true,"href":"https:\/\/interamerica.org\/fr\/wp-json\/wp\/v2\/categories?post=32212"},{"taxonomy":"post_tag","embeddable":true,"href":"https:\/\/interamerica.org\/fr\/wp-json\/wp\/v2\/tags?post=32212"}],"curies":[{"name":"wp","href":"https:\/\/api.w.org\/{rel}","templated":true}]}}