{"id":32214,"date":"2015-03-25T00:00:00","date_gmt":"2015-03-25T04:00:00","guid":{"rendered":"http:\/\/192.81.217.108\/interamerica\/2015\/03\/leglise-adventiste-presente-ses-condoleances-apres-le-crash-de-lavion-germanwings-en-france\/"},"modified":"2015-03-25T00:00:00","modified_gmt":"2015-03-25T04:00:00","slug":"leglise-adventiste-presente-ses-condoleances-apres-le-crash-de-lavion-germanwings-en-france","status":"publish","type":"post","link":"https:\/\/interamerica.org\/fr\/2015\/03\/leglise-adventiste-presente-ses-condoleances-apres-le-crash-de-lavion-germanwings-en-france\/","title":{"rendered":"L&rsquo;\u00c9glise adventiste pr\u00e9sente ses condol\u00e9ances apr\u00e8s le crash de l\u2019avion Germanwings en France"},"content":{"rendered":"<p>25 Mars, 2015 | Berne, Suisse | EUD News\/APD<\/p>\n<p>Un Airbus A320 de Germanwings transportant 150 personnes s\u2019est \u00e9cras\u00e9 le 24 Mars dans les contreforts pr\u00e8s de Digne-les-Bains, dans les Alpes de Haute Provence, dans le sud la France, a d\u00e9clar\u00e9 le Premier ministre fran\u00e7ais Manuel Valls aux journalistes.<\/p>\n<div id=\"attachment_15984\" style=\"width: 310px\" class=\"wp-caption alignleft\"><a href=\"\/interamerica\/wp-content\/uploads\/2017\/06\/csm_VertallierBruno_GCAC_018f1400ff.jpg\" rel=\"fancybox\" title=\"L'\u00c9glise adventiste pr\u00e9sente ses condol\u00e9ances apr\u00e8s le crash de l\u2019avion Germanwings en France\"><img fetchpriority=\"high\" decoding=\"async\" aria-describedby=\"caption-attachment-15984\" class=\"size-medium wp-image-15984 \" title=\"csm_VertallierBruno_GCAC_018f1400ff\" src=\"\/interamerica\/wp-content\/uploads\/2017\/06\/csm_VertallierBruno_GCAC_018f1400ff-300x200.jpg\" alt=\"\" width=\"300\" height=\"200\" \/><\/a><p id=\"caption-attachment-15984\" class=\"wp-caption-text\">Bruno Vertallier est pr\u00e9sident de la Division Trans-Europ\u00e9enne, bas\u00e9e \u00e0 Berne, en Suisse. Image de Ansel Oliver<\/p><\/div>\n<p>Manuel Valls a dit qu&rsquo;il craint que toutes les personnes \u00e0 bord du vol allant de Barcelone (Espagne), \u00e0 D\u00fcsseldorf (Allemagne) soient d\u00e9c\u00e9d\u00e9es. Le pr\u00e9sident fran\u00e7ais Fran\u00e7ois Hollande a \u00e9galement dit : \u00ab\u00a0Les conditions de l&rsquo;accident ne sont pas encore claires, mais nous portent \u00e0 croire qu&rsquo;il n&rsquo;y aura pas de survivants\u00a0\u00bb.<\/p>\n<p>Le Premier ministre espagnol Mariano Rajoy a d\u00e9clar\u00e9 qu&rsquo;il y avait un \u00ab\u00a0grand nombre d&rsquo;Espagnols, d\u2019Allemands et de Turcs\u00a0\u00bb sur le vol de Germanwings.<\/p>\n<p>\u00ab\u00a0L&rsquo;\u00c9glise adventiste du septi\u00e8me jour dans le Sud et l&rsquo;Ouest de l&rsquo;Europe exprime sa profonde sympathie et ses condol\u00e9ances les plus sinc\u00e8res aux familles de toutes les victimes\u00bb, a d\u00e9clar\u00e9 le d\u00e9partement de communication de la Division Intereurop\u00e9enne EUD dans un communiqu\u00e9 de presse. \u00ab\u00a0Nous partageons leur douleur et prions pour que le Seigneur puisse r\u00e9conforter et soulager leurs coeurs.\u00a0\u00bb<\/p>\n<p>Bruno Vertallier, pr\u00e9sident de l&rsquo;\u00c9glise adventiste du septi\u00e8me jour dans le Sud et l&rsquo;Ouest de l&rsquo;Europe, porte le deuil avec les familles des victimes de ce tragique \u00e9v\u00e9nement. \u00ab\u00a0J\u2019esp\u00e8re que vous trouverez le soutien n\u00e9cessaire pour passer cette terrible r\u00e9alit\u00e9 d&rsquo;\u00eatre coup\u00e9 de vos proches. Je suis de tout coeur avec vous.\u00a0\u00bb<\/p>\n<p>Selon le communiqu\u00e9 de presse de l&rsquo;\u00c9glise adventiste est pr\u00eate \u00e0 offrir une assistance et un soutien \u00e0 chaque personne touch\u00e9e par le terrible accident d&rsquo;avion \u00e0 travers ses \u00e9glises locales et institutions en Allemagne, France et Espagne.<\/p>\n<p>Source : Site internet Collonges-sur-Sal\u00e8ves Eglise Adventiste du Septi\u00e8me jour.<\/p>\n","protected":false},"excerpt":{"rendered":"<p>Un Airbus A320 de Germanwings transportant 150 personnes s\u2019est \u00e9cras\u00e9 le 24 Mars dans les contreforts pr\u00e8s de Digne-les-Bains, dans les Alpes de Haute Provence, dans le sud la France, a d\u00e9clar\u00e9 le Premier ministre fran\u00e7ais Manuel Valls aux journalistes.  <\/p>\n<p>Manuel Valls a dit qu&rsquo;il craint que toutes les personnes \u00e0 bord du vol allant de Barcelone (Espagne), \u00e0 D\u00fcsseldorf (Allemagne) soient d\u00e9c\u00e9d\u00e9es. Le pr\u00e9sident fran\u00e7ais Fran\u00e7ois Hollande a \u00e9galement dit : \u00ab\u00a0Les conditions de l&rsquo;accident ne sont pas encore claires, mais nous portent \u00e0 croire qu&rsquo;il n&rsquo;y aura pas de survivants \u00bb.<\/p>\n","protected":false},"author":1,"featured_media":24817,"comment_status":"closed","ping_status":"closed","sticky":false,"template":"","format":"standard","meta":{"_acf_changed":false,"footnotes":""},"categories":[18,19],"tags":[],"class_list":["post-32214","post","type-post","status-publish","format-standard","has-post-thumbnail","hentry","category-nouvelles-de-leglise-mondiale","category-rss-francais"],"acf":[],"yoast_head":"<!-- This site is optimized with the Yoast SEO plugin v27.3 - https:\/\/yoast.com\/product\/yoast-seo-wordpress\/ -->\n<title>L&#039;\u00c9glise adventiste pr\u00e9sente ses condol\u00e9ances apr\u00e8s le crash de l\u2019avion Germanwings en France - \u00c9glise Adventiste Du Septieme Jour - Inter Am\u00e9rique Division<\/title>\n<meta name=\"robots\" content=\"index, follow, max-snippet:-1, max-image-preview:large, max-video-preview:-1\" \/>\n<link rel=\"canonical\" href=\"https:\/\/interamerica.org\/fr\/2015\/03\/leglise-adventiste-presente-ses-condoleances-apres-le-crash-de-lavion-germanwings-en-france\/\" \/>\n<meta property=\"og:locale\" content=\"fr_FR\" \/>\n<meta property=\"og:type\" content=\"article\" \/>\n<meta property=\"og:title\" content=\"L&#039;\u00c9glise adventiste pr\u00e9sente ses condol\u00e9ances apr\u00e8s le crash de l\u2019avion Germanwings en France - \u00c9glise Adventiste Du Septieme Jour - Inter Am\u00e9rique Division\" \/>\n<meta property=\"og:description\" content=\"Un Airbus A320 de Germanwings transportant 150 personnes s\u2019est \u00e9cras\u00e9 le 24 Mars dans les contreforts pr\u00e8s de Digne-les-Bains, dans les Alpes de Haute Provence, dans le sud la France, a d\u00e9clar\u00e9 le Premier ministre fran\u00e7ais Manuel Valls aux journalistes.  Manuel Valls a dit qu&#039;il craint que toutes les personnes \u00e0 bord du vol allant de Barcelone (Espagne), \u00e0 D\u00fcsseldorf (Allemagne) soient d\u00e9c\u00e9d\u00e9es. Le pr\u00e9sident fran\u00e7ais Fran\u00e7ois Hollande a \u00e9galement dit : &quot;Les conditions de l&#039;accident ne sont pas encore claires, mais nous portent \u00e0 croire qu&#039;il n&#039;y aura pas de survivants \u00bb.\" \/>\n<meta property=\"og:url\" content=\"https:\/\/interamerica.org\/fr\/2015\/03\/leglise-adventiste-presente-ses-condoleances-apres-le-crash-de-lavion-germanwings-en-france\/\" \/>\n<meta property=\"og:site_name\" content=\"\u00c9glise Adventiste Du Septieme Jour - Inter Am\u00e9rique Division\" \/>\n<meta property=\"article:published_time\" content=\"2015-03-25T04:00:00+00:00\" \/>\n<meta property=\"og:image\" content=\"https:\/\/interamerica.org\/wp-content\/uploads\/2017\/06\/csm_VertallierBruno_GCAC_018f1400ff.jpg\" \/>\n\t<meta property=\"og:image:width\" content=\"400\" \/>\n\t<meta property=\"og:image:height\" content=\"267\" \/>\n\t<meta property=\"og:image:type\" content=\"image\/jpeg\" \/>\n<meta name=\"author\" content=\"Lorenzo Verduzco\" \/>\n<meta name=\"twitter:card\" content=\"summary_large_image\" \/>\n<meta name=\"twitter:label1\" content=\"\u00c9crit par\" \/>\n\t<meta name=\"twitter:data1\" content=\"Lorenzo Verduzco\" \/>\n\t<meta name=\"twitter:label2\" content=\"Dur\u00e9e de lecture estim\u00e9e\" \/>\n\t<meta name=\"twitter:data2\" content=\"2 minutes\" \/>\n<script type=\"application\/ld+json\" class=\"yoast-schema-graph\">{\"@context\":\"https:\\\/\\\/schema.org\",\"@graph\":[{\"@type\":\"Article\",\"@id\":\"https:\\\/\\\/interamerica.org\\\/fr\\\/2015\\\/03\\\/leglise-adventiste-presente-ses-condoleances-apres-le-crash-de-lavion-germanwings-en-france\\\/#article\",\"isPartOf\":{\"@id\":\"https:\\\/\\\/interamerica.org\\\/fr\\\/2015\\\/03\\\/leglise-adventiste-presente-ses-condoleances-apres-le-crash-de-lavion-germanwings-en-france\\\/\"},\"author\":{\"name\":\"Lorenzo Verduzco\",\"@id\":\"https:\\\/\\\/interamerica.org\\\/fr\\\/#\\\/schema\\\/person\\\/68ede8bdc292885bb76c1e3810e73c39\"},\"headline\":\"L&rsquo;\u00c9glise adventiste pr\u00e9sente ses condol\u00e9ances apr\u00e8s le crash de l\u2019avion Germanwings en France\",\"datePublished\":\"2015-03-25T04:00:00+00:00\",\"mainEntityOfPage\":{\"@id\":\"https:\\\/\\\/interamerica.org\\\/fr\\\/2015\\\/03\\\/leglise-adventiste-presente-ses-condoleances-apres-le-crash-de-lavion-germanwings-en-france\\\/\"},\"wordCount\":362,\"image\":{\"@id\":\"https:\\\/\\\/interamerica.org\\\/fr\\\/2015\\\/03\\\/leglise-adventiste-presente-ses-condoleances-apres-le-crash-de-lavion-germanwings-en-france\\\/#primaryimage\"},\"thumbnailUrl\":\"https:\\\/\\\/interamerica.org\\\/wp-content\\\/uploads\\\/2017\\\/06\\\/csm_VertallierBruno_GCAC_018f1400ff.jpg\",\"articleSection\":[\"Nouvelles de l'\u00c9glise mondiale\",\"RSS Fran\u00e7ais\"],\"inLanguage\":\"fr-FR\"},{\"@type\":\"WebPage\",\"@id\":\"https:\\\/\\\/interamerica.org\\\/fr\\\/2015\\\/03\\\/leglise-adventiste-presente-ses-condoleances-apres-le-crash-de-lavion-germanwings-en-france\\\/\",\"url\":\"https:\\\/\\\/interamerica.org\\\/fr\\\/2015\\\/03\\\/leglise-adventiste-presente-ses-condoleances-apres-le-crash-de-lavion-germanwings-en-france\\\/\",\"name\":\"L'\u00c9glise adventiste pr\u00e9sente ses condol\u00e9ances apr\u00e8s le crash de l\u2019avion Germanwings en France - \u00c9glise Adventiste Du Septieme Jour - Inter Am\u00e9rique Division\",\"isPartOf\":{\"@id\":\"https:\\\/\\\/interamerica.org\\\/fr\\\/#website\"},\"primaryImageOfPage\":{\"@id\":\"https:\\\/\\\/interamerica.org\\\/fr\\\/2015\\\/03\\\/leglise-adventiste-presente-ses-condoleances-apres-le-crash-de-lavion-germanwings-en-france\\\/#primaryimage\"},\"image\":{\"@id\":\"https:\\\/\\\/interamerica.org\\\/fr\\\/2015\\\/03\\\/leglise-adventiste-presente-ses-condoleances-apres-le-crash-de-lavion-germanwings-en-france\\\/#primaryimage\"},\"thumbnailUrl\":\"https:\\\/\\\/interamerica.org\\\/wp-content\\\/uploads\\\/2017\\\/06\\\/csm_VertallierBruno_GCAC_018f1400ff.jpg\",\"datePublished\":\"2015-03-25T04:00:00+00:00\",\"author\":{\"@id\":\"https:\\\/\\\/interamerica.org\\\/fr\\\/#\\\/schema\\\/person\\\/68ede8bdc292885bb76c1e3810e73c39\"},\"breadcrumb\":{\"@id\":\"https:\\\/\\\/interamerica.org\\\/fr\\\/2015\\\/03\\\/leglise-adventiste-presente-ses-condoleances-apres-le-crash-de-lavion-germanwings-en-france\\\/#breadcrumb\"},\"inLanguage\":\"fr-FR\",\"potentialAction\":[{\"@type\":\"ReadAction\",\"target\":[\"https:\\\/\\\/interamerica.org\\\/fr\\\/2015\\\/03\\\/leglise-adventiste-presente-ses-condoleances-apres-le-crash-de-lavion-germanwings-en-france\\\/\"]}]},{\"@type\":\"ImageObject\",\"inLanguage\":\"fr-FR\",\"@id\":\"https:\\\/\\\/interamerica.org\\\/fr\\\/2015\\\/03\\\/leglise-adventiste-presente-ses-condoleances-apres-le-crash-de-lavion-germanwings-en-france\\\/#primaryimage\",\"url\":\"https:\\\/\\\/interamerica.org\\\/wp-content\\\/uploads\\\/2017\\\/06\\\/csm_VertallierBruno_GCAC_018f1400ff.jpg\",\"contentUrl\":\"https:\\\/\\\/interamerica.org\\\/wp-content\\\/uploads\\\/2017\\\/06\\\/csm_VertallierBruno_GCAC_018f1400ff.jpg\",\"width\":400,\"height\":267},{\"@type\":\"BreadcrumbList\",\"@id\":\"https:\\\/\\\/interamerica.org\\\/fr\\\/2015\\\/03\\\/leglise-adventiste-presente-ses-condoleances-apres-le-crash-de-lavion-germanwings-en-france\\\/#breadcrumb\",\"itemListElement\":[{\"@type\":\"ListItem\",\"position\":1,\"name\":\"Home\",\"item\":\"https:\\\/\\\/interamerica.org\\\/fr\\\/\"},{\"@type\":\"ListItem\",\"position\":2,\"name\":\"L&rsquo;\u00c9glise adventiste pr\u00e9sente ses condol\u00e9ances apr\u00e8s le crash de l\u2019avion Germanwings en France\"}]},{\"@type\":\"WebSite\",\"@id\":\"https:\\\/\\\/interamerica.org\\\/fr\\\/#website\",\"url\":\"https:\\\/\\\/interamerica.org\\\/fr\\\/\",\"name\":\"\u00c9glise Adventiste Du Septieme Jour - Inter Am\u00e9rique Division\",\"description\":\"\",\"potentialAction\":[{\"@type\":\"SearchAction\",\"target\":{\"@type\":\"EntryPoint\",\"urlTemplate\":\"https:\\\/\\\/interamerica.org\\\/fr\\\/?s={search_term_string}\"},\"query-input\":{\"@type\":\"PropertyValueSpecification\",\"valueRequired\":true,\"valueName\":\"search_term_string\"}}],\"inLanguage\":\"fr-FR\"},{\"@type\":\"Person\",\"@id\":\"https:\\\/\\\/interamerica.org\\\/fr\\\/#\\\/schema\\\/person\\\/68ede8bdc292885bb76c1e3810e73c39\",\"name\":\"Lorenzo Verduzco\",\"image\":{\"@type\":\"ImageObject\",\"inLanguage\":\"fr-FR\",\"@id\":\"https:\\\/\\\/secure.gravatar.com\\\/avatar\\\/fb81a55b6218459490a9c1dc841a34909185b81904c5337b4b27f7a6fd60c49e?s=96&d=mm&r=g\",\"url\":\"https:\\\/\\\/secure.gravatar.com\\\/avatar\\\/fb81a55b6218459490a9c1dc841a34909185b81904c5337b4b27f7a6fd60c49e?s=96&d=mm&r=g\",\"contentUrl\":\"https:\\\/\\\/secure.gravatar.com\\\/avatar\\\/fb81a55b6218459490a9c1dc841a34909185b81904c5337b4b27f7a6fd60c49e?s=96&d=mm&r=g\",\"caption\":\"Lorenzo Verduzco\"}}]}<\/script>\n<!-- \/ Yoast SEO plugin. -->","yoast_head_json":{"title":"L'\u00c9glise adventiste pr\u00e9sente ses condol\u00e9ances apr\u00e8s le crash de l\u2019avion Germanwings en France - \u00c9glise Adventiste Du Septieme Jour - Inter Am\u00e9rique Division","robots":{"index":"index","follow":"follow","max-snippet":"max-snippet:-1","max-image-preview":"max-image-preview:large","max-video-preview":"max-video-preview:-1"},"canonical":"https:\/\/interamerica.org\/fr\/2015\/03\/leglise-adventiste-presente-ses-condoleances-apres-le-crash-de-lavion-germanwings-en-france\/","og_locale":"fr_FR","og_type":"article","og_title":"L'\u00c9glise adventiste pr\u00e9sente ses condol\u00e9ances apr\u00e8s le crash de l\u2019avion Germanwings en France - \u00c9glise Adventiste Du Septieme Jour - Inter Am\u00e9rique Division","og_description":"Un Airbus A320 de Germanwings transportant 150 personnes s\u2019est \u00e9cras\u00e9 le 24 Mars dans les contreforts pr\u00e8s de Digne-les-Bains, dans les Alpes de Haute Provence, dans le sud la France, a d\u00e9clar\u00e9 le Premier ministre fran\u00e7ais Manuel Valls aux journalistes.  Manuel Valls a dit qu'il craint que toutes les personnes \u00e0 bord du vol allant de Barcelone (Espagne), \u00e0 D\u00fcsseldorf (Allemagne) soient d\u00e9c\u00e9d\u00e9es. Le pr\u00e9sident fran\u00e7ais Fran\u00e7ois Hollande a \u00e9galement dit : \"Les conditions de l'accident ne sont pas encore claires, mais nous portent \u00e0 croire qu'il n'y aura pas de survivants \u00bb.","og_url":"https:\/\/interamerica.org\/fr\/2015\/03\/leglise-adventiste-presente-ses-condoleances-apres-le-crash-de-lavion-germanwings-en-france\/","og_site_name":"\u00c9glise Adventiste Du Septieme Jour - Inter Am\u00e9rique Division","article_published_time":"2015-03-25T04:00:00+00:00","og_image":[{"width":400,"height":267,"url":"https:\/\/interamerica.org\/wp-content\/uploads\/2017\/06\/csm_VertallierBruno_GCAC_018f1400ff.jpg","type":"image\/jpeg"}],"author":"Lorenzo Verduzco","twitter_card":"summary_large_image","twitter_misc":{"\u00c9crit par":"Lorenzo Verduzco","Dur\u00e9e de lecture estim\u00e9e":"2 minutes"},"schema":{"@context":"https:\/\/schema.org","@graph":[{"@type":"Article","@id":"https:\/\/interamerica.org\/fr\/2015\/03\/leglise-adventiste-presente-ses-condoleances-apres-le-crash-de-lavion-germanwings-en-france\/#article","isPartOf":{"@id":"https:\/\/interamerica.org\/fr\/2015\/03\/leglise-adventiste-presente-ses-condoleances-apres-le-crash-de-lavion-germanwings-en-france\/"},"author":{"name":"Lorenzo Verduzco","@id":"https:\/\/interamerica.org\/fr\/#\/schema\/person\/68ede8bdc292885bb76c1e3810e73c39"},"headline":"L&rsquo;\u00c9glise adventiste pr\u00e9sente ses condol\u00e9ances apr\u00e8s le crash de l\u2019avion Germanwings en France","datePublished":"2015-03-25T04:00:00+00:00","mainEntityOfPage":{"@id":"https:\/\/interamerica.org\/fr\/2015\/03\/leglise-adventiste-presente-ses-condoleances-apres-le-crash-de-lavion-germanwings-en-france\/"},"wordCount":362,"image":{"@id":"https:\/\/interamerica.org\/fr\/2015\/03\/leglise-adventiste-presente-ses-condoleances-apres-le-crash-de-lavion-germanwings-en-france\/#primaryimage"},"thumbnailUrl":"https:\/\/interamerica.org\/wp-content\/uploads\/2017\/06\/csm_VertallierBruno_GCAC_018f1400ff.jpg","articleSection":["Nouvelles de l'\u00c9glise mondiale","RSS Fran\u00e7ais"],"inLanguage":"fr-FR"},{"@type":"WebPage","@id":"https:\/\/interamerica.org\/fr\/2015\/03\/leglise-adventiste-presente-ses-condoleances-apres-le-crash-de-lavion-germanwings-en-france\/","url":"https:\/\/interamerica.org\/fr\/2015\/03\/leglise-adventiste-presente-ses-condoleances-apres-le-crash-de-lavion-germanwings-en-france\/","name":"L'\u00c9glise adventiste pr\u00e9sente ses condol\u00e9ances apr\u00e8s le crash de l\u2019avion Germanwings en France - \u00c9glise Adventiste Du Septieme Jour - Inter Am\u00e9rique Division","isPartOf":{"@id":"https:\/\/interamerica.org\/fr\/#website"},"primaryImageOfPage":{"@id":"https:\/\/interamerica.org\/fr\/2015\/03\/leglise-adventiste-presente-ses-condoleances-apres-le-crash-de-lavion-germanwings-en-france\/#primaryimage"},"image":{"@id":"https:\/\/interamerica.org\/fr\/2015\/03\/leglise-adventiste-presente-ses-condoleances-apres-le-crash-de-lavion-germanwings-en-france\/#primaryimage"},"thumbnailUrl":"https:\/\/interamerica.org\/wp-content\/uploads\/2017\/06\/csm_VertallierBruno_GCAC_018f1400ff.jpg","datePublished":"2015-03-25T04:00:00+00:00","author":{"@id":"https:\/\/interamerica.org\/fr\/#\/schema\/person\/68ede8bdc292885bb76c1e3810e73c39"},"breadcrumb":{"@id":"https:\/\/interamerica.org\/fr\/2015\/03\/leglise-adventiste-presente-ses-condoleances-apres-le-crash-de-lavion-germanwings-en-france\/#breadcrumb"},"inLanguage":"fr-FR","potentialAction":[{"@type":"ReadAction","target":["https:\/\/interamerica.org\/fr\/2015\/03\/leglise-adventiste-presente-ses-condoleances-apres-le-crash-de-lavion-germanwings-en-france\/"]}]},{"@type":"ImageObject","inLanguage":"fr-FR","@id":"https:\/\/interamerica.org\/fr\/2015\/03\/leglise-adventiste-presente-ses-condoleances-apres-le-crash-de-lavion-germanwings-en-france\/#primaryimage","url":"https:\/\/interamerica.org\/wp-content\/uploads\/2017\/06\/csm_VertallierBruno_GCAC_018f1400ff.jpg","contentUrl":"https:\/\/interamerica.org\/wp-content\/uploads\/2017\/06\/csm_VertallierBruno_GCAC_018f1400ff.jpg","width":400,"height":267},{"@type":"BreadcrumbList","@id":"https:\/\/interamerica.org\/fr\/2015\/03\/leglise-adventiste-presente-ses-condoleances-apres-le-crash-de-lavion-germanwings-en-france\/#breadcrumb","itemListElement":[{"@type":"ListItem","position":1,"name":"Home","item":"https:\/\/interamerica.org\/fr\/"},{"@type":"ListItem","position":2,"name":"L&rsquo;\u00c9glise adventiste pr\u00e9sente ses condol\u00e9ances apr\u00e8s le crash de l\u2019avion Germanwings en France"}]},{"@type":"WebSite","@id":"https:\/\/interamerica.org\/fr\/#website","url":"https:\/\/interamerica.org\/fr\/","name":"\u00c9glise Adventiste Du Septieme Jour - Inter Am\u00e9rique Division","description":"","potentialAction":[{"@type":"SearchAction","target":{"@type":"EntryPoint","urlTemplate":"https:\/\/interamerica.org\/fr\/?s={search_term_string}"},"query-input":{"@type":"PropertyValueSpecification","valueRequired":true,"valueName":"search_term_string"}}],"inLanguage":"fr-FR"},{"@type":"Person","@id":"https:\/\/interamerica.org\/fr\/#\/schema\/person\/68ede8bdc292885bb76c1e3810e73c39","name":"Lorenzo Verduzco","image":{"@type":"ImageObject","inLanguage":"fr-FR","@id":"https:\/\/secure.gravatar.com\/avatar\/fb81a55b6218459490a9c1dc841a34909185b81904c5337b4b27f7a6fd60c49e?s=96&d=mm&r=g","url":"https:\/\/secure.gravatar.com\/avatar\/fb81a55b6218459490a9c1dc841a34909185b81904c5337b4b27f7a6fd60c49e?s=96&d=mm&r=g","contentUrl":"https:\/\/secure.gravatar.com\/avatar\/fb81a55b6218459490a9c1dc841a34909185b81904c5337b4b27f7a6fd60c49e?s=96&d=mm&r=g","caption":"Lorenzo Verduzco"}}]}},"_links":{"self":[{"href":"https:\/\/interamerica.org\/fr\/wp-json\/wp\/v2\/posts\/32214","targetHints":{"allow":["GET"]}}],"collection":[{"href":"https:\/\/interamerica.org\/fr\/wp-json\/wp\/v2\/posts"}],"about":[{"href":"https:\/\/interamerica.org\/fr\/wp-json\/wp\/v2\/types\/post"}],"author":[{"embeddable":true,"href":"https:\/\/interamerica.org\/fr\/wp-json\/wp\/v2\/users\/1"}],"replies":[{"embeddable":true,"href":"https:\/\/interamerica.org\/fr\/wp-json\/wp\/v2\/comments?post=32214"}],"version-history":[{"count":0,"href":"https:\/\/interamerica.org\/fr\/wp-json\/wp\/v2\/posts\/32214\/revisions"}],"wp:featuredmedia":[{"embeddable":true,"href":"https:\/\/interamerica.org\/fr\/wp-json\/wp\/v2\/media\/24817"}],"wp:attachment":[{"href":"https:\/\/interamerica.org\/fr\/wp-json\/wp\/v2\/media?parent=32214"}],"wp:term":[{"taxonomy":"category","embeddable":true,"href":"https:\/\/interamerica.org\/fr\/wp-json\/wp\/v2\/categories?post=32214"},{"taxonomy":"post_tag","embeddable":true,"href":"https:\/\/interamerica.org\/fr\/wp-json\/wp\/v2\/tags?post=32214"}],"curies":[{"name":"wp","href":"https:\/\/api.w.org\/{rel}","templated":true}]}}