{"id":32215,"date":"2015-03-26T00:00:00","date_gmt":"2015-03-26T04:00:00","guid":{"rendered":"http:\/\/192.81.217.108\/interamerica\/2015\/03\/le-congres-en-ligne-devrait-etablir-des-jalons-pour-lavenir-de-leducation-en-inter-amerique\/"},"modified":"2015-03-26T00:00:00","modified_gmt":"2015-03-26T04:00:00","slug":"le-congres-en-ligne-devrait-etablir-des-jalons-pour-lavenir-de-leducation-en-inter-amerique","status":"publish","type":"post","link":"https:\/\/interamerica.org\/fr\/2015\/03\/le-congres-en-ligne-devrait-etablir-des-jalons-pour-lavenir-de-leducation-en-inter-amerique\/","title":{"rendered":"Le congr\u00e8s en ligne devrait \u00e9tablir des jalons pour l\u2019avenir de l\u2019\u00e9ducation en Inter Am\u00e9rique"},"content":{"rendered":"<p>26 Mars 2015 &#8211; Miami, Floride, Etats Unis &#8211; Libna Stevens\/DIA<\/p>\n<div id=\"attachment_16013\" style=\"width: 310px\" class=\"wp-caption alignright\"><a href=\"\/interamerica\/wp-content\/uploads\/2017\/06\/Educ-CongressFRE300.png\" rel=\"fancybox\" title=\"Le congr\u00e8s en ligne devrait \u00e9tablir des jalons pour l\u2019avenir de l\u2019\u00e9ducation en Inter Am\u00e9rique\"><img fetchpriority=\"high\" decoding=\"async\" aria-describedby=\"caption-attachment-16013\" class=\"size-full wp-image-16013\" title=\"Educ-CongressFRE300\" src=\"\/interamerica\/wp-content\/uploads\/2017\/06\/Educ-CongressFRE300.png\" alt=\"\" width=\"300\" height=\"245\" \/><\/a><p id=\"caption-attachment-16013\" class=\"wp-caption-text\">Image d&rsquo;Alma Verduzco<\/p><\/div>\n<p>Les \u00e9ducateurs Adventistes et les administrateurs de l&rsquo;\u00e9glise venus de tout le territoire de la Division Inter Am\u00e9ricaine (DIA) se r\u00e9uniront pour un congr\u00e8s de l&rsquo;\u00e9ducation qui se tiendra le samedi 28 mars au si\u00e8ge de la DIA \u00e0 Miami en Floride. Le programme sera retransmis en direct sur internet \u00e0 partir de 10h00, heure de Miami.<\/p>\n<p>Le programme rassemblera plus de 100 enseignants d&rsquo;universit\u00e9 et d&rsquo;\u00e9coles primaires et secondaires afin de consid\u00e9rer les am\u00e9liorations intervenues au cours des cinq derni\u00e8res ann\u00e9es et aussi pour partager leurs plans concernant la consolidation de l&rsquo;\u00e9ducation Adventiste, a d\u00e9clar\u00e9 Dr Gamaliel Florez, directeur de l&rsquo;\u00e9ducation pour l&rsquo;Eglise Adventiste en Inter Am\u00e9rique.<\/p>\n<p>D&rsquo;autre part, des dizaines d&rsquo;administrateurs d&rsquo;union se pencheront \u00e9galement sur les d\u00e9fis existant pour maintenir une \u00e9ducation de qualit\u00e9 et les ressources disponibles pour la financer.<\/p>\n<p>\u00ab\u00a0Nous voulons encourager les leaders de nos unions \u00e0 trouver des solutions afin de pouvoir suivre les r\u00e8glements qui indiquent clairement la responsabilit\u00e9 qu\u2019elles ont d&rsquo;am\u00e9liorer les \u00e9coles et la r\u00e9mun\u00e9ration des milliers d&rsquo;enseignants afin de voir des avanc\u00e9es dans l&rsquo;\u00e9ducation au sein de nos \u00e9coles et universit\u00e9s,\u00a0\u00bb a dit Dr Florez.<\/p>\n<p>Au cours du congr\u00e8s il y aura des s\u00e9minaires et des pr\u00e9sentations, ainsi qu\u2019une session de questions et r\u00e9ponses avec les \u00e9ducateurs Adventistes et les principaux leaders de l\u2019\u00e9glise.<\/p>\n<p>Pour voir le Congr\u00e8s de l\u2019Education de l\u2019Inter Am\u00e9rique le 28 mars 2015, de 10h00 \u00e0 18h00 (heure de Miami), visitez nous sur <a href=\"http:\/\/webcast.interamerica.org\/english\">webcast.interamerica.org<\/a><\/p>\n<p>Traduction: Patrick Luciathe<\/p>\n","protected":false},"excerpt":{"rendered":"<p>26 Mars 2015 &#8211; Miami, Floride, Etats Unis &#8211; Libna Stevens\/DIA Les \u00e9ducateurs Adventistes et les administrateurs de l&rsquo;\u00e9glise venus de tout le territoire de la Division Inter Am\u00e9ricaine (DIA)&#8230;<\/p>\n","protected":false},"author":1,"featured_media":32216,"comment_status":"closed","ping_status":"closed","sticky":false,"template":"","format":"standard","meta":{"_acf_changed":false,"footnotes":""},"categories":[20,19],"tags":[],"class_list":["post-32215","post","type-post","status-publish","format-standard","has-post-thumbnail","hentry","category-nouvelles-du-siege-de-la-division","category-rss-francais"],"acf":[],"yoast_head":"<!-- This site is optimized with the Yoast SEO plugin v27.3 - https:\/\/yoast.com\/product\/yoast-seo-wordpress\/ -->\n<title>Le congr\u00e8s en ligne devrait \u00e9tablir des jalons pour l\u2019avenir de l\u2019\u00e9ducation en Inter Am\u00e9rique - \u00c9glise Adventiste Du Septieme Jour - Inter Am\u00e9rique Division<\/title>\n<meta name=\"robots\" content=\"index, follow, max-snippet:-1, max-image-preview:large, max-video-preview:-1\" \/>\n<link rel=\"canonical\" href=\"https:\/\/interamerica.org\/fr\/2015\/03\/le-congres-en-ligne-devrait-etablir-des-jalons-pour-lavenir-de-leducation-en-inter-amerique\/\" \/>\n<meta property=\"og:locale\" content=\"fr_FR\" \/>\n<meta property=\"og:type\" content=\"article\" \/>\n<meta property=\"og:title\" content=\"Le congr\u00e8s en ligne devrait \u00e9tablir des jalons pour l\u2019avenir de l\u2019\u00e9ducation en Inter Am\u00e9rique - \u00c9glise Adventiste Du Septieme Jour - Inter Am\u00e9rique Division\" \/>\n<meta property=\"og:description\" content=\"26 Mars 2015 &#8211; Miami, Floride, Etats Unis &#8211; Libna Stevens\/DIA Les \u00e9ducateurs Adventistes et les administrateurs de l&rsquo;\u00e9glise venus de tout le territoire de la Division Inter Am\u00e9ricaine (DIA)...\" \/>\n<meta property=\"og:url\" content=\"https:\/\/interamerica.org\/fr\/2015\/03\/le-congres-en-ligne-devrait-etablir-des-jalons-pour-lavenir-de-leducation-en-inter-amerique\/\" \/>\n<meta property=\"og:site_name\" content=\"\u00c9glise Adventiste Du Septieme Jour - Inter Am\u00e9rique Division\" \/>\n<meta property=\"article:published_time\" content=\"2015-03-26T04:00:00+00:00\" \/>\n<meta property=\"og:image\" content=\"https:\/\/interamerica.org\/wp-content\/uploads\/2017\/06\/Educ-CongressFRE300.png\" \/>\n\t<meta property=\"og:image:width\" content=\"300\" \/>\n\t<meta property=\"og:image:height\" content=\"245\" \/>\n\t<meta property=\"og:image:type\" content=\"image\/png\" \/>\n<meta name=\"author\" content=\"Lorenzo Verduzco\" \/>\n<meta name=\"twitter:card\" content=\"summary_large_image\" \/>\n<meta name=\"twitter:label1\" content=\"\u00c9crit par\" \/>\n\t<meta name=\"twitter:data1\" content=\"Lorenzo Verduzco\" \/>\n\t<meta name=\"twitter:label2\" content=\"Dur\u00e9e de lecture estim\u00e9e\" \/>\n\t<meta name=\"twitter:data2\" content=\"1 minute\" \/>\n<script type=\"application\/ld+json\" class=\"yoast-schema-graph\">{\"@context\":\"https:\\\/\\\/schema.org\",\"@graph\":[{\"@type\":\"Article\",\"@id\":\"https:\\\/\\\/interamerica.org\\\/fr\\\/2015\\\/03\\\/le-congres-en-ligne-devrait-etablir-des-jalons-pour-lavenir-de-leducation-en-inter-amerique\\\/#article\",\"isPartOf\":{\"@id\":\"https:\\\/\\\/interamerica.org\\\/fr\\\/2015\\\/03\\\/le-congres-en-ligne-devrait-etablir-des-jalons-pour-lavenir-de-leducation-en-inter-amerique\\\/\"},\"author\":{\"name\":\"Lorenzo Verduzco\",\"@id\":\"https:\\\/\\\/interamerica.org\\\/fr\\\/#\\\/schema\\\/person\\\/68ede8bdc292885bb76c1e3810e73c39\"},\"headline\":\"Le congr\u00e8s en ligne devrait \u00e9tablir des jalons pour l\u2019avenir de l\u2019\u00e9ducation en Inter Am\u00e9rique\",\"datePublished\":\"2015-03-26T04:00:00+00:00\",\"mainEntityOfPage\":{\"@id\":\"https:\\\/\\\/interamerica.org\\\/fr\\\/2015\\\/03\\\/le-congres-en-ligne-devrait-etablir-des-jalons-pour-lavenir-de-leducation-en-inter-amerique\\\/\"},\"wordCount\":317,\"image\":{\"@id\":\"https:\\\/\\\/interamerica.org\\\/fr\\\/2015\\\/03\\\/le-congres-en-ligne-devrait-etablir-des-jalons-pour-lavenir-de-leducation-en-inter-amerique\\\/#primaryimage\"},\"thumbnailUrl\":\"https:\\\/\\\/interamerica.org\\\/wp-content\\\/uploads\\\/2017\\\/06\\\/Educ-CongressFRE300.png\",\"articleSection\":[\"Nouvelles du si\u00e8ge de la division\",\"RSS Fran\u00e7ais\"],\"inLanguage\":\"fr-FR\"},{\"@type\":\"WebPage\",\"@id\":\"https:\\\/\\\/interamerica.org\\\/fr\\\/2015\\\/03\\\/le-congres-en-ligne-devrait-etablir-des-jalons-pour-lavenir-de-leducation-en-inter-amerique\\\/\",\"url\":\"https:\\\/\\\/interamerica.org\\\/fr\\\/2015\\\/03\\\/le-congres-en-ligne-devrait-etablir-des-jalons-pour-lavenir-de-leducation-en-inter-amerique\\\/\",\"name\":\"Le congr\u00e8s en ligne devrait \u00e9tablir des jalons pour l\u2019avenir de l\u2019\u00e9ducation en Inter Am\u00e9rique - \u00c9glise Adventiste Du Septieme Jour - Inter Am\u00e9rique Division\",\"isPartOf\":{\"@id\":\"https:\\\/\\\/interamerica.org\\\/fr\\\/#website\"},\"primaryImageOfPage\":{\"@id\":\"https:\\\/\\\/interamerica.org\\\/fr\\\/2015\\\/03\\\/le-congres-en-ligne-devrait-etablir-des-jalons-pour-lavenir-de-leducation-en-inter-amerique\\\/#primaryimage\"},\"image\":{\"@id\":\"https:\\\/\\\/interamerica.org\\\/fr\\\/2015\\\/03\\\/le-congres-en-ligne-devrait-etablir-des-jalons-pour-lavenir-de-leducation-en-inter-amerique\\\/#primaryimage\"},\"thumbnailUrl\":\"https:\\\/\\\/interamerica.org\\\/wp-content\\\/uploads\\\/2017\\\/06\\\/Educ-CongressFRE300.png\",\"datePublished\":\"2015-03-26T04:00:00+00:00\",\"author\":{\"@id\":\"https:\\\/\\\/interamerica.org\\\/fr\\\/#\\\/schema\\\/person\\\/68ede8bdc292885bb76c1e3810e73c39\"},\"breadcrumb\":{\"@id\":\"https:\\\/\\\/interamerica.org\\\/fr\\\/2015\\\/03\\\/le-congres-en-ligne-devrait-etablir-des-jalons-pour-lavenir-de-leducation-en-inter-amerique\\\/#breadcrumb\"},\"inLanguage\":\"fr-FR\",\"potentialAction\":[{\"@type\":\"ReadAction\",\"target\":[\"https:\\\/\\\/interamerica.org\\\/fr\\\/2015\\\/03\\\/le-congres-en-ligne-devrait-etablir-des-jalons-pour-lavenir-de-leducation-en-inter-amerique\\\/\"]}]},{\"@type\":\"ImageObject\",\"inLanguage\":\"fr-FR\",\"@id\":\"https:\\\/\\\/interamerica.org\\\/fr\\\/2015\\\/03\\\/le-congres-en-ligne-devrait-etablir-des-jalons-pour-lavenir-de-leducation-en-inter-amerique\\\/#primaryimage\",\"url\":\"https:\\\/\\\/interamerica.org\\\/wp-content\\\/uploads\\\/2017\\\/06\\\/Educ-CongressFRE300.png\",\"contentUrl\":\"https:\\\/\\\/interamerica.org\\\/wp-content\\\/uploads\\\/2017\\\/06\\\/Educ-CongressFRE300.png\",\"width\":300,\"height\":245},{\"@type\":\"BreadcrumbList\",\"@id\":\"https:\\\/\\\/interamerica.org\\\/fr\\\/2015\\\/03\\\/le-congres-en-ligne-devrait-etablir-des-jalons-pour-lavenir-de-leducation-en-inter-amerique\\\/#breadcrumb\",\"itemListElement\":[{\"@type\":\"ListItem\",\"position\":1,\"name\":\"Home\",\"item\":\"https:\\\/\\\/interamerica.org\\\/fr\\\/\"},{\"@type\":\"ListItem\",\"position\":2,\"name\":\"Le congr\u00e8s en ligne devrait \u00e9tablir des jalons pour l\u2019avenir de l\u2019\u00e9ducation en Inter Am\u00e9rique\"}]},{\"@type\":\"WebSite\",\"@id\":\"https:\\\/\\\/interamerica.org\\\/fr\\\/#website\",\"url\":\"https:\\\/\\\/interamerica.org\\\/fr\\\/\",\"name\":\"\u00c9glise Adventiste Du Septieme Jour - Inter Am\u00e9rique Division\",\"description\":\"\",\"potentialAction\":[{\"@type\":\"SearchAction\",\"target\":{\"@type\":\"EntryPoint\",\"urlTemplate\":\"https:\\\/\\\/interamerica.org\\\/fr\\\/?s={search_term_string}\"},\"query-input\":{\"@type\":\"PropertyValueSpecification\",\"valueRequired\":true,\"valueName\":\"search_term_string\"}}],\"inLanguage\":\"fr-FR\"},{\"@type\":\"Person\",\"@id\":\"https:\\\/\\\/interamerica.org\\\/fr\\\/#\\\/schema\\\/person\\\/68ede8bdc292885bb76c1e3810e73c39\",\"name\":\"Lorenzo Verduzco\",\"image\":{\"@type\":\"ImageObject\",\"inLanguage\":\"fr-FR\",\"@id\":\"https:\\\/\\\/secure.gravatar.com\\\/avatar\\\/fb81a55b6218459490a9c1dc841a34909185b81904c5337b4b27f7a6fd60c49e?s=96&d=mm&r=g\",\"url\":\"https:\\\/\\\/secure.gravatar.com\\\/avatar\\\/fb81a55b6218459490a9c1dc841a34909185b81904c5337b4b27f7a6fd60c49e?s=96&d=mm&r=g\",\"contentUrl\":\"https:\\\/\\\/secure.gravatar.com\\\/avatar\\\/fb81a55b6218459490a9c1dc841a34909185b81904c5337b4b27f7a6fd60c49e?s=96&d=mm&r=g\",\"caption\":\"Lorenzo Verduzco\"}}]}<\/script>\n<!-- \/ Yoast SEO plugin. -->","yoast_head_json":{"title":"Le congr\u00e8s en ligne devrait \u00e9tablir des jalons pour l\u2019avenir de l\u2019\u00e9ducation en Inter Am\u00e9rique - \u00c9glise Adventiste Du Septieme Jour - Inter Am\u00e9rique Division","robots":{"index":"index","follow":"follow","max-snippet":"max-snippet:-1","max-image-preview":"max-image-preview:large","max-video-preview":"max-video-preview:-1"},"canonical":"https:\/\/interamerica.org\/fr\/2015\/03\/le-congres-en-ligne-devrait-etablir-des-jalons-pour-lavenir-de-leducation-en-inter-amerique\/","og_locale":"fr_FR","og_type":"article","og_title":"Le congr\u00e8s en ligne devrait \u00e9tablir des jalons pour l\u2019avenir de l\u2019\u00e9ducation en Inter Am\u00e9rique - \u00c9glise Adventiste Du Septieme Jour - Inter Am\u00e9rique Division","og_description":"26 Mars 2015 &#8211; Miami, Floride, Etats Unis &#8211; Libna Stevens\/DIA Les \u00e9ducateurs Adventistes et les administrateurs de l&rsquo;\u00e9glise venus de tout le territoire de la Division Inter Am\u00e9ricaine (DIA)...","og_url":"https:\/\/interamerica.org\/fr\/2015\/03\/le-congres-en-ligne-devrait-etablir-des-jalons-pour-lavenir-de-leducation-en-inter-amerique\/","og_site_name":"\u00c9glise Adventiste Du Septieme Jour - Inter Am\u00e9rique Division","article_published_time":"2015-03-26T04:00:00+00:00","og_image":[{"width":300,"height":245,"url":"https:\/\/interamerica.org\/wp-content\/uploads\/2017\/06\/Educ-CongressFRE300.png","type":"image\/png"}],"author":"Lorenzo Verduzco","twitter_card":"summary_large_image","twitter_misc":{"\u00c9crit par":"Lorenzo Verduzco","Dur\u00e9e de lecture estim\u00e9e":"1 minute"},"schema":{"@context":"https:\/\/schema.org","@graph":[{"@type":"Article","@id":"https:\/\/interamerica.org\/fr\/2015\/03\/le-congres-en-ligne-devrait-etablir-des-jalons-pour-lavenir-de-leducation-en-inter-amerique\/#article","isPartOf":{"@id":"https:\/\/interamerica.org\/fr\/2015\/03\/le-congres-en-ligne-devrait-etablir-des-jalons-pour-lavenir-de-leducation-en-inter-amerique\/"},"author":{"name":"Lorenzo Verduzco","@id":"https:\/\/interamerica.org\/fr\/#\/schema\/person\/68ede8bdc292885bb76c1e3810e73c39"},"headline":"Le congr\u00e8s en ligne devrait \u00e9tablir des jalons pour l\u2019avenir de l\u2019\u00e9ducation en Inter Am\u00e9rique","datePublished":"2015-03-26T04:00:00+00:00","mainEntityOfPage":{"@id":"https:\/\/interamerica.org\/fr\/2015\/03\/le-congres-en-ligne-devrait-etablir-des-jalons-pour-lavenir-de-leducation-en-inter-amerique\/"},"wordCount":317,"image":{"@id":"https:\/\/interamerica.org\/fr\/2015\/03\/le-congres-en-ligne-devrait-etablir-des-jalons-pour-lavenir-de-leducation-en-inter-amerique\/#primaryimage"},"thumbnailUrl":"https:\/\/interamerica.org\/wp-content\/uploads\/2017\/06\/Educ-CongressFRE300.png","articleSection":["Nouvelles du si\u00e8ge de la division","RSS Fran\u00e7ais"],"inLanguage":"fr-FR"},{"@type":"WebPage","@id":"https:\/\/interamerica.org\/fr\/2015\/03\/le-congres-en-ligne-devrait-etablir-des-jalons-pour-lavenir-de-leducation-en-inter-amerique\/","url":"https:\/\/interamerica.org\/fr\/2015\/03\/le-congres-en-ligne-devrait-etablir-des-jalons-pour-lavenir-de-leducation-en-inter-amerique\/","name":"Le congr\u00e8s en ligne devrait \u00e9tablir des jalons pour l\u2019avenir de l\u2019\u00e9ducation en Inter Am\u00e9rique - \u00c9glise Adventiste Du Septieme Jour - Inter Am\u00e9rique Division","isPartOf":{"@id":"https:\/\/interamerica.org\/fr\/#website"},"primaryImageOfPage":{"@id":"https:\/\/interamerica.org\/fr\/2015\/03\/le-congres-en-ligne-devrait-etablir-des-jalons-pour-lavenir-de-leducation-en-inter-amerique\/#primaryimage"},"image":{"@id":"https:\/\/interamerica.org\/fr\/2015\/03\/le-congres-en-ligne-devrait-etablir-des-jalons-pour-lavenir-de-leducation-en-inter-amerique\/#primaryimage"},"thumbnailUrl":"https:\/\/interamerica.org\/wp-content\/uploads\/2017\/06\/Educ-CongressFRE300.png","datePublished":"2015-03-26T04:00:00+00:00","author":{"@id":"https:\/\/interamerica.org\/fr\/#\/schema\/person\/68ede8bdc292885bb76c1e3810e73c39"},"breadcrumb":{"@id":"https:\/\/interamerica.org\/fr\/2015\/03\/le-congres-en-ligne-devrait-etablir-des-jalons-pour-lavenir-de-leducation-en-inter-amerique\/#breadcrumb"},"inLanguage":"fr-FR","potentialAction":[{"@type":"ReadAction","target":["https:\/\/interamerica.org\/fr\/2015\/03\/le-congres-en-ligne-devrait-etablir-des-jalons-pour-lavenir-de-leducation-en-inter-amerique\/"]}]},{"@type":"ImageObject","inLanguage":"fr-FR","@id":"https:\/\/interamerica.org\/fr\/2015\/03\/le-congres-en-ligne-devrait-etablir-des-jalons-pour-lavenir-de-leducation-en-inter-amerique\/#primaryimage","url":"https:\/\/interamerica.org\/wp-content\/uploads\/2017\/06\/Educ-CongressFRE300.png","contentUrl":"https:\/\/interamerica.org\/wp-content\/uploads\/2017\/06\/Educ-CongressFRE300.png","width":300,"height":245},{"@type":"BreadcrumbList","@id":"https:\/\/interamerica.org\/fr\/2015\/03\/le-congres-en-ligne-devrait-etablir-des-jalons-pour-lavenir-de-leducation-en-inter-amerique\/#breadcrumb","itemListElement":[{"@type":"ListItem","position":1,"name":"Home","item":"https:\/\/interamerica.org\/fr\/"},{"@type":"ListItem","position":2,"name":"Le congr\u00e8s en ligne devrait \u00e9tablir des jalons pour l\u2019avenir de l\u2019\u00e9ducation en Inter Am\u00e9rique"}]},{"@type":"WebSite","@id":"https:\/\/interamerica.org\/fr\/#website","url":"https:\/\/interamerica.org\/fr\/","name":"\u00c9glise Adventiste Du Septieme Jour - Inter Am\u00e9rique Division","description":"","potentialAction":[{"@type":"SearchAction","target":{"@type":"EntryPoint","urlTemplate":"https:\/\/interamerica.org\/fr\/?s={search_term_string}"},"query-input":{"@type":"PropertyValueSpecification","valueRequired":true,"valueName":"search_term_string"}}],"inLanguage":"fr-FR"},{"@type":"Person","@id":"https:\/\/interamerica.org\/fr\/#\/schema\/person\/68ede8bdc292885bb76c1e3810e73c39","name":"Lorenzo Verduzco","image":{"@type":"ImageObject","inLanguage":"fr-FR","@id":"https:\/\/secure.gravatar.com\/avatar\/fb81a55b6218459490a9c1dc841a34909185b81904c5337b4b27f7a6fd60c49e?s=96&d=mm&r=g","url":"https:\/\/secure.gravatar.com\/avatar\/fb81a55b6218459490a9c1dc841a34909185b81904c5337b4b27f7a6fd60c49e?s=96&d=mm&r=g","contentUrl":"https:\/\/secure.gravatar.com\/avatar\/fb81a55b6218459490a9c1dc841a34909185b81904c5337b4b27f7a6fd60c49e?s=96&d=mm&r=g","caption":"Lorenzo Verduzco"}}]}},"_links":{"self":[{"href":"https:\/\/interamerica.org\/fr\/wp-json\/wp\/v2\/posts\/32215","targetHints":{"allow":["GET"]}}],"collection":[{"href":"https:\/\/interamerica.org\/fr\/wp-json\/wp\/v2\/posts"}],"about":[{"href":"https:\/\/interamerica.org\/fr\/wp-json\/wp\/v2\/types\/post"}],"author":[{"embeddable":true,"href":"https:\/\/interamerica.org\/fr\/wp-json\/wp\/v2\/users\/1"}],"replies":[{"embeddable":true,"href":"https:\/\/interamerica.org\/fr\/wp-json\/wp\/v2\/comments?post=32215"}],"version-history":[{"count":0,"href":"https:\/\/interamerica.org\/fr\/wp-json\/wp\/v2\/posts\/32215\/revisions"}],"wp:featuredmedia":[{"embeddable":true,"href":"https:\/\/interamerica.org\/fr\/wp-json\/wp\/v2\/media\/32216"}],"wp:attachment":[{"href":"https:\/\/interamerica.org\/fr\/wp-json\/wp\/v2\/media?parent=32215"}],"wp:term":[{"taxonomy":"category","embeddable":true,"href":"https:\/\/interamerica.org\/fr\/wp-json\/wp\/v2\/categories?post=32215"},{"taxonomy":"post_tag","embeddable":true,"href":"https:\/\/interamerica.org\/fr\/wp-json\/wp\/v2\/tags?post=32215"}],"curies":[{"name":"wp","href":"https:\/\/api.w.org\/{rel}","templated":true}]}}