{"id":32217,"date":"2015-03-28T00:00:00","date_gmt":"2015-03-28T04:00:00","guid":{"rendered":"http:\/\/192.81.217.108\/interamerica\/2015\/03\/linter-amerique-organise-un-sommet-en-ligne-sur-levangelisation-pastorale\/"},"modified":"2015-03-28T00:00:00","modified_gmt":"2015-03-28T04:00:00","slug":"linter-amerique-organise-un-sommet-en-ligne-sur-levangelisation-pastorale","status":"publish","type":"post","link":"https:\/\/interamerica.org\/fr\/2015\/03\/linter-amerique-organise-un-sommet-en-ligne-sur-levangelisation-pastorale\/","title":{"rendered":"L\u2019Inter Am\u00e9rique organise un sommet en ligne sur l\u2019\u00e9vang\u00e9lisation pastorale"},"content":{"rendered":"<p>28 Mars 2015 \u2013 Miami, Floride, Etats Unis \u2013 Libna Stevens\/DIA<\/p>\n<div id=\"attachment_16051\" style=\"width: 310px\" class=\"wp-caption alignright\"><a href=\"\/interamerica\/wp-content\/uploads\/2017\/06\/pastoralEvanSummit300.png\" rel=\"fancybox\" title=\"L\u2019Inter Am\u00e9rique organise un sommet en ligne sur l\u2019\u00e9vang\u00e9lisation pastorale\"><img fetchpriority=\"high\" decoding=\"async\" aria-describedby=\"caption-attachment-16051\" class=\"size-full wp-image-16051\" src=\"\/interamerica\/wp-content\/uploads\/2017\/06\/pastoralEvanSummit300.png\" alt=\"\" width=\"300\" height=\"201\" \/><\/a><p id=\"caption-attachment-16051\" class=\"wp-caption-text\">Image de Shemaiah Telemaque\/DIA<\/p><\/div>\n<p>L\u2019Eglise Adventiste du Septi\u00e8me Jour en Inter Am\u00e9rique organisera bient\u00f4t pour les pasteurs du territoire un sommet en ligne sur l\u2019\u00e9vang\u00e9lisation le 30 mars 2015. Le sommet sera diffus\u00e9 en direct sur le web depuis Port-of-Spain \u00e0 Trinidad en anglais, espagnol et fran\u00e7ais.<\/p>\n<p>Le sommet servira \u00e0 renforcer l\u2019esprit d\u2019\u00e9vang\u00e9lisation publique chez les pasteurs de district au sein du territoire de la division, ont indiqu\u00e9 les organisateurs.<\/p>\n<p>\u00ab Nous voulons encourager les pasteurs de district ainsi que les \u00e9vang\u00e9listes \u00e0 s\u2019engager efficacement dans des initiatives plus agressives visant \u00e0 gagner des \u00e2mes et \u00e0 fid\u00e9liser les membres, \u00bb a d\u00e9clar\u00e9 pasteur Balvin Braham, directeur adjoint de l\u2019association pastorale et organisateur du sommet.<\/p>\n<p>Le programme de deux jours a pour objectif d\u2019aider les pasteurs \u00e0 accorder plus d\u2019attention \u00e0 l\u2019implication des la\u00efcs dans l\u2019\u00e9vang\u00e9lisation, de motiver les \u00e9vang\u00e9listes \u00e0 \u00eatre plus efficaces dans les appels, et de pr\u00e9parer des programmes d\u2019\u00e9vang\u00e9lisation produisant efficacement des r\u00e9sultats, a expliqu\u00e9 Balvin Braham.<\/p>\n<p>Parmi les s\u00e9minaires devant \u00eatre pr\u00e9sent\u00e9s, on peut citer : Comment servir de mentor aux la\u00efcs pour l\u2019\u00e9vang\u00e9lisation, comment gagner et garder les membres, l\u2019implantation d\u2019\u00e9glise en milieu urbain, la musique d\u2019\u00e9vang\u00e9lisation, l\u2019\u00e9vang\u00e9lisation transculturelle, comment connecter avec les membres d\u2019\u00e9glise, l\u2019autel et la chaire, et bien plus encore.<\/p>\n<p>Le sommet intervient quelques jours avant que l\u2019\u00e9glise en Inter Am\u00e9rique ne conclue le 4 avril 2015 son initiative d\u2019\u00e9vang\u00e9lisation int\u00e9grale baptis\u00e9e Vision Un Million \u2013 Parvenir \u00e0 un million de nouveaux membres pendant le quinquennat allant de 2010 \u00e0 2015.<\/p>\n<p>Pour voir le Sommet en ligne de l\u2019Inter Am\u00e9rique sur l\u2019Evang\u00e9lisation les 30 et 31 mars de 8h00 \u00e0 12h30, heure de Miami, rendez vous sur le site<br \/>\n<a href=\"http:\/\/vision.interamerica.org\/\">vision.interamerica.org<\/a><\/p>\n<p>Traduction: Patrick Luciathe<\/p>\n<p>&nbsp;<\/p>\n","protected":false},"excerpt":{"rendered":"<p>L\u2019Eglise Adventiste du Septi\u00e8me Jour en Inter Am\u00e9rique organisera bient\u00f4t pour les pasteurs du territoire un sommet en ligne sur l\u2019\u00e9vang\u00e9lisation le 30 mars 2015. Le sommet sera diffus\u00e9 en direct sur le web depuis Port-of-Spain \u00e0 Trinidad en anglais, espagnol et fran\u00e7ais.  <\/p>\n<p>Le sommet servira \u00e0 renforcer l\u2019esprit d\u2019\u00e9vang\u00e9lisation publique chez les pasteurs de district au sein du territoire de la division, ont indiqu\u00e9 les organisateurs.<\/p>\n","protected":false},"author":1,"featured_media":24844,"comment_status":"closed","ping_status":"closed","sticky":false,"template":"","format":"standard","meta":{"_acf_changed":false,"footnotes":""},"categories":[20,19],"tags":[],"class_list":["post-32217","post","type-post","status-publish","format-standard","has-post-thumbnail","hentry","category-nouvelles-du-siege-de-la-division","category-rss-francais"],"acf":[],"yoast_head":"<!-- This site is optimized with the Yoast SEO plugin v27.3 - https:\/\/yoast.com\/product\/yoast-seo-wordpress\/ -->\n<title>L\u2019Inter Am\u00e9rique organise un sommet en ligne sur l\u2019\u00e9vang\u00e9lisation pastorale - \u00c9glise Adventiste Du Septieme Jour - Inter Am\u00e9rique Division<\/title>\n<meta name=\"robots\" content=\"index, follow, max-snippet:-1, max-image-preview:large, max-video-preview:-1\" \/>\n<link rel=\"canonical\" href=\"https:\/\/interamerica.org\/fr\/2015\/03\/linter-amerique-organise-un-sommet-en-ligne-sur-levangelisation-pastorale\/\" \/>\n<meta property=\"og:locale\" content=\"fr_FR\" \/>\n<meta property=\"og:type\" content=\"article\" \/>\n<meta property=\"og:title\" content=\"L\u2019Inter Am\u00e9rique organise un sommet en ligne sur l\u2019\u00e9vang\u00e9lisation pastorale - \u00c9glise Adventiste Du Septieme Jour - Inter Am\u00e9rique Division\" \/>\n<meta property=\"og:description\" content=\"L\u2019Eglise Adventiste du Septi\u00e8me Jour en Inter Am\u00e9rique organisera bient\u00f4t pour les pasteurs du territoire un sommet en ligne sur l\u2019\u00e9vang\u00e9lisation le 30 mars 2015. Le sommet sera diffus\u00e9 en direct sur le web depuis Port-of-Spain \u00e0 Trinidad en anglais, espagnol et fran\u00e7ais.  Le sommet servira \u00e0 renforcer l\u2019esprit d\u2019\u00e9vang\u00e9lisation publique chez les pasteurs de district au sein du territoire de la division, ont indiqu\u00e9 les organisateurs.\" \/>\n<meta property=\"og:url\" content=\"https:\/\/interamerica.org\/fr\/2015\/03\/linter-amerique-organise-un-sommet-en-ligne-sur-levangelisation-pastorale\/\" \/>\n<meta property=\"og:site_name\" content=\"\u00c9glise Adventiste Du Septieme Jour - Inter Am\u00e9rique Division\" \/>\n<meta property=\"article:published_time\" content=\"2015-03-28T04:00:00+00:00\" \/>\n<meta property=\"og:image\" content=\"https:\/\/interamerica.org\/wp-content\/uploads\/2017\/06\/pastoralEvanSummit300.png\" \/>\n\t<meta property=\"og:image:width\" content=\"300\" \/>\n\t<meta property=\"og:image:height\" content=\"201\" \/>\n\t<meta property=\"og:image:type\" content=\"image\/png\" \/>\n<meta name=\"author\" content=\"Lorenzo Verduzco\" \/>\n<meta name=\"twitter:card\" content=\"summary_large_image\" \/>\n<meta name=\"twitter:label1\" content=\"\u00c9crit par\" \/>\n\t<meta name=\"twitter:data1\" content=\"Lorenzo Verduzco\" \/>\n\t<meta name=\"twitter:label2\" content=\"Dur\u00e9e de lecture estim\u00e9e\" \/>\n\t<meta name=\"twitter:data2\" content=\"2 minutes\" \/>\n<script type=\"application\/ld+json\" class=\"yoast-schema-graph\">{\"@context\":\"https:\\\/\\\/schema.org\",\"@graph\":[{\"@type\":\"Article\",\"@id\":\"https:\\\/\\\/interamerica.org\\\/fr\\\/2015\\\/03\\\/linter-amerique-organise-un-sommet-en-ligne-sur-levangelisation-pastorale\\\/#article\",\"isPartOf\":{\"@id\":\"https:\\\/\\\/interamerica.org\\\/fr\\\/2015\\\/03\\\/linter-amerique-organise-un-sommet-en-ligne-sur-levangelisation-pastorale\\\/\"},\"author\":{\"name\":\"Lorenzo Verduzco\",\"@id\":\"https:\\\/\\\/interamerica.org\\\/fr\\\/#\\\/schema\\\/person\\\/68ede8bdc292885bb76c1e3810e73c39\"},\"headline\":\"L\u2019Inter Am\u00e9rique organise un sommet en ligne sur l\u2019\u00e9vang\u00e9lisation pastorale\",\"datePublished\":\"2015-03-28T04:00:00+00:00\",\"mainEntityOfPage\":{\"@id\":\"https:\\\/\\\/interamerica.org\\\/fr\\\/2015\\\/03\\\/linter-amerique-organise-un-sommet-en-ligne-sur-levangelisation-pastorale\\\/\"},\"wordCount\":343,\"image\":{\"@id\":\"https:\\\/\\\/interamerica.org\\\/fr\\\/2015\\\/03\\\/linter-amerique-organise-un-sommet-en-ligne-sur-levangelisation-pastorale\\\/#primaryimage\"},\"thumbnailUrl\":\"https:\\\/\\\/interamerica.org\\\/wp-content\\\/uploads\\\/2017\\\/06\\\/pastoralEvanSummit300.png\",\"articleSection\":[\"Nouvelles du si\u00e8ge de la division\",\"RSS Fran\u00e7ais\"],\"inLanguage\":\"fr-FR\"},{\"@type\":\"WebPage\",\"@id\":\"https:\\\/\\\/interamerica.org\\\/fr\\\/2015\\\/03\\\/linter-amerique-organise-un-sommet-en-ligne-sur-levangelisation-pastorale\\\/\",\"url\":\"https:\\\/\\\/interamerica.org\\\/fr\\\/2015\\\/03\\\/linter-amerique-organise-un-sommet-en-ligne-sur-levangelisation-pastorale\\\/\",\"name\":\"L\u2019Inter Am\u00e9rique organise un sommet en ligne sur l\u2019\u00e9vang\u00e9lisation pastorale - \u00c9glise Adventiste Du Septieme Jour - Inter Am\u00e9rique Division\",\"isPartOf\":{\"@id\":\"https:\\\/\\\/interamerica.org\\\/fr\\\/#website\"},\"primaryImageOfPage\":{\"@id\":\"https:\\\/\\\/interamerica.org\\\/fr\\\/2015\\\/03\\\/linter-amerique-organise-un-sommet-en-ligne-sur-levangelisation-pastorale\\\/#primaryimage\"},\"image\":{\"@id\":\"https:\\\/\\\/interamerica.org\\\/fr\\\/2015\\\/03\\\/linter-amerique-organise-un-sommet-en-ligne-sur-levangelisation-pastorale\\\/#primaryimage\"},\"thumbnailUrl\":\"https:\\\/\\\/interamerica.org\\\/wp-content\\\/uploads\\\/2017\\\/06\\\/pastoralEvanSummit300.png\",\"datePublished\":\"2015-03-28T04:00:00+00:00\",\"author\":{\"@id\":\"https:\\\/\\\/interamerica.org\\\/fr\\\/#\\\/schema\\\/person\\\/68ede8bdc292885bb76c1e3810e73c39\"},\"breadcrumb\":{\"@id\":\"https:\\\/\\\/interamerica.org\\\/fr\\\/2015\\\/03\\\/linter-amerique-organise-un-sommet-en-ligne-sur-levangelisation-pastorale\\\/#breadcrumb\"},\"inLanguage\":\"fr-FR\",\"potentialAction\":[{\"@type\":\"ReadAction\",\"target\":[\"https:\\\/\\\/interamerica.org\\\/fr\\\/2015\\\/03\\\/linter-amerique-organise-un-sommet-en-ligne-sur-levangelisation-pastorale\\\/\"]}]},{\"@type\":\"ImageObject\",\"inLanguage\":\"fr-FR\",\"@id\":\"https:\\\/\\\/interamerica.org\\\/fr\\\/2015\\\/03\\\/linter-amerique-organise-un-sommet-en-ligne-sur-levangelisation-pastorale\\\/#primaryimage\",\"url\":\"https:\\\/\\\/interamerica.org\\\/wp-content\\\/uploads\\\/2017\\\/06\\\/pastoralEvanSummit300.png\",\"contentUrl\":\"https:\\\/\\\/interamerica.org\\\/wp-content\\\/uploads\\\/2017\\\/06\\\/pastoralEvanSummit300.png\",\"width\":300,\"height\":201},{\"@type\":\"BreadcrumbList\",\"@id\":\"https:\\\/\\\/interamerica.org\\\/fr\\\/2015\\\/03\\\/linter-amerique-organise-un-sommet-en-ligne-sur-levangelisation-pastorale\\\/#breadcrumb\",\"itemListElement\":[{\"@type\":\"ListItem\",\"position\":1,\"name\":\"Home\",\"item\":\"https:\\\/\\\/interamerica.org\\\/fr\\\/\"},{\"@type\":\"ListItem\",\"position\":2,\"name\":\"L\u2019Inter Am\u00e9rique organise un sommet en ligne sur l\u2019\u00e9vang\u00e9lisation pastorale\"}]},{\"@type\":\"WebSite\",\"@id\":\"https:\\\/\\\/interamerica.org\\\/fr\\\/#website\",\"url\":\"https:\\\/\\\/interamerica.org\\\/fr\\\/\",\"name\":\"\u00c9glise Adventiste Du Septieme Jour - Inter Am\u00e9rique Division\",\"description\":\"\",\"potentialAction\":[{\"@type\":\"SearchAction\",\"target\":{\"@type\":\"EntryPoint\",\"urlTemplate\":\"https:\\\/\\\/interamerica.org\\\/fr\\\/?s={search_term_string}\"},\"query-input\":{\"@type\":\"PropertyValueSpecification\",\"valueRequired\":true,\"valueName\":\"search_term_string\"}}],\"inLanguage\":\"fr-FR\"},{\"@type\":\"Person\",\"@id\":\"https:\\\/\\\/interamerica.org\\\/fr\\\/#\\\/schema\\\/person\\\/68ede8bdc292885bb76c1e3810e73c39\",\"name\":\"Lorenzo Verduzco\",\"image\":{\"@type\":\"ImageObject\",\"inLanguage\":\"fr-FR\",\"@id\":\"https:\\\/\\\/secure.gravatar.com\\\/avatar\\\/fb81a55b6218459490a9c1dc841a34909185b81904c5337b4b27f7a6fd60c49e?s=96&d=mm&r=g\",\"url\":\"https:\\\/\\\/secure.gravatar.com\\\/avatar\\\/fb81a55b6218459490a9c1dc841a34909185b81904c5337b4b27f7a6fd60c49e?s=96&d=mm&r=g\",\"contentUrl\":\"https:\\\/\\\/secure.gravatar.com\\\/avatar\\\/fb81a55b6218459490a9c1dc841a34909185b81904c5337b4b27f7a6fd60c49e?s=96&d=mm&r=g\",\"caption\":\"Lorenzo Verduzco\"}}]}<\/script>\n<!-- \/ Yoast SEO plugin. -->","yoast_head_json":{"title":"L\u2019Inter Am\u00e9rique organise un sommet en ligne sur l\u2019\u00e9vang\u00e9lisation pastorale - \u00c9glise Adventiste Du Septieme Jour - Inter Am\u00e9rique Division","robots":{"index":"index","follow":"follow","max-snippet":"max-snippet:-1","max-image-preview":"max-image-preview:large","max-video-preview":"max-video-preview:-1"},"canonical":"https:\/\/interamerica.org\/fr\/2015\/03\/linter-amerique-organise-un-sommet-en-ligne-sur-levangelisation-pastorale\/","og_locale":"fr_FR","og_type":"article","og_title":"L\u2019Inter Am\u00e9rique organise un sommet en ligne sur l\u2019\u00e9vang\u00e9lisation pastorale - \u00c9glise Adventiste Du Septieme Jour - Inter Am\u00e9rique Division","og_description":"L\u2019Eglise Adventiste du Septi\u00e8me Jour en Inter Am\u00e9rique organisera bient\u00f4t pour les pasteurs du territoire un sommet en ligne sur l\u2019\u00e9vang\u00e9lisation le 30 mars 2015. Le sommet sera diffus\u00e9 en direct sur le web depuis Port-of-Spain \u00e0 Trinidad en anglais, espagnol et fran\u00e7ais.  Le sommet servira \u00e0 renforcer l\u2019esprit d\u2019\u00e9vang\u00e9lisation publique chez les pasteurs de district au sein du territoire de la division, ont indiqu\u00e9 les organisateurs.","og_url":"https:\/\/interamerica.org\/fr\/2015\/03\/linter-amerique-organise-un-sommet-en-ligne-sur-levangelisation-pastorale\/","og_site_name":"\u00c9glise Adventiste Du Septieme Jour - Inter Am\u00e9rique Division","article_published_time":"2015-03-28T04:00:00+00:00","og_image":[{"width":300,"height":201,"url":"https:\/\/interamerica.org\/wp-content\/uploads\/2017\/06\/pastoralEvanSummit300.png","type":"image\/png"}],"author":"Lorenzo Verduzco","twitter_card":"summary_large_image","twitter_misc":{"\u00c9crit par":"Lorenzo Verduzco","Dur\u00e9e de lecture estim\u00e9e":"2 minutes"},"schema":{"@context":"https:\/\/schema.org","@graph":[{"@type":"Article","@id":"https:\/\/interamerica.org\/fr\/2015\/03\/linter-amerique-organise-un-sommet-en-ligne-sur-levangelisation-pastorale\/#article","isPartOf":{"@id":"https:\/\/interamerica.org\/fr\/2015\/03\/linter-amerique-organise-un-sommet-en-ligne-sur-levangelisation-pastorale\/"},"author":{"name":"Lorenzo Verduzco","@id":"https:\/\/interamerica.org\/fr\/#\/schema\/person\/68ede8bdc292885bb76c1e3810e73c39"},"headline":"L\u2019Inter Am\u00e9rique organise un sommet en ligne sur l\u2019\u00e9vang\u00e9lisation pastorale","datePublished":"2015-03-28T04:00:00+00:00","mainEntityOfPage":{"@id":"https:\/\/interamerica.org\/fr\/2015\/03\/linter-amerique-organise-un-sommet-en-ligne-sur-levangelisation-pastorale\/"},"wordCount":343,"image":{"@id":"https:\/\/interamerica.org\/fr\/2015\/03\/linter-amerique-organise-un-sommet-en-ligne-sur-levangelisation-pastorale\/#primaryimage"},"thumbnailUrl":"https:\/\/interamerica.org\/wp-content\/uploads\/2017\/06\/pastoralEvanSummit300.png","articleSection":["Nouvelles du si\u00e8ge de la division","RSS Fran\u00e7ais"],"inLanguage":"fr-FR"},{"@type":"WebPage","@id":"https:\/\/interamerica.org\/fr\/2015\/03\/linter-amerique-organise-un-sommet-en-ligne-sur-levangelisation-pastorale\/","url":"https:\/\/interamerica.org\/fr\/2015\/03\/linter-amerique-organise-un-sommet-en-ligne-sur-levangelisation-pastorale\/","name":"L\u2019Inter Am\u00e9rique organise un sommet en ligne sur l\u2019\u00e9vang\u00e9lisation pastorale - \u00c9glise Adventiste Du Septieme Jour - Inter Am\u00e9rique Division","isPartOf":{"@id":"https:\/\/interamerica.org\/fr\/#website"},"primaryImageOfPage":{"@id":"https:\/\/interamerica.org\/fr\/2015\/03\/linter-amerique-organise-un-sommet-en-ligne-sur-levangelisation-pastorale\/#primaryimage"},"image":{"@id":"https:\/\/interamerica.org\/fr\/2015\/03\/linter-amerique-organise-un-sommet-en-ligne-sur-levangelisation-pastorale\/#primaryimage"},"thumbnailUrl":"https:\/\/interamerica.org\/wp-content\/uploads\/2017\/06\/pastoralEvanSummit300.png","datePublished":"2015-03-28T04:00:00+00:00","author":{"@id":"https:\/\/interamerica.org\/fr\/#\/schema\/person\/68ede8bdc292885bb76c1e3810e73c39"},"breadcrumb":{"@id":"https:\/\/interamerica.org\/fr\/2015\/03\/linter-amerique-organise-un-sommet-en-ligne-sur-levangelisation-pastorale\/#breadcrumb"},"inLanguage":"fr-FR","potentialAction":[{"@type":"ReadAction","target":["https:\/\/interamerica.org\/fr\/2015\/03\/linter-amerique-organise-un-sommet-en-ligne-sur-levangelisation-pastorale\/"]}]},{"@type":"ImageObject","inLanguage":"fr-FR","@id":"https:\/\/interamerica.org\/fr\/2015\/03\/linter-amerique-organise-un-sommet-en-ligne-sur-levangelisation-pastorale\/#primaryimage","url":"https:\/\/interamerica.org\/wp-content\/uploads\/2017\/06\/pastoralEvanSummit300.png","contentUrl":"https:\/\/interamerica.org\/wp-content\/uploads\/2017\/06\/pastoralEvanSummit300.png","width":300,"height":201},{"@type":"BreadcrumbList","@id":"https:\/\/interamerica.org\/fr\/2015\/03\/linter-amerique-organise-un-sommet-en-ligne-sur-levangelisation-pastorale\/#breadcrumb","itemListElement":[{"@type":"ListItem","position":1,"name":"Home","item":"https:\/\/interamerica.org\/fr\/"},{"@type":"ListItem","position":2,"name":"L\u2019Inter Am\u00e9rique organise un sommet en ligne sur l\u2019\u00e9vang\u00e9lisation pastorale"}]},{"@type":"WebSite","@id":"https:\/\/interamerica.org\/fr\/#website","url":"https:\/\/interamerica.org\/fr\/","name":"\u00c9glise Adventiste Du Septieme Jour - Inter Am\u00e9rique Division","description":"","potentialAction":[{"@type":"SearchAction","target":{"@type":"EntryPoint","urlTemplate":"https:\/\/interamerica.org\/fr\/?s={search_term_string}"},"query-input":{"@type":"PropertyValueSpecification","valueRequired":true,"valueName":"search_term_string"}}],"inLanguage":"fr-FR"},{"@type":"Person","@id":"https:\/\/interamerica.org\/fr\/#\/schema\/person\/68ede8bdc292885bb76c1e3810e73c39","name":"Lorenzo Verduzco","image":{"@type":"ImageObject","inLanguage":"fr-FR","@id":"https:\/\/secure.gravatar.com\/avatar\/fb81a55b6218459490a9c1dc841a34909185b81904c5337b4b27f7a6fd60c49e?s=96&d=mm&r=g","url":"https:\/\/secure.gravatar.com\/avatar\/fb81a55b6218459490a9c1dc841a34909185b81904c5337b4b27f7a6fd60c49e?s=96&d=mm&r=g","contentUrl":"https:\/\/secure.gravatar.com\/avatar\/fb81a55b6218459490a9c1dc841a34909185b81904c5337b4b27f7a6fd60c49e?s=96&d=mm&r=g","caption":"Lorenzo Verduzco"}}]}},"_links":{"self":[{"href":"https:\/\/interamerica.org\/fr\/wp-json\/wp\/v2\/posts\/32217","targetHints":{"allow":["GET"]}}],"collection":[{"href":"https:\/\/interamerica.org\/fr\/wp-json\/wp\/v2\/posts"}],"about":[{"href":"https:\/\/interamerica.org\/fr\/wp-json\/wp\/v2\/types\/post"}],"author":[{"embeddable":true,"href":"https:\/\/interamerica.org\/fr\/wp-json\/wp\/v2\/users\/1"}],"replies":[{"embeddable":true,"href":"https:\/\/interamerica.org\/fr\/wp-json\/wp\/v2\/comments?post=32217"}],"version-history":[{"count":0,"href":"https:\/\/interamerica.org\/fr\/wp-json\/wp\/v2\/posts\/32217\/revisions"}],"wp:featuredmedia":[{"embeddable":true,"href":"https:\/\/interamerica.org\/fr\/wp-json\/wp\/v2\/media\/24844"}],"wp:attachment":[{"href":"https:\/\/interamerica.org\/fr\/wp-json\/wp\/v2\/media?parent=32217"}],"wp:term":[{"taxonomy":"category","embeddable":true,"href":"https:\/\/interamerica.org\/fr\/wp-json\/wp\/v2\/categories?post=32217"},{"taxonomy":"post_tag","embeddable":true,"href":"https:\/\/interamerica.org\/fr\/wp-json\/wp\/v2\/tags?post=32217"}],"curies":[{"name":"wp","href":"https:\/\/api.w.org\/{rel}","templated":true}]}}