{"id":32218,"date":"2015-03-28T00:00:00","date_gmt":"2015-03-28T04:00:00","guid":{"rendered":"http:\/\/192.81.217.108\/interamerica\/2015\/03\/les-dirigeants-de-leglise-ont-pour-defi-de-faire-de-la-sante-mentale-une-priorite\/"},"modified":"2015-03-28T00:00:00","modified_gmt":"2015-03-28T04:00:00","slug":"les-dirigeants-de-leglise-ont-pour-defi-de-faire-de-la-sante-mentale-une-priorite","status":"publish","type":"post","link":"https:\/\/interamerica.org\/fr\/2015\/03\/les-dirigeants-de-leglise-ont-pour-defi-de-faire-de-la-sante-mentale-une-priorite\/","title":{"rendered":"Les dirigeants de l\u2019\u00e9glise ont pour d\u00e9fi de faire de la sant\u00e9 mentale une priorit\u00e9"},"content":{"rendered":"<p>27 mars 2015 \/ Silver Spring, Maryland, \u00c9tats-Unis\/ \u00c9quipe ANN<\/p>\n<p>Les dirigeants de l\u2019\u00e9glise ont \u00e9t\u00e9 mis au d\u00e9fi de faire de la sant\u00e9 mentale une priorit\u00e9 dans leur minist\u00e8re aussi bien que dans leur vie durant une semaine d\u2019emphase spirituelle tenue au si\u00e8ge des Adventistes du Septi\u00e8me Jour. La semaine de pri\u00e8re \u00e9tait tenue par le Dr. Neil Nedley qui parla aux employ\u00e9s de Silver Spring, Maryland.<\/p>\n<div id=\"attachment_16064\" style=\"width: 310px\" class=\"wp-caption alignleft\"><a href=\"\/interamerica\/wp-content\/uploads\/2017\/06\/csm_Nedley_39a5713c6b.png\" rel=\"fancybox\" title=\"Les dirigeants de l\u2019\u00e9glise ont pour d\u00e9fi de faire de la sant\u00e9 mentale une priorit\u00e9\"><img fetchpriority=\"high\" decoding=\"async\" aria-describedby=\"caption-attachment-16064\" class=\"size-medium wp-image-16064 \" src=\"\/interamerica\/wp-content\/uploads\/2017\/06\/csm_Nedley_39a5713c6b-300x169.png\" alt=\"\" width=\"300\" height=\"169\" \/><\/a><p id=\"caption-attachment-16064\" class=\"wp-caption-text\">Dr. Neil Nedley a parl\u00e9 aux dirigeants de la sant\u00e9 mentale durant la semaine de pri\u00e8re de la Conf\u00e9rence G\u00e9n\u00e9rale du 23-26 mars. Image de Hope Channel<\/p><\/div>\n<p>Durant quatre jours, lors des rencontres, Nedley a soulign\u00e9 l\u2019importance qu\u2019il y a \u00e0 int\u00e9grer au bien-\u00eatre spirituel, le physique, le mental et la sant\u00e9 \u00e9motionnelle.<\/p>\n<p>Nedley a insist\u00e9 sur l\u2019approche holistique du minist\u00e8re de la sant\u00e9 comme \u00e9tant un composant \u00e0 part enti\u00e8re dans la propagation de l\u2019\u00e9vangile. \u00ab\u00a0La beaut\u00e9 du travail missionnaire m\u00e9dical est qu\u2019il n\u2019offre pas seulement la gu\u00e9rison pour maintenant, mais aussi pour l\u2019\u00e9ternit\u00e9.\u00a0\u00bb<\/p>\n<p>Le monde a besoin de comprendre et d\u2019aborder ces probl\u00e8mes d\u2019apr\u00e8s le Dr. Peter Landless, directeur du Minist\u00e8re de la Sant\u00e9 de l\u2019\u00e9glise mondiale. \u00ab\u00a0Les probl\u00e8mes de sant\u00e9 mentale ne font acception de personne y compris les adventistes\u00a0\u00bb a d\u00e9clar\u00e9 Landless quand il introduisit Nedley.<\/p>\n<p>Durant la semaine, les sujets de Nedley ont port\u00e9 sur la gestion des \u00e9motions, \u00e9viter de penser aux erreurs, la d\u00e9pression et le bien-\u00eatre psychologique.<\/p>\n<p>Nedley est un m\u00e9decin en activit\u00e9 en M\u00e9decine Interne avec une sp\u00e9cialisation en Gastro-ent\u00e9rologie, Sant\u00e9 mentale, M\u00e9decine de la Vie et diagnostic difficile de patient. Nedley a aussi \u00e9t\u00e9 le Pr\u00e9sident de la\u00a0 \u00ab\u00a0Weimar Center of Health and Education\u00a0\u00bb dans l\u2019\u00e9tat de Californie.<\/p>\n<p>Les pr\u00e9sentations de la semaine de pri\u00e8re ont \u00e9t\u00e9 enregistr\u00e9es par Hope Channel et peuvent \u00eatre vues <span style=\"text-decoration: underline;\">ICI<\/span> .<\/p>\n<p>Traduction: Carole et Charles SAINT-LOUIS<\/p>\n","protected":false},"excerpt":{"rendered":"<p>Les dirigeants de l\u2019\u00e9glise ont \u00e9t\u00e9 mis au d\u00e9fi de faire de la sant\u00e9 mentale une priorit\u00e9 dans leur minist\u00e8re aussi bien que dans leur vie durant une semaine d\u2019emphase spirituelle tenue au si\u00e8ge des Adventistes du Septi\u00e8me Jour. La semaine de pri\u00e8re \u00e9tait tenue par le Dr. Neil Nedley qui parla aux employ\u00e9s de Silver Spring, Maryland.  <\/p>\n<p>Durant quatre jours, lors des rencontres, Nedley a soulign\u00e9 l\u2019importance qu\u2019il y a \u00e0 int\u00e9grer au bien-\u00eatre spirituel, le physique, le mental et la sant\u00e9 \u00e9motionnelle.<\/p>\n","protected":false},"author":1,"featured_media":24848,"comment_status":"closed","ping_status":"closed","sticky":false,"template":"","format":"standard","meta":{"_acf_changed":false,"footnotes":""},"categories":[18,19],"tags":[],"class_list":["post-32218","post","type-post","status-publish","format-standard","has-post-thumbnail","hentry","category-nouvelles-de-leglise-mondiale","category-rss-francais"],"acf":[],"yoast_head":"<!-- This site is optimized with the Yoast SEO plugin v27.3 - https:\/\/yoast.com\/product\/yoast-seo-wordpress\/ -->\n<title>Les dirigeants de l\u2019\u00e9glise ont pour d\u00e9fi de faire de la sant\u00e9 mentale une priorit\u00e9 - \u00c9glise Adventiste Du Septieme Jour - Inter Am\u00e9rique Division<\/title>\n<meta name=\"robots\" content=\"index, follow, max-snippet:-1, max-image-preview:large, max-video-preview:-1\" \/>\n<link rel=\"canonical\" href=\"https:\/\/interamerica.org\/fr\/2015\/03\/les-dirigeants-de-leglise-ont-pour-defi-de-faire-de-la-sante-mentale-une-priorite\/\" \/>\n<meta property=\"og:locale\" content=\"fr_FR\" \/>\n<meta property=\"og:type\" content=\"article\" \/>\n<meta property=\"og:title\" content=\"Les dirigeants de l\u2019\u00e9glise ont pour d\u00e9fi de faire de la sant\u00e9 mentale une priorit\u00e9 - \u00c9glise Adventiste Du Septieme Jour - Inter Am\u00e9rique Division\" \/>\n<meta property=\"og:description\" content=\"Les dirigeants de l\u2019\u00e9glise ont \u00e9t\u00e9 mis au d\u00e9fi de faire de la sant\u00e9 mentale une priorit\u00e9 dans leur minist\u00e8re aussi bien que dans leur vie durant une semaine d\u2019emphase spirituelle tenue au si\u00e8ge des Adventistes du Septi\u00e8me Jour. La semaine de pri\u00e8re \u00e9tait tenue par le Dr. Neil Nedley qui parla aux employ\u00e9s de Silver Spring, Maryland.  Durant quatre jours, lors des rencontres, Nedley a soulign\u00e9 l\u2019importance qu\u2019il y a \u00e0 int\u00e9grer au bien-\u00eatre spirituel, le physique, le mental et la sant\u00e9 \u00e9motionnelle.\" \/>\n<meta property=\"og:url\" content=\"https:\/\/interamerica.org\/fr\/2015\/03\/les-dirigeants-de-leglise-ont-pour-defi-de-faire-de-la-sante-mentale-une-priorite\/\" \/>\n<meta property=\"og:site_name\" content=\"\u00c9glise Adventiste Du Septieme Jour - Inter Am\u00e9rique Division\" \/>\n<meta property=\"article:published_time\" content=\"2015-03-28T04:00:00+00:00\" \/>\n<meta property=\"og:image\" content=\"https:\/\/interamerica.org\/wp-content\/uploads\/2017\/06\/csm_Nedley_39a5713c6b.png\" \/>\n\t<meta property=\"og:image:width\" content=\"400\" \/>\n\t<meta property=\"og:image:height\" content=\"226\" \/>\n\t<meta property=\"og:image:type\" content=\"image\/png\" \/>\n<meta name=\"author\" content=\"Lorenzo Verduzco\" \/>\n<meta name=\"twitter:card\" content=\"summary_large_image\" \/>\n<meta name=\"twitter:label1\" content=\"\u00c9crit par\" \/>\n\t<meta name=\"twitter:data1\" content=\"Lorenzo Verduzco\" \/>\n\t<meta name=\"twitter:label2\" content=\"Dur\u00e9e de lecture estim\u00e9e\" \/>\n\t<meta name=\"twitter:data2\" content=\"2 minutes\" \/>\n<script type=\"application\/ld+json\" class=\"yoast-schema-graph\">{\"@context\":\"https:\\\/\\\/schema.org\",\"@graph\":[{\"@type\":\"Article\",\"@id\":\"https:\\\/\\\/interamerica.org\\\/fr\\\/2015\\\/03\\\/les-dirigeants-de-leglise-ont-pour-defi-de-faire-de-la-sante-mentale-une-priorite\\\/#article\",\"isPartOf\":{\"@id\":\"https:\\\/\\\/interamerica.org\\\/fr\\\/2015\\\/03\\\/les-dirigeants-de-leglise-ont-pour-defi-de-faire-de-la-sante-mentale-une-priorite\\\/\"},\"author\":{\"name\":\"Lorenzo Verduzco\",\"@id\":\"https:\\\/\\\/interamerica.org\\\/fr\\\/#\\\/schema\\\/person\\\/68ede8bdc292885bb76c1e3810e73c39\"},\"headline\":\"Les dirigeants de l\u2019\u00e9glise ont pour d\u00e9fi de faire de la sant\u00e9 mentale une priorit\u00e9\",\"datePublished\":\"2015-03-28T04:00:00+00:00\",\"mainEntityOfPage\":{\"@id\":\"https:\\\/\\\/interamerica.org\\\/fr\\\/2015\\\/03\\\/les-dirigeants-de-leglise-ont-pour-defi-de-faire-de-la-sante-mentale-une-priorite\\\/\"},\"wordCount\":363,\"image\":{\"@id\":\"https:\\\/\\\/interamerica.org\\\/fr\\\/2015\\\/03\\\/les-dirigeants-de-leglise-ont-pour-defi-de-faire-de-la-sante-mentale-une-priorite\\\/#primaryimage\"},\"thumbnailUrl\":\"https:\\\/\\\/interamerica.org\\\/wp-content\\\/uploads\\\/2017\\\/06\\\/csm_Nedley_39a5713c6b.png\",\"articleSection\":[\"Nouvelles de l'\u00c9glise mondiale\",\"RSS Fran\u00e7ais\"],\"inLanguage\":\"fr-FR\"},{\"@type\":\"WebPage\",\"@id\":\"https:\\\/\\\/interamerica.org\\\/fr\\\/2015\\\/03\\\/les-dirigeants-de-leglise-ont-pour-defi-de-faire-de-la-sante-mentale-une-priorite\\\/\",\"url\":\"https:\\\/\\\/interamerica.org\\\/fr\\\/2015\\\/03\\\/les-dirigeants-de-leglise-ont-pour-defi-de-faire-de-la-sante-mentale-une-priorite\\\/\",\"name\":\"Les dirigeants de l\u2019\u00e9glise ont pour d\u00e9fi de faire de la sant\u00e9 mentale une priorit\u00e9 - \u00c9glise Adventiste Du Septieme Jour - Inter Am\u00e9rique Division\",\"isPartOf\":{\"@id\":\"https:\\\/\\\/interamerica.org\\\/fr\\\/#website\"},\"primaryImageOfPage\":{\"@id\":\"https:\\\/\\\/interamerica.org\\\/fr\\\/2015\\\/03\\\/les-dirigeants-de-leglise-ont-pour-defi-de-faire-de-la-sante-mentale-une-priorite\\\/#primaryimage\"},\"image\":{\"@id\":\"https:\\\/\\\/interamerica.org\\\/fr\\\/2015\\\/03\\\/les-dirigeants-de-leglise-ont-pour-defi-de-faire-de-la-sante-mentale-une-priorite\\\/#primaryimage\"},\"thumbnailUrl\":\"https:\\\/\\\/interamerica.org\\\/wp-content\\\/uploads\\\/2017\\\/06\\\/csm_Nedley_39a5713c6b.png\",\"datePublished\":\"2015-03-28T04:00:00+00:00\",\"author\":{\"@id\":\"https:\\\/\\\/interamerica.org\\\/fr\\\/#\\\/schema\\\/person\\\/68ede8bdc292885bb76c1e3810e73c39\"},\"breadcrumb\":{\"@id\":\"https:\\\/\\\/interamerica.org\\\/fr\\\/2015\\\/03\\\/les-dirigeants-de-leglise-ont-pour-defi-de-faire-de-la-sante-mentale-une-priorite\\\/#breadcrumb\"},\"inLanguage\":\"fr-FR\",\"potentialAction\":[{\"@type\":\"ReadAction\",\"target\":[\"https:\\\/\\\/interamerica.org\\\/fr\\\/2015\\\/03\\\/les-dirigeants-de-leglise-ont-pour-defi-de-faire-de-la-sante-mentale-une-priorite\\\/\"]}]},{\"@type\":\"ImageObject\",\"inLanguage\":\"fr-FR\",\"@id\":\"https:\\\/\\\/interamerica.org\\\/fr\\\/2015\\\/03\\\/les-dirigeants-de-leglise-ont-pour-defi-de-faire-de-la-sante-mentale-une-priorite\\\/#primaryimage\",\"url\":\"https:\\\/\\\/interamerica.org\\\/wp-content\\\/uploads\\\/2017\\\/06\\\/csm_Nedley_39a5713c6b.png\",\"contentUrl\":\"https:\\\/\\\/interamerica.org\\\/wp-content\\\/uploads\\\/2017\\\/06\\\/csm_Nedley_39a5713c6b.png\",\"width\":400,\"height\":226},{\"@type\":\"BreadcrumbList\",\"@id\":\"https:\\\/\\\/interamerica.org\\\/fr\\\/2015\\\/03\\\/les-dirigeants-de-leglise-ont-pour-defi-de-faire-de-la-sante-mentale-une-priorite\\\/#breadcrumb\",\"itemListElement\":[{\"@type\":\"ListItem\",\"position\":1,\"name\":\"Home\",\"item\":\"https:\\\/\\\/interamerica.org\\\/fr\\\/\"},{\"@type\":\"ListItem\",\"position\":2,\"name\":\"Les dirigeants de l\u2019\u00e9glise ont pour d\u00e9fi de faire de la sant\u00e9 mentale une priorit\u00e9\"}]},{\"@type\":\"WebSite\",\"@id\":\"https:\\\/\\\/interamerica.org\\\/fr\\\/#website\",\"url\":\"https:\\\/\\\/interamerica.org\\\/fr\\\/\",\"name\":\"\u00c9glise Adventiste Du Septieme Jour - Inter Am\u00e9rique Division\",\"description\":\"\",\"potentialAction\":[{\"@type\":\"SearchAction\",\"target\":{\"@type\":\"EntryPoint\",\"urlTemplate\":\"https:\\\/\\\/interamerica.org\\\/fr\\\/?s={search_term_string}\"},\"query-input\":{\"@type\":\"PropertyValueSpecification\",\"valueRequired\":true,\"valueName\":\"search_term_string\"}}],\"inLanguage\":\"fr-FR\"},{\"@type\":\"Person\",\"@id\":\"https:\\\/\\\/interamerica.org\\\/fr\\\/#\\\/schema\\\/person\\\/68ede8bdc292885bb76c1e3810e73c39\",\"name\":\"Lorenzo Verduzco\",\"image\":{\"@type\":\"ImageObject\",\"inLanguage\":\"fr-FR\",\"@id\":\"https:\\\/\\\/secure.gravatar.com\\\/avatar\\\/fb81a55b6218459490a9c1dc841a34909185b81904c5337b4b27f7a6fd60c49e?s=96&d=mm&r=g\",\"url\":\"https:\\\/\\\/secure.gravatar.com\\\/avatar\\\/fb81a55b6218459490a9c1dc841a34909185b81904c5337b4b27f7a6fd60c49e?s=96&d=mm&r=g\",\"contentUrl\":\"https:\\\/\\\/secure.gravatar.com\\\/avatar\\\/fb81a55b6218459490a9c1dc841a34909185b81904c5337b4b27f7a6fd60c49e?s=96&d=mm&r=g\",\"caption\":\"Lorenzo Verduzco\"}}]}<\/script>\n<!-- \/ Yoast SEO plugin. -->","yoast_head_json":{"title":"Les dirigeants de l\u2019\u00e9glise ont pour d\u00e9fi de faire de la sant\u00e9 mentale une priorit\u00e9 - \u00c9glise Adventiste Du Septieme Jour - Inter Am\u00e9rique Division","robots":{"index":"index","follow":"follow","max-snippet":"max-snippet:-1","max-image-preview":"max-image-preview:large","max-video-preview":"max-video-preview:-1"},"canonical":"https:\/\/interamerica.org\/fr\/2015\/03\/les-dirigeants-de-leglise-ont-pour-defi-de-faire-de-la-sante-mentale-une-priorite\/","og_locale":"fr_FR","og_type":"article","og_title":"Les dirigeants de l\u2019\u00e9glise ont pour d\u00e9fi de faire de la sant\u00e9 mentale une priorit\u00e9 - \u00c9glise Adventiste Du Septieme Jour - Inter Am\u00e9rique Division","og_description":"Les dirigeants de l\u2019\u00e9glise ont \u00e9t\u00e9 mis au d\u00e9fi de faire de la sant\u00e9 mentale une priorit\u00e9 dans leur minist\u00e8re aussi bien que dans leur vie durant une semaine d\u2019emphase spirituelle tenue au si\u00e8ge des Adventistes du Septi\u00e8me Jour. La semaine de pri\u00e8re \u00e9tait tenue par le Dr. Neil Nedley qui parla aux employ\u00e9s de Silver Spring, Maryland.  Durant quatre jours, lors des rencontres, Nedley a soulign\u00e9 l\u2019importance qu\u2019il y a \u00e0 int\u00e9grer au bien-\u00eatre spirituel, le physique, le mental et la sant\u00e9 \u00e9motionnelle.","og_url":"https:\/\/interamerica.org\/fr\/2015\/03\/les-dirigeants-de-leglise-ont-pour-defi-de-faire-de-la-sante-mentale-une-priorite\/","og_site_name":"\u00c9glise Adventiste Du Septieme Jour - Inter Am\u00e9rique Division","article_published_time":"2015-03-28T04:00:00+00:00","og_image":[{"width":400,"height":226,"url":"https:\/\/interamerica.org\/wp-content\/uploads\/2017\/06\/csm_Nedley_39a5713c6b.png","type":"image\/png"}],"author":"Lorenzo Verduzco","twitter_card":"summary_large_image","twitter_misc":{"\u00c9crit par":"Lorenzo Verduzco","Dur\u00e9e de lecture estim\u00e9e":"2 minutes"},"schema":{"@context":"https:\/\/schema.org","@graph":[{"@type":"Article","@id":"https:\/\/interamerica.org\/fr\/2015\/03\/les-dirigeants-de-leglise-ont-pour-defi-de-faire-de-la-sante-mentale-une-priorite\/#article","isPartOf":{"@id":"https:\/\/interamerica.org\/fr\/2015\/03\/les-dirigeants-de-leglise-ont-pour-defi-de-faire-de-la-sante-mentale-une-priorite\/"},"author":{"name":"Lorenzo Verduzco","@id":"https:\/\/interamerica.org\/fr\/#\/schema\/person\/68ede8bdc292885bb76c1e3810e73c39"},"headline":"Les dirigeants de l\u2019\u00e9glise ont pour d\u00e9fi de faire de la sant\u00e9 mentale une priorit\u00e9","datePublished":"2015-03-28T04:00:00+00:00","mainEntityOfPage":{"@id":"https:\/\/interamerica.org\/fr\/2015\/03\/les-dirigeants-de-leglise-ont-pour-defi-de-faire-de-la-sante-mentale-une-priorite\/"},"wordCount":363,"image":{"@id":"https:\/\/interamerica.org\/fr\/2015\/03\/les-dirigeants-de-leglise-ont-pour-defi-de-faire-de-la-sante-mentale-une-priorite\/#primaryimage"},"thumbnailUrl":"https:\/\/interamerica.org\/wp-content\/uploads\/2017\/06\/csm_Nedley_39a5713c6b.png","articleSection":["Nouvelles de l'\u00c9glise mondiale","RSS Fran\u00e7ais"],"inLanguage":"fr-FR"},{"@type":"WebPage","@id":"https:\/\/interamerica.org\/fr\/2015\/03\/les-dirigeants-de-leglise-ont-pour-defi-de-faire-de-la-sante-mentale-une-priorite\/","url":"https:\/\/interamerica.org\/fr\/2015\/03\/les-dirigeants-de-leglise-ont-pour-defi-de-faire-de-la-sante-mentale-une-priorite\/","name":"Les dirigeants de l\u2019\u00e9glise ont pour d\u00e9fi de faire de la sant\u00e9 mentale une priorit\u00e9 - \u00c9glise Adventiste Du Septieme Jour - Inter Am\u00e9rique Division","isPartOf":{"@id":"https:\/\/interamerica.org\/fr\/#website"},"primaryImageOfPage":{"@id":"https:\/\/interamerica.org\/fr\/2015\/03\/les-dirigeants-de-leglise-ont-pour-defi-de-faire-de-la-sante-mentale-une-priorite\/#primaryimage"},"image":{"@id":"https:\/\/interamerica.org\/fr\/2015\/03\/les-dirigeants-de-leglise-ont-pour-defi-de-faire-de-la-sante-mentale-une-priorite\/#primaryimage"},"thumbnailUrl":"https:\/\/interamerica.org\/wp-content\/uploads\/2017\/06\/csm_Nedley_39a5713c6b.png","datePublished":"2015-03-28T04:00:00+00:00","author":{"@id":"https:\/\/interamerica.org\/fr\/#\/schema\/person\/68ede8bdc292885bb76c1e3810e73c39"},"breadcrumb":{"@id":"https:\/\/interamerica.org\/fr\/2015\/03\/les-dirigeants-de-leglise-ont-pour-defi-de-faire-de-la-sante-mentale-une-priorite\/#breadcrumb"},"inLanguage":"fr-FR","potentialAction":[{"@type":"ReadAction","target":["https:\/\/interamerica.org\/fr\/2015\/03\/les-dirigeants-de-leglise-ont-pour-defi-de-faire-de-la-sante-mentale-une-priorite\/"]}]},{"@type":"ImageObject","inLanguage":"fr-FR","@id":"https:\/\/interamerica.org\/fr\/2015\/03\/les-dirigeants-de-leglise-ont-pour-defi-de-faire-de-la-sante-mentale-une-priorite\/#primaryimage","url":"https:\/\/interamerica.org\/wp-content\/uploads\/2017\/06\/csm_Nedley_39a5713c6b.png","contentUrl":"https:\/\/interamerica.org\/wp-content\/uploads\/2017\/06\/csm_Nedley_39a5713c6b.png","width":400,"height":226},{"@type":"BreadcrumbList","@id":"https:\/\/interamerica.org\/fr\/2015\/03\/les-dirigeants-de-leglise-ont-pour-defi-de-faire-de-la-sante-mentale-une-priorite\/#breadcrumb","itemListElement":[{"@type":"ListItem","position":1,"name":"Home","item":"https:\/\/interamerica.org\/fr\/"},{"@type":"ListItem","position":2,"name":"Les dirigeants de l\u2019\u00e9glise ont pour d\u00e9fi de faire de la sant\u00e9 mentale une priorit\u00e9"}]},{"@type":"WebSite","@id":"https:\/\/interamerica.org\/fr\/#website","url":"https:\/\/interamerica.org\/fr\/","name":"\u00c9glise Adventiste Du Septieme Jour - Inter Am\u00e9rique Division","description":"","potentialAction":[{"@type":"SearchAction","target":{"@type":"EntryPoint","urlTemplate":"https:\/\/interamerica.org\/fr\/?s={search_term_string}"},"query-input":{"@type":"PropertyValueSpecification","valueRequired":true,"valueName":"search_term_string"}}],"inLanguage":"fr-FR"},{"@type":"Person","@id":"https:\/\/interamerica.org\/fr\/#\/schema\/person\/68ede8bdc292885bb76c1e3810e73c39","name":"Lorenzo Verduzco","image":{"@type":"ImageObject","inLanguage":"fr-FR","@id":"https:\/\/secure.gravatar.com\/avatar\/fb81a55b6218459490a9c1dc841a34909185b81904c5337b4b27f7a6fd60c49e?s=96&d=mm&r=g","url":"https:\/\/secure.gravatar.com\/avatar\/fb81a55b6218459490a9c1dc841a34909185b81904c5337b4b27f7a6fd60c49e?s=96&d=mm&r=g","contentUrl":"https:\/\/secure.gravatar.com\/avatar\/fb81a55b6218459490a9c1dc841a34909185b81904c5337b4b27f7a6fd60c49e?s=96&d=mm&r=g","caption":"Lorenzo Verduzco"}}]}},"_links":{"self":[{"href":"https:\/\/interamerica.org\/fr\/wp-json\/wp\/v2\/posts\/32218","targetHints":{"allow":["GET"]}}],"collection":[{"href":"https:\/\/interamerica.org\/fr\/wp-json\/wp\/v2\/posts"}],"about":[{"href":"https:\/\/interamerica.org\/fr\/wp-json\/wp\/v2\/types\/post"}],"author":[{"embeddable":true,"href":"https:\/\/interamerica.org\/fr\/wp-json\/wp\/v2\/users\/1"}],"replies":[{"embeddable":true,"href":"https:\/\/interamerica.org\/fr\/wp-json\/wp\/v2\/comments?post=32218"}],"version-history":[{"count":0,"href":"https:\/\/interamerica.org\/fr\/wp-json\/wp\/v2\/posts\/32218\/revisions"}],"wp:featuredmedia":[{"embeddable":true,"href":"https:\/\/interamerica.org\/fr\/wp-json\/wp\/v2\/media\/24848"}],"wp:attachment":[{"href":"https:\/\/interamerica.org\/fr\/wp-json\/wp\/v2\/media?parent=32218"}],"wp:term":[{"taxonomy":"category","embeddable":true,"href":"https:\/\/interamerica.org\/fr\/wp-json\/wp\/v2\/categories?post=32218"},{"taxonomy":"post_tag","embeddable":true,"href":"https:\/\/interamerica.org\/fr\/wp-json\/wp\/v2\/tags?post=32218"}],"curies":[{"name":"wp","href":"https:\/\/api.w.org\/{rel}","templated":true}]}}