{"id":32221,"date":"2015-04-01T00:00:00","date_gmt":"2015-04-01T04:00:00","guid":{"rendered":"http:\/\/192.81.217.108\/interamerica\/2015\/04\/leglise-en-inter-amerique-sapprete-a-cloturer-ses-efforts-devangelisation-dans-le-cadre-de-vision-un-million-avec-un-programme-retransmis-par-satellite\/"},"modified":"2015-04-01T00:00:00","modified_gmt":"2015-04-01T04:00:00","slug":"leglise-en-inter-amerique-sapprete-a-cloturer-ses-efforts-devangelisation-dans-le-cadre-de-vision-un-million-avec-un-programme-retransmis-par-satellite","status":"publish","type":"post","link":"https:\/\/interamerica.org\/fr\/2015\/04\/leglise-en-inter-amerique-sapprete-a-cloturer-ses-efforts-devangelisation-dans-le-cadre-de-vision-un-million-avec-un-programme-retransmis-par-satellite\/","title":{"rendered":"L\u2019Eglise en Inter Am\u00e9rique s\u2019appr\u00eate \u00e0 cl\u00f4turer ses efforts d\u2019\u00e9vang\u00e9lisation dans le cadre de Vision Un Million avec un programme retransmis par satellite."},"content":{"rendered":"<div id=\"attachment_15910\" style=\"width: 727px\" class=\"wp-caption aligncenter\"><a href=\"\/interamerica\/wp-content\/uploads\/2017\/06\/Banner_VOM_2015_FR.jpg\" rel=\"fancybox\" title=\"L\u2019Eglise en Inter Am\u00e9rique s\u2019appr\u00eate \u00e0 cl\u00f4turer ses efforts d\u2019\u00e9vang\u00e9lisation dans le cadre de Vision Un Million avec un programme retransmis par satellite.\"><img fetchpriority=\"high\" decoding=\"async\" aria-describedby=\"caption-attachment-15910\" class=\" wp-image-15912\" title=\"Banner_VOM_2015_FR\" src=\"\/interamerica\/wp-content\/uploads\/2017\/06\/Banner_VOM_2015_FR-1024x341.jpg\" alt=\"\" width=\"717\" height=\"239\" \/><\/a><p id=\"caption-attachment-15910\" class=\"wp-caption-text\">Image d&rsquo;Abel Marquez\/DIA<\/p><\/div>\n<p>1er Avril 2015 \u2013 Miami, Floride, Etats Unis \u2013 Libna Stevens\/DIA<\/p>\n<p>L\u2019Eglise Adventiste du Septi\u00e8me Jour s\u2019appr\u00eate \u00e0 conclure son initiative d\u2019\u00e9vang\u00e9lisation int\u00e9grale de cinq ans baptis\u00e9e Vision Un Million, avec un programme de trois heures retransmis en direct par satellite le 4 avril 2015 depuis Port-of-Spain \u00e0 Trinidad.<\/p>\n<p>Les principaux leaders de l\u2019\u00e9glise mettront en lumi\u00e8re les r\u00e9sultats des efforts d\u2019\u00e9vang\u00e9lisation tenus par des milliers de pasteurs et de membres d\u2019\u00e9glise actifs sur l\u2019ensemble du territoire de la Division Inter Am\u00e9ricaine (DIA) au cours des trois derniers mois, ainsi que des programmes communautaires intensifs men\u00e9s dans la r\u00e9gion carib\u00e9enne anglophone.<\/p>\n<p>D\u2019apr\u00e8s pasteur Balvin Braham, directeur adjoint de l\u2019association pastorale pour l\u2019\u00e9glise en Inter Am\u00e9rique, et principal organisateur du programme, quelques 300 campagnes d\u2019\u00e9vang\u00e9lisation ont eu lieu dans l\u2019Union Carib\u00e9enne au cours des deux derni\u00e8res semaines.<\/p>\n<p>\u00ab Nous sommes reconnaissants de ce que des pasteurs, des la\u00efcs et des membres d\u2019\u00e9glise se soient impliqu\u00e9s dans de nombreux projets communautaires, dans des interventions sociales et dans des initiatives de pr\u00e9paration du champ qui ont conduit aux campagnes de moisson de cette semaine, \u00bb a dit pasteur Braham.<\/p>\n<p>Quelques 250 pasteurs et 450 pr\u00e9dicateurs la\u00efcs venus de toute la DIA, d\u2019Afrique, du Canada, d\u2019Angleterre et des Etats Unis se sont associ\u00e9s \u00e0 des pasteurs d\u2019\u00e9glises locales pour la tenue d\u2019efforts d\u2019\u00e9vang\u00e9lisation dans des \u00e9glises, des auditoriums, des centres communautaires et des petits groupes cette semaine, a ajout\u00e9 Balvin Braham.<\/p>\n<p>Plus de 178000 membres d\u2019\u00e9glise ont \u00e9t\u00e9 impliqu\u00e9s dans les efforts organis\u00e9s dans les deux douzaines d\u2019iles composant l\u2019Union de F\u00e9d\u00e9rations Carib\u00e9enne.<\/p>\n<p>Les leaders esp\u00e8rent voir plus de 3000 bapt\u00eames au Centre d\u2019Excellence et aussi dans tout le territoire de l\u2019Union Carib\u00e9enne le 4 avril.<\/p>\n<p>Des milliers d\u2019autres dans les 24 r\u00e9gions de l\u2019Inter Am\u00e9rique se joindront \u00e0 l\u2019\u00e9glise au cours du programme. Des flux en direct \u00e0 partir de sites cl\u00e9s dans toute la DIA seront disponibles pendant la diffusion.<\/p>\n<p>L\u2019\u00e9vang\u00e9liste Mark Finley sera l\u2019intervenant principal du programme en direct, mais il y aura aussi la participation des principaux leaders de l\u2019\u00e9glise dans la DIA, ainsi que des rapports sur les actions d\u2019impact dans la communaut\u00e9 et sur les projets urbains, des remises de prix et bien plus encore.<\/p>\n<p>La diffusion en direct des trois heures de programme de Vision Un Million d\u00e9butera \u00e0 10h00 et ira jusqu\u2019\u00e0 13h00, heure de Miami, et pourra \u00eatre suivie sur <a href=\"http:\/\/www.hopetv.org\/watch\/hope-church-channel\/\">Hope Church Channel<\/a>, <a href=\"http:\/\/www.esperanzatv.org\/\">Esperanza TV<\/a>, <a href=\"http:\/\/3abn.org\/media\/3abn-broadcast\/\">3ABN<\/a>, et <a href=\"http:\/\/3abn.org\/media\/3abn-latino-broadcast\/\">3ABN Latino<\/a><\/p>\n<p>Le programme sera retransmis en anglais, en espagnol et en fran\u00e7ais sur <a href=\"http:\/\/webcast.interamerica.org\/english\">webcast.interamerica.org<\/a>.<\/p>\n<p>Pour des informations actualis\u00e9es sur le programme de Vision Un Million, visitez nous sur <a href=\"https:\/\/recursing-golick.147-182-135-0.plesk.page\/\">interamerica.org<\/a><\/p>\n<p>Traduction: Patrick Luciathe<\/p>\n","protected":false},"excerpt":{"rendered":"<p>L\u2019Eglise Adventiste du Septi\u00e8me Jour s\u2019appr\u00eate \u00e0 conclure son initiative d\u2019\u00e9vang\u00e9lisation int\u00e9grale de cinq ans baptis\u00e9e Vision Un Million, avec un programme de trois heures retransmis en direct par satellite le 4 avril 2015 depuis Port-of-Spain \u00e0 Trinidad.<\/p>\n","protected":false},"author":1,"featured_media":30779,"comment_status":"closed","ping_status":"closed","sticky":false,"template":"","format":"standard","meta":{"_acf_changed":false,"footnotes":""},"categories":[20,19],"tags":[],"class_list":["post-32221","post","type-post","status-publish","format-standard","has-post-thumbnail","hentry","category-nouvelles-du-siege-de-la-division","category-rss-francais"],"acf":[],"yoast_head":"<!-- This site is optimized with the Yoast SEO plugin v27.3 - https:\/\/yoast.com\/product\/yoast-seo-wordpress\/ -->\n<title>L\u2019Eglise en Inter Am\u00e9rique s\u2019appr\u00eate \u00e0 cl\u00f4turer ses efforts d\u2019\u00e9vang\u00e9lisation dans le cadre de Vision Un Million avec un programme retransmis par satellite. - \u00c9glise Adventiste Du Septieme Jour - Inter Am\u00e9rique Division<\/title>\n<meta name=\"robots\" content=\"index, follow, max-snippet:-1, max-image-preview:large, max-video-preview:-1\" \/>\n<link rel=\"canonical\" href=\"https:\/\/interamerica.org\/fr\/2015\/04\/leglise-en-inter-amerique-sapprete-a-cloturer-ses-efforts-devangelisation-dans-le-cadre-de-vision-un-million-avec-un-programme-retransmis-par-satellite\/\" \/>\n<meta property=\"og:locale\" content=\"fr_FR\" \/>\n<meta property=\"og:type\" content=\"article\" \/>\n<meta property=\"og:title\" content=\"L\u2019Eglise en Inter Am\u00e9rique s\u2019appr\u00eate \u00e0 cl\u00f4turer ses efforts d\u2019\u00e9vang\u00e9lisation dans le cadre de Vision Un Million avec un programme retransmis par satellite. - \u00c9glise Adventiste Du Septieme Jour - Inter Am\u00e9rique Division\" \/>\n<meta property=\"og:description\" content=\"L\u2019Eglise Adventiste du Septi\u00e8me Jour s\u2019appr\u00eate \u00e0 conclure son initiative d\u2019\u00e9vang\u00e9lisation int\u00e9grale de cinq ans baptis\u00e9e Vision Un Million, avec un programme de trois heures retransmis en direct par satellite le 4 avril 2015 depuis Port-of-Spain \u00e0 Trinidad.\" \/>\n<meta property=\"og:url\" content=\"https:\/\/interamerica.org\/fr\/2015\/04\/leglise-en-inter-amerique-sapprete-a-cloturer-ses-efforts-devangelisation-dans-le-cadre-de-vision-un-million-avec-un-programme-retransmis-par-satellite\/\" \/>\n<meta property=\"og:site_name\" content=\"\u00c9glise Adventiste Du Septieme Jour - Inter Am\u00e9rique Division\" \/>\n<meta property=\"article:published_time\" content=\"2015-04-01T04:00:00+00:00\" \/>\n<meta property=\"og:image\" content=\"https:\/\/interamerica.org\/wp-content\/uploads\/2017\/06\/V1M-Spa300.png\" \/>\n\t<meta property=\"og:image:width\" content=\"300\" \/>\n\t<meta property=\"og:image:height\" content=\"226\" \/>\n\t<meta property=\"og:image:type\" content=\"image\/png\" \/>\n<meta name=\"author\" content=\"Lorenzo Verduzco\" \/>\n<meta name=\"twitter:card\" content=\"summary_large_image\" \/>\n<meta name=\"twitter:label1\" content=\"\u00c9crit par\" \/>\n\t<meta name=\"twitter:data1\" content=\"Lorenzo Verduzco\" \/>\n\t<meta name=\"twitter:label2\" content=\"Dur\u00e9e de lecture estim\u00e9e\" \/>\n\t<meta name=\"twitter:data2\" content=\"2 minutes\" \/>\n<script type=\"application\/ld+json\" class=\"yoast-schema-graph\">{\"@context\":\"https:\\\/\\\/schema.org\",\"@graph\":[{\"@type\":\"Article\",\"@id\":\"https:\\\/\\\/interamerica.org\\\/fr\\\/2015\\\/04\\\/leglise-en-inter-amerique-sapprete-a-cloturer-ses-efforts-devangelisation-dans-le-cadre-de-vision-un-million-avec-un-programme-retransmis-par-satellite\\\/#article\",\"isPartOf\":{\"@id\":\"https:\\\/\\\/interamerica.org\\\/fr\\\/2015\\\/04\\\/leglise-en-inter-amerique-sapprete-a-cloturer-ses-efforts-devangelisation-dans-le-cadre-de-vision-un-million-avec-un-programme-retransmis-par-satellite\\\/\"},\"author\":{\"name\":\"Lorenzo Verduzco\",\"@id\":\"https:\\\/\\\/interamerica.org\\\/fr\\\/#\\\/schema\\\/person\\\/68ede8bdc292885bb76c1e3810e73c39\"},\"headline\":\"L\u2019Eglise en Inter Am\u00e9rique s\u2019appr\u00eate \u00e0 cl\u00f4turer ses efforts d\u2019\u00e9vang\u00e9lisation dans le cadre de Vision Un Million avec un programme retransmis par satellite.\",\"datePublished\":\"2015-04-01T04:00:00+00:00\",\"mainEntityOfPage\":{\"@id\":\"https:\\\/\\\/interamerica.org\\\/fr\\\/2015\\\/04\\\/leglise-en-inter-amerique-sapprete-a-cloturer-ses-efforts-devangelisation-dans-le-cadre-de-vision-un-million-avec-un-programme-retransmis-par-satellite\\\/\"},\"wordCount\":529,\"image\":{\"@id\":\"https:\\\/\\\/interamerica.org\\\/fr\\\/2015\\\/04\\\/leglise-en-inter-amerique-sapprete-a-cloturer-ses-efforts-devangelisation-dans-le-cadre-de-vision-un-million-avec-un-programme-retransmis-par-satellite\\\/#primaryimage\"},\"thumbnailUrl\":\"https:\\\/\\\/interamerica.org\\\/wp-content\\\/uploads\\\/2017\\\/06\\\/V1M-Spa300.png\",\"articleSection\":[\"Nouvelles du si\u00e8ge de la division\",\"RSS Fran\u00e7ais\"],\"inLanguage\":\"fr-FR\"},{\"@type\":\"WebPage\",\"@id\":\"https:\\\/\\\/interamerica.org\\\/fr\\\/2015\\\/04\\\/leglise-en-inter-amerique-sapprete-a-cloturer-ses-efforts-devangelisation-dans-le-cadre-de-vision-un-million-avec-un-programme-retransmis-par-satellite\\\/\",\"url\":\"https:\\\/\\\/interamerica.org\\\/fr\\\/2015\\\/04\\\/leglise-en-inter-amerique-sapprete-a-cloturer-ses-efforts-devangelisation-dans-le-cadre-de-vision-un-million-avec-un-programme-retransmis-par-satellite\\\/\",\"name\":\"L\u2019Eglise en Inter Am\u00e9rique s\u2019appr\u00eate \u00e0 cl\u00f4turer ses efforts d\u2019\u00e9vang\u00e9lisation dans le cadre de Vision Un Million avec un programme retransmis par satellite. - \u00c9glise Adventiste Du Septieme Jour - Inter Am\u00e9rique Division\",\"isPartOf\":{\"@id\":\"https:\\\/\\\/interamerica.org\\\/fr\\\/#website\"},\"primaryImageOfPage\":{\"@id\":\"https:\\\/\\\/interamerica.org\\\/fr\\\/2015\\\/04\\\/leglise-en-inter-amerique-sapprete-a-cloturer-ses-efforts-devangelisation-dans-le-cadre-de-vision-un-million-avec-un-programme-retransmis-par-satellite\\\/#primaryimage\"},\"image\":{\"@id\":\"https:\\\/\\\/interamerica.org\\\/fr\\\/2015\\\/04\\\/leglise-en-inter-amerique-sapprete-a-cloturer-ses-efforts-devangelisation-dans-le-cadre-de-vision-un-million-avec-un-programme-retransmis-par-satellite\\\/#primaryimage\"},\"thumbnailUrl\":\"https:\\\/\\\/interamerica.org\\\/wp-content\\\/uploads\\\/2017\\\/06\\\/V1M-Spa300.png\",\"datePublished\":\"2015-04-01T04:00:00+00:00\",\"author\":{\"@id\":\"https:\\\/\\\/interamerica.org\\\/fr\\\/#\\\/schema\\\/person\\\/68ede8bdc292885bb76c1e3810e73c39\"},\"breadcrumb\":{\"@id\":\"https:\\\/\\\/interamerica.org\\\/fr\\\/2015\\\/04\\\/leglise-en-inter-amerique-sapprete-a-cloturer-ses-efforts-devangelisation-dans-le-cadre-de-vision-un-million-avec-un-programme-retransmis-par-satellite\\\/#breadcrumb\"},\"inLanguage\":\"fr-FR\",\"potentialAction\":[{\"@type\":\"ReadAction\",\"target\":[\"https:\\\/\\\/interamerica.org\\\/fr\\\/2015\\\/04\\\/leglise-en-inter-amerique-sapprete-a-cloturer-ses-efforts-devangelisation-dans-le-cadre-de-vision-un-million-avec-un-programme-retransmis-par-satellite\\\/\"]}]},{\"@type\":\"ImageObject\",\"inLanguage\":\"fr-FR\",\"@id\":\"https:\\\/\\\/interamerica.org\\\/fr\\\/2015\\\/04\\\/leglise-en-inter-amerique-sapprete-a-cloturer-ses-efforts-devangelisation-dans-le-cadre-de-vision-un-million-avec-un-programme-retransmis-par-satellite\\\/#primaryimage\",\"url\":\"https:\\\/\\\/interamerica.org\\\/wp-content\\\/uploads\\\/2017\\\/06\\\/V1M-Spa300.png\",\"contentUrl\":\"https:\\\/\\\/interamerica.org\\\/wp-content\\\/uploads\\\/2017\\\/06\\\/V1M-Spa300.png\",\"width\":300,\"height\":226},{\"@type\":\"BreadcrumbList\",\"@id\":\"https:\\\/\\\/interamerica.org\\\/fr\\\/2015\\\/04\\\/leglise-en-inter-amerique-sapprete-a-cloturer-ses-efforts-devangelisation-dans-le-cadre-de-vision-un-million-avec-un-programme-retransmis-par-satellite\\\/#breadcrumb\",\"itemListElement\":[{\"@type\":\"ListItem\",\"position\":1,\"name\":\"Home\",\"item\":\"https:\\\/\\\/interamerica.org\\\/fr\\\/\"},{\"@type\":\"ListItem\",\"position\":2,\"name\":\"L\u2019Eglise en Inter Am\u00e9rique s\u2019appr\u00eate \u00e0 cl\u00f4turer ses efforts d\u2019\u00e9vang\u00e9lisation dans le cadre de Vision Un Million avec un programme retransmis par satellite.\"}]},{\"@type\":\"WebSite\",\"@id\":\"https:\\\/\\\/interamerica.org\\\/fr\\\/#website\",\"url\":\"https:\\\/\\\/interamerica.org\\\/fr\\\/\",\"name\":\"\u00c9glise Adventiste Du Septieme Jour - Inter Am\u00e9rique Division\",\"description\":\"\",\"potentialAction\":[{\"@type\":\"SearchAction\",\"target\":{\"@type\":\"EntryPoint\",\"urlTemplate\":\"https:\\\/\\\/interamerica.org\\\/fr\\\/?s={search_term_string}\"},\"query-input\":{\"@type\":\"PropertyValueSpecification\",\"valueRequired\":true,\"valueName\":\"search_term_string\"}}],\"inLanguage\":\"fr-FR\"},{\"@type\":\"Person\",\"@id\":\"https:\\\/\\\/interamerica.org\\\/fr\\\/#\\\/schema\\\/person\\\/68ede8bdc292885bb76c1e3810e73c39\",\"name\":\"Lorenzo Verduzco\",\"image\":{\"@type\":\"ImageObject\",\"inLanguage\":\"fr-FR\",\"@id\":\"https:\\\/\\\/secure.gravatar.com\\\/avatar\\\/fb81a55b6218459490a9c1dc841a34909185b81904c5337b4b27f7a6fd60c49e?s=96&d=mm&r=g\",\"url\":\"https:\\\/\\\/secure.gravatar.com\\\/avatar\\\/fb81a55b6218459490a9c1dc841a34909185b81904c5337b4b27f7a6fd60c49e?s=96&d=mm&r=g\",\"contentUrl\":\"https:\\\/\\\/secure.gravatar.com\\\/avatar\\\/fb81a55b6218459490a9c1dc841a34909185b81904c5337b4b27f7a6fd60c49e?s=96&d=mm&r=g\",\"caption\":\"Lorenzo Verduzco\"}}]}<\/script>\n<!-- \/ Yoast SEO plugin. -->","yoast_head_json":{"title":"L\u2019Eglise en Inter Am\u00e9rique s\u2019appr\u00eate \u00e0 cl\u00f4turer ses efforts d\u2019\u00e9vang\u00e9lisation dans le cadre de Vision Un Million avec un programme retransmis par satellite. - \u00c9glise Adventiste Du Septieme Jour - Inter Am\u00e9rique Division","robots":{"index":"index","follow":"follow","max-snippet":"max-snippet:-1","max-image-preview":"max-image-preview:large","max-video-preview":"max-video-preview:-1"},"canonical":"https:\/\/interamerica.org\/fr\/2015\/04\/leglise-en-inter-amerique-sapprete-a-cloturer-ses-efforts-devangelisation-dans-le-cadre-de-vision-un-million-avec-un-programme-retransmis-par-satellite\/","og_locale":"fr_FR","og_type":"article","og_title":"L\u2019Eglise en Inter Am\u00e9rique s\u2019appr\u00eate \u00e0 cl\u00f4turer ses efforts d\u2019\u00e9vang\u00e9lisation dans le cadre de Vision Un Million avec un programme retransmis par satellite. - \u00c9glise Adventiste Du Septieme Jour - Inter Am\u00e9rique Division","og_description":"L\u2019Eglise Adventiste du Septi\u00e8me Jour s\u2019appr\u00eate \u00e0 conclure son initiative d\u2019\u00e9vang\u00e9lisation int\u00e9grale de cinq ans baptis\u00e9e Vision Un Million, avec un programme de trois heures retransmis en direct par satellite le 4 avril 2015 depuis Port-of-Spain \u00e0 Trinidad.","og_url":"https:\/\/interamerica.org\/fr\/2015\/04\/leglise-en-inter-amerique-sapprete-a-cloturer-ses-efforts-devangelisation-dans-le-cadre-de-vision-un-million-avec-un-programme-retransmis-par-satellite\/","og_site_name":"\u00c9glise Adventiste Du Septieme Jour - Inter Am\u00e9rique Division","article_published_time":"2015-04-01T04:00:00+00:00","og_image":[{"width":300,"height":226,"url":"https:\/\/interamerica.org\/wp-content\/uploads\/2017\/06\/V1M-Spa300.png","type":"image\/png"}],"author":"Lorenzo Verduzco","twitter_card":"summary_large_image","twitter_misc":{"\u00c9crit par":"Lorenzo Verduzco","Dur\u00e9e de lecture estim\u00e9e":"2 minutes"},"schema":{"@context":"https:\/\/schema.org","@graph":[{"@type":"Article","@id":"https:\/\/interamerica.org\/fr\/2015\/04\/leglise-en-inter-amerique-sapprete-a-cloturer-ses-efforts-devangelisation-dans-le-cadre-de-vision-un-million-avec-un-programme-retransmis-par-satellite\/#article","isPartOf":{"@id":"https:\/\/interamerica.org\/fr\/2015\/04\/leglise-en-inter-amerique-sapprete-a-cloturer-ses-efforts-devangelisation-dans-le-cadre-de-vision-un-million-avec-un-programme-retransmis-par-satellite\/"},"author":{"name":"Lorenzo Verduzco","@id":"https:\/\/interamerica.org\/fr\/#\/schema\/person\/68ede8bdc292885bb76c1e3810e73c39"},"headline":"L\u2019Eglise en Inter Am\u00e9rique s\u2019appr\u00eate \u00e0 cl\u00f4turer ses efforts d\u2019\u00e9vang\u00e9lisation dans le cadre de Vision Un Million avec un programme retransmis par satellite.","datePublished":"2015-04-01T04:00:00+00:00","mainEntityOfPage":{"@id":"https:\/\/interamerica.org\/fr\/2015\/04\/leglise-en-inter-amerique-sapprete-a-cloturer-ses-efforts-devangelisation-dans-le-cadre-de-vision-un-million-avec-un-programme-retransmis-par-satellite\/"},"wordCount":529,"image":{"@id":"https:\/\/interamerica.org\/fr\/2015\/04\/leglise-en-inter-amerique-sapprete-a-cloturer-ses-efforts-devangelisation-dans-le-cadre-de-vision-un-million-avec-un-programme-retransmis-par-satellite\/#primaryimage"},"thumbnailUrl":"https:\/\/interamerica.org\/wp-content\/uploads\/2017\/06\/V1M-Spa300.png","articleSection":["Nouvelles du si\u00e8ge de la division","RSS Fran\u00e7ais"],"inLanguage":"fr-FR"},{"@type":"WebPage","@id":"https:\/\/interamerica.org\/fr\/2015\/04\/leglise-en-inter-amerique-sapprete-a-cloturer-ses-efforts-devangelisation-dans-le-cadre-de-vision-un-million-avec-un-programme-retransmis-par-satellite\/","url":"https:\/\/interamerica.org\/fr\/2015\/04\/leglise-en-inter-amerique-sapprete-a-cloturer-ses-efforts-devangelisation-dans-le-cadre-de-vision-un-million-avec-un-programme-retransmis-par-satellite\/","name":"L\u2019Eglise en Inter Am\u00e9rique s\u2019appr\u00eate \u00e0 cl\u00f4turer ses efforts d\u2019\u00e9vang\u00e9lisation dans le cadre de Vision Un Million avec un programme retransmis par satellite. - \u00c9glise Adventiste Du Septieme Jour - Inter Am\u00e9rique Division","isPartOf":{"@id":"https:\/\/interamerica.org\/fr\/#website"},"primaryImageOfPage":{"@id":"https:\/\/interamerica.org\/fr\/2015\/04\/leglise-en-inter-amerique-sapprete-a-cloturer-ses-efforts-devangelisation-dans-le-cadre-de-vision-un-million-avec-un-programme-retransmis-par-satellite\/#primaryimage"},"image":{"@id":"https:\/\/interamerica.org\/fr\/2015\/04\/leglise-en-inter-amerique-sapprete-a-cloturer-ses-efforts-devangelisation-dans-le-cadre-de-vision-un-million-avec-un-programme-retransmis-par-satellite\/#primaryimage"},"thumbnailUrl":"https:\/\/interamerica.org\/wp-content\/uploads\/2017\/06\/V1M-Spa300.png","datePublished":"2015-04-01T04:00:00+00:00","author":{"@id":"https:\/\/interamerica.org\/fr\/#\/schema\/person\/68ede8bdc292885bb76c1e3810e73c39"},"breadcrumb":{"@id":"https:\/\/interamerica.org\/fr\/2015\/04\/leglise-en-inter-amerique-sapprete-a-cloturer-ses-efforts-devangelisation-dans-le-cadre-de-vision-un-million-avec-un-programme-retransmis-par-satellite\/#breadcrumb"},"inLanguage":"fr-FR","potentialAction":[{"@type":"ReadAction","target":["https:\/\/interamerica.org\/fr\/2015\/04\/leglise-en-inter-amerique-sapprete-a-cloturer-ses-efforts-devangelisation-dans-le-cadre-de-vision-un-million-avec-un-programme-retransmis-par-satellite\/"]}]},{"@type":"ImageObject","inLanguage":"fr-FR","@id":"https:\/\/interamerica.org\/fr\/2015\/04\/leglise-en-inter-amerique-sapprete-a-cloturer-ses-efforts-devangelisation-dans-le-cadre-de-vision-un-million-avec-un-programme-retransmis-par-satellite\/#primaryimage","url":"https:\/\/interamerica.org\/wp-content\/uploads\/2017\/06\/V1M-Spa300.png","contentUrl":"https:\/\/interamerica.org\/wp-content\/uploads\/2017\/06\/V1M-Spa300.png","width":300,"height":226},{"@type":"BreadcrumbList","@id":"https:\/\/interamerica.org\/fr\/2015\/04\/leglise-en-inter-amerique-sapprete-a-cloturer-ses-efforts-devangelisation-dans-le-cadre-de-vision-un-million-avec-un-programme-retransmis-par-satellite\/#breadcrumb","itemListElement":[{"@type":"ListItem","position":1,"name":"Home","item":"https:\/\/interamerica.org\/fr\/"},{"@type":"ListItem","position":2,"name":"L\u2019Eglise en Inter Am\u00e9rique s\u2019appr\u00eate \u00e0 cl\u00f4turer ses efforts d\u2019\u00e9vang\u00e9lisation dans le cadre de Vision Un Million avec un programme retransmis par satellite."}]},{"@type":"WebSite","@id":"https:\/\/interamerica.org\/fr\/#website","url":"https:\/\/interamerica.org\/fr\/","name":"\u00c9glise Adventiste Du Septieme Jour - Inter Am\u00e9rique Division","description":"","potentialAction":[{"@type":"SearchAction","target":{"@type":"EntryPoint","urlTemplate":"https:\/\/interamerica.org\/fr\/?s={search_term_string}"},"query-input":{"@type":"PropertyValueSpecification","valueRequired":true,"valueName":"search_term_string"}}],"inLanguage":"fr-FR"},{"@type":"Person","@id":"https:\/\/interamerica.org\/fr\/#\/schema\/person\/68ede8bdc292885bb76c1e3810e73c39","name":"Lorenzo Verduzco","image":{"@type":"ImageObject","inLanguage":"fr-FR","@id":"https:\/\/secure.gravatar.com\/avatar\/fb81a55b6218459490a9c1dc841a34909185b81904c5337b4b27f7a6fd60c49e?s=96&d=mm&r=g","url":"https:\/\/secure.gravatar.com\/avatar\/fb81a55b6218459490a9c1dc841a34909185b81904c5337b4b27f7a6fd60c49e?s=96&d=mm&r=g","contentUrl":"https:\/\/secure.gravatar.com\/avatar\/fb81a55b6218459490a9c1dc841a34909185b81904c5337b4b27f7a6fd60c49e?s=96&d=mm&r=g","caption":"Lorenzo Verduzco"}}]}},"_links":{"self":[{"href":"https:\/\/interamerica.org\/fr\/wp-json\/wp\/v2\/posts\/32221","targetHints":{"allow":["GET"]}}],"collection":[{"href":"https:\/\/interamerica.org\/fr\/wp-json\/wp\/v2\/posts"}],"about":[{"href":"https:\/\/interamerica.org\/fr\/wp-json\/wp\/v2\/types\/post"}],"author":[{"embeddable":true,"href":"https:\/\/interamerica.org\/fr\/wp-json\/wp\/v2\/users\/1"}],"replies":[{"embeddable":true,"href":"https:\/\/interamerica.org\/fr\/wp-json\/wp\/v2\/comments?post=32221"}],"version-history":[{"count":0,"href":"https:\/\/interamerica.org\/fr\/wp-json\/wp\/v2\/posts\/32221\/revisions"}],"wp:featuredmedia":[{"embeddable":true,"href":"https:\/\/interamerica.org\/fr\/wp-json\/wp\/v2\/media\/30779"}],"wp:attachment":[{"href":"https:\/\/interamerica.org\/fr\/wp-json\/wp\/v2\/media?parent=32221"}],"wp:term":[{"taxonomy":"category","embeddable":true,"href":"https:\/\/interamerica.org\/fr\/wp-json\/wp\/v2\/categories?post=32221"},{"taxonomy":"post_tag","embeddable":true,"href":"https:\/\/interamerica.org\/fr\/wp-json\/wp\/v2\/tags?post=32221"}],"curies":[{"name":"wp","href":"https:\/\/api.w.org\/{rel}","templated":true}]}}