{"id":32224,"date":"2015-04-02T00:00:00","date_gmt":"2015-04-02T04:00:00","guid":{"rendered":"http:\/\/192.81.217.108\/interamerica\/2015\/04\/des-ecoles-adventistes-de-la-region-nord-caribeenne-echangent-en-ligne-pendant-la-journee-speciale-de-priere\/"},"modified":"2015-04-02T00:00:00","modified_gmt":"2015-04-02T04:00:00","slug":"des-ecoles-adventistes-de-la-region-nord-caribeenne-echangent-en-ligne-pendant-la-journee-speciale-de-priere","status":"publish","type":"post","link":"https:\/\/interamerica.org\/fr\/2015\/04\/des-ecoles-adventistes-de-la-region-nord-caribeenne-echangent-en-ligne-pendant-la-journee-speciale-de-priere\/","title":{"rendered":"Des \u00e9coles Adventistes de la r\u00e9gion Nord Carib\u00e9enne \u00e9changent en ligne pendant la Journ\u00e9e sp\u00e9ciale de pri\u00e8re"},"content":{"rendered":"<p>2 Avril 2015 \u2013 St Croix, Iles Vierges Am\u00e9ricaines \u2013 Royston Philbert\/DIA<\/p>\n<div id=\"attachment_16155\" style=\"width: 410px\" class=\"wp-caption alignleft\"><a href=\"\/interamerica\/wp-content\/uploads\/2017\/06\/NCCgardenofprayer1.png\" rel=\"fancybox\" title=\"Des \u00e9coles Adventistes de la r\u00e9gion Nord Carib\u00e9enne \u00e9changent en ligne pendant la Journ\u00e9e sp\u00e9ciale de pri\u00e8re\"><img fetchpriority=\"high\" decoding=\"async\" aria-describedby=\"caption-attachment-16155\" class=\"size-full wp-image-16155\" src=\"\/interamerica\/wp-content\/uploads\/2017\/06\/NCCgardenofprayer1.png\" alt=\"\" width=\"400\" height=\"225\" \/><\/a><p id=\"caption-attachment-16155\" class=\"wp-caption-text\">Des \u00e9l\u00e8ves de l\u2019Ecole Adventiste de St Martin pr\u00e9sentent des sc\u00e8nes du jardin de pri\u00e8re via une plateforme de vid\u00e9oconf\u00e9rence lors de la journ\u00e9e interactive de pri\u00e8re sp\u00e9ciale qui s\u2019est d\u00e9roul\u00e9e dans les cinq \u00e9coles Adventistes de la r\u00e9gion Nord Carib\u00e9enne, le 6 mars 2015. Image de la F\u00e9d\u00e9ration Nord Carib\u00e9enne.<\/p><\/div>\n<p>Pour la cinqui\u00e8me ann\u00e9e cons\u00e9cutive, les enseignants et les \u00e9tudiants des \u00e9coles de la F\u00e9d\u00e9ration Nord Carib\u00e9enne, ont mis de c\u00f4t\u00e9 les activit\u00e9s acad\u00e9miques de leurs classes le 6 mars, afin de m\u00e9diter sur les b\u00e9n\u00e9dictions de Dieu, de prier, d\u2019\u00e9tudier la Bible et de prendre part \u00e0 une journ\u00e9e de pri\u00e8re pour les \u00e9coles.<\/p>\n<p>Les responsables de l\u2019\u00e9ducation \u00e0 la F\u00e9d\u00e9ration Nord Carib\u00e9enne disent que cette ann\u00e9e \u00e9tait historique parce que pour la premi\u00e8re fois, toutes les \u00e9coles se sont rassembl\u00e9es pour partager autour de l\u2019occasion, gr\u00e2ce au logiciel Skype qui a permis \u00e0 toutes les \u00e9coles de prendre part au programme tout en regardant les pr\u00e9sentations des autres \u00e9coles.<\/p>\n<p>Utilisant le th\u00e8me du jardin de pri\u00e8re, les diff\u00e9rentes \u00e9coles ont pu cr\u00e9er des sc\u00e8nes autour de ce qui peut \u00eatre trouv\u00e9 dans un jardin de pri\u00e8re pour faire ressortir le th\u00e8me de la journ\u00e9e.<\/p>\n<p>La journ\u00e9e sp\u00e9ciale \u00e9tait remplie de messages spirituels pr\u00e9sent\u00e9s par les \u00e9tudiants qui ont particip\u00e9 au programme en ligne au cours duquel il y a eu des morceaux musicaux, des sessions de pri\u00e8re et des messages acoustiques pr\u00e9sent\u00e9s par des \u00e9tudiants et des classes s\u00e9lectionn\u00e9s au pr\u00e9alable.<\/p>\n<p>La directrice de l\u2019Education pour la F\u00e9d\u00e9ration Nord Carib\u00e9enne (NCC), Gerene Joseph, a d\u00e9clar\u00e9 que l\u2019activit\u00e9 avait pour but de rappeler aux enseignants et aux \u00e9tudiants que \u00ab la pri\u00e8re est une merveilleuse ressource qui nous permet de cultiver une relation \u00e9troite avec Celui qui nous conduira \u00e0 une communion sp\u00e9ciale chaque jour. \u00bb<\/p>\n<p>\u00ab Etudiants et enseignants devraient savoir qu\u2019il y a un Dieu qui peut les aider \u00e0 r\u00e9soudre n\u2019importe lesquels des probl\u00e8mes qu\u2019ils confrontent \u00e0 l\u2019\u00e9cole, \u00bb a ajout\u00e9 Mme Joseph.<\/p>\n<p>A St Eustache, les \u00e9tudiants de l\u2019Ecole Adventiste du Septi\u00e8me Jour de Lynch Plantation, se sont r\u00e9unis dans l\u2019auditorium de l\u2019\u00e9cole pour participer aux activit\u00e9s spirituelles.<\/p>\n<p>A St Martin, les enseignants et leurs \u00e9l\u00e8ves se sont r\u00e9unis dans l\u2019\u00e9glise Adventiste de Cole Bay, toute proche, pour proposer la pri\u00e8re \u00e0 toute personne qui en avait besoin.<\/p>\n<p>\u00ab Nous voulions motiver nos \u00e9tudiants et nos enseignants \u00e0 prier constamment dans les bons comme dans les mauvais jours, dans l\u2019adversit\u00e9 comme dans la prosp\u00e9rit\u00e9, \u00bb a dit Merlese Lake, principale de l\u2019\u00e9cole de plus de 234 \u00e9l\u00e8ves. \u00ab Le message \u00e9tait clair : Dieu nous \u00e9coute, Il prend soin de nous et souhaite que nous nous rapprochions de Lui, \u00bb a t-elle ajout\u00e9.<\/p>\n<p>Les enfants ont pu chanter, prier, et r\u00e9citer des versets \u00e0 m\u00e9moriser qu\u2019ils avaient appris pendant qu\u2019ils voyageaient par bus pour aller \u00e0 l\u2019\u00e9cole. Parmi les autres activit\u00e9s, il y avait des sessions de pri\u00e8re sp\u00e9ciales pour les parents ayant des besoins au niveau de la sant\u00e9 et bien plus encore.<\/p>\n<p>A St Thomas, les \u00e9tudiants se sont r\u00e9unis dans leur auditorium o\u00f9 le personnel a pu coordonner les activit\u00e9s de la journ\u00e9e. Les \u00e9tudiants ont pu \u00e9crire leurs requ\u00eates de pri\u00e8re et aussi prier pour les besoins des \u00e9tudiants et des parents.<\/p>\n<p>A St Croix, les \u00e9tudiants \u00e0 l\u2019\u00e9cole Adventiste du Septi\u00e8me Jour ont pris la journ\u00e9e pour prier la main dans la main dans les classes des \u00e9coles. Plusieurs parents et des sympathisants se sont r\u00e9unis dans l\u2019auditorium de l\u2019\u00e9cole.<\/p>\n<p>\u00ab Nous savons qu\u2019il est clair dans l\u2019esprit de nos \u00e9tudiants \u00e0 travers notre f\u00e9d\u00e9ration, que la pri\u00e8re est essentielle pour leur vie aujourd\u2019hui et dans l\u2019avenir, \u00bb a dit Mme Joseph.<\/p>\n<p>Des plans sont en cours pour la journ\u00e9e de pri\u00e8re de l\u2019ann\u00e9e prochaine dans les \u00e9coles de la F\u00e9d\u00e9ration Nord Carib\u00e9enne. Les leaders de l\u2019\u00e9glise ainsi que les \u00e9ducateurs de la NCC continueront de promouvoir une vie de pri\u00e8re quotidienne, l\u2019\u00e9tude de la Bible et le partage de l\u2019amour de J\u00e9sus aupr\u00e8s des plus de 700 \u00e9tudiants des cinq \u00e9coles de la f\u00e9d\u00e9ration.<\/p>\n<p>Traduction: Patrick Luciathe<\/p>\n","protected":false},"excerpt":{"rendered":"<p>Pour la cinqui\u00e8me ann\u00e9e cons\u00e9cutive, les enseignants et les \u00e9tudiants des \u00e9coles de la F\u00e9d\u00e9ration Nord Carib\u00e9enne, ont mis de c\u00f4t\u00e9 les activit\u00e9s acad\u00e9miques de leurs classes le 6 mars, afin de m\u00e9diter sur les b\u00e9n\u00e9dictions de Dieu, de prier, d\u2019\u00e9tudier la Bible et de prendre part \u00e0 une journ\u00e9e de pri\u00e8re pour les \u00e9coles.<\/p>\n","protected":false},"author":1,"featured_media":24901,"comment_status":"closed","ping_status":"closed","sticky":false,"template":"","format":"standard","meta":{"_acf_changed":false,"footnotes":""},"categories":[21,19],"tags":[],"class_list":["post-32224","post","type-post","status-publish","format-standard","has-post-thumbnail","hentry","category-nouvelles-du-territoire","category-rss-francais"],"acf":[],"yoast_head":"<!-- This site is optimized with the Yoast SEO plugin v27.3 - https:\/\/yoast.com\/product\/yoast-seo-wordpress\/ -->\n<title>Des \u00e9coles Adventistes de la r\u00e9gion Nord Carib\u00e9enne \u00e9changent en ligne pendant la Journ\u00e9e sp\u00e9ciale de pri\u00e8re - \u00c9glise Adventiste Du Septieme Jour - Inter Am\u00e9rique Division<\/title>\n<meta name=\"robots\" content=\"index, follow, max-snippet:-1, max-image-preview:large, max-video-preview:-1\" \/>\n<link rel=\"canonical\" href=\"https:\/\/interamerica.org\/fr\/2015\/04\/des-ecoles-adventistes-de-la-region-nord-caribeenne-echangent-en-ligne-pendant-la-journee-speciale-de-priere\/\" \/>\n<meta property=\"og:locale\" content=\"fr_FR\" \/>\n<meta property=\"og:type\" content=\"article\" \/>\n<meta property=\"og:title\" content=\"Des \u00e9coles Adventistes de la r\u00e9gion Nord Carib\u00e9enne \u00e9changent en ligne pendant la Journ\u00e9e sp\u00e9ciale de pri\u00e8re - \u00c9glise Adventiste Du Septieme Jour - Inter Am\u00e9rique Division\" \/>\n<meta property=\"og:description\" content=\"Pour la cinqui\u00e8me ann\u00e9e cons\u00e9cutive, les enseignants et les \u00e9tudiants des \u00e9coles de la F\u00e9d\u00e9ration Nord Carib\u00e9enne, ont mis de c\u00f4t\u00e9 les activit\u00e9s acad\u00e9miques de leurs classes le 6 mars, afin de m\u00e9diter sur les b\u00e9n\u00e9dictions de Dieu, de prier, d\u2019\u00e9tudier la Bible et de prendre part \u00e0 une journ\u00e9e de pri\u00e8re pour les \u00e9coles.\" \/>\n<meta property=\"og:url\" content=\"https:\/\/interamerica.org\/fr\/2015\/04\/des-ecoles-adventistes-de-la-region-nord-caribeenne-echangent-en-ligne-pendant-la-journee-speciale-de-priere\/\" \/>\n<meta property=\"og:site_name\" content=\"\u00c9glise Adventiste Du Septieme Jour - Inter Am\u00e9rique Division\" \/>\n<meta property=\"article:published_time\" content=\"2015-04-02T04:00:00+00:00\" \/>\n<meta property=\"og:image\" content=\"https:\/\/interamerica.org\/wp-content\/uploads\/2017\/06\/NCCgardenofprayer.png\" \/>\n\t<meta property=\"og:image:width\" content=\"400\" \/>\n\t<meta property=\"og:image:height\" content=\"225\" \/>\n\t<meta property=\"og:image:type\" content=\"image\/png\" \/>\n<meta name=\"author\" content=\"Lorenzo Verduzco\" \/>\n<meta name=\"twitter:card\" content=\"summary_large_image\" \/>\n<meta name=\"twitter:label1\" content=\"\u00c9crit par\" \/>\n\t<meta name=\"twitter:data1\" content=\"Lorenzo Verduzco\" \/>\n\t<meta name=\"twitter:label2\" content=\"Dur\u00e9e de lecture estim\u00e9e\" \/>\n\t<meta name=\"twitter:data2\" content=\"4 minutes\" \/>\n<script type=\"application\/ld+json\" class=\"yoast-schema-graph\">{\"@context\":\"https:\\\/\\\/schema.org\",\"@graph\":[{\"@type\":\"Article\",\"@id\":\"https:\\\/\\\/interamerica.org\\\/fr\\\/2015\\\/04\\\/des-ecoles-adventistes-de-la-region-nord-caribeenne-echangent-en-ligne-pendant-la-journee-speciale-de-priere\\\/#article\",\"isPartOf\":{\"@id\":\"https:\\\/\\\/interamerica.org\\\/fr\\\/2015\\\/04\\\/des-ecoles-adventistes-de-la-region-nord-caribeenne-echangent-en-ligne-pendant-la-journee-speciale-de-priere\\\/\"},\"author\":{\"name\":\"Lorenzo Verduzco\",\"@id\":\"https:\\\/\\\/interamerica.org\\\/fr\\\/#\\\/schema\\\/person\\\/68ede8bdc292885bb76c1e3810e73c39\"},\"headline\":\"Des \u00e9coles Adventistes de la r\u00e9gion Nord Carib\u00e9enne \u00e9changent en ligne pendant la Journ\u00e9e sp\u00e9ciale de pri\u00e8re\",\"datePublished\":\"2015-04-02T04:00:00+00:00\",\"mainEntityOfPage\":{\"@id\":\"https:\\\/\\\/interamerica.org\\\/fr\\\/2015\\\/04\\\/des-ecoles-adventistes-de-la-region-nord-caribeenne-echangent-en-ligne-pendant-la-journee-speciale-de-priere\\\/\"},\"wordCount\":820,\"image\":{\"@id\":\"https:\\\/\\\/interamerica.org\\\/fr\\\/2015\\\/04\\\/des-ecoles-adventistes-de-la-region-nord-caribeenne-echangent-en-ligne-pendant-la-journee-speciale-de-priere\\\/#primaryimage\"},\"thumbnailUrl\":\"https:\\\/\\\/interamerica.org\\\/wp-content\\\/uploads\\\/2017\\\/06\\\/NCCgardenofprayer.png\",\"articleSection\":[\"Nouvelles du territoire\",\"RSS Fran\u00e7ais\"],\"inLanguage\":\"fr-FR\"},{\"@type\":\"WebPage\",\"@id\":\"https:\\\/\\\/interamerica.org\\\/fr\\\/2015\\\/04\\\/des-ecoles-adventistes-de-la-region-nord-caribeenne-echangent-en-ligne-pendant-la-journee-speciale-de-priere\\\/\",\"url\":\"https:\\\/\\\/interamerica.org\\\/fr\\\/2015\\\/04\\\/des-ecoles-adventistes-de-la-region-nord-caribeenne-echangent-en-ligne-pendant-la-journee-speciale-de-priere\\\/\",\"name\":\"Des \u00e9coles Adventistes de la r\u00e9gion Nord Carib\u00e9enne \u00e9changent en ligne pendant la Journ\u00e9e sp\u00e9ciale de pri\u00e8re - \u00c9glise Adventiste Du Septieme Jour - Inter Am\u00e9rique Division\",\"isPartOf\":{\"@id\":\"https:\\\/\\\/interamerica.org\\\/fr\\\/#website\"},\"primaryImageOfPage\":{\"@id\":\"https:\\\/\\\/interamerica.org\\\/fr\\\/2015\\\/04\\\/des-ecoles-adventistes-de-la-region-nord-caribeenne-echangent-en-ligne-pendant-la-journee-speciale-de-priere\\\/#primaryimage\"},\"image\":{\"@id\":\"https:\\\/\\\/interamerica.org\\\/fr\\\/2015\\\/04\\\/des-ecoles-adventistes-de-la-region-nord-caribeenne-echangent-en-ligne-pendant-la-journee-speciale-de-priere\\\/#primaryimage\"},\"thumbnailUrl\":\"https:\\\/\\\/interamerica.org\\\/wp-content\\\/uploads\\\/2017\\\/06\\\/NCCgardenofprayer.png\",\"datePublished\":\"2015-04-02T04:00:00+00:00\",\"author\":{\"@id\":\"https:\\\/\\\/interamerica.org\\\/fr\\\/#\\\/schema\\\/person\\\/68ede8bdc292885bb76c1e3810e73c39\"},\"breadcrumb\":{\"@id\":\"https:\\\/\\\/interamerica.org\\\/fr\\\/2015\\\/04\\\/des-ecoles-adventistes-de-la-region-nord-caribeenne-echangent-en-ligne-pendant-la-journee-speciale-de-priere\\\/#breadcrumb\"},\"inLanguage\":\"fr-FR\",\"potentialAction\":[{\"@type\":\"ReadAction\",\"target\":[\"https:\\\/\\\/interamerica.org\\\/fr\\\/2015\\\/04\\\/des-ecoles-adventistes-de-la-region-nord-caribeenne-echangent-en-ligne-pendant-la-journee-speciale-de-priere\\\/\"]}]},{\"@type\":\"ImageObject\",\"inLanguage\":\"fr-FR\",\"@id\":\"https:\\\/\\\/interamerica.org\\\/fr\\\/2015\\\/04\\\/des-ecoles-adventistes-de-la-region-nord-caribeenne-echangent-en-ligne-pendant-la-journee-speciale-de-priere\\\/#primaryimage\",\"url\":\"https:\\\/\\\/interamerica.org\\\/wp-content\\\/uploads\\\/2017\\\/06\\\/NCCgardenofprayer.png\",\"contentUrl\":\"https:\\\/\\\/interamerica.org\\\/wp-content\\\/uploads\\\/2017\\\/06\\\/NCCgardenofprayer.png\",\"width\":400,\"height\":225},{\"@type\":\"BreadcrumbList\",\"@id\":\"https:\\\/\\\/interamerica.org\\\/fr\\\/2015\\\/04\\\/des-ecoles-adventistes-de-la-region-nord-caribeenne-echangent-en-ligne-pendant-la-journee-speciale-de-priere\\\/#breadcrumb\",\"itemListElement\":[{\"@type\":\"ListItem\",\"position\":1,\"name\":\"Home\",\"item\":\"https:\\\/\\\/interamerica.org\\\/fr\\\/\"},{\"@type\":\"ListItem\",\"position\":2,\"name\":\"Des \u00e9coles Adventistes de la r\u00e9gion Nord Carib\u00e9enne \u00e9changent en ligne pendant la Journ\u00e9e sp\u00e9ciale de pri\u00e8re\"}]},{\"@type\":\"WebSite\",\"@id\":\"https:\\\/\\\/interamerica.org\\\/fr\\\/#website\",\"url\":\"https:\\\/\\\/interamerica.org\\\/fr\\\/\",\"name\":\"\u00c9glise Adventiste Du Septieme Jour - Inter Am\u00e9rique Division\",\"description\":\"\",\"potentialAction\":[{\"@type\":\"SearchAction\",\"target\":{\"@type\":\"EntryPoint\",\"urlTemplate\":\"https:\\\/\\\/interamerica.org\\\/fr\\\/?s={search_term_string}\"},\"query-input\":{\"@type\":\"PropertyValueSpecification\",\"valueRequired\":true,\"valueName\":\"search_term_string\"}}],\"inLanguage\":\"fr-FR\"},{\"@type\":\"Person\",\"@id\":\"https:\\\/\\\/interamerica.org\\\/fr\\\/#\\\/schema\\\/person\\\/68ede8bdc292885bb76c1e3810e73c39\",\"name\":\"Lorenzo Verduzco\",\"image\":{\"@type\":\"ImageObject\",\"inLanguage\":\"fr-FR\",\"@id\":\"https:\\\/\\\/secure.gravatar.com\\\/avatar\\\/fb81a55b6218459490a9c1dc841a34909185b81904c5337b4b27f7a6fd60c49e?s=96&d=mm&r=g\",\"url\":\"https:\\\/\\\/secure.gravatar.com\\\/avatar\\\/fb81a55b6218459490a9c1dc841a34909185b81904c5337b4b27f7a6fd60c49e?s=96&d=mm&r=g\",\"contentUrl\":\"https:\\\/\\\/secure.gravatar.com\\\/avatar\\\/fb81a55b6218459490a9c1dc841a34909185b81904c5337b4b27f7a6fd60c49e?s=96&d=mm&r=g\",\"caption\":\"Lorenzo Verduzco\"}}]}<\/script>\n<!-- \/ Yoast SEO plugin. -->","yoast_head_json":{"title":"Des \u00e9coles Adventistes de la r\u00e9gion Nord Carib\u00e9enne \u00e9changent en ligne pendant la Journ\u00e9e sp\u00e9ciale de pri\u00e8re - \u00c9glise Adventiste Du Septieme Jour - Inter Am\u00e9rique Division","robots":{"index":"index","follow":"follow","max-snippet":"max-snippet:-1","max-image-preview":"max-image-preview:large","max-video-preview":"max-video-preview:-1"},"canonical":"https:\/\/interamerica.org\/fr\/2015\/04\/des-ecoles-adventistes-de-la-region-nord-caribeenne-echangent-en-ligne-pendant-la-journee-speciale-de-priere\/","og_locale":"fr_FR","og_type":"article","og_title":"Des \u00e9coles Adventistes de la r\u00e9gion Nord Carib\u00e9enne \u00e9changent en ligne pendant la Journ\u00e9e sp\u00e9ciale de pri\u00e8re - \u00c9glise Adventiste Du Septieme Jour - Inter Am\u00e9rique Division","og_description":"Pour la cinqui\u00e8me ann\u00e9e cons\u00e9cutive, les enseignants et les \u00e9tudiants des \u00e9coles de la F\u00e9d\u00e9ration Nord Carib\u00e9enne, ont mis de c\u00f4t\u00e9 les activit\u00e9s acad\u00e9miques de leurs classes le 6 mars, afin de m\u00e9diter sur les b\u00e9n\u00e9dictions de Dieu, de prier, d\u2019\u00e9tudier la Bible et de prendre part \u00e0 une journ\u00e9e de pri\u00e8re pour les \u00e9coles.","og_url":"https:\/\/interamerica.org\/fr\/2015\/04\/des-ecoles-adventistes-de-la-region-nord-caribeenne-echangent-en-ligne-pendant-la-journee-speciale-de-priere\/","og_site_name":"\u00c9glise Adventiste Du Septieme Jour - Inter Am\u00e9rique Division","article_published_time":"2015-04-02T04:00:00+00:00","og_image":[{"width":400,"height":225,"url":"https:\/\/interamerica.org\/wp-content\/uploads\/2017\/06\/NCCgardenofprayer.png","type":"image\/png"}],"author":"Lorenzo Verduzco","twitter_card":"summary_large_image","twitter_misc":{"\u00c9crit par":"Lorenzo Verduzco","Dur\u00e9e de lecture estim\u00e9e":"4 minutes"},"schema":{"@context":"https:\/\/schema.org","@graph":[{"@type":"Article","@id":"https:\/\/interamerica.org\/fr\/2015\/04\/des-ecoles-adventistes-de-la-region-nord-caribeenne-echangent-en-ligne-pendant-la-journee-speciale-de-priere\/#article","isPartOf":{"@id":"https:\/\/interamerica.org\/fr\/2015\/04\/des-ecoles-adventistes-de-la-region-nord-caribeenne-echangent-en-ligne-pendant-la-journee-speciale-de-priere\/"},"author":{"name":"Lorenzo Verduzco","@id":"https:\/\/interamerica.org\/fr\/#\/schema\/person\/68ede8bdc292885bb76c1e3810e73c39"},"headline":"Des \u00e9coles Adventistes de la r\u00e9gion Nord Carib\u00e9enne \u00e9changent en ligne pendant la Journ\u00e9e sp\u00e9ciale de pri\u00e8re","datePublished":"2015-04-02T04:00:00+00:00","mainEntityOfPage":{"@id":"https:\/\/interamerica.org\/fr\/2015\/04\/des-ecoles-adventistes-de-la-region-nord-caribeenne-echangent-en-ligne-pendant-la-journee-speciale-de-priere\/"},"wordCount":820,"image":{"@id":"https:\/\/interamerica.org\/fr\/2015\/04\/des-ecoles-adventistes-de-la-region-nord-caribeenne-echangent-en-ligne-pendant-la-journee-speciale-de-priere\/#primaryimage"},"thumbnailUrl":"https:\/\/interamerica.org\/wp-content\/uploads\/2017\/06\/NCCgardenofprayer.png","articleSection":["Nouvelles du territoire","RSS Fran\u00e7ais"],"inLanguage":"fr-FR"},{"@type":"WebPage","@id":"https:\/\/interamerica.org\/fr\/2015\/04\/des-ecoles-adventistes-de-la-region-nord-caribeenne-echangent-en-ligne-pendant-la-journee-speciale-de-priere\/","url":"https:\/\/interamerica.org\/fr\/2015\/04\/des-ecoles-adventistes-de-la-region-nord-caribeenne-echangent-en-ligne-pendant-la-journee-speciale-de-priere\/","name":"Des \u00e9coles Adventistes de la r\u00e9gion Nord Carib\u00e9enne \u00e9changent en ligne pendant la Journ\u00e9e sp\u00e9ciale de pri\u00e8re - \u00c9glise Adventiste Du Septieme Jour - Inter Am\u00e9rique Division","isPartOf":{"@id":"https:\/\/interamerica.org\/fr\/#website"},"primaryImageOfPage":{"@id":"https:\/\/interamerica.org\/fr\/2015\/04\/des-ecoles-adventistes-de-la-region-nord-caribeenne-echangent-en-ligne-pendant-la-journee-speciale-de-priere\/#primaryimage"},"image":{"@id":"https:\/\/interamerica.org\/fr\/2015\/04\/des-ecoles-adventistes-de-la-region-nord-caribeenne-echangent-en-ligne-pendant-la-journee-speciale-de-priere\/#primaryimage"},"thumbnailUrl":"https:\/\/interamerica.org\/wp-content\/uploads\/2017\/06\/NCCgardenofprayer.png","datePublished":"2015-04-02T04:00:00+00:00","author":{"@id":"https:\/\/interamerica.org\/fr\/#\/schema\/person\/68ede8bdc292885bb76c1e3810e73c39"},"breadcrumb":{"@id":"https:\/\/interamerica.org\/fr\/2015\/04\/des-ecoles-adventistes-de-la-region-nord-caribeenne-echangent-en-ligne-pendant-la-journee-speciale-de-priere\/#breadcrumb"},"inLanguage":"fr-FR","potentialAction":[{"@type":"ReadAction","target":["https:\/\/interamerica.org\/fr\/2015\/04\/des-ecoles-adventistes-de-la-region-nord-caribeenne-echangent-en-ligne-pendant-la-journee-speciale-de-priere\/"]}]},{"@type":"ImageObject","inLanguage":"fr-FR","@id":"https:\/\/interamerica.org\/fr\/2015\/04\/des-ecoles-adventistes-de-la-region-nord-caribeenne-echangent-en-ligne-pendant-la-journee-speciale-de-priere\/#primaryimage","url":"https:\/\/interamerica.org\/wp-content\/uploads\/2017\/06\/NCCgardenofprayer.png","contentUrl":"https:\/\/interamerica.org\/wp-content\/uploads\/2017\/06\/NCCgardenofprayer.png","width":400,"height":225},{"@type":"BreadcrumbList","@id":"https:\/\/interamerica.org\/fr\/2015\/04\/des-ecoles-adventistes-de-la-region-nord-caribeenne-echangent-en-ligne-pendant-la-journee-speciale-de-priere\/#breadcrumb","itemListElement":[{"@type":"ListItem","position":1,"name":"Home","item":"https:\/\/interamerica.org\/fr\/"},{"@type":"ListItem","position":2,"name":"Des \u00e9coles Adventistes de la r\u00e9gion Nord Carib\u00e9enne \u00e9changent en ligne pendant la Journ\u00e9e sp\u00e9ciale de pri\u00e8re"}]},{"@type":"WebSite","@id":"https:\/\/interamerica.org\/fr\/#website","url":"https:\/\/interamerica.org\/fr\/","name":"\u00c9glise Adventiste Du Septieme Jour - Inter Am\u00e9rique Division","description":"","potentialAction":[{"@type":"SearchAction","target":{"@type":"EntryPoint","urlTemplate":"https:\/\/interamerica.org\/fr\/?s={search_term_string}"},"query-input":{"@type":"PropertyValueSpecification","valueRequired":true,"valueName":"search_term_string"}}],"inLanguage":"fr-FR"},{"@type":"Person","@id":"https:\/\/interamerica.org\/fr\/#\/schema\/person\/68ede8bdc292885bb76c1e3810e73c39","name":"Lorenzo Verduzco","image":{"@type":"ImageObject","inLanguage":"fr-FR","@id":"https:\/\/secure.gravatar.com\/avatar\/fb81a55b6218459490a9c1dc841a34909185b81904c5337b4b27f7a6fd60c49e?s=96&d=mm&r=g","url":"https:\/\/secure.gravatar.com\/avatar\/fb81a55b6218459490a9c1dc841a34909185b81904c5337b4b27f7a6fd60c49e?s=96&d=mm&r=g","contentUrl":"https:\/\/secure.gravatar.com\/avatar\/fb81a55b6218459490a9c1dc841a34909185b81904c5337b4b27f7a6fd60c49e?s=96&d=mm&r=g","caption":"Lorenzo Verduzco"}}]}},"_links":{"self":[{"href":"https:\/\/interamerica.org\/fr\/wp-json\/wp\/v2\/posts\/32224","targetHints":{"allow":["GET"]}}],"collection":[{"href":"https:\/\/interamerica.org\/fr\/wp-json\/wp\/v2\/posts"}],"about":[{"href":"https:\/\/interamerica.org\/fr\/wp-json\/wp\/v2\/types\/post"}],"author":[{"embeddable":true,"href":"https:\/\/interamerica.org\/fr\/wp-json\/wp\/v2\/users\/1"}],"replies":[{"embeddable":true,"href":"https:\/\/interamerica.org\/fr\/wp-json\/wp\/v2\/comments?post=32224"}],"version-history":[{"count":0,"href":"https:\/\/interamerica.org\/fr\/wp-json\/wp\/v2\/posts\/32224\/revisions"}],"wp:featuredmedia":[{"embeddable":true,"href":"https:\/\/interamerica.org\/fr\/wp-json\/wp\/v2\/media\/24901"}],"wp:attachment":[{"href":"https:\/\/interamerica.org\/fr\/wp-json\/wp\/v2\/media?parent=32224"}],"wp:term":[{"taxonomy":"category","embeddable":true,"href":"https:\/\/interamerica.org\/fr\/wp-json\/wp\/v2\/categories?post=32224"},{"taxonomy":"post_tag","embeddable":true,"href":"https:\/\/interamerica.org\/fr\/wp-json\/wp\/v2\/tags?post=32224"}],"curies":[{"name":"wp","href":"https:\/\/api.w.org\/{rel}","templated":true}]}}