{"id":32225,"date":"2015-04-04T00:00:00","date_gmt":"2015-04-04T04:00:00","guid":{"rendered":"http:\/\/192.81.217.108\/interamerica\/2015\/04\/un-programme-special-en-ligne-bientot-organise-par-les-ministeres-des-campus-publics-de-linter-amerique\/"},"modified":"2015-04-04T00:00:00","modified_gmt":"2015-04-04T04:00:00","slug":"un-programme-special-en-ligne-bientot-organise-par-les-ministeres-des-campus-publics-de-linter-amerique","status":"publish","type":"post","link":"https:\/\/interamerica.org\/fr\/2015\/04\/un-programme-special-en-ligne-bientot-organise-par-les-ministeres-des-campus-publics-de-linter-amerique\/","title":{"rendered":"Un programme sp\u00e9cial en ligne bient\u00f4t organis\u00e9 par les Minist\u00e8res des Campus Publics de l\u2019Inter Am\u00e9rique"},"content":{"rendered":"<p style=\"text-align: center;\"><a href=\"\/interamerica\/wp-content\/uploads\/2017\/06\/Banner_Trendsetters_ENG.jpg\" rel=\"fancybox\" title=\"Un programme sp\u00e9cial en ligne bient\u00f4t organis\u00e9 par les Minist\u00e8res des Campus Publics de l\u2019Inter Am\u00e9rique\"><img fetchpriority=\"high\" decoding=\"async\" class=\"wp-image-16099 aligncenter\" src=\"\/interamerica\/wp-content\/uploads\/2017\/06\/Banner_Trendsetters_ENG-1024x341.jpg\" alt=\"\" width=\"717\" height=\"239\" \/><\/a><\/p>\n<p>4 Avril 2015 \u2013 Miami, Floride, Etats Unis \u2013 Libna Stevens\/DIA<\/p>\n<p>Les Minist\u00e8res des Campus Publics de l\u2019Inter Am\u00e9rique organisent un programme en ligne pour les \u00e9tudiants d\u2019universit\u00e9 Adventistes qui \u00e9tudient dans des coll\u00e8ges et universit\u00e9s non-Adventistes \u00e0 travers le territoire de la Division Inter Am\u00e9ricaine. Le programme en ligne se d\u00e9roulera depuis le si\u00e8ge de la DIA \u00e0 Miami en Floride samedi 11 avril 2015, \u00e0 9h30, heure de Miami.<\/p>\n<p>Le programme cherche \u00e0 proposer un forum aux \u00e9tudiants Adventistes afin de nourrir leur foi Chr\u00e9tienne, les \u00e9quiper pour qu\u2019ils partagent leur foi sur le campus et \u00e0 l\u2019ext\u00e9rieur, et aussi encourager un esprit facilitant la mise en r\u00e9seau au niveau social et acad\u00e9mique chez les \u00e9tudiants d\u2019universit\u00e9 Adventistes, a d\u00e9clar\u00e9 pasteur Balvin Braham, directeur adjoint des Minist\u00e8res des Campus Publics de l\u2019Inter Am\u00e9rique et organisateur du programme.<\/p>\n<p>\u00ab Nous avons invit\u00e9 des dizaines d\u2019Adventistes qui viennent de l\u2019Inter Am\u00e9rique et qui \u00e9tudient dans des universit\u00e9s ici dans le Sud de la Floride, afin qu\u2019ils participent au programme et partagent avec nous leur parcours et leurs exp\u00e9riences de t\u00e9moignage, \u00bb a dit Balvin Braham.<\/p>\n<p>Le programme inclura des messages spirituels, des sc\u00e8nes, un concert, un forum de questions et r\u00e9ponses et bien plus encore.<\/p>\n<p>Inscrivez vous pour participer au programme sur <a href=\"https:\/\/sites.google.com\/a\/interamerica.org\/trendsetters\/\">trendsetters.interamerica.org<\/a><\/p>\n<p>Regardez le programme en ligne de 9h30 \u00e0 16h30 sur <a href=\"http:\/\/webcast.interamerica.org\/english\">webcast.interamerica.org<\/a><\/p>\n<p>Traduction: Patrick Luciathe<\/p>\n","protected":false},"excerpt":{"rendered":"<p>Les Minist\u00e8res des Campus Publics de l\u2019Inter Am\u00e9rique organisent un programme en ligne pour les \u00e9tudiants d\u2019universit\u00e9 Adventistes qui \u00e9tudient dans des coll\u00e8ges et universit\u00e9s non-Adventistes \u00e0 travers le territoire de la Division Inter Am\u00e9ricaine. <\/p>\n<p>Le programme en ligne se d\u00e9roulera depuis le si\u00e8ge de la DIA \u00e0 Miami en Floride samedi 11 avril 2015, \u00e0 9h30, heure de Miami.<\/p>\n","protected":false},"author":1,"featured_media":24912,"comment_status":"closed","ping_status":"closed","sticky":false,"template":"","format":"standard","meta":{"_acf_changed":false,"footnotes":""},"categories":[20,19],"tags":[],"class_list":["post-32225","post","type-post","status-publish","format-standard","has-post-thumbnail","hentry","category-nouvelles-du-siege-de-la-division","category-rss-francais"],"acf":[],"yoast_head":"<!-- This site is optimized with the Yoast SEO plugin v27.3 - https:\/\/yoast.com\/product\/yoast-seo-wordpress\/ -->\n<title>Un programme sp\u00e9cial en ligne bient\u00f4t organis\u00e9 par les Minist\u00e8res des Campus Publics de l\u2019Inter Am\u00e9rique - \u00c9glise Adventiste Du Septieme Jour - Inter Am\u00e9rique Division<\/title>\n<meta name=\"robots\" content=\"index, follow, max-snippet:-1, max-image-preview:large, max-video-preview:-1\" \/>\n<link rel=\"canonical\" href=\"https:\/\/interamerica.org\/fr\/2015\/04\/un-programme-special-en-ligne-bientot-organise-par-les-ministeres-des-campus-publics-de-linter-amerique\/\" \/>\n<meta property=\"og:locale\" content=\"fr_FR\" \/>\n<meta property=\"og:type\" content=\"article\" \/>\n<meta property=\"og:title\" content=\"Un programme sp\u00e9cial en ligne bient\u00f4t organis\u00e9 par les Minist\u00e8res des Campus Publics de l\u2019Inter Am\u00e9rique - \u00c9glise Adventiste Du Septieme Jour - Inter Am\u00e9rique Division\" \/>\n<meta property=\"og:description\" content=\"Les Minist\u00e8res des Campus Publics de l\u2019Inter Am\u00e9rique organisent un programme en ligne pour les \u00e9tudiants d\u2019universit\u00e9 Adventistes qui \u00e9tudient dans des coll\u00e8ges et universit\u00e9s non-Adventistes \u00e0 travers le territoire de la Division Inter Am\u00e9ricaine.  Le programme en ligne se d\u00e9roulera depuis le si\u00e8ge de la DIA \u00e0 Miami en Floride samedi 11 avril 2015, \u00e0 9h30, heure de Miami.\" \/>\n<meta property=\"og:url\" content=\"https:\/\/interamerica.org\/fr\/2015\/04\/un-programme-special-en-ligne-bientot-organise-par-les-ministeres-des-campus-publics-de-linter-amerique\/\" \/>\n<meta property=\"og:site_name\" content=\"\u00c9glise Adventiste Du Septieme Jour - Inter Am\u00e9rique Division\" \/>\n<meta property=\"article:published_time\" content=\"2015-04-04T04:00:00+00:00\" \/>\n<meta property=\"og:image\" content=\"https:\/\/interamerica.org\/wp-content\/uploads\/2017\/06\/TrendsettersENG300.png\" \/>\n\t<meta property=\"og:image:width\" content=\"300\" \/>\n\t<meta property=\"og:image:height\" content=\"211\" \/>\n\t<meta property=\"og:image:type\" content=\"image\/png\" \/>\n<meta name=\"author\" content=\"Lorenzo Verduzco\" \/>\n<meta name=\"twitter:card\" content=\"summary_large_image\" \/>\n<meta name=\"twitter:label1\" content=\"\u00c9crit par\" \/>\n\t<meta name=\"twitter:data1\" content=\"Lorenzo Verduzco\" \/>\n\t<meta name=\"twitter:label2\" content=\"Dur\u00e9e de lecture estim\u00e9e\" \/>\n\t<meta name=\"twitter:data2\" content=\"1 minute\" \/>\n<script type=\"application\/ld+json\" class=\"yoast-schema-graph\">{\"@context\":\"https:\\\/\\\/schema.org\",\"@graph\":[{\"@type\":\"Article\",\"@id\":\"https:\\\/\\\/interamerica.org\\\/fr\\\/2015\\\/04\\\/un-programme-special-en-ligne-bientot-organise-par-les-ministeres-des-campus-publics-de-linter-amerique\\\/#article\",\"isPartOf\":{\"@id\":\"https:\\\/\\\/interamerica.org\\\/fr\\\/2015\\\/04\\\/un-programme-special-en-ligne-bientot-organise-par-les-ministeres-des-campus-publics-de-linter-amerique\\\/\"},\"author\":{\"name\":\"Lorenzo Verduzco\",\"@id\":\"https:\\\/\\\/interamerica.org\\\/fr\\\/#\\\/schema\\\/person\\\/68ede8bdc292885bb76c1e3810e73c39\"},\"headline\":\"Un programme sp\u00e9cial en ligne bient\u00f4t organis\u00e9 par les Minist\u00e8res des Campus Publics de l\u2019Inter Am\u00e9rique\",\"datePublished\":\"2015-04-04T04:00:00+00:00\",\"mainEntityOfPage\":{\"@id\":\"https:\\\/\\\/interamerica.org\\\/fr\\\/2015\\\/04\\\/un-programme-special-en-ligne-bientot-organise-par-les-ministeres-des-campus-publics-de-linter-amerique\\\/\"},\"wordCount\":268,\"image\":{\"@id\":\"https:\\\/\\\/interamerica.org\\\/fr\\\/2015\\\/04\\\/un-programme-special-en-ligne-bientot-organise-par-les-ministeres-des-campus-publics-de-linter-amerique\\\/#primaryimage\"},\"thumbnailUrl\":\"https:\\\/\\\/interamerica.org\\\/wp-content\\\/uploads\\\/2017\\\/06\\\/TrendsettersENG300.png\",\"articleSection\":[\"Nouvelles du si\u00e8ge de la division\",\"RSS Fran\u00e7ais\"],\"inLanguage\":\"fr-FR\"},{\"@type\":\"WebPage\",\"@id\":\"https:\\\/\\\/interamerica.org\\\/fr\\\/2015\\\/04\\\/un-programme-special-en-ligne-bientot-organise-par-les-ministeres-des-campus-publics-de-linter-amerique\\\/\",\"url\":\"https:\\\/\\\/interamerica.org\\\/fr\\\/2015\\\/04\\\/un-programme-special-en-ligne-bientot-organise-par-les-ministeres-des-campus-publics-de-linter-amerique\\\/\",\"name\":\"Un programme sp\u00e9cial en ligne bient\u00f4t organis\u00e9 par les Minist\u00e8res des Campus Publics de l\u2019Inter Am\u00e9rique - \u00c9glise Adventiste Du Septieme Jour - Inter Am\u00e9rique Division\",\"isPartOf\":{\"@id\":\"https:\\\/\\\/interamerica.org\\\/fr\\\/#website\"},\"primaryImageOfPage\":{\"@id\":\"https:\\\/\\\/interamerica.org\\\/fr\\\/2015\\\/04\\\/un-programme-special-en-ligne-bientot-organise-par-les-ministeres-des-campus-publics-de-linter-amerique\\\/#primaryimage\"},\"image\":{\"@id\":\"https:\\\/\\\/interamerica.org\\\/fr\\\/2015\\\/04\\\/un-programme-special-en-ligne-bientot-organise-par-les-ministeres-des-campus-publics-de-linter-amerique\\\/#primaryimage\"},\"thumbnailUrl\":\"https:\\\/\\\/interamerica.org\\\/wp-content\\\/uploads\\\/2017\\\/06\\\/TrendsettersENG300.png\",\"datePublished\":\"2015-04-04T04:00:00+00:00\",\"author\":{\"@id\":\"https:\\\/\\\/interamerica.org\\\/fr\\\/#\\\/schema\\\/person\\\/68ede8bdc292885bb76c1e3810e73c39\"},\"breadcrumb\":{\"@id\":\"https:\\\/\\\/interamerica.org\\\/fr\\\/2015\\\/04\\\/un-programme-special-en-ligne-bientot-organise-par-les-ministeres-des-campus-publics-de-linter-amerique\\\/#breadcrumb\"},\"inLanguage\":\"fr-FR\",\"potentialAction\":[{\"@type\":\"ReadAction\",\"target\":[\"https:\\\/\\\/interamerica.org\\\/fr\\\/2015\\\/04\\\/un-programme-special-en-ligne-bientot-organise-par-les-ministeres-des-campus-publics-de-linter-amerique\\\/\"]}]},{\"@type\":\"ImageObject\",\"inLanguage\":\"fr-FR\",\"@id\":\"https:\\\/\\\/interamerica.org\\\/fr\\\/2015\\\/04\\\/un-programme-special-en-ligne-bientot-organise-par-les-ministeres-des-campus-publics-de-linter-amerique\\\/#primaryimage\",\"url\":\"https:\\\/\\\/interamerica.org\\\/wp-content\\\/uploads\\\/2017\\\/06\\\/TrendsettersENG300.png\",\"contentUrl\":\"https:\\\/\\\/interamerica.org\\\/wp-content\\\/uploads\\\/2017\\\/06\\\/TrendsettersENG300.png\",\"width\":300,\"height\":211},{\"@type\":\"BreadcrumbList\",\"@id\":\"https:\\\/\\\/interamerica.org\\\/fr\\\/2015\\\/04\\\/un-programme-special-en-ligne-bientot-organise-par-les-ministeres-des-campus-publics-de-linter-amerique\\\/#breadcrumb\",\"itemListElement\":[{\"@type\":\"ListItem\",\"position\":1,\"name\":\"Home\",\"item\":\"https:\\\/\\\/interamerica.org\\\/fr\\\/\"},{\"@type\":\"ListItem\",\"position\":2,\"name\":\"Un programme sp\u00e9cial en ligne bient\u00f4t organis\u00e9 par les Minist\u00e8res des Campus Publics de l\u2019Inter Am\u00e9rique\"}]},{\"@type\":\"WebSite\",\"@id\":\"https:\\\/\\\/interamerica.org\\\/fr\\\/#website\",\"url\":\"https:\\\/\\\/interamerica.org\\\/fr\\\/\",\"name\":\"\u00c9glise Adventiste Du Septieme Jour - Inter Am\u00e9rique Division\",\"description\":\"\",\"potentialAction\":[{\"@type\":\"SearchAction\",\"target\":{\"@type\":\"EntryPoint\",\"urlTemplate\":\"https:\\\/\\\/interamerica.org\\\/fr\\\/?s={search_term_string}\"},\"query-input\":{\"@type\":\"PropertyValueSpecification\",\"valueRequired\":true,\"valueName\":\"search_term_string\"}}],\"inLanguage\":\"fr-FR\"},{\"@type\":\"Person\",\"@id\":\"https:\\\/\\\/interamerica.org\\\/fr\\\/#\\\/schema\\\/person\\\/68ede8bdc292885bb76c1e3810e73c39\",\"name\":\"Lorenzo Verduzco\",\"image\":{\"@type\":\"ImageObject\",\"inLanguage\":\"fr-FR\",\"@id\":\"https:\\\/\\\/secure.gravatar.com\\\/avatar\\\/fb81a55b6218459490a9c1dc841a34909185b81904c5337b4b27f7a6fd60c49e?s=96&d=mm&r=g\",\"url\":\"https:\\\/\\\/secure.gravatar.com\\\/avatar\\\/fb81a55b6218459490a9c1dc841a34909185b81904c5337b4b27f7a6fd60c49e?s=96&d=mm&r=g\",\"contentUrl\":\"https:\\\/\\\/secure.gravatar.com\\\/avatar\\\/fb81a55b6218459490a9c1dc841a34909185b81904c5337b4b27f7a6fd60c49e?s=96&d=mm&r=g\",\"caption\":\"Lorenzo Verduzco\"}}]}<\/script>\n<!-- \/ Yoast SEO plugin. -->","yoast_head_json":{"title":"Un programme sp\u00e9cial en ligne bient\u00f4t organis\u00e9 par les Minist\u00e8res des Campus Publics de l\u2019Inter Am\u00e9rique - \u00c9glise Adventiste Du Septieme Jour - Inter Am\u00e9rique Division","robots":{"index":"index","follow":"follow","max-snippet":"max-snippet:-1","max-image-preview":"max-image-preview:large","max-video-preview":"max-video-preview:-1"},"canonical":"https:\/\/interamerica.org\/fr\/2015\/04\/un-programme-special-en-ligne-bientot-organise-par-les-ministeres-des-campus-publics-de-linter-amerique\/","og_locale":"fr_FR","og_type":"article","og_title":"Un programme sp\u00e9cial en ligne bient\u00f4t organis\u00e9 par les Minist\u00e8res des Campus Publics de l\u2019Inter Am\u00e9rique - \u00c9glise Adventiste Du Septieme Jour - Inter Am\u00e9rique Division","og_description":"Les Minist\u00e8res des Campus Publics de l\u2019Inter Am\u00e9rique organisent un programme en ligne pour les \u00e9tudiants d\u2019universit\u00e9 Adventistes qui \u00e9tudient dans des coll\u00e8ges et universit\u00e9s non-Adventistes \u00e0 travers le territoire de la Division Inter Am\u00e9ricaine.  Le programme en ligne se d\u00e9roulera depuis le si\u00e8ge de la DIA \u00e0 Miami en Floride samedi 11 avril 2015, \u00e0 9h30, heure de Miami.","og_url":"https:\/\/interamerica.org\/fr\/2015\/04\/un-programme-special-en-ligne-bientot-organise-par-les-ministeres-des-campus-publics-de-linter-amerique\/","og_site_name":"\u00c9glise Adventiste Du Septieme Jour - Inter Am\u00e9rique Division","article_published_time":"2015-04-04T04:00:00+00:00","og_image":[{"width":300,"height":211,"url":"https:\/\/interamerica.org\/wp-content\/uploads\/2017\/06\/TrendsettersENG300.png","type":"image\/png"}],"author":"Lorenzo Verduzco","twitter_card":"summary_large_image","twitter_misc":{"\u00c9crit par":"Lorenzo Verduzco","Dur\u00e9e de lecture estim\u00e9e":"1 minute"},"schema":{"@context":"https:\/\/schema.org","@graph":[{"@type":"Article","@id":"https:\/\/interamerica.org\/fr\/2015\/04\/un-programme-special-en-ligne-bientot-organise-par-les-ministeres-des-campus-publics-de-linter-amerique\/#article","isPartOf":{"@id":"https:\/\/interamerica.org\/fr\/2015\/04\/un-programme-special-en-ligne-bientot-organise-par-les-ministeres-des-campus-publics-de-linter-amerique\/"},"author":{"name":"Lorenzo Verduzco","@id":"https:\/\/interamerica.org\/fr\/#\/schema\/person\/68ede8bdc292885bb76c1e3810e73c39"},"headline":"Un programme sp\u00e9cial en ligne bient\u00f4t organis\u00e9 par les Minist\u00e8res des Campus Publics de l\u2019Inter Am\u00e9rique","datePublished":"2015-04-04T04:00:00+00:00","mainEntityOfPage":{"@id":"https:\/\/interamerica.org\/fr\/2015\/04\/un-programme-special-en-ligne-bientot-organise-par-les-ministeres-des-campus-publics-de-linter-amerique\/"},"wordCount":268,"image":{"@id":"https:\/\/interamerica.org\/fr\/2015\/04\/un-programme-special-en-ligne-bientot-organise-par-les-ministeres-des-campus-publics-de-linter-amerique\/#primaryimage"},"thumbnailUrl":"https:\/\/interamerica.org\/wp-content\/uploads\/2017\/06\/TrendsettersENG300.png","articleSection":["Nouvelles du si\u00e8ge de la division","RSS Fran\u00e7ais"],"inLanguage":"fr-FR"},{"@type":"WebPage","@id":"https:\/\/interamerica.org\/fr\/2015\/04\/un-programme-special-en-ligne-bientot-organise-par-les-ministeres-des-campus-publics-de-linter-amerique\/","url":"https:\/\/interamerica.org\/fr\/2015\/04\/un-programme-special-en-ligne-bientot-organise-par-les-ministeres-des-campus-publics-de-linter-amerique\/","name":"Un programme sp\u00e9cial en ligne bient\u00f4t organis\u00e9 par les Minist\u00e8res des Campus Publics de l\u2019Inter Am\u00e9rique - \u00c9glise Adventiste Du Septieme Jour - Inter Am\u00e9rique Division","isPartOf":{"@id":"https:\/\/interamerica.org\/fr\/#website"},"primaryImageOfPage":{"@id":"https:\/\/interamerica.org\/fr\/2015\/04\/un-programme-special-en-ligne-bientot-organise-par-les-ministeres-des-campus-publics-de-linter-amerique\/#primaryimage"},"image":{"@id":"https:\/\/interamerica.org\/fr\/2015\/04\/un-programme-special-en-ligne-bientot-organise-par-les-ministeres-des-campus-publics-de-linter-amerique\/#primaryimage"},"thumbnailUrl":"https:\/\/interamerica.org\/wp-content\/uploads\/2017\/06\/TrendsettersENG300.png","datePublished":"2015-04-04T04:00:00+00:00","author":{"@id":"https:\/\/interamerica.org\/fr\/#\/schema\/person\/68ede8bdc292885bb76c1e3810e73c39"},"breadcrumb":{"@id":"https:\/\/interamerica.org\/fr\/2015\/04\/un-programme-special-en-ligne-bientot-organise-par-les-ministeres-des-campus-publics-de-linter-amerique\/#breadcrumb"},"inLanguage":"fr-FR","potentialAction":[{"@type":"ReadAction","target":["https:\/\/interamerica.org\/fr\/2015\/04\/un-programme-special-en-ligne-bientot-organise-par-les-ministeres-des-campus-publics-de-linter-amerique\/"]}]},{"@type":"ImageObject","inLanguage":"fr-FR","@id":"https:\/\/interamerica.org\/fr\/2015\/04\/un-programme-special-en-ligne-bientot-organise-par-les-ministeres-des-campus-publics-de-linter-amerique\/#primaryimage","url":"https:\/\/interamerica.org\/wp-content\/uploads\/2017\/06\/TrendsettersENG300.png","contentUrl":"https:\/\/interamerica.org\/wp-content\/uploads\/2017\/06\/TrendsettersENG300.png","width":300,"height":211},{"@type":"BreadcrumbList","@id":"https:\/\/interamerica.org\/fr\/2015\/04\/un-programme-special-en-ligne-bientot-organise-par-les-ministeres-des-campus-publics-de-linter-amerique\/#breadcrumb","itemListElement":[{"@type":"ListItem","position":1,"name":"Home","item":"https:\/\/interamerica.org\/fr\/"},{"@type":"ListItem","position":2,"name":"Un programme sp\u00e9cial en ligne bient\u00f4t organis\u00e9 par les Minist\u00e8res des Campus Publics de l\u2019Inter Am\u00e9rique"}]},{"@type":"WebSite","@id":"https:\/\/interamerica.org\/fr\/#website","url":"https:\/\/interamerica.org\/fr\/","name":"\u00c9glise Adventiste Du Septieme Jour - Inter Am\u00e9rique Division","description":"","potentialAction":[{"@type":"SearchAction","target":{"@type":"EntryPoint","urlTemplate":"https:\/\/interamerica.org\/fr\/?s={search_term_string}"},"query-input":{"@type":"PropertyValueSpecification","valueRequired":true,"valueName":"search_term_string"}}],"inLanguage":"fr-FR"},{"@type":"Person","@id":"https:\/\/interamerica.org\/fr\/#\/schema\/person\/68ede8bdc292885bb76c1e3810e73c39","name":"Lorenzo Verduzco","image":{"@type":"ImageObject","inLanguage":"fr-FR","@id":"https:\/\/secure.gravatar.com\/avatar\/fb81a55b6218459490a9c1dc841a34909185b81904c5337b4b27f7a6fd60c49e?s=96&d=mm&r=g","url":"https:\/\/secure.gravatar.com\/avatar\/fb81a55b6218459490a9c1dc841a34909185b81904c5337b4b27f7a6fd60c49e?s=96&d=mm&r=g","contentUrl":"https:\/\/secure.gravatar.com\/avatar\/fb81a55b6218459490a9c1dc841a34909185b81904c5337b4b27f7a6fd60c49e?s=96&d=mm&r=g","caption":"Lorenzo Verduzco"}}]}},"_links":{"self":[{"href":"https:\/\/interamerica.org\/fr\/wp-json\/wp\/v2\/posts\/32225","targetHints":{"allow":["GET"]}}],"collection":[{"href":"https:\/\/interamerica.org\/fr\/wp-json\/wp\/v2\/posts"}],"about":[{"href":"https:\/\/interamerica.org\/fr\/wp-json\/wp\/v2\/types\/post"}],"author":[{"embeddable":true,"href":"https:\/\/interamerica.org\/fr\/wp-json\/wp\/v2\/users\/1"}],"replies":[{"embeddable":true,"href":"https:\/\/interamerica.org\/fr\/wp-json\/wp\/v2\/comments?post=32225"}],"version-history":[{"count":0,"href":"https:\/\/interamerica.org\/fr\/wp-json\/wp\/v2\/posts\/32225\/revisions"}],"wp:featuredmedia":[{"embeddable":true,"href":"https:\/\/interamerica.org\/fr\/wp-json\/wp\/v2\/media\/24912"}],"wp:attachment":[{"href":"https:\/\/interamerica.org\/fr\/wp-json\/wp\/v2\/media?parent=32225"}],"wp:term":[{"taxonomy":"category","embeddable":true,"href":"https:\/\/interamerica.org\/fr\/wp-json\/wp\/v2\/categories?post=32225"},{"taxonomy":"post_tag","embeddable":true,"href":"https:\/\/interamerica.org\/fr\/wp-json\/wp\/v2\/tags?post=32225"}],"curies":[{"name":"wp","href":"https:\/\/api.w.org\/{rel}","templated":true}]}}