{"id":32226,"date":"2015-04-06T00:00:00","date_gmt":"2015-04-06T04:00:00","guid":{"rendered":"http:\/\/192.81.217.108\/interamerica\/2015\/04\/plus-dun-million-de-nouveaux-membres-se-joignent-a-leglise-alors-que-linitiative-quinquennale-de-linter-amerique-touche-a-sa-fin\/"},"modified":"2015-04-06T00:00:00","modified_gmt":"2015-04-06T04:00:00","slug":"plus-dun-million-de-nouveaux-membres-se-joignent-a-leglise-alors-que-linitiative-quinquennale-de-linter-amerique-touche-a-sa-fin","status":"publish","type":"post","link":"https:\/\/interamerica.org\/fr\/2015\/04\/plus-dun-million-de-nouveaux-membres-se-joignent-a-leglise-alors-que-linitiative-quinquennale-de-linter-amerique-touche-a-sa-fin\/","title":{"rendered":"Plus d\u2019un million de nouveaux membres se joignent \u00e0 l\u2019\u00e9glise alors que l\u2019initiative quinquennale de l\u2019Inter Am\u00e9rique touche \u00e0 sa fin"},"content":{"rendered":"<div id=\"attachment_16221\" style=\"width: 650px\" class=\"wp-caption aligncenter\"><a href=\"\/interamerica\/wp-content\/uploads\/2017\/06\/Vom600.png\" rel=\"fancybox\" title=\"Plus d\u2019un million de nouveaux membres se joignent \u00e0 l\u2019\u00e9glise alors que l\u2019initiative quinquennale de l\u2019Inter Am\u00e9rique touche \u00e0 sa fin\"><img fetchpriority=\"high\" decoding=\"async\" aria-describedby=\"caption-attachment-16221\" class=\"size-full wp-image-16221\" src=\"\/interamerica\/wp-content\/uploads\/2017\/06\/Vom600.png\" alt=\"\" width=\"640\" height=\"426\" \/><\/a><p id=\"caption-attachment-16221\" class=\"wp-caption-text\">Plus de 7500 leaders et membres d\u2019\u00e9glise, ainsi que des visiteurs ont rempli le Centre de l\u2019Excellence \u00e0 Trinidad afin d\u2019assister aux c\u00e9r\u00e9monies de bapt\u00eame r\u00e9alis\u00e9es sur l\u2019ensemble du territoire cette ann\u00e9e dans le cadre de la c\u00e9l\u00e9bration de Vision Un Million en Inter Am\u00e9rique ; le programme \u00e9tait retransmis en direct le 4 avril 2015. Image de Libna Stevens\/DIA.<\/p><\/div>\n<p>5 Avril 2015 \u2013 Port-of-Spain, Trinidad \u2013 Libna Stevens\/DIA<\/p>\n<div id=\"attachment_16208\" style=\"width: 310px\" class=\"wp-caption alignright\"><a href=\"\/interamerica\/wp-content\/uploads\/2017\/06\/FinleyVOM400.png\" rel=\"fancybox\" title=\"Plus d\u2019un million de nouveaux membres se joignent \u00e0 l\u2019\u00e9glise alors que l\u2019initiative quinquennale de l\u2019Inter Am\u00e9rique touche \u00e0 sa fin\"><img decoding=\"async\" aria-describedby=\"caption-attachment-16208\" class=\"size-medium wp-image-16208\" src=\"\/interamerica\/wp-content\/uploads\/2017\/06\/FinleyVOM400-300x190.png\" alt=\"\" width=\"300\" height=\"190\" \/><\/a><p id=\"caption-attachment-16208\" class=\"wp-caption-text\">L\u2019\u00e9vang\u00e9liste Mark Finley. Image de Curtis Henry\/DIA<\/p><\/div>\n<p>L\u2019Eglise Adventiste du Septi\u00e8me Jour en Inter Am\u00e9rique a conclu pour l\u2019ensemble de son territoire, son initiative \u00e9vang\u00e9lique quinquennale baptis\u00e9e Vision Un Million, avec un programme de trois heures retransmis en direct par satellite depuis Port-of-Spain \u00e0 Trinidad, samedi soir.<\/p>\n<p>Le programme repr\u00e9sentait couronnement de milliers de campagnes d\u2019\u00e9vang\u00e9lisation qui se sont d\u00e9roul\u00e9es au cours des trois derniers mois \u00e0 travers le territoire de la Division Inter Am\u00e9ricaine (DIA). Ces efforts, combin\u00e9s aux efforts similaires d\u00e9but\u00e9s en 2011, l\u2019ann\u00e9e o\u00f9 Vision Un Million a \u00e9t\u00e9 lanc\u00e9, ont permis \u00e0 un peu plus d\u2019un million de nouveaux membres de s\u2019ajouter \u00e0 l\u2019\u00e9glise.<\/p>\n<div id=\"attachment_11187\" style=\"width: 310px\" class=\"wp-caption alignleft\"><a href=\"\/interamerica\/wp-content\/uploads\/2017\/06\/Braham.png\" rel=\"fancybox\" title=\"Plus d\u2019un million de nouveaux membres se joignent \u00e0 l\u2019\u00e9glise alors que l\u2019initiative quinquennale de l\u2019Inter Am\u00e9rique touche \u00e0 sa fin\"><img decoding=\"async\" aria-describedby=\"caption-attachment-11187\" class=\"size-medium wp-image-11187\" src=\"\/interamerica\/wp-content\/uploads\/2017\/06\/Braham-300x195.png\" alt=\"\" width=\"300\" height=\"195\" \/><\/a><p id=\"caption-attachment-11187\" class=\"wp-caption-text\">Pasteur Balvin Braham, directeur adjoint de l\u2019association pastorale et organisateur du programme, a affirm\u00e9 que Vision Un Million a amen\u00e9 un esprit de collaboration chez nos dirigeants et nos membres d\u2019\u00e9glise dans toute l\u2019Inter Am\u00e9rique. Photo d\u2019archives DIA.<\/p><\/div>\n<p>Plus de 7500 dirigeants et membres d\u2019\u00e9glise ainsi que des visiteurs ont rempli le Centre de l\u2019Excellence \u00e0 Trinidad afin d\u2019assister au programme qui \u00e9tait retransmis en direct sur Hope Church Channel, Esperanza TV, 3ABN, 3ABN Latino et sur le canal de diffusion en ligne de la DIA.<\/p>\n<p>\u00ab Fr\u00e8res et s\u0153urs, c\u2019est un moment dont nous pouvons \u00eatre fiers dans le territoire de la DIA, \u00bb a dit pasteur Balvin Braham, directeur adjoint de l\u2019association pastorale et principal organisateur du programme.<\/p>\n<p>Au cours des derni\u00e8res semaines, l\u2019\u00e9glise dans le territoire de l\u2019Union Carib\u00e9enne a pris part \u00e0 de nombreux projets communautaires et \u00e0 des intervention sociales qui ont pr\u00e9c\u00e9d\u00e9 quelques 300 campagnes d\u2019\u00e9vang\u00e9lisation dans les deux douzaines d\u2019iles qui composent l\u2019union, c\u2019est ce qu\u2019ont indiqu\u00e9 les dirigeants d\u2019\u00e9glise locaux.<\/p>\n<p>Quelques 250 pasteurs et 450 pr\u00e9dicateurs la\u00efcs venus de toute la DIA, de l\u2019Afrique, du Canada, de l\u2019Angleterre et des Etats Unis se sont joints aux pasteurs locaux pour deux semaines de campagnes d\u2019\u00e9vang\u00e9lisation tenues dans des \u00e9glises, des auditoriums, des centres communautaires et des petits groupes cette semaine.<\/p>\n<div id=\"attachment_16206\" style=\"width: 310px\" class=\"wp-caption alignright\"><a href=\"\/interamerica\/wp-content\/uploads\/2017\/06\/VOM-healthawards400.png\" rel=\"fancybox\" title=\"Plus d\u2019un million de nouveaux membres se joignent \u00e0 l\u2019\u00e9glise alors que l\u2019initiative quinquennale de l\u2019Inter Am\u00e9rique touche \u00e0 sa fin\"><img loading=\"lazy\" decoding=\"async\" aria-describedby=\"caption-attachment-16206\" class=\"size-medium wp-image-16206 \" src=\"\/interamerica\/wp-content\/uploads\/2017\/06\/VOM-healthawards400-300x186.png\" alt=\"\" width=\"300\" height=\"186\" \/><\/a><p id=\"caption-attachment-16206\" class=\"wp-caption-text\">Des membres d\u2019\u00e9glise sont honor\u00e9s pour leur travail dans des projets sanitaires et dans des interventions au niveau de la famille dans la communaut\u00e9 au cours des quelques derniers mois. Image de Curtis Henry\/DIA.<\/p><\/div>\n<p>Au cours du programme, les leaders de l\u2019\u00e9glise ont mis en lumi\u00e8re le travail r\u00e9alis\u00e9 par les membres engag\u00e9s ainsi que par les professionnels qui ont apport\u00e9 leur contribution dans des initiatives sanitaires, dans des interventions faites dans le domaine de la famille dans des centaines de communaut\u00e9s au cours des quelques derniers mois et de l\u2019ann\u00e9e \u00e9coul\u00e9e.<\/p>\n<p>L\u2019\u00e9vang\u00e9liste Mark Finley a pr\u00e9sent\u00e9 le message au cours duquel il a f\u00e9licit\u00e9 les pasteurs et les membres d\u2019\u00e9glise pour leur engagement dans la proclamation de la Bonne Nouvelle, il a aussi encourag\u00e9 les centaines de croyants pr\u00e9sents au Centre de l\u2019Excellence et les milliers d\u2019autres qui suivaient le programme \u00e0 travers le territoire et se pr\u00e9paraient pour le bapt\u00eame \u00e0 garder leur foi en Dieu.<\/p>\n<p>\u00ab Quand vous avancez par la foi, J\u00e9sus r\u00e9alise des miracles inattendus dans votre vie, \u00bb a dit Mark Finley. Pasteur Finley a assur\u00e9 les auditeurs que \u00ab Dieu est le Dieu des b\u00e9n\u00e9diction inattendues, le Dieu de l\u2019impossible et le Dieu des nouveaux commencements. \u00bb<\/p>\n<p>Un nouveau commencement, c\u2019est justement ce que Joseph Matieriene, 63 ans, originaire de Sangre Grande dans le nord de l\u2019ile, esp\u00e9rait. V\u00eatu de sa blouse de bapt\u00eame bleue, pieds nus et \u00e9loign\u00e9 de sa famille, il sourit et dit qu\u2019il est pr\u00eat \u00e0 mettre sa vie tourment\u00e9e derri\u00e8re lui. Cette vie agit\u00e9e inclut l\u2019ent\u00eatement et un s\u00e9jour de 14 ans en prison de 2000 \u00e0 2014.<\/p>\n<p>\u00ab Je ne suis pas un homme tr\u00e8s instruit, et je ne poss\u00e8de pas grand chose, mais j\u2019ai d\u00e9couvert la gr\u00e2ce de Dieu en lisant la Bible, \u00bb a dit Joseph Matierene. Bien qu\u2019il ait \u00e9t\u00e9 baptis\u00e9 dans une d\u00e9nomination Chr\u00e9tienne il y a longtemps, Joseph Matierene a re\u00e7u une invitation pour une campagne d\u2019\u00e9vang\u00e9lisation dans son quartier et il a \u00e9t\u00e9 convaincu de la validit\u00e9 du commandement du Sabbat et a d\u00e9cid\u00e9 de se faire baptiser au Centre de l\u2019Excellence. \u00ab Je veux aller au ciel et y amener d\u2019autres aussi, \u00bb a t-il ajout\u00e9.<\/p>\n<div id=\"attachment_16210\" style=\"width: 223px\" class=\"wp-caption alignright\"><a href=\"\/interamerica\/wp-content\/uploads\/2017\/06\/VOMMartieriene218.png\" rel=\"fancybox\" title=\"Plus d\u2019un million de nouveaux membres se joignent \u00e0 l\u2019\u00e9glise alors que l\u2019initiative quinquennale de l\u2019Inter Am\u00e9rique touche \u00e0 sa fin\"><img loading=\"lazy\" decoding=\"async\" aria-describedby=\"caption-attachment-16210\" class=\"size-medium wp-image-16210 \" src=\"\/interamerica\/wp-content\/uploads\/2017\/06\/VOMMartieriene218-213x300.png\" alt=\"\" width=\"213\" height=\"300\" \/><\/a><p id=\"caption-attachment-16210\" class=\"wp-caption-text\">La pri\u00e8re pour Joseph Matieriene avant son bapt\u00eame. Image de Curtis Henry\/DIA.<\/p><\/div>\n<p>Melissa Williams, 29 ans, ainsi que ses deux jeunes filles \u00e9taient accroch\u00e9es l\u2019une \u00e0 l\u2019autre en attendant d\u2019\u00eatre baptis\u00e9es. Melissa Williams \u00e9tait d\u00e9j\u00e0 devenue membre lorsqu\u2019elle avait 16 ans mais avait abandonn\u00e9 plus tard. Apr\u00e8s avoir eu ses filles qui ont maintenant 10 ans et 7 ans, elle a commenc\u00e9 \u00e0 les amener \u00e0 l\u2019Eglise Adventiste de Sangre Grande bien qu\u2019elle ne prenait pas les bonnes d\u00e9cisions pour sa propre vie. \u00ab Les filles ont d\u00e9cid\u00e9 de donner leur vie \u00e0 J\u00e9sus et cela m\u2019a pouss\u00e9e \u00e0 mettre de c\u00f4t\u00e9 ma vie pass\u00e9e et \u00e0 me faire baptiser \u00e0 nouveau, \u00bb a t-elle confi\u00e9.<\/p>\n<p>\u00ab J\u00e9sus est la vie pour moi. Mon Sauveur, ma force, Il est tout pour moi, \u00bb a dit Melissa Williams, qui est actuellement \u00e9tudiante de quatri\u00e8me ann\u00e9e en infirmerie. \u00ab Je veux simplement Le servir du mieux que je pourrai et je continue de prier pour que mon mari veuille bient\u00f4t donner son c\u0153ur \u00e0 J\u00e9sus. \u00bb<\/p>\n<div id=\"attachment_16209\" style=\"width: 310px\" class=\"wp-caption alignleft\"><a href=\"\/interamerica\/wp-content\/uploads\/2017\/06\/Williams400.png\" rel=\"fancybox\" title=\"Plus d\u2019un million de nouveaux membres se joignent \u00e0 l\u2019\u00e9glise alors que l\u2019initiative quinquennale de l\u2019Inter Am\u00e9rique touche \u00e0 sa fin\"><img loading=\"lazy\" decoding=\"async\" aria-describedby=\"caption-attachment-16209\" class=\"size-medium wp-image-16209\" src=\"\/interamerica\/wp-content\/uploads\/2017\/06\/Williams400-300x209.png\" alt=\"\" width=\"300\" height=\"209\" \/><\/a><p id=\"caption-attachment-16209\" class=\"wp-caption-text\">Melissa Williams et ses deux jeunes filles regardent le programme en direct avant d\u2019\u00eatre baptis\u00e9es sur le site du Centre de l\u2019Excellence. Image de Curtis Henry\/DIA<\/p><\/div>\n<p>Servir Dieu en accomplissant la mission de la proclamation de l\u2019\u00e9vangile est au c\u0153ur de l\u2019objectif du programme consistant \u00e0 faire des disciples, et pour lequel l\u2019\u00e9glise dans la Division Inter Am\u00e9ricaine a \u00e9norm\u00e9ment investi au cours des cinq derni\u00e8res ann\u00e9es, ont indiqu\u00e9 les principaux leaders de l\u2019\u00e9glise.<\/p>\n<p>Mobiliser les membres d\u2019\u00e9glise dans l\u2019action, c\u2019est ce qui fait croitre l\u2019\u00e9glise, a dit pasteur Isra\u00ebl Leito, le pr\u00e9sident de l\u2019Eglise Adventiste en Inter Am\u00e9rique.<\/p>\n<p>\u00ab Vision Un Million a remis l\u2019emphase pour l\u2019\u00e9glise sur l\u2019\u00e9vang\u00e9lisation et le gain des \u00e2mes, encourageant l\u2019\u00e9glise \u00e0 aller au del\u00e0 des limites ou des impossibilit\u00e9s quelle voit autour d\u2019elle pour la cause de l\u2019\u00e9vangile, \u00bb a dit pasteur Leito.<\/p>\n<p>Le principal objectif de l\u2019initiative Vision Un Million n\u2019est d\u2019atteindre des chiffres, bien que vous ne pouvez ignorez les chiffres, mais c\u2019est plut\u00f4t l\u2019impact, l\u2019effet du discipulat sur ces membres qui permettent d\u2019obtenir les chiffres, \u00bb a ajout\u00e9 pasteur Leito.<\/p>\n<p>Chiffres ou pas, chaque fois que la c\u00e9l\u00e9bration de Vision Un Million a \u00e9t\u00e9 organis\u00e9e par l\u2019une des 24 principales r\u00e9gions de l\u2019\u00e9glise, l\u2019\u0153uvre s\u2019est intensifi\u00e9e de telle sorte que les pasteurs locaux et les la\u00efcs se sentent dynamis\u00e9s pour aller \u00e0 la recherche d\u2019encore plus d\u2019\u00e2mes avec l\u2019esp\u00e9rance du salut, a dit pasteur Braham.<\/p>\n<div id=\"attachment_16207\" style=\"width: 310px\" class=\"wp-caption alignleft\"><a href=\"\/interamerica\/wp-content\/uploads\/2017\/06\/KernTobias400.png\" rel=\"fancybox\" title=\"Plus d\u2019un million de nouveaux membres se joignent \u00e0 l\u2019\u00e9glise alors que l\u2019initiative quinquennale de l\u2019Inter Am\u00e9rique touche \u00e0 sa fin\"><img loading=\"lazy\" decoding=\"async\" aria-describedby=\"caption-attachment-16207\" class=\"size-medium wp-image-16207\" src=\"\/interamerica\/wp-content\/uploads\/2017\/06\/KernTobias400-300x228.png\" alt=\"\" width=\"300\" height=\"228\" \/><\/a><p id=\"caption-attachment-16207\" class=\"wp-caption-text\">Dr Kern Tobias remercie les membres et les leaders de l\u2019\u00e9glise pour leurs efforts r\u00e9alis\u00e9s de concert \u00e0 l\u2019occasion des centaines de campagnes d\u2019\u00e9vang\u00e9lisation qui ont eu lieu dans toute l\u2019Union Carib\u00e9enne cette ann\u00e9e. Image de Curtis Henry\/DIA.<\/p><\/div>\n<p>Prenez par exemple l\u2019Union Carib\u00e9enne o\u00f9 l\u2019\u00e9glise a multipli\u00e9 par deux ses efforts d\u2019\u00e9vang\u00e9lisation dans les 24 iles qui la composent avec des \u00e9vang\u00e9listes et des pr\u00e9dicateurs venus de toute la DIA : plus de 6000 membres d\u2019\u00e9glise se sont joints \u00e0 l\u2019\u00e9glise cette ann\u00e9e seulement. On avait atteint \u00e0 peu pr\u00e8s le m\u00eame nombre en 2014, a dit Dr Kern Tobias, pr\u00e9sident de l\u2019Eglise Adventiste dans l\u2019Union Carib\u00e9enne.<\/p>\n<p>\u00ab C\u2019est une des plus grande initiatives d\u2019\u00e9vang\u00e9lisation entreprises dans notre r\u00e9gion depuis des ann\u00e9es, \u00bb a expliqu\u00e9 Kern Tobias. \u00ab Cette initiative a vraiment boost\u00e9 nos pasteurs et nos membres d\u2019\u00e9glise et a montr\u00e9 qu\u2019il est possible de continuer d\u2019avoir des d\u00e9cisions pour Christ dans notre territoire avec cette ampleur. \u00bb<\/p>\n<p>D\u2019apr\u00e8s Kern Tobias, plus de 178000 membres d\u2019\u00e9glise se sont impliqu\u00e9s dans les efforts \u00e0 travers l\u2019union qui compte plus de 240000 membres d\u2019\u00e9glise qui se r\u00e9unissent pour adorer dans 722 \u00e9glises et groupes.<\/p>\n<div id=\"attachment_16214\" style=\"width: 310px\" class=\"wp-caption alignright\"><a href=\"\/interamerica\/wp-content\/uploads\/2017\/06\/VOM-HaitianUnion400.png\" rel=\"fancybox\" title=\"Plus d\u2019un million de nouveaux membres se joignent \u00e0 l\u2019\u00e9glise alors que l\u2019initiative quinquennale de l\u2019Inter Am\u00e9rique touche \u00e0 sa fin\"><img loading=\"lazy\" decoding=\"async\" aria-describedby=\"caption-attachment-16214\" class=\"size-medium wp-image-16214 \" src=\"\/interamerica\/wp-content\/uploads\/2017\/06\/VOM-HaitianUnion400-300x200.png\" alt=\"\" width=\"300\" height=\"200\" \/><\/a><p id=\"caption-attachment-16214\" class=\"wp-caption-text\">Pasteur Mark Finley remet un troph\u00e9e au pr\u00e9sident de l\u2019Union Ha\u00eftienne, Theart Saint Pierre, cette union arrive en t\u00eate avec 92000 bapt\u00eames atteints au cours du quinquennat. Image de Curtis Henry\/DIA.<\/p><\/div>\n<p>Parmi les autres villes touch\u00e9es par cette action d\u2019impact et ayant organis\u00e9 des programmes de c\u00e9l\u00e9bration Vision Un Million, on peut citer Mexico, Bogota et Guatemala City ainsi que Maracaibo.<\/p>\n<p>\u00ab Cette initiative a amen\u00e9 un esprit de collaboration chez nos leaders et nos membres d\u2019\u00e9glise dans toute l\u2019Inter Am\u00e9rique, et elle nous a \u00e9galement amen\u00e9 \u00e0 anticiper pour avancer dans la cr\u00e9ation d\u2019un paradigme visant \u00e0 maintenir notre croissance et \u00e0 approfondir notre impact \u00e9vang\u00e9lique au cours des mois et des ann\u00e9es \u00e0 venir, \u00bb a dit Balvin Braham.<\/p>\n<p>Jusqu\u2019ici, plus de 70000 nouveaux membres se sont joints \u00e0 l\u2019\u00e9glise au cours du premier trimestre de cette ann\u00e9e, a dit pasteur Braham.<\/p>\n<p>Le programme a \u00e9t\u00e9 r\u00e9alis\u00e9 avec des flux en direct depuis 14 sites dans la DIA o\u00f9 des centaines de bapt\u00eames avaient lieu en temps r\u00e9el avec la participation des principaux leaders de l\u2019\u00e9glise venus de chacune des unions qui pronon\u00e7aient la pri\u00e8re pour les bapt\u00eames depuis Trinidad.<\/p>\n<p>Pr\u00e8s de 4000 personnes se sont connect\u00e9es depuis 54 pays pour assister au programme qui \u00e9tait diffus\u00e9 en anglais, en espagnol et en fran\u00e7ais.<\/p>\n<p>Les unions ont \u00e9t\u00e9 honor\u00e9es pour leur extraordinaire contribution dans la d\u00e9marche qui a amen\u00e9 jusqu\u2019ici plus d\u2019un million de bapt\u00eames au cours du quinquennat. L\u2019Union Ha\u00eftienne est arriv\u00e9e en t\u00eate de liste, en effet plus de 92000 nouveaux membres se sont ajout\u00e9s \u00e0 l\u2019\u00e9glise.<\/p>\n<div id=\"attachment_16218\" style=\"width: 430px\" class=\"wp-caption alignright\"><a href=\"\/interamerica\/wp-content\/uploads\/2017\/06\/MAP-VOMconnections600.png\" rel=\"fancybox\" title=\"Plus d\u2019un million de nouveaux membres se joignent \u00e0 l\u2019\u00e9glise alors que l\u2019initiative quinquennale de l\u2019Inter Am\u00e9rique touche \u00e0 sa fin\"><img loading=\"lazy\" decoding=\"async\" aria-describedby=\"caption-attachment-16218\" class=\" wp-image-16218 \" src=\"\/interamerica\/wp-content\/uploads\/2017\/06\/MAP-VOMconnections600.png\" alt=\"\" width=\"420\" height=\"202\" \/><\/a><p id=\"caption-attachment-16218\" class=\"wp-caption-text\">Pr\u00e8s de 4000 personnes connect\u00e9es depuis 54 pays ont regard\u00e9 le programme en direct samedi 4 avril 2015. Image de Revolver Maps \u2013 Live Statistics.<\/p><\/div>\n<p>Arrivant aussi dans le peloton de t\u00eate, il y a l\u2019Union Mexicaine du Chiapas avec plus de 82000 nouveaux membres, l\u2019Union Centram\u00e9ricaine du Sud avec plus de 76000 nouveaux membres, l\u2019Union Mexicaine Inter Oc\u00e9anique avec plus de 73000 nouveaux membres, et l\u2019Union Dominicaine avec plus de 70000 nouveaux membres.<\/p>\n<p>Des dizaines de membres d\u2019\u00e9glise ont \u00e9t\u00e9 honor\u00e9s pour leur pr\u00e9sence dans l\u2019\u00e9glise depuis 50ans, 60ans ou plus.<\/p>\n<p>Les leaders attendent vivement l\u2019action d\u2019impact de l\u2019ann\u00e9e prochaine pour tout le territoire ; il a \u00e9t\u00e9 vot\u00e9 que ce programme se d\u00e9roule \u00e0 Caracas au Venezuela.<\/p>\n<p>Pour voir une galerie de photos du programme de Vision Un Million de cette ann\u00e9e \u00e0 Trinidad, cliquez <a href=\"https:\/\/www.flickr.com\/photos\/interamerica\/16847243050\/\">ICI<\/a><\/p>\n<p>Pour voir le programme enregistr\u00e9 en direct, cliquez <a href=\"http:\/\/youtu.be\/JtV1q25GFWM\">ICI<\/a><\/p>\n<p>Traduction: Patrick Luciathe<\/p>\n","protected":false},"excerpt":{"rendered":"<p>L\u2019Eglise Adventiste du Septi\u00e8me Jour en Inter Am\u00e9rique a conclu pour l\u2019ensemble de son territoire, son initiative \u00e9vang\u00e9lique quinquennale baptis\u00e9e Vision Un Million, avec un programme de trois heures retransmis en direct par satellite depuis Port-of-Spain \u00e0 Trinidad, samedi soir.  <\/p>\n<p>Le programme repr\u00e9sentait couronnement de milliers de campagnes d\u2019\u00e9vang\u00e9lisation qui se sont d\u00e9roul\u00e9es au cours des trois derniers mois \u00e0 travers le territoire de la Division Inter Am\u00e9ricaine (DIA).<\/p>\n","protected":false},"author":1,"featured_media":24919,"comment_status":"closed","ping_status":"closed","sticky":false,"template":"","format":"standard","meta":{"_acf_changed":false,"footnotes":""},"categories":[20,19],"tags":[],"class_list":["post-32226","post","type-post","status-publish","format-standard","has-post-thumbnail","hentry","category-nouvelles-du-siege-de-la-division","category-rss-francais"],"acf":[],"yoast_head":"<!-- This site is optimized with the Yoast SEO plugin v27.3 - https:\/\/yoast.com\/product\/yoast-seo-wordpress\/ -->\n<title>Plus d\u2019un million de nouveaux membres se joignent \u00e0 l\u2019\u00e9glise alors que l\u2019initiative quinquennale de l\u2019Inter Am\u00e9rique touche \u00e0 sa fin - \u00c9glise Adventiste Du Septieme Jour - Inter Am\u00e9rique Division<\/title>\n<meta name=\"robots\" content=\"index, follow, max-snippet:-1, max-image-preview:large, max-video-preview:-1\" \/>\n<link rel=\"canonical\" href=\"https:\/\/interamerica.org\/fr\/2015\/04\/plus-dun-million-de-nouveaux-membres-se-joignent-a-leglise-alors-que-linitiative-quinquennale-de-linter-amerique-touche-a-sa-fin\/\" \/>\n<meta property=\"og:locale\" content=\"fr_FR\" \/>\n<meta property=\"og:type\" content=\"article\" \/>\n<meta property=\"og:title\" content=\"Plus d\u2019un million de nouveaux membres se joignent \u00e0 l\u2019\u00e9glise alors que l\u2019initiative quinquennale de l\u2019Inter Am\u00e9rique touche \u00e0 sa fin - \u00c9glise Adventiste Du Septieme Jour - Inter Am\u00e9rique Division\" \/>\n<meta property=\"og:description\" content=\"L\u2019Eglise Adventiste du Septi\u00e8me Jour en Inter Am\u00e9rique a conclu pour l\u2019ensemble de son territoire, son initiative \u00e9vang\u00e9lique quinquennale baptis\u00e9e Vision Un Million, avec un programme de trois heures retransmis en direct par satellite depuis Port-of-Spain \u00e0 Trinidad, samedi soir.  Le programme repr\u00e9sentait couronnement de milliers de campagnes d\u2019\u00e9vang\u00e9lisation qui se sont d\u00e9roul\u00e9es au cours des trois derniers mois \u00e0 travers le territoire de la Division Inter Am\u00e9ricaine (DIA).\" \/>\n<meta property=\"og:url\" content=\"https:\/\/interamerica.org\/fr\/2015\/04\/plus-dun-million-de-nouveaux-membres-se-joignent-a-leglise-alors-que-linitiative-quinquennale-de-linter-amerique-touche-a-sa-fin\/\" \/>\n<meta property=\"og:site_name\" content=\"\u00c9glise Adventiste Du Septieme Jour - Inter Am\u00e9rique Division\" \/>\n<meta property=\"article:published_time\" content=\"2015-04-06T04:00:00+00:00\" \/>\n<meta property=\"og:image\" content=\"https:\/\/interamerica.org\/wp-content\/uploads\/2017\/06\/VOM-baptized300.png\" \/>\n\t<meta property=\"og:image:width\" content=\"300\" \/>\n\t<meta property=\"og:image:height\" content=\"202\" \/>\n\t<meta property=\"og:image:type\" content=\"image\/png\" \/>\n<meta name=\"author\" content=\"Lorenzo Verduzco\" \/>\n<meta name=\"twitter:card\" content=\"summary_large_image\" \/>\n<meta name=\"twitter:label1\" content=\"\u00c9crit par\" \/>\n\t<meta name=\"twitter:data1\" content=\"Lorenzo Verduzco\" \/>\n\t<meta name=\"twitter:label2\" content=\"Dur\u00e9e de lecture estim\u00e9e\" \/>\n\t<meta name=\"twitter:data2\" content=\"10 minutes\" \/>\n<script type=\"application\/ld+json\" class=\"yoast-schema-graph\">{\"@context\":\"https:\\\/\\\/schema.org\",\"@graph\":[{\"@type\":\"Article\",\"@id\":\"https:\\\/\\\/interamerica.org\\\/fr\\\/2015\\\/04\\\/plus-dun-million-de-nouveaux-membres-se-joignent-a-leglise-alors-que-linitiative-quinquennale-de-linter-amerique-touche-a-sa-fin\\\/#article\",\"isPartOf\":{\"@id\":\"https:\\\/\\\/interamerica.org\\\/fr\\\/2015\\\/04\\\/plus-dun-million-de-nouveaux-membres-se-joignent-a-leglise-alors-que-linitiative-quinquennale-de-linter-amerique-touche-a-sa-fin\\\/\"},\"author\":{\"name\":\"Lorenzo Verduzco\",\"@id\":\"https:\\\/\\\/interamerica.org\\\/fr\\\/#\\\/schema\\\/person\\\/68ede8bdc292885bb76c1e3810e73c39\"},\"headline\":\"Plus d\u2019un million de nouveaux membres se joignent \u00e0 l\u2019\u00e9glise alors que l\u2019initiative quinquennale de l\u2019Inter Am\u00e9rique touche \u00e0 sa fin\",\"datePublished\":\"2015-04-06T04:00:00+00:00\",\"mainEntityOfPage\":{\"@id\":\"https:\\\/\\\/interamerica.org\\\/fr\\\/2015\\\/04\\\/plus-dun-million-de-nouveaux-membres-se-joignent-a-leglise-alors-que-linitiative-quinquennale-de-linter-amerique-touche-a-sa-fin\\\/\"},\"wordCount\":2058,\"image\":{\"@id\":\"https:\\\/\\\/interamerica.org\\\/fr\\\/2015\\\/04\\\/plus-dun-million-de-nouveaux-membres-se-joignent-a-leglise-alors-que-linitiative-quinquennale-de-linter-amerique-touche-a-sa-fin\\\/#primaryimage\"},\"thumbnailUrl\":\"https:\\\/\\\/interamerica.org\\\/wp-content\\\/uploads\\\/2017\\\/06\\\/VOM-baptized300.png\",\"articleSection\":[\"Nouvelles du si\u00e8ge de la division\",\"RSS Fran\u00e7ais\"],\"inLanguage\":\"fr-FR\"},{\"@type\":\"WebPage\",\"@id\":\"https:\\\/\\\/interamerica.org\\\/fr\\\/2015\\\/04\\\/plus-dun-million-de-nouveaux-membres-se-joignent-a-leglise-alors-que-linitiative-quinquennale-de-linter-amerique-touche-a-sa-fin\\\/\",\"url\":\"https:\\\/\\\/interamerica.org\\\/fr\\\/2015\\\/04\\\/plus-dun-million-de-nouveaux-membres-se-joignent-a-leglise-alors-que-linitiative-quinquennale-de-linter-amerique-touche-a-sa-fin\\\/\",\"name\":\"Plus d\u2019un million de nouveaux membres se joignent \u00e0 l\u2019\u00e9glise alors que l\u2019initiative quinquennale de l\u2019Inter Am\u00e9rique touche \u00e0 sa fin - \u00c9glise Adventiste Du Septieme Jour - Inter Am\u00e9rique Division\",\"isPartOf\":{\"@id\":\"https:\\\/\\\/interamerica.org\\\/fr\\\/#website\"},\"primaryImageOfPage\":{\"@id\":\"https:\\\/\\\/interamerica.org\\\/fr\\\/2015\\\/04\\\/plus-dun-million-de-nouveaux-membres-se-joignent-a-leglise-alors-que-linitiative-quinquennale-de-linter-amerique-touche-a-sa-fin\\\/#primaryimage\"},\"image\":{\"@id\":\"https:\\\/\\\/interamerica.org\\\/fr\\\/2015\\\/04\\\/plus-dun-million-de-nouveaux-membres-se-joignent-a-leglise-alors-que-linitiative-quinquennale-de-linter-amerique-touche-a-sa-fin\\\/#primaryimage\"},\"thumbnailUrl\":\"https:\\\/\\\/interamerica.org\\\/wp-content\\\/uploads\\\/2017\\\/06\\\/VOM-baptized300.png\",\"datePublished\":\"2015-04-06T04:00:00+00:00\",\"author\":{\"@id\":\"https:\\\/\\\/interamerica.org\\\/fr\\\/#\\\/schema\\\/person\\\/68ede8bdc292885bb76c1e3810e73c39\"},\"breadcrumb\":{\"@id\":\"https:\\\/\\\/interamerica.org\\\/fr\\\/2015\\\/04\\\/plus-dun-million-de-nouveaux-membres-se-joignent-a-leglise-alors-que-linitiative-quinquennale-de-linter-amerique-touche-a-sa-fin\\\/#breadcrumb\"},\"inLanguage\":\"fr-FR\",\"potentialAction\":[{\"@type\":\"ReadAction\",\"target\":[\"https:\\\/\\\/interamerica.org\\\/fr\\\/2015\\\/04\\\/plus-dun-million-de-nouveaux-membres-se-joignent-a-leglise-alors-que-linitiative-quinquennale-de-linter-amerique-touche-a-sa-fin\\\/\"]}]},{\"@type\":\"ImageObject\",\"inLanguage\":\"fr-FR\",\"@id\":\"https:\\\/\\\/interamerica.org\\\/fr\\\/2015\\\/04\\\/plus-dun-million-de-nouveaux-membres-se-joignent-a-leglise-alors-que-linitiative-quinquennale-de-linter-amerique-touche-a-sa-fin\\\/#primaryimage\",\"url\":\"https:\\\/\\\/interamerica.org\\\/wp-content\\\/uploads\\\/2017\\\/06\\\/VOM-baptized300.png\",\"contentUrl\":\"https:\\\/\\\/interamerica.org\\\/wp-content\\\/uploads\\\/2017\\\/06\\\/VOM-baptized300.png\",\"width\":300,\"height\":202},{\"@type\":\"BreadcrumbList\",\"@id\":\"https:\\\/\\\/interamerica.org\\\/fr\\\/2015\\\/04\\\/plus-dun-million-de-nouveaux-membres-se-joignent-a-leglise-alors-que-linitiative-quinquennale-de-linter-amerique-touche-a-sa-fin\\\/#breadcrumb\",\"itemListElement\":[{\"@type\":\"ListItem\",\"position\":1,\"name\":\"Home\",\"item\":\"https:\\\/\\\/interamerica.org\\\/fr\\\/\"},{\"@type\":\"ListItem\",\"position\":2,\"name\":\"Plus d\u2019un million de nouveaux membres se joignent \u00e0 l\u2019\u00e9glise alors que l\u2019initiative quinquennale de l\u2019Inter Am\u00e9rique touche \u00e0 sa fin\"}]},{\"@type\":\"WebSite\",\"@id\":\"https:\\\/\\\/interamerica.org\\\/fr\\\/#website\",\"url\":\"https:\\\/\\\/interamerica.org\\\/fr\\\/\",\"name\":\"\u00c9glise Adventiste Du Septieme Jour - Inter Am\u00e9rique Division\",\"description\":\"\",\"potentialAction\":[{\"@type\":\"SearchAction\",\"target\":{\"@type\":\"EntryPoint\",\"urlTemplate\":\"https:\\\/\\\/interamerica.org\\\/fr\\\/?s={search_term_string}\"},\"query-input\":{\"@type\":\"PropertyValueSpecification\",\"valueRequired\":true,\"valueName\":\"search_term_string\"}}],\"inLanguage\":\"fr-FR\"},{\"@type\":\"Person\",\"@id\":\"https:\\\/\\\/interamerica.org\\\/fr\\\/#\\\/schema\\\/person\\\/68ede8bdc292885bb76c1e3810e73c39\",\"name\":\"Lorenzo Verduzco\",\"image\":{\"@type\":\"ImageObject\",\"inLanguage\":\"fr-FR\",\"@id\":\"https:\\\/\\\/secure.gravatar.com\\\/avatar\\\/fb81a55b6218459490a9c1dc841a34909185b81904c5337b4b27f7a6fd60c49e?s=96&d=mm&r=g\",\"url\":\"https:\\\/\\\/secure.gravatar.com\\\/avatar\\\/fb81a55b6218459490a9c1dc841a34909185b81904c5337b4b27f7a6fd60c49e?s=96&d=mm&r=g\",\"contentUrl\":\"https:\\\/\\\/secure.gravatar.com\\\/avatar\\\/fb81a55b6218459490a9c1dc841a34909185b81904c5337b4b27f7a6fd60c49e?s=96&d=mm&r=g\",\"caption\":\"Lorenzo Verduzco\"}}]}<\/script>\n<!-- \/ Yoast SEO plugin. -->","yoast_head_json":{"title":"Plus d\u2019un million de nouveaux membres se joignent \u00e0 l\u2019\u00e9glise alors que l\u2019initiative quinquennale de l\u2019Inter Am\u00e9rique touche \u00e0 sa fin - \u00c9glise Adventiste Du Septieme Jour - Inter Am\u00e9rique Division","robots":{"index":"index","follow":"follow","max-snippet":"max-snippet:-1","max-image-preview":"max-image-preview:large","max-video-preview":"max-video-preview:-1"},"canonical":"https:\/\/interamerica.org\/fr\/2015\/04\/plus-dun-million-de-nouveaux-membres-se-joignent-a-leglise-alors-que-linitiative-quinquennale-de-linter-amerique-touche-a-sa-fin\/","og_locale":"fr_FR","og_type":"article","og_title":"Plus d\u2019un million de nouveaux membres se joignent \u00e0 l\u2019\u00e9glise alors que l\u2019initiative quinquennale de l\u2019Inter Am\u00e9rique touche \u00e0 sa fin - \u00c9glise Adventiste Du Septieme Jour - Inter Am\u00e9rique Division","og_description":"L\u2019Eglise Adventiste du Septi\u00e8me Jour en Inter Am\u00e9rique a conclu pour l\u2019ensemble de son territoire, son initiative \u00e9vang\u00e9lique quinquennale baptis\u00e9e Vision Un Million, avec un programme de trois heures retransmis en direct par satellite depuis Port-of-Spain \u00e0 Trinidad, samedi soir.  Le programme repr\u00e9sentait couronnement de milliers de campagnes d\u2019\u00e9vang\u00e9lisation qui se sont d\u00e9roul\u00e9es au cours des trois derniers mois \u00e0 travers le territoire de la Division Inter Am\u00e9ricaine (DIA).","og_url":"https:\/\/interamerica.org\/fr\/2015\/04\/plus-dun-million-de-nouveaux-membres-se-joignent-a-leglise-alors-que-linitiative-quinquennale-de-linter-amerique-touche-a-sa-fin\/","og_site_name":"\u00c9glise Adventiste Du Septieme Jour - Inter Am\u00e9rique Division","article_published_time":"2015-04-06T04:00:00+00:00","og_image":[{"width":300,"height":202,"url":"https:\/\/interamerica.org\/wp-content\/uploads\/2017\/06\/VOM-baptized300.png","type":"image\/png"}],"author":"Lorenzo Verduzco","twitter_card":"summary_large_image","twitter_misc":{"\u00c9crit par":"Lorenzo Verduzco","Dur\u00e9e de lecture estim\u00e9e":"10 minutes"},"schema":{"@context":"https:\/\/schema.org","@graph":[{"@type":"Article","@id":"https:\/\/interamerica.org\/fr\/2015\/04\/plus-dun-million-de-nouveaux-membres-se-joignent-a-leglise-alors-que-linitiative-quinquennale-de-linter-amerique-touche-a-sa-fin\/#article","isPartOf":{"@id":"https:\/\/interamerica.org\/fr\/2015\/04\/plus-dun-million-de-nouveaux-membres-se-joignent-a-leglise-alors-que-linitiative-quinquennale-de-linter-amerique-touche-a-sa-fin\/"},"author":{"name":"Lorenzo Verduzco","@id":"https:\/\/interamerica.org\/fr\/#\/schema\/person\/68ede8bdc292885bb76c1e3810e73c39"},"headline":"Plus d\u2019un million de nouveaux membres se joignent \u00e0 l\u2019\u00e9glise alors que l\u2019initiative quinquennale de l\u2019Inter Am\u00e9rique touche \u00e0 sa fin","datePublished":"2015-04-06T04:00:00+00:00","mainEntityOfPage":{"@id":"https:\/\/interamerica.org\/fr\/2015\/04\/plus-dun-million-de-nouveaux-membres-se-joignent-a-leglise-alors-que-linitiative-quinquennale-de-linter-amerique-touche-a-sa-fin\/"},"wordCount":2058,"image":{"@id":"https:\/\/interamerica.org\/fr\/2015\/04\/plus-dun-million-de-nouveaux-membres-se-joignent-a-leglise-alors-que-linitiative-quinquennale-de-linter-amerique-touche-a-sa-fin\/#primaryimage"},"thumbnailUrl":"https:\/\/interamerica.org\/wp-content\/uploads\/2017\/06\/VOM-baptized300.png","articleSection":["Nouvelles du si\u00e8ge de la division","RSS Fran\u00e7ais"],"inLanguage":"fr-FR"},{"@type":"WebPage","@id":"https:\/\/interamerica.org\/fr\/2015\/04\/plus-dun-million-de-nouveaux-membres-se-joignent-a-leglise-alors-que-linitiative-quinquennale-de-linter-amerique-touche-a-sa-fin\/","url":"https:\/\/interamerica.org\/fr\/2015\/04\/plus-dun-million-de-nouveaux-membres-se-joignent-a-leglise-alors-que-linitiative-quinquennale-de-linter-amerique-touche-a-sa-fin\/","name":"Plus d\u2019un million de nouveaux membres se joignent \u00e0 l\u2019\u00e9glise alors que l\u2019initiative quinquennale de l\u2019Inter Am\u00e9rique touche \u00e0 sa fin - \u00c9glise Adventiste Du Septieme Jour - Inter Am\u00e9rique Division","isPartOf":{"@id":"https:\/\/interamerica.org\/fr\/#website"},"primaryImageOfPage":{"@id":"https:\/\/interamerica.org\/fr\/2015\/04\/plus-dun-million-de-nouveaux-membres-se-joignent-a-leglise-alors-que-linitiative-quinquennale-de-linter-amerique-touche-a-sa-fin\/#primaryimage"},"image":{"@id":"https:\/\/interamerica.org\/fr\/2015\/04\/plus-dun-million-de-nouveaux-membres-se-joignent-a-leglise-alors-que-linitiative-quinquennale-de-linter-amerique-touche-a-sa-fin\/#primaryimage"},"thumbnailUrl":"https:\/\/interamerica.org\/wp-content\/uploads\/2017\/06\/VOM-baptized300.png","datePublished":"2015-04-06T04:00:00+00:00","author":{"@id":"https:\/\/interamerica.org\/fr\/#\/schema\/person\/68ede8bdc292885bb76c1e3810e73c39"},"breadcrumb":{"@id":"https:\/\/interamerica.org\/fr\/2015\/04\/plus-dun-million-de-nouveaux-membres-se-joignent-a-leglise-alors-que-linitiative-quinquennale-de-linter-amerique-touche-a-sa-fin\/#breadcrumb"},"inLanguage":"fr-FR","potentialAction":[{"@type":"ReadAction","target":["https:\/\/interamerica.org\/fr\/2015\/04\/plus-dun-million-de-nouveaux-membres-se-joignent-a-leglise-alors-que-linitiative-quinquennale-de-linter-amerique-touche-a-sa-fin\/"]}]},{"@type":"ImageObject","inLanguage":"fr-FR","@id":"https:\/\/interamerica.org\/fr\/2015\/04\/plus-dun-million-de-nouveaux-membres-se-joignent-a-leglise-alors-que-linitiative-quinquennale-de-linter-amerique-touche-a-sa-fin\/#primaryimage","url":"https:\/\/interamerica.org\/wp-content\/uploads\/2017\/06\/VOM-baptized300.png","contentUrl":"https:\/\/interamerica.org\/wp-content\/uploads\/2017\/06\/VOM-baptized300.png","width":300,"height":202},{"@type":"BreadcrumbList","@id":"https:\/\/interamerica.org\/fr\/2015\/04\/plus-dun-million-de-nouveaux-membres-se-joignent-a-leglise-alors-que-linitiative-quinquennale-de-linter-amerique-touche-a-sa-fin\/#breadcrumb","itemListElement":[{"@type":"ListItem","position":1,"name":"Home","item":"https:\/\/interamerica.org\/fr\/"},{"@type":"ListItem","position":2,"name":"Plus d\u2019un million de nouveaux membres se joignent \u00e0 l\u2019\u00e9glise alors que l\u2019initiative quinquennale de l\u2019Inter Am\u00e9rique touche \u00e0 sa fin"}]},{"@type":"WebSite","@id":"https:\/\/interamerica.org\/fr\/#website","url":"https:\/\/interamerica.org\/fr\/","name":"\u00c9glise Adventiste Du Septieme Jour - Inter Am\u00e9rique Division","description":"","potentialAction":[{"@type":"SearchAction","target":{"@type":"EntryPoint","urlTemplate":"https:\/\/interamerica.org\/fr\/?s={search_term_string}"},"query-input":{"@type":"PropertyValueSpecification","valueRequired":true,"valueName":"search_term_string"}}],"inLanguage":"fr-FR"},{"@type":"Person","@id":"https:\/\/interamerica.org\/fr\/#\/schema\/person\/68ede8bdc292885bb76c1e3810e73c39","name":"Lorenzo Verduzco","image":{"@type":"ImageObject","inLanguage":"fr-FR","@id":"https:\/\/secure.gravatar.com\/avatar\/fb81a55b6218459490a9c1dc841a34909185b81904c5337b4b27f7a6fd60c49e?s=96&d=mm&r=g","url":"https:\/\/secure.gravatar.com\/avatar\/fb81a55b6218459490a9c1dc841a34909185b81904c5337b4b27f7a6fd60c49e?s=96&d=mm&r=g","contentUrl":"https:\/\/secure.gravatar.com\/avatar\/fb81a55b6218459490a9c1dc841a34909185b81904c5337b4b27f7a6fd60c49e?s=96&d=mm&r=g","caption":"Lorenzo Verduzco"}}]}},"_links":{"self":[{"href":"https:\/\/interamerica.org\/fr\/wp-json\/wp\/v2\/posts\/32226","targetHints":{"allow":["GET"]}}],"collection":[{"href":"https:\/\/interamerica.org\/fr\/wp-json\/wp\/v2\/posts"}],"about":[{"href":"https:\/\/interamerica.org\/fr\/wp-json\/wp\/v2\/types\/post"}],"author":[{"embeddable":true,"href":"https:\/\/interamerica.org\/fr\/wp-json\/wp\/v2\/users\/1"}],"replies":[{"embeddable":true,"href":"https:\/\/interamerica.org\/fr\/wp-json\/wp\/v2\/comments?post=32226"}],"version-history":[{"count":0,"href":"https:\/\/interamerica.org\/fr\/wp-json\/wp\/v2\/posts\/32226\/revisions"}],"wp:featuredmedia":[{"embeddable":true,"href":"https:\/\/interamerica.org\/fr\/wp-json\/wp\/v2\/media\/24919"}],"wp:attachment":[{"href":"https:\/\/interamerica.org\/fr\/wp-json\/wp\/v2\/media?parent=32226"}],"wp:term":[{"taxonomy":"category","embeddable":true,"href":"https:\/\/interamerica.org\/fr\/wp-json\/wp\/v2\/categories?post=32226"},{"taxonomy":"post_tag","embeddable":true,"href":"https:\/\/interamerica.org\/fr\/wp-json\/wp\/v2\/tags?post=32226"}],"curies":[{"name":"wp","href":"https:\/\/api.w.org\/{rel}","templated":true}]}}