{"id":32227,"date":"2015-04-07T00:00:00","date_gmt":"2015-04-07T04:00:00","guid":{"rendered":"http:\/\/192.81.217.108\/interamerica\/2015\/04\/premiere-rencontre-entre-le-president-de-leglise-adventiste-et-le-secretaire-general-des-nations-unies\/"},"modified":"2015-04-07T00:00:00","modified_gmt":"2015-04-07T04:00:00","slug":"premiere-rencontre-entre-le-president-de-leglise-adventiste-et-le-secretaire-general-des-nations-unies","status":"publish","type":"post","link":"https:\/\/interamerica.org\/fr\/2015\/04\/premiere-rencontre-entre-le-president-de-leglise-adventiste-et-le-secretaire-general-des-nations-unies\/","title":{"rendered":"Premi\u00e8re rencontre entre le pr\u00e9sident de l\u2019Eglise Adventiste et le secr\u00e9taire g\u00e9n\u00e9ral des Nations Unies"},"content":{"rendered":"<div id=\"attachment_16251\" style=\"width: 610px\" class=\"wp-caption aligncenter\"><a href=\"\/interamerica\/wp-content\/uploads\/2017\/06\/627787.11.jpg\" rel=\"fancybox\" title=\"Premi\u00e8re rencontre entre le pr\u00e9sident de l\u2019Eglise Adventiste et le secr\u00e9taire g\u00e9n\u00e9ral des Nations Unies\"><img fetchpriority=\"high\" decoding=\"async\" aria-describedby=\"caption-attachment-16251\" class=\"wp-image-16251 \" src=\"\/interamerica\/wp-content\/uploads\/2017\/06\/627787.11.jpg\" alt=\"\" width=\"600\" height=\"300\" \/><\/a><p id=\"caption-attachment-16251\" class=\"wp-caption-text\">Le secr\u00e9taire-g\u00e9n\u00e9ral des Nations Unies, Ban Ki Moon, pose avec le leader de l\u2019Eglise Adventiste, Ted N.C. Wilson, le lundi 6 avril 2015. Photo, Evan Schneider\/ONU<\/p><\/div>\n<p>7 Avril 2015 \u2013 New York City, Etats Unis- Andrew McChesney, r\u00e9dacteur Adventist Review<\/p>\n<p>Le Secr\u00e9taire G\u00e9n\u00e9ral de l\u2019ONU, Ban Ki Moon, a exprim\u00e9 ses pr\u00e9occupations \u00e0 propos de l\u2019augmentation de l\u2019intol\u00e9rance religieuse dans le monde lors d\u2019une rencontre priv\u00e9e avec le leader de l\u2019Eglise Adventiste, Ted N.C. Wilson ; il a \u00e9galement invit\u00e9 l\u2019Eglise Adventiste du Septi\u00e8me Jour \u00e0 \u0153uvrer avec les Nations Unies pour venir en aide aux habitants du monde.<\/p>\n<p>Ted Wilson, le premier pr\u00e9sident de l\u2019Eglise Adventiste \u00e0 rencontrer un secr\u00e9taire g\u00e9n\u00e9ral des Nations Unies, a fait remarquer que l\u2019\u00e9glise soutient depuis longtemps la libert\u00e9 religieuse et a d\u00e9clar\u00e9 qu\u2019il \u00e9tait favorable \u00e0 une coop\u00e9ration avec l\u2019ONU dans le cadre d\u2019initiatives qui allaient dans le sens du minist\u00e8re du Christ en apportant aux gens une aide au niveau physique, mental, social et spirituel.<\/p>\n<p>Ganoune Diop, directeur adjoint du d\u00e9partement des affaires publiques et de la libert\u00e9 religieuse pour l\u2019Eglise Adventiste mondiale, a d\u00e9clar\u00e9 que son d\u00e9partement prenait au s\u00e9rieux les paroles de J\u00e9sus dans Matthieu 5 : 13-14 invitant \u00e0 \u00eatre le \u00ab sel de la terre \u00bb et la \u00ab lumi\u00e8re du monde. \u00bb<\/p>\n<p>\u00ab Ses repr\u00e9sentants se m\u00ealent aux leaders politiques et religieux dans tous les pays sans perdre ou compromettre l\u2019identit\u00e9 Adventiste distinctive, \u00bb a dit Ganoune Diop qui a particip\u00e9 \u00e0 cette rencontre.<\/p>\n<p>Ban Ki Moon a rencontr\u00e9 Ted Wilson, Ganoune Diop et John Graz, le directeur du d\u00e9partement des affaires publiques et de la libert\u00e9 religieuse, \u00e0 12h10 lundi pour une rencontre de 45 minutes dans son bureau au si\u00e8ge des Nations Unies \u00e0 New York.<\/p>\n<p>La rencontre a \u00e9t\u00e9 rendue possible gr\u00e2ce \u00e0 l\u2019implication personnelle de l\u2019Ambassadeur Joseph Verner Reed, doyen des sous-secr\u00e9taires g\u00e9n\u00e9raux des Nations Unies et ami des Adventistes du Septi\u00e8me Jour, qui a correspondu r\u00e9guli\u00e8rement avec Ganoune Diop pour que le projet devienne r\u00e9alit\u00e9, a indiqu\u00e9 Ganoune Diop.<\/p>\n<p>\u00ab Cela a \u00e9t\u00e9 un v\u00e9ritable privil\u00e8ge de rencontrer le secr\u00e9taire g\u00e9n\u00e9ral et d\u2019entendre son appel \u00e0 l\u2019aide pour l\u2019humanit\u00e9, \u00bb a dit Ted Wilson \u00e0 Adventist Review.<\/p>\n<p>\u00ab Les Adventistes du septi\u00e8me Jour devraient \u00eatre pr\u00eats \u00e0 t\u00e9moigner pour le Seigneur partout o\u00f9 nous allons, et \u00e0 t\u00e9moigner des b\u00e9n\u00e9dictions de Dieu dans nos vies et de ce que nous pouvons faire en Son nom, \u00bb a t-il dit. \u00ab Le monde attend ce genre de t\u00e9moignage que le ciel nous inspire avec des r\u00e9ponses claires aux probl\u00e8mes d\u2019aujourd\u2019hui. \u00bb<\/p>\n<p>Ban Ki Moon a parl\u00e9 des probl\u00e8mes mondiaux tels que la pauvret\u00e9 et le manque d\u2019\u00e9ducation avant d\u2019exprimer ses pr\u00e9occupations au sujet de l\u2019intol\u00e9rance religieuse qui atteint des niveaux sans pr\u00e9c\u00e9dent dans le monde. La semaine derni\u00e8re par exemple, un groupe de militants islamistes a tu\u00e9 148 personnes dans une attaque men\u00e9e contre les Chr\u00e9tiens dans une universit\u00e9 au Kenya. L\u2019Etats Islamique et d\u2019autres organisations extr\u00e9mistes en Irak, en Syrie, au Nigeria, en Lybie et ailleurs ont \u00e9galement pris pour cible les Chr\u00e9tiens et d\u2019autres groupes religieux avec une violence souvent mortelle au cours des derniers mois.<\/p>\n<p>Ban Ki Moon a soulign\u00e9 sa croyance selon laquelle les gens devraient cultiver le respect pour les autres, y compris ceux qui appartiennent \u00e0 une autre religion. Il a dit qu\u2019il appr\u00e9ciait le travail r\u00e9alis\u00e9 par l\u2019Eglise Adventiste dans la promotion de la libert\u00e9 religieuse, dans l\u2019\u00e9ducation, la sant\u00e9 et l\u2019aide humanitaire par le biais de l\u2019Agence Adventiste de D\u00e9veloppement et d\u2019Aide Humanitaire. ADRA travaille avec les Nations Unies pour apporter de l\u2019aide aux r\u00e9fugi\u00e9s au Moyen Orient et ailleurs.<\/p>\n<p>Ted Wilson a remerci\u00e9 Ban Ki Moon pour la rencontre et a parl\u00e9 des diverses initiatives de l\u2019\u00e9glise qui cadrent avec la mission de l\u2019Organisation des Nations Unies qui est de venir en aide aux populations.<\/p>\n<p>\u00ab Nous avons eu une excellente rencontre avec le secr\u00e9taire g\u00e9n\u00e9ral et quelques membres de son personnel, partageant avec eux des informations sur les activit\u00e9s de l\u2019Eglise Adventiste, \u00bb a dit Ted Wilson. \u00ab Nous avons mis l\u2019accent sur certaines choses pour lesquelles l\u2019Eglise Adventiste peut apporter son aide, telles que la libert\u00e9 religieuse, la libert\u00e9 de conscience, les valeurs \u00e9thiques et spirituelles, le respect de la dignit\u00e9 humaine, la famille, l\u2019encouragement apport\u00e9 aux jeunes et les besoins humains fondamentaux comme l\u2019eau potable et l\u2019\u00e9ducation de base. \u00bb<\/p>\n<p>Pasteur Wilson a ajout\u00e9 : \u00ab Ce n\u2019est qu\u2019en \u00e9tant guid\u00e9s par le Seigneur que nous pouvons \u00eatre r\u00e9ellement efficaces dans notre d\u00e9marche missionnaire dans le monde, nous sommes appel\u00e9s \u00e0 pr\u00e9parer nos semblables pour la prochaine venue du Christ en accomplissant le minist\u00e8re pratique de J\u00e9sus par la puissance du Saint Esprit. \u00bb<\/p>\n<p>Un peu plus t\u00f4t lundi, Ban Ki Moon a eu des entretiens avec le pr\u00e9sident tanzanien Jakaya Kikwete, que Ted Wilson avait rencontr\u00e9 lors d\u2019une visite dans ce pays d\u2019Afrique de l\u2019Est au mois de f\u00e9vrier.<\/p>\n<p>Lors de la rencontre avec Ted Wilson, John Graz a donn\u00e9 un bref rapport sur les principaux congr\u00e8s organis\u00e9s par l\u2019Association Internationale pour la Libert\u00e9 Religieuse, une entit\u00e9 affili\u00e9e \u00e0 l\u2019\u00e9glise et qui promeut la libert\u00e9 religieuse et le soutien appuy\u00e9 apport\u00e9 par l\u2019\u00e9glise \u00e0 l\u2019Article18 de la D\u00e9claration des Droits de l\u2019Homme qui d\u00e9clare que toute personne a le droit \u00ab de changer de religion ou de croyance. \u00bb<\/p>\n<p>John Graz, secr\u00e9taire g\u00e9n\u00e9ral de l\u2019Association International pour la Libert\u00e9 Religieuse, a dit avoir \u00e9t\u00e9 encourag\u00e9 en voyant la pr\u00e9occupation qu\u2019avait Ban Ki Moon au sujet de l\u2019intol\u00e9rance religieuse et son d\u00e9sir de voir des personnes de bonne volont\u00e9 travailler ensemble pour amener justice et libert\u00e9.<\/p>\n<p>\u00ab C\u2019\u00e9tait une rencontre historique entre le secr\u00e9taire-g\u00e9n\u00e9ral des Nations Unies et le pr\u00e9sident de l\u2019Eglise Adventiste du Septi\u00e8me Jour au sujet de l\u2019\u00e9tat du monde et de la mani\u00e8re dont nous pouvons aider les gens \u00e0 vivre dans des environnements tr\u00e8s difficiles, \u00bb a dit John Graz.<\/p>\n<p>\u00ab En tant que disciples de J\u00e9sus, nous voulons aider les autres, surtout ceux dont on n\u2019entend pas la voix, ceux qui sont l\u2019objet de discrimination et sont pers\u00e9cut\u00e9s, \u00bb a t-il dit. \u00ab De cette fa\u00e7on, nous partageons les valeurs essentielles des Nations Unies. \u00bb<\/p>\n<p>Ganoune Diop a \u00e9galement entrevu diverses fa\u00e7ons \u00e0 travers lesquelles l\u2019\u00e9glise et l\u2019ONU pourraient coop\u00e9rer, notamment dans l\u2019\u00e9radication de la pauvret\u00e9 et la promotion de l\u2019\u00e9ducation et de la sant\u00e9.<\/p>\n<p>\u00ab Le catalogue impressionnant que l\u2019Eglise Adventiste du Septi\u00e8me Jour a mis en place pour servir la famille humaine r\u00e9sonne remarquablement avec Les Objectifs du Mill\u00e9naire pour le D\u00e9veloppement et les Objectifs de D\u00e9veloppement Durable des Nations Unies, \u00bb a t-il indiqu\u00e9 dans une d\u00e9claration.<\/p>\n<p>Traduction: Patrick Luciathe<\/p>\n","protected":false},"excerpt":{"rendered":"<p>Le Secr\u00e9taire G\u00e9n\u00e9ral de l\u2019ONU, Ban Ki Moon, a exprim\u00e9 ses pr\u00e9occupations \u00e0 propos de l\u2019augmentation de l\u2019intol\u00e9rance religieuse dans le monde lors d\u2019une rencontre priv\u00e9e avec le leader de l\u2019Eglise Adventiste, Ted N.C. Wilson ; il a \u00e9galement invit\u00e9 l\u2019Eglise Adventiste du Septi\u00e8me Jour \u00e0 \u0153uvrer avec les Nations Unies pour venir en aide aux habitants du monde.  <\/p>\n<p>Ted Wilson, le premier pr\u00e9sident de l\u2019Eglise Adventiste \u00e0 rencontrer un secr\u00e9taire g\u00e9n\u00e9ral des Nations Unies, a fait remarquer que l\u2019\u00e9glise soutient depuis longtemps la libert\u00e9 religieuse et a d\u00e9clar\u00e9 qu\u2019il \u00e9tait favorable \u00e0 une coop\u00e9ration avec l\u2019ONU dans le cadre d\u2019initiatives qui allaient dans le sens du minist\u00e8re du Christ en apportant aux gens une aide au niveau physique, mental, social et spirituel.<\/p>\n","protected":false},"author":1,"featured_media":24953,"comment_status":"closed","ping_status":"closed","sticky":false,"template":"","format":"standard","meta":{"_acf_changed":false,"footnotes":""},"categories":[18,19],"tags":[],"class_list":["post-32227","post","type-post","status-publish","format-standard","has-post-thumbnail","hentry","category-nouvelles-de-leglise-mondiale","category-rss-francais"],"acf":[],"yoast_head":"<!-- This site is optimized with the Yoast SEO plugin v27.3 - https:\/\/yoast.com\/product\/yoast-seo-wordpress\/ -->\n<title>Premi\u00e8re rencontre entre le pr\u00e9sident de l\u2019Eglise Adventiste et le secr\u00e9taire g\u00e9n\u00e9ral des Nations Unies - \u00c9glise Adventiste Du Septieme Jour - Inter Am\u00e9rique Division<\/title>\n<meta name=\"robots\" content=\"index, follow, max-snippet:-1, max-image-preview:large, max-video-preview:-1\" \/>\n<link rel=\"canonical\" href=\"https:\/\/interamerica.org\/fr\/2015\/04\/premiere-rencontre-entre-le-president-de-leglise-adventiste-et-le-secretaire-general-des-nations-unies\/\" \/>\n<meta property=\"og:locale\" content=\"fr_FR\" \/>\n<meta property=\"og:type\" content=\"article\" \/>\n<meta property=\"og:title\" content=\"Premi\u00e8re rencontre entre le pr\u00e9sident de l\u2019Eglise Adventiste et le secr\u00e9taire g\u00e9n\u00e9ral des Nations Unies - \u00c9glise Adventiste Du Septieme Jour - Inter Am\u00e9rique Division\" \/>\n<meta property=\"og:description\" content=\"Le Secr\u00e9taire G\u00e9n\u00e9ral de l\u2019ONU, Ban Ki Moon, a exprim\u00e9 ses pr\u00e9occupations \u00e0 propos de l\u2019augmentation de l\u2019intol\u00e9rance religieuse dans le monde lors d\u2019une rencontre priv\u00e9e avec le leader de l\u2019Eglise Adventiste, Ted N.C. Wilson ; il a \u00e9galement invit\u00e9 l\u2019Eglise Adventiste du Septi\u00e8me Jour \u00e0 \u0153uvrer avec les Nations Unies pour venir en aide aux habitants du monde.  Ted Wilson, le premier pr\u00e9sident de l\u2019Eglise Adventiste \u00e0 rencontrer un secr\u00e9taire g\u00e9n\u00e9ral des Nations Unies, a fait remarquer que l\u2019\u00e9glise soutient depuis longtemps la libert\u00e9 religieuse et a d\u00e9clar\u00e9 qu\u2019il \u00e9tait favorable \u00e0 une coop\u00e9ration avec l\u2019ONU dans le cadre d\u2019initiatives qui allaient dans le sens du minist\u00e8re du Christ en apportant aux gens une aide au niveau physique, mental, social et spirituel.\" \/>\n<meta property=\"og:url\" content=\"https:\/\/interamerica.org\/fr\/2015\/04\/premiere-rencontre-entre-le-president-de-leglise-adventiste-et-le-secretaire-general-des-nations-unies\/\" \/>\n<meta property=\"og:site_name\" content=\"\u00c9glise Adventiste Du Septieme Jour - Inter Am\u00e9rique Division\" \/>\n<meta property=\"article:published_time\" content=\"2015-04-07T04:00:00+00:00\" \/>\n<meta property=\"og:image\" content=\"https:\/\/interamerica.org\/wp-content\/uploads\/2017\/06\/627787.11.jpg\" \/>\n\t<meta property=\"og:image:width\" content=\"1000\" \/>\n\t<meta property=\"og:image:height\" content=\"500\" \/>\n\t<meta property=\"og:image:type\" content=\"image\/jpeg\" \/>\n<meta name=\"author\" content=\"Lorenzo Verduzco\" \/>\n<meta name=\"twitter:card\" content=\"summary_large_image\" \/>\n<meta name=\"twitter:label1\" content=\"\u00c9crit par\" \/>\n\t<meta name=\"twitter:data1\" content=\"Lorenzo Verduzco\" \/>\n\t<meta name=\"twitter:label2\" content=\"Dur\u00e9e de lecture estim\u00e9e\" \/>\n\t<meta name=\"twitter:data2\" content=\"6 minutes\" \/>\n<script type=\"application\/ld+json\" class=\"yoast-schema-graph\">{\"@context\":\"https:\\\/\\\/schema.org\",\"@graph\":[{\"@type\":\"Article\",\"@id\":\"https:\\\/\\\/interamerica.org\\\/fr\\\/2015\\\/04\\\/premiere-rencontre-entre-le-president-de-leglise-adventiste-et-le-secretaire-general-des-nations-unies\\\/#article\",\"isPartOf\":{\"@id\":\"https:\\\/\\\/interamerica.org\\\/fr\\\/2015\\\/04\\\/premiere-rencontre-entre-le-president-de-leglise-adventiste-et-le-secretaire-general-des-nations-unies\\\/\"},\"author\":{\"name\":\"Lorenzo Verduzco\",\"@id\":\"https:\\\/\\\/interamerica.org\\\/fr\\\/#\\\/schema\\\/person\\\/68ede8bdc292885bb76c1e3810e73c39\"},\"headline\":\"Premi\u00e8re rencontre entre le pr\u00e9sident de l\u2019Eglise Adventiste et le secr\u00e9taire g\u00e9n\u00e9ral des Nations Unies\",\"datePublished\":\"2015-04-07T04:00:00+00:00\",\"mainEntityOfPage\":{\"@id\":\"https:\\\/\\\/interamerica.org\\\/fr\\\/2015\\\/04\\\/premiere-rencontre-entre-le-president-de-leglise-adventiste-et-le-secretaire-general-des-nations-unies\\\/\"},\"wordCount\":1254,\"image\":{\"@id\":\"https:\\\/\\\/interamerica.org\\\/fr\\\/2015\\\/04\\\/premiere-rencontre-entre-le-president-de-leglise-adventiste-et-le-secretaire-general-des-nations-unies\\\/#primaryimage\"},\"thumbnailUrl\":\"https:\\\/\\\/interamerica.org\\\/wp-content\\\/uploads\\\/2017\\\/06\\\/627787.11.jpg\",\"articleSection\":[\"Nouvelles de l'\u00c9glise mondiale\",\"RSS Fran\u00e7ais\"],\"inLanguage\":\"fr-FR\"},{\"@type\":\"WebPage\",\"@id\":\"https:\\\/\\\/interamerica.org\\\/fr\\\/2015\\\/04\\\/premiere-rencontre-entre-le-president-de-leglise-adventiste-et-le-secretaire-general-des-nations-unies\\\/\",\"url\":\"https:\\\/\\\/interamerica.org\\\/fr\\\/2015\\\/04\\\/premiere-rencontre-entre-le-president-de-leglise-adventiste-et-le-secretaire-general-des-nations-unies\\\/\",\"name\":\"Premi\u00e8re rencontre entre le pr\u00e9sident de l\u2019Eglise Adventiste et le secr\u00e9taire g\u00e9n\u00e9ral des Nations Unies - \u00c9glise Adventiste Du Septieme Jour - Inter Am\u00e9rique Division\",\"isPartOf\":{\"@id\":\"https:\\\/\\\/interamerica.org\\\/fr\\\/#website\"},\"primaryImageOfPage\":{\"@id\":\"https:\\\/\\\/interamerica.org\\\/fr\\\/2015\\\/04\\\/premiere-rencontre-entre-le-president-de-leglise-adventiste-et-le-secretaire-general-des-nations-unies\\\/#primaryimage\"},\"image\":{\"@id\":\"https:\\\/\\\/interamerica.org\\\/fr\\\/2015\\\/04\\\/premiere-rencontre-entre-le-president-de-leglise-adventiste-et-le-secretaire-general-des-nations-unies\\\/#primaryimage\"},\"thumbnailUrl\":\"https:\\\/\\\/interamerica.org\\\/wp-content\\\/uploads\\\/2017\\\/06\\\/627787.11.jpg\",\"datePublished\":\"2015-04-07T04:00:00+00:00\",\"author\":{\"@id\":\"https:\\\/\\\/interamerica.org\\\/fr\\\/#\\\/schema\\\/person\\\/68ede8bdc292885bb76c1e3810e73c39\"},\"breadcrumb\":{\"@id\":\"https:\\\/\\\/interamerica.org\\\/fr\\\/2015\\\/04\\\/premiere-rencontre-entre-le-president-de-leglise-adventiste-et-le-secretaire-general-des-nations-unies\\\/#breadcrumb\"},\"inLanguage\":\"fr-FR\",\"potentialAction\":[{\"@type\":\"ReadAction\",\"target\":[\"https:\\\/\\\/interamerica.org\\\/fr\\\/2015\\\/04\\\/premiere-rencontre-entre-le-president-de-leglise-adventiste-et-le-secretaire-general-des-nations-unies\\\/\"]}]},{\"@type\":\"ImageObject\",\"inLanguage\":\"fr-FR\",\"@id\":\"https:\\\/\\\/interamerica.org\\\/fr\\\/2015\\\/04\\\/premiere-rencontre-entre-le-president-de-leglise-adventiste-et-le-secretaire-general-des-nations-unies\\\/#primaryimage\",\"url\":\"https:\\\/\\\/interamerica.org\\\/wp-content\\\/uploads\\\/2017\\\/06\\\/627787.11.jpg\",\"contentUrl\":\"https:\\\/\\\/interamerica.org\\\/wp-content\\\/uploads\\\/2017\\\/06\\\/627787.11.jpg\",\"width\":1000,\"height\":500},{\"@type\":\"BreadcrumbList\",\"@id\":\"https:\\\/\\\/interamerica.org\\\/fr\\\/2015\\\/04\\\/premiere-rencontre-entre-le-president-de-leglise-adventiste-et-le-secretaire-general-des-nations-unies\\\/#breadcrumb\",\"itemListElement\":[{\"@type\":\"ListItem\",\"position\":1,\"name\":\"Home\",\"item\":\"https:\\\/\\\/interamerica.org\\\/fr\\\/\"},{\"@type\":\"ListItem\",\"position\":2,\"name\":\"Premi\u00e8re rencontre entre le pr\u00e9sident de l\u2019Eglise Adventiste et le secr\u00e9taire g\u00e9n\u00e9ral des Nations Unies\"}]},{\"@type\":\"WebSite\",\"@id\":\"https:\\\/\\\/interamerica.org\\\/fr\\\/#website\",\"url\":\"https:\\\/\\\/interamerica.org\\\/fr\\\/\",\"name\":\"\u00c9glise Adventiste Du Septieme Jour - Inter Am\u00e9rique Division\",\"description\":\"\",\"potentialAction\":[{\"@type\":\"SearchAction\",\"target\":{\"@type\":\"EntryPoint\",\"urlTemplate\":\"https:\\\/\\\/interamerica.org\\\/fr\\\/?s={search_term_string}\"},\"query-input\":{\"@type\":\"PropertyValueSpecification\",\"valueRequired\":true,\"valueName\":\"search_term_string\"}}],\"inLanguage\":\"fr-FR\"},{\"@type\":\"Person\",\"@id\":\"https:\\\/\\\/interamerica.org\\\/fr\\\/#\\\/schema\\\/person\\\/68ede8bdc292885bb76c1e3810e73c39\",\"name\":\"Lorenzo Verduzco\",\"image\":{\"@type\":\"ImageObject\",\"inLanguage\":\"fr-FR\",\"@id\":\"https:\\\/\\\/secure.gravatar.com\\\/avatar\\\/fb81a55b6218459490a9c1dc841a34909185b81904c5337b4b27f7a6fd60c49e?s=96&d=mm&r=g\",\"url\":\"https:\\\/\\\/secure.gravatar.com\\\/avatar\\\/fb81a55b6218459490a9c1dc841a34909185b81904c5337b4b27f7a6fd60c49e?s=96&d=mm&r=g\",\"contentUrl\":\"https:\\\/\\\/secure.gravatar.com\\\/avatar\\\/fb81a55b6218459490a9c1dc841a34909185b81904c5337b4b27f7a6fd60c49e?s=96&d=mm&r=g\",\"caption\":\"Lorenzo Verduzco\"}}]}<\/script>\n<!-- \/ Yoast SEO plugin. -->","yoast_head_json":{"title":"Premi\u00e8re rencontre entre le pr\u00e9sident de l\u2019Eglise Adventiste et le secr\u00e9taire g\u00e9n\u00e9ral des Nations Unies - \u00c9glise Adventiste Du Septieme Jour - Inter Am\u00e9rique Division","robots":{"index":"index","follow":"follow","max-snippet":"max-snippet:-1","max-image-preview":"max-image-preview:large","max-video-preview":"max-video-preview:-1"},"canonical":"https:\/\/interamerica.org\/fr\/2015\/04\/premiere-rencontre-entre-le-president-de-leglise-adventiste-et-le-secretaire-general-des-nations-unies\/","og_locale":"fr_FR","og_type":"article","og_title":"Premi\u00e8re rencontre entre le pr\u00e9sident de l\u2019Eglise Adventiste et le secr\u00e9taire g\u00e9n\u00e9ral des Nations Unies - \u00c9glise Adventiste Du Septieme Jour - Inter Am\u00e9rique Division","og_description":"Le Secr\u00e9taire G\u00e9n\u00e9ral de l\u2019ONU, Ban Ki Moon, a exprim\u00e9 ses pr\u00e9occupations \u00e0 propos de l\u2019augmentation de l\u2019intol\u00e9rance religieuse dans le monde lors d\u2019une rencontre priv\u00e9e avec le leader de l\u2019Eglise Adventiste, Ted N.C. Wilson ; il a \u00e9galement invit\u00e9 l\u2019Eglise Adventiste du Septi\u00e8me Jour \u00e0 \u0153uvrer avec les Nations Unies pour venir en aide aux habitants du monde.  Ted Wilson, le premier pr\u00e9sident de l\u2019Eglise Adventiste \u00e0 rencontrer un secr\u00e9taire g\u00e9n\u00e9ral des Nations Unies, a fait remarquer que l\u2019\u00e9glise soutient depuis longtemps la libert\u00e9 religieuse et a d\u00e9clar\u00e9 qu\u2019il \u00e9tait favorable \u00e0 une coop\u00e9ration avec l\u2019ONU dans le cadre d\u2019initiatives qui allaient dans le sens du minist\u00e8re du Christ en apportant aux gens une aide au niveau physique, mental, social et spirituel.","og_url":"https:\/\/interamerica.org\/fr\/2015\/04\/premiere-rencontre-entre-le-president-de-leglise-adventiste-et-le-secretaire-general-des-nations-unies\/","og_site_name":"\u00c9glise Adventiste Du Septieme Jour - Inter Am\u00e9rique Division","article_published_time":"2015-04-07T04:00:00+00:00","og_image":[{"width":1000,"height":500,"url":"https:\/\/interamerica.org\/wp-content\/uploads\/2017\/06\/627787.11.jpg","type":"image\/jpeg"}],"author":"Lorenzo Verduzco","twitter_card":"summary_large_image","twitter_misc":{"\u00c9crit par":"Lorenzo Verduzco","Dur\u00e9e de lecture estim\u00e9e":"6 minutes"},"schema":{"@context":"https:\/\/schema.org","@graph":[{"@type":"Article","@id":"https:\/\/interamerica.org\/fr\/2015\/04\/premiere-rencontre-entre-le-president-de-leglise-adventiste-et-le-secretaire-general-des-nations-unies\/#article","isPartOf":{"@id":"https:\/\/interamerica.org\/fr\/2015\/04\/premiere-rencontre-entre-le-president-de-leglise-adventiste-et-le-secretaire-general-des-nations-unies\/"},"author":{"name":"Lorenzo Verduzco","@id":"https:\/\/interamerica.org\/fr\/#\/schema\/person\/68ede8bdc292885bb76c1e3810e73c39"},"headline":"Premi\u00e8re rencontre entre le pr\u00e9sident de l\u2019Eglise Adventiste et le secr\u00e9taire g\u00e9n\u00e9ral des Nations Unies","datePublished":"2015-04-07T04:00:00+00:00","mainEntityOfPage":{"@id":"https:\/\/interamerica.org\/fr\/2015\/04\/premiere-rencontre-entre-le-president-de-leglise-adventiste-et-le-secretaire-general-des-nations-unies\/"},"wordCount":1254,"image":{"@id":"https:\/\/interamerica.org\/fr\/2015\/04\/premiere-rencontre-entre-le-president-de-leglise-adventiste-et-le-secretaire-general-des-nations-unies\/#primaryimage"},"thumbnailUrl":"https:\/\/interamerica.org\/wp-content\/uploads\/2017\/06\/627787.11.jpg","articleSection":["Nouvelles de l'\u00c9glise mondiale","RSS Fran\u00e7ais"],"inLanguage":"fr-FR"},{"@type":"WebPage","@id":"https:\/\/interamerica.org\/fr\/2015\/04\/premiere-rencontre-entre-le-president-de-leglise-adventiste-et-le-secretaire-general-des-nations-unies\/","url":"https:\/\/interamerica.org\/fr\/2015\/04\/premiere-rencontre-entre-le-president-de-leglise-adventiste-et-le-secretaire-general-des-nations-unies\/","name":"Premi\u00e8re rencontre entre le pr\u00e9sident de l\u2019Eglise Adventiste et le secr\u00e9taire g\u00e9n\u00e9ral des Nations Unies - \u00c9glise Adventiste Du Septieme Jour - Inter Am\u00e9rique Division","isPartOf":{"@id":"https:\/\/interamerica.org\/fr\/#website"},"primaryImageOfPage":{"@id":"https:\/\/interamerica.org\/fr\/2015\/04\/premiere-rencontre-entre-le-president-de-leglise-adventiste-et-le-secretaire-general-des-nations-unies\/#primaryimage"},"image":{"@id":"https:\/\/interamerica.org\/fr\/2015\/04\/premiere-rencontre-entre-le-president-de-leglise-adventiste-et-le-secretaire-general-des-nations-unies\/#primaryimage"},"thumbnailUrl":"https:\/\/interamerica.org\/wp-content\/uploads\/2017\/06\/627787.11.jpg","datePublished":"2015-04-07T04:00:00+00:00","author":{"@id":"https:\/\/interamerica.org\/fr\/#\/schema\/person\/68ede8bdc292885bb76c1e3810e73c39"},"breadcrumb":{"@id":"https:\/\/interamerica.org\/fr\/2015\/04\/premiere-rencontre-entre-le-president-de-leglise-adventiste-et-le-secretaire-general-des-nations-unies\/#breadcrumb"},"inLanguage":"fr-FR","potentialAction":[{"@type":"ReadAction","target":["https:\/\/interamerica.org\/fr\/2015\/04\/premiere-rencontre-entre-le-president-de-leglise-adventiste-et-le-secretaire-general-des-nations-unies\/"]}]},{"@type":"ImageObject","inLanguage":"fr-FR","@id":"https:\/\/interamerica.org\/fr\/2015\/04\/premiere-rencontre-entre-le-president-de-leglise-adventiste-et-le-secretaire-general-des-nations-unies\/#primaryimage","url":"https:\/\/interamerica.org\/wp-content\/uploads\/2017\/06\/627787.11.jpg","contentUrl":"https:\/\/interamerica.org\/wp-content\/uploads\/2017\/06\/627787.11.jpg","width":1000,"height":500},{"@type":"BreadcrumbList","@id":"https:\/\/interamerica.org\/fr\/2015\/04\/premiere-rencontre-entre-le-president-de-leglise-adventiste-et-le-secretaire-general-des-nations-unies\/#breadcrumb","itemListElement":[{"@type":"ListItem","position":1,"name":"Home","item":"https:\/\/interamerica.org\/fr\/"},{"@type":"ListItem","position":2,"name":"Premi\u00e8re rencontre entre le pr\u00e9sident de l\u2019Eglise Adventiste et le secr\u00e9taire g\u00e9n\u00e9ral des Nations Unies"}]},{"@type":"WebSite","@id":"https:\/\/interamerica.org\/fr\/#website","url":"https:\/\/interamerica.org\/fr\/","name":"\u00c9glise Adventiste Du Septieme Jour - Inter Am\u00e9rique Division","description":"","potentialAction":[{"@type":"SearchAction","target":{"@type":"EntryPoint","urlTemplate":"https:\/\/interamerica.org\/fr\/?s={search_term_string}"},"query-input":{"@type":"PropertyValueSpecification","valueRequired":true,"valueName":"search_term_string"}}],"inLanguage":"fr-FR"},{"@type":"Person","@id":"https:\/\/interamerica.org\/fr\/#\/schema\/person\/68ede8bdc292885bb76c1e3810e73c39","name":"Lorenzo Verduzco","image":{"@type":"ImageObject","inLanguage":"fr-FR","@id":"https:\/\/secure.gravatar.com\/avatar\/fb81a55b6218459490a9c1dc841a34909185b81904c5337b4b27f7a6fd60c49e?s=96&d=mm&r=g","url":"https:\/\/secure.gravatar.com\/avatar\/fb81a55b6218459490a9c1dc841a34909185b81904c5337b4b27f7a6fd60c49e?s=96&d=mm&r=g","contentUrl":"https:\/\/secure.gravatar.com\/avatar\/fb81a55b6218459490a9c1dc841a34909185b81904c5337b4b27f7a6fd60c49e?s=96&d=mm&r=g","caption":"Lorenzo Verduzco"}}]}},"_links":{"self":[{"href":"https:\/\/interamerica.org\/fr\/wp-json\/wp\/v2\/posts\/32227","targetHints":{"allow":["GET"]}}],"collection":[{"href":"https:\/\/interamerica.org\/fr\/wp-json\/wp\/v2\/posts"}],"about":[{"href":"https:\/\/interamerica.org\/fr\/wp-json\/wp\/v2\/types\/post"}],"author":[{"embeddable":true,"href":"https:\/\/interamerica.org\/fr\/wp-json\/wp\/v2\/users\/1"}],"replies":[{"embeddable":true,"href":"https:\/\/interamerica.org\/fr\/wp-json\/wp\/v2\/comments?post=32227"}],"version-history":[{"count":0,"href":"https:\/\/interamerica.org\/fr\/wp-json\/wp\/v2\/posts\/32227\/revisions"}],"wp:featuredmedia":[{"embeddable":true,"href":"https:\/\/interamerica.org\/fr\/wp-json\/wp\/v2\/media\/24953"}],"wp:attachment":[{"href":"https:\/\/interamerica.org\/fr\/wp-json\/wp\/v2\/media?parent=32227"}],"wp:term":[{"taxonomy":"category","embeddable":true,"href":"https:\/\/interamerica.org\/fr\/wp-json\/wp\/v2\/categories?post=32227"},{"taxonomy":"post_tag","embeddable":true,"href":"https:\/\/interamerica.org\/fr\/wp-json\/wp\/v2\/tags?post=32227"}],"curies":[{"name":"wp","href":"https:\/\/api.w.org\/{rel}","templated":true}]}}