{"id":32228,"date":"2015-04-09T00:00:00","date_gmt":"2015-04-09T04:00:00","guid":{"rendered":"http:\/\/192.81.217.108\/interamerica\/2015\/04\/des-milliers-de-personnes-forment-des-files-dattente-pour-recevoir-des-soins-medicaux-gratuits-a-san-antonio\/"},"modified":"2015-04-09T00:00:00","modified_gmt":"2015-04-09T04:00:00","slug":"des-milliers-de-personnes-forment-des-files-dattente-pour-recevoir-des-soins-medicaux-gratuits-a-san-antonio","status":"publish","type":"post","link":"https:\/\/interamerica.org\/fr\/2015\/04\/des-milliers-de-personnes-forment-des-files-dattente-pour-recevoir-des-soins-medicaux-gratuits-a-san-antonio\/","title":{"rendered":"Des milliers de personnes forment des files d\u2019attente pour recevoir des soins m\u00e9dicaux gratuits \u00e0 San Antonio"},"content":{"rendered":"<div id=\"attachment_16270\" style=\"width: 710px\" class=\"wp-caption aligncenter\"><a href=\"\/interamerica\/wp-content\/uploads\/2017\/06\/16891757129_7043a5f4f2_k-1.jpg\" rel=\"fancybox\" title=\"Des milliers de personnes forment des files d\u2019attente pour recevoir des soins m\u00e9dicaux gratuits \u00e0 San Antonio\"><img fetchpriority=\"high\" decoding=\"async\" aria-describedby=\"caption-attachment-16270\" class=\" wp-image-16270 \" src=\"\/interamerica\/wp-content\/uploads\/2017\/06\/16891757129_7043a5f4f2_k-1.jpg\" alt=\"\" width=\"700\" height=\"350\" \/><\/a><p id=\"caption-attachment-16270\" class=\"wp-caption-text\">Des gens patientent dans des files d\u2019attente pour entrer dans l\u2019Alamodome de San Antonio au Texas afin de recevoir des soins m\u00e9dicaux gratuits le mercredi 8 avril. Image de James Bokovoy\/DNA<\/p><\/div>\n<p>8 Avril 2015 \u2013 San Antonio, Texas, Etats Unis \u2013 Andrew McChesney, r\u00e9dacteur Adventist Review.<\/p>\n<p>De nombreuses personnes ont form\u00e9 des files d\u2019attente pendant la nuit devant un stade de San Antonio afin de recevoir des soins m\u00e9dicaux et dentaires gratuits, d\u2019une valeur estim\u00e9e \u00e0 10 millions de dollars, que devraient offrir les professionnels de sant\u00e9 Adventistes du Septi\u00e8me Jour \u00e0 6000 personnes au cours des trois prochains jours.<\/p>\n<div id=\"attachment_16271\" style=\"width: 310px\" class=\"wp-caption alignleft\"><a href=\"\/interamerica\/wp-content\/uploads\/2017\/06\/16891757229_6d530141ec_k.jpg\" rel=\"fancybox\" title=\"Des milliers de personnes forment des files d\u2019attente pour recevoir des soins m\u00e9dicaux gratuits \u00e0 San Antonio\"><img decoding=\"async\" aria-describedby=\"caption-attachment-16271\" class=\"size-medium wp-image-16271\" src=\"\/interamerica\/wp-content\/uploads\/2017\/06\/16891757229_6d530141ec_k-300x199.jpg\" alt=\"\" width=\"300\" height=\"199\" \/><\/a><p id=\"caption-attachment-16271\" class=\"wp-caption-text\">Un patient recevant des soins dentaires.<\/p><\/div>\n<p>Quelques 2000 \u00e0 3000 personnes attendaient \u00e0 l\u2019ext\u00e9rieur de l\u2019Alamodome \u00e0 l\u2019ouverture des portes \u00e0 7h00 mercredi, a indiqu\u00e9 Daniel Weber, directeur de la communication pour la Division Nord Am\u00e9ricaine de l\u2019Eglise Adventiste, co-organisatrice de la manifestation.<\/p>\n<p>\u00ab J\u2019ai fait le tour de la file d\u2019attente \u00e0 7 heures moins 10, et elle encerclait le b\u00e2timent, et ce, pour les services dentaires uniquement, \u00bb a dit Daniel Weber.<\/p>\n<p>Deux files s\u2019\u00e9taient form\u00e9es : une pour les soins dentaires et l\u2019autres pour les services m\u00e9dicaux. Daniel Weber a indiqu\u00e9 que la ligne pour les soins dentaires \u00e9tait vraiment plus longue.<\/p>\n<p>Il y avait plus de 1700 b\u00e9n\u00e9voles qui travaillaient dans le stade, et ils avaient limit\u00e9 \u00e0 2000 le nombre de personnes qu\u2019ils seraient en mesure d\u2019examiner et de traiter mercredi, a expliqu\u00e9 Daniel Weber.<\/p>\n<p>Cette clinique gratuite organis\u00e9e au Texas est l\u2019une des plus importantes initiatives missionnaires communautaires organis\u00e9es par l\u2019Eglise Adventiste en 2015. Elle vise \u00e0 pr\u00e9senter les Adventistes aux r\u00e9sidents de San Antonio en anticipation d\u2019une importante rencontre administrative de l\u2019\u00e9glise, la session de la Conf\u00e9rence G\u00e9n\u00e9rale, qui sera organis\u00e9e dans le m\u00eame stade en juillet.<\/p>\n<p>Le programme du 8 au 10 avril a beaucoup fait parl\u00e9 dans la ville. Les m\u00e9dias locaux ont fait des reportages avec des titres comme \u00ab M\u00e9ga Clinique Sanitaire Gratuite organis\u00e9e \u00e0 l\u2019Alamodome \u00bb (la filiale locale de la chaine ABC) et aussi \u00ab D\u00e9but Mercredi de la Clinique M\u00e9dicale, Dentaire et Ophtalmologique Gratuite \u00bb (Chaine Fox 29).<\/p>\n<p>George Limon, un r\u00e9sident de San Antonio, s\u2019est plac\u00e9 dans la file d\u2019attente pour les soins dentaires mardi \u00e0 midi.<\/p>\n<div id=\"attachment_16273\" style=\"width: 310px\" class=\"wp-caption alignleft\"><a href=\"\/interamerica\/wp-content\/uploads\/2017\/06\/16890429490_2a613c683e_k.jpg\" rel=\"fancybox\" title=\"Des milliers de personnes forment des files d\u2019attente pour recevoir des soins m\u00e9dicaux gratuits \u00e0 San Antonio\"><img decoding=\"async\" aria-describedby=\"caption-attachment-16273\" class=\"size-medium wp-image-16273\" src=\"\/interamerica\/wp-content\/uploads\/2017\/06\/16890429490_2a613c683e_k-300x199.jpg\" alt=\"\" width=\"300\" height=\"199\" \/><\/a><p id=\"caption-attachment-16273\" class=\"wp-caption-text\">Les kin\u00e9sith\u00e9rapeutes travaillant sur les muscles.<\/p><\/div>\n<p>\u00ab En fait, je suis le troisi\u00e8me dans la ligne, \u00bb a dit George Limon \u00e0 la Chaine locale NBC News. Je l\u2019ai fait pour b\u00e9n\u00e9ficier de l\u2019opportunit\u00e9.<\/p>\n<p>Il a indiqu\u00e9 qu\u2019il \u00e9tait assur\u00e9 mais que son assurance ne couvrait pas les soins qu\u2019il avait besoin de recevoir.<\/p>\n<p>Mercredi, les dentistes ont offert toute une gamme de soins y compris des traitements radiculaires, des couronnes et des plombages. Les m\u00e9decins et les infirmiers ont propos\u00e9 des frottis, des soins p\u00e9diatriques, des vaccinations, des examens pour d\u00e9tecter des maladies sexuellement transmissibles, et m\u00eame de la chirurgie g\u00e9n\u00e9rale. Sur le site \u00e9taient \u00e9galement propos\u00e9s des coupes de cheveux, des services d\u2019aum\u00f4nerie, et des repas gratuits.<\/p>\n<p>Ces services &#8211; qui seront propos\u00e9s de 7h00 \u00e0 16h00 mercredi et jeudi, et de 7h00 \u00e0 14h00 vendredi \u2013 sont une mani\u00e8re de traiter les gens comme le Christ l\u2019a fait, a indiqu\u00e9 au journal le San Antonio Express News, Costin Jordache, porte-parole de Your Best Pathway to Health (Votre Meilleur Chemin Vers la Sant\u00e9), et co-organisateur du programme.<\/p>\n<div id=\"attachment_16272\" style=\"width: 310px\" class=\"wp-caption alignright\"><a href=\"\/interamerica\/wp-content\/uploads\/2017\/06\/16455532704_b40d472e18_k.jpg\" rel=\"fancybox\" title=\"Des milliers de personnes forment des files d\u2019attente pour recevoir des soins m\u00e9dicaux gratuits \u00e0 San Antonio\"><img loading=\"lazy\" decoding=\"async\" aria-describedby=\"caption-attachment-16272\" class=\"size-medium wp-image-16272\" src=\"\/interamerica\/wp-content\/uploads\/2017\/06\/16455532704_b40d472e18_k-300x199.jpg\" alt=\"\" width=\"300\" height=\"199\" \/><\/a><p id=\"caption-attachment-16272\" class=\"wp-caption-text\">Les gens dans la file d\u2019attente autour de l\u2019Alamodome mercredi.<\/p><\/div>\n<p>\u00ab Vraiment, il n\u2019existe pas de meilleure fa\u00e7on de le faire que d\u2019apporter son aide pour amener la gu\u00e9rison, \u00bb a dit Costin Jordache qui est aussi le porte-parole de la F\u00e9d\u00e9ration des Eglises Adventistes de la Californie Centrale.<\/p>\n<p>Your Best Pathway to Health, un service de l\u2019organisation des Adventistes La\u00efcs des Services et Industries, connu sous le sigle ASI, a organis\u00e9 une clinique inaugurale gratuite \u00e0 Oakland et \u00e0 San Francisco en avril 2014 ; celle-ci a connu un tel succ\u00e8s que les b\u00e9n\u00e9voles ont du refuser du monde. Ce programme de trois jours a permis d\u2019offrir \u00e0 environ 3000 personnes l\u2019\u00e9quivalent de 5,2 millions de dollars en soins m\u00e9dicaux gratuits.<\/p>\n<p>Jeffrey Hardesty, un obst\u00e9tricien et gyn\u00e9cologue de Californie qui offre ses services de mani\u00e8re b\u00e9n\u00e9vole \u00e0 San Antonio, a d\u00e9clar\u00e9 avoir r\u00e9alis\u00e9 que cette clinique gratuite r\u00e9pondait \u00e0 un \u00e9norme besoin.<\/p>\n<p>\u00ab Ces personnes ont besoin d\u2019aide, elle souffrent, et nous avons la possibilit\u00e9 de les aider, \u00bb a t-il dit \u00e0 NBC.<\/p>\n<p>Les r\u00e9sidents de San Antonio semblent appr\u00e9cier la clinique gratuite, l\u2019un d\u2019entre eux en a parl\u00e9 comme \u00e9tant une b\u00e9n\u00e9diction.<\/p>\n<p>\u00ab C\u2019est une vraie b\u00e9n\u00e9diction, et je remercie vraiment, vraiment Dieu pour cela, \u00bb a d\u00e9clar\u00e9 \u00e0 NBC Alicia Rocha qui a effectu\u00e9 une visite pr\u00e9-chirurgicale au stade en pr\u00e9vision de deux op\u00e9rations chirurgicales mardi. \u00ab C\u2019est vraiment magnifique ce que peut faire une organisation Chr\u00e9tienne et qu\u2019en fait ne peuvent faire ni le gouvernement ni les assurances.\u00bb<\/p>\n<p>Traduction: Patrick Luciathe<\/p>\n","protected":false},"excerpt":{"rendered":"<p>De nombreuses personnes ont form\u00e9 des files d\u2019attente pendant la nuit devant un stade de San Antonio afin de recevoir des soins m\u00e9dicaux et dentaires gratuits, d\u2019une valeur estim\u00e9e \u00e0 10 millions de dollars, que devraient offrir les professionnels de sant\u00e9 Adventistes du Septi\u00e8me Jour \u00e0 6000 personnes au cours des trois prochains jours. <\/p>\n<p>Quelques 2000 \u00e0 3000 personnes attendaient \u00e0 l\u2019ext\u00e9rieur de l\u2019Alamodome \u00e0 l\u2019ouverture des portes \u00e0 7h00 mercredi, a indiqu\u00e9 Daniel Weber, directeur de la communication pour la Division Nord Am\u00e9ricaine de l\u2019Eglise Adventiste, co-organisatrice de la manifestation.<\/p>\n","protected":false},"author":1,"featured_media":24957,"comment_status":"closed","ping_status":"closed","sticky":false,"template":"","format":"standard","meta":{"_acf_changed":false,"footnotes":""},"categories":[18,19],"tags":[],"class_list":["post-32228","post","type-post","status-publish","format-standard","has-post-thumbnail","hentry","category-nouvelles-de-leglise-mondiale","category-rss-francais"],"acf":[],"yoast_head":"<!-- This site is optimized with the Yoast SEO plugin v27.3 - https:\/\/yoast.com\/product\/yoast-seo-wordpress\/ -->\n<title>Des milliers de personnes forment des files d\u2019attente pour recevoir des soins m\u00e9dicaux gratuits \u00e0 San Antonio - \u00c9glise Adventiste Du Septieme Jour - Inter Am\u00e9rique Division<\/title>\n<meta name=\"robots\" content=\"index, follow, max-snippet:-1, max-image-preview:large, max-video-preview:-1\" \/>\n<link rel=\"canonical\" href=\"https:\/\/interamerica.org\/fr\/2015\/04\/des-milliers-de-personnes-forment-des-files-dattente-pour-recevoir-des-soins-medicaux-gratuits-a-san-antonio\/\" \/>\n<meta property=\"og:locale\" content=\"fr_FR\" \/>\n<meta property=\"og:type\" content=\"article\" \/>\n<meta property=\"og:title\" content=\"Des milliers de personnes forment des files d\u2019attente pour recevoir des soins m\u00e9dicaux gratuits \u00e0 San Antonio - \u00c9glise Adventiste Du Septieme Jour - Inter Am\u00e9rique Division\" \/>\n<meta property=\"og:description\" content=\"De nombreuses personnes ont form\u00e9 des files d\u2019attente pendant la nuit devant un stade de San Antonio afin de recevoir des soins m\u00e9dicaux et dentaires gratuits, d\u2019une valeur estim\u00e9e \u00e0 10 millions de dollars, que devraient offrir les professionnels de sant\u00e9 Adventistes du Septi\u00e8me Jour \u00e0 6000 personnes au cours des trois prochains jours.  Quelques 2000 \u00e0 3000 personnes attendaient \u00e0 l\u2019ext\u00e9rieur de l\u2019Alamodome \u00e0 l\u2019ouverture des portes \u00e0 7h00 mercredi, a indiqu\u00e9 Daniel Weber, directeur de la communication pour la Division Nord Am\u00e9ricaine de l\u2019Eglise Adventiste, co-organisatrice de la manifestation.\" \/>\n<meta property=\"og:url\" content=\"https:\/\/interamerica.org\/fr\/2015\/04\/des-milliers-de-personnes-forment-des-files-dattente-pour-recevoir-des-soins-medicaux-gratuits-a-san-antonio\/\" \/>\n<meta property=\"og:site_name\" content=\"\u00c9glise Adventiste Du Septieme Jour - Inter Am\u00e9rique Division\" \/>\n<meta property=\"article:published_time\" content=\"2015-04-09T04:00:00+00:00\" \/>\n<meta property=\"og:image\" content=\"https:\/\/interamerica.org\/wp-content\/uploads\/2017\/06\/16891757229_6d530141ec_k.jpg\" \/>\n\t<meta property=\"og:image:width\" content=\"2048\" \/>\n\t<meta property=\"og:image:height\" content=\"1363\" \/>\n\t<meta property=\"og:image:type\" content=\"image\/jpeg\" \/>\n<meta name=\"author\" content=\"Lorenzo Verduzco\" \/>\n<meta name=\"twitter:card\" content=\"summary_large_image\" \/>\n<meta name=\"twitter:label1\" content=\"\u00c9crit par\" \/>\n\t<meta name=\"twitter:data1\" content=\"Lorenzo Verduzco\" \/>\n\t<meta name=\"twitter:label2\" content=\"Dur\u00e9e de lecture estim\u00e9e\" \/>\n\t<meta name=\"twitter:data2\" content=\"4 minutes\" \/>\n<script type=\"application\/ld+json\" class=\"yoast-schema-graph\">{\"@context\":\"https:\\\/\\\/schema.org\",\"@graph\":[{\"@type\":\"Article\",\"@id\":\"https:\\\/\\\/interamerica.org\\\/fr\\\/2015\\\/04\\\/des-milliers-de-personnes-forment-des-files-dattente-pour-recevoir-des-soins-medicaux-gratuits-a-san-antonio\\\/#article\",\"isPartOf\":{\"@id\":\"https:\\\/\\\/interamerica.org\\\/fr\\\/2015\\\/04\\\/des-milliers-de-personnes-forment-des-files-dattente-pour-recevoir-des-soins-medicaux-gratuits-a-san-antonio\\\/\"},\"author\":{\"name\":\"Lorenzo Verduzco\",\"@id\":\"https:\\\/\\\/interamerica.org\\\/fr\\\/#\\\/schema\\\/person\\\/68ede8bdc292885bb76c1e3810e73c39\"},\"headline\":\"Des milliers de personnes forment des files d\u2019attente pour recevoir des soins m\u00e9dicaux gratuits \u00e0 San Antonio\",\"datePublished\":\"2015-04-09T04:00:00+00:00\",\"mainEntityOfPage\":{\"@id\":\"https:\\\/\\\/interamerica.org\\\/fr\\\/2015\\\/04\\\/des-milliers-de-personnes-forment-des-files-dattente-pour-recevoir-des-soins-medicaux-gratuits-a-san-antonio\\\/\"},\"wordCount\":905,\"image\":{\"@id\":\"https:\\\/\\\/interamerica.org\\\/fr\\\/2015\\\/04\\\/des-milliers-de-personnes-forment-des-files-dattente-pour-recevoir-des-soins-medicaux-gratuits-a-san-antonio\\\/#primaryimage\"},\"thumbnailUrl\":\"https:\\\/\\\/interamerica.org\\\/wp-content\\\/uploads\\\/2017\\\/06\\\/16891757229_6d530141ec_k.jpg\",\"articleSection\":[\"Nouvelles de l'\u00c9glise mondiale\",\"RSS Fran\u00e7ais\"],\"inLanguage\":\"fr-FR\"},{\"@type\":\"WebPage\",\"@id\":\"https:\\\/\\\/interamerica.org\\\/fr\\\/2015\\\/04\\\/des-milliers-de-personnes-forment-des-files-dattente-pour-recevoir-des-soins-medicaux-gratuits-a-san-antonio\\\/\",\"url\":\"https:\\\/\\\/interamerica.org\\\/fr\\\/2015\\\/04\\\/des-milliers-de-personnes-forment-des-files-dattente-pour-recevoir-des-soins-medicaux-gratuits-a-san-antonio\\\/\",\"name\":\"Des milliers de personnes forment des files d\u2019attente pour recevoir des soins m\u00e9dicaux gratuits \u00e0 San Antonio - \u00c9glise Adventiste Du Septieme Jour - Inter Am\u00e9rique Division\",\"isPartOf\":{\"@id\":\"https:\\\/\\\/interamerica.org\\\/fr\\\/#website\"},\"primaryImageOfPage\":{\"@id\":\"https:\\\/\\\/interamerica.org\\\/fr\\\/2015\\\/04\\\/des-milliers-de-personnes-forment-des-files-dattente-pour-recevoir-des-soins-medicaux-gratuits-a-san-antonio\\\/#primaryimage\"},\"image\":{\"@id\":\"https:\\\/\\\/interamerica.org\\\/fr\\\/2015\\\/04\\\/des-milliers-de-personnes-forment-des-files-dattente-pour-recevoir-des-soins-medicaux-gratuits-a-san-antonio\\\/#primaryimage\"},\"thumbnailUrl\":\"https:\\\/\\\/interamerica.org\\\/wp-content\\\/uploads\\\/2017\\\/06\\\/16891757229_6d530141ec_k.jpg\",\"datePublished\":\"2015-04-09T04:00:00+00:00\",\"author\":{\"@id\":\"https:\\\/\\\/interamerica.org\\\/fr\\\/#\\\/schema\\\/person\\\/68ede8bdc292885bb76c1e3810e73c39\"},\"breadcrumb\":{\"@id\":\"https:\\\/\\\/interamerica.org\\\/fr\\\/2015\\\/04\\\/des-milliers-de-personnes-forment-des-files-dattente-pour-recevoir-des-soins-medicaux-gratuits-a-san-antonio\\\/#breadcrumb\"},\"inLanguage\":\"fr-FR\",\"potentialAction\":[{\"@type\":\"ReadAction\",\"target\":[\"https:\\\/\\\/interamerica.org\\\/fr\\\/2015\\\/04\\\/des-milliers-de-personnes-forment-des-files-dattente-pour-recevoir-des-soins-medicaux-gratuits-a-san-antonio\\\/\"]}]},{\"@type\":\"ImageObject\",\"inLanguage\":\"fr-FR\",\"@id\":\"https:\\\/\\\/interamerica.org\\\/fr\\\/2015\\\/04\\\/des-milliers-de-personnes-forment-des-files-dattente-pour-recevoir-des-soins-medicaux-gratuits-a-san-antonio\\\/#primaryimage\",\"url\":\"https:\\\/\\\/interamerica.org\\\/wp-content\\\/uploads\\\/2017\\\/06\\\/16891757229_6d530141ec_k.jpg\",\"contentUrl\":\"https:\\\/\\\/interamerica.org\\\/wp-content\\\/uploads\\\/2017\\\/06\\\/16891757229_6d530141ec_k.jpg\",\"width\":2048,\"height\":1363},{\"@type\":\"BreadcrumbList\",\"@id\":\"https:\\\/\\\/interamerica.org\\\/fr\\\/2015\\\/04\\\/des-milliers-de-personnes-forment-des-files-dattente-pour-recevoir-des-soins-medicaux-gratuits-a-san-antonio\\\/#breadcrumb\",\"itemListElement\":[{\"@type\":\"ListItem\",\"position\":1,\"name\":\"Home\",\"item\":\"https:\\\/\\\/interamerica.org\\\/fr\\\/\"},{\"@type\":\"ListItem\",\"position\":2,\"name\":\"Des milliers de personnes forment des files d\u2019attente pour recevoir des soins m\u00e9dicaux gratuits \u00e0 San Antonio\"}]},{\"@type\":\"WebSite\",\"@id\":\"https:\\\/\\\/interamerica.org\\\/fr\\\/#website\",\"url\":\"https:\\\/\\\/interamerica.org\\\/fr\\\/\",\"name\":\"\u00c9glise Adventiste Du Septieme Jour - Inter Am\u00e9rique Division\",\"description\":\"\",\"potentialAction\":[{\"@type\":\"SearchAction\",\"target\":{\"@type\":\"EntryPoint\",\"urlTemplate\":\"https:\\\/\\\/interamerica.org\\\/fr\\\/?s={search_term_string}\"},\"query-input\":{\"@type\":\"PropertyValueSpecification\",\"valueRequired\":true,\"valueName\":\"search_term_string\"}}],\"inLanguage\":\"fr-FR\"},{\"@type\":\"Person\",\"@id\":\"https:\\\/\\\/interamerica.org\\\/fr\\\/#\\\/schema\\\/person\\\/68ede8bdc292885bb76c1e3810e73c39\",\"name\":\"Lorenzo Verduzco\",\"image\":{\"@type\":\"ImageObject\",\"inLanguage\":\"fr-FR\",\"@id\":\"https:\\\/\\\/secure.gravatar.com\\\/avatar\\\/fb81a55b6218459490a9c1dc841a34909185b81904c5337b4b27f7a6fd60c49e?s=96&d=mm&r=g\",\"url\":\"https:\\\/\\\/secure.gravatar.com\\\/avatar\\\/fb81a55b6218459490a9c1dc841a34909185b81904c5337b4b27f7a6fd60c49e?s=96&d=mm&r=g\",\"contentUrl\":\"https:\\\/\\\/secure.gravatar.com\\\/avatar\\\/fb81a55b6218459490a9c1dc841a34909185b81904c5337b4b27f7a6fd60c49e?s=96&d=mm&r=g\",\"caption\":\"Lorenzo Verduzco\"}}]}<\/script>\n<!-- \/ Yoast SEO plugin. -->","yoast_head_json":{"title":"Des milliers de personnes forment des files d\u2019attente pour recevoir des soins m\u00e9dicaux gratuits \u00e0 San Antonio - \u00c9glise Adventiste Du Septieme Jour - Inter Am\u00e9rique Division","robots":{"index":"index","follow":"follow","max-snippet":"max-snippet:-1","max-image-preview":"max-image-preview:large","max-video-preview":"max-video-preview:-1"},"canonical":"https:\/\/interamerica.org\/fr\/2015\/04\/des-milliers-de-personnes-forment-des-files-dattente-pour-recevoir-des-soins-medicaux-gratuits-a-san-antonio\/","og_locale":"fr_FR","og_type":"article","og_title":"Des milliers de personnes forment des files d\u2019attente pour recevoir des soins m\u00e9dicaux gratuits \u00e0 San Antonio - \u00c9glise Adventiste Du Septieme Jour - Inter Am\u00e9rique Division","og_description":"De nombreuses personnes ont form\u00e9 des files d\u2019attente pendant la nuit devant un stade de San Antonio afin de recevoir des soins m\u00e9dicaux et dentaires gratuits, d\u2019une valeur estim\u00e9e \u00e0 10 millions de dollars, que devraient offrir les professionnels de sant\u00e9 Adventistes du Septi\u00e8me Jour \u00e0 6000 personnes au cours des trois prochains jours.  Quelques 2000 \u00e0 3000 personnes attendaient \u00e0 l\u2019ext\u00e9rieur de l\u2019Alamodome \u00e0 l\u2019ouverture des portes \u00e0 7h00 mercredi, a indiqu\u00e9 Daniel Weber, directeur de la communication pour la Division Nord Am\u00e9ricaine de l\u2019Eglise Adventiste, co-organisatrice de la manifestation.","og_url":"https:\/\/interamerica.org\/fr\/2015\/04\/des-milliers-de-personnes-forment-des-files-dattente-pour-recevoir-des-soins-medicaux-gratuits-a-san-antonio\/","og_site_name":"\u00c9glise Adventiste Du Septieme Jour - Inter Am\u00e9rique Division","article_published_time":"2015-04-09T04:00:00+00:00","og_image":[{"width":2048,"height":1363,"url":"https:\/\/interamerica.org\/wp-content\/uploads\/2017\/06\/16891757229_6d530141ec_k.jpg","type":"image\/jpeg"}],"author":"Lorenzo Verduzco","twitter_card":"summary_large_image","twitter_misc":{"\u00c9crit par":"Lorenzo Verduzco","Dur\u00e9e de lecture estim\u00e9e":"4 minutes"},"schema":{"@context":"https:\/\/schema.org","@graph":[{"@type":"Article","@id":"https:\/\/interamerica.org\/fr\/2015\/04\/des-milliers-de-personnes-forment-des-files-dattente-pour-recevoir-des-soins-medicaux-gratuits-a-san-antonio\/#article","isPartOf":{"@id":"https:\/\/interamerica.org\/fr\/2015\/04\/des-milliers-de-personnes-forment-des-files-dattente-pour-recevoir-des-soins-medicaux-gratuits-a-san-antonio\/"},"author":{"name":"Lorenzo Verduzco","@id":"https:\/\/interamerica.org\/fr\/#\/schema\/person\/68ede8bdc292885bb76c1e3810e73c39"},"headline":"Des milliers de personnes forment des files d\u2019attente pour recevoir des soins m\u00e9dicaux gratuits \u00e0 San Antonio","datePublished":"2015-04-09T04:00:00+00:00","mainEntityOfPage":{"@id":"https:\/\/interamerica.org\/fr\/2015\/04\/des-milliers-de-personnes-forment-des-files-dattente-pour-recevoir-des-soins-medicaux-gratuits-a-san-antonio\/"},"wordCount":905,"image":{"@id":"https:\/\/interamerica.org\/fr\/2015\/04\/des-milliers-de-personnes-forment-des-files-dattente-pour-recevoir-des-soins-medicaux-gratuits-a-san-antonio\/#primaryimage"},"thumbnailUrl":"https:\/\/interamerica.org\/wp-content\/uploads\/2017\/06\/16891757229_6d530141ec_k.jpg","articleSection":["Nouvelles de l'\u00c9glise mondiale","RSS Fran\u00e7ais"],"inLanguage":"fr-FR"},{"@type":"WebPage","@id":"https:\/\/interamerica.org\/fr\/2015\/04\/des-milliers-de-personnes-forment-des-files-dattente-pour-recevoir-des-soins-medicaux-gratuits-a-san-antonio\/","url":"https:\/\/interamerica.org\/fr\/2015\/04\/des-milliers-de-personnes-forment-des-files-dattente-pour-recevoir-des-soins-medicaux-gratuits-a-san-antonio\/","name":"Des milliers de personnes forment des files d\u2019attente pour recevoir des soins m\u00e9dicaux gratuits \u00e0 San Antonio - \u00c9glise Adventiste Du Septieme Jour - Inter Am\u00e9rique Division","isPartOf":{"@id":"https:\/\/interamerica.org\/fr\/#website"},"primaryImageOfPage":{"@id":"https:\/\/interamerica.org\/fr\/2015\/04\/des-milliers-de-personnes-forment-des-files-dattente-pour-recevoir-des-soins-medicaux-gratuits-a-san-antonio\/#primaryimage"},"image":{"@id":"https:\/\/interamerica.org\/fr\/2015\/04\/des-milliers-de-personnes-forment-des-files-dattente-pour-recevoir-des-soins-medicaux-gratuits-a-san-antonio\/#primaryimage"},"thumbnailUrl":"https:\/\/interamerica.org\/wp-content\/uploads\/2017\/06\/16891757229_6d530141ec_k.jpg","datePublished":"2015-04-09T04:00:00+00:00","author":{"@id":"https:\/\/interamerica.org\/fr\/#\/schema\/person\/68ede8bdc292885bb76c1e3810e73c39"},"breadcrumb":{"@id":"https:\/\/interamerica.org\/fr\/2015\/04\/des-milliers-de-personnes-forment-des-files-dattente-pour-recevoir-des-soins-medicaux-gratuits-a-san-antonio\/#breadcrumb"},"inLanguage":"fr-FR","potentialAction":[{"@type":"ReadAction","target":["https:\/\/interamerica.org\/fr\/2015\/04\/des-milliers-de-personnes-forment-des-files-dattente-pour-recevoir-des-soins-medicaux-gratuits-a-san-antonio\/"]}]},{"@type":"ImageObject","inLanguage":"fr-FR","@id":"https:\/\/interamerica.org\/fr\/2015\/04\/des-milliers-de-personnes-forment-des-files-dattente-pour-recevoir-des-soins-medicaux-gratuits-a-san-antonio\/#primaryimage","url":"https:\/\/interamerica.org\/wp-content\/uploads\/2017\/06\/16891757229_6d530141ec_k.jpg","contentUrl":"https:\/\/interamerica.org\/wp-content\/uploads\/2017\/06\/16891757229_6d530141ec_k.jpg","width":2048,"height":1363},{"@type":"BreadcrumbList","@id":"https:\/\/interamerica.org\/fr\/2015\/04\/des-milliers-de-personnes-forment-des-files-dattente-pour-recevoir-des-soins-medicaux-gratuits-a-san-antonio\/#breadcrumb","itemListElement":[{"@type":"ListItem","position":1,"name":"Home","item":"https:\/\/interamerica.org\/fr\/"},{"@type":"ListItem","position":2,"name":"Des milliers de personnes forment des files d\u2019attente pour recevoir des soins m\u00e9dicaux gratuits \u00e0 San Antonio"}]},{"@type":"WebSite","@id":"https:\/\/interamerica.org\/fr\/#website","url":"https:\/\/interamerica.org\/fr\/","name":"\u00c9glise Adventiste Du Septieme Jour - Inter Am\u00e9rique Division","description":"","potentialAction":[{"@type":"SearchAction","target":{"@type":"EntryPoint","urlTemplate":"https:\/\/interamerica.org\/fr\/?s={search_term_string}"},"query-input":{"@type":"PropertyValueSpecification","valueRequired":true,"valueName":"search_term_string"}}],"inLanguage":"fr-FR"},{"@type":"Person","@id":"https:\/\/interamerica.org\/fr\/#\/schema\/person\/68ede8bdc292885bb76c1e3810e73c39","name":"Lorenzo Verduzco","image":{"@type":"ImageObject","inLanguage":"fr-FR","@id":"https:\/\/secure.gravatar.com\/avatar\/fb81a55b6218459490a9c1dc841a34909185b81904c5337b4b27f7a6fd60c49e?s=96&d=mm&r=g","url":"https:\/\/secure.gravatar.com\/avatar\/fb81a55b6218459490a9c1dc841a34909185b81904c5337b4b27f7a6fd60c49e?s=96&d=mm&r=g","contentUrl":"https:\/\/secure.gravatar.com\/avatar\/fb81a55b6218459490a9c1dc841a34909185b81904c5337b4b27f7a6fd60c49e?s=96&d=mm&r=g","caption":"Lorenzo Verduzco"}}]}},"_links":{"self":[{"href":"https:\/\/interamerica.org\/fr\/wp-json\/wp\/v2\/posts\/32228","targetHints":{"allow":["GET"]}}],"collection":[{"href":"https:\/\/interamerica.org\/fr\/wp-json\/wp\/v2\/posts"}],"about":[{"href":"https:\/\/interamerica.org\/fr\/wp-json\/wp\/v2\/types\/post"}],"author":[{"embeddable":true,"href":"https:\/\/interamerica.org\/fr\/wp-json\/wp\/v2\/users\/1"}],"replies":[{"embeddable":true,"href":"https:\/\/interamerica.org\/fr\/wp-json\/wp\/v2\/comments?post=32228"}],"version-history":[{"count":0,"href":"https:\/\/interamerica.org\/fr\/wp-json\/wp\/v2\/posts\/32228\/revisions"}],"wp:featuredmedia":[{"embeddable":true,"href":"https:\/\/interamerica.org\/fr\/wp-json\/wp\/v2\/media\/24957"}],"wp:attachment":[{"href":"https:\/\/interamerica.org\/fr\/wp-json\/wp\/v2\/media?parent=32228"}],"wp:term":[{"taxonomy":"category","embeddable":true,"href":"https:\/\/interamerica.org\/fr\/wp-json\/wp\/v2\/categories?post=32228"},{"taxonomy":"post_tag","embeddable":true,"href":"https:\/\/interamerica.org\/fr\/wp-json\/wp\/v2\/tags?post=32228"}],"curies":[{"name":"wp","href":"https:\/\/api.w.org\/{rel}","templated":true}]}}