{"id":32230,"date":"2015-04-08T00:00:00","date_gmt":"2015-04-08T04:00:00","guid":{"rendered":"http:\/\/192.81.217.108\/interamerica\/2015\/04\/des-emissaires-adventistes-demandent-a-obama-de-proteger-la-liberte-religieuse\/"},"modified":"2015-04-08T00:00:00","modified_gmt":"2015-04-08T04:00:00","slug":"des-emissaires-adventistes-demandent-a-obama-de-proteger-la-liberte-religieuse","status":"publish","type":"post","link":"https:\/\/interamerica.org\/fr\/2015\/04\/des-emissaires-adventistes-demandent-a-obama-de-proteger-la-liberte-religieuse\/","title":{"rendered":"Des  \u00e9missaires adventistes demandent \u00e0 Obama de prot\u00e9ger la libert\u00e9 religieuse"},"content":{"rendered":"<div id=\"attachment_16278\" style=\"width: 610px\" class=\"wp-caption aligncenter\"><a href=\"\/interamerica\/wp-content\/uploads\/2017\/06\/obama-3.jpg\" rel=\"fancybox\" title=\"Des  \u00e9missaires adventistes demandent \u00e0 Obama de prot\u00e9ger la libert\u00e9 religieuse\"><img fetchpriority=\"high\" decoding=\"async\" aria-describedby=\"caption-attachment-16278\" class=\"wp-image-16278 \" src=\"\/interamerica\/wp-content\/uploads\/2017\/06\/obama-3.jpg\" alt=\"\" width=\"600\" height=\"300\" \/><\/a><p id=\"caption-attachment-16278\" class=\"wp-caption-text\">Dwayne Leslie, derri\u00e8re \u00e0 gauche pose au c\u00f4t\u00e9 de Barack Obama au petit-d\u00e9jeuner de pri\u00e8re de P\u00e2ques 2014. Image de Maison Blanche<\/p><\/div>\n<p>7 avril 2015\/ Silver Spring, Maryland, \u00c9tats-Unis\/ Andrew McChesney, directeur des informations \u00e0 la Revue Adventiste<\/p>\n<p>L&rsquo;\u00c9glise Adventiste du Septi\u00e8me Jour a officiellement demand\u00e9 au Pr\u00e9sident des \u00c9tats-Unis Barack Obama \u00e0 un petit-d\u00e9jeuner \u00e0 la Maison Blanche mardi, de garder la libert\u00e9 religieuse au premier plan dans la politique de son administration.<\/p>\n<p>Obama a r\u00e9pondu \u00e0 Dwayne O. Leslie, directeur des affaires judiciaires \u00e0 la Conf\u00e9rence G\u00e9n\u00e9rale, la branche administrative de l&rsquo;\u00c9glise Adventiste Mondiale, qu&rsquo;il avait l&rsquo;intention de d\u00e9fendre les droits de tous les croyants.<\/p>\n<p>La conversation a eu lieu lors du petit-d\u00e9jeuner de pri\u00e8re de la Maison Blanche, un \u00e9v\u00e9nement annuel durant lequel Obama a parl\u00e9 de la r\u00e9surrection de J\u00e9sus et Amy Grant, une artiste, a chant\u00e9 tandis qu&rsquo;un groupe d&rsquo;\u00e0 peu pr\u00e8s 150 responsables religieux et de politiciens se servaient au buffet d&rsquo;oeuf souffl\u00e9, de saumon fum\u00e9 et de fruit.<\/p>\n<p>Le petit-d\u00e9jeuner de pri\u00e8re de P\u00e2ques est plus intimiste que le petit-d\u00e9jeuner National de pri\u00e8re de la Maison Blanche, qui rassemble \u00e0 peu pr\u00e8s 3500 personnes de 100 pays chaque ann\u00e9e au mois de f\u00e9vrier. Le petit-d\u00e9jeuner National de Pri\u00e8re a fait les gros titres en 2013 quand l\u2019orateur Ben Carson, un ancien neurochirurgien adventiste a critiqu\u00e9 les choix politiques d\u2019Obama.<\/p>\n<p>Pour Leslie, le petit-d\u00e9jeuner de P\u00e2ques fut une chance de repr\u00e9senter l\u2019\u00c9glise Adventiste du Septi\u00e8me Jour devant un groupe puissant de d\u00e9cisionnaires et de cr\u00e9er des liens avec eux.<\/p>\n<p>\u00ab\u00a0Il y a tr\u00e8s peu d\u2019occasions durant lesquelles on a cette concentration de leaders religieux et politiques.\u00a0\u00bb a d\u00e9clar\u00e9 Leslie dans une interview apr\u00e8s le petit-d\u00e9jeuner.<\/p>\n<div id=\"attachment_16279\" style=\"width: 271px\" class=\"wp-caption alignright\"><a href=\"\/interamerica\/wp-content\/uploads\/2017\/06\/14119395751_5b96980b1d_k-2.jpg\" rel=\"fancybox\" title=\"Des  \u00e9missaires adventistes demandent \u00e0 Obama de prot\u00e9ger la libert\u00e9 religieuse\"><img decoding=\"async\" aria-describedby=\"caption-attachment-16279\" class=\"size-medium wp-image-16279 \" src=\"\/interamerica\/wp-content\/uploads\/2017\/06\/14119395751_5b96980b1d_k-2-261x300.jpg\" alt=\"\" width=\"261\" height=\"300\" \/><\/a><p id=\"caption-attachment-16279\" class=\"wp-caption-text\">Dwayne Leslie s\u2019exprime lors d\u2019un \u00e9v\u00e9nement sur la libert\u00e9 religieuse \u00e0 Washington \u00e0 Silver Spring l\u2019an dernier. Image de Ansel Oliver\/ ANN<\/p><\/div>\n<p>Il a d\u00e9clar\u00e9 qu\u2019il avait jou\u00e9 le r\u00f4le d\u2019ambassadeur entre l\u2019\u00e9glise et l\u2019\u00e9lite politique.<\/p>\n<p>\u00ab\u00a0Ceci est un moyen d\u2019atteindre les gens que nous n\u2019atteignons pas d\u2019habitude\u00a0\u00bb a t-il affirm\u00e9 dans son bureau au si\u00e8ge de la Conf\u00e9rence G\u00e9n\u00e9rale \u00e0 Silver Spring, dans le Maryland. \u00ab\u00a0C\u2019est une fa\u00e7on d\u2019interagir avec les dirigeants politiques de haut niveau et leur parler de l\u2019\u00c9glise Adventiste du Septi\u00e8me Jour.\u00a0\u00bb<\/p>\n<p><strong>Une conversation avec Obama<\/strong><\/p>\n<p>Quand Obama s\u2019est arr\u00eat\u00e9 au petit-d\u00e9jeuner \u00e0 la table de Leslie, celui-ci l\u2019a remerci\u00e9 \u00a0d\u2019avoir fait de la libert\u00e9 religieuse\u00a0 un objectif cl\u00e9 de la politique \u00e9trang\u00e8re des \u00c9tats-Unis \u00a0lors d\u2019un discours au petit- d\u00e9jeuner de Pri\u00e8re Nationale l\u2019an dernier. Obama, qui \u00e9tait accus\u00e9 de ne pas porter suffisamment d\u2019attention \u00e0 la libert\u00e9 religieuse \u00e0 l\u2019\u00e9poque, a d\u00e9livr\u00e9 un message puissant qui a \u00e9voqu\u00e9 les probl\u00e8mes sur la situation au Moyen Orient et les pays tels que la Chine, le Pakistan et la Cor\u00e9e du Nord.<\/p>\n<p>Leslie a demand\u00e9 \u00e0 Obama de continuer \u00e0 faire de la libert\u00e9 religieuse une priorit\u00e9 et Obama a indiqu\u00e9 qu\u2019il le ferait a affirm\u00e9 Leslie.<\/p>\n<p>La libert\u00e9 religieuse a \u00e9t\u00e9 un probl\u00e8me majeur pour l\u2019\u00c9glise Adventiste du Septi\u00e8me Jour depuis ses origines au milieu des ann\u00e9es 1800 et plus r\u00e9cemment le pr\u00e9sident de l\u2019\u00c9glise Adventiste Ted Wilson l\u2019a soulev\u00e9 durant une rencontre avec le Secr\u00e9taire des Nations-Unies Ban Ki-moon, lundi.<\/p>\n<p>Leslie a trouv\u00e9 qu\u2019un des invit\u00e9s qui \u00e9tait assis \u00e0 sa table au petit-d\u00e9jeuner, le chef de l\u2019\u00e9quipe de la Maison Blanche Denis McDonough, connaissait tr\u00e8s bien l\u2019\u00c9glise Adventiste gr\u00e2ce \u00e0 sa ville natale, Takoma Park, dans le Maryland. L\u2019\u00c9glise a une pr\u00e9sence significative \u00e0 Takoma Park o\u00f9 se trouve l\u2019H\u00f4pital Adventiste de Washington, l\u2019Universit\u00e9 Adventiste de Washington et l\u2019\u00c9glise Adventiste Sligo. La Conf\u00e9rence G\u00e9n\u00e9rale et la maison\u00a0 d\u2019\u00e9dition du magazine \u00ab\u00a0Review and Herald\u00a0\u00bb furent \u00e9tablies dans la ville voil\u00e0 des d\u00e9cennies.<\/p>\n<p>\u00ab\u00a0C\u2019est bien quand les gens savent le travail que nous avons r\u00e9alis\u00e9 dans la communaut\u00e9 et on peut repr\u00e9senter l\u2019\u00e9glise\u00a0\u00bb a affirm\u00e9 Leslie.<\/p>\n<p>Il a d\u00e9clar\u00e9 qu\u2019un invit\u00e9 au petit-d\u00e9jeuner de P\u00e2ques l\u2019an dernier avait reconnu l\u2019\u00c9glise Adventiste \u00e0 travers des recherches montrant que ses membres am\u00e9ricains vivaient une d\u00e9cennie plus longtemps que l\u2019am\u00e9ricain moyen.<\/p>\n<p>\u00ab\u00a0Ah oui, je viens de lire \u00e0 votre sujet les gars. Vous vivez plus longtemps que les autres\u00a0\u00bb, a dit l\u2019invit\u00e9 quand Leslie s\u2019est pr\u00e9sent\u00e9. \u00ab\u00a0Comment puis-je en apprendre plus\u00a0? Quel que soit ce que vous faites les gars cela fonctionne de toute \u00e9vidence.<\/p>\n<p>Leslie a plus tard envoy\u00e9 quelques informations \u00e0 l\u2019invit\u00e9.<\/p>\n<p><strong>Aider l\u2019\u00c9glise avec la diplomatie discr\u00e8te<\/strong><strong><\/strong><\/p>\n<p><strong><\/strong>Leslie a affirm\u00e9 que de telles rencontres \u00e9taient l\u2019une des raisons pour lesquelles il avait assist\u00e9 aux trois derniers petits-d\u00e9jeuners \u00a0aussi bien qu\u2019\u00e0 d\u2019autres c\u00e9r\u00e9monies publiques \u00e0 Washington.<\/p>\n<p>Il a dit aussi que cela aidait \u00e0 s\u2019habituer aux personnes qui, procureraient de l\u2019assistance dans des situations d\u00e9licates. Il a ajout\u00e9 que des contacts au d\u00e9partement d\u2019\u00c9tat, par exemple ont utilis\u00e9 une diplomatie discr\u00e8te pour aider l\u2019\u00e9glise \u00e0 r\u00e9soudre plusieurs probl\u00e8mes en Afrique.<\/p>\n<p>\u00ab\u00a0Quand notre \u00e9glise est attaqu\u00e9e dans diff\u00e9rentes r\u00e9gions du monde, il est bon de savoir que je peux appeler certaines de ces personnes\u00a0\u00bb a assur\u00e9 Leslie.<\/p>\n<p>Parmi les autres invit\u00e9s au petit-d\u00e9jeuner qui a dur\u00e9 deux heures il y avait, la s\u00e9natrice adventiste Sheila Jackson Lee du Texas, le conseiller principal de la Maison Blanche Val\u00e9rie Jarrett et Al Sharpton un pasteur Baptiste et activiste des droits civiques. Des leaders religieux repr\u00e9sentaient l\u2019\u00e9glise catholique romaine, l\u2019\u00e9glise m\u00e9thodiste \u00e9piscopale africaine, l\u2019\u00c9glise Copte orthodoxe et d\u2019autres encore.<\/p>\n<p>Amy Grant, la premi\u00e8re artiste chr\u00e9tienne \u00e0 obtenir un disque de platine en 1982 a fait l\u2019ouverture de la rencontre en chantant \u00ab\u00a0Ta Parole\u00a0\u00bb, accompagn\u00e9e \u00e0 la guitare.<\/p>\n<p>Obama a dit aux invit\u00e9s qu\u2019il n\u2019\u00e9tait pas un pr\u00e9dicateur mais qu\u2019il se rappelait avec reconnaissance \u00ab\u00a0de l\u2019extraordinaire don du salut de J\u00e9sus\u00a0\u00bb pendant la f\u00eate de P\u00e2ques.<\/p>\n<p>\u00ab\u00a0Nous essayons autant que nous le pouvons, de comprendre les t\u00e9n\u00e8bres qu\u2019il a endur\u00e9 afin que nous puissions recevoir la lumi\u00e8re de Dieu\u00a0\u00bb a ajout\u00e9 Obama. \u00ab\u00a0Et n\u00e9anmoins m\u00eame lorsque nous saisissons la grandeur du sacrifice\u00a0 sans faille de J\u00e9sus, \u00e0 P\u00e2ques nous ne pouvons occulter le fait que l\u2019histoire ne s\u2019est pas termin\u00e9e le vendredi. L\u2019histoire continue. Le dimanche la r\u00e9surrection glorieuse de notre Sauveur s\u2019est produite.\u00a0\u00bb<\/p>\n<p>Obama a aussi exprim\u00e9 aux leaders religieux son appr\u00e9ciation pour le travail de leurs \u00e9glises.<\/p>\n<p>\u00ab\u00a0Je veux remercier tout le monde ici pour le merveilleux travail que vous faites \u00e0 travers le pays avec vos minist\u00e8res remarquables\u00a0\u00bb a t-il d\u00e9clar\u00e9.<\/p>\n<p>Traduction\u00a0: Carole et Charles SAINT-LOUIS<\/p>\n","protected":false},"excerpt":{"rendered":"<p>7 avril 2015\/ Silver Spring, Maryland, \u00c9tats-Unis\/ Andrew McChesney, directeur des informations \u00e0 la Revue Adventiste L&rsquo;\u00c9glise Adventiste du Septi\u00e8me Jour a officiellement demand\u00e9 au Pr\u00e9sident des \u00c9tats-Unis Barack Obama&#8230;<\/p>\n","protected":false},"author":1,"featured_media":24973,"comment_status":"closed","ping_status":"closed","sticky":false,"template":"","format":"standard","meta":{"_acf_changed":false,"footnotes":""},"categories":[18,19],"tags":[],"class_list":["post-32230","post","type-post","status-publish","format-standard","has-post-thumbnail","hentry","category-nouvelles-de-leglise-mondiale","category-rss-francais"],"acf":[],"yoast_head":"<!-- This site is optimized with the Yoast SEO plugin v27.3 - https:\/\/yoast.com\/product\/yoast-seo-wordpress\/ -->\n<title>Des \u00e9missaires adventistes demandent \u00e0 Obama de prot\u00e9ger la libert\u00e9 religieuse - \u00c9glise Adventiste Du Septieme Jour - Inter Am\u00e9rique Division<\/title>\n<meta name=\"robots\" content=\"index, follow, max-snippet:-1, max-image-preview:large, max-video-preview:-1\" \/>\n<link rel=\"canonical\" href=\"https:\/\/interamerica.org\/fr\/2015\/04\/des-emissaires-adventistes-demandent-a-obama-de-proteger-la-liberte-religieuse\/\" \/>\n<meta property=\"og:locale\" content=\"fr_FR\" \/>\n<meta property=\"og:type\" content=\"article\" \/>\n<meta property=\"og:title\" content=\"Des \u00e9missaires adventistes demandent \u00e0 Obama de prot\u00e9ger la libert\u00e9 religieuse - \u00c9glise Adventiste Du Septieme Jour - Inter Am\u00e9rique Division\" \/>\n<meta property=\"og:description\" content=\"7 avril 2015\/ Silver Spring, Maryland, \u00c9tats-Unis\/ Andrew McChesney, directeur des informations \u00e0 la Revue Adventiste L&rsquo;\u00c9glise Adventiste du Septi\u00e8me Jour a officiellement demand\u00e9 au Pr\u00e9sident des \u00c9tats-Unis Barack Obama...\" \/>\n<meta property=\"og:url\" content=\"https:\/\/interamerica.org\/fr\/2015\/04\/des-emissaires-adventistes-demandent-a-obama-de-proteger-la-liberte-religieuse\/\" \/>\n<meta property=\"og:site_name\" content=\"\u00c9glise Adventiste Du Septieme Jour - Inter Am\u00e9rique Division\" \/>\n<meta property=\"article:published_time\" content=\"2015-04-08T04:00:00+00:00\" \/>\n<meta property=\"og:image\" content=\"https:\/\/interamerica.org\/wp-content\/uploads\/2017\/06\/obama-3.jpg\" \/>\n\t<meta property=\"og:image:width\" content=\"1000\" \/>\n\t<meta property=\"og:image:height\" content=\"500\" \/>\n\t<meta property=\"og:image:type\" content=\"image\/jpeg\" \/>\n<meta name=\"author\" content=\"Lorenzo Verduzco\" \/>\n<meta name=\"twitter:card\" content=\"summary_large_image\" \/>\n<meta name=\"twitter:label1\" content=\"\u00c9crit par\" \/>\n\t<meta name=\"twitter:data1\" content=\"Lorenzo Verduzco\" \/>\n\t<meta name=\"twitter:label2\" content=\"Dur\u00e9e de lecture estim\u00e9e\" \/>\n\t<meta name=\"twitter:data2\" content=\"6 minutes\" \/>\n<script type=\"application\/ld+json\" class=\"yoast-schema-graph\">{\"@context\":\"https:\\\/\\\/schema.org\",\"@graph\":[{\"@type\":\"Article\",\"@id\":\"https:\\\/\\\/interamerica.org\\\/fr\\\/2015\\\/04\\\/des-emissaires-adventistes-demandent-a-obama-de-proteger-la-liberte-religieuse\\\/#article\",\"isPartOf\":{\"@id\":\"https:\\\/\\\/interamerica.org\\\/fr\\\/2015\\\/04\\\/des-emissaires-adventistes-demandent-a-obama-de-proteger-la-liberte-religieuse\\\/\"},\"author\":{\"name\":\"Lorenzo Verduzco\",\"@id\":\"https:\\\/\\\/interamerica.org\\\/fr\\\/#\\\/schema\\\/person\\\/68ede8bdc292885bb76c1e3810e73c39\"},\"headline\":\"Des \u00e9missaires adventistes demandent \u00e0 Obama de prot\u00e9ger la libert\u00e9 religieuse\",\"datePublished\":\"2015-04-08T04:00:00+00:00\",\"mainEntityOfPage\":{\"@id\":\"https:\\\/\\\/interamerica.org\\\/fr\\\/2015\\\/04\\\/des-emissaires-adventistes-demandent-a-obama-de-proteger-la-liberte-religieuse\\\/\"},\"wordCount\":1228,\"image\":{\"@id\":\"https:\\\/\\\/interamerica.org\\\/fr\\\/2015\\\/04\\\/des-emissaires-adventistes-demandent-a-obama-de-proteger-la-liberte-religieuse\\\/#primaryimage\"},\"thumbnailUrl\":\"https:\\\/\\\/interamerica.org\\\/wp-content\\\/uploads\\\/2017\\\/06\\\/obama-3.jpg\",\"articleSection\":[\"Nouvelles de l'\u00c9glise mondiale\",\"RSS Fran\u00e7ais\"],\"inLanguage\":\"fr-FR\"},{\"@type\":\"WebPage\",\"@id\":\"https:\\\/\\\/interamerica.org\\\/fr\\\/2015\\\/04\\\/des-emissaires-adventistes-demandent-a-obama-de-proteger-la-liberte-religieuse\\\/\",\"url\":\"https:\\\/\\\/interamerica.org\\\/fr\\\/2015\\\/04\\\/des-emissaires-adventistes-demandent-a-obama-de-proteger-la-liberte-religieuse\\\/\",\"name\":\"Des \u00e9missaires adventistes demandent \u00e0 Obama de prot\u00e9ger la libert\u00e9 religieuse - \u00c9glise Adventiste Du Septieme Jour - Inter Am\u00e9rique Division\",\"isPartOf\":{\"@id\":\"https:\\\/\\\/interamerica.org\\\/fr\\\/#website\"},\"primaryImageOfPage\":{\"@id\":\"https:\\\/\\\/interamerica.org\\\/fr\\\/2015\\\/04\\\/des-emissaires-adventistes-demandent-a-obama-de-proteger-la-liberte-religieuse\\\/#primaryimage\"},\"image\":{\"@id\":\"https:\\\/\\\/interamerica.org\\\/fr\\\/2015\\\/04\\\/des-emissaires-adventistes-demandent-a-obama-de-proteger-la-liberte-religieuse\\\/#primaryimage\"},\"thumbnailUrl\":\"https:\\\/\\\/interamerica.org\\\/wp-content\\\/uploads\\\/2017\\\/06\\\/obama-3.jpg\",\"datePublished\":\"2015-04-08T04:00:00+00:00\",\"author\":{\"@id\":\"https:\\\/\\\/interamerica.org\\\/fr\\\/#\\\/schema\\\/person\\\/68ede8bdc292885bb76c1e3810e73c39\"},\"breadcrumb\":{\"@id\":\"https:\\\/\\\/interamerica.org\\\/fr\\\/2015\\\/04\\\/des-emissaires-adventistes-demandent-a-obama-de-proteger-la-liberte-religieuse\\\/#breadcrumb\"},\"inLanguage\":\"fr-FR\",\"potentialAction\":[{\"@type\":\"ReadAction\",\"target\":[\"https:\\\/\\\/interamerica.org\\\/fr\\\/2015\\\/04\\\/des-emissaires-adventistes-demandent-a-obama-de-proteger-la-liberte-religieuse\\\/\"]}]},{\"@type\":\"ImageObject\",\"inLanguage\":\"fr-FR\",\"@id\":\"https:\\\/\\\/interamerica.org\\\/fr\\\/2015\\\/04\\\/des-emissaires-adventistes-demandent-a-obama-de-proteger-la-liberte-religieuse\\\/#primaryimage\",\"url\":\"https:\\\/\\\/interamerica.org\\\/wp-content\\\/uploads\\\/2017\\\/06\\\/obama-3.jpg\",\"contentUrl\":\"https:\\\/\\\/interamerica.org\\\/wp-content\\\/uploads\\\/2017\\\/06\\\/obama-3.jpg\",\"width\":1000,\"height\":500},{\"@type\":\"BreadcrumbList\",\"@id\":\"https:\\\/\\\/interamerica.org\\\/fr\\\/2015\\\/04\\\/des-emissaires-adventistes-demandent-a-obama-de-proteger-la-liberte-religieuse\\\/#breadcrumb\",\"itemListElement\":[{\"@type\":\"ListItem\",\"position\":1,\"name\":\"Home\",\"item\":\"https:\\\/\\\/interamerica.org\\\/fr\\\/\"},{\"@type\":\"ListItem\",\"position\":2,\"name\":\"Des \u00e9missaires adventistes demandent \u00e0 Obama de prot\u00e9ger la libert\u00e9 religieuse\"}]},{\"@type\":\"WebSite\",\"@id\":\"https:\\\/\\\/interamerica.org\\\/fr\\\/#website\",\"url\":\"https:\\\/\\\/interamerica.org\\\/fr\\\/\",\"name\":\"\u00c9glise Adventiste Du Septieme Jour - Inter Am\u00e9rique Division\",\"description\":\"\",\"potentialAction\":[{\"@type\":\"SearchAction\",\"target\":{\"@type\":\"EntryPoint\",\"urlTemplate\":\"https:\\\/\\\/interamerica.org\\\/fr\\\/?s={search_term_string}\"},\"query-input\":{\"@type\":\"PropertyValueSpecification\",\"valueRequired\":true,\"valueName\":\"search_term_string\"}}],\"inLanguage\":\"fr-FR\"},{\"@type\":\"Person\",\"@id\":\"https:\\\/\\\/interamerica.org\\\/fr\\\/#\\\/schema\\\/person\\\/68ede8bdc292885bb76c1e3810e73c39\",\"name\":\"Lorenzo Verduzco\",\"image\":{\"@type\":\"ImageObject\",\"inLanguage\":\"fr-FR\",\"@id\":\"https:\\\/\\\/secure.gravatar.com\\\/avatar\\\/fb81a55b6218459490a9c1dc841a34909185b81904c5337b4b27f7a6fd60c49e?s=96&d=mm&r=g\",\"url\":\"https:\\\/\\\/secure.gravatar.com\\\/avatar\\\/fb81a55b6218459490a9c1dc841a34909185b81904c5337b4b27f7a6fd60c49e?s=96&d=mm&r=g\",\"contentUrl\":\"https:\\\/\\\/secure.gravatar.com\\\/avatar\\\/fb81a55b6218459490a9c1dc841a34909185b81904c5337b4b27f7a6fd60c49e?s=96&d=mm&r=g\",\"caption\":\"Lorenzo Verduzco\"}}]}<\/script>\n<!-- \/ Yoast SEO plugin. -->","yoast_head_json":{"title":"Des \u00e9missaires adventistes demandent \u00e0 Obama de prot\u00e9ger la libert\u00e9 religieuse - \u00c9glise Adventiste Du Septieme Jour - Inter Am\u00e9rique Division","robots":{"index":"index","follow":"follow","max-snippet":"max-snippet:-1","max-image-preview":"max-image-preview:large","max-video-preview":"max-video-preview:-1"},"canonical":"https:\/\/interamerica.org\/fr\/2015\/04\/des-emissaires-adventistes-demandent-a-obama-de-proteger-la-liberte-religieuse\/","og_locale":"fr_FR","og_type":"article","og_title":"Des \u00e9missaires adventistes demandent \u00e0 Obama de prot\u00e9ger la libert\u00e9 religieuse - \u00c9glise Adventiste Du Septieme Jour - Inter Am\u00e9rique Division","og_description":"7 avril 2015\/ Silver Spring, Maryland, \u00c9tats-Unis\/ Andrew McChesney, directeur des informations \u00e0 la Revue Adventiste L&rsquo;\u00c9glise Adventiste du Septi\u00e8me Jour a officiellement demand\u00e9 au Pr\u00e9sident des \u00c9tats-Unis Barack Obama...","og_url":"https:\/\/interamerica.org\/fr\/2015\/04\/des-emissaires-adventistes-demandent-a-obama-de-proteger-la-liberte-religieuse\/","og_site_name":"\u00c9glise Adventiste Du Septieme Jour - Inter Am\u00e9rique Division","article_published_time":"2015-04-08T04:00:00+00:00","og_image":[{"width":1000,"height":500,"url":"https:\/\/interamerica.org\/wp-content\/uploads\/2017\/06\/obama-3.jpg","type":"image\/jpeg"}],"author":"Lorenzo Verduzco","twitter_card":"summary_large_image","twitter_misc":{"\u00c9crit par":"Lorenzo Verduzco","Dur\u00e9e de lecture estim\u00e9e":"6 minutes"},"schema":{"@context":"https:\/\/schema.org","@graph":[{"@type":"Article","@id":"https:\/\/interamerica.org\/fr\/2015\/04\/des-emissaires-adventistes-demandent-a-obama-de-proteger-la-liberte-religieuse\/#article","isPartOf":{"@id":"https:\/\/interamerica.org\/fr\/2015\/04\/des-emissaires-adventistes-demandent-a-obama-de-proteger-la-liberte-religieuse\/"},"author":{"name":"Lorenzo Verduzco","@id":"https:\/\/interamerica.org\/fr\/#\/schema\/person\/68ede8bdc292885bb76c1e3810e73c39"},"headline":"Des \u00e9missaires adventistes demandent \u00e0 Obama de prot\u00e9ger la libert\u00e9 religieuse","datePublished":"2015-04-08T04:00:00+00:00","mainEntityOfPage":{"@id":"https:\/\/interamerica.org\/fr\/2015\/04\/des-emissaires-adventistes-demandent-a-obama-de-proteger-la-liberte-religieuse\/"},"wordCount":1228,"image":{"@id":"https:\/\/interamerica.org\/fr\/2015\/04\/des-emissaires-adventistes-demandent-a-obama-de-proteger-la-liberte-religieuse\/#primaryimage"},"thumbnailUrl":"https:\/\/interamerica.org\/wp-content\/uploads\/2017\/06\/obama-3.jpg","articleSection":["Nouvelles de l'\u00c9glise mondiale","RSS Fran\u00e7ais"],"inLanguage":"fr-FR"},{"@type":"WebPage","@id":"https:\/\/interamerica.org\/fr\/2015\/04\/des-emissaires-adventistes-demandent-a-obama-de-proteger-la-liberte-religieuse\/","url":"https:\/\/interamerica.org\/fr\/2015\/04\/des-emissaires-adventistes-demandent-a-obama-de-proteger-la-liberte-religieuse\/","name":"Des \u00e9missaires adventistes demandent \u00e0 Obama de prot\u00e9ger la libert\u00e9 religieuse - \u00c9glise Adventiste Du Septieme Jour - Inter Am\u00e9rique Division","isPartOf":{"@id":"https:\/\/interamerica.org\/fr\/#website"},"primaryImageOfPage":{"@id":"https:\/\/interamerica.org\/fr\/2015\/04\/des-emissaires-adventistes-demandent-a-obama-de-proteger-la-liberte-religieuse\/#primaryimage"},"image":{"@id":"https:\/\/interamerica.org\/fr\/2015\/04\/des-emissaires-adventistes-demandent-a-obama-de-proteger-la-liberte-religieuse\/#primaryimage"},"thumbnailUrl":"https:\/\/interamerica.org\/wp-content\/uploads\/2017\/06\/obama-3.jpg","datePublished":"2015-04-08T04:00:00+00:00","author":{"@id":"https:\/\/interamerica.org\/fr\/#\/schema\/person\/68ede8bdc292885bb76c1e3810e73c39"},"breadcrumb":{"@id":"https:\/\/interamerica.org\/fr\/2015\/04\/des-emissaires-adventistes-demandent-a-obama-de-proteger-la-liberte-religieuse\/#breadcrumb"},"inLanguage":"fr-FR","potentialAction":[{"@type":"ReadAction","target":["https:\/\/interamerica.org\/fr\/2015\/04\/des-emissaires-adventistes-demandent-a-obama-de-proteger-la-liberte-religieuse\/"]}]},{"@type":"ImageObject","inLanguage":"fr-FR","@id":"https:\/\/interamerica.org\/fr\/2015\/04\/des-emissaires-adventistes-demandent-a-obama-de-proteger-la-liberte-religieuse\/#primaryimage","url":"https:\/\/interamerica.org\/wp-content\/uploads\/2017\/06\/obama-3.jpg","contentUrl":"https:\/\/interamerica.org\/wp-content\/uploads\/2017\/06\/obama-3.jpg","width":1000,"height":500},{"@type":"BreadcrumbList","@id":"https:\/\/interamerica.org\/fr\/2015\/04\/des-emissaires-adventistes-demandent-a-obama-de-proteger-la-liberte-religieuse\/#breadcrumb","itemListElement":[{"@type":"ListItem","position":1,"name":"Home","item":"https:\/\/interamerica.org\/fr\/"},{"@type":"ListItem","position":2,"name":"Des \u00e9missaires adventistes demandent \u00e0 Obama de prot\u00e9ger la libert\u00e9 religieuse"}]},{"@type":"WebSite","@id":"https:\/\/interamerica.org\/fr\/#website","url":"https:\/\/interamerica.org\/fr\/","name":"\u00c9glise Adventiste Du Septieme Jour - Inter Am\u00e9rique Division","description":"","potentialAction":[{"@type":"SearchAction","target":{"@type":"EntryPoint","urlTemplate":"https:\/\/interamerica.org\/fr\/?s={search_term_string}"},"query-input":{"@type":"PropertyValueSpecification","valueRequired":true,"valueName":"search_term_string"}}],"inLanguage":"fr-FR"},{"@type":"Person","@id":"https:\/\/interamerica.org\/fr\/#\/schema\/person\/68ede8bdc292885bb76c1e3810e73c39","name":"Lorenzo Verduzco","image":{"@type":"ImageObject","inLanguage":"fr-FR","@id":"https:\/\/secure.gravatar.com\/avatar\/fb81a55b6218459490a9c1dc841a34909185b81904c5337b4b27f7a6fd60c49e?s=96&d=mm&r=g","url":"https:\/\/secure.gravatar.com\/avatar\/fb81a55b6218459490a9c1dc841a34909185b81904c5337b4b27f7a6fd60c49e?s=96&d=mm&r=g","contentUrl":"https:\/\/secure.gravatar.com\/avatar\/fb81a55b6218459490a9c1dc841a34909185b81904c5337b4b27f7a6fd60c49e?s=96&d=mm&r=g","caption":"Lorenzo Verduzco"}}]}},"_links":{"self":[{"href":"https:\/\/interamerica.org\/fr\/wp-json\/wp\/v2\/posts\/32230","targetHints":{"allow":["GET"]}}],"collection":[{"href":"https:\/\/interamerica.org\/fr\/wp-json\/wp\/v2\/posts"}],"about":[{"href":"https:\/\/interamerica.org\/fr\/wp-json\/wp\/v2\/types\/post"}],"author":[{"embeddable":true,"href":"https:\/\/interamerica.org\/fr\/wp-json\/wp\/v2\/users\/1"}],"replies":[{"embeddable":true,"href":"https:\/\/interamerica.org\/fr\/wp-json\/wp\/v2\/comments?post=32230"}],"version-history":[{"count":0,"href":"https:\/\/interamerica.org\/fr\/wp-json\/wp\/v2\/posts\/32230\/revisions"}],"wp:featuredmedia":[{"embeddable":true,"href":"https:\/\/interamerica.org\/fr\/wp-json\/wp\/v2\/media\/24973"}],"wp:attachment":[{"href":"https:\/\/interamerica.org\/fr\/wp-json\/wp\/v2\/media?parent=32230"}],"wp:term":[{"taxonomy":"category","embeddable":true,"href":"https:\/\/interamerica.org\/fr\/wp-json\/wp\/v2\/categories?post=32230"},{"taxonomy":"post_tag","embeddable":true,"href":"https:\/\/interamerica.org\/fr\/wp-json\/wp\/v2\/tags?post=32230"}],"curies":[{"name":"wp","href":"https:\/\/api.w.org\/{rel}","templated":true}]}}