{"id":32231,"date":"2015-04-11T00:00:00","date_gmt":"2015-04-11T04:00:00","guid":{"rendered":"http:\/\/192.81.217.108\/interamerica\/2015\/04\/hope-channel-demarre-une-campagne-pour-reconstruire-les-eglises-du-vanuatu\/"},"modified":"2015-04-11T00:00:00","modified_gmt":"2015-04-11T04:00:00","slug":"hope-channel-demarre-une-campagne-pour-reconstruire-les-eglises-du-vanuatu","status":"publish","type":"post","link":"https:\/\/interamerica.org\/fr\/2015\/04\/hope-channel-demarre-une-campagne-pour-reconstruire-les-eglises-du-vanuatu\/","title":{"rendered":"Hope Channel d\u00e9marre une campagne pour reconstruire les \u00e9glises du Vanuatu"},"content":{"rendered":"<div id=\"attachment_16309\" style=\"width: 710px\" class=\"wp-caption aligncenter\"><a href=\"\/interamerica\/wp-content\/uploads\/2017\/06\/rsz_devastation_after_cyclone_pam_14_march_20151.jpg\" rel=\"fancybox\" title=\"Hope Channel d\u00e9marre une campagne pour reconstruire les \u00e9glises du Vanuatu\"><img fetchpriority=\"high\" decoding=\"async\" aria-describedby=\"caption-attachment-16309\" class=\" wp-image-16309\" src=\"\/interamerica\/wp-content\/uploads\/2017\/06\/rsz_devastation_after_cyclone_pam_14_march_20151.jpg\" alt=\"\" width=\"700\" height=\"349\" \/><\/a><p id=\"caption-attachment-16309\" class=\"wp-caption-text\">Cyclone Pam coups Vanuatu capitale, Port Vila, sur Mars 14. Photo: Graham Crumb\/Humans of Vanuatu<\/p><\/div>\n<p>10 Avril 2015 \u2013 Linden Chuang et Adventist Review<\/p>\n<p>Hope Channel a mis en place un compte sp\u00e9cial afin de r\u00e9colter des fonds dans le but de reconstruire les 53 \u00e9glises Adventistes d\u00e9truites le mois dernier par le cyclone Pam au Vanuatu, une ile du Pacifique Sud.<\/p>\n<p>\u00ab L\u2019Eglise Adventiste au Vanuatu a besoin de notre aide pour reconstruire, \u00bb a dit la chaine de t\u00e9l\u00e9vision Adventiste dans un appel lanc\u00e9 sur son site web. \u00ab Donnez un peu pour beaucoup aider le Vanuatu. \u00bb<\/p>\n<p>L\u2019Eglise Adventiste du Septi\u00e8me Jour a perdu 53 \u00e9glises sur les 85 qu\u2019elle poss\u00e8de suite \u00e0 cet ouragan de cat\u00e9gorie 5, a indiqu\u00e9 la Mission du Vanuatu. Plusieurs \u00e9coles ainsi que les foyers de centaines de membres d\u2019\u00e9glise ont \u00e9t\u00e9 d\u00e9truits.<\/p>\n<p>Le gouvernement du Vanuatu apportera certainement son aide pour la reconstruction des \u00e9coles, et les agences comme l\u2019Agence Adventiste de D\u00e9veloppement et d\u2019Aide Humanitaire aident ceux qui ont \u00e9t\u00e9 touch\u00e9s par la catastrophe. Mais il n\u2019y a pas d\u2019argent pour reconstruire les \u00e9glises, qui d\u2019ailleurs n\u2019\u00e9taient pas assur\u00e9es.<\/p>\n<p>\u00ab Le plus grand besoin est \u2026 pour l\u2019\u00e9glise dans le Pacifique Sud de se rassembler pour reconstruire ce que l\u2019\u00e9glise a perdu, \u00bb a d\u00e9clar\u00e9 Fran\u00e7ois Keet, principal responsable financier de l\u2019Union Mission Trans-Pacifique. \u00ab C\u2019est probablement l\u2019une des catastrophes intervenues dans les Iles du Pacifique au cours de laquelle l\u2019\u00e9glise a sans conteste subi les plus lourdes pertes. \u00bb<\/p>\n<p>On ne sait toujours pas \u00e0 combien s\u2019\u00e9l\u00e8vera le montant de la reconstruction.<\/p>\n<p>Glenn Townend, pr\u00e9sident de l\u2019Union Mission Trans-Pacifique, a d\u00e9clar\u00e9 que la perte de tant de d\u2019\u00e9glises Adventistes avait inflig\u00e9 un \u00e9norme coup dur aux communaut\u00e9s locales.<\/p>\n<p>\u00ab Je me suis d\u00e9j\u00e0 retrouv\u00e9 dans des villages o\u00f9 les gens se r\u00e9unissent pour le culte avant d\u2019aller au travail, et ensuite apr\u00e8s le travail, il se retrouvent parce que la communaut\u00e9 est b\u00e2tie autour de l\u2019\u00e9glise, \u00bb a t-il expliqu\u00e9. \u00ab Les \u00e9glises sont au c\u0153ur de la vie du village. \u00bb<\/p>\n<p>Les leaders de l\u2019\u00e9glise disent que la situation est incroyablement pr\u00e9occupante parce que beaucoup de membres d\u2019\u00e9glise ont perdu leurs sources de revenus \u00e0 cause du cyclone et par cons\u00e9quent ont du mal \u00e0 soutenir la reconstruction des foyers et des \u00e9glises.<\/p>\n<p>Le Vanuatu fait \u00e9galement face \u00e0 une p\u00e9nurie de mat\u00e9riaux de construction apr\u00e8s que le cyclone ait d\u00e9truit un grand nombre d\u2019arbres.<\/p>\n<p>Visitez s\u2019il vous plait la page web <a href=\"https:\/\/www.hopechannel.com\/donations\/vanuatu-appeal\">Hop.ec\/vanuatu<\/a> afin de faire un don. <a href=\"https:\/\/www.hopechannel.com\/watch\/playlists\/vanuatu-appeal\">Plusieurs spots de 30 secondes pour la t\u00e9l\u00e9vision<\/a> sont d\u00e9j\u00e0 disponibles en ligne afin qu\u2019ils soient partag\u00e9s sur les r\u00e9seaux sociaux. Les vid\u00e9os peuvent \u00e9galement \u00eatre t\u00e9l\u00e9charg\u00e9es pour ceux qui d\u00e9sirent les diffuser dans leurs \u00e9glises locales.<\/p>\n<p>Traduction: Patrick Luciathe<\/p>\n","protected":false},"excerpt":{"rendered":"<p>Hope Channel a mis en place un compte sp\u00e9cial afin de r\u00e9colter des fonds dans le but de reconstruire les 53 \u00e9glises Adventistes d\u00e9truites le mois dernier par le cyclone Pam au Vanuatu, une ile du Pacifique Sud.  \u00ab L\u2019Eglise Adventiste au Vanuatu a besoin de notre aide pour reconstruire, \u00bb a dit la chaine de t\u00e9l\u00e9vision Adventiste dans un appel lanc\u00e9 sur son site web. <\/p>\n<p>\u00ab Donnez un peu pour beaucoup aider le Vanuatu. \u00bb<\/p>\n","protected":false},"author":1,"featured_media":24988,"comment_status":"closed","ping_status":"closed","sticky":false,"template":"","format":"standard","meta":{"_acf_changed":false,"footnotes":""},"categories":[18,19],"tags":[],"class_list":["post-32231","post","type-post","status-publish","format-standard","has-post-thumbnail","hentry","category-nouvelles-de-leglise-mondiale","category-rss-francais"],"acf":[],"yoast_head":"<!-- This site is optimized with the Yoast SEO plugin v27.3 - https:\/\/yoast.com\/product\/yoast-seo-wordpress\/ -->\n<title>Hope Channel d\u00e9marre une campagne pour reconstruire les \u00e9glises du Vanuatu - \u00c9glise Adventiste Du Septieme Jour - Inter Am\u00e9rique Division<\/title>\n<meta name=\"robots\" content=\"index, follow, max-snippet:-1, max-image-preview:large, max-video-preview:-1\" \/>\n<link rel=\"canonical\" href=\"https:\/\/interamerica.org\/fr\/2015\/04\/hope-channel-demarre-une-campagne-pour-reconstruire-les-eglises-du-vanuatu\/\" \/>\n<meta property=\"og:locale\" content=\"fr_FR\" \/>\n<meta property=\"og:type\" content=\"article\" \/>\n<meta property=\"og:title\" content=\"Hope Channel d\u00e9marre une campagne pour reconstruire les \u00e9glises du Vanuatu - \u00c9glise Adventiste Du Septieme Jour - Inter Am\u00e9rique Division\" \/>\n<meta property=\"og:description\" content=\"Hope Channel a mis en place un compte sp\u00e9cial afin de r\u00e9colter des fonds dans le but de reconstruire les 53 \u00e9glises Adventistes d\u00e9truites le mois dernier par le cyclone Pam au Vanuatu, une ile du Pacifique Sud. \u00ab L\u2019Eglise Adventiste au Vanuatu a besoin de notre aide pour reconstruire, \u00bb a dit la chaine de t\u00e9l\u00e9vision Adventiste dans un appel lanc\u00e9 sur son site web.  \u00ab Donnez un peu pour beaucoup aider le Vanuatu. \u00bb\" \/>\n<meta property=\"og:url\" content=\"https:\/\/interamerica.org\/fr\/2015\/04\/hope-channel-demarre-une-campagne-pour-reconstruire-les-eglises-du-vanuatu\/\" \/>\n<meta property=\"og:site_name\" content=\"\u00c9glise Adventiste Du Septieme Jour - Inter Am\u00e9rique Division\" \/>\n<meta property=\"article:published_time\" content=\"2015-04-11T04:00:00+00:00\" \/>\n<meta property=\"og:image\" content=\"https:\/\/interamerica.org\/wp-content\/uploads\/2017\/06\/rsz_devastation_after_cyclone_pam_14_march_2015.jpg\" \/>\n\t<meta property=\"og:image:width\" content=\"1000\" \/>\n\t<meta property=\"og:image:height\" content=\"499\" \/>\n\t<meta property=\"og:image:type\" content=\"image\/jpeg\" \/>\n<meta name=\"author\" content=\"Lorenzo Verduzco\" \/>\n<meta name=\"twitter:card\" content=\"summary_large_image\" \/>\n<meta name=\"twitter:label1\" content=\"\u00c9crit par\" \/>\n\t<meta name=\"twitter:data1\" content=\"Lorenzo Verduzco\" \/>\n\t<meta name=\"twitter:label2\" content=\"Dur\u00e9e de lecture estim\u00e9e\" \/>\n\t<meta name=\"twitter:data2\" content=\"3 minutes\" \/>\n<script type=\"application\/ld+json\" class=\"yoast-schema-graph\">{\"@context\":\"https:\\\/\\\/schema.org\",\"@graph\":[{\"@type\":\"Article\",\"@id\":\"https:\\\/\\\/interamerica.org\\\/fr\\\/2015\\\/04\\\/hope-channel-demarre-une-campagne-pour-reconstruire-les-eglises-du-vanuatu\\\/#article\",\"isPartOf\":{\"@id\":\"https:\\\/\\\/interamerica.org\\\/fr\\\/2015\\\/04\\\/hope-channel-demarre-une-campagne-pour-reconstruire-les-eglises-du-vanuatu\\\/\"},\"author\":{\"name\":\"Lorenzo Verduzco\",\"@id\":\"https:\\\/\\\/interamerica.org\\\/fr\\\/#\\\/schema\\\/person\\\/68ede8bdc292885bb76c1e3810e73c39\"},\"headline\":\"Hope Channel d\u00e9marre une campagne pour reconstruire les \u00e9glises du Vanuatu\",\"datePublished\":\"2015-04-11T04:00:00+00:00\",\"mainEntityOfPage\":{\"@id\":\"https:\\\/\\\/interamerica.org\\\/fr\\\/2015\\\/04\\\/hope-channel-demarre-une-campagne-pour-reconstruire-les-eglises-du-vanuatu\\\/\"},\"wordCount\":520,\"image\":{\"@id\":\"https:\\\/\\\/interamerica.org\\\/fr\\\/2015\\\/04\\\/hope-channel-demarre-une-campagne-pour-reconstruire-les-eglises-du-vanuatu\\\/#primaryimage\"},\"thumbnailUrl\":\"https:\\\/\\\/interamerica.org\\\/wp-content\\\/uploads\\\/2017\\\/06\\\/rsz_devastation_after_cyclone_pam_14_march_2015.jpg\",\"articleSection\":[\"Nouvelles de l'\u00c9glise mondiale\",\"RSS Fran\u00e7ais\"],\"inLanguage\":\"fr-FR\"},{\"@type\":\"WebPage\",\"@id\":\"https:\\\/\\\/interamerica.org\\\/fr\\\/2015\\\/04\\\/hope-channel-demarre-une-campagne-pour-reconstruire-les-eglises-du-vanuatu\\\/\",\"url\":\"https:\\\/\\\/interamerica.org\\\/fr\\\/2015\\\/04\\\/hope-channel-demarre-une-campagne-pour-reconstruire-les-eglises-du-vanuatu\\\/\",\"name\":\"Hope Channel d\u00e9marre une campagne pour reconstruire les \u00e9glises du Vanuatu - \u00c9glise Adventiste Du Septieme Jour - Inter Am\u00e9rique Division\",\"isPartOf\":{\"@id\":\"https:\\\/\\\/interamerica.org\\\/fr\\\/#website\"},\"primaryImageOfPage\":{\"@id\":\"https:\\\/\\\/interamerica.org\\\/fr\\\/2015\\\/04\\\/hope-channel-demarre-une-campagne-pour-reconstruire-les-eglises-du-vanuatu\\\/#primaryimage\"},\"image\":{\"@id\":\"https:\\\/\\\/interamerica.org\\\/fr\\\/2015\\\/04\\\/hope-channel-demarre-une-campagne-pour-reconstruire-les-eglises-du-vanuatu\\\/#primaryimage\"},\"thumbnailUrl\":\"https:\\\/\\\/interamerica.org\\\/wp-content\\\/uploads\\\/2017\\\/06\\\/rsz_devastation_after_cyclone_pam_14_march_2015.jpg\",\"datePublished\":\"2015-04-11T04:00:00+00:00\",\"author\":{\"@id\":\"https:\\\/\\\/interamerica.org\\\/fr\\\/#\\\/schema\\\/person\\\/68ede8bdc292885bb76c1e3810e73c39\"},\"breadcrumb\":{\"@id\":\"https:\\\/\\\/interamerica.org\\\/fr\\\/2015\\\/04\\\/hope-channel-demarre-une-campagne-pour-reconstruire-les-eglises-du-vanuatu\\\/#breadcrumb\"},\"inLanguage\":\"fr-FR\",\"potentialAction\":[{\"@type\":\"ReadAction\",\"target\":[\"https:\\\/\\\/interamerica.org\\\/fr\\\/2015\\\/04\\\/hope-channel-demarre-une-campagne-pour-reconstruire-les-eglises-du-vanuatu\\\/\"]}]},{\"@type\":\"ImageObject\",\"inLanguage\":\"fr-FR\",\"@id\":\"https:\\\/\\\/interamerica.org\\\/fr\\\/2015\\\/04\\\/hope-channel-demarre-une-campagne-pour-reconstruire-les-eglises-du-vanuatu\\\/#primaryimage\",\"url\":\"https:\\\/\\\/interamerica.org\\\/wp-content\\\/uploads\\\/2017\\\/06\\\/rsz_devastation_after_cyclone_pam_14_march_2015.jpg\",\"contentUrl\":\"https:\\\/\\\/interamerica.org\\\/wp-content\\\/uploads\\\/2017\\\/06\\\/rsz_devastation_after_cyclone_pam_14_march_2015.jpg\",\"width\":1000,\"height\":499},{\"@type\":\"BreadcrumbList\",\"@id\":\"https:\\\/\\\/interamerica.org\\\/fr\\\/2015\\\/04\\\/hope-channel-demarre-une-campagne-pour-reconstruire-les-eglises-du-vanuatu\\\/#breadcrumb\",\"itemListElement\":[{\"@type\":\"ListItem\",\"position\":1,\"name\":\"Home\",\"item\":\"https:\\\/\\\/interamerica.org\\\/fr\\\/\"},{\"@type\":\"ListItem\",\"position\":2,\"name\":\"Hope Channel d\u00e9marre une campagne pour reconstruire les \u00e9glises du Vanuatu\"}]},{\"@type\":\"WebSite\",\"@id\":\"https:\\\/\\\/interamerica.org\\\/fr\\\/#website\",\"url\":\"https:\\\/\\\/interamerica.org\\\/fr\\\/\",\"name\":\"\u00c9glise Adventiste Du Septieme Jour - Inter Am\u00e9rique Division\",\"description\":\"\",\"potentialAction\":[{\"@type\":\"SearchAction\",\"target\":{\"@type\":\"EntryPoint\",\"urlTemplate\":\"https:\\\/\\\/interamerica.org\\\/fr\\\/?s={search_term_string}\"},\"query-input\":{\"@type\":\"PropertyValueSpecification\",\"valueRequired\":true,\"valueName\":\"search_term_string\"}}],\"inLanguage\":\"fr-FR\"},{\"@type\":\"Person\",\"@id\":\"https:\\\/\\\/interamerica.org\\\/fr\\\/#\\\/schema\\\/person\\\/68ede8bdc292885bb76c1e3810e73c39\",\"name\":\"Lorenzo Verduzco\",\"image\":{\"@type\":\"ImageObject\",\"inLanguage\":\"fr-FR\",\"@id\":\"https:\\\/\\\/secure.gravatar.com\\\/avatar\\\/fb81a55b6218459490a9c1dc841a34909185b81904c5337b4b27f7a6fd60c49e?s=96&d=mm&r=g\",\"url\":\"https:\\\/\\\/secure.gravatar.com\\\/avatar\\\/fb81a55b6218459490a9c1dc841a34909185b81904c5337b4b27f7a6fd60c49e?s=96&d=mm&r=g\",\"contentUrl\":\"https:\\\/\\\/secure.gravatar.com\\\/avatar\\\/fb81a55b6218459490a9c1dc841a34909185b81904c5337b4b27f7a6fd60c49e?s=96&d=mm&r=g\",\"caption\":\"Lorenzo Verduzco\"}}]}<\/script>\n<!-- \/ Yoast SEO plugin. -->","yoast_head_json":{"title":"Hope Channel d\u00e9marre une campagne pour reconstruire les \u00e9glises du Vanuatu - \u00c9glise Adventiste Du Septieme Jour - Inter Am\u00e9rique Division","robots":{"index":"index","follow":"follow","max-snippet":"max-snippet:-1","max-image-preview":"max-image-preview:large","max-video-preview":"max-video-preview:-1"},"canonical":"https:\/\/interamerica.org\/fr\/2015\/04\/hope-channel-demarre-une-campagne-pour-reconstruire-les-eglises-du-vanuatu\/","og_locale":"fr_FR","og_type":"article","og_title":"Hope Channel d\u00e9marre une campagne pour reconstruire les \u00e9glises du Vanuatu - \u00c9glise Adventiste Du Septieme Jour - Inter Am\u00e9rique Division","og_description":"Hope Channel a mis en place un compte sp\u00e9cial afin de r\u00e9colter des fonds dans le but de reconstruire les 53 \u00e9glises Adventistes d\u00e9truites le mois dernier par le cyclone Pam au Vanuatu, une ile du Pacifique Sud. \u00ab L\u2019Eglise Adventiste au Vanuatu a besoin de notre aide pour reconstruire, \u00bb a dit la chaine de t\u00e9l\u00e9vision Adventiste dans un appel lanc\u00e9 sur son site web.  \u00ab Donnez un peu pour beaucoup aider le Vanuatu. \u00bb","og_url":"https:\/\/interamerica.org\/fr\/2015\/04\/hope-channel-demarre-une-campagne-pour-reconstruire-les-eglises-du-vanuatu\/","og_site_name":"\u00c9glise Adventiste Du Septieme Jour - Inter Am\u00e9rique Division","article_published_time":"2015-04-11T04:00:00+00:00","og_image":[{"width":1000,"height":499,"url":"https:\/\/interamerica.org\/wp-content\/uploads\/2017\/06\/rsz_devastation_after_cyclone_pam_14_march_2015.jpg","type":"image\/jpeg"}],"author":"Lorenzo Verduzco","twitter_card":"summary_large_image","twitter_misc":{"\u00c9crit par":"Lorenzo Verduzco","Dur\u00e9e de lecture estim\u00e9e":"3 minutes"},"schema":{"@context":"https:\/\/schema.org","@graph":[{"@type":"Article","@id":"https:\/\/interamerica.org\/fr\/2015\/04\/hope-channel-demarre-une-campagne-pour-reconstruire-les-eglises-du-vanuatu\/#article","isPartOf":{"@id":"https:\/\/interamerica.org\/fr\/2015\/04\/hope-channel-demarre-une-campagne-pour-reconstruire-les-eglises-du-vanuatu\/"},"author":{"name":"Lorenzo Verduzco","@id":"https:\/\/interamerica.org\/fr\/#\/schema\/person\/68ede8bdc292885bb76c1e3810e73c39"},"headline":"Hope Channel d\u00e9marre une campagne pour reconstruire les \u00e9glises du Vanuatu","datePublished":"2015-04-11T04:00:00+00:00","mainEntityOfPage":{"@id":"https:\/\/interamerica.org\/fr\/2015\/04\/hope-channel-demarre-une-campagne-pour-reconstruire-les-eglises-du-vanuatu\/"},"wordCount":520,"image":{"@id":"https:\/\/interamerica.org\/fr\/2015\/04\/hope-channel-demarre-une-campagne-pour-reconstruire-les-eglises-du-vanuatu\/#primaryimage"},"thumbnailUrl":"https:\/\/interamerica.org\/wp-content\/uploads\/2017\/06\/rsz_devastation_after_cyclone_pam_14_march_2015.jpg","articleSection":["Nouvelles de l'\u00c9glise mondiale","RSS Fran\u00e7ais"],"inLanguage":"fr-FR"},{"@type":"WebPage","@id":"https:\/\/interamerica.org\/fr\/2015\/04\/hope-channel-demarre-une-campagne-pour-reconstruire-les-eglises-du-vanuatu\/","url":"https:\/\/interamerica.org\/fr\/2015\/04\/hope-channel-demarre-une-campagne-pour-reconstruire-les-eglises-du-vanuatu\/","name":"Hope Channel d\u00e9marre une campagne pour reconstruire les \u00e9glises du Vanuatu - \u00c9glise Adventiste Du Septieme Jour - Inter Am\u00e9rique Division","isPartOf":{"@id":"https:\/\/interamerica.org\/fr\/#website"},"primaryImageOfPage":{"@id":"https:\/\/interamerica.org\/fr\/2015\/04\/hope-channel-demarre-une-campagne-pour-reconstruire-les-eglises-du-vanuatu\/#primaryimage"},"image":{"@id":"https:\/\/interamerica.org\/fr\/2015\/04\/hope-channel-demarre-une-campagne-pour-reconstruire-les-eglises-du-vanuatu\/#primaryimage"},"thumbnailUrl":"https:\/\/interamerica.org\/wp-content\/uploads\/2017\/06\/rsz_devastation_after_cyclone_pam_14_march_2015.jpg","datePublished":"2015-04-11T04:00:00+00:00","author":{"@id":"https:\/\/interamerica.org\/fr\/#\/schema\/person\/68ede8bdc292885bb76c1e3810e73c39"},"breadcrumb":{"@id":"https:\/\/interamerica.org\/fr\/2015\/04\/hope-channel-demarre-une-campagne-pour-reconstruire-les-eglises-du-vanuatu\/#breadcrumb"},"inLanguage":"fr-FR","potentialAction":[{"@type":"ReadAction","target":["https:\/\/interamerica.org\/fr\/2015\/04\/hope-channel-demarre-une-campagne-pour-reconstruire-les-eglises-du-vanuatu\/"]}]},{"@type":"ImageObject","inLanguage":"fr-FR","@id":"https:\/\/interamerica.org\/fr\/2015\/04\/hope-channel-demarre-une-campagne-pour-reconstruire-les-eglises-du-vanuatu\/#primaryimage","url":"https:\/\/interamerica.org\/wp-content\/uploads\/2017\/06\/rsz_devastation_after_cyclone_pam_14_march_2015.jpg","contentUrl":"https:\/\/interamerica.org\/wp-content\/uploads\/2017\/06\/rsz_devastation_after_cyclone_pam_14_march_2015.jpg","width":1000,"height":499},{"@type":"BreadcrumbList","@id":"https:\/\/interamerica.org\/fr\/2015\/04\/hope-channel-demarre-une-campagne-pour-reconstruire-les-eglises-du-vanuatu\/#breadcrumb","itemListElement":[{"@type":"ListItem","position":1,"name":"Home","item":"https:\/\/interamerica.org\/fr\/"},{"@type":"ListItem","position":2,"name":"Hope Channel d\u00e9marre une campagne pour reconstruire les \u00e9glises du Vanuatu"}]},{"@type":"WebSite","@id":"https:\/\/interamerica.org\/fr\/#website","url":"https:\/\/interamerica.org\/fr\/","name":"\u00c9glise Adventiste Du Septieme Jour - Inter Am\u00e9rique Division","description":"","potentialAction":[{"@type":"SearchAction","target":{"@type":"EntryPoint","urlTemplate":"https:\/\/interamerica.org\/fr\/?s={search_term_string}"},"query-input":{"@type":"PropertyValueSpecification","valueRequired":true,"valueName":"search_term_string"}}],"inLanguage":"fr-FR"},{"@type":"Person","@id":"https:\/\/interamerica.org\/fr\/#\/schema\/person\/68ede8bdc292885bb76c1e3810e73c39","name":"Lorenzo Verduzco","image":{"@type":"ImageObject","inLanguage":"fr-FR","@id":"https:\/\/secure.gravatar.com\/avatar\/fb81a55b6218459490a9c1dc841a34909185b81904c5337b4b27f7a6fd60c49e?s=96&d=mm&r=g","url":"https:\/\/secure.gravatar.com\/avatar\/fb81a55b6218459490a9c1dc841a34909185b81904c5337b4b27f7a6fd60c49e?s=96&d=mm&r=g","contentUrl":"https:\/\/secure.gravatar.com\/avatar\/fb81a55b6218459490a9c1dc841a34909185b81904c5337b4b27f7a6fd60c49e?s=96&d=mm&r=g","caption":"Lorenzo Verduzco"}}]}},"_links":{"self":[{"href":"https:\/\/interamerica.org\/fr\/wp-json\/wp\/v2\/posts\/32231","targetHints":{"allow":["GET"]}}],"collection":[{"href":"https:\/\/interamerica.org\/fr\/wp-json\/wp\/v2\/posts"}],"about":[{"href":"https:\/\/interamerica.org\/fr\/wp-json\/wp\/v2\/types\/post"}],"author":[{"embeddable":true,"href":"https:\/\/interamerica.org\/fr\/wp-json\/wp\/v2\/users\/1"}],"replies":[{"embeddable":true,"href":"https:\/\/interamerica.org\/fr\/wp-json\/wp\/v2\/comments?post=32231"}],"version-history":[{"count":0,"href":"https:\/\/interamerica.org\/fr\/wp-json\/wp\/v2\/posts\/32231\/revisions"}],"wp:featuredmedia":[{"embeddable":true,"href":"https:\/\/interamerica.org\/fr\/wp-json\/wp\/v2\/media\/24988"}],"wp:attachment":[{"href":"https:\/\/interamerica.org\/fr\/wp-json\/wp\/v2\/media?parent=32231"}],"wp:term":[{"taxonomy":"category","embeddable":true,"href":"https:\/\/interamerica.org\/fr\/wp-json\/wp\/v2\/categories?post=32231"},{"taxonomy":"post_tag","embeddable":true,"href":"https:\/\/interamerica.org\/fr\/wp-json\/wp\/v2\/tags?post=32231"}],"curies":[{"name":"wp","href":"https:\/\/api.w.org\/{rel}","templated":true}]}}