{"id":32232,"date":"2015-04-13T00:00:00","date_gmt":"2015-04-13T04:00:00","guid":{"rendered":"http:\/\/192.81.217.108\/interamerica\/2015\/04\/ellen-white-a-maintenant-un-centre-daccueil-de-visiteurs-de-classe-mondiale\/"},"modified":"2015-04-13T00:00:00","modified_gmt":"2015-04-13T04:00:00","slug":"ellen-white-a-maintenant-un-centre-daccueil-de-visiteurs-de-classe-mondiale","status":"publish","type":"post","link":"https:\/\/interamerica.org\/fr\/2015\/04\/ellen-white-a-maintenant-un-centre-daccueil-de-visiteurs-de-classe-mondiale\/","title":{"rendered":"Ellen White a maintenant un centre d\u2019accueil de visiteurs de classe mondiale"},"content":{"rendered":"<div id=\"attachment_16330\" style=\"width: 710px\" class=\"wp-caption aligncenter\"><a href=\"\/interamerica\/wp-content\/uploads\/2017\/06\/rsz_egw_estate-1.jpg\" rel=\"fancybox\" title=\"Ellen White a maintenant un centre d\u2019accueil de visiteurs de classe mondiale\"><img fetchpriority=\"high\" decoding=\"async\" aria-describedby=\"caption-attachment-16330\" class=\" wp-image-16330 \" src=\"\/interamerica\/wp-content\/uploads\/2017\/06\/rsz_egw_estate-1.jpg\" alt=\"\" width=\"700\" height=\"350\" \/><\/a><p id=\"caption-attachment-16330\" class=\"wp-caption-text\">James R. Nix, \u00e0 gauche, et Ted N.C. Wilson proc\u00e8dent \u00e0 l\u2019ouverture d\u2019un centre d\u2019accueil de visiteurs au White Estate (Fondation Ellen White) le dimanche 12 avril. Image de Mylon Medley\/ANN.<\/p><\/div>\n<p>13 Avril 2015 \u2013 Silver Spring, Maryland, Etats Unis \u2013 Andrew McChesney, r\u00e9dacteur, Adventist Review<\/p>\n<p>James R. Nix, directeur de la Fondation Ellen G. White, a ressenti une pointe de jalousie \u00e0 la vue d\u2019une statue de Joseph Smith.<\/p>\n<p>La statue, qui montre Joseph Smith en train d\u2019\u00eatre commissionn\u00e9 en tant que proph\u00e8te de l\u2019Eglise de J\u00e9sus Christ des Saints des Derniers Jours, a retenu l\u2019attention de James Nix lorsque son \u00e9pouse et lui sont entr\u00e9s dans un centre d\u2019accueil de visiteurs il y a plusieurs ann\u00e9es de cela \u00e0 Salt Lake City en Utah.<\/p>\n<p>Durant sa visite, il a vu un p\u00e8re regardant la statue avec son jeune fils d\u2019environ 3 ans.<\/p>\n<p>\u00ab Regarde, mon fils, \u00bb disait le p\u00e8re. \u00ab C\u2019est l\u00e0 que Dieu a appel\u00e9 le proph\u00e8te. \u00bb<\/p>\n<p>James Nix s\u2019est tourn\u00e9 vers son \u00e9pouse et lui a dit : \u00ab O\u00f9 dans l\u2019Eglise Adventiste du Septi\u00e8me Jour puis-je avoir ce genre d\u2019exp\u00e9rience avec mes enfants o\u00f9 mes petits-enfants ? \u00bb<\/p>\n<div id=\"attachment_16331\" style=\"width: 478px\" class=\"wp-caption alignright\"><a href=\"\/interamerica\/wp-content\/uploads\/2017\/06\/rsz_img_8367.jpg\" rel=\"fancybox\" title=\"Ellen White a maintenant un centre d\u2019accueil de visiteurs de classe mondiale\"><img decoding=\"async\" aria-describedby=\"caption-attachment-16331\" class=\" wp-image-16331   \" src=\"\/interamerica\/wp-content\/uploads\/2017\/06\/rsz_img_8367.jpg\" alt=\"\" width=\"468\" height=\"345\" \/><\/a><p id=\"caption-attachment-16331\" class=\"wp-caption-text\">L\u2019artiste Nathan Greene discute \u00e0 propos d\u2019une toile se trouvant dans l\u2019exposition \u00ab de l\u2019Eden \u00e0 l\u2019Eden \u00bb dans l\u2019atrium. Photo : Andrew McChesney\/AR.<\/p><\/div>\n<p>Le nouveau centre a \u00e9t\u00e9 inaugur\u00e9 dimanche soir de m\u00eame qu\u2019une nouvelle biblioth\u00e8que de recherche pour l\u2019Institut de Recherche Biblique situ\u00e9 au troisi\u00e8me \u00e9tage, et l\u2019exposition artistique \u00ab de l\u2019Eden \u00e0 l\u2019Eden \u00bb dans le hall et l\u2019atrium au rez-de-chauss\u00e9e. \u00ab de l\u2019Eden \u00e0 l\u2019Eden \u00bb est une collection de 78 peintures originales r\u00e9alis\u00e9es par Nathan Greene, Elfred Lee et d\u2019autres artistes Adventistes, d\u00e9crivant l\u2019histoire de la r\u00e9demption depuis l\u2019Eden d\u2019Adam et Eve jusqu\u2019au nouvel Eden apr\u00e8s le retour de J\u00e9sus.<\/p>\n<p>Ted Wilson a d\u00e9clar\u00e9 que les gens demanderaient peut-\u00eatre pourquoi l\u2019Eglise Adventiste a d\u00e9cid\u00e9 d\u2019investir dans les peintures ainsi que dans le nouveau centre d\u2019accueil de visiteurs du White Estate. La r\u00e9ponse, a t-il dit, est simple : les deux permettront \u00e0 l\u2019Eglise Adventiste de partager son esp\u00e9rance dans la prochaine venue de J\u00e9sus aupr\u00e8s de ceux qui ne sont pas membres d\u2019\u00e9glise, aupr\u00e8s des jeunes, et des nombreux autres visiteurs qui viennent au si\u00e8ge de l\u2019\u00e9glise chaque ann\u00e9e.<\/p>\n<p>Le centre d\u2019accueil des visiteurs du White Estate est divis\u00e9 en deux parties : l\u2019une consacr\u00e9e \u00e0 la vie d\u2019Ellen White, qui selon ce que croient les Adventistes, avait le don biblique de proph\u00e9tie, l\u2019autre partie \u00e9tant consacr\u00e9e \u00e0 son minist\u00e8re. Les salles intelligemment d\u00e9cor\u00e9es sont remplies de livres jaunis et de mobilier du 19\u00e8me si\u00e8cle, d\u2019un affichage dernier cri et d\u2019activit\u00e9s interactives pour tous les \u00e2ges.<\/p>\n<p>\u00ab J\u2019aime la combinaison de l\u2019histoire et de la technologie moderne, \u00bb a dit Alberto R. Timm, directeur adjoint du White Estate, il s\u2019\u00e9tait joint aux leaders de l\u2019\u00e9glise pour une visite au cours de la soir\u00e9e.<\/p>\n<p>\u00ab Vous pouvez litt\u00e9ralement passer une semaine \u00e0 lire tout ce qui se trouve ici, \u00bb a dit Ted Wilson.<\/p>\n<p>Il a fallu huit mois pour achever le r\u00e9am\u00e9nagement du centre, le travail a \u00e9t\u00e9 confi\u00e9 \u00e0 Flip TV, une soci\u00e9t\u00e9 de production Adventiste se trouvant \u00e0 Laurel dans le Maryland. Le co\u00fbt du projet n\u2019a pas \u00e9t\u00e9 d\u00e9voil\u00e9, mais James Nix a indiqu\u00e9 qu\u2019il avait pris grand soin de mettre de c\u00f4t\u00e9 de l\u2019argent pendant des ann\u00e9es pour r\u00e9unir les fonds n\u00e9cessaires pour couvrir la d\u00e9pense.<\/p>\n<p>Les visites du White Estate d\u00e9buteront le 1er juin et seront propos\u00e9es toutes les demi-heures du lundi au jeudi.<\/p>\n<div id=\"attachment_16333\" style=\"width: 310px\" class=\"wp-caption alignleft\"><a href=\"\/interamerica\/wp-content\/uploads\/2017\/06\/rsz_img_83791.jpg\" rel=\"fancybox\" title=\"Ellen White a maintenant un centre d\u2019accueil de visiteurs de classe mondiale\"><img decoding=\"async\" aria-describedby=\"caption-attachment-16333\" class=\"size-medium wp-image-16333\" src=\"\/interamerica\/wp-content\/uploads\/2017\/06\/rsz_img_83791-300x225.jpg\" alt=\"\" width=\"300\" height=\"225\" \/><\/a><p id=\"caption-attachment-16333\" class=\"wp-caption-text\">Le sculpteur Victor Issa pose avec son buste d\u2019Ellen G. White dans le nouveau centre d\u2019accueil de visiteurs. Image d\u2019Andrew McChesney\/AR.<\/p><\/div>\n<p>Victor Issa, un sculpteur Adventiste, peut \u00eatre mieux connu pour une s\u00e9rie de statues repr\u00e9sentant la Seconde Venue de J\u00e9sus dans l\u2019atrium du si\u00e8ge de l\u2019\u00e9glise, a r\u00e9alis\u00e9 un buste d\u2019Ellen White pour le centre d\u2019accueil de visiteurs.<\/p>\n<p>Victor Issa a marqu\u00e9 une pause d\u2019un air songeur lorsqu\u2019on lui a demand\u00e9 s\u2019il esp\u00e9rait que le buste ait un impact aussi grand sur les visiteurs que n\u2019a eu la statue de John Smith sur le p\u00e8re plusieurs ann\u00e9es auparavant.<\/p>\n<p>\u00ab J\u2019esp\u00e8re que les jeunes et les autres qui verront cela feront partie du groupe de ceux qui attendent la Seconde Venue, \u00bb a t-il dit.<\/p>\n<p>L\u2019incident a fait naitre un r\u00eave dont James Nix a finalement vu la r\u00e9alisation dimanche avec l\u2019inauguration du nouveau centre d\u2019accueil de visiteurs au White Estate. Les leaders de l\u2019\u00e9glise ont d\u00e9clar\u00e9 que la collection de documents historiques originaux, les souvenirs et les pr\u00e9sentations audiovisuelles, tout cela pr\u00e9sent\u00e9 de mani\u00e8re attrayante, n\u2019ont rien \u00e0 envier aux expositions se trouvant dans les mus\u00e9es de classe mondiale se trouvant \u00e0 Washington DC tout pr\u00e8s.<\/p>\n<p>\u00ab C\u2019est un r\u00eave qui est en chantier depuis de tr\u00e8s nombreuses ann\u00e9es, \u00bb a dit James Nix \u00e0 un groupe compos\u00e9 des principaux dirigeants de l\u2019\u00e9glise r\u00e9unis au si\u00e8ge de l\u2019\u00e9glise mondiale \u00e0 Silver Spring dans le Maryland \u00e0 l\u2019occasion du Concile de Printemps, une rencontre administrative annuelle de l\u2019\u00e9glise.<\/p>\n<p>James Nix et d\u2019autres leaders de l\u2019\u00e9glise esp\u00e8rent que le nouveau centre de visiteurs permettra aux gens de d\u00e9couvrir l\u2019histoire de l\u2019Eglise Adventiste et finalement de parvenir \u00e0 une connexion plus intime avec la Bible et avec J\u00e9sus.<\/p>\n<p>\u00ab Qu\u2019il puisse toujours diriger les gens vers la Parole et par dessus tout vers la Parole Vivante, \u00bb a dit Ted N.C. Wilson, le pr\u00e9sident de l\u2019Eglise Adventiste mondiale dans une pri\u00e8re de cons\u00e9cration prononc\u00e9e au centre d\u2019accueil des visiteurs, situ\u00e9 au sous-sol du si\u00e8ge de l\u2019\u00e9glise.<\/p>\n<p>Traduction: Patrick Luciathe<\/p>\n","protected":false},"excerpt":{"rendered":"<p>James R. Nix, directeur de la Fondation Ellen G. White, a ressenti une pointe de jalousie \u00e0 la vue d\u2019une statue de Joseph Smith.  <\/p>\n<p>La statue, qui montre Joseph Smith en train d\u2019\u00eatre commissionn\u00e9 en tant que proph\u00e8te de l\u2019Eglise de J\u00e9sus Christ des Saints des Derniers Jours, a retenu l\u2019attention de James Nix lorsque son \u00e9pouse et lui sont entr\u00e9s dans un centre d\u2019accueil de visiteurs il y a plusieurs ann\u00e9es de cela \u00e0 Salt Lake City en Utah.<\/p>\n","protected":false},"author":1,"featured_media":24995,"comment_status":"closed","ping_status":"closed","sticky":false,"template":"","format":"standard","meta":{"_acf_changed":false,"footnotes":""},"categories":[18,19],"tags":[],"class_list":["post-32232","post","type-post","status-publish","format-standard","has-post-thumbnail","hentry","category-nouvelles-de-leglise-mondiale","category-rss-francais"],"acf":[],"yoast_head":"<!-- This site is optimized with the Yoast SEO plugin v27.3 - https:\/\/yoast.com\/product\/yoast-seo-wordpress\/ -->\n<title>Ellen White a maintenant un centre d\u2019accueil de visiteurs de classe mondiale - \u00c9glise Adventiste Du Septieme Jour - Inter Am\u00e9rique Division<\/title>\n<meta name=\"robots\" content=\"index, follow, max-snippet:-1, max-image-preview:large, max-video-preview:-1\" \/>\n<link rel=\"canonical\" href=\"https:\/\/interamerica.org\/fr\/2015\/04\/ellen-white-a-maintenant-un-centre-daccueil-de-visiteurs-de-classe-mondiale\/\" \/>\n<meta property=\"og:locale\" content=\"fr_FR\" \/>\n<meta property=\"og:type\" content=\"article\" \/>\n<meta property=\"og:title\" content=\"Ellen White a maintenant un centre d\u2019accueil de visiteurs de classe mondiale - \u00c9glise Adventiste Du Septieme Jour - Inter Am\u00e9rique Division\" \/>\n<meta property=\"og:description\" content=\"James R. Nix, directeur de la Fondation Ellen G. White, a ressenti une pointe de jalousie \u00e0 la vue d\u2019une statue de Joseph Smith.  La statue, qui montre Joseph Smith en train d\u2019\u00eatre commissionn\u00e9 en tant que proph\u00e8te de l\u2019Eglise de J\u00e9sus Christ des Saints des Derniers Jours, a retenu l\u2019attention de James Nix lorsque son \u00e9pouse et lui sont entr\u00e9s dans un centre d\u2019accueil de visiteurs il y a plusieurs ann\u00e9es de cela \u00e0 Salt Lake City en Utah.\" \/>\n<meta property=\"og:url\" content=\"https:\/\/interamerica.org\/fr\/2015\/04\/ellen-white-a-maintenant-un-centre-daccueil-de-visiteurs-de-classe-mondiale\/\" \/>\n<meta property=\"og:site_name\" content=\"\u00c9glise Adventiste Du Septieme Jour - Inter Am\u00e9rique Division\" \/>\n<meta property=\"article:published_time\" content=\"2015-04-13T04:00:00+00:00\" \/>\n<meta property=\"og:image\" content=\"https:\/\/interamerica.org\/wp-content\/uploads\/2017\/06\/rsz_egw_estate-1.jpg\" \/>\n\t<meta property=\"og:image:width\" content=\"1000\" \/>\n\t<meta property=\"og:image:height\" content=\"500\" \/>\n\t<meta property=\"og:image:type\" content=\"image\/jpeg\" \/>\n<meta name=\"author\" content=\"Lorenzo Verduzco\" \/>\n<meta name=\"twitter:card\" content=\"summary_large_image\" \/>\n<meta name=\"twitter:label1\" content=\"\u00c9crit par\" \/>\n\t<meta name=\"twitter:data1\" content=\"Lorenzo Verduzco\" \/>\n\t<meta name=\"twitter:label2\" content=\"Dur\u00e9e de lecture estim\u00e9e\" \/>\n\t<meta name=\"twitter:data2\" content=\"5 minutes\" \/>\n<script type=\"application\/ld+json\" class=\"yoast-schema-graph\">{\"@context\":\"https:\\\/\\\/schema.org\",\"@graph\":[{\"@type\":\"Article\",\"@id\":\"https:\\\/\\\/interamerica.org\\\/fr\\\/2015\\\/04\\\/ellen-white-a-maintenant-un-centre-daccueil-de-visiteurs-de-classe-mondiale\\\/#article\",\"isPartOf\":{\"@id\":\"https:\\\/\\\/interamerica.org\\\/fr\\\/2015\\\/04\\\/ellen-white-a-maintenant-un-centre-daccueil-de-visiteurs-de-classe-mondiale\\\/\"},\"author\":{\"name\":\"Lorenzo Verduzco\",\"@id\":\"https:\\\/\\\/interamerica.org\\\/fr\\\/#\\\/schema\\\/person\\\/68ede8bdc292885bb76c1e3810e73c39\"},\"headline\":\"Ellen White a maintenant un centre d\u2019accueil de visiteurs de classe mondiale\",\"datePublished\":\"2015-04-13T04:00:00+00:00\",\"mainEntityOfPage\":{\"@id\":\"https:\\\/\\\/interamerica.org\\\/fr\\\/2015\\\/04\\\/ellen-white-a-maintenant-un-centre-daccueil-de-visiteurs-de-classe-mondiale\\\/\"},\"wordCount\":1075,\"image\":{\"@id\":\"https:\\\/\\\/interamerica.org\\\/fr\\\/2015\\\/04\\\/ellen-white-a-maintenant-un-centre-daccueil-de-visiteurs-de-classe-mondiale\\\/#primaryimage\"},\"thumbnailUrl\":\"https:\\\/\\\/interamerica.org\\\/wp-content\\\/uploads\\\/2017\\\/06\\\/rsz_egw_estate-1.jpg\",\"articleSection\":[\"Nouvelles de l'\u00c9glise mondiale\",\"RSS Fran\u00e7ais\"],\"inLanguage\":\"fr-FR\"},{\"@type\":\"WebPage\",\"@id\":\"https:\\\/\\\/interamerica.org\\\/fr\\\/2015\\\/04\\\/ellen-white-a-maintenant-un-centre-daccueil-de-visiteurs-de-classe-mondiale\\\/\",\"url\":\"https:\\\/\\\/interamerica.org\\\/fr\\\/2015\\\/04\\\/ellen-white-a-maintenant-un-centre-daccueil-de-visiteurs-de-classe-mondiale\\\/\",\"name\":\"Ellen White a maintenant un centre d\u2019accueil de visiteurs de classe mondiale - \u00c9glise Adventiste Du Septieme Jour - Inter Am\u00e9rique Division\",\"isPartOf\":{\"@id\":\"https:\\\/\\\/interamerica.org\\\/fr\\\/#website\"},\"primaryImageOfPage\":{\"@id\":\"https:\\\/\\\/interamerica.org\\\/fr\\\/2015\\\/04\\\/ellen-white-a-maintenant-un-centre-daccueil-de-visiteurs-de-classe-mondiale\\\/#primaryimage\"},\"image\":{\"@id\":\"https:\\\/\\\/interamerica.org\\\/fr\\\/2015\\\/04\\\/ellen-white-a-maintenant-un-centre-daccueil-de-visiteurs-de-classe-mondiale\\\/#primaryimage\"},\"thumbnailUrl\":\"https:\\\/\\\/interamerica.org\\\/wp-content\\\/uploads\\\/2017\\\/06\\\/rsz_egw_estate-1.jpg\",\"datePublished\":\"2015-04-13T04:00:00+00:00\",\"author\":{\"@id\":\"https:\\\/\\\/interamerica.org\\\/fr\\\/#\\\/schema\\\/person\\\/68ede8bdc292885bb76c1e3810e73c39\"},\"breadcrumb\":{\"@id\":\"https:\\\/\\\/interamerica.org\\\/fr\\\/2015\\\/04\\\/ellen-white-a-maintenant-un-centre-daccueil-de-visiteurs-de-classe-mondiale\\\/#breadcrumb\"},\"inLanguage\":\"fr-FR\",\"potentialAction\":[{\"@type\":\"ReadAction\",\"target\":[\"https:\\\/\\\/interamerica.org\\\/fr\\\/2015\\\/04\\\/ellen-white-a-maintenant-un-centre-daccueil-de-visiteurs-de-classe-mondiale\\\/\"]}]},{\"@type\":\"ImageObject\",\"inLanguage\":\"fr-FR\",\"@id\":\"https:\\\/\\\/interamerica.org\\\/fr\\\/2015\\\/04\\\/ellen-white-a-maintenant-un-centre-daccueil-de-visiteurs-de-classe-mondiale\\\/#primaryimage\",\"url\":\"https:\\\/\\\/interamerica.org\\\/wp-content\\\/uploads\\\/2017\\\/06\\\/rsz_egw_estate-1.jpg\",\"contentUrl\":\"https:\\\/\\\/interamerica.org\\\/wp-content\\\/uploads\\\/2017\\\/06\\\/rsz_egw_estate-1.jpg\",\"width\":1000,\"height\":500},{\"@type\":\"BreadcrumbList\",\"@id\":\"https:\\\/\\\/interamerica.org\\\/fr\\\/2015\\\/04\\\/ellen-white-a-maintenant-un-centre-daccueil-de-visiteurs-de-classe-mondiale\\\/#breadcrumb\",\"itemListElement\":[{\"@type\":\"ListItem\",\"position\":1,\"name\":\"Home\",\"item\":\"https:\\\/\\\/interamerica.org\\\/fr\\\/\"},{\"@type\":\"ListItem\",\"position\":2,\"name\":\"Ellen White a maintenant un centre d\u2019accueil de visiteurs de classe mondiale\"}]},{\"@type\":\"WebSite\",\"@id\":\"https:\\\/\\\/interamerica.org\\\/fr\\\/#website\",\"url\":\"https:\\\/\\\/interamerica.org\\\/fr\\\/\",\"name\":\"\u00c9glise Adventiste Du Septieme Jour - Inter Am\u00e9rique Division\",\"description\":\"\",\"potentialAction\":[{\"@type\":\"SearchAction\",\"target\":{\"@type\":\"EntryPoint\",\"urlTemplate\":\"https:\\\/\\\/interamerica.org\\\/fr\\\/?s={search_term_string}\"},\"query-input\":{\"@type\":\"PropertyValueSpecification\",\"valueRequired\":true,\"valueName\":\"search_term_string\"}}],\"inLanguage\":\"fr-FR\"},{\"@type\":\"Person\",\"@id\":\"https:\\\/\\\/interamerica.org\\\/fr\\\/#\\\/schema\\\/person\\\/68ede8bdc292885bb76c1e3810e73c39\",\"name\":\"Lorenzo Verduzco\",\"image\":{\"@type\":\"ImageObject\",\"inLanguage\":\"fr-FR\",\"@id\":\"https:\\\/\\\/secure.gravatar.com\\\/avatar\\\/fb81a55b6218459490a9c1dc841a34909185b81904c5337b4b27f7a6fd60c49e?s=96&d=mm&r=g\",\"url\":\"https:\\\/\\\/secure.gravatar.com\\\/avatar\\\/fb81a55b6218459490a9c1dc841a34909185b81904c5337b4b27f7a6fd60c49e?s=96&d=mm&r=g\",\"contentUrl\":\"https:\\\/\\\/secure.gravatar.com\\\/avatar\\\/fb81a55b6218459490a9c1dc841a34909185b81904c5337b4b27f7a6fd60c49e?s=96&d=mm&r=g\",\"caption\":\"Lorenzo Verduzco\"}}]}<\/script>\n<!-- \/ Yoast SEO plugin. -->","yoast_head_json":{"title":"Ellen White a maintenant un centre d\u2019accueil de visiteurs de classe mondiale - \u00c9glise Adventiste Du Septieme Jour - Inter Am\u00e9rique Division","robots":{"index":"index","follow":"follow","max-snippet":"max-snippet:-1","max-image-preview":"max-image-preview:large","max-video-preview":"max-video-preview:-1"},"canonical":"https:\/\/interamerica.org\/fr\/2015\/04\/ellen-white-a-maintenant-un-centre-daccueil-de-visiteurs-de-classe-mondiale\/","og_locale":"fr_FR","og_type":"article","og_title":"Ellen White a maintenant un centre d\u2019accueil de visiteurs de classe mondiale - \u00c9glise Adventiste Du Septieme Jour - Inter Am\u00e9rique Division","og_description":"James R. Nix, directeur de la Fondation Ellen G. White, a ressenti une pointe de jalousie \u00e0 la vue d\u2019une statue de Joseph Smith.  La statue, qui montre Joseph Smith en train d\u2019\u00eatre commissionn\u00e9 en tant que proph\u00e8te de l\u2019Eglise de J\u00e9sus Christ des Saints des Derniers Jours, a retenu l\u2019attention de James Nix lorsque son \u00e9pouse et lui sont entr\u00e9s dans un centre d\u2019accueil de visiteurs il y a plusieurs ann\u00e9es de cela \u00e0 Salt Lake City en Utah.","og_url":"https:\/\/interamerica.org\/fr\/2015\/04\/ellen-white-a-maintenant-un-centre-daccueil-de-visiteurs-de-classe-mondiale\/","og_site_name":"\u00c9glise Adventiste Du Septieme Jour - Inter Am\u00e9rique Division","article_published_time":"2015-04-13T04:00:00+00:00","og_image":[{"width":1000,"height":500,"url":"https:\/\/interamerica.org\/wp-content\/uploads\/2017\/06\/rsz_egw_estate-1.jpg","type":"image\/jpeg"}],"author":"Lorenzo Verduzco","twitter_card":"summary_large_image","twitter_misc":{"\u00c9crit par":"Lorenzo Verduzco","Dur\u00e9e de lecture estim\u00e9e":"5 minutes"},"schema":{"@context":"https:\/\/schema.org","@graph":[{"@type":"Article","@id":"https:\/\/interamerica.org\/fr\/2015\/04\/ellen-white-a-maintenant-un-centre-daccueil-de-visiteurs-de-classe-mondiale\/#article","isPartOf":{"@id":"https:\/\/interamerica.org\/fr\/2015\/04\/ellen-white-a-maintenant-un-centre-daccueil-de-visiteurs-de-classe-mondiale\/"},"author":{"name":"Lorenzo Verduzco","@id":"https:\/\/interamerica.org\/fr\/#\/schema\/person\/68ede8bdc292885bb76c1e3810e73c39"},"headline":"Ellen White a maintenant un centre d\u2019accueil de visiteurs de classe mondiale","datePublished":"2015-04-13T04:00:00+00:00","mainEntityOfPage":{"@id":"https:\/\/interamerica.org\/fr\/2015\/04\/ellen-white-a-maintenant-un-centre-daccueil-de-visiteurs-de-classe-mondiale\/"},"wordCount":1075,"image":{"@id":"https:\/\/interamerica.org\/fr\/2015\/04\/ellen-white-a-maintenant-un-centre-daccueil-de-visiteurs-de-classe-mondiale\/#primaryimage"},"thumbnailUrl":"https:\/\/interamerica.org\/wp-content\/uploads\/2017\/06\/rsz_egw_estate-1.jpg","articleSection":["Nouvelles de l'\u00c9glise mondiale","RSS Fran\u00e7ais"],"inLanguage":"fr-FR"},{"@type":"WebPage","@id":"https:\/\/interamerica.org\/fr\/2015\/04\/ellen-white-a-maintenant-un-centre-daccueil-de-visiteurs-de-classe-mondiale\/","url":"https:\/\/interamerica.org\/fr\/2015\/04\/ellen-white-a-maintenant-un-centre-daccueil-de-visiteurs-de-classe-mondiale\/","name":"Ellen White a maintenant un centre d\u2019accueil de visiteurs de classe mondiale - \u00c9glise Adventiste Du Septieme Jour - Inter Am\u00e9rique Division","isPartOf":{"@id":"https:\/\/interamerica.org\/fr\/#website"},"primaryImageOfPage":{"@id":"https:\/\/interamerica.org\/fr\/2015\/04\/ellen-white-a-maintenant-un-centre-daccueil-de-visiteurs-de-classe-mondiale\/#primaryimage"},"image":{"@id":"https:\/\/interamerica.org\/fr\/2015\/04\/ellen-white-a-maintenant-un-centre-daccueil-de-visiteurs-de-classe-mondiale\/#primaryimage"},"thumbnailUrl":"https:\/\/interamerica.org\/wp-content\/uploads\/2017\/06\/rsz_egw_estate-1.jpg","datePublished":"2015-04-13T04:00:00+00:00","author":{"@id":"https:\/\/interamerica.org\/fr\/#\/schema\/person\/68ede8bdc292885bb76c1e3810e73c39"},"breadcrumb":{"@id":"https:\/\/interamerica.org\/fr\/2015\/04\/ellen-white-a-maintenant-un-centre-daccueil-de-visiteurs-de-classe-mondiale\/#breadcrumb"},"inLanguage":"fr-FR","potentialAction":[{"@type":"ReadAction","target":["https:\/\/interamerica.org\/fr\/2015\/04\/ellen-white-a-maintenant-un-centre-daccueil-de-visiteurs-de-classe-mondiale\/"]}]},{"@type":"ImageObject","inLanguage":"fr-FR","@id":"https:\/\/interamerica.org\/fr\/2015\/04\/ellen-white-a-maintenant-un-centre-daccueil-de-visiteurs-de-classe-mondiale\/#primaryimage","url":"https:\/\/interamerica.org\/wp-content\/uploads\/2017\/06\/rsz_egw_estate-1.jpg","contentUrl":"https:\/\/interamerica.org\/wp-content\/uploads\/2017\/06\/rsz_egw_estate-1.jpg","width":1000,"height":500},{"@type":"BreadcrumbList","@id":"https:\/\/interamerica.org\/fr\/2015\/04\/ellen-white-a-maintenant-un-centre-daccueil-de-visiteurs-de-classe-mondiale\/#breadcrumb","itemListElement":[{"@type":"ListItem","position":1,"name":"Home","item":"https:\/\/interamerica.org\/fr\/"},{"@type":"ListItem","position":2,"name":"Ellen White a maintenant un centre d\u2019accueil de visiteurs de classe mondiale"}]},{"@type":"WebSite","@id":"https:\/\/interamerica.org\/fr\/#website","url":"https:\/\/interamerica.org\/fr\/","name":"\u00c9glise Adventiste Du Septieme Jour - Inter Am\u00e9rique Division","description":"","potentialAction":[{"@type":"SearchAction","target":{"@type":"EntryPoint","urlTemplate":"https:\/\/interamerica.org\/fr\/?s={search_term_string}"},"query-input":{"@type":"PropertyValueSpecification","valueRequired":true,"valueName":"search_term_string"}}],"inLanguage":"fr-FR"},{"@type":"Person","@id":"https:\/\/interamerica.org\/fr\/#\/schema\/person\/68ede8bdc292885bb76c1e3810e73c39","name":"Lorenzo Verduzco","image":{"@type":"ImageObject","inLanguage":"fr-FR","@id":"https:\/\/secure.gravatar.com\/avatar\/fb81a55b6218459490a9c1dc841a34909185b81904c5337b4b27f7a6fd60c49e?s=96&d=mm&r=g","url":"https:\/\/secure.gravatar.com\/avatar\/fb81a55b6218459490a9c1dc841a34909185b81904c5337b4b27f7a6fd60c49e?s=96&d=mm&r=g","contentUrl":"https:\/\/secure.gravatar.com\/avatar\/fb81a55b6218459490a9c1dc841a34909185b81904c5337b4b27f7a6fd60c49e?s=96&d=mm&r=g","caption":"Lorenzo Verduzco"}}]}},"_links":{"self":[{"href":"https:\/\/interamerica.org\/fr\/wp-json\/wp\/v2\/posts\/32232","targetHints":{"allow":["GET"]}}],"collection":[{"href":"https:\/\/interamerica.org\/fr\/wp-json\/wp\/v2\/posts"}],"about":[{"href":"https:\/\/interamerica.org\/fr\/wp-json\/wp\/v2\/types\/post"}],"author":[{"embeddable":true,"href":"https:\/\/interamerica.org\/fr\/wp-json\/wp\/v2\/users\/1"}],"replies":[{"embeddable":true,"href":"https:\/\/interamerica.org\/fr\/wp-json\/wp\/v2\/comments?post=32232"}],"version-history":[{"count":0,"href":"https:\/\/interamerica.org\/fr\/wp-json\/wp\/v2\/posts\/32232\/revisions"}],"wp:featuredmedia":[{"embeddable":true,"href":"https:\/\/interamerica.org\/fr\/wp-json\/wp\/v2\/media\/24995"}],"wp:attachment":[{"href":"https:\/\/interamerica.org\/fr\/wp-json\/wp\/v2\/media?parent=32232"}],"wp:term":[{"taxonomy":"category","embeddable":true,"href":"https:\/\/interamerica.org\/fr\/wp-json\/wp\/v2\/categories?post=32232"},{"taxonomy":"post_tag","embeddable":true,"href":"https:\/\/interamerica.org\/fr\/wp-json\/wp\/v2\/tags?post=32232"}],"curies":[{"name":"wp","href":"https:\/\/api.w.org\/{rel}","templated":true}]}}