{"id":32233,"date":"2015-04-02T00:00:00","date_gmt":"2015-04-02T04:00:00","guid":{"rendered":"http:\/\/192.81.217.108\/interamerica\/2015\/04\/53-eglises-adventistes-detruites-par-le-cyclone-pam\/"},"modified":"2015-04-02T00:00:00","modified_gmt":"2015-04-02T04:00:00","slug":"53-eglises-adventistes-detruites-par-le-cyclone-pam","status":"publish","type":"post","link":"https:\/\/interamerica.org\/fr\/2015\/04\/53-eglises-adventistes-detruites-par-le-cyclone-pam\/","title":{"rendered":"53 \u00c9glises adventistes d\u00e9truites par le cyclone Pam"},"content":{"rendered":"<div id=\"attachment_16168\" style=\"width: 310px\" class=\"wp-caption alignright\"><a href=\"\/interamerica\/wp-content\/uploads\/2017\/06\/Vanuatuchurch400.png\" rel=\"fancybox\" title=\"53 \u00c9glises adventistes d\u00e9truites par le cyclone Pam\"><img fetchpriority=\"high\" decoding=\"async\" aria-describedby=\"caption-attachment-16168\" class=\"size-medium wp-image-16168 \" src=\"\/interamerica\/wp-content\/uploads\/2017\/06\/Vanuatuchurch400-300x195.png\" alt=\"\" width=\"300\" height=\"195\" \/><\/a><p id=\"caption-attachment-16168\" class=\"wp-caption-text\">Image offerte par la revue adventiste<\/p><\/div>\n<p>2 avril 2015 par Jarrod Stackelroth, South Pacific Adventist\u00a0 Record<\/p>\n<p>Le nombre d\u2019\u00e9glises adventistes du septi\u00e8me jour d\u00e9truites par le cyclone tropical Pam est pass\u00e9 de 18 \u00e0 53 alors que des dirigeants d\u2019\u00e9glise comptent le co\u00fbt des d\u00e9g\u00e2ts de la temp\u00eate du 14 mars sur l\u2019\u00eele du Vanuatu dans le Pacifique.<\/p>\n<p>De plus, de nombreux b\u00e2timents furent d\u00e9truits dans six \u00e9coles adventistes et des centaines de membres d\u2019\u00e9glise ont perdu leurs maisons\u00a0y compris 20 pasteurs et 100 enseignants.<\/p>\n<p>Les d\u00eemes et les offrandes seront r\u00e9duites de mani\u00e8re significative pendant quelques temps parce que 80 \u00e0 90 pourcent des membres d\u2019\u00e9glise sont de pauvres agriculteurs qui d\u00e9pendent d\u2019une \u00e9conomie bas\u00e9e sur la culture de rente. Pour beaucoup, leurs r\u00e9coltes et leurs moyens de subsistance ont \u00e9t\u00e9 an\u00e9antis et on s\u2019attend \u00e0 ce qu\u2019ils prennent du temps pour s\u2019en remettre.<\/p>\n<p>\u00ab\u00a0Beaucoup d\u2019\u00e9glises, aussi bien permanentes, semi-permanentes et temporaires ont toutes \u00e9t\u00e9 d\u00e9truites, certaines partiellement, d\u2019autres compl\u00e8tement\u00a0\u00bb a d\u00e9clar\u00e9 Nos Terry Mailalong, pr\u00e9sident de la Mission de l\u2019\u00c9glise Adventiste du Vanuatu.<\/p>\n<p>Bien qu\u2019il soit possible que le gouvernement accorde une aide pour reconstruire les \u00e9coles\u00a0; et que les organisations comme ADRA fassent en sorte que les gens soient nourris et \u00e0 l\u2019abri, il n\u2019y a pas d\u2019argent pour reconstruire les \u00e9glises qui ont \u00e9t\u00e9 d\u00e9truites.<\/p>\n<p>La Mission de Vanuatu avait une assurance seulement pour son si\u00e8ge dans la capitale locale, Port Vila.<\/p>\n<p>Les dirigeants de l\u2019\u00e9glise adventiste du Pacifique demandent que les gens prient et aident l\u2019\u00e9glise au Vanuatu alors qu\u2019elle commence \u00e0 se reconstruire.<\/p>\n<p>\u00ab\u00a0Nous aurions besoin que nos fr\u00e8res et s\u0153urs nous aident \u00e0 reconstruire au moins nos \u00e9glises et nos \u00e9coles, sans parler de nos maisons\u00a0\u00bb a d\u00e9clar\u00e9 Terry. \u00ab\u00a0L\u2019ampleur des d\u00e9g\u00e2ts est au-dessus de nos moyens.\u00a0\u00bb<\/p>\n<p>Les pasteurs \u00e0 travers les associations minist\u00e9rielles de la Division du Pacifique Sud et la F\u00e9d\u00e9ration de l\u2019Union d\u2019Australie aident \u00e0 fournir des Bibles et des livres aux pasteurs qui ont perdu leurs ressources et des \u00e9coles adventistes \u00e0 travers toute l\u2019Australie esp\u00e8rent faire de m\u00eame pour les enseignants et les \u00e9coles.<\/p>\n<p>Un fonds sp\u00e9cial, d\u00e9tenu en fiducie par la Division du Pacifique Sud, est mis en place pour aider \u00e0 la reconstruction des \u00e9glises adventistes et des \u00e9coles qui ont \u00e9t\u00e9 endommag\u00e9es. Ces dons ne seront pas d\u00e9ductibles d\u2019imp\u00f4ts et peuvent \u00eatre faits \u00e0 travers le site adventiste \u00ab\u00a0eGIVING\u00a0\u00bb sous l\u2019onglet intitul\u00e9e \u00ab\u00a0Aide pour le Cyclone Pam au Vanuatu.\u00a0\u00bb<\/p>\n<p>ADRA a aussi cr\u00e9\u00e9 un fonds Catastrophe au Vanuatu mais l\u2019argent donn\u00e9 \u00e0 ce fonds sera utilis\u00e9 \u00e0 subventionner les projets d\u2019ADRA \u00e0 travers le Vanuatu et pas \u00e0 reconstruire les \u00e9glises.<\/p>\n<p>Traduction: Carole et Charles SAINT-LOUIS<\/p>\n","protected":false},"excerpt":{"rendered":"<p>Le nombre d\u2019\u00e9glises adventistes du septi\u00e8me jour d\u00e9truites par le cyclone tropical Pam est pass\u00e9 de 18 \u00e0 53 alors que des dirigeants d\u2019\u00e9glise comptent le co\u00fbt des d\u00e9g\u00e2ts de la temp\u00eate du 14 mars sur l\u2019\u00eele du Vanuatu dans le Pacifique. \t <\/p>\n<p>De plus, de nombreux b\u00e2timents furent d\u00e9truits dans six \u00e9coles adventistes et des centaines de membres d\u2019\u00e9glise ont perdu leurs maisons y compris 20 pasteurs et 100 enseignants.<\/p>\n","protected":false},"author":1,"featured_media":24908,"comment_status":"closed","ping_status":"closed","sticky":false,"template":"","format":"standard","meta":{"_acf_changed":false,"footnotes":""},"categories":[18,19],"tags":[],"class_list":["post-32233","post","type-post","status-publish","format-standard","has-post-thumbnail","hentry","category-nouvelles-de-leglise-mondiale","category-rss-francais"],"acf":[],"yoast_head":"<!-- This site is optimized with the Yoast SEO plugin v27.3 - https:\/\/yoast.com\/product\/yoast-seo-wordpress\/ -->\n<title>53 \u00c9glises adventistes d\u00e9truites par le cyclone Pam - \u00c9glise Adventiste Du Septieme Jour - Inter Am\u00e9rique Division<\/title>\n<meta name=\"robots\" content=\"index, follow, max-snippet:-1, max-image-preview:large, max-video-preview:-1\" \/>\n<link rel=\"canonical\" href=\"https:\/\/interamerica.org\/fr\/2015\/04\/53-eglises-adventistes-detruites-par-le-cyclone-pam\/\" \/>\n<meta property=\"og:locale\" content=\"fr_FR\" \/>\n<meta property=\"og:type\" content=\"article\" \/>\n<meta property=\"og:title\" content=\"53 \u00c9glises adventistes d\u00e9truites par le cyclone Pam - \u00c9glise Adventiste Du Septieme Jour - Inter Am\u00e9rique Division\" \/>\n<meta property=\"og:description\" content=\"Le nombre d\u2019\u00e9glises adventistes du septi\u00e8me jour d\u00e9truites par le cyclone tropical Pam est pass\u00e9 de 18 \u00e0 53 alors que des dirigeants d\u2019\u00e9glise comptent le co\u00fbt des d\u00e9g\u00e2ts de la temp\u00eate du 14 mars sur l\u2019\u00eele du Vanuatu dans le Pacifique.   De plus, de nombreux b\u00e2timents furent d\u00e9truits dans six \u00e9coles adventistes et des centaines de membres d\u2019\u00e9glise ont perdu leurs maisons y compris 20 pasteurs et 100 enseignants.\" \/>\n<meta property=\"og:url\" content=\"https:\/\/interamerica.org\/fr\/2015\/04\/53-eglises-adventistes-detruites-par-le-cyclone-pam\/\" \/>\n<meta property=\"og:site_name\" content=\"\u00c9glise Adventiste Du Septieme Jour - Inter Am\u00e9rique Division\" \/>\n<meta property=\"article:published_time\" content=\"2015-04-02T04:00:00+00:00\" \/>\n<meta property=\"og:image\" content=\"https:\/\/interamerica.org\/wp-content\/uploads\/2017\/06\/Vanuatuchurch400.png\" \/>\n\t<meta property=\"og:image:width\" content=\"400\" \/>\n\t<meta property=\"og:image:height\" content=\"261\" \/>\n\t<meta property=\"og:image:type\" content=\"image\/png\" \/>\n<meta name=\"author\" content=\"Lorenzo Verduzco\" \/>\n<meta name=\"twitter:card\" content=\"summary_large_image\" \/>\n<meta name=\"twitter:label1\" content=\"\u00c9crit par\" \/>\n\t<meta name=\"twitter:data1\" content=\"Lorenzo Verduzco\" \/>\n\t<meta name=\"twitter:label2\" content=\"Dur\u00e9e de lecture estim\u00e9e\" \/>\n\t<meta name=\"twitter:data2\" content=\"2 minutes\" \/>\n<script type=\"application\/ld+json\" class=\"yoast-schema-graph\">{\"@context\":\"https:\\\/\\\/schema.org\",\"@graph\":[{\"@type\":\"Article\",\"@id\":\"https:\\\/\\\/interamerica.org\\\/fr\\\/2015\\\/04\\\/53-eglises-adventistes-detruites-par-le-cyclone-pam\\\/#article\",\"isPartOf\":{\"@id\":\"https:\\\/\\\/interamerica.org\\\/fr\\\/2015\\\/04\\\/53-eglises-adventistes-detruites-par-le-cyclone-pam\\\/\"},\"author\":{\"name\":\"Lorenzo Verduzco\",\"@id\":\"https:\\\/\\\/interamerica.org\\\/fr\\\/#\\\/schema\\\/person\\\/68ede8bdc292885bb76c1e3810e73c39\"},\"headline\":\"53 \u00c9glises adventistes d\u00e9truites par le cyclone Pam\",\"datePublished\":\"2015-04-02T04:00:00+00:00\",\"mainEntityOfPage\":{\"@id\":\"https:\\\/\\\/interamerica.org\\\/fr\\\/2015\\\/04\\\/53-eglises-adventistes-detruites-par-le-cyclone-pam\\\/\"},\"wordCount\":497,\"image\":{\"@id\":\"https:\\\/\\\/interamerica.org\\\/fr\\\/2015\\\/04\\\/53-eglises-adventistes-detruites-par-le-cyclone-pam\\\/#primaryimage\"},\"thumbnailUrl\":\"https:\\\/\\\/interamerica.org\\\/wp-content\\\/uploads\\\/2017\\\/06\\\/Vanuatuchurch400.png\",\"articleSection\":[\"Nouvelles de l'\u00c9glise mondiale\",\"RSS Fran\u00e7ais\"],\"inLanguage\":\"fr-FR\"},{\"@type\":\"WebPage\",\"@id\":\"https:\\\/\\\/interamerica.org\\\/fr\\\/2015\\\/04\\\/53-eglises-adventistes-detruites-par-le-cyclone-pam\\\/\",\"url\":\"https:\\\/\\\/interamerica.org\\\/fr\\\/2015\\\/04\\\/53-eglises-adventistes-detruites-par-le-cyclone-pam\\\/\",\"name\":\"53 \u00c9glises adventistes d\u00e9truites par le cyclone Pam - \u00c9glise Adventiste Du Septieme Jour - Inter Am\u00e9rique Division\",\"isPartOf\":{\"@id\":\"https:\\\/\\\/interamerica.org\\\/fr\\\/#website\"},\"primaryImageOfPage\":{\"@id\":\"https:\\\/\\\/interamerica.org\\\/fr\\\/2015\\\/04\\\/53-eglises-adventistes-detruites-par-le-cyclone-pam\\\/#primaryimage\"},\"image\":{\"@id\":\"https:\\\/\\\/interamerica.org\\\/fr\\\/2015\\\/04\\\/53-eglises-adventistes-detruites-par-le-cyclone-pam\\\/#primaryimage\"},\"thumbnailUrl\":\"https:\\\/\\\/interamerica.org\\\/wp-content\\\/uploads\\\/2017\\\/06\\\/Vanuatuchurch400.png\",\"datePublished\":\"2015-04-02T04:00:00+00:00\",\"author\":{\"@id\":\"https:\\\/\\\/interamerica.org\\\/fr\\\/#\\\/schema\\\/person\\\/68ede8bdc292885bb76c1e3810e73c39\"},\"breadcrumb\":{\"@id\":\"https:\\\/\\\/interamerica.org\\\/fr\\\/2015\\\/04\\\/53-eglises-adventistes-detruites-par-le-cyclone-pam\\\/#breadcrumb\"},\"inLanguage\":\"fr-FR\",\"potentialAction\":[{\"@type\":\"ReadAction\",\"target\":[\"https:\\\/\\\/interamerica.org\\\/fr\\\/2015\\\/04\\\/53-eglises-adventistes-detruites-par-le-cyclone-pam\\\/\"]}]},{\"@type\":\"ImageObject\",\"inLanguage\":\"fr-FR\",\"@id\":\"https:\\\/\\\/interamerica.org\\\/fr\\\/2015\\\/04\\\/53-eglises-adventistes-detruites-par-le-cyclone-pam\\\/#primaryimage\",\"url\":\"https:\\\/\\\/interamerica.org\\\/wp-content\\\/uploads\\\/2017\\\/06\\\/Vanuatuchurch400.png\",\"contentUrl\":\"https:\\\/\\\/interamerica.org\\\/wp-content\\\/uploads\\\/2017\\\/06\\\/Vanuatuchurch400.png\",\"width\":400,\"height\":261},{\"@type\":\"BreadcrumbList\",\"@id\":\"https:\\\/\\\/interamerica.org\\\/fr\\\/2015\\\/04\\\/53-eglises-adventistes-detruites-par-le-cyclone-pam\\\/#breadcrumb\",\"itemListElement\":[{\"@type\":\"ListItem\",\"position\":1,\"name\":\"Home\",\"item\":\"https:\\\/\\\/interamerica.org\\\/fr\\\/\"},{\"@type\":\"ListItem\",\"position\":2,\"name\":\"53 \u00c9glises adventistes d\u00e9truites par le cyclone Pam\"}]},{\"@type\":\"WebSite\",\"@id\":\"https:\\\/\\\/interamerica.org\\\/fr\\\/#website\",\"url\":\"https:\\\/\\\/interamerica.org\\\/fr\\\/\",\"name\":\"\u00c9glise Adventiste Du Septieme Jour - Inter Am\u00e9rique Division\",\"description\":\"\",\"potentialAction\":[{\"@type\":\"SearchAction\",\"target\":{\"@type\":\"EntryPoint\",\"urlTemplate\":\"https:\\\/\\\/interamerica.org\\\/fr\\\/?s={search_term_string}\"},\"query-input\":{\"@type\":\"PropertyValueSpecification\",\"valueRequired\":true,\"valueName\":\"search_term_string\"}}],\"inLanguage\":\"fr-FR\"},{\"@type\":\"Person\",\"@id\":\"https:\\\/\\\/interamerica.org\\\/fr\\\/#\\\/schema\\\/person\\\/68ede8bdc292885bb76c1e3810e73c39\",\"name\":\"Lorenzo Verduzco\",\"image\":{\"@type\":\"ImageObject\",\"inLanguage\":\"fr-FR\",\"@id\":\"https:\\\/\\\/secure.gravatar.com\\\/avatar\\\/fb81a55b6218459490a9c1dc841a34909185b81904c5337b4b27f7a6fd60c49e?s=96&d=mm&r=g\",\"url\":\"https:\\\/\\\/secure.gravatar.com\\\/avatar\\\/fb81a55b6218459490a9c1dc841a34909185b81904c5337b4b27f7a6fd60c49e?s=96&d=mm&r=g\",\"contentUrl\":\"https:\\\/\\\/secure.gravatar.com\\\/avatar\\\/fb81a55b6218459490a9c1dc841a34909185b81904c5337b4b27f7a6fd60c49e?s=96&d=mm&r=g\",\"caption\":\"Lorenzo Verduzco\"}}]}<\/script>\n<!-- \/ Yoast SEO plugin. -->","yoast_head_json":{"title":"53 \u00c9glises adventistes d\u00e9truites par le cyclone Pam - \u00c9glise Adventiste Du Septieme Jour - Inter Am\u00e9rique Division","robots":{"index":"index","follow":"follow","max-snippet":"max-snippet:-1","max-image-preview":"max-image-preview:large","max-video-preview":"max-video-preview:-1"},"canonical":"https:\/\/interamerica.org\/fr\/2015\/04\/53-eglises-adventistes-detruites-par-le-cyclone-pam\/","og_locale":"fr_FR","og_type":"article","og_title":"53 \u00c9glises adventistes d\u00e9truites par le cyclone Pam - \u00c9glise Adventiste Du Septieme Jour - Inter Am\u00e9rique Division","og_description":"Le nombre d\u2019\u00e9glises adventistes du septi\u00e8me jour d\u00e9truites par le cyclone tropical Pam est pass\u00e9 de 18 \u00e0 53 alors que des dirigeants d\u2019\u00e9glise comptent le co\u00fbt des d\u00e9g\u00e2ts de la temp\u00eate du 14 mars sur l\u2019\u00eele du Vanuatu dans le Pacifique.   De plus, de nombreux b\u00e2timents furent d\u00e9truits dans six \u00e9coles adventistes et des centaines de membres d\u2019\u00e9glise ont perdu leurs maisons y compris 20 pasteurs et 100 enseignants.","og_url":"https:\/\/interamerica.org\/fr\/2015\/04\/53-eglises-adventistes-detruites-par-le-cyclone-pam\/","og_site_name":"\u00c9glise Adventiste Du Septieme Jour - Inter Am\u00e9rique Division","article_published_time":"2015-04-02T04:00:00+00:00","og_image":[{"width":400,"height":261,"url":"https:\/\/interamerica.org\/wp-content\/uploads\/2017\/06\/Vanuatuchurch400.png","type":"image\/png"}],"author":"Lorenzo Verduzco","twitter_card":"summary_large_image","twitter_misc":{"\u00c9crit par":"Lorenzo Verduzco","Dur\u00e9e de lecture estim\u00e9e":"2 minutes"},"schema":{"@context":"https:\/\/schema.org","@graph":[{"@type":"Article","@id":"https:\/\/interamerica.org\/fr\/2015\/04\/53-eglises-adventistes-detruites-par-le-cyclone-pam\/#article","isPartOf":{"@id":"https:\/\/interamerica.org\/fr\/2015\/04\/53-eglises-adventistes-detruites-par-le-cyclone-pam\/"},"author":{"name":"Lorenzo Verduzco","@id":"https:\/\/interamerica.org\/fr\/#\/schema\/person\/68ede8bdc292885bb76c1e3810e73c39"},"headline":"53 \u00c9glises adventistes d\u00e9truites par le cyclone Pam","datePublished":"2015-04-02T04:00:00+00:00","mainEntityOfPage":{"@id":"https:\/\/interamerica.org\/fr\/2015\/04\/53-eglises-adventistes-detruites-par-le-cyclone-pam\/"},"wordCount":497,"image":{"@id":"https:\/\/interamerica.org\/fr\/2015\/04\/53-eglises-adventistes-detruites-par-le-cyclone-pam\/#primaryimage"},"thumbnailUrl":"https:\/\/interamerica.org\/wp-content\/uploads\/2017\/06\/Vanuatuchurch400.png","articleSection":["Nouvelles de l'\u00c9glise mondiale","RSS Fran\u00e7ais"],"inLanguage":"fr-FR"},{"@type":"WebPage","@id":"https:\/\/interamerica.org\/fr\/2015\/04\/53-eglises-adventistes-detruites-par-le-cyclone-pam\/","url":"https:\/\/interamerica.org\/fr\/2015\/04\/53-eglises-adventistes-detruites-par-le-cyclone-pam\/","name":"53 \u00c9glises adventistes d\u00e9truites par le cyclone Pam - \u00c9glise Adventiste Du Septieme Jour - Inter Am\u00e9rique Division","isPartOf":{"@id":"https:\/\/interamerica.org\/fr\/#website"},"primaryImageOfPage":{"@id":"https:\/\/interamerica.org\/fr\/2015\/04\/53-eglises-adventistes-detruites-par-le-cyclone-pam\/#primaryimage"},"image":{"@id":"https:\/\/interamerica.org\/fr\/2015\/04\/53-eglises-adventistes-detruites-par-le-cyclone-pam\/#primaryimage"},"thumbnailUrl":"https:\/\/interamerica.org\/wp-content\/uploads\/2017\/06\/Vanuatuchurch400.png","datePublished":"2015-04-02T04:00:00+00:00","author":{"@id":"https:\/\/interamerica.org\/fr\/#\/schema\/person\/68ede8bdc292885bb76c1e3810e73c39"},"breadcrumb":{"@id":"https:\/\/interamerica.org\/fr\/2015\/04\/53-eglises-adventistes-detruites-par-le-cyclone-pam\/#breadcrumb"},"inLanguage":"fr-FR","potentialAction":[{"@type":"ReadAction","target":["https:\/\/interamerica.org\/fr\/2015\/04\/53-eglises-adventistes-detruites-par-le-cyclone-pam\/"]}]},{"@type":"ImageObject","inLanguage":"fr-FR","@id":"https:\/\/interamerica.org\/fr\/2015\/04\/53-eglises-adventistes-detruites-par-le-cyclone-pam\/#primaryimage","url":"https:\/\/interamerica.org\/wp-content\/uploads\/2017\/06\/Vanuatuchurch400.png","contentUrl":"https:\/\/interamerica.org\/wp-content\/uploads\/2017\/06\/Vanuatuchurch400.png","width":400,"height":261},{"@type":"BreadcrumbList","@id":"https:\/\/interamerica.org\/fr\/2015\/04\/53-eglises-adventistes-detruites-par-le-cyclone-pam\/#breadcrumb","itemListElement":[{"@type":"ListItem","position":1,"name":"Home","item":"https:\/\/interamerica.org\/fr\/"},{"@type":"ListItem","position":2,"name":"53 \u00c9glises adventistes d\u00e9truites par le cyclone Pam"}]},{"@type":"WebSite","@id":"https:\/\/interamerica.org\/fr\/#website","url":"https:\/\/interamerica.org\/fr\/","name":"\u00c9glise Adventiste Du Septieme Jour - Inter Am\u00e9rique Division","description":"","potentialAction":[{"@type":"SearchAction","target":{"@type":"EntryPoint","urlTemplate":"https:\/\/interamerica.org\/fr\/?s={search_term_string}"},"query-input":{"@type":"PropertyValueSpecification","valueRequired":true,"valueName":"search_term_string"}}],"inLanguage":"fr-FR"},{"@type":"Person","@id":"https:\/\/interamerica.org\/fr\/#\/schema\/person\/68ede8bdc292885bb76c1e3810e73c39","name":"Lorenzo Verduzco","image":{"@type":"ImageObject","inLanguage":"fr-FR","@id":"https:\/\/secure.gravatar.com\/avatar\/fb81a55b6218459490a9c1dc841a34909185b81904c5337b4b27f7a6fd60c49e?s=96&d=mm&r=g","url":"https:\/\/secure.gravatar.com\/avatar\/fb81a55b6218459490a9c1dc841a34909185b81904c5337b4b27f7a6fd60c49e?s=96&d=mm&r=g","contentUrl":"https:\/\/secure.gravatar.com\/avatar\/fb81a55b6218459490a9c1dc841a34909185b81904c5337b4b27f7a6fd60c49e?s=96&d=mm&r=g","caption":"Lorenzo Verduzco"}}]}},"_links":{"self":[{"href":"https:\/\/interamerica.org\/fr\/wp-json\/wp\/v2\/posts\/32233","targetHints":{"allow":["GET"]}}],"collection":[{"href":"https:\/\/interamerica.org\/fr\/wp-json\/wp\/v2\/posts"}],"about":[{"href":"https:\/\/interamerica.org\/fr\/wp-json\/wp\/v2\/types\/post"}],"author":[{"embeddable":true,"href":"https:\/\/interamerica.org\/fr\/wp-json\/wp\/v2\/users\/1"}],"replies":[{"embeddable":true,"href":"https:\/\/interamerica.org\/fr\/wp-json\/wp\/v2\/comments?post=32233"}],"version-history":[{"count":0,"href":"https:\/\/interamerica.org\/fr\/wp-json\/wp\/v2\/posts\/32233\/revisions"}],"wp:featuredmedia":[{"embeddable":true,"href":"https:\/\/interamerica.org\/fr\/wp-json\/wp\/v2\/media\/24908"}],"wp:attachment":[{"href":"https:\/\/interamerica.org\/fr\/wp-json\/wp\/v2\/media?parent=32233"}],"wp:term":[{"taxonomy":"category","embeddable":true,"href":"https:\/\/interamerica.org\/fr\/wp-json\/wp\/v2\/categories?post=32233"},{"taxonomy":"post_tag","embeddable":true,"href":"https:\/\/interamerica.org\/fr\/wp-json\/wp\/v2\/tags?post=32233"}],"curies":[{"name":"wp","href":"https:\/\/api.w.org\/{rel}","templated":true}]}}