{"id":32234,"date":"2015-04-11T00:00:00","date_gmt":"2015-04-11T04:00:00","guid":{"rendered":"http:\/\/192.81.217.108\/interamerica\/2015\/04\/les-dirigeants-de-leglise-confirment-la-mort-de-10-adventistes-dans-le-massacre-de-luniversite-de-garissa\/"},"modified":"2015-04-11T00:00:00","modified_gmt":"2015-04-11T04:00:00","slug":"les-dirigeants-de-leglise-confirment-la-mort-de-10-adventistes-dans-le-massacre-de-luniversite-de-garissa","status":"publish","type":"post","link":"https:\/\/interamerica.org\/fr\/2015\/04\/les-dirigeants-de-leglise-confirment-la-mort-de-10-adventistes-dans-le-massacre-de-luniversite-de-garissa\/","title":{"rendered":"Les dirigeants de l\u2019\u00c9glise confirment la mort de 10 adventistes dans le massacre de l&rsquo;universit\u00e9 de Garissa"},"content":{"rendered":"<div id=\"attachment_16305\" style=\"width: 310px\" class=\"wp-caption alignright\"><a href=\"\/interamerica\/wp-content\/uploads\/2017\/06\/csm_Kenya_9b89730a84.jpg\" rel=\"fancybox\" title=\"Les dirigeants de l\u2019\u00c9glise confirment la mort de 10 adventistes dans le massacre de l'universit\u00e9 de Garissa\"><img fetchpriority=\"high\" decoding=\"async\" aria-describedby=\"caption-attachment-16305\" class=\"size-medium wp-image-16305 \" src=\"\/interamerica\/wp-content\/uploads\/2017\/06\/csm_Kenya_9b89730a84-300x210.jpg\" alt=\"\" width=\"300\" height=\"210\" \/><\/a><p id=\"caption-attachment-16305\" class=\"wp-caption-text\">Image de \u00ab Adventist News Network \u00bb<\/p><\/div>\n<p>8 avril 2015\/ Silver Spring, Maryland, \u00c9tats-Unis\/ \u00c9quipe de ANN<\/p>\n<p>Des tireurs ont fait irruption dans l\u2019enceinte de l&rsquo;universit\u00e9 de Garissa, \u00e0 Garissa, au Kenya le jeudi 2 avril laissant des morts dont le nombre est estim\u00e9 \u00e0 147. On rapporte que les membres d&rsquo;un groupe terroriste ont cibl\u00e9 et tu\u00e9 des \u00e9tudiants chr\u00e9tiens y compris 10 \u00e9tudiants adventistes.<\/p>\n<p>Parmi les morts se trouve Eric Nyumbuto, le leader de l&rsquo;\u00e9glise adventiste dirig\u00e9e par les \u00e9tudiants sur le campus.<\/p>\n<p>Stanley Rotich, un membre de l&rsquo;\u00e9glise locale du temple adventiste de Garissa a racont\u00e9 qu&rsquo;il \u00e9tait dans un b\u00e2timent \u00e0 proximit\u00e9 quand il a entendu des coups de feu, qui l&rsquo;ont pouss\u00e9 \u00e0 appeler Nyumbuto. La conversation s&rsquo;est arr\u00eat\u00e9e brutalement quand la ligne fut coup\u00e9e. Il a appris plus tard la mort de son ami.<\/p>\n<p>Durant l&rsquo;attaque, 500 \u00e9tudiants ont r\u00e9ussi \u00e0 s&rsquo;\u00e9chapper et plusieurs autres ont \u00e9t\u00e9 s\u00e9rieusement bless\u00e9s.<\/p>\n<p>Un des premiers policiers \u00e0 r\u00e9pondre \u00e0 l\u2019attaque fut Philmon Okal un des directeurs de l\u2019\u00c9cole Sabbat de l\u2019\u00e9glise adventiste locale de Garissa.<\/p>\n<p>\u00ab\u00a0Les mots ne peuvent d\u00e9crire \u00e0 quel point cet \u00e9v\u00e9nement fut horrible \u00e0 exp\u00e9rimenter. Mais cette attaque me rappelle que la seconde venue de J\u00e9sus est tr\u00e8s proche\u00a0\u00bb a d\u00e9clar\u00e9 Okal. \u00ab\u00a0Nous devons continuer \u00e0 attendre le jour ou la violence, la mort et la destruction ne seront plus.<\/p>\n<p>Plusieurs personnes ont d\u00e9j\u00e0 \u00e9t\u00e9 arr\u00eat\u00e9es en lien avec l\u2019attaque et le gouvernement k\u00e9nyan a promis de juger rapidement tous ceux qui sont impliqu\u00e9s.<\/p>\n<p>Ceci est l\u2019attaque la plus meurtri\u00e8re au Kenya en presque deux d\u00e9cennies. Le groupe qui a revendiqu\u00e9 la responsabilit\u00e9 de l\u2019attaque est le m\u00eame qui a commis l\u2019attaque du centre commercial de Westgate en Nairobi au Kenya en 2013.<\/p>\n<p>L\u00a0\u2018\u00c9glise Adventiste du Septi\u00e8me Jour pleure la mort des \u00e9tudiants tu\u00e9s la semaine derni\u00e8re. Les membres de l\u2019\u00c9glise Adventiste du Septi\u00e8me Jour de Garissa ont d\u00e9clar\u00e9\u00a0:\u00a0\u00ab\u00a0Nos c\u0153urs sont bris\u00e9s par cette perte insens\u00e9e et nous r\u00e9clamons vos pri\u00e8res pour toutes les victimes de cette terrible trag\u00e9die.\u00a0\u00bb<\/p>\n<p>Traduction\u00a0: Carole et Charles SAINT-LOUIS<\/p>\n","protected":false},"excerpt":{"rendered":"<p>Des tireurs ont fait irruption dans l\u2019enceinte de l&rsquo;universit\u00e9 de Garissa, \u00e0 Garissa, au Kenya le jeudi 2 avril laissant des morts dont le nombre est estim\u00e9 \u00e0 147. <\/p>\n<p>On rapporte que les membres d&rsquo;un groupe terroriste ont cibl\u00e9 et tu\u00e9 des \u00e9tudiants chr\u00e9tiens y compris 10 \u00e9tudiants adventistes.<\/p>\n","protected":false},"author":1,"featured_media":24984,"comment_status":"closed","ping_status":"closed","sticky":false,"template":"","format":"standard","meta":{"_acf_changed":false,"footnotes":""},"categories":[18,19],"tags":[],"class_list":["post-32234","post","type-post","status-publish","format-standard","has-post-thumbnail","hentry","category-nouvelles-de-leglise-mondiale","category-rss-francais"],"acf":[],"yoast_head":"<!-- This site is optimized with the Yoast SEO plugin v27.3 - https:\/\/yoast.com\/product\/yoast-seo-wordpress\/ -->\n<title>Les dirigeants de l\u2019\u00c9glise confirment la mort de 10 adventistes dans le massacre de l&#039;universit\u00e9 de Garissa - \u00c9glise Adventiste Du Septieme Jour - Inter Am\u00e9rique Division<\/title>\n<meta name=\"robots\" content=\"index, follow, max-snippet:-1, max-image-preview:large, max-video-preview:-1\" \/>\n<link rel=\"canonical\" href=\"https:\/\/interamerica.org\/fr\/2015\/04\/les-dirigeants-de-leglise-confirment-la-mort-de-10-adventistes-dans-le-massacre-de-luniversite-de-garissa\/\" \/>\n<meta property=\"og:locale\" content=\"fr_FR\" \/>\n<meta property=\"og:type\" content=\"article\" \/>\n<meta property=\"og:title\" content=\"Les dirigeants de l\u2019\u00c9glise confirment la mort de 10 adventistes dans le massacre de l&#039;universit\u00e9 de Garissa - \u00c9glise Adventiste Du Septieme Jour - Inter Am\u00e9rique Division\" \/>\n<meta property=\"og:description\" content=\"Des tireurs ont fait irruption dans l\u2019enceinte de l&#039;universit\u00e9 de Garissa, \u00e0 Garissa, au Kenya le jeudi 2 avril laissant des morts dont le nombre est estim\u00e9 \u00e0 147.  On rapporte que les membres d&#039;un groupe terroriste ont cibl\u00e9 et tu\u00e9 des \u00e9tudiants chr\u00e9tiens y compris 10 \u00e9tudiants adventistes.\" \/>\n<meta property=\"og:url\" content=\"https:\/\/interamerica.org\/fr\/2015\/04\/les-dirigeants-de-leglise-confirment-la-mort-de-10-adventistes-dans-le-massacre-de-luniversite-de-garissa\/\" \/>\n<meta property=\"og:site_name\" content=\"\u00c9glise Adventiste Du Septieme Jour - Inter Am\u00e9rique Division\" \/>\n<meta property=\"article:published_time\" content=\"2015-04-11T04:00:00+00:00\" \/>\n<meta property=\"og:image\" content=\"https:\/\/interamerica.org\/wp-content\/uploads\/2017\/06\/csm_Kenya_9b89730a84.jpg\" \/>\n\t<meta property=\"og:image:width\" content=\"400\" \/>\n\t<meta property=\"og:image:height\" content=\"280\" \/>\n\t<meta property=\"og:image:type\" content=\"image\/jpeg\" \/>\n<meta name=\"author\" content=\"Lorenzo Verduzco\" \/>\n<meta name=\"twitter:card\" content=\"summary_large_image\" \/>\n<meta name=\"twitter:label1\" content=\"\u00c9crit par\" \/>\n\t<meta name=\"twitter:data1\" content=\"Lorenzo Verduzco\" \/>\n\t<meta name=\"twitter:label2\" content=\"Dur\u00e9e de lecture estim\u00e9e\" \/>\n\t<meta name=\"twitter:data2\" content=\"2 minutes\" \/>\n<script type=\"application\/ld+json\" class=\"yoast-schema-graph\">{\"@context\":\"https:\\\/\\\/schema.org\",\"@graph\":[{\"@type\":\"Article\",\"@id\":\"https:\\\/\\\/interamerica.org\\\/fr\\\/2015\\\/04\\\/les-dirigeants-de-leglise-confirment-la-mort-de-10-adventistes-dans-le-massacre-de-luniversite-de-garissa\\\/#article\",\"isPartOf\":{\"@id\":\"https:\\\/\\\/interamerica.org\\\/fr\\\/2015\\\/04\\\/les-dirigeants-de-leglise-confirment-la-mort-de-10-adventistes-dans-le-massacre-de-luniversite-de-garissa\\\/\"},\"author\":{\"name\":\"Lorenzo Verduzco\",\"@id\":\"https:\\\/\\\/interamerica.org\\\/fr\\\/#\\\/schema\\\/person\\\/68ede8bdc292885bb76c1e3810e73c39\"},\"headline\":\"Les dirigeants de l\u2019\u00c9glise confirment la mort de 10 adventistes dans le massacre de l&rsquo;universit\u00e9 de Garissa\",\"datePublished\":\"2015-04-11T04:00:00+00:00\",\"mainEntityOfPage\":{\"@id\":\"https:\\\/\\\/interamerica.org\\\/fr\\\/2015\\\/04\\\/les-dirigeants-de-leglise-confirment-la-mort-de-10-adventistes-dans-le-massacre-de-luniversite-de-garissa\\\/\"},\"wordCount\":402,\"image\":{\"@id\":\"https:\\\/\\\/interamerica.org\\\/fr\\\/2015\\\/04\\\/les-dirigeants-de-leglise-confirment-la-mort-de-10-adventistes-dans-le-massacre-de-luniversite-de-garissa\\\/#primaryimage\"},\"thumbnailUrl\":\"https:\\\/\\\/interamerica.org\\\/wp-content\\\/uploads\\\/2017\\\/06\\\/csm_Kenya_9b89730a84.jpg\",\"articleSection\":[\"Nouvelles de l'\u00c9glise mondiale\",\"RSS Fran\u00e7ais\"],\"inLanguage\":\"fr-FR\"},{\"@type\":\"WebPage\",\"@id\":\"https:\\\/\\\/interamerica.org\\\/fr\\\/2015\\\/04\\\/les-dirigeants-de-leglise-confirment-la-mort-de-10-adventistes-dans-le-massacre-de-luniversite-de-garissa\\\/\",\"url\":\"https:\\\/\\\/interamerica.org\\\/fr\\\/2015\\\/04\\\/les-dirigeants-de-leglise-confirment-la-mort-de-10-adventistes-dans-le-massacre-de-luniversite-de-garissa\\\/\",\"name\":\"Les dirigeants de l\u2019\u00c9glise confirment la mort de 10 adventistes dans le massacre de l'universit\u00e9 de Garissa - \u00c9glise Adventiste Du Septieme Jour - Inter Am\u00e9rique Division\",\"isPartOf\":{\"@id\":\"https:\\\/\\\/interamerica.org\\\/fr\\\/#website\"},\"primaryImageOfPage\":{\"@id\":\"https:\\\/\\\/interamerica.org\\\/fr\\\/2015\\\/04\\\/les-dirigeants-de-leglise-confirment-la-mort-de-10-adventistes-dans-le-massacre-de-luniversite-de-garissa\\\/#primaryimage\"},\"image\":{\"@id\":\"https:\\\/\\\/interamerica.org\\\/fr\\\/2015\\\/04\\\/les-dirigeants-de-leglise-confirment-la-mort-de-10-adventistes-dans-le-massacre-de-luniversite-de-garissa\\\/#primaryimage\"},\"thumbnailUrl\":\"https:\\\/\\\/interamerica.org\\\/wp-content\\\/uploads\\\/2017\\\/06\\\/csm_Kenya_9b89730a84.jpg\",\"datePublished\":\"2015-04-11T04:00:00+00:00\",\"author\":{\"@id\":\"https:\\\/\\\/interamerica.org\\\/fr\\\/#\\\/schema\\\/person\\\/68ede8bdc292885bb76c1e3810e73c39\"},\"breadcrumb\":{\"@id\":\"https:\\\/\\\/interamerica.org\\\/fr\\\/2015\\\/04\\\/les-dirigeants-de-leglise-confirment-la-mort-de-10-adventistes-dans-le-massacre-de-luniversite-de-garissa\\\/#breadcrumb\"},\"inLanguage\":\"fr-FR\",\"potentialAction\":[{\"@type\":\"ReadAction\",\"target\":[\"https:\\\/\\\/interamerica.org\\\/fr\\\/2015\\\/04\\\/les-dirigeants-de-leglise-confirment-la-mort-de-10-adventistes-dans-le-massacre-de-luniversite-de-garissa\\\/\"]}]},{\"@type\":\"ImageObject\",\"inLanguage\":\"fr-FR\",\"@id\":\"https:\\\/\\\/interamerica.org\\\/fr\\\/2015\\\/04\\\/les-dirigeants-de-leglise-confirment-la-mort-de-10-adventistes-dans-le-massacre-de-luniversite-de-garissa\\\/#primaryimage\",\"url\":\"https:\\\/\\\/interamerica.org\\\/wp-content\\\/uploads\\\/2017\\\/06\\\/csm_Kenya_9b89730a84.jpg\",\"contentUrl\":\"https:\\\/\\\/interamerica.org\\\/wp-content\\\/uploads\\\/2017\\\/06\\\/csm_Kenya_9b89730a84.jpg\",\"width\":400,\"height\":280},{\"@type\":\"BreadcrumbList\",\"@id\":\"https:\\\/\\\/interamerica.org\\\/fr\\\/2015\\\/04\\\/les-dirigeants-de-leglise-confirment-la-mort-de-10-adventistes-dans-le-massacre-de-luniversite-de-garissa\\\/#breadcrumb\",\"itemListElement\":[{\"@type\":\"ListItem\",\"position\":1,\"name\":\"Home\",\"item\":\"https:\\\/\\\/interamerica.org\\\/fr\\\/\"},{\"@type\":\"ListItem\",\"position\":2,\"name\":\"Les dirigeants de l\u2019\u00c9glise confirment la mort de 10 adventistes dans le massacre de l&rsquo;universit\u00e9 de Garissa\"}]},{\"@type\":\"WebSite\",\"@id\":\"https:\\\/\\\/interamerica.org\\\/fr\\\/#website\",\"url\":\"https:\\\/\\\/interamerica.org\\\/fr\\\/\",\"name\":\"\u00c9glise Adventiste Du Septieme Jour - Inter Am\u00e9rique Division\",\"description\":\"\",\"potentialAction\":[{\"@type\":\"SearchAction\",\"target\":{\"@type\":\"EntryPoint\",\"urlTemplate\":\"https:\\\/\\\/interamerica.org\\\/fr\\\/?s={search_term_string}\"},\"query-input\":{\"@type\":\"PropertyValueSpecification\",\"valueRequired\":true,\"valueName\":\"search_term_string\"}}],\"inLanguage\":\"fr-FR\"},{\"@type\":\"Person\",\"@id\":\"https:\\\/\\\/interamerica.org\\\/fr\\\/#\\\/schema\\\/person\\\/68ede8bdc292885bb76c1e3810e73c39\",\"name\":\"Lorenzo Verduzco\",\"image\":{\"@type\":\"ImageObject\",\"inLanguage\":\"fr-FR\",\"@id\":\"https:\\\/\\\/secure.gravatar.com\\\/avatar\\\/fb81a55b6218459490a9c1dc841a34909185b81904c5337b4b27f7a6fd60c49e?s=96&d=mm&r=g\",\"url\":\"https:\\\/\\\/secure.gravatar.com\\\/avatar\\\/fb81a55b6218459490a9c1dc841a34909185b81904c5337b4b27f7a6fd60c49e?s=96&d=mm&r=g\",\"contentUrl\":\"https:\\\/\\\/secure.gravatar.com\\\/avatar\\\/fb81a55b6218459490a9c1dc841a34909185b81904c5337b4b27f7a6fd60c49e?s=96&d=mm&r=g\",\"caption\":\"Lorenzo Verduzco\"}}]}<\/script>\n<!-- \/ Yoast SEO plugin. -->","yoast_head_json":{"title":"Les dirigeants de l\u2019\u00c9glise confirment la mort de 10 adventistes dans le massacre de l'universit\u00e9 de Garissa - \u00c9glise Adventiste Du Septieme Jour - Inter Am\u00e9rique Division","robots":{"index":"index","follow":"follow","max-snippet":"max-snippet:-1","max-image-preview":"max-image-preview:large","max-video-preview":"max-video-preview:-1"},"canonical":"https:\/\/interamerica.org\/fr\/2015\/04\/les-dirigeants-de-leglise-confirment-la-mort-de-10-adventistes-dans-le-massacre-de-luniversite-de-garissa\/","og_locale":"fr_FR","og_type":"article","og_title":"Les dirigeants de l\u2019\u00c9glise confirment la mort de 10 adventistes dans le massacre de l'universit\u00e9 de Garissa - \u00c9glise Adventiste Du Septieme Jour - Inter Am\u00e9rique Division","og_description":"Des tireurs ont fait irruption dans l\u2019enceinte de l'universit\u00e9 de Garissa, \u00e0 Garissa, au Kenya le jeudi 2 avril laissant des morts dont le nombre est estim\u00e9 \u00e0 147.  On rapporte que les membres d'un groupe terroriste ont cibl\u00e9 et tu\u00e9 des \u00e9tudiants chr\u00e9tiens y compris 10 \u00e9tudiants adventistes.","og_url":"https:\/\/interamerica.org\/fr\/2015\/04\/les-dirigeants-de-leglise-confirment-la-mort-de-10-adventistes-dans-le-massacre-de-luniversite-de-garissa\/","og_site_name":"\u00c9glise Adventiste Du Septieme Jour - Inter Am\u00e9rique Division","article_published_time":"2015-04-11T04:00:00+00:00","og_image":[{"width":400,"height":280,"url":"https:\/\/interamerica.org\/wp-content\/uploads\/2017\/06\/csm_Kenya_9b89730a84.jpg","type":"image\/jpeg"}],"author":"Lorenzo Verduzco","twitter_card":"summary_large_image","twitter_misc":{"\u00c9crit par":"Lorenzo Verduzco","Dur\u00e9e de lecture estim\u00e9e":"2 minutes"},"schema":{"@context":"https:\/\/schema.org","@graph":[{"@type":"Article","@id":"https:\/\/interamerica.org\/fr\/2015\/04\/les-dirigeants-de-leglise-confirment-la-mort-de-10-adventistes-dans-le-massacre-de-luniversite-de-garissa\/#article","isPartOf":{"@id":"https:\/\/interamerica.org\/fr\/2015\/04\/les-dirigeants-de-leglise-confirment-la-mort-de-10-adventistes-dans-le-massacre-de-luniversite-de-garissa\/"},"author":{"name":"Lorenzo Verduzco","@id":"https:\/\/interamerica.org\/fr\/#\/schema\/person\/68ede8bdc292885bb76c1e3810e73c39"},"headline":"Les dirigeants de l\u2019\u00c9glise confirment la mort de 10 adventistes dans le massacre de l&rsquo;universit\u00e9 de Garissa","datePublished":"2015-04-11T04:00:00+00:00","mainEntityOfPage":{"@id":"https:\/\/interamerica.org\/fr\/2015\/04\/les-dirigeants-de-leglise-confirment-la-mort-de-10-adventistes-dans-le-massacre-de-luniversite-de-garissa\/"},"wordCount":402,"image":{"@id":"https:\/\/interamerica.org\/fr\/2015\/04\/les-dirigeants-de-leglise-confirment-la-mort-de-10-adventistes-dans-le-massacre-de-luniversite-de-garissa\/#primaryimage"},"thumbnailUrl":"https:\/\/interamerica.org\/wp-content\/uploads\/2017\/06\/csm_Kenya_9b89730a84.jpg","articleSection":["Nouvelles de l'\u00c9glise mondiale","RSS Fran\u00e7ais"],"inLanguage":"fr-FR"},{"@type":"WebPage","@id":"https:\/\/interamerica.org\/fr\/2015\/04\/les-dirigeants-de-leglise-confirment-la-mort-de-10-adventistes-dans-le-massacre-de-luniversite-de-garissa\/","url":"https:\/\/interamerica.org\/fr\/2015\/04\/les-dirigeants-de-leglise-confirment-la-mort-de-10-adventistes-dans-le-massacre-de-luniversite-de-garissa\/","name":"Les dirigeants de l\u2019\u00c9glise confirment la mort de 10 adventistes dans le massacre de l'universit\u00e9 de Garissa - \u00c9glise Adventiste Du Septieme Jour - Inter Am\u00e9rique Division","isPartOf":{"@id":"https:\/\/interamerica.org\/fr\/#website"},"primaryImageOfPage":{"@id":"https:\/\/interamerica.org\/fr\/2015\/04\/les-dirigeants-de-leglise-confirment-la-mort-de-10-adventistes-dans-le-massacre-de-luniversite-de-garissa\/#primaryimage"},"image":{"@id":"https:\/\/interamerica.org\/fr\/2015\/04\/les-dirigeants-de-leglise-confirment-la-mort-de-10-adventistes-dans-le-massacre-de-luniversite-de-garissa\/#primaryimage"},"thumbnailUrl":"https:\/\/interamerica.org\/wp-content\/uploads\/2017\/06\/csm_Kenya_9b89730a84.jpg","datePublished":"2015-04-11T04:00:00+00:00","author":{"@id":"https:\/\/interamerica.org\/fr\/#\/schema\/person\/68ede8bdc292885bb76c1e3810e73c39"},"breadcrumb":{"@id":"https:\/\/interamerica.org\/fr\/2015\/04\/les-dirigeants-de-leglise-confirment-la-mort-de-10-adventistes-dans-le-massacre-de-luniversite-de-garissa\/#breadcrumb"},"inLanguage":"fr-FR","potentialAction":[{"@type":"ReadAction","target":["https:\/\/interamerica.org\/fr\/2015\/04\/les-dirigeants-de-leglise-confirment-la-mort-de-10-adventistes-dans-le-massacre-de-luniversite-de-garissa\/"]}]},{"@type":"ImageObject","inLanguage":"fr-FR","@id":"https:\/\/interamerica.org\/fr\/2015\/04\/les-dirigeants-de-leglise-confirment-la-mort-de-10-adventistes-dans-le-massacre-de-luniversite-de-garissa\/#primaryimage","url":"https:\/\/interamerica.org\/wp-content\/uploads\/2017\/06\/csm_Kenya_9b89730a84.jpg","contentUrl":"https:\/\/interamerica.org\/wp-content\/uploads\/2017\/06\/csm_Kenya_9b89730a84.jpg","width":400,"height":280},{"@type":"BreadcrumbList","@id":"https:\/\/interamerica.org\/fr\/2015\/04\/les-dirigeants-de-leglise-confirment-la-mort-de-10-adventistes-dans-le-massacre-de-luniversite-de-garissa\/#breadcrumb","itemListElement":[{"@type":"ListItem","position":1,"name":"Home","item":"https:\/\/interamerica.org\/fr\/"},{"@type":"ListItem","position":2,"name":"Les dirigeants de l\u2019\u00c9glise confirment la mort de 10 adventistes dans le massacre de l&rsquo;universit\u00e9 de Garissa"}]},{"@type":"WebSite","@id":"https:\/\/interamerica.org\/fr\/#website","url":"https:\/\/interamerica.org\/fr\/","name":"\u00c9glise Adventiste Du Septieme Jour - Inter Am\u00e9rique Division","description":"","potentialAction":[{"@type":"SearchAction","target":{"@type":"EntryPoint","urlTemplate":"https:\/\/interamerica.org\/fr\/?s={search_term_string}"},"query-input":{"@type":"PropertyValueSpecification","valueRequired":true,"valueName":"search_term_string"}}],"inLanguage":"fr-FR"},{"@type":"Person","@id":"https:\/\/interamerica.org\/fr\/#\/schema\/person\/68ede8bdc292885bb76c1e3810e73c39","name":"Lorenzo Verduzco","image":{"@type":"ImageObject","inLanguage":"fr-FR","@id":"https:\/\/secure.gravatar.com\/avatar\/fb81a55b6218459490a9c1dc841a34909185b81904c5337b4b27f7a6fd60c49e?s=96&d=mm&r=g","url":"https:\/\/secure.gravatar.com\/avatar\/fb81a55b6218459490a9c1dc841a34909185b81904c5337b4b27f7a6fd60c49e?s=96&d=mm&r=g","contentUrl":"https:\/\/secure.gravatar.com\/avatar\/fb81a55b6218459490a9c1dc841a34909185b81904c5337b4b27f7a6fd60c49e?s=96&d=mm&r=g","caption":"Lorenzo Verduzco"}}]}},"_links":{"self":[{"href":"https:\/\/interamerica.org\/fr\/wp-json\/wp\/v2\/posts\/32234","targetHints":{"allow":["GET"]}}],"collection":[{"href":"https:\/\/interamerica.org\/fr\/wp-json\/wp\/v2\/posts"}],"about":[{"href":"https:\/\/interamerica.org\/fr\/wp-json\/wp\/v2\/types\/post"}],"author":[{"embeddable":true,"href":"https:\/\/interamerica.org\/fr\/wp-json\/wp\/v2\/users\/1"}],"replies":[{"embeddable":true,"href":"https:\/\/interamerica.org\/fr\/wp-json\/wp\/v2\/comments?post=32234"}],"version-history":[{"count":0,"href":"https:\/\/interamerica.org\/fr\/wp-json\/wp\/v2\/posts\/32234\/revisions"}],"wp:featuredmedia":[{"embeddable":true,"href":"https:\/\/interamerica.org\/fr\/wp-json\/wp\/v2\/media\/24984"}],"wp:attachment":[{"href":"https:\/\/interamerica.org\/fr\/wp-json\/wp\/v2\/media?parent=32234"}],"wp:term":[{"taxonomy":"category","embeddable":true,"href":"https:\/\/interamerica.org\/fr\/wp-json\/wp\/v2\/categories?post=32234"},{"taxonomy":"post_tag","embeddable":true,"href":"https:\/\/interamerica.org\/fr\/wp-json\/wp\/v2\/tags?post=32234"}],"curies":[{"name":"wp","href":"https:\/\/api.w.org\/{rel}","templated":true}]}}