{"id":32235,"date":"2015-04-14T00:00:00","date_gmt":"2015-04-14T04:00:00","guid":{"rendered":"http:\/\/192.81.217.108\/interamerica\/2015\/04\/6192-personnes-ont-recu-des-soins-a-la-clinique-adventiste-gratuite-a-san-antonio\/"},"modified":"2015-04-14T00:00:00","modified_gmt":"2015-04-14T04:00:00","slug":"6192-personnes-ont-recu-des-soins-a-la-clinique-adventiste-gratuite-a-san-antonio","status":"publish","type":"post","link":"https:\/\/interamerica.org\/fr\/2015\/04\/6192-personnes-ont-recu-des-soins-a-la-clinique-adventiste-gratuite-a-san-antonio\/","title":{"rendered":"6192 personnes ont re\u00e7u des soins \u00e0 la Clinique Adventiste gratuite \u00e0 San Antonio"},"content":{"rendered":"<p>13 Avril 2015 \u2013 San Antonio, Texas, Etats Unis &#8211; Andrew McChesney\/Adventist Review<\/p>\n<p>6192 personnes au total ont re\u00e7u des soins d\u2019une valeur de plus de 10 millions de dollars dans le cadre d\u2019une assistance m\u00e9dicale gratuite offerte par les Adventistes dans un stade de San Antonio, ont indiqu\u00e9 les organisateurs vendredi alors qu\u2019ils commen\u00e7aient d\u00e9j\u00e0 \u00e0 consid\u00e9rer la prochaine m\u00e9ga clinique gratuite dans l\u2019\u00e9tat de Washington cet \u00e9t\u00e9.<\/p>\n<div id=\"attachment_16355\" style=\"width: 310px\" class=\"wp-caption alignright\"><a href=\"\/interamerica\/wp-content\/uploads\/2017\/06\/csm_Pathways_2f28271045.jpg\" rel=\"fancybox\" title=\"6192 personnes ont re\u00e7u des soins \u00e0 la Clinique Adventiste gratuite \u00e0 San Antonio\"><img fetchpriority=\"high\" decoding=\"async\" aria-describedby=\"caption-attachment-16355\" class=\"size-medium wp-image-16355\" src=\"\/interamerica\/wp-content\/uploads\/2017\/06\/csm_Pathways_2f28271045-300x249.jpg\" alt=\"\" width=\"300\" height=\"249\" \/><\/a><p id=\"caption-attachment-16355\" class=\"wp-caption-text\">Plus de 1700 b\u00e9n\u00e9voles ont offert des soins m\u00e9dicaux, des visites m\u00e9dicales, des soins dentaires, des soins ophtalmologiques, des massages et des conseils sur le style de vie sain au cours des trois jours qu\u2019a dur\u00e9 le programme. Image de la Division Nord Am\u00e9ricaine.<\/p><\/div>\n<p>Des pluies torrentielles vendredi matin n\u2019ont pas arr\u00eat\u00e9 plus de 1700 m\u00e9decins, dentistes et d\u2019autres volontaires dans leur volont\u00e9 de venir en aide \u00e0 des centaines de patients suppl\u00e9mentaires alors qu\u2019ils arrivaient au terme de trois jours de travail au stade Alamodome.<\/p>\n<p>\u00ab Ce programme a connu un succ\u00e8s retentissant, \u00bb a d\u00e9clar\u00e9 \u00e0 Adventist Review, Costin Jordache, un porte parole pour le programme de Your Best Pathway to Health (Votre Meilleur Chemin Vers la Sant\u00e9).<\/p>\n<p>1700 Chr\u00e9tiens Adventistes du Septi\u00e8me Jour venus de toute l\u2019Am\u00e9rique du Nord ont satur\u00e9 la ville de San Antonio avec la manifestation tangible de l\u2019amour du Christ, et ils ont amen\u00e9 esp\u00e9rance et gu\u00e9rison \u00e0 plus de 6000 personnes r\u00e9sidant dans la ville, \u00bb a dit Costin Jordache. \u00ab Nous ne pourrions \u00eatre plus enthousiastes. \u00bb<\/p>\n<p>La clinique cherchait \u00e0 pr\u00e9senter aux r\u00e9sidents de San Antonio l\u2019Eglise Adventiste du Septi\u00e8me Jour avant la tenue d\u2019une rencontre administrative majeure, la session de la Conf\u00e9rence G\u00e9n\u00e9rale qui se d\u00e9roulera dans ce m\u00eame stade en juillet prochain.<\/p>\n<p>Le programme a b\u00e9n\u00e9fici\u00e9 d\u2019une importante couverture par les m\u00e9dias locaux et a donn\u00e9 lieu \u00e0 une avalanche de paroles chaleureuses de la part de patients reconnaissants ainsi que du maire de San Antonio, Ivy Taylor.<\/p>\n<p>\u00ab Superbe visite au programme de Your Best Pathway to Health qui se d\u00e9roule actuellement \u00e0 l\u2019Alamodome, \u00bb a tweet\u00e9 Ivy Taylor quelques heures avant la fermeture de la clinique vendredi apr\u00e8s midi.<\/p>\n<p>Au cours d\u2019une visite effectu\u00e9e jeudi, Ivy Taylor a rencontr\u00e9 les b\u00e9n\u00e9voles et a parl\u00e9 aux patients attendant leur tour dans une longue file d\u2019attente qui faisait le tour du b\u00e2timent.<\/p>\n<p>\u00ab Je voudrais remercier l\u2019Eglise Adventiste du Septi\u00e8me Jour d\u2019avoir amen\u00e9 cette merveilleuse ressource dans notre communaut\u00e9, \u00bb a t-elle d\u00e9clar\u00e9 au cours d\u2019une interview vid\u00e9o enregistr\u00e9e par la Division Nord Am\u00e9ricaine, co-organisatrice du programme. \u00ab Vous pouvez voir le nombre de personnes pr\u00e9sentes ici pour profiter des soins m\u00e9dicaux gratuits. \u00bb<\/p>\n<p><strong>Pour Parler Chiffres<\/strong><\/p>\n<p>Les gens ont commenc\u00e9 \u00e0 faire la queue mardi \u00e0 la mi-journ\u00e9e, bien avant l\u2019ouverture de la clinique gratuite \u00e0 7h00 mercredi matin, et des centaines d\u2019autres personnes ont attendu \u00e0 l\u2019ext\u00e9rieur les soirs suivants.<\/p>\n<p>Le maire avait demand\u00e9 \u00e0 Your Best Pathway to Health \u2013 un service des Adventistes La\u00efcs des Services et Industries, ou ASI, le principal organisateur \u2013 de soigner au moins 6000 personnes, en \u00e9change de quoi, l\u2019utilisation du stade leur serait accord\u00e9e gratuitement.<\/p>\n<p>Les volontaires ont d\u00e9pass\u00e9 les attentes en recevant 2617 patients au moment de la fermeture des portes \u00e0 16h00 le premier jour. 2025 patients au total ont \u00e9t\u00e9 soign\u00e9s le deuxi\u00e8me jour et 1550 le troisi\u00e8me jour au cours duquel la clinique a fonctionn\u00e9 pendant une plus courte p\u00e9riode, soit jusqu\u2019\u00e0 14h00, a indiqu\u00e9 Costin Jordache, vice-pr\u00e9sident en charge de la communication pour la F\u00e9d\u00e9ration des Eglises Adventistes du Centre de la Californie.<\/p>\n<p>Les chirurgiens ont proc\u00e9d\u00e9 \u00e0 360 op\u00e9rations au total \u2013 300 op\u00e9rations simples \u00e0 l\u2019Alamodome, et 60 autres plus complexes au Centre M\u00e9dical du Centre du Texas qui fait partie du r\u00e9seau sanitaire Adventist Health System, co-sponsor du programme, a dit Costin Jordache.<\/p>\n<p>De fortes pluies n\u2019ont pas contrari\u00e9 le bon d\u00e9roulement de la derni\u00e8re journ\u00e9e de la clinique, a t-il indiqu\u00e9. Les responsables de l\u2019Alamodome ont invit\u00e9 les centaines de personnes qui attendaient \u00e0 l\u2019ext\u00e9rieur \u00e0 se placer \u00e0 l\u2019int\u00e9rieur, et \u00e0 entrer dans des files d\u00e9limit\u00e9es qui serpentaient tout autour du stade.<\/p>\n<p>\u00ab Nous avons vraiment appr\u00e9ci\u00e9 que l\u2019Alamodome organise cela, \u00bb a t-il dit.<\/p>\n<p>Costin Jordache a d\u00e9clar\u00e9 que cela prendrait plusieurs jours pour estimer le montant total du co\u00fbt des soins qui ont \u00e9t\u00e9 offerts \u00e0 San Antonio.<\/p>\n<p>Your Best Pathway to Health se pr\u00e9pare maintenant pour la troisi\u00e8me clinique gratuite, un programme de deux jours qui doit se d\u00e9rouler \u00e0 Spokane dans l\u2019\u00e9tat de Washington. Cette clinique qui fonctionnera du 3 au 4 aout co\u00efncidera avec une convention annuelle d\u2019ASI qui se tiendra \u00e9galement dans cette ville de 200000 habitants. Les organisateurs n\u2019ont pas encore d\u00e9termin\u00e9 combien de personnes pourraient \u00eatre soign\u00e9es \u00e0 Spokane.<\/p>\n<p>La premi\u00e8re clinique gratuite a permis d\u2019offrir \u00e0 pr\u00e8s de 3000 personnes des soins m\u00e9dicaux gratuits d\u2019une valeur de 5,2 millions de dollars \u00e0 San Francisco et \u00e0 Oakland en Californie en avril 2014.<\/p>\n<p><strong>Frustration et Gratitude<\/strong><\/p>\n<p>L\u2019organisation de cet \u00e9norme \u00e9v\u00e8nement \u00e0 San Antonio s\u2019est d\u00e9roul\u00e9e sans probl\u00e8mes, bien que plusieurs personnes aient \u00e9crit \u00e0 Adventist Review pour exprimer leur frustration au sujet des longues files d\u2019attente et de ce qui a \u00e9t\u00e9 per\u00e7u comme des d\u00e9faillances au niveau de la communication.<\/p>\n<p>\u00ab Le programme \u00e9tait vraiment injuste pour les personnes qui attendaient dans la file pour les soins dentaires, \u00bb a \u00e9crit une personne vendredi en r\u00e9ponse \u00e0 un article \u00e9crit dans Adventist Review au sujet de la manifestation. \u00ab Les gens attendaient des heures seulement pour s\u2019entendre dire que des places avaient \u00e9t\u00e9 prises par l\u2019autre file. \u00bb<\/p>\n<p>Les files d\u2019attente \u00e9taient divis\u00e9es en deux : une pour les soins dentaires et l\u2019autre pour les soins m\u00e9dicaux. La ligne pour les soins dentaires \u00e9tait beaucoup plus longue pendant les trois jours.<\/p>\n<p>\u00ab J\u2019ai attendu dans la file de 5h00 \u00e0 13h00, \u00bb a \u00e9crit une autre personne. \u00ab Il leur a fallu un moment pour informer tout le monde qu\u2019ils ne prendraient plus de patients\u2026peut-\u00eatre l\u2019ann\u00e9e prochaine. \u00bb<\/p>\n<p>Costin Jordache a indiqu\u00e9 que les b\u00e9n\u00e9voles ont fait de leur mieux pour coordonner le flot de milliers de personnes et avertir ceux qui se trouvaient en bout de ligne, longtemps avant l\u2019heure de la cl\u00f4ture chaque jour, qu\u2019ils ne recevraient vraisemblablement pas de soin ce jour l\u00e0. Les volontaires informaient ceux qui ne recevraient vraisemblablement pas les soins qu\u2019ils d\u00e9siraient, qu\u2019il y avait des services offerts pour lesquels la liste d\u2019attente \u00e9tait plus courte et encourageaient les gens \u00e0 envisager de changer leur choix de soins.<\/p>\n<p>Plusieurs patients cependant, \u00e9taient pleins de gratitude, comme par exemple cette femme de 60 ans qui a \u00e9crit \u00e0 Adventist Review pour dire \u00ab un grand merci.\u00bb<\/p>\n<p>\u00ab J\u2019avais besoin de soins m\u00e9diaux et de lunettes, et je suis vraiment heureuse et reconnaissante pour les soins que j\u2019ai re\u00e7us, \u00bb a dit cette femme qui n\u2019a donn\u00e9 que son pr\u00e9nom, Celia.<\/p>\n<p>\u00ab J\u2019ai 60 ans, je n\u2019ai pas d\u2019assurance m\u00e9dicale et je vis maintenant avec des revenus tr\u00e8s faibles, \u00bb a t-elle \u00e9crit. \u00ab J\u2019ai cherch\u00e9 en vain des soins m\u00e9dicaux \u00e0 bas co\u00fbt dans la r\u00e9gion, mais je n\u2019en ai pu trouver aucun. Je voudrais simplement vous faire savoir que votre gentillesse et l\u2019aide que vous apportez sont tr\u00e8s appr\u00e9ci\u00e9es. \u00bb<\/p>\n<p>Traduction: Patrick Luciathe<\/p>\n","protected":false},"excerpt":{"rendered":"<p>6192 personnes au total ont re\u00e7u des soins d\u2019une valeur de plus de 10 millions de dollars dans le cadre d\u2019une assistance m\u00e9dicale gratuite offerte par les Adventistes dans un stade de San Antonio, ont indiqu\u00e9 les organisateurs vendredi alors qu\u2019ils commen\u00e7aient d\u00e9j\u00e0 \u00e0 consid\u00e9rer la prochaine m\u00e9ga clinique gratuite dans l\u2019\u00e9tat de Washington cet \u00e9t\u00e9. <\/p>\n<p>Des pluies torrentielles vendredi matin n\u2019ont pas arr\u00eat\u00e9 plus de 1700 m\u00e9decins, dentistes et d\u2019autres volontaires dans leur volont\u00e9 de venir en aide \u00e0 des centaines de patients suppl\u00e9mentaires alors qu\u2019ils arrivaient au terme de trois jours de travail au stade Alamodome.<\/p>\n","protected":false},"author":1,"featured_media":25008,"comment_status":"closed","ping_status":"closed","sticky":false,"template":"","format":"standard","meta":{"_acf_changed":false,"footnotes":""},"categories":[18,19],"tags":[],"class_list":["post-32235","post","type-post","status-publish","format-standard","has-post-thumbnail","hentry","category-nouvelles-de-leglise-mondiale","category-rss-francais"],"acf":[],"yoast_head":"<!-- This site is optimized with the Yoast SEO plugin v27.3 - https:\/\/yoast.com\/product\/yoast-seo-wordpress\/ -->\n<title>6192 personnes ont re\u00e7u des soins \u00e0 la Clinique Adventiste gratuite \u00e0 San Antonio - \u00c9glise Adventiste Du Septieme Jour - Inter Am\u00e9rique Division<\/title>\n<meta name=\"robots\" content=\"index, follow, max-snippet:-1, max-image-preview:large, max-video-preview:-1\" \/>\n<link rel=\"canonical\" href=\"https:\/\/interamerica.org\/fr\/2015\/04\/6192-personnes-ont-recu-des-soins-a-la-clinique-adventiste-gratuite-a-san-antonio\/\" \/>\n<meta property=\"og:locale\" content=\"fr_FR\" \/>\n<meta property=\"og:type\" content=\"article\" \/>\n<meta property=\"og:title\" content=\"6192 personnes ont re\u00e7u des soins \u00e0 la Clinique Adventiste gratuite \u00e0 San Antonio - \u00c9glise Adventiste Du Septieme Jour - Inter Am\u00e9rique Division\" \/>\n<meta property=\"og:description\" content=\"6192 personnes au total ont re\u00e7u des soins d\u2019une valeur de plus de 10 millions de dollars dans le cadre d\u2019une assistance m\u00e9dicale gratuite offerte par les Adventistes dans un stade de San Antonio, ont indiqu\u00e9 les organisateurs vendredi alors qu\u2019ils commen\u00e7aient d\u00e9j\u00e0 \u00e0 consid\u00e9rer la prochaine m\u00e9ga clinique gratuite dans l\u2019\u00e9tat de Washington cet \u00e9t\u00e9.  Des pluies torrentielles vendredi matin n\u2019ont pas arr\u00eat\u00e9 plus de 1700 m\u00e9decins, dentistes et d\u2019autres volontaires dans leur volont\u00e9 de venir en aide \u00e0 des centaines de patients suppl\u00e9mentaires alors qu\u2019ils arrivaient au terme de trois jours de travail au stade Alamodome.\" \/>\n<meta property=\"og:url\" content=\"https:\/\/interamerica.org\/fr\/2015\/04\/6192-personnes-ont-recu-des-soins-a-la-clinique-adventiste-gratuite-a-san-antonio\/\" \/>\n<meta property=\"og:site_name\" content=\"\u00c9glise Adventiste Du Septieme Jour - Inter Am\u00e9rique Division\" \/>\n<meta property=\"article:published_time\" content=\"2015-04-14T04:00:00+00:00\" \/>\n<meta property=\"og:image\" content=\"https:\/\/interamerica.org\/wp-content\/uploads\/2017\/06\/csm_Pathways_2f28271045.jpg\" \/>\n\t<meta property=\"og:image:width\" content=\"400\" \/>\n\t<meta property=\"og:image:height\" content=\"332\" \/>\n\t<meta property=\"og:image:type\" content=\"image\/jpeg\" \/>\n<meta name=\"author\" content=\"Lorenzo Verduzco\" \/>\n<meta name=\"twitter:card\" content=\"summary_large_image\" \/>\n<meta name=\"twitter:label1\" content=\"\u00c9crit par\" \/>\n\t<meta name=\"twitter:data1\" content=\"Lorenzo Verduzco\" \/>\n\t<meta name=\"twitter:label2\" content=\"Dur\u00e9e de lecture estim\u00e9e\" \/>\n\t<meta name=\"twitter:data2\" content=\"6 minutes\" \/>\n<script type=\"application\/ld+json\" class=\"yoast-schema-graph\">{\"@context\":\"https:\\\/\\\/schema.org\",\"@graph\":[{\"@type\":\"Article\",\"@id\":\"https:\\\/\\\/interamerica.org\\\/fr\\\/2015\\\/04\\\/6192-personnes-ont-recu-des-soins-a-la-clinique-adventiste-gratuite-a-san-antonio\\\/#article\",\"isPartOf\":{\"@id\":\"https:\\\/\\\/interamerica.org\\\/fr\\\/2015\\\/04\\\/6192-personnes-ont-recu-des-soins-a-la-clinique-adventiste-gratuite-a-san-antonio\\\/\"},\"author\":{\"name\":\"Lorenzo Verduzco\",\"@id\":\"https:\\\/\\\/interamerica.org\\\/fr\\\/#\\\/schema\\\/person\\\/68ede8bdc292885bb76c1e3810e73c39\"},\"headline\":\"6192 personnes ont re\u00e7u des soins \u00e0 la Clinique Adventiste gratuite \u00e0 San Antonio\",\"datePublished\":\"2015-04-14T04:00:00+00:00\",\"mainEntityOfPage\":{\"@id\":\"https:\\\/\\\/interamerica.org\\\/fr\\\/2015\\\/04\\\/6192-personnes-ont-recu-des-soins-a-la-clinique-adventiste-gratuite-a-san-antonio\\\/\"},\"wordCount\":1310,\"image\":{\"@id\":\"https:\\\/\\\/interamerica.org\\\/fr\\\/2015\\\/04\\\/6192-personnes-ont-recu-des-soins-a-la-clinique-adventiste-gratuite-a-san-antonio\\\/#primaryimage\"},\"thumbnailUrl\":\"https:\\\/\\\/interamerica.org\\\/wp-content\\\/uploads\\\/2017\\\/06\\\/csm_Pathways_2f28271045.jpg\",\"articleSection\":[\"Nouvelles de l'\u00c9glise mondiale\",\"RSS Fran\u00e7ais\"],\"inLanguage\":\"fr-FR\"},{\"@type\":\"WebPage\",\"@id\":\"https:\\\/\\\/interamerica.org\\\/fr\\\/2015\\\/04\\\/6192-personnes-ont-recu-des-soins-a-la-clinique-adventiste-gratuite-a-san-antonio\\\/\",\"url\":\"https:\\\/\\\/interamerica.org\\\/fr\\\/2015\\\/04\\\/6192-personnes-ont-recu-des-soins-a-la-clinique-adventiste-gratuite-a-san-antonio\\\/\",\"name\":\"6192 personnes ont re\u00e7u des soins \u00e0 la Clinique Adventiste gratuite \u00e0 San Antonio - \u00c9glise Adventiste Du Septieme Jour - Inter Am\u00e9rique Division\",\"isPartOf\":{\"@id\":\"https:\\\/\\\/interamerica.org\\\/fr\\\/#website\"},\"primaryImageOfPage\":{\"@id\":\"https:\\\/\\\/interamerica.org\\\/fr\\\/2015\\\/04\\\/6192-personnes-ont-recu-des-soins-a-la-clinique-adventiste-gratuite-a-san-antonio\\\/#primaryimage\"},\"image\":{\"@id\":\"https:\\\/\\\/interamerica.org\\\/fr\\\/2015\\\/04\\\/6192-personnes-ont-recu-des-soins-a-la-clinique-adventiste-gratuite-a-san-antonio\\\/#primaryimage\"},\"thumbnailUrl\":\"https:\\\/\\\/interamerica.org\\\/wp-content\\\/uploads\\\/2017\\\/06\\\/csm_Pathways_2f28271045.jpg\",\"datePublished\":\"2015-04-14T04:00:00+00:00\",\"author\":{\"@id\":\"https:\\\/\\\/interamerica.org\\\/fr\\\/#\\\/schema\\\/person\\\/68ede8bdc292885bb76c1e3810e73c39\"},\"breadcrumb\":{\"@id\":\"https:\\\/\\\/interamerica.org\\\/fr\\\/2015\\\/04\\\/6192-personnes-ont-recu-des-soins-a-la-clinique-adventiste-gratuite-a-san-antonio\\\/#breadcrumb\"},\"inLanguage\":\"fr-FR\",\"potentialAction\":[{\"@type\":\"ReadAction\",\"target\":[\"https:\\\/\\\/interamerica.org\\\/fr\\\/2015\\\/04\\\/6192-personnes-ont-recu-des-soins-a-la-clinique-adventiste-gratuite-a-san-antonio\\\/\"]}]},{\"@type\":\"ImageObject\",\"inLanguage\":\"fr-FR\",\"@id\":\"https:\\\/\\\/interamerica.org\\\/fr\\\/2015\\\/04\\\/6192-personnes-ont-recu-des-soins-a-la-clinique-adventiste-gratuite-a-san-antonio\\\/#primaryimage\",\"url\":\"https:\\\/\\\/interamerica.org\\\/wp-content\\\/uploads\\\/2017\\\/06\\\/csm_Pathways_2f28271045.jpg\",\"contentUrl\":\"https:\\\/\\\/interamerica.org\\\/wp-content\\\/uploads\\\/2017\\\/06\\\/csm_Pathways_2f28271045.jpg\",\"width\":400,\"height\":332},{\"@type\":\"BreadcrumbList\",\"@id\":\"https:\\\/\\\/interamerica.org\\\/fr\\\/2015\\\/04\\\/6192-personnes-ont-recu-des-soins-a-la-clinique-adventiste-gratuite-a-san-antonio\\\/#breadcrumb\",\"itemListElement\":[{\"@type\":\"ListItem\",\"position\":1,\"name\":\"Home\",\"item\":\"https:\\\/\\\/interamerica.org\\\/fr\\\/\"},{\"@type\":\"ListItem\",\"position\":2,\"name\":\"6192 personnes ont re\u00e7u des soins \u00e0 la Clinique Adventiste gratuite \u00e0 San Antonio\"}]},{\"@type\":\"WebSite\",\"@id\":\"https:\\\/\\\/interamerica.org\\\/fr\\\/#website\",\"url\":\"https:\\\/\\\/interamerica.org\\\/fr\\\/\",\"name\":\"\u00c9glise Adventiste Du Septieme Jour - Inter Am\u00e9rique Division\",\"description\":\"\",\"potentialAction\":[{\"@type\":\"SearchAction\",\"target\":{\"@type\":\"EntryPoint\",\"urlTemplate\":\"https:\\\/\\\/interamerica.org\\\/fr\\\/?s={search_term_string}\"},\"query-input\":{\"@type\":\"PropertyValueSpecification\",\"valueRequired\":true,\"valueName\":\"search_term_string\"}}],\"inLanguage\":\"fr-FR\"},{\"@type\":\"Person\",\"@id\":\"https:\\\/\\\/interamerica.org\\\/fr\\\/#\\\/schema\\\/person\\\/68ede8bdc292885bb76c1e3810e73c39\",\"name\":\"Lorenzo Verduzco\",\"image\":{\"@type\":\"ImageObject\",\"inLanguage\":\"fr-FR\",\"@id\":\"https:\\\/\\\/secure.gravatar.com\\\/avatar\\\/fb81a55b6218459490a9c1dc841a34909185b81904c5337b4b27f7a6fd60c49e?s=96&d=mm&r=g\",\"url\":\"https:\\\/\\\/secure.gravatar.com\\\/avatar\\\/fb81a55b6218459490a9c1dc841a34909185b81904c5337b4b27f7a6fd60c49e?s=96&d=mm&r=g\",\"contentUrl\":\"https:\\\/\\\/secure.gravatar.com\\\/avatar\\\/fb81a55b6218459490a9c1dc841a34909185b81904c5337b4b27f7a6fd60c49e?s=96&d=mm&r=g\",\"caption\":\"Lorenzo Verduzco\"}}]}<\/script>\n<!-- \/ Yoast SEO plugin. -->","yoast_head_json":{"title":"6192 personnes ont re\u00e7u des soins \u00e0 la Clinique Adventiste gratuite \u00e0 San Antonio - \u00c9glise Adventiste Du Septieme Jour - Inter Am\u00e9rique Division","robots":{"index":"index","follow":"follow","max-snippet":"max-snippet:-1","max-image-preview":"max-image-preview:large","max-video-preview":"max-video-preview:-1"},"canonical":"https:\/\/interamerica.org\/fr\/2015\/04\/6192-personnes-ont-recu-des-soins-a-la-clinique-adventiste-gratuite-a-san-antonio\/","og_locale":"fr_FR","og_type":"article","og_title":"6192 personnes ont re\u00e7u des soins \u00e0 la Clinique Adventiste gratuite \u00e0 San Antonio - \u00c9glise Adventiste Du Septieme Jour - Inter Am\u00e9rique Division","og_description":"6192 personnes au total ont re\u00e7u des soins d\u2019une valeur de plus de 10 millions de dollars dans le cadre d\u2019une assistance m\u00e9dicale gratuite offerte par les Adventistes dans un stade de San Antonio, ont indiqu\u00e9 les organisateurs vendredi alors qu\u2019ils commen\u00e7aient d\u00e9j\u00e0 \u00e0 consid\u00e9rer la prochaine m\u00e9ga clinique gratuite dans l\u2019\u00e9tat de Washington cet \u00e9t\u00e9.  Des pluies torrentielles vendredi matin n\u2019ont pas arr\u00eat\u00e9 plus de 1700 m\u00e9decins, dentistes et d\u2019autres volontaires dans leur volont\u00e9 de venir en aide \u00e0 des centaines de patients suppl\u00e9mentaires alors qu\u2019ils arrivaient au terme de trois jours de travail au stade Alamodome.","og_url":"https:\/\/interamerica.org\/fr\/2015\/04\/6192-personnes-ont-recu-des-soins-a-la-clinique-adventiste-gratuite-a-san-antonio\/","og_site_name":"\u00c9glise Adventiste Du Septieme Jour - Inter Am\u00e9rique Division","article_published_time":"2015-04-14T04:00:00+00:00","og_image":[{"width":400,"height":332,"url":"https:\/\/interamerica.org\/wp-content\/uploads\/2017\/06\/csm_Pathways_2f28271045.jpg","type":"image\/jpeg"}],"author":"Lorenzo Verduzco","twitter_card":"summary_large_image","twitter_misc":{"\u00c9crit par":"Lorenzo Verduzco","Dur\u00e9e de lecture estim\u00e9e":"6 minutes"},"schema":{"@context":"https:\/\/schema.org","@graph":[{"@type":"Article","@id":"https:\/\/interamerica.org\/fr\/2015\/04\/6192-personnes-ont-recu-des-soins-a-la-clinique-adventiste-gratuite-a-san-antonio\/#article","isPartOf":{"@id":"https:\/\/interamerica.org\/fr\/2015\/04\/6192-personnes-ont-recu-des-soins-a-la-clinique-adventiste-gratuite-a-san-antonio\/"},"author":{"name":"Lorenzo Verduzco","@id":"https:\/\/interamerica.org\/fr\/#\/schema\/person\/68ede8bdc292885bb76c1e3810e73c39"},"headline":"6192 personnes ont re\u00e7u des soins \u00e0 la Clinique Adventiste gratuite \u00e0 San Antonio","datePublished":"2015-04-14T04:00:00+00:00","mainEntityOfPage":{"@id":"https:\/\/interamerica.org\/fr\/2015\/04\/6192-personnes-ont-recu-des-soins-a-la-clinique-adventiste-gratuite-a-san-antonio\/"},"wordCount":1310,"image":{"@id":"https:\/\/interamerica.org\/fr\/2015\/04\/6192-personnes-ont-recu-des-soins-a-la-clinique-adventiste-gratuite-a-san-antonio\/#primaryimage"},"thumbnailUrl":"https:\/\/interamerica.org\/wp-content\/uploads\/2017\/06\/csm_Pathways_2f28271045.jpg","articleSection":["Nouvelles de l'\u00c9glise mondiale","RSS Fran\u00e7ais"],"inLanguage":"fr-FR"},{"@type":"WebPage","@id":"https:\/\/interamerica.org\/fr\/2015\/04\/6192-personnes-ont-recu-des-soins-a-la-clinique-adventiste-gratuite-a-san-antonio\/","url":"https:\/\/interamerica.org\/fr\/2015\/04\/6192-personnes-ont-recu-des-soins-a-la-clinique-adventiste-gratuite-a-san-antonio\/","name":"6192 personnes ont re\u00e7u des soins \u00e0 la Clinique Adventiste gratuite \u00e0 San Antonio - \u00c9glise Adventiste Du Septieme Jour - Inter Am\u00e9rique Division","isPartOf":{"@id":"https:\/\/interamerica.org\/fr\/#website"},"primaryImageOfPage":{"@id":"https:\/\/interamerica.org\/fr\/2015\/04\/6192-personnes-ont-recu-des-soins-a-la-clinique-adventiste-gratuite-a-san-antonio\/#primaryimage"},"image":{"@id":"https:\/\/interamerica.org\/fr\/2015\/04\/6192-personnes-ont-recu-des-soins-a-la-clinique-adventiste-gratuite-a-san-antonio\/#primaryimage"},"thumbnailUrl":"https:\/\/interamerica.org\/wp-content\/uploads\/2017\/06\/csm_Pathways_2f28271045.jpg","datePublished":"2015-04-14T04:00:00+00:00","author":{"@id":"https:\/\/interamerica.org\/fr\/#\/schema\/person\/68ede8bdc292885bb76c1e3810e73c39"},"breadcrumb":{"@id":"https:\/\/interamerica.org\/fr\/2015\/04\/6192-personnes-ont-recu-des-soins-a-la-clinique-adventiste-gratuite-a-san-antonio\/#breadcrumb"},"inLanguage":"fr-FR","potentialAction":[{"@type":"ReadAction","target":["https:\/\/interamerica.org\/fr\/2015\/04\/6192-personnes-ont-recu-des-soins-a-la-clinique-adventiste-gratuite-a-san-antonio\/"]}]},{"@type":"ImageObject","inLanguage":"fr-FR","@id":"https:\/\/interamerica.org\/fr\/2015\/04\/6192-personnes-ont-recu-des-soins-a-la-clinique-adventiste-gratuite-a-san-antonio\/#primaryimage","url":"https:\/\/interamerica.org\/wp-content\/uploads\/2017\/06\/csm_Pathways_2f28271045.jpg","contentUrl":"https:\/\/interamerica.org\/wp-content\/uploads\/2017\/06\/csm_Pathways_2f28271045.jpg","width":400,"height":332},{"@type":"BreadcrumbList","@id":"https:\/\/interamerica.org\/fr\/2015\/04\/6192-personnes-ont-recu-des-soins-a-la-clinique-adventiste-gratuite-a-san-antonio\/#breadcrumb","itemListElement":[{"@type":"ListItem","position":1,"name":"Home","item":"https:\/\/interamerica.org\/fr\/"},{"@type":"ListItem","position":2,"name":"6192 personnes ont re\u00e7u des soins \u00e0 la Clinique Adventiste gratuite \u00e0 San Antonio"}]},{"@type":"WebSite","@id":"https:\/\/interamerica.org\/fr\/#website","url":"https:\/\/interamerica.org\/fr\/","name":"\u00c9glise Adventiste Du Septieme Jour - Inter Am\u00e9rique Division","description":"","potentialAction":[{"@type":"SearchAction","target":{"@type":"EntryPoint","urlTemplate":"https:\/\/interamerica.org\/fr\/?s={search_term_string}"},"query-input":{"@type":"PropertyValueSpecification","valueRequired":true,"valueName":"search_term_string"}}],"inLanguage":"fr-FR"},{"@type":"Person","@id":"https:\/\/interamerica.org\/fr\/#\/schema\/person\/68ede8bdc292885bb76c1e3810e73c39","name":"Lorenzo Verduzco","image":{"@type":"ImageObject","inLanguage":"fr-FR","@id":"https:\/\/secure.gravatar.com\/avatar\/fb81a55b6218459490a9c1dc841a34909185b81904c5337b4b27f7a6fd60c49e?s=96&d=mm&r=g","url":"https:\/\/secure.gravatar.com\/avatar\/fb81a55b6218459490a9c1dc841a34909185b81904c5337b4b27f7a6fd60c49e?s=96&d=mm&r=g","contentUrl":"https:\/\/secure.gravatar.com\/avatar\/fb81a55b6218459490a9c1dc841a34909185b81904c5337b4b27f7a6fd60c49e?s=96&d=mm&r=g","caption":"Lorenzo Verduzco"}}]}},"_links":{"self":[{"href":"https:\/\/interamerica.org\/fr\/wp-json\/wp\/v2\/posts\/32235","targetHints":{"allow":["GET"]}}],"collection":[{"href":"https:\/\/interamerica.org\/fr\/wp-json\/wp\/v2\/posts"}],"about":[{"href":"https:\/\/interamerica.org\/fr\/wp-json\/wp\/v2\/types\/post"}],"author":[{"embeddable":true,"href":"https:\/\/interamerica.org\/fr\/wp-json\/wp\/v2\/users\/1"}],"replies":[{"embeddable":true,"href":"https:\/\/interamerica.org\/fr\/wp-json\/wp\/v2\/comments?post=32235"}],"version-history":[{"count":0,"href":"https:\/\/interamerica.org\/fr\/wp-json\/wp\/v2\/posts\/32235\/revisions"}],"wp:featuredmedia":[{"embeddable":true,"href":"https:\/\/interamerica.org\/fr\/wp-json\/wp\/v2\/media\/25008"}],"wp:attachment":[{"href":"https:\/\/interamerica.org\/fr\/wp-json\/wp\/v2\/media?parent=32235"}],"wp:term":[{"taxonomy":"category","embeddable":true,"href":"https:\/\/interamerica.org\/fr\/wp-json\/wp\/v2\/categories?post=32235"},{"taxonomy":"post_tag","embeddable":true,"href":"https:\/\/interamerica.org\/fr\/wp-json\/wp\/v2\/tags?post=32235"}],"curies":[{"name":"wp","href":"https:\/\/api.w.org\/{rel}","templated":true}]}}