{"id":32236,"date":"2015-04-15T00:00:00","date_gmt":"2015-04-15T04:00:00","guid":{"rendered":"http:\/\/192.81.217.108\/interamerica\/2015\/04\/20-tableaux-que-vous-ne-devez-pas-rater-pendant-la-visite-de-lexposition-deden-en-eden\/"},"modified":"2015-04-15T00:00:00","modified_gmt":"2015-04-15T04:00:00","slug":"20-tableaux-que-vous-ne-devez-pas-rater-pendant-la-visite-de-lexposition-deden-en-eden","status":"publish","type":"post","link":"https:\/\/interamerica.org\/fr\/2015\/04\/20-tableaux-que-vous-ne-devez-pas-rater-pendant-la-visite-de-lexposition-deden-en-eden\/","title":{"rendered":"20 tableaux que vous ne devez pas rater pendant la visite de l\u2019exposition d\u2019Eden en Eden"},"content":{"rendered":"<div id=\"attachment_16379\" style=\"width: 710px\" class=\"wp-caption aligncenter\"><a href=\"\/interamerica\/wp-content\/uploads\/2017\/06\/rsz_img_9311.jpg\" rel=\"fancybox\" title=\"20 tableaux que vous ne devez pas rater pendant la visite de l\u2019exposition d\u2019Eden en Eden\"><img fetchpriority=\"high\" decoding=\"async\" aria-describedby=\"caption-attachment-16379\" class=\" wp-image-16379 \" src=\"\/interamerica\/wp-content\/uploads\/2017\/06\/rsz_img_9311.jpg\" alt=\"\" width=\"700\" height=\"350\" \/><\/a><p id=\"caption-attachment-16379\" class=\"wp-caption-text\">Image de Mylon Medley\/Adventist News network<\/p><\/div>\n<p>15 Avril 2015 \u2013 Silver Spring, Maryland, Etats Unis \u2013 Andrew McChesney\/Adventist Review<\/p>\n<p>Les visiteurs ne regarderont plus le si\u00e8ge de l\u2019Eglise Adventiste du Septi\u00e8me Jour de la m\u00eame mani\u00e8re.<\/p>\n<p>Le hall d\u2019entr\u00e9e et le vestibule du si\u00e8ge de l\u2019Eglise Adventiste \u00e0 Silver Spring dans le Maryland ont \u00e9t\u00e9 transform\u00e9s en une galerie d\u2019art qui embarque les visiteurs dans un voyage allant du jardin qui servait de maison \u00e0 Adam et Eve il y a 6000 ans \u00e0 la nouvelle terre apr\u00e8s le retour de J\u00e9sus.<\/p>\n<p>Les 78 tableaux de la collection \u00ab d\u2019Eden en Eden \u00bb montrent la main de Dieu dirigeant les activit\u00e9s de Son peuple \u00e0 travers les \u00e2ges et pr\u00e9sente aussi maintenant au sein de l\u2019Eglise Adventiste en attendant Son prochain retour, a dit Ted N.C.Wilson, pr\u00e9sident de l\u2019Eglise Adventiste mondiale.<\/p>\n<p>\u00ab \u00c7ette exposition vous entraine, \u00bb a dit Ted Wilson aux principaux leaders de l\u2019\u00e9glise lors de l\u2019inauguration de l\u2019exposition permanente cette semaine.<\/p>\n<p>\u00ab Lorsque vous visitez l\u2019exposition \u2018d\u2019Eden en Eden\u2019 vous verrez comment Dieu a conduit Son peuple \u00e0 chaque \u00e9tape du parcours, \u00bb a dit Ted Wilson qui a lanc\u00e9 les travaux pour cette exposition tr\u00e8s peu de temps apr\u00e8s avoir \u00e9t\u00e9 \u00e9lu pr\u00e9sident en 2010.<\/p>\n<p>Les tableaux, s\u00e9lectionn\u00e9s par l\u2019artiste Adventiste Lars Justinen, sont un ensemble de peintures classiques r\u00e9alis\u00e9es par des artistes comme Harry Anderson ainsi que des \u0153uvres contemporaines de Nathan Greene, Steve Creitz et Justinen lui m\u00eame.<\/p>\n<p>Les tableaux dans l\u2019exposition sont de belles r\u00e9pliques, imprim\u00e9es sur toile et plac\u00e9es dans des cadres.<\/p>\n<p>L\u2019exposition d\u2019Eden en Eden vise \u00e0 aider les visiteurs, les membres d\u2019\u00e9glise et les employ\u00e9s de l\u2019\u00e9glise \u00e0 comprendre imm\u00e9diatement quand ils entrent dans le b\u00e2timent, que le si\u00e8ge de l\u2019Eglise Adventiste est un centre hautement spirituel et religieux, a dit Ted Wilson dans une interview.<\/p>\n<p>\u00ab Les visiteurs ont besoin de bien comprendre le th\u00e8me du grand conflit qui se d\u00e9roule devant tout l\u2019univers, et aussi que bient\u00f4t J\u00e9sus reviendra en Vainqueur, \u00bb a t-il d\u00e9clar\u00e9.<\/p>\n<p>Un support MP3 pour la visite, t\u00e9l\u00e9chargeable en anglais, espagnol, portugais et fran\u00e7ais, est en pr\u00e9paration. Les visiteurs pourront t\u00e9l\u00e9charger le support audio de la visite sur leurs t\u00e9l\u00e9phones portables et autres appareils mobiles et pourront \u00e9couter avec leurs propres casques ou \u00e9couteurs. La version anglaise du support audio de la visite sera narr\u00e9e par l\u2019\u00e9vang\u00e9liste Mark Finley.<\/p>\n<p>\u00ab Je voudrais que vous sachiez qu\u2019apr\u00e8s l\u2019exposition d\u2019Eden en Eden, la Conf\u00e9rence G\u00e9n\u00e9rale ne sera plus jamais la m\u00eame, \u00bb a dit l\u2019organisateur de l\u2019exposition, William S. Costas Jr., directeur de la communication pour l\u2019Eglise Adventiste mondiale, lors de la c\u00e9r\u00e9monie d\u2019inauguration.<\/p>\n<p>Voici 20 tableaux que Lars Justinen, directeur de la collection d\u2019Eden en Eden, a choisi de pr\u00e9senter aux lecteurs d\u2019Adventist Review.<\/p>\n<p>Lars Justinen a expliqu\u00e9 pourquoi il a choisi ses 20 tableaux :<\/p>\n<p>\u00ab En choisissant ces 20 tableaux, je me suis concentr\u00e9 sur les ceux qui avaient un int\u00e9r\u00eat visuel qui soit clair et aussi dramatique, des images qui communiquent clairement un \u00e9v\u00e8nement biblique et stimule notre imagination, \u00bb a t-il dit. \u00ab J\u2019ai inclus des tableaux qui sont nouveaux pour la plupart des gens, certains ayant \u00e9t\u00e9 peints au cours de l\u2019ann\u00e9e qui vient de s\u2019\u00e9couler. Certains sont des classiques qui ne prennent pas une ride tels que les grandes \u0153uvres d\u2019Harry Anderson. Certains sont pour beaucoup d\u2019entre nous familiers, tels que les belles peintures de Nathan Greene. Et d\u2019autres repr\u00e9sentent l\u2019art nouveau que l\u2019on trouve chez des d\u2019artistes Adventistes qui \u00e9mergent comme Steve Creitz.<\/p>\n<p>\u00ab Toutes ces images devraient rappeler au visiteur les diff\u00e9rentes parties de la grande mosa\u00efque du parcours spirituel de l\u2019humanit\u00e9, l\u2019histoire qui dit comment les choses en sont arriv\u00e9es \u00e0 \u00eatre ce qu\u2019elles sont, et ce que Dieu voudrait que nous comprenions au sujet de qui Il est et ce qu\u2019Il a pr\u00e9par\u00e9 pour nous. J\u2019esp\u00e8re que vous trouverez un tableau ou deux qui feront \u00e9cho \u00e0 votre parcours spirituel \u2013 un art qui dit les paroles inexprim\u00e9es de l\u2019Esprit. Des paroles d\u2019esp\u00e9rance et de foi. \u00bb<\/p>\n<p>Traduction: Patrick Luciathe<\/p>\n","protected":false},"excerpt":{"rendered":"<p>Les visiteurs ne regarderont plus le si\u00e8ge de l\u2019Eglise Adventiste du Septi\u00e8me Jour de la m\u00eame mani\u00e8re.  <\/p>\n<p>Le hall d\u2019entr\u00e9e et le vestibule du si\u00e8ge de l\u2019Eglise Adventiste \u00e0 Silver Spring dans le Maryland ont \u00e9t\u00e9 transform\u00e9s en une galerie d\u2019art qui embarque les visiteurs dans un voyage allant du jardin qui servait de maison \u00e0 Adam et Eve il y a 6000 ans \u00e0 la nouvelle terre apr\u00e8s le retour de J\u00e9sus.<\/p>\n","protected":false},"author":1,"featured_media":25016,"comment_status":"closed","ping_status":"closed","sticky":false,"template":"","format":"standard","meta":{"_acf_changed":false,"footnotes":""},"categories":[18,19],"tags":[],"class_list":["post-32236","post","type-post","status-publish","format-standard","has-post-thumbnail","hentry","category-nouvelles-de-leglise-mondiale","category-rss-francais"],"acf":[],"yoast_head":"<!-- This site is optimized with the Yoast SEO plugin v27.3 - https:\/\/yoast.com\/product\/yoast-seo-wordpress\/ -->\n<title>20 tableaux que vous ne devez pas rater pendant la visite de l\u2019exposition d\u2019Eden en Eden - \u00c9glise Adventiste Du Septieme Jour - Inter Am\u00e9rique Division<\/title>\n<meta name=\"robots\" content=\"index, follow, max-snippet:-1, max-image-preview:large, max-video-preview:-1\" \/>\n<link rel=\"canonical\" href=\"https:\/\/interamerica.org\/fr\/2015\/04\/20-tableaux-que-vous-ne-devez-pas-rater-pendant-la-visite-de-lexposition-deden-en-eden\/\" \/>\n<meta property=\"og:locale\" content=\"fr_FR\" \/>\n<meta property=\"og:type\" content=\"article\" \/>\n<meta property=\"og:title\" content=\"20 tableaux que vous ne devez pas rater pendant la visite de l\u2019exposition d\u2019Eden en Eden - \u00c9glise Adventiste Du Septieme Jour - Inter Am\u00e9rique Division\" \/>\n<meta property=\"og:description\" content=\"Les visiteurs ne regarderont plus le si\u00e8ge de l\u2019Eglise Adventiste du Septi\u00e8me Jour de la m\u00eame mani\u00e8re.  Le hall d\u2019entr\u00e9e et le vestibule du si\u00e8ge de l\u2019Eglise Adventiste \u00e0 Silver Spring dans le Maryland ont \u00e9t\u00e9 transform\u00e9s en une galerie d\u2019art qui embarque les visiteurs dans un voyage allant du jardin qui servait de maison \u00e0 Adam et Eve il y a 6000 ans \u00e0 la nouvelle terre apr\u00e8s le retour de J\u00e9sus.\" \/>\n<meta property=\"og:url\" content=\"https:\/\/interamerica.org\/fr\/2015\/04\/20-tableaux-que-vous-ne-devez-pas-rater-pendant-la-visite-de-lexposition-deden-en-eden\/\" \/>\n<meta property=\"og:site_name\" content=\"\u00c9glise Adventiste Du Septieme Jour - Inter Am\u00e9rique Division\" \/>\n<meta property=\"article:published_time\" content=\"2015-04-15T04:00:00+00:00\" \/>\n<meta property=\"og:image\" content=\"https:\/\/interamerica.org\/wp-content\/uploads\/2017\/06\/rsz_img_9311.jpg\" \/>\n\t<meta property=\"og:image:width\" content=\"1000\" \/>\n\t<meta property=\"og:image:height\" content=\"500\" \/>\n\t<meta property=\"og:image:type\" content=\"image\/jpeg\" \/>\n<meta name=\"author\" content=\"Lorenzo Verduzco\" \/>\n<meta name=\"twitter:card\" content=\"summary_large_image\" \/>\n<meta name=\"twitter:label1\" content=\"\u00c9crit par\" \/>\n\t<meta name=\"twitter:data1\" content=\"Lorenzo Verduzco\" \/>\n\t<meta name=\"twitter:label2\" content=\"Dur\u00e9e de lecture estim\u00e9e\" \/>\n\t<meta name=\"twitter:data2\" content=\"4 minutes\" \/>\n<script type=\"application\/ld+json\" class=\"yoast-schema-graph\">{\"@context\":\"https:\\\/\\\/schema.org\",\"@graph\":[{\"@type\":\"Article\",\"@id\":\"https:\\\/\\\/interamerica.org\\\/fr\\\/2015\\\/04\\\/20-tableaux-que-vous-ne-devez-pas-rater-pendant-la-visite-de-lexposition-deden-en-eden\\\/#article\",\"isPartOf\":{\"@id\":\"https:\\\/\\\/interamerica.org\\\/fr\\\/2015\\\/04\\\/20-tableaux-que-vous-ne-devez-pas-rater-pendant-la-visite-de-lexposition-deden-en-eden\\\/\"},\"author\":{\"name\":\"Lorenzo Verduzco\",\"@id\":\"https:\\\/\\\/interamerica.org\\\/fr\\\/#\\\/schema\\\/person\\\/68ede8bdc292885bb76c1e3810e73c39\"},\"headline\":\"20 tableaux que vous ne devez pas rater pendant la visite de l\u2019exposition d\u2019Eden en Eden\",\"datePublished\":\"2015-04-15T04:00:00+00:00\",\"mainEntityOfPage\":{\"@id\":\"https:\\\/\\\/interamerica.org\\\/fr\\\/2015\\\/04\\\/20-tableaux-que-vous-ne-devez-pas-rater-pendant-la-visite-de-lexposition-deden-en-eden\\\/\"},\"wordCount\":775,\"image\":{\"@id\":\"https:\\\/\\\/interamerica.org\\\/fr\\\/2015\\\/04\\\/20-tableaux-que-vous-ne-devez-pas-rater-pendant-la-visite-de-lexposition-deden-en-eden\\\/#primaryimage\"},\"thumbnailUrl\":\"https:\\\/\\\/interamerica.org\\\/wp-content\\\/uploads\\\/2017\\\/06\\\/rsz_img_9311.jpg\",\"articleSection\":[\"Nouvelles de l'\u00c9glise mondiale\",\"RSS Fran\u00e7ais\"],\"inLanguage\":\"fr-FR\"},{\"@type\":\"WebPage\",\"@id\":\"https:\\\/\\\/interamerica.org\\\/fr\\\/2015\\\/04\\\/20-tableaux-que-vous-ne-devez-pas-rater-pendant-la-visite-de-lexposition-deden-en-eden\\\/\",\"url\":\"https:\\\/\\\/interamerica.org\\\/fr\\\/2015\\\/04\\\/20-tableaux-que-vous-ne-devez-pas-rater-pendant-la-visite-de-lexposition-deden-en-eden\\\/\",\"name\":\"20 tableaux que vous ne devez pas rater pendant la visite de l\u2019exposition d\u2019Eden en Eden - \u00c9glise Adventiste Du Septieme Jour - Inter Am\u00e9rique Division\",\"isPartOf\":{\"@id\":\"https:\\\/\\\/interamerica.org\\\/fr\\\/#website\"},\"primaryImageOfPage\":{\"@id\":\"https:\\\/\\\/interamerica.org\\\/fr\\\/2015\\\/04\\\/20-tableaux-que-vous-ne-devez-pas-rater-pendant-la-visite-de-lexposition-deden-en-eden\\\/#primaryimage\"},\"image\":{\"@id\":\"https:\\\/\\\/interamerica.org\\\/fr\\\/2015\\\/04\\\/20-tableaux-que-vous-ne-devez-pas-rater-pendant-la-visite-de-lexposition-deden-en-eden\\\/#primaryimage\"},\"thumbnailUrl\":\"https:\\\/\\\/interamerica.org\\\/wp-content\\\/uploads\\\/2017\\\/06\\\/rsz_img_9311.jpg\",\"datePublished\":\"2015-04-15T04:00:00+00:00\",\"author\":{\"@id\":\"https:\\\/\\\/interamerica.org\\\/fr\\\/#\\\/schema\\\/person\\\/68ede8bdc292885bb76c1e3810e73c39\"},\"breadcrumb\":{\"@id\":\"https:\\\/\\\/interamerica.org\\\/fr\\\/2015\\\/04\\\/20-tableaux-que-vous-ne-devez-pas-rater-pendant-la-visite-de-lexposition-deden-en-eden\\\/#breadcrumb\"},\"inLanguage\":\"fr-FR\",\"potentialAction\":[{\"@type\":\"ReadAction\",\"target\":[\"https:\\\/\\\/interamerica.org\\\/fr\\\/2015\\\/04\\\/20-tableaux-que-vous-ne-devez-pas-rater-pendant-la-visite-de-lexposition-deden-en-eden\\\/\"]}]},{\"@type\":\"ImageObject\",\"inLanguage\":\"fr-FR\",\"@id\":\"https:\\\/\\\/interamerica.org\\\/fr\\\/2015\\\/04\\\/20-tableaux-que-vous-ne-devez-pas-rater-pendant-la-visite-de-lexposition-deden-en-eden\\\/#primaryimage\",\"url\":\"https:\\\/\\\/interamerica.org\\\/wp-content\\\/uploads\\\/2017\\\/06\\\/rsz_img_9311.jpg\",\"contentUrl\":\"https:\\\/\\\/interamerica.org\\\/wp-content\\\/uploads\\\/2017\\\/06\\\/rsz_img_9311.jpg\",\"width\":1000,\"height\":500},{\"@type\":\"BreadcrumbList\",\"@id\":\"https:\\\/\\\/interamerica.org\\\/fr\\\/2015\\\/04\\\/20-tableaux-que-vous-ne-devez-pas-rater-pendant-la-visite-de-lexposition-deden-en-eden\\\/#breadcrumb\",\"itemListElement\":[{\"@type\":\"ListItem\",\"position\":1,\"name\":\"Home\",\"item\":\"https:\\\/\\\/interamerica.org\\\/fr\\\/\"},{\"@type\":\"ListItem\",\"position\":2,\"name\":\"20 tableaux que vous ne devez pas rater pendant la visite de l\u2019exposition d\u2019Eden en Eden\"}]},{\"@type\":\"WebSite\",\"@id\":\"https:\\\/\\\/interamerica.org\\\/fr\\\/#website\",\"url\":\"https:\\\/\\\/interamerica.org\\\/fr\\\/\",\"name\":\"\u00c9glise Adventiste Du Septieme Jour - Inter Am\u00e9rique Division\",\"description\":\"\",\"potentialAction\":[{\"@type\":\"SearchAction\",\"target\":{\"@type\":\"EntryPoint\",\"urlTemplate\":\"https:\\\/\\\/interamerica.org\\\/fr\\\/?s={search_term_string}\"},\"query-input\":{\"@type\":\"PropertyValueSpecification\",\"valueRequired\":true,\"valueName\":\"search_term_string\"}}],\"inLanguage\":\"fr-FR\"},{\"@type\":\"Person\",\"@id\":\"https:\\\/\\\/interamerica.org\\\/fr\\\/#\\\/schema\\\/person\\\/68ede8bdc292885bb76c1e3810e73c39\",\"name\":\"Lorenzo Verduzco\",\"image\":{\"@type\":\"ImageObject\",\"inLanguage\":\"fr-FR\",\"@id\":\"https:\\\/\\\/secure.gravatar.com\\\/avatar\\\/fb81a55b6218459490a9c1dc841a34909185b81904c5337b4b27f7a6fd60c49e?s=96&d=mm&r=g\",\"url\":\"https:\\\/\\\/secure.gravatar.com\\\/avatar\\\/fb81a55b6218459490a9c1dc841a34909185b81904c5337b4b27f7a6fd60c49e?s=96&d=mm&r=g\",\"contentUrl\":\"https:\\\/\\\/secure.gravatar.com\\\/avatar\\\/fb81a55b6218459490a9c1dc841a34909185b81904c5337b4b27f7a6fd60c49e?s=96&d=mm&r=g\",\"caption\":\"Lorenzo Verduzco\"}}]}<\/script>\n<!-- \/ Yoast SEO plugin. -->","yoast_head_json":{"title":"20 tableaux que vous ne devez pas rater pendant la visite de l\u2019exposition d\u2019Eden en Eden - \u00c9glise Adventiste Du Septieme Jour - Inter Am\u00e9rique Division","robots":{"index":"index","follow":"follow","max-snippet":"max-snippet:-1","max-image-preview":"max-image-preview:large","max-video-preview":"max-video-preview:-1"},"canonical":"https:\/\/interamerica.org\/fr\/2015\/04\/20-tableaux-que-vous-ne-devez-pas-rater-pendant-la-visite-de-lexposition-deden-en-eden\/","og_locale":"fr_FR","og_type":"article","og_title":"20 tableaux que vous ne devez pas rater pendant la visite de l\u2019exposition d\u2019Eden en Eden - \u00c9glise Adventiste Du Septieme Jour - Inter Am\u00e9rique Division","og_description":"Les visiteurs ne regarderont plus le si\u00e8ge de l\u2019Eglise Adventiste du Septi\u00e8me Jour de la m\u00eame mani\u00e8re.  Le hall d\u2019entr\u00e9e et le vestibule du si\u00e8ge de l\u2019Eglise Adventiste \u00e0 Silver Spring dans le Maryland ont \u00e9t\u00e9 transform\u00e9s en une galerie d\u2019art qui embarque les visiteurs dans un voyage allant du jardin qui servait de maison \u00e0 Adam et Eve il y a 6000 ans \u00e0 la nouvelle terre apr\u00e8s le retour de J\u00e9sus.","og_url":"https:\/\/interamerica.org\/fr\/2015\/04\/20-tableaux-que-vous-ne-devez-pas-rater-pendant-la-visite-de-lexposition-deden-en-eden\/","og_site_name":"\u00c9glise Adventiste Du Septieme Jour - Inter Am\u00e9rique Division","article_published_time":"2015-04-15T04:00:00+00:00","og_image":[{"width":1000,"height":500,"url":"https:\/\/interamerica.org\/wp-content\/uploads\/2017\/06\/rsz_img_9311.jpg","type":"image\/jpeg"}],"author":"Lorenzo Verduzco","twitter_card":"summary_large_image","twitter_misc":{"\u00c9crit par":"Lorenzo Verduzco","Dur\u00e9e de lecture estim\u00e9e":"4 minutes"},"schema":{"@context":"https:\/\/schema.org","@graph":[{"@type":"Article","@id":"https:\/\/interamerica.org\/fr\/2015\/04\/20-tableaux-que-vous-ne-devez-pas-rater-pendant-la-visite-de-lexposition-deden-en-eden\/#article","isPartOf":{"@id":"https:\/\/interamerica.org\/fr\/2015\/04\/20-tableaux-que-vous-ne-devez-pas-rater-pendant-la-visite-de-lexposition-deden-en-eden\/"},"author":{"name":"Lorenzo Verduzco","@id":"https:\/\/interamerica.org\/fr\/#\/schema\/person\/68ede8bdc292885bb76c1e3810e73c39"},"headline":"20 tableaux que vous ne devez pas rater pendant la visite de l\u2019exposition d\u2019Eden en Eden","datePublished":"2015-04-15T04:00:00+00:00","mainEntityOfPage":{"@id":"https:\/\/interamerica.org\/fr\/2015\/04\/20-tableaux-que-vous-ne-devez-pas-rater-pendant-la-visite-de-lexposition-deden-en-eden\/"},"wordCount":775,"image":{"@id":"https:\/\/interamerica.org\/fr\/2015\/04\/20-tableaux-que-vous-ne-devez-pas-rater-pendant-la-visite-de-lexposition-deden-en-eden\/#primaryimage"},"thumbnailUrl":"https:\/\/interamerica.org\/wp-content\/uploads\/2017\/06\/rsz_img_9311.jpg","articleSection":["Nouvelles de l'\u00c9glise mondiale","RSS Fran\u00e7ais"],"inLanguage":"fr-FR"},{"@type":"WebPage","@id":"https:\/\/interamerica.org\/fr\/2015\/04\/20-tableaux-que-vous-ne-devez-pas-rater-pendant-la-visite-de-lexposition-deden-en-eden\/","url":"https:\/\/interamerica.org\/fr\/2015\/04\/20-tableaux-que-vous-ne-devez-pas-rater-pendant-la-visite-de-lexposition-deden-en-eden\/","name":"20 tableaux que vous ne devez pas rater pendant la visite de l\u2019exposition d\u2019Eden en Eden - \u00c9glise Adventiste Du Septieme Jour - Inter Am\u00e9rique Division","isPartOf":{"@id":"https:\/\/interamerica.org\/fr\/#website"},"primaryImageOfPage":{"@id":"https:\/\/interamerica.org\/fr\/2015\/04\/20-tableaux-que-vous-ne-devez-pas-rater-pendant-la-visite-de-lexposition-deden-en-eden\/#primaryimage"},"image":{"@id":"https:\/\/interamerica.org\/fr\/2015\/04\/20-tableaux-que-vous-ne-devez-pas-rater-pendant-la-visite-de-lexposition-deden-en-eden\/#primaryimage"},"thumbnailUrl":"https:\/\/interamerica.org\/wp-content\/uploads\/2017\/06\/rsz_img_9311.jpg","datePublished":"2015-04-15T04:00:00+00:00","author":{"@id":"https:\/\/interamerica.org\/fr\/#\/schema\/person\/68ede8bdc292885bb76c1e3810e73c39"},"breadcrumb":{"@id":"https:\/\/interamerica.org\/fr\/2015\/04\/20-tableaux-que-vous-ne-devez-pas-rater-pendant-la-visite-de-lexposition-deden-en-eden\/#breadcrumb"},"inLanguage":"fr-FR","potentialAction":[{"@type":"ReadAction","target":["https:\/\/interamerica.org\/fr\/2015\/04\/20-tableaux-que-vous-ne-devez-pas-rater-pendant-la-visite-de-lexposition-deden-en-eden\/"]}]},{"@type":"ImageObject","inLanguage":"fr-FR","@id":"https:\/\/interamerica.org\/fr\/2015\/04\/20-tableaux-que-vous-ne-devez-pas-rater-pendant-la-visite-de-lexposition-deden-en-eden\/#primaryimage","url":"https:\/\/interamerica.org\/wp-content\/uploads\/2017\/06\/rsz_img_9311.jpg","contentUrl":"https:\/\/interamerica.org\/wp-content\/uploads\/2017\/06\/rsz_img_9311.jpg","width":1000,"height":500},{"@type":"BreadcrumbList","@id":"https:\/\/interamerica.org\/fr\/2015\/04\/20-tableaux-que-vous-ne-devez-pas-rater-pendant-la-visite-de-lexposition-deden-en-eden\/#breadcrumb","itemListElement":[{"@type":"ListItem","position":1,"name":"Home","item":"https:\/\/interamerica.org\/fr\/"},{"@type":"ListItem","position":2,"name":"20 tableaux que vous ne devez pas rater pendant la visite de l\u2019exposition d\u2019Eden en Eden"}]},{"@type":"WebSite","@id":"https:\/\/interamerica.org\/fr\/#website","url":"https:\/\/interamerica.org\/fr\/","name":"\u00c9glise Adventiste Du Septieme Jour - Inter Am\u00e9rique Division","description":"","potentialAction":[{"@type":"SearchAction","target":{"@type":"EntryPoint","urlTemplate":"https:\/\/interamerica.org\/fr\/?s={search_term_string}"},"query-input":{"@type":"PropertyValueSpecification","valueRequired":true,"valueName":"search_term_string"}}],"inLanguage":"fr-FR"},{"@type":"Person","@id":"https:\/\/interamerica.org\/fr\/#\/schema\/person\/68ede8bdc292885bb76c1e3810e73c39","name":"Lorenzo Verduzco","image":{"@type":"ImageObject","inLanguage":"fr-FR","@id":"https:\/\/secure.gravatar.com\/avatar\/fb81a55b6218459490a9c1dc841a34909185b81904c5337b4b27f7a6fd60c49e?s=96&d=mm&r=g","url":"https:\/\/secure.gravatar.com\/avatar\/fb81a55b6218459490a9c1dc841a34909185b81904c5337b4b27f7a6fd60c49e?s=96&d=mm&r=g","contentUrl":"https:\/\/secure.gravatar.com\/avatar\/fb81a55b6218459490a9c1dc841a34909185b81904c5337b4b27f7a6fd60c49e?s=96&d=mm&r=g","caption":"Lorenzo Verduzco"}}]}},"_links":{"self":[{"href":"https:\/\/interamerica.org\/fr\/wp-json\/wp\/v2\/posts\/32236","targetHints":{"allow":["GET"]}}],"collection":[{"href":"https:\/\/interamerica.org\/fr\/wp-json\/wp\/v2\/posts"}],"about":[{"href":"https:\/\/interamerica.org\/fr\/wp-json\/wp\/v2\/types\/post"}],"author":[{"embeddable":true,"href":"https:\/\/interamerica.org\/fr\/wp-json\/wp\/v2\/users\/1"}],"replies":[{"embeddable":true,"href":"https:\/\/interamerica.org\/fr\/wp-json\/wp\/v2\/comments?post=32236"}],"version-history":[{"count":0,"href":"https:\/\/interamerica.org\/fr\/wp-json\/wp\/v2\/posts\/32236\/revisions"}],"wp:featuredmedia":[{"embeddable":true,"href":"https:\/\/interamerica.org\/fr\/wp-json\/wp\/v2\/media\/25016"}],"wp:attachment":[{"href":"https:\/\/interamerica.org\/fr\/wp-json\/wp\/v2\/media?parent=32236"}],"wp:term":[{"taxonomy":"category","embeddable":true,"href":"https:\/\/interamerica.org\/fr\/wp-json\/wp\/v2\/categories?post=32236"},{"taxonomy":"post_tag","embeddable":true,"href":"https:\/\/interamerica.org\/fr\/wp-json\/wp\/v2\/tags?post=32236"}],"curies":[{"name":"wp","href":"https:\/\/api.w.org\/{rel}","templated":true}]}}