{"id":32237,"date":"2015-04-15T00:00:00","date_gmt":"2015-04-15T04:00:00","guid":{"rendered":"http:\/\/192.81.217.108\/interamerica\/2015\/04\/leglise-renforcera-les-ministeres-aupres-des-campus-publics-a-travers-linter-amerique\/"},"modified":"2015-04-15T00:00:00","modified_gmt":"2015-04-15T04:00:00","slug":"leglise-renforcera-les-ministeres-aupres-des-campus-publics-a-travers-linter-amerique","status":"publish","type":"post","link":"https:\/\/interamerica.org\/fr\/2015\/04\/leglise-renforcera-les-ministeres-aupres-des-campus-publics-a-travers-linter-amerique\/","title":{"rendered":"L\u2019\u00e9glise renforcera les minist\u00e8res aupr\u00e8s des campus publics \u00e0 travers l\u2019Inter Am\u00e9rique"},"content":{"rendered":"<div id=\"attachment_16390\" style=\"width: 567px\" class=\"wp-caption aligncenter\"><a href=\"\/interamerica\/wp-content\/uploads\/2017\/06\/Trendsetters6001.png\" rel=\"fancybox\" title=\"L\u2019\u00e9glise renforcera les minist\u00e8res aupr\u00e8s des campus publics \u00e0 travers l\u2019Inter Am\u00e9rique\"><img fetchpriority=\"high\" decoding=\"async\" aria-describedby=\"caption-attachment-16390\" class=\"size-full wp-image-16390\" src=\"\/interamerica\/wp-content\/uploads\/2017\/06\/Trendsetters6001.png\" alt=\"\" width=\"557\" height=\"361\" \/><\/a><p id=\"caption-attachment-16390\" class=\"wp-caption-text\">Des \u00e9tudiants Adventistes d\u2019Inter Am\u00e9rique qui \u00e9tudient dans les universit\u00e9s du sud de la Floride, conduisent le moment de louange et d\u2019adoration depuis Miami en Floride le 11 avril 2015, lors du programme en ligne sp\u00e9cial visant \u00e0 consolider les minist\u00e8res aupr\u00e8s des campus publics en Inter Am\u00e9rique. Image de Libna Stevens\/DIA.<\/p><\/div>\n<p>15 Avril 2015 \u2013 Miami, Floride, Etats Unis \u2013 Libna Stevens\/DIA<\/p>\n<p>Les principaux leaders de l\u2019Eglise Adventiste ont envoy\u00e9 un message clair \u00e0 des centaines de milliers d\u2019\u00e9tudiants Adventistes inscrits dans des universit\u00e9s publiques sur l\u2019ensemble du territoire de la Division Inter Am\u00e9ricaine (DIA) lors d\u2019un programme sp\u00e9cial en ligne qui s\u2019est d\u00e9roul\u00e9 le 11 avril 2015.<\/p>\n<div id=\"attachment_16389\" style=\"width: 330px\" class=\"wp-caption alignright\"><a href=\"\/interamerica\/wp-content\/uploads\/2017\/06\/Leito-trendsetters.png\" rel=\"fancybox\" title=\"L\u2019\u00e9glise renforcera les minist\u00e8res aupr\u00e8s des campus publics \u00e0 travers l\u2019Inter Am\u00e9rique\"><img decoding=\"async\" aria-describedby=\"caption-attachment-16389\" class=\" wp-image-16389  \" src=\"\/interamerica\/wp-content\/uploads\/2017\/06\/Leito-trendsetters.png\" alt=\"\" width=\"320\" height=\"270\" \/><\/a><p id=\"caption-attachment-16389\" class=\"wp-caption-text\">Le pr\u00e9sident de la DIA, pasteur Isra\u00ebl Leito participe \u00e0 un forum avec des \u00e9tudiants Adventistes au cours du programme en direct. Image de Libna Stevens\/DIA.<\/p><\/div>\n<p>\u00ab N\u2019abandonnez pas. L\u2019\u00e9glise ne vous abandonnera pas. Dieu est avec vous et nous nous soucions de vous, \u00bb a assur\u00e9 pasteur Leito, pr\u00e9sident de l\u2019Eglise Adventiste en Inter Am\u00e9rique, alors qu\u2019il s\u2019exprimait depuis le si\u00e8ge de la DIA \u00e0 Miami en Floride.<\/p>\n<p>Le message est venu au moment o\u00f9 les leaders de l\u2019\u00e9glise annon\u00e7aient que davantage d\u2019attention sera accord\u00e9e aux membres d\u2019\u00e9glise qui \u00e9tudient en dehors des campus Adventistes dans les pr\u00e8s de quatre douzaines de pays r\u00e9partis dans le territoire.<\/p>\n<p>L\u2019\u00e9glise en Inter Am\u00e9rique a nomm\u00e9 deux responsables des minist\u00e8res aupr\u00e8s des campus publics, pasteur Balvin Braham et Hiram Ruiz qui couvriront le territoire anglophone, hispanophone et francophone suite \u00e0 l\u2019initiative de l\u2019Eglise Adventiste mondiale qui a nomm\u00e9 un directeur des minist\u00e8res aupr\u00e8s des campus publics en octobre 2014.<\/p>\n<p>\u00ab C\u2019est une opportunit\u00e9 vraiment sp\u00e9ciale de pouvoir exercer un minist\u00e8re aupr\u00e8s de nos \u00e9tudiants Adventistes dans tout le territoire, \u00bb a dit pasteur Balvin Braham, directeur adjoint des minist\u00e8res de la jeunesse supervisant les minist\u00e8res aupr\u00e8s des campus publics pour les r\u00e9gions anglophones et francophones de la DIA.<\/p>\n<p>Bien qu\u2019il y ait eu une longue histoire des minist\u00e8res aupr\u00e8s des campus publics en Jama\u00efque, en Colombie, au Mexique, en R\u00e9publique Dominicaine, au Venezuela et dans d\u2019autres pays, nous avons maintenant une parfaite opportunit\u00e9 d\u2019avancer ensemble, a dit Balvin Braham.<\/p>\n<p>\u00ab Les probl\u00e8mes sont \u00e9normes, \u00bb a dit Balvin Braham. \u00ab Beaucoup de nos \u00e9tudiants, parfois en laissant l\u2019universit\u00e9, abandonnent leur foi et ne trouvent plus l\u2019\u00e9glise attrayante, par cons\u00e9quent nous voulons nous assurer d\u2019avoir un minist\u00e8res aupr\u00e8s des campus pour tous nos \u00e9tudiants qui sont dans des universit\u00e9s publiques ou priv\u00e9es. \u00bb<\/p>\n<p>Le programme de sept heures, baptis\u00e9 Trendsetters (faiseurs de tendances), cherchait \u00e0 offrir un forum aux \u00e9tudiants Adventistes afin de nourrir leur foi Chr\u00e9tienne, de les \u00e9quiper afin qu\u2019ils partagent leur foi sur le campus et \u00e0 l\u2019ext\u00e9rieur du campus, et aussi d\u2019encourager un esprit favorisant la mise en r\u00e9seau sociale et acad\u00e9mique chez les \u00e9tudiants Adventistes dans les universit\u00e9s, a dit Balvin Braham qui a organis\u00e9 le programme en direct.<\/p>\n<p>Des douzaines d\u2019\u00e9tudiants ont particip\u00e9 par le biais de flux en direct depuis huit sites sp\u00e9cifiques dans diff\u00e9rents pays. Ils ont partag\u00e9 leurs exp\u00e9riences d\u2019appartenance \u00e0 une association du minist\u00e8re aupr\u00e8s des campus.<\/p>\n<div id=\"attachment_16388\" style=\"width: 291px\" class=\"wp-caption alignright\"><a href=\"\/interamerica\/wp-content\/uploads\/2017\/06\/Braham-trendsetters.png\" rel=\"fancybox\" title=\"L\u2019\u00e9glise renforcera les minist\u00e8res aupr\u00e8s des campus publics \u00e0 travers l\u2019Inter Am\u00e9rique\"><img decoding=\"async\" aria-describedby=\"caption-attachment-16388\" class=\"size-full wp-image-16388 \" src=\"\/interamerica\/wp-content\/uploads\/2017\/06\/Braham-trendsetters.png\" alt=\"\" width=\"281\" height=\"217\" \/><\/a><p id=\"caption-attachment-16388\" class=\"wp-caption-text\">Pasteur Balvin Braham annonce que des r\u00e8glements sp\u00e9ciaux seront vot\u00e9s lors des prochaines rencontres du comit\u00e9 ex\u00e9cutif, parmi lesquels la nomination d\u2019un directeur des minist\u00e8res aupr\u00e8s des campus publics au niveau des unions, des f\u00e9d\u00e9rations\/missions, et au niveau de l\u2019\u00e9glise locale dans toute la DIA.<\/p><\/div>\n<p>Quelques 30 \u00e9tudiants Adventistes originaires de l\u2019Inter Am\u00e9rique mais \u00e9tudiant actuellement dans le sud de la Floride ont particip\u00e9 au programme avec de la musique, des t\u00e9moignages, des sessions de questions et r\u00e9ponses et des messages spirituels.<\/p>\n<p>Au cours du programme, les \u00e9tudiants ont appris comment devenir des faiseurs de tendances sur leurs campus et comment former un groupe d\u2019\u00e9tudiants Adventistes en ayant une vision, en \u00e9tant consistants dans leur style de vie, en \u00e9tant authentiques, en \u00e9tant confiants, en \u00e9tant pr\u00eats \u00e0 la r\u00e9sistance, comment d\u00e9marrer une \u00e9quipe et communiquer efficacement sur ce que signifie r\u00e9ellement faire partie d\u2019un groupe dans le cadre des minist\u00e8res aupr\u00e8s des campus.<\/p>\n<p>Le programme repr\u00e9sentait une rampe de lancement initiale pour ce qui serait propos\u00e9 dans le minist\u00e8re aupr\u00e8s des campus publics nouvellement \u00e9tabli en Inter Am\u00e9rique, ont indiqu\u00e9 les leaders de l\u2019\u00e9glise.<\/p>\n<p>\u00ab L\u2019\u00e9glise a besoin de porter plus d\u2019attention aux \u00e9tudiants Adventistes qui \u00e9tudient sur des campus non Adventistes, \u00bb a dit pasteur Leito. \u00ab C\u2019est un besoin pressant parce que cela a \u00e9t\u00e9 n\u00e9glig\u00e9 pendant quelques temps et tr\u00e8s peu de dirigeants d\u2019\u00e9glise sont pass\u00e9s par le syst\u00e8me \u00e9ducatif non-Adventiste, a t-il expliqu\u00e9.<\/p>\n<p>\u00ab On a appris que peut-\u00eatre quelques deux millions d\u2019Adventistes du Septi\u00e8me Jour dans le monde \u00e9tudient en dehors de notre syst\u00e8me \u00e9ducatif, et je crois que peut-\u00eatre un quart de ces \u00e9tudiants se trouvent dans la Division Inter Am\u00e9ricaine, \u00bb a dit pasteur Leito.<\/p>\n<div id=\"attachment_16386\" style=\"width: 490px\" class=\"wp-caption alignleft\"><a href=\"\/interamerica\/wp-content\/uploads\/2017\/06\/Trendsetters-Feeds600.png\" rel=\"fancybox\" title=\"L\u2019\u00e9glise renforcera les minist\u00e8res aupr\u00e8s des campus publics \u00e0 travers l\u2019Inter Am\u00e9rique\"><img loading=\"lazy\" decoding=\"async\" aria-describedby=\"caption-attachment-16386\" class=\"wp-image-16386 \" src=\"\/interamerica\/wp-content\/uploads\/2017\/06\/Trendsetters-Feeds600.png\" alt=\"\" width=\"480\" height=\"289\" \/><\/a><p id=\"caption-attachment-16386\" class=\"wp-caption-text\">Six flux en direct depuis diff\u00e9rents sites \u00e0 travers l\u2019Inter Am\u00e9rique avec des \u00e9tudiants connect\u00e9s au cours du programme en ligne. Image de la DIA.<\/p><\/div>\n<p>Au cours du programme, plusieurs \u00e9tudiants ont partag\u00e9 leurs exp\u00e9riences et les d\u00e9fis qu\u2019ils confrontent dans le cadre de leurs \u00e9tudes dans des universit\u00e9s non confessionnelles. Cela a pouss\u00e9 les leaders \u00e0 les encourager \u00e0 maintenir une relation \u00e9troite avec J\u00e9sus en toute circonstance.<\/p>\n<p>\u00ab Adorez Dieu chaque jour et constamment, \u00bb a dit pasteur Leito. \u00ab Que la Bible fasse partie de votre vie chaque jour. Le Seigneur vous aime et l\u2019\u00e9glise a besoin de vous. \u00bb<\/p>\n<p>Les leaders de l\u2019\u00e9glise ont invit\u00e9 les responsables r\u00e9gionaux de l\u2019\u00e9glise \u00e0 pr\u00eater davantage attention aux \u00e9tudiants Adventistes de leurs territoires qui \u00e9tudient en dehors du syst\u00e8me \u00e9ducatif Adventiste et qui ont besoin d\u2019\u00eatre entour\u00e9s spirituellement et d\u2019\u00eatre plus int\u00e9gr\u00e9s dans le service de la vie de l\u2019\u00e9glise.<\/p>\n<p>Pasteur Braham a annonc\u00e9 que des r\u00e8glements sp\u00e9ciaux pour les minist\u00e8res aupr\u00e8s des campus publics seraient mis en place lors des rencontres du comit\u00e9 ex\u00e9cutif de l\u2019Inter Am\u00e9rique le mois prochain. \u00ab Nous voulons avoir un directeur des minist\u00e8res aupr\u00e8s des campus publics au niveau des unions, des champs locaux et dans chaque \u00e9glise en Inter Am\u00e9rique, \u00bb a ajout\u00e9 Balvin Braham.<\/p>\n<p>Pour voir le programme qui a \u00e9t\u00e9 diffus\u00e9 en direct, cliquez <a href=\"https:\/\/www.youtube.com\/watch?v=V1ymhEKH7Lo\">ICI<\/a><\/p>\n<p>Pour voir une galerie de photos du programme, cliquez <a href=\"https:\/\/www.flickr.com\/photos\/interamerica\/16955116699\/\">ICI<\/a><\/p>\n<p>Traduction: Patrick Luciathe<\/p>\n","protected":false},"excerpt":{"rendered":"<p>Les principaux leaders de l\u2019Eglise Adventiste ont envoy\u00e9 un message clair \u00e0 des centaines de milliers d\u2019\u00e9tudiants Adventistes inscrits dans des universit\u00e9s publiques sur l\u2019ensemble du territoire de la Division Inter Am\u00e9ricaine (DIA) lors d\u2019un programme sp\u00e9cial en ligne qui s\u2019est d\u00e9roul\u00e9 le 11 avril 2015. <\/p>\n<p>\u00ab N\u2019abandonnez pas. L\u2019\u00e9glise ne vous abandonnera pas. Dieu est avec vous et nous nous soucions de vous, \u00bb a assur\u00e9 pasteur Leito, pr\u00e9sident de l\u2019Eglise Adventiste en Inter Am\u00e9rique, alors qu\u2019il s\u2019exprimait depuis le si\u00e8ge de la DIA \u00e0 Miami en Floride.<\/p>\n","protected":false},"author":1,"featured_media":25020,"comment_status":"closed","ping_status":"closed","sticky":false,"template":"","format":"standard","meta":{"_acf_changed":false,"footnotes":""},"categories":[20,19],"tags":[],"class_list":["post-32237","post","type-post","status-publish","format-standard","has-post-thumbnail","hentry","category-nouvelles-du-siege-de-la-division","category-rss-francais"],"acf":[],"yoast_head":"<!-- This site is optimized with the Yoast SEO plugin v27.3 - https:\/\/yoast.com\/product\/yoast-seo-wordpress\/ -->\n<title>L\u2019\u00e9glise renforcera les minist\u00e8res aupr\u00e8s des campus publics \u00e0 travers l\u2019Inter Am\u00e9rique - \u00c9glise Adventiste Du Septieme Jour - Inter Am\u00e9rique Division<\/title>\n<meta name=\"robots\" content=\"index, follow, max-snippet:-1, max-image-preview:large, max-video-preview:-1\" \/>\n<link rel=\"canonical\" href=\"https:\/\/interamerica.org\/fr\/2015\/04\/leglise-renforcera-les-ministeres-aupres-des-campus-publics-a-travers-linter-amerique\/\" \/>\n<meta property=\"og:locale\" content=\"fr_FR\" \/>\n<meta property=\"og:type\" content=\"article\" \/>\n<meta property=\"og:title\" content=\"L\u2019\u00e9glise renforcera les minist\u00e8res aupr\u00e8s des campus publics \u00e0 travers l\u2019Inter Am\u00e9rique - \u00c9glise Adventiste Du Septieme Jour - Inter Am\u00e9rique Division\" \/>\n<meta property=\"og:description\" content=\"Les principaux leaders de l\u2019Eglise Adventiste ont envoy\u00e9 un message clair \u00e0 des centaines de milliers d\u2019\u00e9tudiants Adventistes inscrits dans des universit\u00e9s publiques sur l\u2019ensemble du territoire de la Division Inter Am\u00e9ricaine (DIA) lors d\u2019un programme sp\u00e9cial en ligne qui s\u2019est d\u00e9roul\u00e9 le 11 avril 2015.  \u00ab N\u2019abandonnez pas. L\u2019\u00e9glise ne vous abandonnera pas. Dieu est avec vous et nous nous soucions de vous, \u00bb a assur\u00e9 pasteur Leito, pr\u00e9sident de l\u2019Eglise Adventiste en Inter Am\u00e9rique, alors qu\u2019il s\u2019exprimait depuis le si\u00e8ge de la DIA \u00e0 Miami en Floride.\" \/>\n<meta property=\"og:url\" content=\"https:\/\/interamerica.org\/fr\/2015\/04\/leglise-renforcera-les-ministeres-aupres-des-campus-publics-a-travers-linter-amerique\/\" \/>\n<meta property=\"og:site_name\" content=\"\u00c9glise Adventiste Du Septieme Jour - Inter Am\u00e9rique Division\" \/>\n<meta property=\"article:published_time\" content=\"2015-04-15T04:00:00+00:00\" \/>\n<meta property=\"og:image\" content=\"https:\/\/interamerica.org\/wp-content\/uploads\/2017\/06\/Leito-trendsetters.png\" \/>\n\t<meta property=\"og:image:width\" content=\"400\" \/>\n\t<meta property=\"og:image:height\" content=\"338\" \/>\n\t<meta property=\"og:image:type\" content=\"image\/png\" \/>\n<meta name=\"author\" content=\"Lorenzo Verduzco\" \/>\n<meta name=\"twitter:card\" content=\"summary_large_image\" \/>\n<meta name=\"twitter:label1\" content=\"\u00c9crit par\" \/>\n\t<meta name=\"twitter:data1\" content=\"Lorenzo Verduzco\" \/>\n\t<meta name=\"twitter:label2\" content=\"Dur\u00e9e de lecture estim\u00e9e\" \/>\n\t<meta name=\"twitter:data2\" content=\"6 minutes\" \/>\n<script type=\"application\/ld+json\" class=\"yoast-schema-graph\">{\"@context\":\"https:\\\/\\\/schema.org\",\"@graph\":[{\"@type\":\"Article\",\"@id\":\"https:\\\/\\\/interamerica.org\\\/fr\\\/2015\\\/04\\\/leglise-renforcera-les-ministeres-aupres-des-campus-publics-a-travers-linter-amerique\\\/#article\",\"isPartOf\":{\"@id\":\"https:\\\/\\\/interamerica.org\\\/fr\\\/2015\\\/04\\\/leglise-renforcera-les-ministeres-aupres-des-campus-publics-a-travers-linter-amerique\\\/\"},\"author\":{\"name\":\"Lorenzo Verduzco\",\"@id\":\"https:\\\/\\\/interamerica.org\\\/fr\\\/#\\\/schema\\\/person\\\/68ede8bdc292885bb76c1e3810e73c39\"},\"headline\":\"L\u2019\u00e9glise renforcera les minist\u00e8res aupr\u00e8s des campus publics \u00e0 travers l\u2019Inter Am\u00e9rique\",\"datePublished\":\"2015-04-15T04:00:00+00:00\",\"mainEntityOfPage\":{\"@id\":\"https:\\\/\\\/interamerica.org\\\/fr\\\/2015\\\/04\\\/leglise-renforcera-les-ministeres-aupres-des-campus-publics-a-travers-linter-amerique\\\/\"},\"wordCount\":1193,\"image\":{\"@id\":\"https:\\\/\\\/interamerica.org\\\/fr\\\/2015\\\/04\\\/leglise-renforcera-les-ministeres-aupres-des-campus-publics-a-travers-linter-amerique\\\/#primaryimage\"},\"thumbnailUrl\":\"https:\\\/\\\/interamerica.org\\\/wp-content\\\/uploads\\\/2017\\\/06\\\/Leito-trendsetters.png\",\"articleSection\":[\"Nouvelles du si\u00e8ge de la division\",\"RSS Fran\u00e7ais\"],\"inLanguage\":\"fr-FR\"},{\"@type\":\"WebPage\",\"@id\":\"https:\\\/\\\/interamerica.org\\\/fr\\\/2015\\\/04\\\/leglise-renforcera-les-ministeres-aupres-des-campus-publics-a-travers-linter-amerique\\\/\",\"url\":\"https:\\\/\\\/interamerica.org\\\/fr\\\/2015\\\/04\\\/leglise-renforcera-les-ministeres-aupres-des-campus-publics-a-travers-linter-amerique\\\/\",\"name\":\"L\u2019\u00e9glise renforcera les minist\u00e8res aupr\u00e8s des campus publics \u00e0 travers l\u2019Inter Am\u00e9rique - \u00c9glise Adventiste Du Septieme Jour - Inter Am\u00e9rique Division\",\"isPartOf\":{\"@id\":\"https:\\\/\\\/interamerica.org\\\/fr\\\/#website\"},\"primaryImageOfPage\":{\"@id\":\"https:\\\/\\\/interamerica.org\\\/fr\\\/2015\\\/04\\\/leglise-renforcera-les-ministeres-aupres-des-campus-publics-a-travers-linter-amerique\\\/#primaryimage\"},\"image\":{\"@id\":\"https:\\\/\\\/interamerica.org\\\/fr\\\/2015\\\/04\\\/leglise-renforcera-les-ministeres-aupres-des-campus-publics-a-travers-linter-amerique\\\/#primaryimage\"},\"thumbnailUrl\":\"https:\\\/\\\/interamerica.org\\\/wp-content\\\/uploads\\\/2017\\\/06\\\/Leito-trendsetters.png\",\"datePublished\":\"2015-04-15T04:00:00+00:00\",\"author\":{\"@id\":\"https:\\\/\\\/interamerica.org\\\/fr\\\/#\\\/schema\\\/person\\\/68ede8bdc292885bb76c1e3810e73c39\"},\"breadcrumb\":{\"@id\":\"https:\\\/\\\/interamerica.org\\\/fr\\\/2015\\\/04\\\/leglise-renforcera-les-ministeres-aupres-des-campus-publics-a-travers-linter-amerique\\\/#breadcrumb\"},\"inLanguage\":\"fr-FR\",\"potentialAction\":[{\"@type\":\"ReadAction\",\"target\":[\"https:\\\/\\\/interamerica.org\\\/fr\\\/2015\\\/04\\\/leglise-renforcera-les-ministeres-aupres-des-campus-publics-a-travers-linter-amerique\\\/\"]}]},{\"@type\":\"ImageObject\",\"inLanguage\":\"fr-FR\",\"@id\":\"https:\\\/\\\/interamerica.org\\\/fr\\\/2015\\\/04\\\/leglise-renforcera-les-ministeres-aupres-des-campus-publics-a-travers-linter-amerique\\\/#primaryimage\",\"url\":\"https:\\\/\\\/interamerica.org\\\/wp-content\\\/uploads\\\/2017\\\/06\\\/Leito-trendsetters.png\",\"contentUrl\":\"https:\\\/\\\/interamerica.org\\\/wp-content\\\/uploads\\\/2017\\\/06\\\/Leito-trendsetters.png\",\"width\":400,\"height\":338},{\"@type\":\"BreadcrumbList\",\"@id\":\"https:\\\/\\\/interamerica.org\\\/fr\\\/2015\\\/04\\\/leglise-renforcera-les-ministeres-aupres-des-campus-publics-a-travers-linter-amerique\\\/#breadcrumb\",\"itemListElement\":[{\"@type\":\"ListItem\",\"position\":1,\"name\":\"Home\",\"item\":\"https:\\\/\\\/interamerica.org\\\/fr\\\/\"},{\"@type\":\"ListItem\",\"position\":2,\"name\":\"L\u2019\u00e9glise renforcera les minist\u00e8res aupr\u00e8s des campus publics \u00e0 travers l\u2019Inter Am\u00e9rique\"}]},{\"@type\":\"WebSite\",\"@id\":\"https:\\\/\\\/interamerica.org\\\/fr\\\/#website\",\"url\":\"https:\\\/\\\/interamerica.org\\\/fr\\\/\",\"name\":\"\u00c9glise Adventiste Du Septieme Jour - Inter Am\u00e9rique Division\",\"description\":\"\",\"potentialAction\":[{\"@type\":\"SearchAction\",\"target\":{\"@type\":\"EntryPoint\",\"urlTemplate\":\"https:\\\/\\\/interamerica.org\\\/fr\\\/?s={search_term_string}\"},\"query-input\":{\"@type\":\"PropertyValueSpecification\",\"valueRequired\":true,\"valueName\":\"search_term_string\"}}],\"inLanguage\":\"fr-FR\"},{\"@type\":\"Person\",\"@id\":\"https:\\\/\\\/interamerica.org\\\/fr\\\/#\\\/schema\\\/person\\\/68ede8bdc292885bb76c1e3810e73c39\",\"name\":\"Lorenzo Verduzco\",\"image\":{\"@type\":\"ImageObject\",\"inLanguage\":\"fr-FR\",\"@id\":\"https:\\\/\\\/secure.gravatar.com\\\/avatar\\\/fb81a55b6218459490a9c1dc841a34909185b81904c5337b4b27f7a6fd60c49e?s=96&d=mm&r=g\",\"url\":\"https:\\\/\\\/secure.gravatar.com\\\/avatar\\\/fb81a55b6218459490a9c1dc841a34909185b81904c5337b4b27f7a6fd60c49e?s=96&d=mm&r=g\",\"contentUrl\":\"https:\\\/\\\/secure.gravatar.com\\\/avatar\\\/fb81a55b6218459490a9c1dc841a34909185b81904c5337b4b27f7a6fd60c49e?s=96&d=mm&r=g\",\"caption\":\"Lorenzo Verduzco\"}}]}<\/script>\n<!-- \/ Yoast SEO plugin. -->","yoast_head_json":{"title":"L\u2019\u00e9glise renforcera les minist\u00e8res aupr\u00e8s des campus publics \u00e0 travers l\u2019Inter Am\u00e9rique - \u00c9glise Adventiste Du Septieme Jour - Inter Am\u00e9rique Division","robots":{"index":"index","follow":"follow","max-snippet":"max-snippet:-1","max-image-preview":"max-image-preview:large","max-video-preview":"max-video-preview:-1"},"canonical":"https:\/\/interamerica.org\/fr\/2015\/04\/leglise-renforcera-les-ministeres-aupres-des-campus-publics-a-travers-linter-amerique\/","og_locale":"fr_FR","og_type":"article","og_title":"L\u2019\u00e9glise renforcera les minist\u00e8res aupr\u00e8s des campus publics \u00e0 travers l\u2019Inter Am\u00e9rique - \u00c9glise Adventiste Du Septieme Jour - Inter Am\u00e9rique Division","og_description":"Les principaux leaders de l\u2019Eglise Adventiste ont envoy\u00e9 un message clair \u00e0 des centaines de milliers d\u2019\u00e9tudiants Adventistes inscrits dans des universit\u00e9s publiques sur l\u2019ensemble du territoire de la Division Inter Am\u00e9ricaine (DIA) lors d\u2019un programme sp\u00e9cial en ligne qui s\u2019est d\u00e9roul\u00e9 le 11 avril 2015.  \u00ab N\u2019abandonnez pas. L\u2019\u00e9glise ne vous abandonnera pas. Dieu est avec vous et nous nous soucions de vous, \u00bb a assur\u00e9 pasteur Leito, pr\u00e9sident de l\u2019Eglise Adventiste en Inter Am\u00e9rique, alors qu\u2019il s\u2019exprimait depuis le si\u00e8ge de la DIA \u00e0 Miami en Floride.","og_url":"https:\/\/interamerica.org\/fr\/2015\/04\/leglise-renforcera-les-ministeres-aupres-des-campus-publics-a-travers-linter-amerique\/","og_site_name":"\u00c9glise Adventiste Du Septieme Jour - Inter Am\u00e9rique Division","article_published_time":"2015-04-15T04:00:00+00:00","og_image":[{"width":400,"height":338,"url":"https:\/\/interamerica.org\/wp-content\/uploads\/2017\/06\/Leito-trendsetters.png","type":"image\/png"}],"author":"Lorenzo Verduzco","twitter_card":"summary_large_image","twitter_misc":{"\u00c9crit par":"Lorenzo Verduzco","Dur\u00e9e de lecture estim\u00e9e":"6 minutes"},"schema":{"@context":"https:\/\/schema.org","@graph":[{"@type":"Article","@id":"https:\/\/interamerica.org\/fr\/2015\/04\/leglise-renforcera-les-ministeres-aupres-des-campus-publics-a-travers-linter-amerique\/#article","isPartOf":{"@id":"https:\/\/interamerica.org\/fr\/2015\/04\/leglise-renforcera-les-ministeres-aupres-des-campus-publics-a-travers-linter-amerique\/"},"author":{"name":"Lorenzo Verduzco","@id":"https:\/\/interamerica.org\/fr\/#\/schema\/person\/68ede8bdc292885bb76c1e3810e73c39"},"headline":"L\u2019\u00e9glise renforcera les minist\u00e8res aupr\u00e8s des campus publics \u00e0 travers l\u2019Inter Am\u00e9rique","datePublished":"2015-04-15T04:00:00+00:00","mainEntityOfPage":{"@id":"https:\/\/interamerica.org\/fr\/2015\/04\/leglise-renforcera-les-ministeres-aupres-des-campus-publics-a-travers-linter-amerique\/"},"wordCount":1193,"image":{"@id":"https:\/\/interamerica.org\/fr\/2015\/04\/leglise-renforcera-les-ministeres-aupres-des-campus-publics-a-travers-linter-amerique\/#primaryimage"},"thumbnailUrl":"https:\/\/interamerica.org\/wp-content\/uploads\/2017\/06\/Leito-trendsetters.png","articleSection":["Nouvelles du si\u00e8ge de la division","RSS Fran\u00e7ais"],"inLanguage":"fr-FR"},{"@type":"WebPage","@id":"https:\/\/interamerica.org\/fr\/2015\/04\/leglise-renforcera-les-ministeres-aupres-des-campus-publics-a-travers-linter-amerique\/","url":"https:\/\/interamerica.org\/fr\/2015\/04\/leglise-renforcera-les-ministeres-aupres-des-campus-publics-a-travers-linter-amerique\/","name":"L\u2019\u00e9glise renforcera les minist\u00e8res aupr\u00e8s des campus publics \u00e0 travers l\u2019Inter Am\u00e9rique - \u00c9glise Adventiste Du Septieme Jour - Inter Am\u00e9rique Division","isPartOf":{"@id":"https:\/\/interamerica.org\/fr\/#website"},"primaryImageOfPage":{"@id":"https:\/\/interamerica.org\/fr\/2015\/04\/leglise-renforcera-les-ministeres-aupres-des-campus-publics-a-travers-linter-amerique\/#primaryimage"},"image":{"@id":"https:\/\/interamerica.org\/fr\/2015\/04\/leglise-renforcera-les-ministeres-aupres-des-campus-publics-a-travers-linter-amerique\/#primaryimage"},"thumbnailUrl":"https:\/\/interamerica.org\/wp-content\/uploads\/2017\/06\/Leito-trendsetters.png","datePublished":"2015-04-15T04:00:00+00:00","author":{"@id":"https:\/\/interamerica.org\/fr\/#\/schema\/person\/68ede8bdc292885bb76c1e3810e73c39"},"breadcrumb":{"@id":"https:\/\/interamerica.org\/fr\/2015\/04\/leglise-renforcera-les-ministeres-aupres-des-campus-publics-a-travers-linter-amerique\/#breadcrumb"},"inLanguage":"fr-FR","potentialAction":[{"@type":"ReadAction","target":["https:\/\/interamerica.org\/fr\/2015\/04\/leglise-renforcera-les-ministeres-aupres-des-campus-publics-a-travers-linter-amerique\/"]}]},{"@type":"ImageObject","inLanguage":"fr-FR","@id":"https:\/\/interamerica.org\/fr\/2015\/04\/leglise-renforcera-les-ministeres-aupres-des-campus-publics-a-travers-linter-amerique\/#primaryimage","url":"https:\/\/interamerica.org\/wp-content\/uploads\/2017\/06\/Leito-trendsetters.png","contentUrl":"https:\/\/interamerica.org\/wp-content\/uploads\/2017\/06\/Leito-trendsetters.png","width":400,"height":338},{"@type":"BreadcrumbList","@id":"https:\/\/interamerica.org\/fr\/2015\/04\/leglise-renforcera-les-ministeres-aupres-des-campus-publics-a-travers-linter-amerique\/#breadcrumb","itemListElement":[{"@type":"ListItem","position":1,"name":"Home","item":"https:\/\/interamerica.org\/fr\/"},{"@type":"ListItem","position":2,"name":"L\u2019\u00e9glise renforcera les minist\u00e8res aupr\u00e8s des campus publics \u00e0 travers l\u2019Inter Am\u00e9rique"}]},{"@type":"WebSite","@id":"https:\/\/interamerica.org\/fr\/#website","url":"https:\/\/interamerica.org\/fr\/","name":"\u00c9glise Adventiste Du Septieme Jour - Inter Am\u00e9rique Division","description":"","potentialAction":[{"@type":"SearchAction","target":{"@type":"EntryPoint","urlTemplate":"https:\/\/interamerica.org\/fr\/?s={search_term_string}"},"query-input":{"@type":"PropertyValueSpecification","valueRequired":true,"valueName":"search_term_string"}}],"inLanguage":"fr-FR"},{"@type":"Person","@id":"https:\/\/interamerica.org\/fr\/#\/schema\/person\/68ede8bdc292885bb76c1e3810e73c39","name":"Lorenzo Verduzco","image":{"@type":"ImageObject","inLanguage":"fr-FR","@id":"https:\/\/secure.gravatar.com\/avatar\/fb81a55b6218459490a9c1dc841a34909185b81904c5337b4b27f7a6fd60c49e?s=96&d=mm&r=g","url":"https:\/\/secure.gravatar.com\/avatar\/fb81a55b6218459490a9c1dc841a34909185b81904c5337b4b27f7a6fd60c49e?s=96&d=mm&r=g","contentUrl":"https:\/\/secure.gravatar.com\/avatar\/fb81a55b6218459490a9c1dc841a34909185b81904c5337b4b27f7a6fd60c49e?s=96&d=mm&r=g","caption":"Lorenzo Verduzco"}}]}},"_links":{"self":[{"href":"https:\/\/interamerica.org\/fr\/wp-json\/wp\/v2\/posts\/32237","targetHints":{"allow":["GET"]}}],"collection":[{"href":"https:\/\/interamerica.org\/fr\/wp-json\/wp\/v2\/posts"}],"about":[{"href":"https:\/\/interamerica.org\/fr\/wp-json\/wp\/v2\/types\/post"}],"author":[{"embeddable":true,"href":"https:\/\/interamerica.org\/fr\/wp-json\/wp\/v2\/users\/1"}],"replies":[{"embeddable":true,"href":"https:\/\/interamerica.org\/fr\/wp-json\/wp\/v2\/comments?post=32237"}],"version-history":[{"count":0,"href":"https:\/\/interamerica.org\/fr\/wp-json\/wp\/v2\/posts\/32237\/revisions"}],"wp:featuredmedia":[{"embeddable":true,"href":"https:\/\/interamerica.org\/fr\/wp-json\/wp\/v2\/media\/25020"}],"wp:attachment":[{"href":"https:\/\/interamerica.org\/fr\/wp-json\/wp\/v2\/media?parent=32237"}],"wp:term":[{"taxonomy":"category","embeddable":true,"href":"https:\/\/interamerica.org\/fr\/wp-json\/wp\/v2\/categories?post=32237"},{"taxonomy":"post_tag","embeddable":true,"href":"https:\/\/interamerica.org\/fr\/wp-json\/wp\/v2\/tags?post=32237"}],"curies":[{"name":"wp","href":"https:\/\/api.w.org\/{rel}","templated":true}]}}