{"id":32238,"date":"2015-04-16T00:00:00","date_gmt":"2015-04-16T04:00:00","guid":{"rendered":"http:\/\/192.81.217.108\/interamerica\/2015\/04\/leglise-adventiste-publiera-une-toute-nouvelle-encyclopedie\/"},"modified":"2015-04-16T00:00:00","modified_gmt":"2015-04-16T04:00:00","slug":"leglise-adventiste-publiera-une-toute-nouvelle-encyclopedie","status":"publish","type":"post","link":"https:\/\/interamerica.org\/fr\/2015\/04\/leglise-adventiste-publiera-une-toute-nouvelle-encyclopedie\/","title":{"rendered":"L\u2019Eglise Adventiste publiera une toute nouvelle encyclop\u00e9die"},"content":{"rendered":"<div id=\"attachment_16409\" style=\"width: 710px\" class=\"wp-caption aligncenter\"><a href=\"\/interamerica\/wp-content\/uploads\/2017\/06\/rsz_img_8406.jpg\" rel=\"fancybox\" title=\"L\u2019Eglise Adventiste publiera une toute nouvelle encyclop\u00e9die\"><img fetchpriority=\"high\" decoding=\"async\" aria-describedby=\"caption-attachment-16409\" class=\" wp-image-16409 \" src=\"\/interamerica\/wp-content\/uploads\/2017\/06\/rsz_img_8406.jpg\" alt=\"\" width=\"700\" height=\"349\" \/><\/a><p id=\"caption-attachment-16409\" class=\"wp-caption-text\">Les deux volumes de l\u2019\u00e9dition de 1996 de l\u2019Encyclop\u00e9die Adventiste du Septi\u00e8me Jour, \u00e0 gauche, et la premi\u00e8re \u00e9dition de 1966. Image d\u2019Andrew McChesney\/DIA.<\/p><\/div>\n<p>16 Avril 2015 \u2013 Silver Spring, Maryland, Etats Unis \u2013 Andrew McChesney\/Adventist Review<\/p>\n<p>Les leaders de l\u2019\u00e9glise ont donn\u00e9 leur approbation pour la publication d\u2019une encyclop\u00e9die compl\u00e8tement nouvelle, bas\u00e9e sur internet pour remplacer l\u2019Encyclop\u00e9die Adventiste du Septi\u00e8me Jour dont la premi\u00e8re \u00e9dition remonte \u00e0 1966.<\/p>\n<p>La nouvelle Encyclop\u00e9die de l\u2019Adventisme du Septi\u00e8me Jour fera ses d\u00e9buts en ligne en 2020 et sera supervis\u00e9e par le Bureau des Archives, Statistiques et Recherches de la Conf\u00e9rence G\u00e9n\u00e9rale.<\/p>\n<p>Le Comit\u00e9 Ex\u00e9cutif de la Conf\u00e9rence G\u00e9n\u00e9rale avait r\u00e9serv\u00e9 1,6 millions de dollars pour ce projet de cinq ans lors de sa rencontre administrative annuelle de printemps cette semaine.<\/p>\n<p>\u00ab Contrairement \u00e0 ses pr\u00e9d\u00e9cesseurs, aucun processus de r\u00e9vision majeur ne sera requis par rapport \u00e0 la mise \u00e0 jour permanente du site web de l\u2019encyclop\u00e9die, \u00bb a d\u00e9clar\u00e9 le Bureau des Archives, Statistiques et Recherches. \u00ab Ainsi, bien que la production d\u2019une nouvelle encyclop\u00e9die prendra du temps et sera on\u00e9reuse, cela signifie aussi qu\u2019une telle utilisation de ressources ne sera plus jamais n\u00e9cessaire. \u00bb<\/p>\n<p>Le projet a \u00e9t\u00e9 con\u00e7u par les administrateurs de la Conf\u00e9rence G\u00e9n\u00e9rale qui ont r\u00e9alis\u00e9 le besoin d\u2019avoir une nouvelle encyclop\u00e9die qui refl\u00e9terait \u00ab l\u2019extraordinaire d\u00e9veloppement et la maturit\u00e9 de l\u2019\u00e9glise ainsi que les changements dans la dynamique mondiale et la r\u00e9ception de l\u2019information, \u00bb disait encore le communiqu\u00e9.<\/p>\n<p>Le projet cherche \u00e0 atteindre cinq objectifs :<\/p>\n<p>Fournir des informations fiables et faisant autorit\u00e9 sur l\u2019histoire Adventiste ; les \u00e9v\u00e8nements et les th\u00e8mes fondamentaux ; les organisations ; les entit\u00e9s, les institution et les personnes.<br \/>\nConsolider l\u2019identit\u00e9 Adventiste dans un mouvement mondial connaissant une croissance rapide, Augmenter la connaissance des doctrines distinctives et des croyances proph\u00e9tiques.<br \/>\nProposer une \u0153uvre de r\u00e9f\u00e9rence pour ceux qui sont nouveaux dans la foi Adventiste, ceux qui sont m\u00fbrs dans la foi et ceux qui n\u2019appartiennent pas \u00e0 la foi Adventiste, afin de connaitre tous les aspects de l\u2019Adventisme.<br \/>\nFaire ressortir le r\u00f4le de l\u2019organisation confessionnelle dans la r\u00e9alisation de la mission de l\u2019\u00e9glise.<br \/>\nMettre en lumi\u00e8re les d\u00e9fis li\u00e9s \u00e0 la mission qui existent encore dans l\u2019optique d\u2019une d\u00e9marche visant \u00e0 \u00ab toucher le monde entier. \u00bb<\/p>\n<p>L\u2019\u00e9dition en ligne inclura de la vid\u00e9o et de l\u2019audio et s\u2019appuiera sur l\u2019expertise de milliers de chercheurs Adventistes \u00e0 travers le monde. Elle sera disponible dans toutes les langues majeures dont l\u2019anglais, l\u2019espagnol, le fran\u00e7ais et l\u2019allemand.<\/p>\n<p>Le Bureau des Archives, Statistiques et Recherches a d\u00e9j\u00e0 d\u00e9marr\u00e9 le processus d\u2019achat de nombreuses adresses web pour l\u2019encyclop\u00e9die.<\/p>\n<p>\u00ab Mais le site web ne se mettra pas en route avant le d\u00e9but de l\u2019ann\u00e9e 2020 et d\u00e9butera officiellement lors de la Session 2020 de la Conf\u00e9rence G\u00e9n\u00e9rale, \u00bb a d\u00e9clar\u00e9 Benjamin Baker, assistant archiviste.<\/p>\n<p>Des plans sont \u00e9galement en cours pour une \u00e9dition imprim\u00e9e de l\u2019encyclop\u00e9die en quatre volumes.<\/p>\n<p>L\u2019id\u00e9e d\u2019une encyclop\u00e9die Adventiste du Septi\u00e8me Jour a \u00e9t\u00e9 \u00e9mise pour la premi\u00e8re fois en 1959. La Maison d\u2019Edition Review and Herald avait au d\u00e9part rejet\u00e9 l\u2019id\u00e9e, mais en achevant les neuf volumes du Commentaire Biblique Adventiste du Septi\u00e8me Jour en 1962, elle a vot\u00e9 de publier l\u2019encyclop\u00e9die en tant que compl\u00e9ment \u00e0 la s\u00e9rie.<\/p>\n<p>Le projet avait \u00e9t\u00e9 annonc\u00e9 lors du Concile de Printemps de 1962, et le volume unique de l\u2019Encyclop\u00e9die Adventiste du Septi\u00e8me Jour a \u00e9t\u00e9 publi\u00e9 en janvier 1966.<\/p>\n<p>Une \u00e9dition r\u00e9vis\u00e9e a \u00e9t\u00e9 publi\u00e9e une d\u00e9cennie plus tard en 1976.<\/p>\n<p>Une r\u00e9vision substantielle a d\u00e9but\u00e9 en 1993 et a abouti \u00e0 la publication de deux volumes en 1996.<\/p>\n<p>Cette ann\u00e9e l\u00e0, le Commentaire Biblique Adventiste du Septi\u00e8me Jour ainsi que l\u2019encyclop\u00e9die ont \u00e9t\u00e9 publi\u00e9s pour la premi\u00e8re fois sur CD. Une \u00e9dition en ligne est actuellement disponible sur le site web du Logos Bible Sofware.<\/p>\n<p>Traduction: Patrick Luciathe<\/p>\n","protected":false},"excerpt":{"rendered":"<p>Les leaders de l\u2019\u00e9glise ont donn\u00e9 leur approbation pour la publication d\u2019une encyclop\u00e9die compl\u00e8tement nouvelle, bas\u00e9e sur internet pour remplacer l\u2019Encyclop\u00e9die Adventiste du Septi\u00e8me Jour dont la premi\u00e8re \u00e9dition remonte \u00e0 1966.  <\/p>\n<p>La nouvelle Encyclop\u00e9die de l\u2019Adventisme du Septi\u00e8me Jour fera ses d\u00e9buts en ligne en 2020 et sera supervis\u00e9e par le Bureau des Archives, Statistiques et Recherches de la Conf\u00e9rence G\u00e9n\u00e9rale.<\/p>\n","protected":false},"author":1,"featured_media":25036,"comment_status":"closed","ping_status":"closed","sticky":false,"template":"","format":"standard","meta":{"_acf_changed":false,"footnotes":""},"categories":[18,19],"tags":[],"class_list":["post-32238","post","type-post","status-publish","format-standard","has-post-thumbnail","hentry","category-nouvelles-de-leglise-mondiale","category-rss-francais"],"acf":[],"yoast_head":"<!-- This site is optimized with the Yoast SEO plugin v27.3 - https:\/\/yoast.com\/product\/yoast-seo-wordpress\/ -->\n<title>L\u2019Eglise Adventiste publiera une toute nouvelle encyclop\u00e9die - \u00c9glise Adventiste Du Septieme Jour - Inter Am\u00e9rique Division<\/title>\n<meta name=\"robots\" content=\"index, follow, max-snippet:-1, max-image-preview:large, max-video-preview:-1\" \/>\n<link rel=\"canonical\" href=\"https:\/\/interamerica.org\/fr\/2015\/04\/leglise-adventiste-publiera-une-toute-nouvelle-encyclopedie\/\" \/>\n<meta property=\"og:locale\" content=\"fr_FR\" \/>\n<meta property=\"og:type\" content=\"article\" \/>\n<meta property=\"og:title\" content=\"L\u2019Eglise Adventiste publiera une toute nouvelle encyclop\u00e9die - \u00c9glise Adventiste Du Septieme Jour - Inter Am\u00e9rique Division\" \/>\n<meta property=\"og:description\" content=\"Les leaders de l\u2019\u00e9glise ont donn\u00e9 leur approbation pour la publication d\u2019une encyclop\u00e9die compl\u00e8tement nouvelle, bas\u00e9e sur internet pour remplacer l\u2019Encyclop\u00e9die Adventiste du Septi\u00e8me Jour dont la premi\u00e8re \u00e9dition remonte \u00e0 1966.  La nouvelle Encyclop\u00e9die de l\u2019Adventisme du Septi\u00e8me Jour fera ses d\u00e9buts en ligne en 2020 et sera supervis\u00e9e par le Bureau des Archives, Statistiques et Recherches de la Conf\u00e9rence G\u00e9n\u00e9rale.\" \/>\n<meta property=\"og:url\" content=\"https:\/\/interamerica.org\/fr\/2015\/04\/leglise-adventiste-publiera-une-toute-nouvelle-encyclopedie\/\" \/>\n<meta property=\"og:site_name\" content=\"\u00c9glise Adventiste Du Septieme Jour - Inter Am\u00e9rique Division\" \/>\n<meta property=\"article:published_time\" content=\"2015-04-16T04:00:00+00:00\" \/>\n<meta property=\"og:image\" content=\"https:\/\/interamerica.org\/wp-content\/uploads\/2017\/06\/rsz_img_8406.jpg\" \/>\n\t<meta property=\"og:image:width\" content=\"1000\" \/>\n\t<meta property=\"og:image:height\" content=\"499\" \/>\n\t<meta property=\"og:image:type\" content=\"image\/jpeg\" \/>\n<meta name=\"author\" content=\"Lorenzo Verduzco\" \/>\n<meta name=\"twitter:card\" content=\"summary_large_image\" \/>\n<meta name=\"twitter:label1\" content=\"\u00c9crit par\" \/>\n\t<meta name=\"twitter:data1\" content=\"Lorenzo Verduzco\" \/>\n\t<meta name=\"twitter:label2\" content=\"Dur\u00e9e de lecture estim\u00e9e\" \/>\n\t<meta name=\"twitter:data2\" content=\"4 minutes\" \/>\n<script type=\"application\/ld+json\" class=\"yoast-schema-graph\">{\"@context\":\"https:\\\/\\\/schema.org\",\"@graph\":[{\"@type\":\"Article\",\"@id\":\"https:\\\/\\\/interamerica.org\\\/fr\\\/2015\\\/04\\\/leglise-adventiste-publiera-une-toute-nouvelle-encyclopedie\\\/#article\",\"isPartOf\":{\"@id\":\"https:\\\/\\\/interamerica.org\\\/fr\\\/2015\\\/04\\\/leglise-adventiste-publiera-une-toute-nouvelle-encyclopedie\\\/\"},\"author\":{\"name\":\"Lorenzo Verduzco\",\"@id\":\"https:\\\/\\\/interamerica.org\\\/fr\\\/#\\\/schema\\\/person\\\/68ede8bdc292885bb76c1e3810e73c39\"},\"headline\":\"L\u2019Eglise Adventiste publiera une toute nouvelle encyclop\u00e9die\",\"datePublished\":\"2015-04-16T04:00:00+00:00\",\"mainEntityOfPage\":{\"@id\":\"https:\\\/\\\/interamerica.org\\\/fr\\\/2015\\\/04\\\/leglise-adventiste-publiera-une-toute-nouvelle-encyclopedie\\\/\"},\"wordCount\":739,\"image\":{\"@id\":\"https:\\\/\\\/interamerica.org\\\/fr\\\/2015\\\/04\\\/leglise-adventiste-publiera-une-toute-nouvelle-encyclopedie\\\/#primaryimage\"},\"thumbnailUrl\":\"https:\\\/\\\/interamerica.org\\\/wp-content\\\/uploads\\\/2017\\\/06\\\/rsz_img_8406.jpg\",\"articleSection\":[\"Nouvelles de l'\u00c9glise mondiale\",\"RSS Fran\u00e7ais\"],\"inLanguage\":\"fr-FR\"},{\"@type\":\"WebPage\",\"@id\":\"https:\\\/\\\/interamerica.org\\\/fr\\\/2015\\\/04\\\/leglise-adventiste-publiera-une-toute-nouvelle-encyclopedie\\\/\",\"url\":\"https:\\\/\\\/interamerica.org\\\/fr\\\/2015\\\/04\\\/leglise-adventiste-publiera-une-toute-nouvelle-encyclopedie\\\/\",\"name\":\"L\u2019Eglise Adventiste publiera une toute nouvelle encyclop\u00e9die - \u00c9glise Adventiste Du Septieme Jour - Inter Am\u00e9rique Division\",\"isPartOf\":{\"@id\":\"https:\\\/\\\/interamerica.org\\\/fr\\\/#website\"},\"primaryImageOfPage\":{\"@id\":\"https:\\\/\\\/interamerica.org\\\/fr\\\/2015\\\/04\\\/leglise-adventiste-publiera-une-toute-nouvelle-encyclopedie\\\/#primaryimage\"},\"image\":{\"@id\":\"https:\\\/\\\/interamerica.org\\\/fr\\\/2015\\\/04\\\/leglise-adventiste-publiera-une-toute-nouvelle-encyclopedie\\\/#primaryimage\"},\"thumbnailUrl\":\"https:\\\/\\\/interamerica.org\\\/wp-content\\\/uploads\\\/2017\\\/06\\\/rsz_img_8406.jpg\",\"datePublished\":\"2015-04-16T04:00:00+00:00\",\"author\":{\"@id\":\"https:\\\/\\\/interamerica.org\\\/fr\\\/#\\\/schema\\\/person\\\/68ede8bdc292885bb76c1e3810e73c39\"},\"breadcrumb\":{\"@id\":\"https:\\\/\\\/interamerica.org\\\/fr\\\/2015\\\/04\\\/leglise-adventiste-publiera-une-toute-nouvelle-encyclopedie\\\/#breadcrumb\"},\"inLanguage\":\"fr-FR\",\"potentialAction\":[{\"@type\":\"ReadAction\",\"target\":[\"https:\\\/\\\/interamerica.org\\\/fr\\\/2015\\\/04\\\/leglise-adventiste-publiera-une-toute-nouvelle-encyclopedie\\\/\"]}]},{\"@type\":\"ImageObject\",\"inLanguage\":\"fr-FR\",\"@id\":\"https:\\\/\\\/interamerica.org\\\/fr\\\/2015\\\/04\\\/leglise-adventiste-publiera-une-toute-nouvelle-encyclopedie\\\/#primaryimage\",\"url\":\"https:\\\/\\\/interamerica.org\\\/wp-content\\\/uploads\\\/2017\\\/06\\\/rsz_img_8406.jpg\",\"contentUrl\":\"https:\\\/\\\/interamerica.org\\\/wp-content\\\/uploads\\\/2017\\\/06\\\/rsz_img_8406.jpg\",\"width\":1000,\"height\":499},{\"@type\":\"BreadcrumbList\",\"@id\":\"https:\\\/\\\/interamerica.org\\\/fr\\\/2015\\\/04\\\/leglise-adventiste-publiera-une-toute-nouvelle-encyclopedie\\\/#breadcrumb\",\"itemListElement\":[{\"@type\":\"ListItem\",\"position\":1,\"name\":\"Home\",\"item\":\"https:\\\/\\\/interamerica.org\\\/fr\\\/\"},{\"@type\":\"ListItem\",\"position\":2,\"name\":\"L\u2019Eglise Adventiste publiera une toute nouvelle encyclop\u00e9die\"}]},{\"@type\":\"WebSite\",\"@id\":\"https:\\\/\\\/interamerica.org\\\/fr\\\/#website\",\"url\":\"https:\\\/\\\/interamerica.org\\\/fr\\\/\",\"name\":\"\u00c9glise Adventiste Du Septieme Jour - Inter Am\u00e9rique Division\",\"description\":\"\",\"potentialAction\":[{\"@type\":\"SearchAction\",\"target\":{\"@type\":\"EntryPoint\",\"urlTemplate\":\"https:\\\/\\\/interamerica.org\\\/fr\\\/?s={search_term_string}\"},\"query-input\":{\"@type\":\"PropertyValueSpecification\",\"valueRequired\":true,\"valueName\":\"search_term_string\"}}],\"inLanguage\":\"fr-FR\"},{\"@type\":\"Person\",\"@id\":\"https:\\\/\\\/interamerica.org\\\/fr\\\/#\\\/schema\\\/person\\\/68ede8bdc292885bb76c1e3810e73c39\",\"name\":\"Lorenzo Verduzco\",\"image\":{\"@type\":\"ImageObject\",\"inLanguage\":\"fr-FR\",\"@id\":\"https:\\\/\\\/secure.gravatar.com\\\/avatar\\\/fb81a55b6218459490a9c1dc841a34909185b81904c5337b4b27f7a6fd60c49e?s=96&d=mm&r=g\",\"url\":\"https:\\\/\\\/secure.gravatar.com\\\/avatar\\\/fb81a55b6218459490a9c1dc841a34909185b81904c5337b4b27f7a6fd60c49e?s=96&d=mm&r=g\",\"contentUrl\":\"https:\\\/\\\/secure.gravatar.com\\\/avatar\\\/fb81a55b6218459490a9c1dc841a34909185b81904c5337b4b27f7a6fd60c49e?s=96&d=mm&r=g\",\"caption\":\"Lorenzo Verduzco\"}}]}<\/script>\n<!-- \/ Yoast SEO plugin. -->","yoast_head_json":{"title":"L\u2019Eglise Adventiste publiera une toute nouvelle encyclop\u00e9die - \u00c9glise Adventiste Du Septieme Jour - Inter Am\u00e9rique Division","robots":{"index":"index","follow":"follow","max-snippet":"max-snippet:-1","max-image-preview":"max-image-preview:large","max-video-preview":"max-video-preview:-1"},"canonical":"https:\/\/interamerica.org\/fr\/2015\/04\/leglise-adventiste-publiera-une-toute-nouvelle-encyclopedie\/","og_locale":"fr_FR","og_type":"article","og_title":"L\u2019Eglise Adventiste publiera une toute nouvelle encyclop\u00e9die - \u00c9glise Adventiste Du Septieme Jour - Inter Am\u00e9rique Division","og_description":"Les leaders de l\u2019\u00e9glise ont donn\u00e9 leur approbation pour la publication d\u2019une encyclop\u00e9die compl\u00e8tement nouvelle, bas\u00e9e sur internet pour remplacer l\u2019Encyclop\u00e9die Adventiste du Septi\u00e8me Jour dont la premi\u00e8re \u00e9dition remonte \u00e0 1966.  La nouvelle Encyclop\u00e9die de l\u2019Adventisme du Septi\u00e8me Jour fera ses d\u00e9buts en ligne en 2020 et sera supervis\u00e9e par le Bureau des Archives, Statistiques et Recherches de la Conf\u00e9rence G\u00e9n\u00e9rale.","og_url":"https:\/\/interamerica.org\/fr\/2015\/04\/leglise-adventiste-publiera-une-toute-nouvelle-encyclopedie\/","og_site_name":"\u00c9glise Adventiste Du Septieme Jour - Inter Am\u00e9rique Division","article_published_time":"2015-04-16T04:00:00+00:00","og_image":[{"width":1000,"height":499,"url":"https:\/\/interamerica.org\/wp-content\/uploads\/2017\/06\/rsz_img_8406.jpg","type":"image\/jpeg"}],"author":"Lorenzo Verduzco","twitter_card":"summary_large_image","twitter_misc":{"\u00c9crit par":"Lorenzo Verduzco","Dur\u00e9e de lecture estim\u00e9e":"4 minutes"},"schema":{"@context":"https:\/\/schema.org","@graph":[{"@type":"Article","@id":"https:\/\/interamerica.org\/fr\/2015\/04\/leglise-adventiste-publiera-une-toute-nouvelle-encyclopedie\/#article","isPartOf":{"@id":"https:\/\/interamerica.org\/fr\/2015\/04\/leglise-adventiste-publiera-une-toute-nouvelle-encyclopedie\/"},"author":{"name":"Lorenzo Verduzco","@id":"https:\/\/interamerica.org\/fr\/#\/schema\/person\/68ede8bdc292885bb76c1e3810e73c39"},"headline":"L\u2019Eglise Adventiste publiera une toute nouvelle encyclop\u00e9die","datePublished":"2015-04-16T04:00:00+00:00","mainEntityOfPage":{"@id":"https:\/\/interamerica.org\/fr\/2015\/04\/leglise-adventiste-publiera-une-toute-nouvelle-encyclopedie\/"},"wordCount":739,"image":{"@id":"https:\/\/interamerica.org\/fr\/2015\/04\/leglise-adventiste-publiera-une-toute-nouvelle-encyclopedie\/#primaryimage"},"thumbnailUrl":"https:\/\/interamerica.org\/wp-content\/uploads\/2017\/06\/rsz_img_8406.jpg","articleSection":["Nouvelles de l'\u00c9glise mondiale","RSS Fran\u00e7ais"],"inLanguage":"fr-FR"},{"@type":"WebPage","@id":"https:\/\/interamerica.org\/fr\/2015\/04\/leglise-adventiste-publiera-une-toute-nouvelle-encyclopedie\/","url":"https:\/\/interamerica.org\/fr\/2015\/04\/leglise-adventiste-publiera-une-toute-nouvelle-encyclopedie\/","name":"L\u2019Eglise Adventiste publiera une toute nouvelle encyclop\u00e9die - \u00c9glise Adventiste Du Septieme Jour - Inter Am\u00e9rique Division","isPartOf":{"@id":"https:\/\/interamerica.org\/fr\/#website"},"primaryImageOfPage":{"@id":"https:\/\/interamerica.org\/fr\/2015\/04\/leglise-adventiste-publiera-une-toute-nouvelle-encyclopedie\/#primaryimage"},"image":{"@id":"https:\/\/interamerica.org\/fr\/2015\/04\/leglise-adventiste-publiera-une-toute-nouvelle-encyclopedie\/#primaryimage"},"thumbnailUrl":"https:\/\/interamerica.org\/wp-content\/uploads\/2017\/06\/rsz_img_8406.jpg","datePublished":"2015-04-16T04:00:00+00:00","author":{"@id":"https:\/\/interamerica.org\/fr\/#\/schema\/person\/68ede8bdc292885bb76c1e3810e73c39"},"breadcrumb":{"@id":"https:\/\/interamerica.org\/fr\/2015\/04\/leglise-adventiste-publiera-une-toute-nouvelle-encyclopedie\/#breadcrumb"},"inLanguage":"fr-FR","potentialAction":[{"@type":"ReadAction","target":["https:\/\/interamerica.org\/fr\/2015\/04\/leglise-adventiste-publiera-une-toute-nouvelle-encyclopedie\/"]}]},{"@type":"ImageObject","inLanguage":"fr-FR","@id":"https:\/\/interamerica.org\/fr\/2015\/04\/leglise-adventiste-publiera-une-toute-nouvelle-encyclopedie\/#primaryimage","url":"https:\/\/interamerica.org\/wp-content\/uploads\/2017\/06\/rsz_img_8406.jpg","contentUrl":"https:\/\/interamerica.org\/wp-content\/uploads\/2017\/06\/rsz_img_8406.jpg","width":1000,"height":499},{"@type":"BreadcrumbList","@id":"https:\/\/interamerica.org\/fr\/2015\/04\/leglise-adventiste-publiera-une-toute-nouvelle-encyclopedie\/#breadcrumb","itemListElement":[{"@type":"ListItem","position":1,"name":"Home","item":"https:\/\/interamerica.org\/fr\/"},{"@type":"ListItem","position":2,"name":"L\u2019Eglise Adventiste publiera une toute nouvelle encyclop\u00e9die"}]},{"@type":"WebSite","@id":"https:\/\/interamerica.org\/fr\/#website","url":"https:\/\/interamerica.org\/fr\/","name":"\u00c9glise Adventiste Du Septieme Jour - Inter Am\u00e9rique Division","description":"","potentialAction":[{"@type":"SearchAction","target":{"@type":"EntryPoint","urlTemplate":"https:\/\/interamerica.org\/fr\/?s={search_term_string}"},"query-input":{"@type":"PropertyValueSpecification","valueRequired":true,"valueName":"search_term_string"}}],"inLanguage":"fr-FR"},{"@type":"Person","@id":"https:\/\/interamerica.org\/fr\/#\/schema\/person\/68ede8bdc292885bb76c1e3810e73c39","name":"Lorenzo Verduzco","image":{"@type":"ImageObject","inLanguage":"fr-FR","@id":"https:\/\/secure.gravatar.com\/avatar\/fb81a55b6218459490a9c1dc841a34909185b81904c5337b4b27f7a6fd60c49e?s=96&d=mm&r=g","url":"https:\/\/secure.gravatar.com\/avatar\/fb81a55b6218459490a9c1dc841a34909185b81904c5337b4b27f7a6fd60c49e?s=96&d=mm&r=g","contentUrl":"https:\/\/secure.gravatar.com\/avatar\/fb81a55b6218459490a9c1dc841a34909185b81904c5337b4b27f7a6fd60c49e?s=96&d=mm&r=g","caption":"Lorenzo Verduzco"}}]}},"_links":{"self":[{"href":"https:\/\/interamerica.org\/fr\/wp-json\/wp\/v2\/posts\/32238","targetHints":{"allow":["GET"]}}],"collection":[{"href":"https:\/\/interamerica.org\/fr\/wp-json\/wp\/v2\/posts"}],"about":[{"href":"https:\/\/interamerica.org\/fr\/wp-json\/wp\/v2\/types\/post"}],"author":[{"embeddable":true,"href":"https:\/\/interamerica.org\/fr\/wp-json\/wp\/v2\/users\/1"}],"replies":[{"embeddable":true,"href":"https:\/\/interamerica.org\/fr\/wp-json\/wp\/v2\/comments?post=32238"}],"version-history":[{"count":0,"href":"https:\/\/interamerica.org\/fr\/wp-json\/wp\/v2\/posts\/32238\/revisions"}],"wp:featuredmedia":[{"embeddable":true,"href":"https:\/\/interamerica.org\/fr\/wp-json\/wp\/v2\/media\/25036"}],"wp:attachment":[{"href":"https:\/\/interamerica.org\/fr\/wp-json\/wp\/v2\/media?parent=32238"}],"wp:term":[{"taxonomy":"category","embeddable":true,"href":"https:\/\/interamerica.org\/fr\/wp-json\/wp\/v2\/categories?post=32238"},{"taxonomy":"post_tag","embeddable":true,"href":"https:\/\/interamerica.org\/fr\/wp-json\/wp\/v2\/tags?post=32238"}],"curies":[{"name":"wp","href":"https:\/\/api.w.org\/{rel}","templated":true}]}}