{"id":32242,"date":"2015-04-23T00:00:00","date_gmt":"2015-04-23T04:00:00","guid":{"rendered":"http:\/\/192.81.217.108\/interamerica\/2015\/04\/la-direction-de-leglise-conversera-avec-les-etudiants-en-theologie-et-les-pasteurs-non-consacres-en-inter-amerique\/"},"modified":"2015-04-23T00:00:00","modified_gmt":"2015-04-23T04:00:00","slug":"la-direction-de-leglise-conversera-avec-les-etudiants-en-theologie-et-les-pasteurs-non-consacres-en-inter-amerique","status":"publish","type":"post","link":"https:\/\/interamerica.org\/fr\/2015\/04\/la-direction-de-leglise-conversera-avec-les-etudiants-en-theologie-et-les-pasteurs-non-consacres-en-inter-amerique\/","title":{"rendered":"La direction de l\u2019\u00e9glise conversera avec les \u00e9tudiants en th\u00e9ologie et les pasteurs non consacr\u00e9s en Inter Am\u00e9rique"},"content":{"rendered":"<div id=\"attachment_16496\" style=\"width: 727px\" class=\"wp-caption aligncenter\"><a href=\"\/interamerica\/wp-content\/uploads\/2017\/06\/Banner_TheoStudents15_FR1.jpg\" rel=\"fancybox\" title=\"La direction de l\u2019\u00e9glise conversera avec les \u00e9tudiants en th\u00e9ologie et les pasteurs non consacr\u00e9s en Inter Am\u00e9rique\"><img fetchpriority=\"high\" decoding=\"async\" aria-describedby=\"caption-attachment-16496\" class=\" wp-image-16496 \" title=\"Banner_TheoStudents15_FR(1)\" src=\"\/interamerica\/wp-content\/uploads\/2017\/06\/Banner_TheoStudents15_FR1-1024x341.jpg\" alt=\"\" width=\"717\" height=\"239\" \/><\/a><p id=\"caption-attachment-16496\" class=\"wp-caption-text\">Imagen de Abel Marquez\/DIA<\/p><\/div>\n<p>22 Avril 2015 \u2013 Miami, Floride, Etats Unis \u2013 Libna Stevens\/DIA<\/p>\n<p>Les principaux leaders de l\u2019Eglise Adventiste du Septi\u00e8me Jour dans la Division Inter Am\u00e9ricaine (DIA) se pr\u00e9parent \u00e0 discuter avec les \u00e9tudiants en th\u00e9ologie et les pasteurs non consacr\u00e9s lors de programmes sp\u00e9ciaux diffus\u00e9s en ligne la semaine prochaine.<\/p>\n<p>Les programmes en ligne se d\u00e9rouleront depuis le si\u00e8ge de la DIA \u00e0 Miami en Floride les 28 et 29 avril \u00e0 10h30, heure de Miami, sur le canal de diffusion en ligne de l\u2019Inter Am\u00e9rique, <a href=\"http:\/\/webcast.interamerica.org\/francais\">webcast channel <\/a><\/p>\n<p>\u00ab Nous voulons nous assurer que nos futurs pasteurs sont au clair au sujet de leur r\u00f4le et qu\u2019ils sont inform\u00e9s des r\u00e9alit\u00e9s du fonctionnement et de l\u2019\u00e9volution de l\u2019\u00e9glise en Inter Am\u00e9rique, \u00bb a d\u00e9clar\u00e9 Hector Sanchez, secr\u00e9taire de l\u2019Association Pastorale pour l\u2019Eglise Adventiste en Inter Am\u00e9rique.<\/p>\n<p>Les \u00e9tudiants qui terminent leurs cursus au s\u00e9minaire et ceux qui ont besoin d\u2019une ann\u00e9e encore avant de terminer leurs \u00e9tudes au s\u00e9minaire auront l\u2019occasion d\u2019entendre les leaders de l\u2019\u00e9glise parler de leur appel, de la mission de l\u2019\u00e9glise, et auront l\u2019opportunit\u00e9 de poser des questions lors d\u2019un forum sp\u00e9cial qui aura lieu pendant le programme en ligne le 28 avril.<\/p>\n<p>Dans la m\u00eame optique, les principaux leaders de l\u2019\u00e9glise veulent encourager quelques uns de leurs 1500 pasteurs du champ, qui ne sont toujours pas consacr\u00e9s, \u00e0 poursuivre dans leur engagement \u00e0 \u00eatre les bergers des congr\u00e9gations et \u00e0 travailler en vue de leur cons\u00e9cration pour une plus grande efficacit\u00e9 dans leur minist\u00e8re, a dit pasteur Sanchez.<\/p>\n<p>\u00ab Il y a plusieurs conditions qui doivent \u00eatre remplies par les pasteurs avant qu\u2019ils ne soient consacr\u00e9s et nous voulons nous assurer que la vision de l\u2019\u00e9glise en Inter Am\u00e9rique est claire dans leur esprit, \u00bb a expliqu\u00e9 Hector Sanchez.<\/p>\n<p>Le programme en ligne du 29 avril servira aussi \u00e0 encourager les administrateurs qui doivent superviser les pasteurs, \u00e0 prendre en compte leur corps pastoral, \u00e0 \u00e9valuer le travail des pasteurs et \u00e0 les aider dans les \u00e9tapes conduisant \u00e0 la cons\u00e9cration, a dit pasteur Sanchez.<\/p>\n<p>Connectez vous pour voir le programme de deux heures en direct qui sera diffus\u00e9 en anglais, espagnol et fran\u00e7ais sur<br \/>\n<a href=\"http:\/\/webcast.interamerica.org\/francais\">webcast.interamerica.org<\/a>\u00a0 les 28 et 29 avril \u00e0 partir de 10h30, heure de Miami.<\/p>\n<p>Traduction: Patrick Luciathe<\/p>\n","protected":false},"excerpt":{"rendered":"<p>Les principaux leaders de l\u2019Eglise Adventiste du Septi\u00e8me Jour dans la Division Inter Am\u00e9ricaine (DIA)  se pr\u00e9parent \u00e0 discuter avec les \u00e9tudiants en th\u00e9ologie et les pasteurs non consacr\u00e9s lors de programmes sp\u00e9ciaux diffus\u00e9s en ligne la semaine prochaine.  <\/p>\n<p>Les programmes en ligne se d\u00e9rouleront depuis le si\u00e8ge de la DIA \u00e0 Miami en Floride les 28 et 29 avril \u00e0 10h30, heure de Miami, sur le canal de diffusion en ligne de l\u2019Inter Am\u00e9rique, webcast channel.<\/p>\n","protected":false},"author":1,"featured_media":32243,"comment_status":"closed","ping_status":"closed","sticky":false,"template":"","format":"standard","meta":{"_acf_changed":false,"footnotes":""},"categories":[20,19],"tags":[],"class_list":["post-32242","post","type-post","status-publish","format-standard","has-post-thumbnail","hentry","category-nouvelles-du-siege-de-la-division","category-rss-francais"],"acf":[],"yoast_head":"<!-- This site is optimized with the Yoast SEO plugin v27.3 - https:\/\/yoast.com\/product\/yoast-seo-wordpress\/ -->\n<title>La direction de l\u2019\u00e9glise conversera avec les \u00e9tudiants en th\u00e9ologie et les pasteurs non consacr\u00e9s en Inter Am\u00e9rique - \u00c9glise Adventiste Du Septieme Jour - Inter Am\u00e9rique Division<\/title>\n<meta name=\"robots\" content=\"index, follow, max-snippet:-1, max-image-preview:large, max-video-preview:-1\" \/>\n<link rel=\"canonical\" href=\"https:\/\/interamerica.org\/fr\/2015\/04\/la-direction-de-leglise-conversera-avec-les-etudiants-en-theologie-et-les-pasteurs-non-consacres-en-inter-amerique\/\" \/>\n<meta property=\"og:locale\" content=\"fr_FR\" \/>\n<meta property=\"og:type\" content=\"article\" \/>\n<meta property=\"og:title\" content=\"La direction de l\u2019\u00e9glise conversera avec les \u00e9tudiants en th\u00e9ologie et les pasteurs non consacr\u00e9s en Inter Am\u00e9rique - \u00c9glise Adventiste Du Septieme Jour - Inter Am\u00e9rique Division\" \/>\n<meta property=\"og:description\" content=\"Les principaux leaders de l\u2019Eglise Adventiste du Septi\u00e8me Jour dans la Division Inter Am\u00e9ricaine (DIA) se pr\u00e9parent \u00e0 discuter avec les \u00e9tudiants en th\u00e9ologie et les pasteurs non consacr\u00e9s lors de programmes sp\u00e9ciaux diffus\u00e9s en ligne la semaine prochaine.  Les programmes en ligne se d\u00e9rouleront depuis le si\u00e8ge de la DIA \u00e0 Miami en Floride les 28 et 29 avril \u00e0 10h30, heure de Miami, sur le canal de diffusion en ligne de l\u2019Inter Am\u00e9rique, webcast channel.\" \/>\n<meta property=\"og:url\" content=\"https:\/\/interamerica.org\/fr\/2015\/04\/la-direction-de-leglise-conversera-avec-les-etudiants-en-theologie-et-les-pasteurs-non-consacres-en-inter-amerique\/\" \/>\n<meta property=\"og:site_name\" content=\"\u00c9glise Adventiste Du Septieme Jour - Inter Am\u00e9rique Division\" \/>\n<meta property=\"article:published_time\" content=\"2015-04-23T04:00:00+00:00\" \/>\n<meta property=\"og:image\" content=\"https:\/\/interamerica.org\/wp-content\/uploads\/2017\/06\/TheologyAdvisoryFRE3001.png\" \/>\n\t<meta property=\"og:image:width\" content=\"300\" \/>\n\t<meta property=\"og:image:height\" content=\"199\" \/>\n\t<meta property=\"og:image:type\" content=\"image\/png\" \/>\n<meta name=\"author\" content=\"Lorenzo Verduzco\" \/>\n<meta name=\"twitter:card\" content=\"summary_large_image\" \/>\n<meta name=\"twitter:label1\" content=\"\u00c9crit par\" \/>\n\t<meta name=\"twitter:data1\" content=\"Lorenzo Verduzco\" \/>\n\t<meta name=\"twitter:label2\" content=\"Dur\u00e9e de lecture estim\u00e9e\" \/>\n\t<meta name=\"twitter:data2\" content=\"2 minutes\" \/>\n<script type=\"application\/ld+json\" class=\"yoast-schema-graph\">{\"@context\":\"https:\\\/\\\/schema.org\",\"@graph\":[{\"@type\":\"Article\",\"@id\":\"https:\\\/\\\/interamerica.org\\\/fr\\\/2015\\\/04\\\/la-direction-de-leglise-conversera-avec-les-etudiants-en-theologie-et-les-pasteurs-non-consacres-en-inter-amerique\\\/#article\",\"isPartOf\":{\"@id\":\"https:\\\/\\\/interamerica.org\\\/fr\\\/2015\\\/04\\\/la-direction-de-leglise-conversera-avec-les-etudiants-en-theologie-et-les-pasteurs-non-consacres-en-inter-amerique\\\/\"},\"author\":{\"name\":\"Lorenzo Verduzco\",\"@id\":\"https:\\\/\\\/interamerica.org\\\/fr\\\/#\\\/schema\\\/person\\\/68ede8bdc292885bb76c1e3810e73c39\"},\"headline\":\"La direction de l\u2019\u00e9glise conversera avec les \u00e9tudiants en th\u00e9ologie et les pasteurs non consacr\u00e9s en Inter Am\u00e9rique\",\"datePublished\":\"2015-04-23T04:00:00+00:00\",\"mainEntityOfPage\":{\"@id\":\"https:\\\/\\\/interamerica.org\\\/fr\\\/2015\\\/04\\\/la-direction-de-leglise-conversera-avec-les-etudiants-en-theologie-et-les-pasteurs-non-consacres-en-inter-amerique\\\/\"},\"wordCount\":434,\"image\":{\"@id\":\"https:\\\/\\\/interamerica.org\\\/fr\\\/2015\\\/04\\\/la-direction-de-leglise-conversera-avec-les-etudiants-en-theologie-et-les-pasteurs-non-consacres-en-inter-amerique\\\/#primaryimage\"},\"thumbnailUrl\":\"https:\\\/\\\/interamerica.org\\\/wp-content\\\/uploads\\\/2017\\\/06\\\/TheologyAdvisoryFRE3001.png\",\"articleSection\":[\"Nouvelles du si\u00e8ge de la division\",\"RSS Fran\u00e7ais\"],\"inLanguage\":\"fr-FR\"},{\"@type\":\"WebPage\",\"@id\":\"https:\\\/\\\/interamerica.org\\\/fr\\\/2015\\\/04\\\/la-direction-de-leglise-conversera-avec-les-etudiants-en-theologie-et-les-pasteurs-non-consacres-en-inter-amerique\\\/\",\"url\":\"https:\\\/\\\/interamerica.org\\\/fr\\\/2015\\\/04\\\/la-direction-de-leglise-conversera-avec-les-etudiants-en-theologie-et-les-pasteurs-non-consacres-en-inter-amerique\\\/\",\"name\":\"La direction de l\u2019\u00e9glise conversera avec les \u00e9tudiants en th\u00e9ologie et les pasteurs non consacr\u00e9s en Inter Am\u00e9rique - \u00c9glise Adventiste Du Septieme Jour - Inter Am\u00e9rique Division\",\"isPartOf\":{\"@id\":\"https:\\\/\\\/interamerica.org\\\/fr\\\/#website\"},\"primaryImageOfPage\":{\"@id\":\"https:\\\/\\\/interamerica.org\\\/fr\\\/2015\\\/04\\\/la-direction-de-leglise-conversera-avec-les-etudiants-en-theologie-et-les-pasteurs-non-consacres-en-inter-amerique\\\/#primaryimage\"},\"image\":{\"@id\":\"https:\\\/\\\/interamerica.org\\\/fr\\\/2015\\\/04\\\/la-direction-de-leglise-conversera-avec-les-etudiants-en-theologie-et-les-pasteurs-non-consacres-en-inter-amerique\\\/#primaryimage\"},\"thumbnailUrl\":\"https:\\\/\\\/interamerica.org\\\/wp-content\\\/uploads\\\/2017\\\/06\\\/TheologyAdvisoryFRE3001.png\",\"datePublished\":\"2015-04-23T04:00:00+00:00\",\"author\":{\"@id\":\"https:\\\/\\\/interamerica.org\\\/fr\\\/#\\\/schema\\\/person\\\/68ede8bdc292885bb76c1e3810e73c39\"},\"breadcrumb\":{\"@id\":\"https:\\\/\\\/interamerica.org\\\/fr\\\/2015\\\/04\\\/la-direction-de-leglise-conversera-avec-les-etudiants-en-theologie-et-les-pasteurs-non-consacres-en-inter-amerique\\\/#breadcrumb\"},\"inLanguage\":\"fr-FR\",\"potentialAction\":[{\"@type\":\"ReadAction\",\"target\":[\"https:\\\/\\\/interamerica.org\\\/fr\\\/2015\\\/04\\\/la-direction-de-leglise-conversera-avec-les-etudiants-en-theologie-et-les-pasteurs-non-consacres-en-inter-amerique\\\/\"]}]},{\"@type\":\"ImageObject\",\"inLanguage\":\"fr-FR\",\"@id\":\"https:\\\/\\\/interamerica.org\\\/fr\\\/2015\\\/04\\\/la-direction-de-leglise-conversera-avec-les-etudiants-en-theologie-et-les-pasteurs-non-consacres-en-inter-amerique\\\/#primaryimage\",\"url\":\"https:\\\/\\\/interamerica.org\\\/wp-content\\\/uploads\\\/2017\\\/06\\\/TheologyAdvisoryFRE3001.png\",\"contentUrl\":\"https:\\\/\\\/interamerica.org\\\/wp-content\\\/uploads\\\/2017\\\/06\\\/TheologyAdvisoryFRE3001.png\",\"width\":300,\"height\":199},{\"@type\":\"BreadcrumbList\",\"@id\":\"https:\\\/\\\/interamerica.org\\\/fr\\\/2015\\\/04\\\/la-direction-de-leglise-conversera-avec-les-etudiants-en-theologie-et-les-pasteurs-non-consacres-en-inter-amerique\\\/#breadcrumb\",\"itemListElement\":[{\"@type\":\"ListItem\",\"position\":1,\"name\":\"Home\",\"item\":\"https:\\\/\\\/interamerica.org\\\/fr\\\/\"},{\"@type\":\"ListItem\",\"position\":2,\"name\":\"La direction de l\u2019\u00e9glise conversera avec les \u00e9tudiants en th\u00e9ologie et les pasteurs non consacr\u00e9s en Inter Am\u00e9rique\"}]},{\"@type\":\"WebSite\",\"@id\":\"https:\\\/\\\/interamerica.org\\\/fr\\\/#website\",\"url\":\"https:\\\/\\\/interamerica.org\\\/fr\\\/\",\"name\":\"\u00c9glise Adventiste Du Septieme Jour - Inter Am\u00e9rique Division\",\"description\":\"\",\"potentialAction\":[{\"@type\":\"SearchAction\",\"target\":{\"@type\":\"EntryPoint\",\"urlTemplate\":\"https:\\\/\\\/interamerica.org\\\/fr\\\/?s={search_term_string}\"},\"query-input\":{\"@type\":\"PropertyValueSpecification\",\"valueRequired\":true,\"valueName\":\"search_term_string\"}}],\"inLanguage\":\"fr-FR\"},{\"@type\":\"Person\",\"@id\":\"https:\\\/\\\/interamerica.org\\\/fr\\\/#\\\/schema\\\/person\\\/68ede8bdc292885bb76c1e3810e73c39\",\"name\":\"Lorenzo Verduzco\",\"image\":{\"@type\":\"ImageObject\",\"inLanguage\":\"fr-FR\",\"@id\":\"https:\\\/\\\/secure.gravatar.com\\\/avatar\\\/fb81a55b6218459490a9c1dc841a34909185b81904c5337b4b27f7a6fd60c49e?s=96&d=mm&r=g\",\"url\":\"https:\\\/\\\/secure.gravatar.com\\\/avatar\\\/fb81a55b6218459490a9c1dc841a34909185b81904c5337b4b27f7a6fd60c49e?s=96&d=mm&r=g\",\"contentUrl\":\"https:\\\/\\\/secure.gravatar.com\\\/avatar\\\/fb81a55b6218459490a9c1dc841a34909185b81904c5337b4b27f7a6fd60c49e?s=96&d=mm&r=g\",\"caption\":\"Lorenzo Verduzco\"}}]}<\/script>\n<!-- \/ Yoast SEO plugin. -->","yoast_head_json":{"title":"La direction de l\u2019\u00e9glise conversera avec les \u00e9tudiants en th\u00e9ologie et les pasteurs non consacr\u00e9s en Inter Am\u00e9rique - \u00c9glise Adventiste Du Septieme Jour - Inter Am\u00e9rique Division","robots":{"index":"index","follow":"follow","max-snippet":"max-snippet:-1","max-image-preview":"max-image-preview:large","max-video-preview":"max-video-preview:-1"},"canonical":"https:\/\/interamerica.org\/fr\/2015\/04\/la-direction-de-leglise-conversera-avec-les-etudiants-en-theologie-et-les-pasteurs-non-consacres-en-inter-amerique\/","og_locale":"fr_FR","og_type":"article","og_title":"La direction de l\u2019\u00e9glise conversera avec les \u00e9tudiants en th\u00e9ologie et les pasteurs non consacr\u00e9s en Inter Am\u00e9rique - \u00c9glise Adventiste Du Septieme Jour - Inter Am\u00e9rique Division","og_description":"Les principaux leaders de l\u2019Eglise Adventiste du Septi\u00e8me Jour dans la Division Inter Am\u00e9ricaine (DIA) se pr\u00e9parent \u00e0 discuter avec les \u00e9tudiants en th\u00e9ologie et les pasteurs non consacr\u00e9s lors de programmes sp\u00e9ciaux diffus\u00e9s en ligne la semaine prochaine.  Les programmes en ligne se d\u00e9rouleront depuis le si\u00e8ge de la DIA \u00e0 Miami en Floride les 28 et 29 avril \u00e0 10h30, heure de Miami, sur le canal de diffusion en ligne de l\u2019Inter Am\u00e9rique, webcast channel.","og_url":"https:\/\/interamerica.org\/fr\/2015\/04\/la-direction-de-leglise-conversera-avec-les-etudiants-en-theologie-et-les-pasteurs-non-consacres-en-inter-amerique\/","og_site_name":"\u00c9glise Adventiste Du Septieme Jour - Inter Am\u00e9rique Division","article_published_time":"2015-04-23T04:00:00+00:00","og_image":[{"width":300,"height":199,"url":"https:\/\/interamerica.org\/wp-content\/uploads\/2017\/06\/TheologyAdvisoryFRE3001.png","type":"image\/png"}],"author":"Lorenzo Verduzco","twitter_card":"summary_large_image","twitter_misc":{"\u00c9crit par":"Lorenzo Verduzco","Dur\u00e9e de lecture estim\u00e9e":"2 minutes"},"schema":{"@context":"https:\/\/schema.org","@graph":[{"@type":"Article","@id":"https:\/\/interamerica.org\/fr\/2015\/04\/la-direction-de-leglise-conversera-avec-les-etudiants-en-theologie-et-les-pasteurs-non-consacres-en-inter-amerique\/#article","isPartOf":{"@id":"https:\/\/interamerica.org\/fr\/2015\/04\/la-direction-de-leglise-conversera-avec-les-etudiants-en-theologie-et-les-pasteurs-non-consacres-en-inter-amerique\/"},"author":{"name":"Lorenzo Verduzco","@id":"https:\/\/interamerica.org\/fr\/#\/schema\/person\/68ede8bdc292885bb76c1e3810e73c39"},"headline":"La direction de l\u2019\u00e9glise conversera avec les \u00e9tudiants en th\u00e9ologie et les pasteurs non consacr\u00e9s en Inter Am\u00e9rique","datePublished":"2015-04-23T04:00:00+00:00","mainEntityOfPage":{"@id":"https:\/\/interamerica.org\/fr\/2015\/04\/la-direction-de-leglise-conversera-avec-les-etudiants-en-theologie-et-les-pasteurs-non-consacres-en-inter-amerique\/"},"wordCount":434,"image":{"@id":"https:\/\/interamerica.org\/fr\/2015\/04\/la-direction-de-leglise-conversera-avec-les-etudiants-en-theologie-et-les-pasteurs-non-consacres-en-inter-amerique\/#primaryimage"},"thumbnailUrl":"https:\/\/interamerica.org\/wp-content\/uploads\/2017\/06\/TheologyAdvisoryFRE3001.png","articleSection":["Nouvelles du si\u00e8ge de la division","RSS Fran\u00e7ais"],"inLanguage":"fr-FR"},{"@type":"WebPage","@id":"https:\/\/interamerica.org\/fr\/2015\/04\/la-direction-de-leglise-conversera-avec-les-etudiants-en-theologie-et-les-pasteurs-non-consacres-en-inter-amerique\/","url":"https:\/\/interamerica.org\/fr\/2015\/04\/la-direction-de-leglise-conversera-avec-les-etudiants-en-theologie-et-les-pasteurs-non-consacres-en-inter-amerique\/","name":"La direction de l\u2019\u00e9glise conversera avec les \u00e9tudiants en th\u00e9ologie et les pasteurs non consacr\u00e9s en Inter Am\u00e9rique - \u00c9glise Adventiste Du Septieme Jour - Inter Am\u00e9rique Division","isPartOf":{"@id":"https:\/\/interamerica.org\/fr\/#website"},"primaryImageOfPage":{"@id":"https:\/\/interamerica.org\/fr\/2015\/04\/la-direction-de-leglise-conversera-avec-les-etudiants-en-theologie-et-les-pasteurs-non-consacres-en-inter-amerique\/#primaryimage"},"image":{"@id":"https:\/\/interamerica.org\/fr\/2015\/04\/la-direction-de-leglise-conversera-avec-les-etudiants-en-theologie-et-les-pasteurs-non-consacres-en-inter-amerique\/#primaryimage"},"thumbnailUrl":"https:\/\/interamerica.org\/wp-content\/uploads\/2017\/06\/TheologyAdvisoryFRE3001.png","datePublished":"2015-04-23T04:00:00+00:00","author":{"@id":"https:\/\/interamerica.org\/fr\/#\/schema\/person\/68ede8bdc292885bb76c1e3810e73c39"},"breadcrumb":{"@id":"https:\/\/interamerica.org\/fr\/2015\/04\/la-direction-de-leglise-conversera-avec-les-etudiants-en-theologie-et-les-pasteurs-non-consacres-en-inter-amerique\/#breadcrumb"},"inLanguage":"fr-FR","potentialAction":[{"@type":"ReadAction","target":["https:\/\/interamerica.org\/fr\/2015\/04\/la-direction-de-leglise-conversera-avec-les-etudiants-en-theologie-et-les-pasteurs-non-consacres-en-inter-amerique\/"]}]},{"@type":"ImageObject","inLanguage":"fr-FR","@id":"https:\/\/interamerica.org\/fr\/2015\/04\/la-direction-de-leglise-conversera-avec-les-etudiants-en-theologie-et-les-pasteurs-non-consacres-en-inter-amerique\/#primaryimage","url":"https:\/\/interamerica.org\/wp-content\/uploads\/2017\/06\/TheologyAdvisoryFRE3001.png","contentUrl":"https:\/\/interamerica.org\/wp-content\/uploads\/2017\/06\/TheologyAdvisoryFRE3001.png","width":300,"height":199},{"@type":"BreadcrumbList","@id":"https:\/\/interamerica.org\/fr\/2015\/04\/la-direction-de-leglise-conversera-avec-les-etudiants-en-theologie-et-les-pasteurs-non-consacres-en-inter-amerique\/#breadcrumb","itemListElement":[{"@type":"ListItem","position":1,"name":"Home","item":"https:\/\/interamerica.org\/fr\/"},{"@type":"ListItem","position":2,"name":"La direction de l\u2019\u00e9glise conversera avec les \u00e9tudiants en th\u00e9ologie et les pasteurs non consacr\u00e9s en Inter Am\u00e9rique"}]},{"@type":"WebSite","@id":"https:\/\/interamerica.org\/fr\/#website","url":"https:\/\/interamerica.org\/fr\/","name":"\u00c9glise Adventiste Du Septieme Jour - Inter Am\u00e9rique Division","description":"","potentialAction":[{"@type":"SearchAction","target":{"@type":"EntryPoint","urlTemplate":"https:\/\/interamerica.org\/fr\/?s={search_term_string}"},"query-input":{"@type":"PropertyValueSpecification","valueRequired":true,"valueName":"search_term_string"}}],"inLanguage":"fr-FR"},{"@type":"Person","@id":"https:\/\/interamerica.org\/fr\/#\/schema\/person\/68ede8bdc292885bb76c1e3810e73c39","name":"Lorenzo Verduzco","image":{"@type":"ImageObject","inLanguage":"fr-FR","@id":"https:\/\/secure.gravatar.com\/avatar\/fb81a55b6218459490a9c1dc841a34909185b81904c5337b4b27f7a6fd60c49e?s=96&d=mm&r=g","url":"https:\/\/secure.gravatar.com\/avatar\/fb81a55b6218459490a9c1dc841a34909185b81904c5337b4b27f7a6fd60c49e?s=96&d=mm&r=g","contentUrl":"https:\/\/secure.gravatar.com\/avatar\/fb81a55b6218459490a9c1dc841a34909185b81904c5337b4b27f7a6fd60c49e?s=96&d=mm&r=g","caption":"Lorenzo Verduzco"}}]}},"_links":{"self":[{"href":"https:\/\/interamerica.org\/fr\/wp-json\/wp\/v2\/posts\/32242","targetHints":{"allow":["GET"]}}],"collection":[{"href":"https:\/\/interamerica.org\/fr\/wp-json\/wp\/v2\/posts"}],"about":[{"href":"https:\/\/interamerica.org\/fr\/wp-json\/wp\/v2\/types\/post"}],"author":[{"embeddable":true,"href":"https:\/\/interamerica.org\/fr\/wp-json\/wp\/v2\/users\/1"}],"replies":[{"embeddable":true,"href":"https:\/\/interamerica.org\/fr\/wp-json\/wp\/v2\/comments?post=32242"}],"version-history":[{"count":0,"href":"https:\/\/interamerica.org\/fr\/wp-json\/wp\/v2\/posts\/32242\/revisions"}],"wp:featuredmedia":[{"embeddable":true,"href":"https:\/\/interamerica.org\/fr\/wp-json\/wp\/v2\/media\/32243"}],"wp:attachment":[{"href":"https:\/\/interamerica.org\/fr\/wp-json\/wp\/v2\/media?parent=32242"}],"wp:term":[{"taxonomy":"category","embeddable":true,"href":"https:\/\/interamerica.org\/fr\/wp-json\/wp\/v2\/categories?post=32242"},{"taxonomy":"post_tag","embeddable":true,"href":"https:\/\/interamerica.org\/fr\/wp-json\/wp\/v2\/tags?post=32242"}],"curies":[{"name":"wp","href":"https:\/\/api.w.org\/{rel}","templated":true}]}}