{"id":32245,"date":"2015-04-23T00:00:00","date_gmt":"2015-04-23T04:00:00","guid":{"rendered":"http:\/\/192.81.217.108\/interamerica\/2015\/04\/au-costa-rica-la-plus-importante-expo-sante-touche-le-secteur-de-la-classe-moyenne-superieure\/"},"modified":"2015-04-23T00:00:00","modified_gmt":"2015-04-23T04:00:00","slug":"au-costa-rica-la-plus-importante-expo-sante-touche-le-secteur-de-la-classe-moyenne-superieure","status":"publish","type":"post","link":"https:\/\/interamerica.org\/fr\/2015\/04\/au-costa-rica-la-plus-importante-expo-sante-touche-le-secteur-de-la-classe-moyenne-superieure\/","title":{"rendered":"Au Costa Rica, la plus importante expo sant\u00e9 touche le secteur de la classe moyenne sup\u00e9rieure"},"content":{"rendered":"<div id=\"attachment_16505\" style=\"width: 710px\" class=\"wp-caption aligncenter\"><a href=\"\/interamerica\/wp-content\/uploads\/2017\/06\/Terramall-Pan.png\" rel=\"fancybox\" title=\"Au Costa Rica, la plus importante expo sant\u00e9 touche le secteur de la classe moyenne sup\u00e9rieure\"><img fetchpriority=\"high\" decoding=\"async\" aria-describedby=\"caption-attachment-16505\" class=\" wp-image-16505  \" src=\"\/interamerica\/wp-content\/uploads\/2017\/06\/Terramall-Pan.png\" alt=\"\" width=\"700\" height=\"317\" \/><\/a><p id=\"caption-attachment-16505\" class=\"wp-caption-text\">Des centaines de personnes se sont r\u00e9unies le 18 avril 2015 au Centre Commercial Terra Mall \u00e0 Cartago au Costa Rica afin de participer aux activit\u00e9s propos\u00e9es dans le cadre d\u2019une expo sant\u00e9 o\u00f9 \u00e9taient pr\u00e9sent\u00e9s les huit rem\u00e8des naturels permettant de mener une vie plus saine. Le programme \u00e9tait organis\u00e9 par l\u2019Eglise Adventiste du Septi\u00e8me Jour dans la r\u00e9gion de la F\u00e9d\u00e9ration du Centre Sud o\u00f9 r\u00e9side une importante population appartenant \u00e0 la classe moyenne sup\u00e9rieure. Image de Franck Artavia\/DIA.<\/p><\/div>\n<p>22 Avril 2015 \u2013 Cartago, Costa Rica \u2013 Libna Stevens\/DIA<\/p>\n<div id=\"attachment_16508\" style=\"width: 330px\" class=\"wp-caption alignright\"><a href=\"\/interamerica\/wp-content\/uploads\/2017\/06\/CR-exposalud-massage400.png\" rel=\"fancybox\" title=\"Au Costa Rica, la plus importante expo sant\u00e9 touche le secteur de la classe moyenne sup\u00e9rieure\"><img decoding=\"async\" aria-describedby=\"caption-attachment-16508\" class=\" wp-image-16508 \" src=\"\/interamerica\/wp-content\/uploads\/2017\/06\/CR-exposalud-massage400.png\" alt=\"\" width=\"320\" height=\"240\" \/><\/a><p id=\"caption-attachment-16508\" class=\"wp-caption-text\">Les acheteurs re\u00e7oivent un massage dans un des stands mis en place dans le cadre de l\u2019expo sant\u00e9. Image de Ronny Yax.<\/p><\/div>\n<p>Les leaders de l\u2019Eglise Adventiste du Septi\u00e8me Jour sont heureux des r\u00e9sultats obtenus suite \u00e0 la plus importante expo sant\u00e9 organis\u00e9e dans un centre commercial hupp\u00e9 de Cartago au Costa Rica le weekend dernier. Le programme, organis\u00e9 au Centre Commercial Terra Mall, dans l\u2019une des plus grandes agglom\u00e9rations de Cartago, a vu la participation de plus de 300 personnes qui ont visit\u00e9 la douzaine de stands mis en place autour des huit rem\u00e8des naturels dont on a besoin pour vivre une vie plus saine : l\u2019eau, le repos, l\u2019exercice physique, le soleil, l\u2019air, la nutrition, la temp\u00e9rance et la confiance en Dieu.<\/p>\n<p>Les clients du centre ont pu faire des tests m\u00e9dicaux, v\u00e9rifier leur poids, \u00e9couter des pr\u00e9sentations sur les bienfaits apport\u00e9s par des habitudes saines, recevoir des informations sur la nutrition, participer \u00e0 un concert Chr\u00e9tien, consulter de la litt\u00e9rature pr\u00e9sentant une vie meilleure, recevoir une copie du livre \u00ab Des Secrets qui Changeront Votre Vie \u00bb \u00e9crit par Mark Finley et Peter Landless, et bien plus encore.<\/p>\n<p>\u00ab Nous voulions entrer en contact avec des gens dans ce centre commercial en particulier afin de commencer \u00e0 \u00e9tudier la sant\u00e9 de la population gr\u00e2ce \u00e0 un sondage sp\u00e9cifique qui nous permettra d\u2019avoir plus d\u2019informations sur les personnes qui vivent dans l\u2019agglom\u00e9ration de Cartago, \u00bb a d\u00e9clar\u00e9 Franck Artavia, directeur des minist\u00e8res de la sant\u00e9 pour l\u2019\u00e9glise dans la r\u00e9gion du Centre Sud au Costa Rica et organisateur du programme.<\/p>\n<div id=\"attachment_16509\" style=\"width: 330px\" class=\"wp-caption alignleft\"><a href=\"\/interamerica\/wp-content\/uploads\/2017\/06\/CR-healthexpo-nutrition.png\" rel=\"fancybox\" title=\"Au Costa Rica, la plus importante expo sant\u00e9 touche le secteur de la classe moyenne sup\u00e9rieure\"><img decoding=\"async\" aria-describedby=\"caption-attachment-16509\" class=\" wp-image-16509 \" src=\"\/interamerica\/wp-content\/uploads\/2017\/06\/CR-healthexpo-nutrition.png\" alt=\"\" width=\"320\" height=\"229\" \/><\/a><p id=\"caption-attachment-16509\" class=\"wp-caption-text\">Les participants re\u00e7oivent des informations au sujet de la nutrition ad\u00e9quate \u00e0 l\u2019un des stands lors de l\u2019expo sant\u00e9. Image de Ronny Yax.<\/p><\/div>\n<p>Franck Artavia a indiqu\u00e9 qu\u2019il s\u2019agissait de la plus grande action d\u2019impact dans le domaine de la sant\u00e9 jamais men\u00e9e dans le pays et que cela servirait de rampe de lancement pour l\u2019engagement de la r\u00e9gion \u00e0 promouvoir un style de vie sain \u00e0 travers des expos sant\u00e9 au cours des mois \u00e0 venir, vu que l\u2019ob\u00e9sit\u00e9, l\u2019hypertension et le diab\u00e8te continuent d\u2019augmenter dans le pays.<\/p>\n<p>\u00ab C\u2019\u00e9tait une merveilleuse opportunit\u00e9 de voir de nombreuses personnes r\u00e9clamer la pri\u00e8re au stand de la confiance en Dieu que nous avions mis en place, \u00bb a dit Franck Artavia. \u00ab Nous avons d\u00fb en fait acheter des boites de mouchoirs parce qu\u2019\u00e9norm\u00e9ment de personnes sont venues avec leurs pr\u00e9occupations et leurs probl\u00e8mes cherchant le r\u00e9confort et la pri\u00e8re. \u00bb<\/p>\n<p>Gr\u00e2ce au leadership de Luis Diego Clare de l\u2019Institut Sanitaire Adventiste PATMOS Latam, plus de 100 membres d\u2019\u00e9glise form\u00e9s se sont port\u00e9s volontaires pour participer b\u00e9n\u00e9volement au programme qui a g\u00e9n\u00e9r\u00e9 plus d\u2019unit\u00e9 et de sens de la mission pour proclamer le message sanitaire et l\u2019esp\u00e9rance du salut, a dit Franck Artavia.<\/p>\n<p>\u00ab Plusieurs des personnes qui sont pass\u00e9es dans nos stands ont demand\u00e9 des \u00e9tudes bibliques et des visites, et donc nous sommes enthousiasm\u00e9s par l\u2019opportunit\u00e9 de transmettre ces contacts \u00e0 nos pasteurs locaux afin qu\u2019ils assurent le suivi, \u00bb a ajout\u00e9 Franck Artavia qui coordonne \u00e9galement des programmes d\u2019expos sant\u00e9 avec d\u2019autres f\u00e9d\u00e9rations r\u00e9gionales dans le pays.<\/p>\n<p>L\u2019Eglise Adventiste dans le territoire de l\u2019Union Centram\u00e9ricaine du Sud s\u2019est engag\u00e9e dans une dynamique de sant\u00e9 et d\u2019\u00e9vang\u00e9lisation, d\u2019apr\u00e8s ce qu\u2019indique pasteur Ricardo Marin, directeur des minist\u00e8res de la sant\u00e9 pour l\u2019union qui g\u00e8re l\u2019\u00e9glise au Costa Rica et au Nicaragua.<\/p>\n<div id=\"attachment_16507\" style=\"width: 330px\" class=\"wp-caption alignleft\"><a href=\"\/interamerica\/wp-content\/uploads\/2017\/06\/CR-masterkey400.png\" rel=\"fancybox\" title=\"Au Costa Rica, la plus importante expo sant\u00e9 touche le secteur de la classe moyenne sup\u00e9rieure\"><img loading=\"lazy\" decoding=\"async\" aria-describedby=\"caption-attachment-16507\" class=\"wp-image-16507 \" src=\"\/interamerica\/wp-content\/uploads\/2017\/06\/CR-masterkey400.png\" alt=\"\" width=\"320\" height=\"254\" \/><\/a><p id=\"caption-attachment-16507\" class=\"wp-caption-text\">Le groupe Adventiste Masterkey pr\u00e9sente un concert pendant l\u2019initiative d\u2019expo sant\u00e9. Image de Ronny Yax.<\/p><\/div>\n<p>\u00ab Nous avons travaill\u00e9 dur pour former les pasteurs, les dirigeants et les membres d\u2019\u00e9glise au cours de l\u2019ann\u00e9e \u00e9coul\u00e9e, \u00bb a dit Ricardo Marin. \u00ab Maintenant de plus en plus de programmes de ce genre am\u00e8nent davantage de connaissance et permettent d\u2019avoir des contacts auxquels nous pouvons donner suite. \u00bb<\/p>\n<p>Le programme qui a eu lieu au centre commercial Terra Mall \u00e9tait tr\u00e8s important \u00ab par rapport \u00e0 la classe moyenne sup\u00e9rieure qu\u2019il dessert, et les contacts avec la direction du centre a laiss\u00e9 les portes ouvertes pour d\u2019autres expos sant\u00e9 \u00e0 cet endroit, \u00bb a ajout\u00e9 pasteur Marin.<\/p>\n<p>Des expos sant\u00e9 ont d\u00e9j\u00e0 \u00e9t\u00e9 organis\u00e9es dans plusieurs centres commerciaux et dans des parcs \u00e0 travers le Costa Rica et le Nicaragua, indique encore pasteur Marin. Le plan est d\u2019organiser des activit\u00e9s d\u2019impact sanitaire plus importantes encore dans les villes plus grandes du Costa Rica et du Nicaragua.<\/p>\n<p>Le programme a \u00e9t\u00e9 couvert par la station de radio et la chaine de t\u00e9l\u00e9vision de l\u2019\u00e9glise.<\/p>\n<p>Des plans sont d\u00e9j\u00e0 \u00e9tablis pour toucher San Jose, la capitale du Costa Rica au cours des prochains mois, a dit Franck Artavia.<\/p>\n<p>Traduction: Patrick Luciathe<\/p>\n","protected":false},"excerpt":{"rendered":"<p>Les leaders de l\u2019Eglise Adventiste du Septi\u00e8me Jour sont heureux des r\u00e9sultats obtenus suite \u00e0 la plus importante expo sant\u00e9 organis\u00e9e dans un centre commercial hupp\u00e9 de Cartago au Costa Rica le weekend dernier. <\/p>\n<p>Le programme, organis\u00e9 au Centre Commercial Terra Mall, dans l\u2019une des plus grandes agglom\u00e9rations de Cartago, a vu la participation de plus de 300 personnes qui ont visit\u00e9 la douzaine de stands mis en place autour des huit rem\u00e8des naturels dont on a besoin pour vivre une vie plus saine : l\u2019eau, le repos, l\u2019exercice physique, le soleil, l\u2019air, la nutrition, la temp\u00e9rance et la confiance en Dieu.<\/p>\n","protected":false},"author":1,"featured_media":25081,"comment_status":"closed","ping_status":"closed","sticky":false,"template":"","format":"standard","meta":{"_acf_changed":false,"footnotes":""},"categories":[21,19],"tags":[],"class_list":["post-32245","post","type-post","status-publish","format-standard","has-post-thumbnail","hentry","category-nouvelles-du-territoire","category-rss-francais"],"acf":[],"yoast_head":"<!-- This site is optimized with the Yoast SEO plugin v27.3 - https:\/\/yoast.com\/product\/yoast-seo-wordpress\/ -->\n<title>Au Costa Rica, la plus importante expo sant\u00e9 touche le secteur de la classe moyenne sup\u00e9rieure - \u00c9glise Adventiste Du Septieme Jour - Inter Am\u00e9rique Division<\/title>\n<meta name=\"robots\" content=\"index, follow, max-snippet:-1, max-image-preview:large, max-video-preview:-1\" \/>\n<link rel=\"canonical\" href=\"https:\/\/interamerica.org\/fr\/2015\/04\/au-costa-rica-la-plus-importante-expo-sante-touche-le-secteur-de-la-classe-moyenne-superieure\/\" \/>\n<meta property=\"og:locale\" content=\"fr_FR\" \/>\n<meta property=\"og:type\" content=\"article\" \/>\n<meta property=\"og:title\" content=\"Au Costa Rica, la plus importante expo sant\u00e9 touche le secteur de la classe moyenne sup\u00e9rieure - \u00c9glise Adventiste Du Septieme Jour - Inter Am\u00e9rique Division\" \/>\n<meta property=\"og:description\" content=\"Les leaders de l\u2019Eglise Adventiste du Septi\u00e8me Jour sont heureux des r\u00e9sultats obtenus suite \u00e0 la plus importante expo sant\u00e9 organis\u00e9e dans un centre commercial hupp\u00e9 de Cartago au Costa Rica le weekend dernier.  Le programme, organis\u00e9 au Centre Commercial Terra Mall, dans l\u2019une des plus grandes agglom\u00e9rations de Cartago, a vu la participation de plus de 300 personnes qui ont visit\u00e9 la douzaine de stands mis en place autour des huit rem\u00e8des naturels dont on a besoin pour vivre une vie plus saine : l\u2019eau, le repos, l\u2019exercice physique, le soleil, l\u2019air, la nutrition, la temp\u00e9rance et la confiance en Dieu.\" \/>\n<meta property=\"og:url\" content=\"https:\/\/interamerica.org\/fr\/2015\/04\/au-costa-rica-la-plus-importante-expo-sante-touche-le-secteur-de-la-classe-moyenne-superieure\/\" \/>\n<meta property=\"og:site_name\" content=\"\u00c9glise Adventiste Du Septieme Jour - Inter Am\u00e9rique Division\" \/>\n<meta property=\"article:published_time\" content=\"2015-04-23T04:00:00+00:00\" \/>\n<meta property=\"og:image\" content=\"https:\/\/interamerica.org\/wp-content\/uploads\/2017\/06\/CR-expo300.png\" \/>\n\t<meta property=\"og:image:width\" content=\"300\" \/>\n\t<meta property=\"og:image:height\" content=\"225\" \/>\n\t<meta property=\"og:image:type\" content=\"image\/png\" \/>\n<meta name=\"author\" content=\"Lorenzo Verduzco\" \/>\n<meta name=\"twitter:card\" content=\"summary_large_image\" \/>\n<meta name=\"twitter:label1\" content=\"\u00c9crit par\" \/>\n\t<meta name=\"twitter:data1\" content=\"Lorenzo Verduzco\" \/>\n\t<meta name=\"twitter:label2\" content=\"Dur\u00e9e de lecture estim\u00e9e\" \/>\n\t<meta name=\"twitter:data2\" content=\"5 minutes\" \/>\n<script type=\"application\/ld+json\" class=\"yoast-schema-graph\">{\"@context\":\"https:\\\/\\\/schema.org\",\"@graph\":[{\"@type\":\"Article\",\"@id\":\"https:\\\/\\\/interamerica.org\\\/fr\\\/2015\\\/04\\\/au-costa-rica-la-plus-importante-expo-sante-touche-le-secteur-de-la-classe-moyenne-superieure\\\/#article\",\"isPartOf\":{\"@id\":\"https:\\\/\\\/interamerica.org\\\/fr\\\/2015\\\/04\\\/au-costa-rica-la-plus-importante-expo-sante-touche-le-secteur-de-la-classe-moyenne-superieure\\\/\"},\"author\":{\"name\":\"Lorenzo Verduzco\",\"@id\":\"https:\\\/\\\/interamerica.org\\\/fr\\\/#\\\/schema\\\/person\\\/68ede8bdc292885bb76c1e3810e73c39\"},\"headline\":\"Au Costa Rica, la plus importante expo sant\u00e9 touche le secteur de la classe moyenne sup\u00e9rieure\",\"datePublished\":\"2015-04-23T04:00:00+00:00\",\"mainEntityOfPage\":{\"@id\":\"https:\\\/\\\/interamerica.org\\\/fr\\\/2015\\\/04\\\/au-costa-rica-la-plus-importante-expo-sante-touche-le-secteur-de-la-classe-moyenne-superieure\\\/\"},\"wordCount\":994,\"image\":{\"@id\":\"https:\\\/\\\/interamerica.org\\\/fr\\\/2015\\\/04\\\/au-costa-rica-la-plus-importante-expo-sante-touche-le-secteur-de-la-classe-moyenne-superieure\\\/#primaryimage\"},\"thumbnailUrl\":\"https:\\\/\\\/interamerica.org\\\/wp-content\\\/uploads\\\/2017\\\/06\\\/CR-expo300.png\",\"articleSection\":[\"Nouvelles du territoire\",\"RSS Fran\u00e7ais\"],\"inLanguage\":\"fr-FR\"},{\"@type\":\"WebPage\",\"@id\":\"https:\\\/\\\/interamerica.org\\\/fr\\\/2015\\\/04\\\/au-costa-rica-la-plus-importante-expo-sante-touche-le-secteur-de-la-classe-moyenne-superieure\\\/\",\"url\":\"https:\\\/\\\/interamerica.org\\\/fr\\\/2015\\\/04\\\/au-costa-rica-la-plus-importante-expo-sante-touche-le-secteur-de-la-classe-moyenne-superieure\\\/\",\"name\":\"Au Costa Rica, la plus importante expo sant\u00e9 touche le secteur de la classe moyenne sup\u00e9rieure - \u00c9glise Adventiste Du Septieme Jour - Inter Am\u00e9rique Division\",\"isPartOf\":{\"@id\":\"https:\\\/\\\/interamerica.org\\\/fr\\\/#website\"},\"primaryImageOfPage\":{\"@id\":\"https:\\\/\\\/interamerica.org\\\/fr\\\/2015\\\/04\\\/au-costa-rica-la-plus-importante-expo-sante-touche-le-secteur-de-la-classe-moyenne-superieure\\\/#primaryimage\"},\"image\":{\"@id\":\"https:\\\/\\\/interamerica.org\\\/fr\\\/2015\\\/04\\\/au-costa-rica-la-plus-importante-expo-sante-touche-le-secteur-de-la-classe-moyenne-superieure\\\/#primaryimage\"},\"thumbnailUrl\":\"https:\\\/\\\/interamerica.org\\\/wp-content\\\/uploads\\\/2017\\\/06\\\/CR-expo300.png\",\"datePublished\":\"2015-04-23T04:00:00+00:00\",\"author\":{\"@id\":\"https:\\\/\\\/interamerica.org\\\/fr\\\/#\\\/schema\\\/person\\\/68ede8bdc292885bb76c1e3810e73c39\"},\"breadcrumb\":{\"@id\":\"https:\\\/\\\/interamerica.org\\\/fr\\\/2015\\\/04\\\/au-costa-rica-la-plus-importante-expo-sante-touche-le-secteur-de-la-classe-moyenne-superieure\\\/#breadcrumb\"},\"inLanguage\":\"fr-FR\",\"potentialAction\":[{\"@type\":\"ReadAction\",\"target\":[\"https:\\\/\\\/interamerica.org\\\/fr\\\/2015\\\/04\\\/au-costa-rica-la-plus-importante-expo-sante-touche-le-secteur-de-la-classe-moyenne-superieure\\\/\"]}]},{\"@type\":\"ImageObject\",\"inLanguage\":\"fr-FR\",\"@id\":\"https:\\\/\\\/interamerica.org\\\/fr\\\/2015\\\/04\\\/au-costa-rica-la-plus-importante-expo-sante-touche-le-secteur-de-la-classe-moyenne-superieure\\\/#primaryimage\",\"url\":\"https:\\\/\\\/interamerica.org\\\/wp-content\\\/uploads\\\/2017\\\/06\\\/CR-expo300.png\",\"contentUrl\":\"https:\\\/\\\/interamerica.org\\\/wp-content\\\/uploads\\\/2017\\\/06\\\/CR-expo300.png\",\"width\":300,\"height\":225},{\"@type\":\"BreadcrumbList\",\"@id\":\"https:\\\/\\\/interamerica.org\\\/fr\\\/2015\\\/04\\\/au-costa-rica-la-plus-importante-expo-sante-touche-le-secteur-de-la-classe-moyenne-superieure\\\/#breadcrumb\",\"itemListElement\":[{\"@type\":\"ListItem\",\"position\":1,\"name\":\"Home\",\"item\":\"https:\\\/\\\/interamerica.org\\\/fr\\\/\"},{\"@type\":\"ListItem\",\"position\":2,\"name\":\"Au Costa Rica, la plus importante expo sant\u00e9 touche le secteur de la classe moyenne sup\u00e9rieure\"}]},{\"@type\":\"WebSite\",\"@id\":\"https:\\\/\\\/interamerica.org\\\/fr\\\/#website\",\"url\":\"https:\\\/\\\/interamerica.org\\\/fr\\\/\",\"name\":\"\u00c9glise Adventiste Du Septieme Jour - Inter Am\u00e9rique Division\",\"description\":\"\",\"potentialAction\":[{\"@type\":\"SearchAction\",\"target\":{\"@type\":\"EntryPoint\",\"urlTemplate\":\"https:\\\/\\\/interamerica.org\\\/fr\\\/?s={search_term_string}\"},\"query-input\":{\"@type\":\"PropertyValueSpecification\",\"valueRequired\":true,\"valueName\":\"search_term_string\"}}],\"inLanguage\":\"fr-FR\"},{\"@type\":\"Person\",\"@id\":\"https:\\\/\\\/interamerica.org\\\/fr\\\/#\\\/schema\\\/person\\\/68ede8bdc292885bb76c1e3810e73c39\",\"name\":\"Lorenzo Verduzco\",\"image\":{\"@type\":\"ImageObject\",\"inLanguage\":\"fr-FR\",\"@id\":\"https:\\\/\\\/secure.gravatar.com\\\/avatar\\\/fb81a55b6218459490a9c1dc841a34909185b81904c5337b4b27f7a6fd60c49e?s=96&d=mm&r=g\",\"url\":\"https:\\\/\\\/secure.gravatar.com\\\/avatar\\\/fb81a55b6218459490a9c1dc841a34909185b81904c5337b4b27f7a6fd60c49e?s=96&d=mm&r=g\",\"contentUrl\":\"https:\\\/\\\/secure.gravatar.com\\\/avatar\\\/fb81a55b6218459490a9c1dc841a34909185b81904c5337b4b27f7a6fd60c49e?s=96&d=mm&r=g\",\"caption\":\"Lorenzo Verduzco\"}}]}<\/script>\n<!-- \/ Yoast SEO plugin. -->","yoast_head_json":{"title":"Au Costa Rica, la plus importante expo sant\u00e9 touche le secteur de la classe moyenne sup\u00e9rieure - \u00c9glise Adventiste Du Septieme Jour - Inter Am\u00e9rique Division","robots":{"index":"index","follow":"follow","max-snippet":"max-snippet:-1","max-image-preview":"max-image-preview:large","max-video-preview":"max-video-preview:-1"},"canonical":"https:\/\/interamerica.org\/fr\/2015\/04\/au-costa-rica-la-plus-importante-expo-sante-touche-le-secteur-de-la-classe-moyenne-superieure\/","og_locale":"fr_FR","og_type":"article","og_title":"Au Costa Rica, la plus importante expo sant\u00e9 touche le secteur de la classe moyenne sup\u00e9rieure - \u00c9glise Adventiste Du Septieme Jour - Inter Am\u00e9rique Division","og_description":"Les leaders de l\u2019Eglise Adventiste du Septi\u00e8me Jour sont heureux des r\u00e9sultats obtenus suite \u00e0 la plus importante expo sant\u00e9 organis\u00e9e dans un centre commercial hupp\u00e9 de Cartago au Costa Rica le weekend dernier.  Le programme, organis\u00e9 au Centre Commercial Terra Mall, dans l\u2019une des plus grandes agglom\u00e9rations de Cartago, a vu la participation de plus de 300 personnes qui ont visit\u00e9 la douzaine de stands mis en place autour des huit rem\u00e8des naturels dont on a besoin pour vivre une vie plus saine : l\u2019eau, le repos, l\u2019exercice physique, le soleil, l\u2019air, la nutrition, la temp\u00e9rance et la confiance en Dieu.","og_url":"https:\/\/interamerica.org\/fr\/2015\/04\/au-costa-rica-la-plus-importante-expo-sante-touche-le-secteur-de-la-classe-moyenne-superieure\/","og_site_name":"\u00c9glise Adventiste Du Septieme Jour - Inter Am\u00e9rique Division","article_published_time":"2015-04-23T04:00:00+00:00","og_image":[{"width":300,"height":225,"url":"https:\/\/interamerica.org\/wp-content\/uploads\/2017\/06\/CR-expo300.png","type":"image\/png"}],"author":"Lorenzo Verduzco","twitter_card":"summary_large_image","twitter_misc":{"\u00c9crit par":"Lorenzo Verduzco","Dur\u00e9e de lecture estim\u00e9e":"5 minutes"},"schema":{"@context":"https:\/\/schema.org","@graph":[{"@type":"Article","@id":"https:\/\/interamerica.org\/fr\/2015\/04\/au-costa-rica-la-plus-importante-expo-sante-touche-le-secteur-de-la-classe-moyenne-superieure\/#article","isPartOf":{"@id":"https:\/\/interamerica.org\/fr\/2015\/04\/au-costa-rica-la-plus-importante-expo-sante-touche-le-secteur-de-la-classe-moyenne-superieure\/"},"author":{"name":"Lorenzo Verduzco","@id":"https:\/\/interamerica.org\/fr\/#\/schema\/person\/68ede8bdc292885bb76c1e3810e73c39"},"headline":"Au Costa Rica, la plus importante expo sant\u00e9 touche le secteur de la classe moyenne sup\u00e9rieure","datePublished":"2015-04-23T04:00:00+00:00","mainEntityOfPage":{"@id":"https:\/\/interamerica.org\/fr\/2015\/04\/au-costa-rica-la-plus-importante-expo-sante-touche-le-secteur-de-la-classe-moyenne-superieure\/"},"wordCount":994,"image":{"@id":"https:\/\/interamerica.org\/fr\/2015\/04\/au-costa-rica-la-plus-importante-expo-sante-touche-le-secteur-de-la-classe-moyenne-superieure\/#primaryimage"},"thumbnailUrl":"https:\/\/interamerica.org\/wp-content\/uploads\/2017\/06\/CR-expo300.png","articleSection":["Nouvelles du territoire","RSS Fran\u00e7ais"],"inLanguage":"fr-FR"},{"@type":"WebPage","@id":"https:\/\/interamerica.org\/fr\/2015\/04\/au-costa-rica-la-plus-importante-expo-sante-touche-le-secteur-de-la-classe-moyenne-superieure\/","url":"https:\/\/interamerica.org\/fr\/2015\/04\/au-costa-rica-la-plus-importante-expo-sante-touche-le-secteur-de-la-classe-moyenne-superieure\/","name":"Au Costa Rica, la plus importante expo sant\u00e9 touche le secteur de la classe moyenne sup\u00e9rieure - \u00c9glise Adventiste Du Septieme Jour - Inter Am\u00e9rique Division","isPartOf":{"@id":"https:\/\/interamerica.org\/fr\/#website"},"primaryImageOfPage":{"@id":"https:\/\/interamerica.org\/fr\/2015\/04\/au-costa-rica-la-plus-importante-expo-sante-touche-le-secteur-de-la-classe-moyenne-superieure\/#primaryimage"},"image":{"@id":"https:\/\/interamerica.org\/fr\/2015\/04\/au-costa-rica-la-plus-importante-expo-sante-touche-le-secteur-de-la-classe-moyenne-superieure\/#primaryimage"},"thumbnailUrl":"https:\/\/interamerica.org\/wp-content\/uploads\/2017\/06\/CR-expo300.png","datePublished":"2015-04-23T04:00:00+00:00","author":{"@id":"https:\/\/interamerica.org\/fr\/#\/schema\/person\/68ede8bdc292885bb76c1e3810e73c39"},"breadcrumb":{"@id":"https:\/\/interamerica.org\/fr\/2015\/04\/au-costa-rica-la-plus-importante-expo-sante-touche-le-secteur-de-la-classe-moyenne-superieure\/#breadcrumb"},"inLanguage":"fr-FR","potentialAction":[{"@type":"ReadAction","target":["https:\/\/interamerica.org\/fr\/2015\/04\/au-costa-rica-la-plus-importante-expo-sante-touche-le-secteur-de-la-classe-moyenne-superieure\/"]}]},{"@type":"ImageObject","inLanguage":"fr-FR","@id":"https:\/\/interamerica.org\/fr\/2015\/04\/au-costa-rica-la-plus-importante-expo-sante-touche-le-secteur-de-la-classe-moyenne-superieure\/#primaryimage","url":"https:\/\/interamerica.org\/wp-content\/uploads\/2017\/06\/CR-expo300.png","contentUrl":"https:\/\/interamerica.org\/wp-content\/uploads\/2017\/06\/CR-expo300.png","width":300,"height":225},{"@type":"BreadcrumbList","@id":"https:\/\/interamerica.org\/fr\/2015\/04\/au-costa-rica-la-plus-importante-expo-sante-touche-le-secteur-de-la-classe-moyenne-superieure\/#breadcrumb","itemListElement":[{"@type":"ListItem","position":1,"name":"Home","item":"https:\/\/interamerica.org\/fr\/"},{"@type":"ListItem","position":2,"name":"Au Costa Rica, la plus importante expo sant\u00e9 touche le secteur de la classe moyenne sup\u00e9rieure"}]},{"@type":"WebSite","@id":"https:\/\/interamerica.org\/fr\/#website","url":"https:\/\/interamerica.org\/fr\/","name":"\u00c9glise Adventiste Du Septieme Jour - Inter Am\u00e9rique Division","description":"","potentialAction":[{"@type":"SearchAction","target":{"@type":"EntryPoint","urlTemplate":"https:\/\/interamerica.org\/fr\/?s={search_term_string}"},"query-input":{"@type":"PropertyValueSpecification","valueRequired":true,"valueName":"search_term_string"}}],"inLanguage":"fr-FR"},{"@type":"Person","@id":"https:\/\/interamerica.org\/fr\/#\/schema\/person\/68ede8bdc292885bb76c1e3810e73c39","name":"Lorenzo Verduzco","image":{"@type":"ImageObject","inLanguage":"fr-FR","@id":"https:\/\/secure.gravatar.com\/avatar\/fb81a55b6218459490a9c1dc841a34909185b81904c5337b4b27f7a6fd60c49e?s=96&d=mm&r=g","url":"https:\/\/secure.gravatar.com\/avatar\/fb81a55b6218459490a9c1dc841a34909185b81904c5337b4b27f7a6fd60c49e?s=96&d=mm&r=g","contentUrl":"https:\/\/secure.gravatar.com\/avatar\/fb81a55b6218459490a9c1dc841a34909185b81904c5337b4b27f7a6fd60c49e?s=96&d=mm&r=g","caption":"Lorenzo Verduzco"}}]}},"_links":{"self":[{"href":"https:\/\/interamerica.org\/fr\/wp-json\/wp\/v2\/posts\/32245","targetHints":{"allow":["GET"]}}],"collection":[{"href":"https:\/\/interamerica.org\/fr\/wp-json\/wp\/v2\/posts"}],"about":[{"href":"https:\/\/interamerica.org\/fr\/wp-json\/wp\/v2\/types\/post"}],"author":[{"embeddable":true,"href":"https:\/\/interamerica.org\/fr\/wp-json\/wp\/v2\/users\/1"}],"replies":[{"embeddable":true,"href":"https:\/\/interamerica.org\/fr\/wp-json\/wp\/v2\/comments?post=32245"}],"version-history":[{"count":0,"href":"https:\/\/interamerica.org\/fr\/wp-json\/wp\/v2\/posts\/32245\/revisions"}],"wp:featuredmedia":[{"embeddable":true,"href":"https:\/\/interamerica.org\/fr\/wp-json\/wp\/v2\/media\/25081"}],"wp:attachment":[{"href":"https:\/\/interamerica.org\/fr\/wp-json\/wp\/v2\/media?parent=32245"}],"wp:term":[{"taxonomy":"category","embeddable":true,"href":"https:\/\/interamerica.org\/fr\/wp-json\/wp\/v2\/categories?post=32245"},{"taxonomy":"post_tag","embeddable":true,"href":"https:\/\/interamerica.org\/fr\/wp-json\/wp\/v2\/tags?post=32245"}],"curies":[{"name":"wp","href":"https:\/\/api.w.org\/{rel}","templated":true}]}}